{"id":138190,"date":"2025-12-06T18:33:11","date_gmt":"2025-12-06T23:33:11","guid":{"rendered":"https:\/\/www.quebakan.com\/v15\/?p=138190"},"modified":"2025-12-06T18:33:11","modified_gmt":"2025-12-06T23:33:11","slug":"diciembre-en-policentro-talleres-navidenos-para-adultos-y-actividades-infantiles-cada-fin-de-semana","status":"publish","type":"post","link":"https:\/\/www.quebakan.com\/v15\/diciembre-en-policentro-talleres-navidenos-para-adultos-y-actividades-infantiles-cada-fin-de-semana\/","title":{"rendered":"Diciembre en Policentro: talleres navide\u00f1os para adultos y  actividades infantiles cada fin de semana"},"content":{"rendered":"<p style=\"text-align: justify;\"><span style=\"color: #000000;\">Policentro desarrolla una programaci\u00f3n especial que combina propuestas creativas <\/span><span style=\"color: #000000;\">para adultos y actividades tem\u00e1ticas dirigidas a ni\u00f1os. La agenda contempla <\/span><span style=\"color: #000000;\">jornadas manuales los jueves y din\u00e1micas familiares los fines de semana, en <\/span><span style=\"color: #000000;\">distintos espacios del centro comercial.<\/span><\/p>\n<p style=\"text-align: justify;\"><span style=\"color: #000000;\">Talleres para adultos: cada jueves a las 17h00<\/span><\/p>\n<p style=\"text-align: justify;\"><span style=\"color: #000000;\">Las sesiones para adultos se realizar\u00e1n todos <\/span><span style=\"color: #000000;\">los jueves, a las 17h00, en la planta alta junto <\/span><span style=\"color: #000000;\">a De Prati Caballeros. Cada actividad incluye <\/span><span style=\"color: #000000;\">materiales completos y los asistentes podr\u00e1n <\/span><span style=\"color: #000000;\">llevarse la pieza que elaboren.<\/span><\/p>\n<p style=\"text-align: justify;\"><span style=\"color: #000000;\">\u25cf Elaboraci\u00f3n de centro de mesa <\/span><span style=\"color: #000000;\">navide\u00f1o \u2013 4 de diciembre, 17h00 <\/span><br \/>\n<span style=\"color: #000000;\">\u25cf Pintura de cer\u00e1mica navide\u00f1a \u2013 11 de <\/span><span style=\"color: #000000;\">diciembre, 17h00 <\/span><br \/>\n<span style=\"color: #000000;\">Mec\u00e1nica: inscripci\u00f3n a trav\u00e9s de los puntos de canje con facturas acumulables <\/span><span style=\"color: #000000;\">superiores a $100. Cupos limitados.<\/span><\/p>\n<p style=\"text-align: justify;\">\n<strong><span style=\"color: #000000;\">Fines de semana infantiles en Gingerlandia <\/span><\/strong><br \/>\n<span style=\"color: #000000;\">Las <\/span><span style=\"color: #000000;\">actividades <\/span><span style=\"color: #000000;\">navide\u00f1as <\/span><span style=\"color: #000000;\">de <\/span><span style=\"color: #000000;\">Gingerlandia se realizar\u00e1n los d\u00edas <\/span><span style=\"color: #000000;\">viernes, s\u00e1bado y domingo, en horarios <\/span><span style=\"color: #000000;\">de 16h00 a 19h00, seg\u00fan la programaci\u00f3n <\/span><span style=\"color: #000000;\">de cada punto navide\u00f1o dentro del centro <\/span><span style=\"color: #000000;\">comercial. Tanto la actividad de coronita <\/span><span style=\"color: #000000;\">para el arbolito como la de campanita <\/span><span style=\"color: #000000;\">navide\u00f1a incluyen todos los materiales <\/span><span style=\"color: #000000;\">necesarios, y cada ni\u00f1o podr\u00e1 llevarse <\/span><span style=\"color: #000000;\">a casa la pieza que elabore como <\/span><span style=\"color: #000000;\">recuerdo de la temporada. El acceso se <\/span><span style=\"color: #000000;\">realizar\u00e1 mediante facturas acumulables <\/span><span style=\"color: #000000;\">superiores a $15.<\/span><\/p>\n<p style=\"text-align: justify;\"><span style=\"color: #000000;\">VIERNES 5, 12 y 19 de diciembre <\/span><br \/>\n<span style=\"color: #000000;\">\u25cf Mini corona y arbolito \u2013 Gingerlandia <\/span><br \/>\n<span style=\"color: #000000;\">&#x23f0;<\/span><span style=\"color: #000000;\">16h00 a 19h00<\/span><\/p>\n<p style=\"text-align: justify;\"><span style=\"color: #000000;\">S\u00c1BADOS 6, 13 y 20 de diciembre <\/span><br \/>\n<span style=\"color: #000000;\">\u25cf Carta a Pap\u00e1 Noel \u2013 Gingerlandia <\/span><br \/>\n<span style=\"color: #000000;\">&#x23f0;<\/span><span style=\"color: #000000;\">16h00 a 19h00<\/span><\/p>\n<p style=\"text-align: justify;\">\n<span style=\"color: #000000;\">DOMINGOS 7, 14 y 21 de diciembre <\/span><br \/>\n<span style=\"color: #000000;\">\u25cf Campanita de Navidad \u2013 Gingerlandia <\/span><br \/>\n<span style=\"color: #000000;\">&#x23f0;<\/span><span style=\"color: #000000;\">16h00 a 19h00<\/span><\/p>\n<p style=\"text-align: justify;\">\n<strong><span style=\"color: #000000;\">Narraciones y encuentros navide\u00f1os en spots <\/span><span style=\"color: #000000;\">tem\u00e1ticos <\/span><\/strong><br \/>\n<span style=\"color: #000000;\">Cuentos con Mam\u00e1 Noel <\/span><br \/>\n<span style=\"color: #000000;\">Mam\u00e1 Noel contar\u00e1 encantadores cuentos <\/span><span style=\"color: #000000;\">navide\u00f1os a los ni\u00f1os los viernes 5, 12 y 19 de <\/span><span style=\"color: #000000;\">diciembre, de 16h00 a 18h00, junto a la plazoleta de <\/span><span style=\"color: #000000;\">Baskin Robbins. <\/span><span style=\"color: #000000;\">Pap\u00e1 Noel regresa a Policentro para compartir un dulce y entra\u00f1able momento con <\/span><span style=\"color: #000000;\">grandes y peque\u00f1os, brindando la oportunidad de capturar un recuerdo lleno de <\/span><span style=\"color: #000000;\">magia navide\u00f1a. <\/span><br \/>\n<span style=\"color: #000000;\">\u25cf S\u00e1bados 6, 13 y 20 y domingos 7, 14 y 21 de diciembre \u2013 16h00 a 19h00 <\/span><br \/>\n<span style=\"color: #000000;\">\u25cf Mi\u00e9rcoles 24 de diciembre \u2013 15h00 a 18h00 <\/span><br \/>\n<span style=\"color: #000000;\">Ubicaci\u00f3n: junto a la plazoleta de El D\u00f3lar. <\/span><br \/>\n<span style=\"color: #000000;\">Mec\u00e1nica: participaci\u00f3n mediante facturas acumulables superiores a $15. <\/span><br \/>\n<span style=\"color: #000000;\">Con el apoyo de K\u00f3nica, cada visitante recibir\u00e1 una fotograf\u00eda impresa gratuita para<\/span><span style=\"color: #000000;\">llevarse a casa un recuerdo especial.<\/span><\/p>\n<p><img fetchpriority=\"high\" decoding=\"async\" class=\"aligncenter size-full wp-image-138191\" src=\"https:\/\/www.quebakan.com\/v15\/wp-content\/uploads\/2025\/12\/POLICENTRO-TALLERES-NAVIDENOS-2025-1.jpg\" alt=\"\" width=\"700\" height=\"700\" srcset=\"https:\/\/www.quebakan.com\/v15\/wp-content\/uploads\/2025\/12\/POLICENTRO-TALLERES-NAVIDENOS-2025-1.jpg 700w, https:\/\/www.quebakan.com\/v15\/wp-content\/uploads\/2025\/12\/POLICENTRO-TALLERES-NAVIDENOS-2025-1-300x300.jpg 300w, https:\/\/www.quebakan.com\/v15\/wp-content\/uploads\/2025\/12\/POLICENTRO-TALLERES-NAVIDENOS-2025-1-75x75.jpg 75w\" sizes=\"(max-width: 700px) 100vw, 700px\" \/><\/p>\n<p>&nbsp;<\/p>\n<p><img decoding=\"async\" class=\"aligncenter size-full wp-image-138192\" src=\"https:\/\/www.quebakan.com\/v15\/wp-content\/uploads\/2025\/12\/POLICENTRO-TALLERES-NAVIDENOS-2025-2.jpg\" alt=\"\" width=\"700\" height=\"525\" \/><\/p>\n<p>&nbsp;<\/p>\n<p><img decoding=\"async\" class=\"aligncenter size-full wp-image-138193\" src=\"https:\/\/www.quebakan.com\/v15\/wp-content\/uploads\/2025\/12\/TALLERES-NAVIDENOS-CRONOGRAMA-POLICENTRO.jpg\" alt=\"\" width=\"269\" height=\"715\" \/><\/p>\n","protected":false},"excerpt":{"rendered":"<p>Policentro desarrolla una programaci\u00f3n especial que combina propuestas creativas para adultos y actividades tem\u00e1ticas dirigidas a ni\u00f1os. La agenda contempla jornadas manuales los jueves y din\u00e1micas familiares los fines de semana, en distintos espacios del centro comercial. Talleres para adultos: cada jueves a las 17h00 Las sesiones para adultos se realizar\u00e1n todos los jueves, a [&hellip;]<\/p>\n","protected":false},"author":4,"featured_media":138191,"comment_status":"closed","ping_status":"closed","sticky":false,"template":"","format":"standard","meta":{"_bbp_topic_count":0,"_bbp_reply_count":0,"_bbp_total_topic_count":0,"_bbp_total_reply_count":0,"_bbp_voice_count":0,"_bbp_anonymous_reply_count":0,"_bbp_topic_count_hidden":0,"_bbp_reply_count_hidden":0,"_bbp_forum_subforum_count":0,"buzzeditor_post_format":"","footnotes":""},"categories":[2],"tags":[],"class_list":["post-138190","post","type-post","status-publish","format-standard","has-post-thumbnail","hentry","category-noticias"],"yoast_head":"<!-- This site is optimized with the Yoast SEO plugin v27.5 - https:\/\/yoast.com\/product\/yoast-seo-wordpress\/ -->\n<title>Diciembre en Policentro: talleres navide\u00f1os para adultos y actividades infantiles cada fin de semana &#8211; QUEBAKAN.COM 2026: Noticias, Eventos, Conciertos y mucho m\u00e1s....<\/title>\n<meta name=\"robots\" content=\"index, follow, max-snippet:-1, max-image-preview:large, max-video-preview:-1\" \/>\n<link rel=\"canonical\" href=\"https:\/\/www.quebakan.com\/v15\/diciembre-en-policentro-talleres-navidenos-para-adultos-y-actividades-infantiles-cada-fin-de-semana\/\" \/>\n<meta property=\"og:locale\" content=\"es_ES\" \/>\n<meta property=\"og:type\" content=\"article\" \/>\n<meta property=\"og:title\" content=\"Diciembre en Policentro: talleres navide\u00f1os para adultos y actividades infantiles cada fin de semana &#8211; QUEBAKAN.COM 2026: Noticias, Eventos, Conciertos y mucho m\u00e1s....\" \/>\n<meta property=\"og:description\" content=\"Policentro desarrolla una programaci\u00f3n especial que combina propuestas creativas para adultos y actividades tem\u00e1ticas dirigidas a ni\u00f1os. La agenda contempla jornadas manuales los jueves y din\u00e1micas familiares los fines de semana, en distintos espacios del centro comercial. Talleres para adultos: cada jueves a las 17h00 Las sesiones para adultos se realizar\u00e1n todos los jueves, a [&hellip;]\" \/>\n<meta property=\"og:url\" content=\"https:\/\/www.quebakan.com\/v15\/diciembre-en-policentro-talleres-navidenos-para-adultos-y-actividades-infantiles-cada-fin-de-semana\/\" \/>\n<meta property=\"og:site_name\" content=\"QUEBAKAN.COM 2026: Noticias, Eventos, Conciertos y mucho m\u00e1s....\" \/>\n<meta property=\"article:publisher\" content=\"http:\/\/www.facebook.com\/quebakan\" \/>\n<meta property=\"article:published_time\" content=\"2025-12-06T23:33:11+00:00\" \/>\n<meta property=\"og:image\" content=\"https:\/\/www.quebakan.com\/v15\/wp-content\/uploads\/2025\/12\/POLICENTRO-TALLERES-NAVIDENOS-2025-1.jpg\" \/>\n\t<meta property=\"og:image:width\" content=\"700\" \/>\n\t<meta property=\"og:image:height\" content=\"700\" \/>\n\t<meta property=\"og:image:type\" content=\"image\/jpeg\" \/>\n<meta name=\"author\" content=\"Erick Villafuerte\" \/>\n<meta name=\"twitter:card\" content=\"summary_large_image\" \/>\n<meta name=\"twitter:creator\" content=\"@quebakanec\" \/>\n<meta name=\"twitter:site\" content=\"@quebakanec\" \/>\n<meta name=\"twitter:label1\" content=\"Escrito por\" \/>\n\t<meta name=\"twitter:data1\" content=\"Erick Villafuerte\" \/>\n\t<meta name=\"twitter:label2\" content=\"Tiempo de lectura\" \/>\n\t<meta name=\"twitter:data2\" content=\"3 minutos\" \/>\n<script type=\"application\/ld+json\" class=\"yoast-schema-graph\">{\"@context\":\"https:\\\/\\\/schema.org\",\"@graph\":[{\"@type\":\"Article\",\"@id\":\"https:\\\/\\\/www.quebakan.com\\\/v15\\\/diciembre-en-policentro-talleres-navidenos-para-adultos-y-actividades-infantiles-cada-fin-de-semana\\\/#article\",\"isPartOf\":{\"@id\":\"https:\\\/\\\/www.quebakan.com\\\/v15\\\/diciembre-en-policentro-talleres-navidenos-para-adultos-y-actividades-infantiles-cada-fin-de-semana\\\/\"},\"author\":{\"name\":\"Erick Villafuerte\",\"@id\":\"https:\\\/\\\/www.quebakan.com\\\/v15\\\/#\\\/schema\\\/person\\\/d90fa9f9cfa81eb8ace9811e5b7b9118\"},\"headline\":\"Diciembre en Policentro: talleres navide\u00f1os para adultos y actividades infantiles cada fin de semana\",\"datePublished\":\"2025-12-06T23:33:11+00:00\",\"mainEntityOfPage\":{\"@id\":\"https:\\\/\\\/www.quebakan.com\\\/v15\\\/diciembre-en-policentro-talleres-navidenos-para-adultos-y-actividades-infantiles-cada-fin-de-semana\\\/\"},\"wordCount\":400,\"publisher\":{\"@id\":\"https:\\\/\\\/www.quebakan.com\\\/v15\\\/#organization\"},\"image\":{\"@id\":\"https:\\\/\\\/www.quebakan.com\\\/v15\\\/diciembre-en-policentro-talleres-navidenos-para-adultos-y-actividades-infantiles-cada-fin-de-semana\\\/#primaryimage\"},\"thumbnailUrl\":\"https:\\\/\\\/www.quebakan.com\\\/v15\\\/wp-content\\\/uploads\\\/2025\\\/12\\\/POLICENTRO-TALLERES-NAVIDENOS-2025-1.jpg\",\"articleSection\":[\"Noticias\"],\"inLanguage\":\"es\"},{\"@type\":\"WebPage\",\"@id\":\"https:\\\/\\\/www.quebakan.com\\\/v15\\\/diciembre-en-policentro-talleres-navidenos-para-adultos-y-actividades-infantiles-cada-fin-de-semana\\\/\",\"url\":\"https:\\\/\\\/www.quebakan.com\\\/v15\\\/diciembre-en-policentro-talleres-navidenos-para-adultos-y-actividades-infantiles-cada-fin-de-semana\\\/\",\"name\":\"Diciembre en Policentro: talleres navide\u00f1os para adultos y actividades infantiles cada fin de semana &#8211; QUEBAKAN.COM 2026: Noticias, Eventos, Conciertos y mucho m\u00e1s....\",\"isPartOf\":{\"@id\":\"https:\\\/\\\/www.quebakan.com\\\/v15\\\/#website\"},\"primaryImageOfPage\":{\"@id\":\"https:\\\/\\\/www.quebakan.com\\\/v15\\\/diciembre-en-policentro-talleres-navidenos-para-adultos-y-actividades-infantiles-cada-fin-de-semana\\\/#primaryimage\"},\"image\":{\"@id\":\"https:\\\/\\\/www.quebakan.com\\\/v15\\\/diciembre-en-policentro-talleres-navidenos-para-adultos-y-actividades-infantiles-cada-fin-de-semana\\\/#primaryimage\"},\"thumbnailUrl\":\"https:\\\/\\\/www.quebakan.com\\\/v15\\\/wp-content\\\/uploads\\\/2025\\\/12\\\/POLICENTRO-TALLERES-NAVIDENOS-2025-1.jpg\",\"datePublished\":\"2025-12-06T23:33:11+00:00\",\"breadcrumb\":{\"@id\":\"https:\\\/\\\/www.quebakan.com\\\/v15\\\/diciembre-en-policentro-talleres-navidenos-para-adultos-y-actividades-infantiles-cada-fin-de-semana\\\/#breadcrumb\"},\"inLanguage\":\"es\",\"potentialAction\":[{\"@type\":\"ReadAction\",\"target\":[\"https:\\\/\\\/www.quebakan.com\\\/v15\\\/diciembre-en-policentro-talleres-navidenos-para-adultos-y-actividades-infantiles-cada-fin-de-semana\\\/\"]}]},{\"@type\":\"ImageObject\",\"inLanguage\":\"es\",\"@id\":\"https:\\\/\\\/www.quebakan.com\\\/v15\\\/diciembre-en-policentro-talleres-navidenos-para-adultos-y-actividades-infantiles-cada-fin-de-semana\\\/#primaryimage\",\"url\":\"https:\\\/\\\/www.quebakan.com\\\/v15\\\/wp-content\\\/uploads\\\/2025\\\/12\\\/POLICENTRO-TALLERES-NAVIDENOS-2025-1.jpg\",\"contentUrl\":\"https:\\\/\\\/www.quebakan.com\\\/v15\\\/wp-content\\\/uploads\\\/2025\\\/12\\\/POLICENTRO-TALLERES-NAVIDENOS-2025-1.jpg\",\"width\":700,\"height\":700},{\"@type\":\"BreadcrumbList\",\"@id\":\"https:\\\/\\\/www.quebakan.com\\\/v15\\\/diciembre-en-policentro-talleres-navidenos-para-adultos-y-actividades-infantiles-cada-fin-de-semana\\\/#breadcrumb\",\"itemListElement\":[{\"@type\":\"ListItem\",\"position\":1,\"name\":\"Portada\",\"item\":\"https:\\\/\\\/www.quebakan.com\\\/v15\\\/\"},{\"@type\":\"ListItem\",\"position\":2,\"name\":\"Diciembre en Policentro: talleres navide\u00f1os para adultos y actividades infantiles cada fin de semana\"}]},{\"@type\":\"WebSite\",\"@id\":\"https:\\\/\\\/www.quebakan.com\\\/v15\\\/#website\",\"url\":\"https:\\\/\\\/www.quebakan.com\\\/v15\\\/\",\"name\":\"QUEBAKAN\",\"description\":\"..\",\"publisher\":{\"@id\":\"https:\\\/\\\/www.quebakan.com\\\/v15\\\/#organization\"},\"potentialAction\":[{\"@type\":\"SearchAction\",\"target\":{\"@type\":\"EntryPoint\",\"urlTemplate\":\"https:\\\/\\\/www.quebakan.com\\\/v15\\\/?s={search_term_string}\"},\"query-input\":{\"@type\":\"PropertyValueSpecification\",\"valueRequired\":true,\"valueName\":\"search_term_string\"}}],\"inLanguage\":\"es\"},{\"@type\":\"Organization\",\"@id\":\"https:\\\/\\\/www.quebakan.com\\\/v15\\\/#organization\",\"name\":\"Quebakan.com\",\"url\":\"https:\\\/\\\/www.quebakan.com\\\/v15\\\/\",\"logo\":{\"@type\":\"ImageObject\",\"inLanguage\":\"es\",\"@id\":\"https:\\\/\\\/www.quebakan.com\\\/v15\\\/#\\\/schema\\\/logo\\\/image\\\/\",\"url\":\"https:\\\/\\\/www.quebakan.com\\\/v15\\\/wp-content\\\/uploads\\\/2023\\\/07\\\/logoquebakanenero2021.jpg\",\"contentUrl\":\"https:\\\/\\\/www.quebakan.com\\\/v15\\\/wp-content\\\/uploads\\\/2023\\\/07\\\/logoquebakanenero2021.jpg\",\"width\":1920,\"height\":1080,\"caption\":\"Quebakan.com\"},\"image\":{\"@id\":\"https:\\\/\\\/www.quebakan.com\\\/v15\\\/#\\\/schema\\\/logo\\\/image\\\/\"},\"sameAs\":[\"http:\\\/\\\/www.facebook.com\\\/quebakan\",\"https:\\\/\\\/x.com\\\/quebakanec\",\"http:\\\/\\\/www.instagram.com\\\/quebakan\",\"http:\\\/\\\/www.youtube.com\\\/quebakan1\"]},{\"@type\":\"Person\",\"@id\":\"https:\\\/\\\/www.quebakan.com\\\/v15\\\/#\\\/schema\\\/person\\\/d90fa9f9cfa81eb8ace9811e5b7b9118\",\"name\":\"Erick Villafuerte\",\"image\":{\"@type\":\"ImageObject\",\"inLanguage\":\"es\",\"@id\":\"https:\\\/\\\/www.quebakan.com\\\/v15\\\/wp-content\\\/uploads\\\/avatars\\\/4\\\/1731297654-bpfull.png\",\"url\":\"https:\\\/\\\/www.quebakan.com\\\/v15\\\/wp-content\\\/uploads\\\/avatars\\\/4\\\/1731297654-bpfull.png\",\"contentUrl\":\"https:\\\/\\\/www.quebakan.com\\\/v15\\\/wp-content\\\/uploads\\\/avatars\\\/4\\\/1731297654-bpfull.png\",\"caption\":\"Erick Villafuerte\"}}]}<\/script>\n<!-- \/ Yoast SEO plugin. -->","yoast_head_json":{"title":"Diciembre en Policentro: talleres navide\u00f1os para adultos y actividades infantiles cada fin de semana &#8211; QUEBAKAN.COM 2026: Noticias, Eventos, Conciertos y mucho m\u00e1s....","robots":{"index":"index","follow":"follow","max-snippet":"max-snippet:-1","max-image-preview":"max-image-preview:large","max-video-preview":"max-video-preview:-1"},"canonical":"https:\/\/www.quebakan.com\/v15\/diciembre-en-policentro-talleres-navidenos-para-adultos-y-actividades-infantiles-cada-fin-de-semana\/","og_locale":"es_ES","og_type":"article","og_title":"Diciembre en Policentro: talleres navide\u00f1os para adultos y actividades infantiles cada fin de semana &#8211; QUEBAKAN.COM 2026: Noticias, Eventos, Conciertos y mucho m\u00e1s....","og_description":"Policentro desarrolla una programaci\u00f3n especial que combina propuestas creativas para adultos y actividades tem\u00e1ticas dirigidas a ni\u00f1os. La agenda contempla jornadas manuales los jueves y din\u00e1micas familiares los fines de semana, en distintos espacios del centro comercial. Talleres para adultos: cada jueves a las 17h00 Las sesiones para adultos se realizar\u00e1n todos los jueves, a [&hellip;]","og_url":"https:\/\/www.quebakan.com\/v15\/diciembre-en-policentro-talleres-navidenos-para-adultos-y-actividades-infantiles-cada-fin-de-semana\/","og_site_name":"QUEBAKAN.COM 2026: Noticias, Eventos, Conciertos y mucho m\u00e1s....","article_publisher":"http:\/\/www.facebook.com\/quebakan","article_published_time":"2025-12-06T23:33:11+00:00","og_image":[{"width":700,"height":700,"url":"https:\/\/www.quebakan.com\/v15\/wp-content\/uploads\/2025\/12\/POLICENTRO-TALLERES-NAVIDENOS-2025-1.jpg","type":"image\/jpeg"}],"author":"Erick Villafuerte","twitter_card":"summary_large_image","twitter_creator":"@quebakanec","twitter_site":"@quebakanec","twitter_misc":{"Escrito por":"Erick Villafuerte","Tiempo de lectura":"3 minutos"},"schema":{"@context":"https:\/\/schema.org","@graph":[{"@type":"Article","@id":"https:\/\/www.quebakan.com\/v15\/diciembre-en-policentro-talleres-navidenos-para-adultos-y-actividades-infantiles-cada-fin-de-semana\/#article","isPartOf":{"@id":"https:\/\/www.quebakan.com\/v15\/diciembre-en-policentro-talleres-navidenos-para-adultos-y-actividades-infantiles-cada-fin-de-semana\/"},"author":{"name":"Erick Villafuerte","@id":"https:\/\/www.quebakan.com\/v15\/#\/schema\/person\/d90fa9f9cfa81eb8ace9811e5b7b9118"},"headline":"Diciembre en Policentro: talleres navide\u00f1os para adultos y actividades infantiles cada fin de semana","datePublished":"2025-12-06T23:33:11+00:00","mainEntityOfPage":{"@id":"https:\/\/www.quebakan.com\/v15\/diciembre-en-policentro-talleres-navidenos-para-adultos-y-actividades-infantiles-cada-fin-de-semana\/"},"wordCount":400,"publisher":{"@id":"https:\/\/www.quebakan.com\/v15\/#organization"},"image":{"@id":"https:\/\/www.quebakan.com\/v15\/diciembre-en-policentro-talleres-navidenos-para-adultos-y-actividades-infantiles-cada-fin-de-semana\/#primaryimage"},"thumbnailUrl":"https:\/\/www.quebakan.com\/v15\/wp-content\/uploads\/2025\/12\/POLICENTRO-TALLERES-NAVIDENOS-2025-1.jpg","articleSection":["Noticias"],"inLanguage":"es"},{"@type":"WebPage","@id":"https:\/\/www.quebakan.com\/v15\/diciembre-en-policentro-talleres-navidenos-para-adultos-y-actividades-infantiles-cada-fin-de-semana\/","url":"https:\/\/www.quebakan.com\/v15\/diciembre-en-policentro-talleres-navidenos-para-adultos-y-actividades-infantiles-cada-fin-de-semana\/","name":"Diciembre en Policentro: talleres navide\u00f1os para adultos y actividades infantiles cada fin de semana &#8211; QUEBAKAN.COM 2026: Noticias, Eventos, Conciertos y mucho m\u00e1s....","isPartOf":{"@id":"https:\/\/www.quebakan.com\/v15\/#website"},"primaryImageOfPage":{"@id":"https:\/\/www.quebakan.com\/v15\/diciembre-en-policentro-talleres-navidenos-para-adultos-y-actividades-infantiles-cada-fin-de-semana\/#primaryimage"},"image":{"@id":"https:\/\/www.quebakan.com\/v15\/diciembre-en-policentro-talleres-navidenos-para-adultos-y-actividades-infantiles-cada-fin-de-semana\/#primaryimage"},"thumbnailUrl":"https:\/\/www.quebakan.com\/v15\/wp-content\/uploads\/2025\/12\/POLICENTRO-TALLERES-NAVIDENOS-2025-1.jpg","datePublished":"2025-12-06T23:33:11+00:00","breadcrumb":{"@id":"https:\/\/www.quebakan.com\/v15\/diciembre-en-policentro-talleres-navidenos-para-adultos-y-actividades-infantiles-cada-fin-de-semana\/#breadcrumb"},"inLanguage":"es","potentialAction":[{"@type":"ReadAction","target":["https:\/\/www.quebakan.com\/v15\/diciembre-en-policentro-talleres-navidenos-para-adultos-y-actividades-infantiles-cada-fin-de-semana\/"]}]},{"@type":"ImageObject","inLanguage":"es","@id":"https:\/\/www.quebakan.com\/v15\/diciembre-en-policentro-talleres-navidenos-para-adultos-y-actividades-infantiles-cada-fin-de-semana\/#primaryimage","url":"https:\/\/www.quebakan.com\/v15\/wp-content\/uploads\/2025\/12\/POLICENTRO-TALLERES-NAVIDENOS-2025-1.jpg","contentUrl":"https:\/\/www.quebakan.com\/v15\/wp-content\/uploads\/2025\/12\/POLICENTRO-TALLERES-NAVIDENOS-2025-1.jpg","width":700,"height":700},{"@type":"BreadcrumbList","@id":"https:\/\/www.quebakan.com\/v15\/diciembre-en-policentro-talleres-navidenos-para-adultos-y-actividades-infantiles-cada-fin-de-semana\/#breadcrumb","itemListElement":[{"@type":"ListItem","position":1,"name":"Portada","item":"https:\/\/www.quebakan.com\/v15\/"},{"@type":"ListItem","position":2,"name":"Diciembre en Policentro: talleres navide\u00f1os para adultos y actividades infantiles cada fin de semana"}]},{"@type":"WebSite","@id":"https:\/\/www.quebakan.com\/v15\/#website","url":"https:\/\/www.quebakan.com\/v15\/","name":"QUEBAKAN","description":"..","publisher":{"@id":"https:\/\/www.quebakan.com\/v15\/#organization"},"potentialAction":[{"@type":"SearchAction","target":{"@type":"EntryPoint","urlTemplate":"https:\/\/www.quebakan.com\/v15\/?s={search_term_string}"},"query-input":{"@type":"PropertyValueSpecification","valueRequired":true,"valueName":"search_term_string"}}],"inLanguage":"es"},{"@type":"Organization","@id":"https:\/\/www.quebakan.com\/v15\/#organization","name":"Quebakan.com","url":"https:\/\/www.quebakan.com\/v15\/","logo":{"@type":"ImageObject","inLanguage":"es","@id":"https:\/\/www.quebakan.com\/v15\/#\/schema\/logo\/image\/","url":"https:\/\/www.quebakan.com\/v15\/wp-content\/uploads\/2023\/07\/logoquebakanenero2021.jpg","contentUrl":"https:\/\/www.quebakan.com\/v15\/wp-content\/uploads\/2023\/07\/logoquebakanenero2021.jpg","width":1920,"height":1080,"caption":"Quebakan.com"},"image":{"@id":"https:\/\/www.quebakan.com\/v15\/#\/schema\/logo\/image\/"},"sameAs":["http:\/\/www.facebook.com\/quebakan","https:\/\/x.com\/quebakanec","http:\/\/www.instagram.com\/quebakan","http:\/\/www.youtube.com\/quebakan1"]},{"@type":"Person","@id":"https:\/\/www.quebakan.com\/v15\/#\/schema\/person\/d90fa9f9cfa81eb8ace9811e5b7b9118","name":"Erick Villafuerte","image":{"@type":"ImageObject","inLanguage":"es","@id":"https:\/\/www.quebakan.com\/v15\/wp-content\/uploads\/avatars\/4\/1731297654-bpfull.png","url":"https:\/\/www.quebakan.com\/v15\/wp-content\/uploads\/avatars\/4\/1731297654-bpfull.png","contentUrl":"https:\/\/www.quebakan.com\/v15\/wp-content\/uploads\/avatars\/4\/1731297654-bpfull.png","caption":"Erick Villafuerte"}}]}},"_links":{"self":[{"href":"https:\/\/www.quebakan.com\/v15\/wp-json\/wp\/v2\/posts\/138190","targetHints":{"allow":["GET"]}}],"collection":[{"href":"https:\/\/www.quebakan.com\/v15\/wp-json\/wp\/v2\/posts"}],"about":[{"href":"https:\/\/www.quebakan.com\/v15\/wp-json\/wp\/v2\/types\/post"}],"author":[{"embeddable":true,"href":"https:\/\/www.quebakan.com\/v15\/wp-json\/wp\/v2\/users\/4"}],"replies":[{"embeddable":true,"href":"https:\/\/www.quebakan.com\/v15\/wp-json\/wp\/v2\/comments?post=138190"}],"version-history":[{"count":1,"href":"https:\/\/www.quebakan.com\/v15\/wp-json\/wp\/v2\/posts\/138190\/revisions"}],"predecessor-version":[{"id":138194,"href":"https:\/\/www.quebakan.com\/v15\/wp-json\/wp\/v2\/posts\/138190\/revisions\/138194"}],"wp:featuredmedia":[{"embeddable":true,"href":"https:\/\/www.quebakan.com\/v15\/wp-json\/wp\/v2\/media\/138191"}],"wp:attachment":[{"href":"https:\/\/www.quebakan.com\/v15\/wp-json\/wp\/v2\/media?parent=138190"}],"wp:term":[{"taxonomy":"category","embeddable":true,"href":"https:\/\/www.quebakan.com\/v15\/wp-json\/wp\/v2\/categories?post=138190"},{"taxonomy":"post_tag","embeddable":true,"href":"https:\/\/www.quebakan.com\/v15\/wp-json\/wp\/v2\/tags?post=138190"}],"curies":[{"name":"wp","href":"https:\/\/api.w.org\/{rel}","templated":true}]}}