{"id":138196,"date":"2025-12-06T23:08:49","date_gmt":"2025-12-07T04:08:49","guid":{"rendered":"https:\/\/www.quebakan.com\/v15\/?p=138196"},"modified":"2025-12-06T23:08:49","modified_gmt":"2025-12-07T04:08:49","slug":"almacenes-tia-lleva-la-chocolatia-a-73-000-ninos-e-ilumina-18-arboles-navidenos-en-el-pais","status":"publish","type":"post","link":"https:\/\/www.quebakan.com\/v15\/almacenes-tia-lleva-la-chocolatia-a-73-000-ninos-e-ilumina-18-arboles-navidenos-en-el-pais\/","title":{"rendered":"Almacenes T\u00eda lleva la \u00abChocolat\u00eda\u00bb a 73.000 Ni\u00f1os e ilumina 18 \u00e1rboles navide\u00f1os en el pa\u00eds."},"content":{"rendered":"<p><img fetchpriority=\"high\" decoding=\"async\" class=\"aligncenter size-full wp-image-138197\" src=\"https:\/\/www.quebakan.com\/v15\/wp-content\/uploads\/2025\/12\/fotos-tia-monte-sinai_1.3.jpg\" alt=\"\" width=\"402\" height=\"715\" \/><\/p>\n<p style=\"text-align: justify;\"><span style=\"color: #000000;\"><strong>Guayaquil, 6 de diciembre de 2025:<\/strong> Almacenes T\u00eda nuevamente despleg\u00f3 su programa anual navide\u00f1o de Responsabilidad Social Empresarial, reafirmando su compromiso con las comunidades a nivel nacional a trav\u00e9s de dos grandes iniciativas: la tradicional \u00abChocolat\u00eda Navide\u00f1a\u00bb y la simb\u00f3lica \u00abEncendida de \u00c1rboles\u00bb.<\/span><\/p>\n<p style=\"text-align: justify;\"><span style=\"color: #000000;\">La Chocolat\u00eda Navide\u00f1a 2025 se consolid\u00f3 como la actividad social de mayor alcance, llevando un mensaje de alegr\u00eda, solidaridad y esperanza a m\u00e1s de 73.000 ni\u00f1os de instituciones educativas del sistema fiscal de todo el pa\u00eds y de comunidades aleda\u00f1as a los locales T\u00eda. Gracias a la labor coordinada de los equipos de colaboradores voluntarios de T\u00eda, se logr\u00f3 desplegar la log\u00edstica necesaria para compartir leches chocolatadas, galletas, golosinas y s\u00e1nduches, y que el \u00abEfecto T\u00eda\u00bb transformara miles de sonrisas durante el inicio de la temporada navide\u00f1a.<\/span><\/p>\n<p style=\"text-align: justify;\"><span style=\"color: #000000;\">Paralelamente, la compa\u00f1\u00eda ilumin\u00f3 el esp\u00edritu navide\u00f1o de 18 comunidades con las Encendidas de \u00c1rboles, convirtiendo a los locales de T\u00eda en verdaderos puntos de encuentro social y de esparcimiento para toda la familia. Las celebraciones se llevaron a cabo en 18 puntos estrat\u00e9gicos, fortaleciendo el v\u00ednculo con los vecinos. En estos eventos los ni\u00f1os concursaron y bailaron al son de la navidad para ganarse fabulosos premios como nintendo switch, bicicletas, ordenes de compra, tablets y mucho m\u00e1s.<\/span><\/p>\n<p style=\"text-align: justify;\"><span style=\"color: #000000;\">Entre las comunidades que disfrutaron de esta tradici\u00f3n se encuentran:<\/span><\/p>\n<ul style=\"text-align: justify;\">\n<li><span style=\"color: #000000;\"><strong>Costa:<\/strong> Mi Lote, Playas, Mucho Lote 2, Milagro Pradera, Bucay, Posorja, Monta\u00f1ita, Monte Sina\u00ed, Plaza T\u00eda El Camino, El Tr\u00e9bol (Mapasingue Oeste) y V\u00eda a la Costa.<\/span><\/li>\n<li><span style=\"color: #000000;\"><strong>Quito:<\/strong> Carapungo, Sangolqu\u00ed, Tumbaco, Solanda, Machachi, La Luz y River Mall.<\/span><\/li>\n<\/ul>\n<p style=\"text-align: justify;\"><span style=\"color: #000000;\"><em>\u00abLa Navidad es la \u00e9poca que mejor refleja nuestro prop\u00f3sito de mejorar la calidad de vida de las comunidades. Lograr llegar a 73.000 ni\u00f1os es un testimonio del compromiso de nuestros m\u00e1s de 9.000 colaboradores. Cada \u00e1rbol encendido y cada sonrisa en la Chocolat\u00eda es la mejor forma de agradecer la confianza que el Ecuador deposita en nosotros por elegirnos como su supermercado de confianza\u00bb<\/em> se\u00f1al\u00f3, Gabriela Castro, L\u00edder de Asuntos Corporativos, Responsabilidad Social y Sostenibilidad de T\u00eda.<\/span><\/p>\n<p style=\"text-align: justify;\"><span style=\"color: #000000;\"><em>\u201cLa jornada de la Chocolat\u00eda Navide\u00f1a 2025 en Monte Sina\u00ed que Almacenes T\u00eda realiz\u00f3 fue una experiencia verdaderamente inolvidable. El impacto va mucho m\u00e1s all\u00e1 de la entrega de juguetes; es un acto de solidaridad que refuerza el esp\u00edritu comunitario en esta \u00e9poca tan especial.<\/em><\/span><\/p>\n<p style=\"text-align: justify;\"><span style=\"color: #000000;\"><em>Ver la alegr\u00eda genuina en los rostros de los ni\u00f1os al recibir el cari\u00f1o de los colaboradores voluntarios de esta cadena de supermercados, junto con la leche chocolatada, \u00a0alimentos y las\u00a0 <\/em><em>golosinas, nos llena de esperanza. Agradecemos profundamente a Almacenes T\u00eda por tomarnos en cuenta en su programa y por demostrar, una vez m\u00e1s, que la Responsabilidad Social Empresarial forma parte de su ADN y que nunca han olvidado a sus comunidades. <\/em>Enfatiz\u00f3, Jenny Coime, Directora de la Fundaci\u00f3n Mar\u00eda Montessori.<\/span><\/p>\n<p style=\"text-align: justify;\"><span style=\"color: #000000;\">Con estas actividades, Almacenes T\u00eda no solo cierra un a\u00f1o de gesti\u00f3n comercial, sino que consolida su trayectoria como un actor clave en el desarrollo social y econ\u00f3mico del pa\u00eds, reafirmando su promesa de valor y su profunda conexi\u00f3n con cada comunidad donde opera.<\/span><\/p>\n<p><img decoding=\"async\" class=\"aligncenter size-full wp-image-138198\" src=\"https:\/\/www.quebakan.com\/v15\/wp-content\/uploads\/2025\/12\/fotos-tia-monte-sinai_1.22.1.jpg\" alt=\"\" width=\"394\" height=\"700\" \/><\/p>\n<p>&nbsp;<\/p>\n<p><img decoding=\"async\" class=\"aligncenter size-full wp-image-138199\" src=\"https:\/\/www.quebakan.com\/v15\/wp-content\/uploads\/2025\/12\/fotos-tia-monte-sinai_1.28.1.jpg\" alt=\"\" width=\"394\" height=\"700\" \/><\/p>\n<p>&nbsp;<\/p>\n<p><img loading=\"lazy\" decoding=\"async\" class=\"aligncenter size-full wp-image-138200\" src=\"https:\/\/www.quebakan.com\/v15\/wp-content\/uploads\/2025\/12\/fotos-tia-monte-sinai_1.49.1.jpg\" alt=\"\" width=\"394\" height=\"700\" \/><\/p>\n<p>&nbsp;<\/p>\n<p><img loading=\"lazy\" decoding=\"async\" class=\"aligncenter size-full wp-image-138201\" src=\"https:\/\/www.quebakan.com\/v15\/wp-content\/uploads\/2025\/12\/23343.jpg\" alt=\"\" width=\"700\" height=\"315\" \/><\/p>\n<p>&nbsp;<\/p>\n<p><img loading=\"lazy\" decoding=\"async\" class=\"aligncenter size-full wp-image-138202\" src=\"https:\/\/www.quebakan.com\/v15\/wp-content\/uploads\/2025\/12\/225253.jpg\" alt=\"\" width=\"700\" height=\"525\" \/><\/p>\n<p>&nbsp;<\/p>\n<p><img loading=\"lazy\" decoding=\"async\" class=\"aligncenter size-full wp-image-138203\" src=\"https:\/\/www.quebakan.com\/v15\/wp-content\/uploads\/2025\/12\/0007556.jpg\" alt=\"\" width=\"700\" height=\"525\" \/><\/p>\n","protected":false},"excerpt":{"rendered":"<p>Guayaquil, 6 de diciembre de 2025: Almacenes T\u00eda nuevamente despleg\u00f3 su programa anual navide\u00f1o de Responsabilidad Social Empresarial, reafirmando su compromiso con las comunidades a nivel nacional a trav\u00e9s de dos grandes iniciativas: la tradicional \u00abChocolat\u00eda Navide\u00f1a\u00bb y la simb\u00f3lica \u00abEncendida de \u00c1rboles\u00bb. La Chocolat\u00eda Navide\u00f1a 2025 se consolid\u00f3 como la actividad social de mayor [&hellip;]<\/p>\n","protected":false},"author":4,"featured_media":138197,"comment_status":"closed","ping_status":"closed","sticky":false,"template":"","format":"standard","meta":{"_bbp_topic_count":0,"_bbp_reply_count":0,"_bbp_total_topic_count":0,"_bbp_total_reply_count":0,"_bbp_voice_count":0,"_bbp_anonymous_reply_count":0,"_bbp_topic_count_hidden":0,"_bbp_reply_count_hidden":0,"_bbp_forum_subforum_count":0,"buzzeditor_post_format":"","footnotes":""},"categories":[2],"tags":[],"class_list":["post-138196","post","type-post","status-publish","format-standard","has-post-thumbnail","hentry","category-noticias"],"yoast_head":"<!-- This site is optimized with the Yoast SEO plugin v27.5 - https:\/\/yoast.com\/product\/yoast-seo-wordpress\/ -->\n<title>Almacenes T\u00eda lleva la &quot;Chocolat\u00eda&quot; a 73.000 Ni\u00f1os e ilumina 18 \u00e1rboles navide\u00f1os en el pa\u00eds. &#8211; QUEBAKAN.COM 2026: Noticias, Eventos, Conciertos y mucho m\u00e1s....<\/title>\n<meta name=\"robots\" content=\"index, follow, max-snippet:-1, max-image-preview:large, max-video-preview:-1\" \/>\n<link rel=\"canonical\" href=\"https:\/\/www.quebakan.com\/v15\/almacenes-tia-lleva-la-chocolatia-a-73-000-ninos-e-ilumina-18-arboles-navidenos-en-el-pais\/\" \/>\n<meta property=\"og:locale\" content=\"es_ES\" \/>\n<meta property=\"og:type\" content=\"article\" \/>\n<meta property=\"og:title\" content=\"Almacenes T\u00eda lleva la &quot;Chocolat\u00eda&quot; a 73.000 Ni\u00f1os e ilumina 18 \u00e1rboles navide\u00f1os en el pa\u00eds. &#8211; QUEBAKAN.COM 2026: Noticias, Eventos, Conciertos y mucho m\u00e1s....\" \/>\n<meta property=\"og:description\" content=\"Guayaquil, 6 de diciembre de 2025: Almacenes T\u00eda nuevamente despleg\u00f3 su programa anual navide\u00f1o de Responsabilidad Social Empresarial, reafirmando su compromiso con las comunidades a nivel nacional a trav\u00e9s de dos grandes iniciativas: la tradicional \u00abChocolat\u00eda Navide\u00f1a\u00bb y la simb\u00f3lica \u00abEncendida de \u00c1rboles\u00bb. La Chocolat\u00eda Navide\u00f1a 2025 se consolid\u00f3 como la actividad social de mayor [&hellip;]\" \/>\n<meta property=\"og:url\" content=\"https:\/\/www.quebakan.com\/v15\/almacenes-tia-lleva-la-chocolatia-a-73-000-ninos-e-ilumina-18-arboles-navidenos-en-el-pais\/\" \/>\n<meta property=\"og:site_name\" content=\"QUEBAKAN.COM 2026: Noticias, Eventos, Conciertos y mucho m\u00e1s....\" \/>\n<meta property=\"article:publisher\" content=\"http:\/\/www.facebook.com\/quebakan\" \/>\n<meta property=\"article:published_time\" content=\"2025-12-07T04:08:49+00:00\" \/>\n<meta property=\"og:image\" content=\"https:\/\/www.quebakan.com\/v15\/wp-content\/uploads\/2025\/12\/fotos-tia-monte-sinai_1.3.jpg\" \/>\n\t<meta property=\"og:image:width\" content=\"402\" \/>\n\t<meta property=\"og:image:height\" content=\"715\" \/>\n\t<meta property=\"og:image:type\" content=\"image\/jpeg\" \/>\n<meta name=\"author\" content=\"Erick Villafuerte\" \/>\n<meta name=\"twitter:card\" content=\"summary_large_image\" \/>\n<meta name=\"twitter:creator\" content=\"@quebakanec\" \/>\n<meta name=\"twitter:site\" content=\"@quebakanec\" \/>\n<meta name=\"twitter:label1\" content=\"Escrito por\" \/>\n\t<meta name=\"twitter:data1\" content=\"Erick Villafuerte\" \/>\n\t<meta name=\"twitter:label2\" content=\"Tiempo de lectura\" \/>\n\t<meta name=\"twitter:data2\" content=\"4 minutos\" \/>\n<script type=\"application\/ld+json\" class=\"yoast-schema-graph\">{\"@context\":\"https:\\\/\\\/schema.org\",\"@graph\":[{\"@type\":\"Article\",\"@id\":\"https:\\\/\\\/www.quebakan.com\\\/v15\\\/almacenes-tia-lleva-la-chocolatia-a-73-000-ninos-e-ilumina-18-arboles-navidenos-en-el-pais\\\/#article\",\"isPartOf\":{\"@id\":\"https:\\\/\\\/www.quebakan.com\\\/v15\\\/almacenes-tia-lleva-la-chocolatia-a-73-000-ninos-e-ilumina-18-arboles-navidenos-en-el-pais\\\/\"},\"author\":{\"name\":\"Erick Villafuerte\",\"@id\":\"https:\\\/\\\/www.quebakan.com\\\/v15\\\/#\\\/schema\\\/person\\\/d90fa9f9cfa81eb8ace9811e5b7b9118\"},\"headline\":\"Almacenes T\u00eda lleva la \u00abChocolat\u00eda\u00bb a 73.000 Ni\u00f1os e ilumina 18 \u00e1rboles navide\u00f1os en el pa\u00eds.\",\"datePublished\":\"2025-12-07T04:08:49+00:00\",\"mainEntityOfPage\":{\"@id\":\"https:\\\/\\\/www.quebakan.com\\\/v15\\\/almacenes-tia-lleva-la-chocolatia-a-73-000-ninos-e-ilumina-18-arboles-navidenos-en-el-pais\\\/\"},\"wordCount\":575,\"publisher\":{\"@id\":\"https:\\\/\\\/www.quebakan.com\\\/v15\\\/#organization\"},\"image\":{\"@id\":\"https:\\\/\\\/www.quebakan.com\\\/v15\\\/almacenes-tia-lleva-la-chocolatia-a-73-000-ninos-e-ilumina-18-arboles-navidenos-en-el-pais\\\/#primaryimage\"},\"thumbnailUrl\":\"https:\\\/\\\/www.quebakan.com\\\/v15\\\/wp-content\\\/uploads\\\/2025\\\/12\\\/fotos-tia-monte-sinai_1.3.jpg\",\"articleSection\":[\"Noticias\"],\"inLanguage\":\"es\"},{\"@type\":\"WebPage\",\"@id\":\"https:\\\/\\\/www.quebakan.com\\\/v15\\\/almacenes-tia-lleva-la-chocolatia-a-73-000-ninos-e-ilumina-18-arboles-navidenos-en-el-pais\\\/\",\"url\":\"https:\\\/\\\/www.quebakan.com\\\/v15\\\/almacenes-tia-lleva-la-chocolatia-a-73-000-ninos-e-ilumina-18-arboles-navidenos-en-el-pais\\\/\",\"name\":\"Almacenes T\u00eda lleva la \\\"Chocolat\u00eda\\\" a 73.000 Ni\u00f1os e ilumina 18 \u00e1rboles navide\u00f1os en el pa\u00eds. &#8211; QUEBAKAN.COM 2026: Noticias, Eventos, Conciertos y mucho m\u00e1s....\",\"isPartOf\":{\"@id\":\"https:\\\/\\\/www.quebakan.com\\\/v15\\\/#website\"},\"primaryImageOfPage\":{\"@id\":\"https:\\\/\\\/www.quebakan.com\\\/v15\\\/almacenes-tia-lleva-la-chocolatia-a-73-000-ninos-e-ilumina-18-arboles-navidenos-en-el-pais\\\/#primaryimage\"},\"image\":{\"@id\":\"https:\\\/\\\/www.quebakan.com\\\/v15\\\/almacenes-tia-lleva-la-chocolatia-a-73-000-ninos-e-ilumina-18-arboles-navidenos-en-el-pais\\\/#primaryimage\"},\"thumbnailUrl\":\"https:\\\/\\\/www.quebakan.com\\\/v15\\\/wp-content\\\/uploads\\\/2025\\\/12\\\/fotos-tia-monte-sinai_1.3.jpg\",\"datePublished\":\"2025-12-07T04:08:49+00:00\",\"breadcrumb\":{\"@id\":\"https:\\\/\\\/www.quebakan.com\\\/v15\\\/almacenes-tia-lleva-la-chocolatia-a-73-000-ninos-e-ilumina-18-arboles-navidenos-en-el-pais\\\/#breadcrumb\"},\"inLanguage\":\"es\",\"potentialAction\":[{\"@type\":\"ReadAction\",\"target\":[\"https:\\\/\\\/www.quebakan.com\\\/v15\\\/almacenes-tia-lleva-la-chocolatia-a-73-000-ninos-e-ilumina-18-arboles-navidenos-en-el-pais\\\/\"]}]},{\"@type\":\"ImageObject\",\"inLanguage\":\"es\",\"@id\":\"https:\\\/\\\/www.quebakan.com\\\/v15\\\/almacenes-tia-lleva-la-chocolatia-a-73-000-ninos-e-ilumina-18-arboles-navidenos-en-el-pais\\\/#primaryimage\",\"url\":\"https:\\\/\\\/www.quebakan.com\\\/v15\\\/wp-content\\\/uploads\\\/2025\\\/12\\\/fotos-tia-monte-sinai_1.3.jpg\",\"contentUrl\":\"https:\\\/\\\/www.quebakan.com\\\/v15\\\/wp-content\\\/uploads\\\/2025\\\/12\\\/fotos-tia-monte-sinai_1.3.jpg\",\"width\":402,\"height\":715},{\"@type\":\"BreadcrumbList\",\"@id\":\"https:\\\/\\\/www.quebakan.com\\\/v15\\\/almacenes-tia-lleva-la-chocolatia-a-73-000-ninos-e-ilumina-18-arboles-navidenos-en-el-pais\\\/#breadcrumb\",\"itemListElement\":[{\"@type\":\"ListItem\",\"position\":1,\"name\":\"Portada\",\"item\":\"https:\\\/\\\/www.quebakan.com\\\/v15\\\/\"},{\"@type\":\"ListItem\",\"position\":2,\"name\":\"Almacenes T\u00eda lleva la \u00abChocolat\u00eda\u00bb a 73.000 Ni\u00f1os e ilumina 18 \u00e1rboles navide\u00f1os en el pa\u00eds.\"}]},{\"@type\":\"WebSite\",\"@id\":\"https:\\\/\\\/www.quebakan.com\\\/v15\\\/#website\",\"url\":\"https:\\\/\\\/www.quebakan.com\\\/v15\\\/\",\"name\":\"QUEBAKAN\",\"description\":\"..\",\"publisher\":{\"@id\":\"https:\\\/\\\/www.quebakan.com\\\/v15\\\/#organization\"},\"potentialAction\":[{\"@type\":\"SearchAction\",\"target\":{\"@type\":\"EntryPoint\",\"urlTemplate\":\"https:\\\/\\\/www.quebakan.com\\\/v15\\\/?s={search_term_string}\"},\"query-input\":{\"@type\":\"PropertyValueSpecification\",\"valueRequired\":true,\"valueName\":\"search_term_string\"}}],\"inLanguage\":\"es\"},{\"@type\":\"Organization\",\"@id\":\"https:\\\/\\\/www.quebakan.com\\\/v15\\\/#organization\",\"name\":\"Quebakan.com\",\"url\":\"https:\\\/\\\/www.quebakan.com\\\/v15\\\/\",\"logo\":{\"@type\":\"ImageObject\",\"inLanguage\":\"es\",\"@id\":\"https:\\\/\\\/www.quebakan.com\\\/v15\\\/#\\\/schema\\\/logo\\\/image\\\/\",\"url\":\"https:\\\/\\\/www.quebakan.com\\\/v15\\\/wp-content\\\/uploads\\\/2023\\\/07\\\/logoquebakanenero2021.jpg\",\"contentUrl\":\"https:\\\/\\\/www.quebakan.com\\\/v15\\\/wp-content\\\/uploads\\\/2023\\\/07\\\/logoquebakanenero2021.jpg\",\"width\":1920,\"height\":1080,\"caption\":\"Quebakan.com\"},\"image\":{\"@id\":\"https:\\\/\\\/www.quebakan.com\\\/v15\\\/#\\\/schema\\\/logo\\\/image\\\/\"},\"sameAs\":[\"http:\\\/\\\/www.facebook.com\\\/quebakan\",\"https:\\\/\\\/x.com\\\/quebakanec\",\"http:\\\/\\\/www.instagram.com\\\/quebakan\",\"http:\\\/\\\/www.youtube.com\\\/quebakan1\"]},{\"@type\":\"Person\",\"@id\":\"https:\\\/\\\/www.quebakan.com\\\/v15\\\/#\\\/schema\\\/person\\\/d90fa9f9cfa81eb8ace9811e5b7b9118\",\"name\":\"Erick Villafuerte\",\"image\":{\"@type\":\"ImageObject\",\"inLanguage\":\"es\",\"@id\":\"https:\\\/\\\/www.quebakan.com\\\/v15\\\/wp-content\\\/uploads\\\/avatars\\\/4\\\/1731297654-bpfull.png\",\"url\":\"https:\\\/\\\/www.quebakan.com\\\/v15\\\/wp-content\\\/uploads\\\/avatars\\\/4\\\/1731297654-bpfull.png\",\"contentUrl\":\"https:\\\/\\\/www.quebakan.com\\\/v15\\\/wp-content\\\/uploads\\\/avatars\\\/4\\\/1731297654-bpfull.png\",\"caption\":\"Erick Villafuerte\"}}]}<\/script>\n<!-- \/ Yoast SEO plugin. -->","yoast_head_json":{"title":"Almacenes T\u00eda lleva la \"Chocolat\u00eda\" a 73.000 Ni\u00f1os e ilumina 18 \u00e1rboles navide\u00f1os en el pa\u00eds. &#8211; QUEBAKAN.COM 2026: Noticias, Eventos, Conciertos y mucho m\u00e1s....","robots":{"index":"index","follow":"follow","max-snippet":"max-snippet:-1","max-image-preview":"max-image-preview:large","max-video-preview":"max-video-preview:-1"},"canonical":"https:\/\/www.quebakan.com\/v15\/almacenes-tia-lleva-la-chocolatia-a-73-000-ninos-e-ilumina-18-arboles-navidenos-en-el-pais\/","og_locale":"es_ES","og_type":"article","og_title":"Almacenes T\u00eda lleva la \"Chocolat\u00eda\" a 73.000 Ni\u00f1os e ilumina 18 \u00e1rboles navide\u00f1os en el pa\u00eds. &#8211; QUEBAKAN.COM 2026: Noticias, Eventos, Conciertos y mucho m\u00e1s....","og_description":"Guayaquil, 6 de diciembre de 2025: Almacenes T\u00eda nuevamente despleg\u00f3 su programa anual navide\u00f1o de Responsabilidad Social Empresarial, reafirmando su compromiso con las comunidades a nivel nacional a trav\u00e9s de dos grandes iniciativas: la tradicional \u00abChocolat\u00eda Navide\u00f1a\u00bb y la simb\u00f3lica \u00abEncendida de \u00c1rboles\u00bb. La Chocolat\u00eda Navide\u00f1a 2025 se consolid\u00f3 como la actividad social de mayor [&hellip;]","og_url":"https:\/\/www.quebakan.com\/v15\/almacenes-tia-lleva-la-chocolatia-a-73-000-ninos-e-ilumina-18-arboles-navidenos-en-el-pais\/","og_site_name":"QUEBAKAN.COM 2026: Noticias, Eventos, Conciertos y mucho m\u00e1s....","article_publisher":"http:\/\/www.facebook.com\/quebakan","article_published_time":"2025-12-07T04:08:49+00:00","og_image":[{"width":402,"height":715,"url":"https:\/\/www.quebakan.com\/v15\/wp-content\/uploads\/2025\/12\/fotos-tia-monte-sinai_1.3.jpg","type":"image\/jpeg"}],"author":"Erick Villafuerte","twitter_card":"summary_large_image","twitter_creator":"@quebakanec","twitter_site":"@quebakanec","twitter_misc":{"Escrito por":"Erick Villafuerte","Tiempo de lectura":"4 minutos"},"schema":{"@context":"https:\/\/schema.org","@graph":[{"@type":"Article","@id":"https:\/\/www.quebakan.com\/v15\/almacenes-tia-lleva-la-chocolatia-a-73-000-ninos-e-ilumina-18-arboles-navidenos-en-el-pais\/#article","isPartOf":{"@id":"https:\/\/www.quebakan.com\/v15\/almacenes-tia-lleva-la-chocolatia-a-73-000-ninos-e-ilumina-18-arboles-navidenos-en-el-pais\/"},"author":{"name":"Erick Villafuerte","@id":"https:\/\/www.quebakan.com\/v15\/#\/schema\/person\/d90fa9f9cfa81eb8ace9811e5b7b9118"},"headline":"Almacenes T\u00eda lleva la \u00abChocolat\u00eda\u00bb a 73.000 Ni\u00f1os e ilumina 18 \u00e1rboles navide\u00f1os en el pa\u00eds.","datePublished":"2025-12-07T04:08:49+00:00","mainEntityOfPage":{"@id":"https:\/\/www.quebakan.com\/v15\/almacenes-tia-lleva-la-chocolatia-a-73-000-ninos-e-ilumina-18-arboles-navidenos-en-el-pais\/"},"wordCount":575,"publisher":{"@id":"https:\/\/www.quebakan.com\/v15\/#organization"},"image":{"@id":"https:\/\/www.quebakan.com\/v15\/almacenes-tia-lleva-la-chocolatia-a-73-000-ninos-e-ilumina-18-arboles-navidenos-en-el-pais\/#primaryimage"},"thumbnailUrl":"https:\/\/www.quebakan.com\/v15\/wp-content\/uploads\/2025\/12\/fotos-tia-monte-sinai_1.3.jpg","articleSection":["Noticias"],"inLanguage":"es"},{"@type":"WebPage","@id":"https:\/\/www.quebakan.com\/v15\/almacenes-tia-lleva-la-chocolatia-a-73-000-ninos-e-ilumina-18-arboles-navidenos-en-el-pais\/","url":"https:\/\/www.quebakan.com\/v15\/almacenes-tia-lleva-la-chocolatia-a-73-000-ninos-e-ilumina-18-arboles-navidenos-en-el-pais\/","name":"Almacenes T\u00eda lleva la \"Chocolat\u00eda\" a 73.000 Ni\u00f1os e ilumina 18 \u00e1rboles navide\u00f1os en el pa\u00eds. &#8211; QUEBAKAN.COM 2026: Noticias, Eventos, Conciertos y mucho m\u00e1s....","isPartOf":{"@id":"https:\/\/www.quebakan.com\/v15\/#website"},"primaryImageOfPage":{"@id":"https:\/\/www.quebakan.com\/v15\/almacenes-tia-lleva-la-chocolatia-a-73-000-ninos-e-ilumina-18-arboles-navidenos-en-el-pais\/#primaryimage"},"image":{"@id":"https:\/\/www.quebakan.com\/v15\/almacenes-tia-lleva-la-chocolatia-a-73-000-ninos-e-ilumina-18-arboles-navidenos-en-el-pais\/#primaryimage"},"thumbnailUrl":"https:\/\/www.quebakan.com\/v15\/wp-content\/uploads\/2025\/12\/fotos-tia-monte-sinai_1.3.jpg","datePublished":"2025-12-07T04:08:49+00:00","breadcrumb":{"@id":"https:\/\/www.quebakan.com\/v15\/almacenes-tia-lleva-la-chocolatia-a-73-000-ninos-e-ilumina-18-arboles-navidenos-en-el-pais\/#breadcrumb"},"inLanguage":"es","potentialAction":[{"@type":"ReadAction","target":["https:\/\/www.quebakan.com\/v15\/almacenes-tia-lleva-la-chocolatia-a-73-000-ninos-e-ilumina-18-arboles-navidenos-en-el-pais\/"]}]},{"@type":"ImageObject","inLanguage":"es","@id":"https:\/\/www.quebakan.com\/v15\/almacenes-tia-lleva-la-chocolatia-a-73-000-ninos-e-ilumina-18-arboles-navidenos-en-el-pais\/#primaryimage","url":"https:\/\/www.quebakan.com\/v15\/wp-content\/uploads\/2025\/12\/fotos-tia-monte-sinai_1.3.jpg","contentUrl":"https:\/\/www.quebakan.com\/v15\/wp-content\/uploads\/2025\/12\/fotos-tia-monte-sinai_1.3.jpg","width":402,"height":715},{"@type":"BreadcrumbList","@id":"https:\/\/www.quebakan.com\/v15\/almacenes-tia-lleva-la-chocolatia-a-73-000-ninos-e-ilumina-18-arboles-navidenos-en-el-pais\/#breadcrumb","itemListElement":[{"@type":"ListItem","position":1,"name":"Portada","item":"https:\/\/www.quebakan.com\/v15\/"},{"@type":"ListItem","position":2,"name":"Almacenes T\u00eda lleva la \u00abChocolat\u00eda\u00bb a 73.000 Ni\u00f1os e ilumina 18 \u00e1rboles navide\u00f1os en el pa\u00eds."}]},{"@type":"WebSite","@id":"https:\/\/www.quebakan.com\/v15\/#website","url":"https:\/\/www.quebakan.com\/v15\/","name":"QUEBAKAN","description":"..","publisher":{"@id":"https:\/\/www.quebakan.com\/v15\/#organization"},"potentialAction":[{"@type":"SearchAction","target":{"@type":"EntryPoint","urlTemplate":"https:\/\/www.quebakan.com\/v15\/?s={search_term_string}"},"query-input":{"@type":"PropertyValueSpecification","valueRequired":true,"valueName":"search_term_string"}}],"inLanguage":"es"},{"@type":"Organization","@id":"https:\/\/www.quebakan.com\/v15\/#organization","name":"Quebakan.com","url":"https:\/\/www.quebakan.com\/v15\/","logo":{"@type":"ImageObject","inLanguage":"es","@id":"https:\/\/www.quebakan.com\/v15\/#\/schema\/logo\/image\/","url":"https:\/\/www.quebakan.com\/v15\/wp-content\/uploads\/2023\/07\/logoquebakanenero2021.jpg","contentUrl":"https:\/\/www.quebakan.com\/v15\/wp-content\/uploads\/2023\/07\/logoquebakanenero2021.jpg","width":1920,"height":1080,"caption":"Quebakan.com"},"image":{"@id":"https:\/\/www.quebakan.com\/v15\/#\/schema\/logo\/image\/"},"sameAs":["http:\/\/www.facebook.com\/quebakan","https:\/\/x.com\/quebakanec","http:\/\/www.instagram.com\/quebakan","http:\/\/www.youtube.com\/quebakan1"]},{"@type":"Person","@id":"https:\/\/www.quebakan.com\/v15\/#\/schema\/person\/d90fa9f9cfa81eb8ace9811e5b7b9118","name":"Erick Villafuerte","image":{"@type":"ImageObject","inLanguage":"es","@id":"https:\/\/www.quebakan.com\/v15\/wp-content\/uploads\/avatars\/4\/1731297654-bpfull.png","url":"https:\/\/www.quebakan.com\/v15\/wp-content\/uploads\/avatars\/4\/1731297654-bpfull.png","contentUrl":"https:\/\/www.quebakan.com\/v15\/wp-content\/uploads\/avatars\/4\/1731297654-bpfull.png","caption":"Erick Villafuerte"}}]}},"_links":{"self":[{"href":"https:\/\/www.quebakan.com\/v15\/wp-json\/wp\/v2\/posts\/138196","targetHints":{"allow":["GET"]}}],"collection":[{"href":"https:\/\/www.quebakan.com\/v15\/wp-json\/wp\/v2\/posts"}],"about":[{"href":"https:\/\/www.quebakan.com\/v15\/wp-json\/wp\/v2\/types\/post"}],"author":[{"embeddable":true,"href":"https:\/\/www.quebakan.com\/v15\/wp-json\/wp\/v2\/users\/4"}],"replies":[{"embeddable":true,"href":"https:\/\/www.quebakan.com\/v15\/wp-json\/wp\/v2\/comments?post=138196"}],"version-history":[{"count":1,"href":"https:\/\/www.quebakan.com\/v15\/wp-json\/wp\/v2\/posts\/138196\/revisions"}],"predecessor-version":[{"id":138204,"href":"https:\/\/www.quebakan.com\/v15\/wp-json\/wp\/v2\/posts\/138196\/revisions\/138204"}],"wp:featuredmedia":[{"embeddable":true,"href":"https:\/\/www.quebakan.com\/v15\/wp-json\/wp\/v2\/media\/138197"}],"wp:attachment":[{"href":"https:\/\/www.quebakan.com\/v15\/wp-json\/wp\/v2\/media?parent=138196"}],"wp:term":[{"taxonomy":"category","embeddable":true,"href":"https:\/\/www.quebakan.com\/v15\/wp-json\/wp\/v2\/categories?post=138196"},{"taxonomy":"post_tag","embeddable":true,"href":"https:\/\/www.quebakan.com\/v15\/wp-json\/wp\/v2\/tags?post=138196"}],"curies":[{"name":"wp","href":"https:\/\/api.w.org\/{rel}","templated":true}]}}