{"id":138209,"date":"2025-12-08T19:19:50","date_gmt":"2025-12-09T00:19:50","guid":{"rendered":"https:\/\/www.quebakan.com\/v15\/?p=138209"},"modified":"2025-12-08T19:19:50","modified_gmt":"2025-12-09T00:19:50","slug":"el-sindrome-del-corazon-festivo-y-su-vinculo-con-el-consumo-de-alcohol-en-ecuador","status":"publish","type":"post","link":"https:\/\/www.quebakan.com\/v15\/el-sindrome-del-corazon-festivo-y-su-vinculo-con-el-consumo-de-alcohol-en-ecuador\/","title":{"rendered":"El \u00abs\u00edndrome del coraz\u00f3n festivo\u00bb y su v\u00ednculo con el consumo de alcohol en Ecuador"},"content":{"rendered":"<p><img fetchpriority=\"high\" decoding=\"async\" class=\"aligncenter size-full wp-image-138210\" src=\"https:\/\/www.quebakan.com\/v15\/wp-content\/uploads\/2025\/12\/Sindrome-del-corazon-festivo.jpg\" alt=\"\" width=\"700\" height=\"467\" \/><\/p>\n<p style=\"text-align: justify;\"><span style=\"color: #000000;\"><strong>Quito, diciembre del 2025.-<\/strong> Ante el aumento del consumo de alcohol y alimentaci\u00f3n en esta temporada festiva, especialistas emiten una advertencia crucial sobre el <strong>\u201cs\u00edndrome del coraz\u00f3n festivo\u201d<\/strong>, una arritmia card\u00edaca temporal que afecta incluso a personas sanas. Esta alerta cobra relevancia ya que son las enfermedades cardiovasculares la principal causa de muerte en Ecuador, responsables del 25% al 26.49% de las defunciones, seg\u00fan Ministerio de Salud P\u00fablica MSP e INEC, un riesgo agravado por el alto consumo de alcohol en el pa\u00eds, que la Organizaci\u00f3n Mundial de la Salud OMS sit\u00faa entre 7.2 y 9.4 litros de alcohol puro por habitante al a\u00f1o.<\/span><\/p>\n<p style=\"text-align: justify;\"><span style=\"color: #000000;\"><strong>\u00bfQu\u00e9 es el s\u00edndrome del coraz\u00f3n festivo?<\/strong><\/span><\/p>\n<p style=\"text-align: justify;\"><span style=\"color: #000000;\">Es una arritmia transitoria (Fibrilaci\u00f3n Auricular) causada principalmente por el consumo excesivo de alcohol durante celebraciones, el cual da\u00f1a el coraz\u00f3n y desequilibra los electrolitos, aunque tambi\u00e9n influyen el estr\u00e9s y las comidas saladas. El Dr. Antonio Lewis Camargo, Cardi\u00f3logo de Cleveland Clinic, advierte que <em>\u201ces un error com\u00fan subestimar el riesgo, ya que el consumo excesivo de alcohol puede precipitar esta arritmia en personas completamente sanas, actuando el ambiente festivo como un detonante silencioso.\u201d<\/em><\/span><\/p>\n<p style=\"text-align: justify;\"><span style=\"color: #000000;\"><strong>S\u00edntomas de alerta<\/strong><\/span><\/p>\n<p style=\"text-align: justify;\"><span style=\"color: #000000;\">La arritmia puede desaparecer por s\u00ed sola, pero en ciertos casos puede ser peligrosa. Es importante buscar atenci\u00f3n m\u00e9dica de urgencia si se experimentan los siguientes s\u00edntomas:<\/span><\/p>\n<ul style=\"text-align: justify;\">\n<li><span style=\"color: #000000;\">Palpitaciones (sensaci\u00f3n de que el coraz\u00f3n late r\u00e1pido, fuerte o de forma irregular)<\/span><\/li>\n<li><span style=\"color: #000000;\">Dolor en el pecho<\/span><\/li>\n<li><span style=\"color: #000000;\">Falta de aire (dificultad para respirar)<\/span><\/li>\n<li><span style=\"color: #000000;\">Fatiga o debilidad inusual<\/span><\/li>\n<li><span style=\"color: #000000;\">Si presenta estos s\u00edntomas, acuda de inmediato a un centro de urgencias. No conduzca.<\/span><\/li>\n<\/ul>\n<p style=\"text-align: justify;\"><span style=\"color: #000000;\">Para prevenir la aparici\u00f3n de este s\u00edndrome, los especialistas instan a la poblaci\u00f3n ecuatoriana a adoptar una serie de medidas preventivas clave: se debe evitar o limitar rigurosamente el consumo de alcohol, moderar la ingesta de alimentos (especialmente aquellos altos en sodio), mantenerse constantemente hidratado alternando bebidas con agua, asegurar un buen descanso y emplear estrategias efectivas para el control del estr\u00e9s emocional, y mantener una rutina de actividad f\u00edsica regular para fortalecer el sistema cardiovascular.<\/span><\/p>\n<p style=\"text-align: justify;\"><span style=\"color: #000000;\"><strong>Otras recomendaciones que brindan los expertos en salud: <\/strong><\/span><\/p>\n<ul>\n<li style=\"text-align: justify;\"><span style=\"color: #000000;\">Priorizar el descanso: dormir entre 7 y 8 horas por noche para que el cuerpo se recupere.<\/span><\/li>\n<li style=\"text-align: justify;\"><span style=\"color: #000000;\">Manejar el estr\u00e9s: Poner en pr\u00e1ctica t\u00e9cnicas de relajaci\u00f3n como meditaci\u00f3n, yoga o respiraci\u00f3n profunda.<\/span><\/li>\n<li style=\"text-align: justify;\"><span style=\"color: #000000;\">Evitar estimulantes: Reduce el consumo de cafe\u00edna, nicotina y otras sustancias estimulantes.<\/span><\/li>\n<\/ul>\n","protected":false},"excerpt":{"rendered":"<p>Quito, diciembre del 2025.- Ante el aumento del consumo de alcohol y alimentaci\u00f3n en esta temporada festiva, especialistas emiten una advertencia crucial sobre el \u201cs\u00edndrome del coraz\u00f3n festivo\u201d, una arritmia card\u00edaca temporal que afecta incluso a personas sanas. Esta alerta cobra relevancia ya que son las enfermedades cardiovasculares la principal causa de muerte en Ecuador, [&hellip;]<\/p>\n","protected":false},"author":4,"featured_media":138210,"comment_status":"closed","ping_status":"closed","sticky":false,"template":"","format":"standard","meta":{"_bbp_topic_count":0,"_bbp_reply_count":0,"_bbp_total_topic_count":0,"_bbp_total_reply_count":0,"_bbp_voice_count":0,"_bbp_anonymous_reply_count":0,"_bbp_topic_count_hidden":0,"_bbp_reply_count_hidden":0,"_bbp_forum_subforum_count":0,"buzzeditor_post_format":"","footnotes":""},"categories":[2],"tags":[],"class_list":["post-138209","post","type-post","status-publish","format-standard","has-post-thumbnail","hentry","category-noticias"],"yoast_head":"<!-- This site is optimized with the Yoast SEO plugin v27.5 - https:\/\/yoast.com\/product\/yoast-seo-wordpress\/ -->\n<title>El &quot;s\u00edndrome del coraz\u00f3n festivo&quot; y su v\u00ednculo con el consumo de alcohol en Ecuador &#8211; QUEBAKAN.COM 2026: Noticias, Eventos, Conciertos y mucho m\u00e1s....<\/title>\n<meta name=\"robots\" content=\"index, follow, max-snippet:-1, max-image-preview:large, max-video-preview:-1\" \/>\n<link rel=\"canonical\" href=\"https:\/\/www.quebakan.com\/v15\/el-sindrome-del-corazon-festivo-y-su-vinculo-con-el-consumo-de-alcohol-en-ecuador\/\" \/>\n<meta property=\"og:locale\" content=\"es_ES\" \/>\n<meta property=\"og:type\" content=\"article\" \/>\n<meta property=\"og:title\" content=\"El &quot;s\u00edndrome del coraz\u00f3n festivo&quot; y su v\u00ednculo con el consumo de alcohol en Ecuador &#8211; QUEBAKAN.COM 2026: Noticias, Eventos, Conciertos y mucho m\u00e1s....\" \/>\n<meta property=\"og:description\" content=\"Quito, diciembre del 2025.- Ante el aumento del consumo de alcohol y alimentaci\u00f3n en esta temporada festiva, especialistas emiten una advertencia crucial sobre el \u201cs\u00edndrome del coraz\u00f3n festivo\u201d, una arritmia card\u00edaca temporal que afecta incluso a personas sanas. Esta alerta cobra relevancia ya que son las enfermedades cardiovasculares la principal causa de muerte en Ecuador, [&hellip;]\" \/>\n<meta property=\"og:url\" content=\"https:\/\/www.quebakan.com\/v15\/el-sindrome-del-corazon-festivo-y-su-vinculo-con-el-consumo-de-alcohol-en-ecuador\/\" \/>\n<meta property=\"og:site_name\" content=\"QUEBAKAN.COM 2026: Noticias, Eventos, Conciertos y mucho m\u00e1s....\" \/>\n<meta property=\"article:publisher\" content=\"http:\/\/www.facebook.com\/quebakan\" \/>\n<meta property=\"article:published_time\" content=\"2025-12-09T00:19:50+00:00\" \/>\n<meta property=\"og:image\" content=\"https:\/\/www.quebakan.com\/v15\/wp-content\/uploads\/2025\/12\/Sindrome-del-corazon-festivo.jpg\" \/>\n\t<meta property=\"og:image:width\" content=\"700\" \/>\n\t<meta property=\"og:image:height\" content=\"467\" \/>\n\t<meta property=\"og:image:type\" content=\"image\/jpeg\" \/>\n<meta name=\"author\" content=\"Erick Villafuerte\" \/>\n<meta name=\"twitter:card\" content=\"summary_large_image\" \/>\n<meta name=\"twitter:creator\" content=\"@quebakanec\" \/>\n<meta name=\"twitter:site\" content=\"@quebakanec\" \/>\n<meta name=\"twitter:label1\" content=\"Escrito por\" \/>\n\t<meta name=\"twitter:data1\" content=\"Erick Villafuerte\" \/>\n\t<meta name=\"twitter:label2\" content=\"Tiempo de lectura\" \/>\n\t<meta name=\"twitter:data2\" content=\"3 minutos\" \/>\n<script type=\"application\/ld+json\" class=\"yoast-schema-graph\">{\"@context\":\"https:\\\/\\\/schema.org\",\"@graph\":[{\"@type\":\"Article\",\"@id\":\"https:\\\/\\\/www.quebakan.com\\\/v15\\\/el-sindrome-del-corazon-festivo-y-su-vinculo-con-el-consumo-de-alcohol-en-ecuador\\\/#article\",\"isPartOf\":{\"@id\":\"https:\\\/\\\/www.quebakan.com\\\/v15\\\/el-sindrome-del-corazon-festivo-y-su-vinculo-con-el-consumo-de-alcohol-en-ecuador\\\/\"},\"author\":{\"name\":\"Erick Villafuerte\",\"@id\":\"https:\\\/\\\/www.quebakan.com\\\/v15\\\/#\\\/schema\\\/person\\\/d90fa9f9cfa81eb8ace9811e5b7b9118\"},\"headline\":\"El \u00abs\u00edndrome del coraz\u00f3n festivo\u00bb y su v\u00ednculo con el consumo de alcohol en Ecuador\",\"datePublished\":\"2025-12-09T00:19:50+00:00\",\"mainEntityOfPage\":{\"@id\":\"https:\\\/\\\/www.quebakan.com\\\/v15\\\/el-sindrome-del-corazon-festivo-y-su-vinculo-con-el-consumo-de-alcohol-en-ecuador\\\/\"},\"wordCount\":436,\"publisher\":{\"@id\":\"https:\\\/\\\/www.quebakan.com\\\/v15\\\/#organization\"},\"image\":{\"@id\":\"https:\\\/\\\/www.quebakan.com\\\/v15\\\/el-sindrome-del-corazon-festivo-y-su-vinculo-con-el-consumo-de-alcohol-en-ecuador\\\/#primaryimage\"},\"thumbnailUrl\":\"https:\\\/\\\/www.quebakan.com\\\/v15\\\/wp-content\\\/uploads\\\/2025\\\/12\\\/Sindrome-del-corazon-festivo.jpg\",\"articleSection\":[\"Noticias\"],\"inLanguage\":\"es\"},{\"@type\":\"WebPage\",\"@id\":\"https:\\\/\\\/www.quebakan.com\\\/v15\\\/el-sindrome-del-corazon-festivo-y-su-vinculo-con-el-consumo-de-alcohol-en-ecuador\\\/\",\"url\":\"https:\\\/\\\/www.quebakan.com\\\/v15\\\/el-sindrome-del-corazon-festivo-y-su-vinculo-con-el-consumo-de-alcohol-en-ecuador\\\/\",\"name\":\"El \\\"s\u00edndrome del coraz\u00f3n festivo\\\" y su v\u00ednculo con el consumo de alcohol en Ecuador &#8211; QUEBAKAN.COM 2026: Noticias, Eventos, Conciertos y mucho m\u00e1s....\",\"isPartOf\":{\"@id\":\"https:\\\/\\\/www.quebakan.com\\\/v15\\\/#website\"},\"primaryImageOfPage\":{\"@id\":\"https:\\\/\\\/www.quebakan.com\\\/v15\\\/el-sindrome-del-corazon-festivo-y-su-vinculo-con-el-consumo-de-alcohol-en-ecuador\\\/#primaryimage\"},\"image\":{\"@id\":\"https:\\\/\\\/www.quebakan.com\\\/v15\\\/el-sindrome-del-corazon-festivo-y-su-vinculo-con-el-consumo-de-alcohol-en-ecuador\\\/#primaryimage\"},\"thumbnailUrl\":\"https:\\\/\\\/www.quebakan.com\\\/v15\\\/wp-content\\\/uploads\\\/2025\\\/12\\\/Sindrome-del-corazon-festivo.jpg\",\"datePublished\":\"2025-12-09T00:19:50+00:00\",\"breadcrumb\":{\"@id\":\"https:\\\/\\\/www.quebakan.com\\\/v15\\\/el-sindrome-del-corazon-festivo-y-su-vinculo-con-el-consumo-de-alcohol-en-ecuador\\\/#breadcrumb\"},\"inLanguage\":\"es\",\"potentialAction\":[{\"@type\":\"ReadAction\",\"target\":[\"https:\\\/\\\/www.quebakan.com\\\/v15\\\/el-sindrome-del-corazon-festivo-y-su-vinculo-con-el-consumo-de-alcohol-en-ecuador\\\/\"]}]},{\"@type\":\"ImageObject\",\"inLanguage\":\"es\",\"@id\":\"https:\\\/\\\/www.quebakan.com\\\/v15\\\/el-sindrome-del-corazon-festivo-y-su-vinculo-con-el-consumo-de-alcohol-en-ecuador\\\/#primaryimage\",\"url\":\"https:\\\/\\\/www.quebakan.com\\\/v15\\\/wp-content\\\/uploads\\\/2025\\\/12\\\/Sindrome-del-corazon-festivo.jpg\",\"contentUrl\":\"https:\\\/\\\/www.quebakan.com\\\/v15\\\/wp-content\\\/uploads\\\/2025\\\/12\\\/Sindrome-del-corazon-festivo.jpg\",\"width\":700,\"height\":467},{\"@type\":\"BreadcrumbList\",\"@id\":\"https:\\\/\\\/www.quebakan.com\\\/v15\\\/el-sindrome-del-corazon-festivo-y-su-vinculo-con-el-consumo-de-alcohol-en-ecuador\\\/#breadcrumb\",\"itemListElement\":[{\"@type\":\"ListItem\",\"position\":1,\"name\":\"Portada\",\"item\":\"https:\\\/\\\/www.quebakan.com\\\/v15\\\/\"},{\"@type\":\"ListItem\",\"position\":2,\"name\":\"El \u00abs\u00edndrome del coraz\u00f3n festivo\u00bb y su v\u00ednculo con el consumo de alcohol en Ecuador\"}]},{\"@type\":\"WebSite\",\"@id\":\"https:\\\/\\\/www.quebakan.com\\\/v15\\\/#website\",\"url\":\"https:\\\/\\\/www.quebakan.com\\\/v15\\\/\",\"name\":\"QUEBAKAN\",\"description\":\"..\",\"publisher\":{\"@id\":\"https:\\\/\\\/www.quebakan.com\\\/v15\\\/#organization\"},\"potentialAction\":[{\"@type\":\"SearchAction\",\"target\":{\"@type\":\"EntryPoint\",\"urlTemplate\":\"https:\\\/\\\/www.quebakan.com\\\/v15\\\/?s={search_term_string}\"},\"query-input\":{\"@type\":\"PropertyValueSpecification\",\"valueRequired\":true,\"valueName\":\"search_term_string\"}}],\"inLanguage\":\"es\"},{\"@type\":\"Organization\",\"@id\":\"https:\\\/\\\/www.quebakan.com\\\/v15\\\/#organization\",\"name\":\"Quebakan.com\",\"url\":\"https:\\\/\\\/www.quebakan.com\\\/v15\\\/\",\"logo\":{\"@type\":\"ImageObject\",\"inLanguage\":\"es\",\"@id\":\"https:\\\/\\\/www.quebakan.com\\\/v15\\\/#\\\/schema\\\/logo\\\/image\\\/\",\"url\":\"https:\\\/\\\/www.quebakan.com\\\/v15\\\/wp-content\\\/uploads\\\/2023\\\/07\\\/logoquebakanenero2021.jpg\",\"contentUrl\":\"https:\\\/\\\/www.quebakan.com\\\/v15\\\/wp-content\\\/uploads\\\/2023\\\/07\\\/logoquebakanenero2021.jpg\",\"width\":1920,\"height\":1080,\"caption\":\"Quebakan.com\"},\"image\":{\"@id\":\"https:\\\/\\\/www.quebakan.com\\\/v15\\\/#\\\/schema\\\/logo\\\/image\\\/\"},\"sameAs\":[\"http:\\\/\\\/www.facebook.com\\\/quebakan\",\"https:\\\/\\\/x.com\\\/quebakanec\",\"http:\\\/\\\/www.instagram.com\\\/quebakan\",\"http:\\\/\\\/www.youtube.com\\\/quebakan1\"]},{\"@type\":\"Person\",\"@id\":\"https:\\\/\\\/www.quebakan.com\\\/v15\\\/#\\\/schema\\\/person\\\/d90fa9f9cfa81eb8ace9811e5b7b9118\",\"name\":\"Erick Villafuerte\",\"image\":{\"@type\":\"ImageObject\",\"inLanguage\":\"es\",\"@id\":\"https:\\\/\\\/www.quebakan.com\\\/v15\\\/wp-content\\\/uploads\\\/avatars\\\/4\\\/1731297654-bpfull.png\",\"url\":\"https:\\\/\\\/www.quebakan.com\\\/v15\\\/wp-content\\\/uploads\\\/avatars\\\/4\\\/1731297654-bpfull.png\",\"contentUrl\":\"https:\\\/\\\/www.quebakan.com\\\/v15\\\/wp-content\\\/uploads\\\/avatars\\\/4\\\/1731297654-bpfull.png\",\"caption\":\"Erick Villafuerte\"}}]}<\/script>\n<!-- \/ Yoast SEO plugin. -->","yoast_head_json":{"title":"El \"s\u00edndrome del coraz\u00f3n festivo\" y su v\u00ednculo con el consumo de alcohol en Ecuador &#8211; QUEBAKAN.COM 2026: Noticias, Eventos, Conciertos y mucho m\u00e1s....","robots":{"index":"index","follow":"follow","max-snippet":"max-snippet:-1","max-image-preview":"max-image-preview:large","max-video-preview":"max-video-preview:-1"},"canonical":"https:\/\/www.quebakan.com\/v15\/el-sindrome-del-corazon-festivo-y-su-vinculo-con-el-consumo-de-alcohol-en-ecuador\/","og_locale":"es_ES","og_type":"article","og_title":"El \"s\u00edndrome del coraz\u00f3n festivo\" y su v\u00ednculo con el consumo de alcohol en Ecuador &#8211; QUEBAKAN.COM 2026: Noticias, Eventos, Conciertos y mucho m\u00e1s....","og_description":"Quito, diciembre del 2025.- Ante el aumento del consumo de alcohol y alimentaci\u00f3n en esta temporada festiva, especialistas emiten una advertencia crucial sobre el \u201cs\u00edndrome del coraz\u00f3n festivo\u201d, una arritmia card\u00edaca temporal que afecta incluso a personas sanas. Esta alerta cobra relevancia ya que son las enfermedades cardiovasculares la principal causa de muerte en Ecuador, [&hellip;]","og_url":"https:\/\/www.quebakan.com\/v15\/el-sindrome-del-corazon-festivo-y-su-vinculo-con-el-consumo-de-alcohol-en-ecuador\/","og_site_name":"QUEBAKAN.COM 2026: Noticias, Eventos, Conciertos y mucho m\u00e1s....","article_publisher":"http:\/\/www.facebook.com\/quebakan","article_published_time":"2025-12-09T00:19:50+00:00","og_image":[{"width":700,"height":467,"url":"https:\/\/www.quebakan.com\/v15\/wp-content\/uploads\/2025\/12\/Sindrome-del-corazon-festivo.jpg","type":"image\/jpeg"}],"author":"Erick Villafuerte","twitter_card":"summary_large_image","twitter_creator":"@quebakanec","twitter_site":"@quebakanec","twitter_misc":{"Escrito por":"Erick Villafuerte","Tiempo de lectura":"3 minutos"},"schema":{"@context":"https:\/\/schema.org","@graph":[{"@type":"Article","@id":"https:\/\/www.quebakan.com\/v15\/el-sindrome-del-corazon-festivo-y-su-vinculo-con-el-consumo-de-alcohol-en-ecuador\/#article","isPartOf":{"@id":"https:\/\/www.quebakan.com\/v15\/el-sindrome-del-corazon-festivo-y-su-vinculo-con-el-consumo-de-alcohol-en-ecuador\/"},"author":{"name":"Erick Villafuerte","@id":"https:\/\/www.quebakan.com\/v15\/#\/schema\/person\/d90fa9f9cfa81eb8ace9811e5b7b9118"},"headline":"El \u00abs\u00edndrome del coraz\u00f3n festivo\u00bb y su v\u00ednculo con el consumo de alcohol en Ecuador","datePublished":"2025-12-09T00:19:50+00:00","mainEntityOfPage":{"@id":"https:\/\/www.quebakan.com\/v15\/el-sindrome-del-corazon-festivo-y-su-vinculo-con-el-consumo-de-alcohol-en-ecuador\/"},"wordCount":436,"publisher":{"@id":"https:\/\/www.quebakan.com\/v15\/#organization"},"image":{"@id":"https:\/\/www.quebakan.com\/v15\/el-sindrome-del-corazon-festivo-y-su-vinculo-con-el-consumo-de-alcohol-en-ecuador\/#primaryimage"},"thumbnailUrl":"https:\/\/www.quebakan.com\/v15\/wp-content\/uploads\/2025\/12\/Sindrome-del-corazon-festivo.jpg","articleSection":["Noticias"],"inLanguage":"es"},{"@type":"WebPage","@id":"https:\/\/www.quebakan.com\/v15\/el-sindrome-del-corazon-festivo-y-su-vinculo-con-el-consumo-de-alcohol-en-ecuador\/","url":"https:\/\/www.quebakan.com\/v15\/el-sindrome-del-corazon-festivo-y-su-vinculo-con-el-consumo-de-alcohol-en-ecuador\/","name":"El \"s\u00edndrome del coraz\u00f3n festivo\" y su v\u00ednculo con el consumo de alcohol en Ecuador &#8211; QUEBAKAN.COM 2026: Noticias, Eventos, Conciertos y mucho m\u00e1s....","isPartOf":{"@id":"https:\/\/www.quebakan.com\/v15\/#website"},"primaryImageOfPage":{"@id":"https:\/\/www.quebakan.com\/v15\/el-sindrome-del-corazon-festivo-y-su-vinculo-con-el-consumo-de-alcohol-en-ecuador\/#primaryimage"},"image":{"@id":"https:\/\/www.quebakan.com\/v15\/el-sindrome-del-corazon-festivo-y-su-vinculo-con-el-consumo-de-alcohol-en-ecuador\/#primaryimage"},"thumbnailUrl":"https:\/\/www.quebakan.com\/v15\/wp-content\/uploads\/2025\/12\/Sindrome-del-corazon-festivo.jpg","datePublished":"2025-12-09T00:19:50+00:00","breadcrumb":{"@id":"https:\/\/www.quebakan.com\/v15\/el-sindrome-del-corazon-festivo-y-su-vinculo-con-el-consumo-de-alcohol-en-ecuador\/#breadcrumb"},"inLanguage":"es","potentialAction":[{"@type":"ReadAction","target":["https:\/\/www.quebakan.com\/v15\/el-sindrome-del-corazon-festivo-y-su-vinculo-con-el-consumo-de-alcohol-en-ecuador\/"]}]},{"@type":"ImageObject","inLanguage":"es","@id":"https:\/\/www.quebakan.com\/v15\/el-sindrome-del-corazon-festivo-y-su-vinculo-con-el-consumo-de-alcohol-en-ecuador\/#primaryimage","url":"https:\/\/www.quebakan.com\/v15\/wp-content\/uploads\/2025\/12\/Sindrome-del-corazon-festivo.jpg","contentUrl":"https:\/\/www.quebakan.com\/v15\/wp-content\/uploads\/2025\/12\/Sindrome-del-corazon-festivo.jpg","width":700,"height":467},{"@type":"BreadcrumbList","@id":"https:\/\/www.quebakan.com\/v15\/el-sindrome-del-corazon-festivo-y-su-vinculo-con-el-consumo-de-alcohol-en-ecuador\/#breadcrumb","itemListElement":[{"@type":"ListItem","position":1,"name":"Portada","item":"https:\/\/www.quebakan.com\/v15\/"},{"@type":"ListItem","position":2,"name":"El \u00abs\u00edndrome del coraz\u00f3n festivo\u00bb y su v\u00ednculo con el consumo de alcohol en Ecuador"}]},{"@type":"WebSite","@id":"https:\/\/www.quebakan.com\/v15\/#website","url":"https:\/\/www.quebakan.com\/v15\/","name":"QUEBAKAN","description":"..","publisher":{"@id":"https:\/\/www.quebakan.com\/v15\/#organization"},"potentialAction":[{"@type":"SearchAction","target":{"@type":"EntryPoint","urlTemplate":"https:\/\/www.quebakan.com\/v15\/?s={search_term_string}"},"query-input":{"@type":"PropertyValueSpecification","valueRequired":true,"valueName":"search_term_string"}}],"inLanguage":"es"},{"@type":"Organization","@id":"https:\/\/www.quebakan.com\/v15\/#organization","name":"Quebakan.com","url":"https:\/\/www.quebakan.com\/v15\/","logo":{"@type":"ImageObject","inLanguage":"es","@id":"https:\/\/www.quebakan.com\/v15\/#\/schema\/logo\/image\/","url":"https:\/\/www.quebakan.com\/v15\/wp-content\/uploads\/2023\/07\/logoquebakanenero2021.jpg","contentUrl":"https:\/\/www.quebakan.com\/v15\/wp-content\/uploads\/2023\/07\/logoquebakanenero2021.jpg","width":1920,"height":1080,"caption":"Quebakan.com"},"image":{"@id":"https:\/\/www.quebakan.com\/v15\/#\/schema\/logo\/image\/"},"sameAs":["http:\/\/www.facebook.com\/quebakan","https:\/\/x.com\/quebakanec","http:\/\/www.instagram.com\/quebakan","http:\/\/www.youtube.com\/quebakan1"]},{"@type":"Person","@id":"https:\/\/www.quebakan.com\/v15\/#\/schema\/person\/d90fa9f9cfa81eb8ace9811e5b7b9118","name":"Erick Villafuerte","image":{"@type":"ImageObject","inLanguage":"es","@id":"https:\/\/www.quebakan.com\/v15\/wp-content\/uploads\/avatars\/4\/1731297654-bpfull.png","url":"https:\/\/www.quebakan.com\/v15\/wp-content\/uploads\/avatars\/4\/1731297654-bpfull.png","contentUrl":"https:\/\/www.quebakan.com\/v15\/wp-content\/uploads\/avatars\/4\/1731297654-bpfull.png","caption":"Erick Villafuerte"}}]}},"_links":{"self":[{"href":"https:\/\/www.quebakan.com\/v15\/wp-json\/wp\/v2\/posts\/138209","targetHints":{"allow":["GET"]}}],"collection":[{"href":"https:\/\/www.quebakan.com\/v15\/wp-json\/wp\/v2\/posts"}],"about":[{"href":"https:\/\/www.quebakan.com\/v15\/wp-json\/wp\/v2\/types\/post"}],"author":[{"embeddable":true,"href":"https:\/\/www.quebakan.com\/v15\/wp-json\/wp\/v2\/users\/4"}],"replies":[{"embeddable":true,"href":"https:\/\/www.quebakan.com\/v15\/wp-json\/wp\/v2\/comments?post=138209"}],"version-history":[{"count":1,"href":"https:\/\/www.quebakan.com\/v15\/wp-json\/wp\/v2\/posts\/138209\/revisions"}],"predecessor-version":[{"id":138211,"href":"https:\/\/www.quebakan.com\/v15\/wp-json\/wp\/v2\/posts\/138209\/revisions\/138211"}],"wp:featuredmedia":[{"embeddable":true,"href":"https:\/\/www.quebakan.com\/v15\/wp-json\/wp\/v2\/media\/138210"}],"wp:attachment":[{"href":"https:\/\/www.quebakan.com\/v15\/wp-json\/wp\/v2\/media?parent=138209"}],"wp:term":[{"taxonomy":"category","embeddable":true,"href":"https:\/\/www.quebakan.com\/v15\/wp-json\/wp\/v2\/categories?post=138209"},{"taxonomy":"post_tag","embeddable":true,"href":"https:\/\/www.quebakan.com\/v15\/wp-json\/wp\/v2\/tags?post=138209"}],"curies":[{"name":"wp","href":"https:\/\/api.w.org\/{rel}","templated":true}]}}