{"id":138215,"date":"2025-12-08T19:39:52","date_gmt":"2025-12-09T00:39:52","guid":{"rendered":"https:\/\/www.quebakan.com\/v15\/?p=138215"},"modified":"2025-12-08T19:39:52","modified_gmt":"2025-12-09T00:39:52","slug":"1-de-cada-18-ecuatorianos-padece-de-diabetes","status":"publish","type":"post","link":"https:\/\/www.quebakan.com\/v15\/1-de-cada-18-ecuatorianos-padece-de-diabetes\/","title":{"rendered":"1 de cada 18 ecuatorianos padece de diabetes"},"content":{"rendered":"<p><img fetchpriority=\"high\" decoding=\"async\" class=\"aligncenter size-full wp-image-138216\" src=\"https:\/\/www.quebakan.com\/v15\/wp-content\/uploads\/2025\/12\/02-0603_Boehringer_DailyLife_Adult_HealthyMealPrep_RGB.jpg\" alt=\"\" width=\"700\" height=\"466\" \/><\/p>\n<ul>\n<li style=\"text-align: justify;\"><span style=\"color: #000000;\">Un estilo de vida saludable es fundamental para la prevenci\u00f3n de la enfermedad.<\/span><\/li>\n<\/ul>\n<p style=\"text-align: justify;\"><span style=\"color: #000000;\"><strong>Quito, diciembre de 2025.- <\/strong>Seg\u00fan datos de la Encuesta Nacional de Prevalencia de Diabetes y Factores Asociados, la diabetes afecta al 5,53% de la poblaci\u00f3n, es decir 1 de cada 18 ecuatorianos padece esta enfermedad. Adem\u00e1s, la Federaci\u00f3n Internacional de Diabetes advierte que para 2050 habr\u00e1 un crecimiento del 45% en el n\u00famero de personas con diabetes en comparaci\u00f3n con 2024<a style=\"color: #000000;\" href=\"#_ftn1\" name=\"_ftnref1\">[1]<\/a>.<\/span><\/p>\n<p style=\"text-align: justify;\"><span style=\"color: #000000;\">En esta l\u00ednea y con la llegada de las festividades, es clave generar conciencia sobre la diabetes, ya que organizaciones de salud, instituciones p\u00fablicas y privadas, as\u00ed como comunidades m\u00e9dicas de todo el mundo han unido esfuerzos para promover la detecci\u00f3n temprana, la educaci\u00f3n y la prevenci\u00f3n de esta enfermedad cr\u00f3nica.<\/span><\/p>\n<p style=\"text-align: justify;\"><span style=\"color: #000000;\">La Dra. Paola Palacio, especialista en endocrinolog\u00eda, menciona que: <em>\u201cla diabetes es considerada una enfermedad silenciosa, pues los s\u00edntomas suelen aparecer cuando ya hay una afecci\u00f3n a un \u00f3rgano, puede ser coraz\u00f3n, ri\u00f1\u00f3n u ojos. Prevenir y controlar la diabetes no se trata solo de n\u00fameros o tratamientos, se trata de amor propio, de cuidar lo que comemos, movernos m\u00e1s, escuchar nuestro cuerpo y estar atentos unos a otros\u201d.<\/em><\/span><\/p>\n<p style=\"text-align: justify;\"><span style=\"color: #000000;\">La diabetes es una enfermedad cr\u00f3nica que ocurre cuando el cuerpo no puede regular bien el az\u00facar en la sangre (glucemia). La diabetes tipo 2, que representa casi el 95% de casos, se produce cuando el cuerpo a\u00fan produce insulina, pero no la usa correctamente. Esta forma es mucho m\u00e1s com\u00fan, y a menudo est\u00e1 relacionada a factores como el sobrepeso, la inactividad f\u00edsica o una alimentaci\u00f3n inadecuada<a style=\"color: #000000;\" href=\"#_ftn2\" name=\"_ftnref2\">[2]<\/a>.<\/span><\/p>\n<p style=\"text-align: justify;\"><span style=\"color: #000000;\">Es importante reconocer que el p\u00e1ncreas, los ri\u00f1ones y el coraz\u00f3n est\u00e1n interconectados, lo que significa que cuando una persona padece una enfermedad como la diabetes tipo 2, es probable que se afecten varios \u00f3rganos. Cuando el p\u00e1ncreas no produce suficiente insulina o el cuerpo no la utiliza de manera adecuada, la glucosa se acumula en la sangre. Con el tiempo, este exceso puede da\u00f1ar los vasos sangu\u00edneos, incluidos los de los ri\u00f1ones y si no se lo controla, puede causar enfermedad renal e incluso llevar a di\u00e1lisis. Adem\u00e1s, la diabetes suele ir acompa\u00f1ada de presi\u00f3n arterial alta, lo que tambi\u00e9n afecta al coraz\u00f3n, y es una de las principales causas de enfermedad renal cr\u00f3nica (ERC). Por eso, controlar la diabetes es fundamental para proteger todos estos \u00f3rganos que funcionan en conjunto<a style=\"color: #000000;\" href=\"#_ftn3\" name=\"_ftnref3\">[3]<\/a>.<\/span><\/p>\n<p style=\"text-align: justify;\"><span style=\"color: #000000;\">Para reducir el riesgo de desarrollar diabetes y procurar un buen funcionamiento de todos los \u00f3rganos, es importante incluir medidas de prevenci\u00f3n como:<\/span><\/p>\n<ul style=\"text-align: justify;\">\n<li><span style=\"color: #000000;\">Mantener un peso corporal saludable, mediante una dieta equilibrada, adecuada en cantidad y calidad<a style=\"color: #000000;\" href=\"#_ftn4\" name=\"_ftnref4\"><strong>[4]<\/strong><\/a><strong>.<\/strong><\/span><\/li>\n<li><span style=\"color: #000000;\">Realizar actividad f\u00edsica de forma regular. Por ejemplo, combinar ejercicios aer\u00f3bicos y de fortalecimiento muscular que favorecen el control de la glucemia<a style=\"color: #000000;\" href=\"#_ftn5\" name=\"_ftnref5\"><strong>[5]<\/strong><\/a><strong>.<\/strong><\/span><\/li>\n<li><span style=\"color: #000000;\">Evitar el consumo de tabaco y moderar el consumo de alcohol, as\u00ed como adoptar una actitud proactiva en la salud, que incluya autocuidado, educaci\u00f3n y chequeos peri\u00f3dicos<strong>.<\/strong><\/span><\/li>\n<li><span style=\"color: #000000;\">Fomentar entornos de apoyo en todos los ciclos de vida: infancia, adolescencia, adultez y vejez, para asegurar la integraci\u00f3n del cuidado, educaci\u00f3n y autocontrol.<\/span><\/li>\n<\/ul>\n<ul style=\"text-align: justify;\">\n<li><span style=\"color: #000000;\">Acudir a los controles peri\u00f3dicos, tanto en personas sanas, como aquellas que padecen la enfermedad.<\/span><\/li>\n<li><span style=\"color: #000000;\"><em>\u201cEn estas fechas, es importante recordar la implementaci\u00f3n de factores de prevenci\u00f3n y cuidado. Mantener h\u00e1bitos saludables, facilitar el acceso a la atenci\u00f3n integral y fomentar el autocuidado en todas las etapas de la vida es clave para procurar una buena salud. Por ello, como Boehringer Ingelheim estamos comprometidos con impulsar h\u00e1bitos de prevenci\u00f3n en la poblaci\u00f3n\u201d,<\/em> afirma el Dr. Edwin Bucheli, director m\u00e9dico de Boehringer Ingelheim en Ecuador.<\/span><\/li>\n<\/ul>\n<ul style=\"text-align: justify;\">\n<li><span style=\"color: #000000;\">Para quienes viven con diabetes, el control conjunto de la glucemia, la presi\u00f3n arterial y los l\u00edpidos es esencial para la reducci\u00f3n de las complicaciones cardiovasculares<a style=\"color: #000000;\" href=\"#_ftn6\" name=\"_ftnref6\">[6]<\/a>. <em>\u201cAdem\u00e1s, la educaci\u00f3n del paciente con diabetes es fundamental; es importante que cada persona conozca su proceso.\u00a0 As\u00ed como es clave que las sociedades m\u00e9dicas los gu\u00eden en ese proceso para que se vuelvan m\u00e1s protagonistas con sus cuidados\u201d<\/em>, aclara el Dr.\u00a0 Mauricio P\u00e9rez de la Puente, presidente de la Sociedad Ecuatoriana de Endocrinolog\u00eda, n\u00facleo Pichincha.<\/span><\/li>\n<\/ul>\n<p style=\"text-align: justify;\"><span style=\"color: #000000;\">Hoy, m\u00e1s que nunca, la ciencia y la tecnolog\u00eda convergen para ofrecer soluciones reales a los desaf\u00edos de la diabetes. Desde la prevenci\u00f3n hasta la atenci\u00f3n personalizada.<\/span><\/p>\n<p style=\"text-align: justify;\"><span style=\"color: #000000;\"><a style=\"color: #000000;\" href=\"#_ftnref1\" name=\"_ftn1\">[1]<\/a> Federaci\u00f3n Internacional de Diabetes (2025) <em>Atlas de Diabetes Mellitus.<\/em> 11ma edici\u00f3n<\/span><\/p>\n<p style=\"text-align: justify;\"><span style=\"color: #000000;\"><a style=\"color: #000000;\" href=\"#_ftnref2\" name=\"_ftn2\">[2]<\/a> Organizaci\u00f3n Mundial de la Salud. Diabetes. Recuperado en: https:\/\/www.who.int\/news-room\/fact-sheets\/detail\/diabetes?utm_source=<\/span><\/p>\n<p style=\"text-align: justify;\"><span style=\"color: #000000;\"><a style=\"color: #000000;\" href=\"#_ftnref3\" name=\"_ftn3\">[3]<\/a> Boehringer Ingelheim. <em>La interconexi\u00f3n entre el ri\u00f1\u00f3n, el coraz\u00f3n y el p\u00e1ncreas. Recuperado de: <\/em>https:\/\/www.cardiorrenal.es\/pacientes\/interconexion-rinon-corazon-pancreas#:~:text=%C2%BFCu%C3%A1l%20es%20la%20relaci%C3%B3n%20entre%20los%20ri%C3%B1ones%20y%20el%20coraz%C3%B3n,el%20otro%20se%20ve%20afectado.&amp;text=Cuando%20los%20ri%C3%B1ones%20no%20pueden,su%20vez%20podr%C3%ADa%20empeorar%20ERC.&amp;text=Esto%20significa%20que%20las%20personas,el%20riesgo%20de%20desarrollar%20ERC.&amp;text=Aproximadamente%2C%20el%2040%2D50%25,card%C3%ADaca%20tiene%20enfermedad%20renal%20cr%C3%B3nica.<\/span><\/p>\n<p style=\"text-align: justify;\"><span style=\"color: #000000;\"><a style=\"color: #000000;\" href=\"#_ftnref4\" name=\"_ftn4\">[4]<\/a> OMS (2024). <em>Diabetes<\/em>. Recuperado de: https:\/\/www.who.int\/news-room\/fact-sheets\/detail\/diabetes?utm_source<\/span><\/p>\n<p style=\"text-align: justify;\"><span style=\"color: #000000;\"><a style=\"color: #000000;\" href=\"#_ftnref5\" name=\"_ftn5\">[5]<\/a> Asociaci\u00f3n Americana de Diabetes (2016). Una declaraci\u00f3n de posici\u00f3n de la Asociaci\u00f3n Estadounidense de Diabetes, Recuperado de: https:\/\/diabetesjournals.org\/care\/article\/39\/11\/2065\/37249\/Physical-Activity-Exercise-and-Diabetes-A-Position?utm_source=chatgpt.com<\/span><\/p>\n<p style=\"text-align: justify;\"><span style=\"color: #000000;\"><a style=\"color: #000000;\" href=\"#_ftnref6\" name=\"_ftn6\">[6]<\/a> Asociaci\u00f3n Americana de Diabetes (2025). Una declaraci\u00f3n de posici\u00f3n de la Asociaci\u00f3n Estadounidense de Diabetes, Recuperado de: <a style=\"color: #000000;\" href=\"https:\/\/diabetesjournals.org\/care\/article\/48\/Supplement_1\/S207\/157549\/10-Cardiovascular-Disease-and-Risk-Management?utm_source=chatgpt.com\">https:\/\/diabetesjournals.org\/care\/article\/48\/Supplement_1\/S207\/157549\/10-Cardiovascular-Disease-and-Risk-Management?utm_source=chatgpt.com<\/a><\/span><\/p>\n","protected":false},"excerpt":{"rendered":"<p>Un estilo de vida saludable es fundamental para la prevenci\u00f3n de la enfermedad. Quito, diciembre de 2025.- Seg\u00fan datos de la Encuesta Nacional de Prevalencia de Diabetes y Factores Asociados, la diabetes afecta al 5,53% de la poblaci\u00f3n, es decir 1 de cada 18 ecuatorianos padece esta enfermedad. Adem\u00e1s, la Federaci\u00f3n Internacional de Diabetes advierte [&hellip;]<\/p>\n","protected":false},"author":4,"featured_media":138216,"comment_status":"closed","ping_status":"closed","sticky":false,"template":"","format":"standard","meta":{"_bbp_topic_count":0,"_bbp_reply_count":0,"_bbp_total_topic_count":0,"_bbp_total_reply_count":0,"_bbp_voice_count":0,"_bbp_anonymous_reply_count":0,"_bbp_topic_count_hidden":0,"_bbp_reply_count_hidden":0,"_bbp_forum_subforum_count":0,"buzzeditor_post_format":"","footnotes":""},"categories":[2],"tags":[],"class_list":["post-138215","post","type-post","status-publish","format-standard","has-post-thumbnail","hentry","category-noticias"],"yoast_head":"<!-- This site is optimized with the Yoast SEO plugin v27.5 - https:\/\/yoast.com\/product\/yoast-seo-wordpress\/ -->\n<title>1 de cada 18 ecuatorianos padece de diabetes &#8211; QUEBAKAN.COM 2026: Noticias, Eventos, Conciertos y mucho m\u00e1s....<\/title>\n<meta name=\"robots\" content=\"index, follow, max-snippet:-1, max-image-preview:large, max-video-preview:-1\" \/>\n<link rel=\"canonical\" href=\"https:\/\/www.quebakan.com\/v15\/1-de-cada-18-ecuatorianos-padece-de-diabetes\/\" \/>\n<meta property=\"og:locale\" content=\"es_ES\" \/>\n<meta property=\"og:type\" content=\"article\" \/>\n<meta property=\"og:title\" content=\"1 de cada 18 ecuatorianos padece de diabetes &#8211; QUEBAKAN.COM 2026: Noticias, Eventos, Conciertos y mucho m\u00e1s....\" \/>\n<meta property=\"og:description\" content=\"Un estilo de vida saludable es fundamental para la prevenci\u00f3n de la enfermedad. Quito, diciembre de 2025.- Seg\u00fan datos de la Encuesta Nacional de Prevalencia de Diabetes y Factores Asociados, la diabetes afecta al 5,53% de la poblaci\u00f3n, es decir 1 de cada 18 ecuatorianos padece esta enfermedad. Adem\u00e1s, la Federaci\u00f3n Internacional de Diabetes advierte [&hellip;]\" \/>\n<meta property=\"og:url\" content=\"https:\/\/www.quebakan.com\/v15\/1-de-cada-18-ecuatorianos-padece-de-diabetes\/\" \/>\n<meta property=\"og:site_name\" content=\"QUEBAKAN.COM 2026: Noticias, Eventos, Conciertos y mucho m\u00e1s....\" \/>\n<meta property=\"article:publisher\" content=\"http:\/\/www.facebook.com\/quebakan\" \/>\n<meta property=\"article:published_time\" content=\"2025-12-09T00:39:52+00:00\" \/>\n<meta property=\"og:image\" content=\"https:\/\/www.quebakan.com\/v15\/wp-content\/uploads\/2025\/12\/02-0603_Boehringer_DailyLife_Adult_HealthyMealPrep_RGB.jpg\" \/>\n\t<meta property=\"og:image:width\" content=\"700\" \/>\n\t<meta property=\"og:image:height\" content=\"466\" \/>\n\t<meta property=\"og:image:type\" content=\"image\/jpeg\" \/>\n<meta name=\"author\" content=\"Erick Villafuerte\" \/>\n<meta name=\"twitter:card\" content=\"summary_large_image\" \/>\n<meta name=\"twitter:creator\" content=\"@quebakanec\" \/>\n<meta name=\"twitter:site\" content=\"@quebakanec\" \/>\n<meta name=\"twitter:label1\" content=\"Escrito por\" \/>\n\t<meta name=\"twitter:data1\" content=\"Erick Villafuerte\" \/>\n\t<meta name=\"twitter:label2\" content=\"Tiempo de lectura\" \/>\n\t<meta name=\"twitter:data2\" content=\"5 minutos\" \/>\n<script type=\"application\/ld+json\" class=\"yoast-schema-graph\">{\"@context\":\"https:\\\/\\\/schema.org\",\"@graph\":[{\"@type\":\"Article\",\"@id\":\"https:\\\/\\\/www.quebakan.com\\\/v15\\\/1-de-cada-18-ecuatorianos-padece-de-diabetes\\\/#article\",\"isPartOf\":{\"@id\":\"https:\\\/\\\/www.quebakan.com\\\/v15\\\/1-de-cada-18-ecuatorianos-padece-de-diabetes\\\/\"},\"author\":{\"name\":\"Erick Villafuerte\",\"@id\":\"https:\\\/\\\/www.quebakan.com\\\/v15\\\/#\\\/schema\\\/person\\\/d90fa9f9cfa81eb8ace9811e5b7b9118\"},\"headline\":\"1 de cada 18 ecuatorianos padece de diabetes\",\"datePublished\":\"2025-12-09T00:39:52+00:00\",\"mainEntityOfPage\":{\"@id\":\"https:\\\/\\\/www.quebakan.com\\\/v15\\\/1-de-cada-18-ecuatorianos-padece-de-diabetes\\\/\"},\"wordCount\":974,\"publisher\":{\"@id\":\"https:\\\/\\\/www.quebakan.com\\\/v15\\\/#organization\"},\"image\":{\"@id\":\"https:\\\/\\\/www.quebakan.com\\\/v15\\\/1-de-cada-18-ecuatorianos-padece-de-diabetes\\\/#primaryimage\"},\"thumbnailUrl\":\"https:\\\/\\\/www.quebakan.com\\\/v15\\\/wp-content\\\/uploads\\\/2025\\\/12\\\/02-0603_Boehringer_DailyLife_Adult_HealthyMealPrep_RGB.jpg\",\"articleSection\":[\"Noticias\"],\"inLanguage\":\"es\"},{\"@type\":\"WebPage\",\"@id\":\"https:\\\/\\\/www.quebakan.com\\\/v15\\\/1-de-cada-18-ecuatorianos-padece-de-diabetes\\\/\",\"url\":\"https:\\\/\\\/www.quebakan.com\\\/v15\\\/1-de-cada-18-ecuatorianos-padece-de-diabetes\\\/\",\"name\":\"1 de cada 18 ecuatorianos padece de diabetes &#8211; QUEBAKAN.COM 2026: Noticias, Eventos, Conciertos y mucho m\u00e1s....\",\"isPartOf\":{\"@id\":\"https:\\\/\\\/www.quebakan.com\\\/v15\\\/#website\"},\"primaryImageOfPage\":{\"@id\":\"https:\\\/\\\/www.quebakan.com\\\/v15\\\/1-de-cada-18-ecuatorianos-padece-de-diabetes\\\/#primaryimage\"},\"image\":{\"@id\":\"https:\\\/\\\/www.quebakan.com\\\/v15\\\/1-de-cada-18-ecuatorianos-padece-de-diabetes\\\/#primaryimage\"},\"thumbnailUrl\":\"https:\\\/\\\/www.quebakan.com\\\/v15\\\/wp-content\\\/uploads\\\/2025\\\/12\\\/02-0603_Boehringer_DailyLife_Adult_HealthyMealPrep_RGB.jpg\",\"datePublished\":\"2025-12-09T00:39:52+00:00\",\"breadcrumb\":{\"@id\":\"https:\\\/\\\/www.quebakan.com\\\/v15\\\/1-de-cada-18-ecuatorianos-padece-de-diabetes\\\/#breadcrumb\"},\"inLanguage\":\"es\",\"potentialAction\":[{\"@type\":\"ReadAction\",\"target\":[\"https:\\\/\\\/www.quebakan.com\\\/v15\\\/1-de-cada-18-ecuatorianos-padece-de-diabetes\\\/\"]}]},{\"@type\":\"ImageObject\",\"inLanguage\":\"es\",\"@id\":\"https:\\\/\\\/www.quebakan.com\\\/v15\\\/1-de-cada-18-ecuatorianos-padece-de-diabetes\\\/#primaryimage\",\"url\":\"https:\\\/\\\/www.quebakan.com\\\/v15\\\/wp-content\\\/uploads\\\/2025\\\/12\\\/02-0603_Boehringer_DailyLife_Adult_HealthyMealPrep_RGB.jpg\",\"contentUrl\":\"https:\\\/\\\/www.quebakan.com\\\/v15\\\/wp-content\\\/uploads\\\/2025\\\/12\\\/02-0603_Boehringer_DailyLife_Adult_HealthyMealPrep_RGB.jpg\",\"width\":700,\"height\":466},{\"@type\":\"BreadcrumbList\",\"@id\":\"https:\\\/\\\/www.quebakan.com\\\/v15\\\/1-de-cada-18-ecuatorianos-padece-de-diabetes\\\/#breadcrumb\",\"itemListElement\":[{\"@type\":\"ListItem\",\"position\":1,\"name\":\"Portada\",\"item\":\"https:\\\/\\\/www.quebakan.com\\\/v15\\\/\"},{\"@type\":\"ListItem\",\"position\":2,\"name\":\"1 de cada 18 ecuatorianos padece de diabetes\"}]},{\"@type\":\"WebSite\",\"@id\":\"https:\\\/\\\/www.quebakan.com\\\/v15\\\/#website\",\"url\":\"https:\\\/\\\/www.quebakan.com\\\/v15\\\/\",\"name\":\"QUEBAKAN\",\"description\":\"..\",\"publisher\":{\"@id\":\"https:\\\/\\\/www.quebakan.com\\\/v15\\\/#organization\"},\"potentialAction\":[{\"@type\":\"SearchAction\",\"target\":{\"@type\":\"EntryPoint\",\"urlTemplate\":\"https:\\\/\\\/www.quebakan.com\\\/v15\\\/?s={search_term_string}\"},\"query-input\":{\"@type\":\"PropertyValueSpecification\",\"valueRequired\":true,\"valueName\":\"search_term_string\"}}],\"inLanguage\":\"es\"},{\"@type\":\"Organization\",\"@id\":\"https:\\\/\\\/www.quebakan.com\\\/v15\\\/#organization\",\"name\":\"Quebakan.com\",\"url\":\"https:\\\/\\\/www.quebakan.com\\\/v15\\\/\",\"logo\":{\"@type\":\"ImageObject\",\"inLanguage\":\"es\",\"@id\":\"https:\\\/\\\/www.quebakan.com\\\/v15\\\/#\\\/schema\\\/logo\\\/image\\\/\",\"url\":\"https:\\\/\\\/www.quebakan.com\\\/v15\\\/wp-content\\\/uploads\\\/2023\\\/07\\\/logoquebakanenero2021.jpg\",\"contentUrl\":\"https:\\\/\\\/www.quebakan.com\\\/v15\\\/wp-content\\\/uploads\\\/2023\\\/07\\\/logoquebakanenero2021.jpg\",\"width\":1920,\"height\":1080,\"caption\":\"Quebakan.com\"},\"image\":{\"@id\":\"https:\\\/\\\/www.quebakan.com\\\/v15\\\/#\\\/schema\\\/logo\\\/image\\\/\"},\"sameAs\":[\"http:\\\/\\\/www.facebook.com\\\/quebakan\",\"https:\\\/\\\/x.com\\\/quebakanec\",\"http:\\\/\\\/www.instagram.com\\\/quebakan\",\"http:\\\/\\\/www.youtube.com\\\/quebakan1\"]},{\"@type\":\"Person\",\"@id\":\"https:\\\/\\\/www.quebakan.com\\\/v15\\\/#\\\/schema\\\/person\\\/d90fa9f9cfa81eb8ace9811e5b7b9118\",\"name\":\"Erick Villafuerte\",\"image\":{\"@type\":\"ImageObject\",\"inLanguage\":\"es\",\"@id\":\"https:\\\/\\\/www.quebakan.com\\\/v15\\\/wp-content\\\/uploads\\\/avatars\\\/4\\\/1731297654-bpfull.png\",\"url\":\"https:\\\/\\\/www.quebakan.com\\\/v15\\\/wp-content\\\/uploads\\\/avatars\\\/4\\\/1731297654-bpfull.png\",\"contentUrl\":\"https:\\\/\\\/www.quebakan.com\\\/v15\\\/wp-content\\\/uploads\\\/avatars\\\/4\\\/1731297654-bpfull.png\",\"caption\":\"Erick Villafuerte\"}}]}<\/script>\n<!-- \/ Yoast SEO plugin. -->","yoast_head_json":{"title":"1 de cada 18 ecuatorianos padece de diabetes &#8211; QUEBAKAN.COM 2026: Noticias, Eventos, Conciertos y mucho m\u00e1s....","robots":{"index":"index","follow":"follow","max-snippet":"max-snippet:-1","max-image-preview":"max-image-preview:large","max-video-preview":"max-video-preview:-1"},"canonical":"https:\/\/www.quebakan.com\/v15\/1-de-cada-18-ecuatorianos-padece-de-diabetes\/","og_locale":"es_ES","og_type":"article","og_title":"1 de cada 18 ecuatorianos padece de diabetes &#8211; QUEBAKAN.COM 2026: Noticias, Eventos, Conciertos y mucho m\u00e1s....","og_description":"Un estilo de vida saludable es fundamental para la prevenci\u00f3n de la enfermedad. Quito, diciembre de 2025.- Seg\u00fan datos de la Encuesta Nacional de Prevalencia de Diabetes y Factores Asociados, la diabetes afecta al 5,53% de la poblaci\u00f3n, es decir 1 de cada 18 ecuatorianos padece esta enfermedad. Adem\u00e1s, la Federaci\u00f3n Internacional de Diabetes advierte [&hellip;]","og_url":"https:\/\/www.quebakan.com\/v15\/1-de-cada-18-ecuatorianos-padece-de-diabetes\/","og_site_name":"QUEBAKAN.COM 2026: Noticias, Eventos, Conciertos y mucho m\u00e1s....","article_publisher":"http:\/\/www.facebook.com\/quebakan","article_published_time":"2025-12-09T00:39:52+00:00","og_image":[{"width":700,"height":466,"url":"https:\/\/www.quebakan.com\/v15\/wp-content\/uploads\/2025\/12\/02-0603_Boehringer_DailyLife_Adult_HealthyMealPrep_RGB.jpg","type":"image\/jpeg"}],"author":"Erick Villafuerte","twitter_card":"summary_large_image","twitter_creator":"@quebakanec","twitter_site":"@quebakanec","twitter_misc":{"Escrito por":"Erick Villafuerte","Tiempo de lectura":"5 minutos"},"schema":{"@context":"https:\/\/schema.org","@graph":[{"@type":"Article","@id":"https:\/\/www.quebakan.com\/v15\/1-de-cada-18-ecuatorianos-padece-de-diabetes\/#article","isPartOf":{"@id":"https:\/\/www.quebakan.com\/v15\/1-de-cada-18-ecuatorianos-padece-de-diabetes\/"},"author":{"name":"Erick Villafuerte","@id":"https:\/\/www.quebakan.com\/v15\/#\/schema\/person\/d90fa9f9cfa81eb8ace9811e5b7b9118"},"headline":"1 de cada 18 ecuatorianos padece de diabetes","datePublished":"2025-12-09T00:39:52+00:00","mainEntityOfPage":{"@id":"https:\/\/www.quebakan.com\/v15\/1-de-cada-18-ecuatorianos-padece-de-diabetes\/"},"wordCount":974,"publisher":{"@id":"https:\/\/www.quebakan.com\/v15\/#organization"},"image":{"@id":"https:\/\/www.quebakan.com\/v15\/1-de-cada-18-ecuatorianos-padece-de-diabetes\/#primaryimage"},"thumbnailUrl":"https:\/\/www.quebakan.com\/v15\/wp-content\/uploads\/2025\/12\/02-0603_Boehringer_DailyLife_Adult_HealthyMealPrep_RGB.jpg","articleSection":["Noticias"],"inLanguage":"es"},{"@type":"WebPage","@id":"https:\/\/www.quebakan.com\/v15\/1-de-cada-18-ecuatorianos-padece-de-diabetes\/","url":"https:\/\/www.quebakan.com\/v15\/1-de-cada-18-ecuatorianos-padece-de-diabetes\/","name":"1 de cada 18 ecuatorianos padece de diabetes &#8211; QUEBAKAN.COM 2026: Noticias, Eventos, Conciertos y mucho m\u00e1s....","isPartOf":{"@id":"https:\/\/www.quebakan.com\/v15\/#website"},"primaryImageOfPage":{"@id":"https:\/\/www.quebakan.com\/v15\/1-de-cada-18-ecuatorianos-padece-de-diabetes\/#primaryimage"},"image":{"@id":"https:\/\/www.quebakan.com\/v15\/1-de-cada-18-ecuatorianos-padece-de-diabetes\/#primaryimage"},"thumbnailUrl":"https:\/\/www.quebakan.com\/v15\/wp-content\/uploads\/2025\/12\/02-0603_Boehringer_DailyLife_Adult_HealthyMealPrep_RGB.jpg","datePublished":"2025-12-09T00:39:52+00:00","breadcrumb":{"@id":"https:\/\/www.quebakan.com\/v15\/1-de-cada-18-ecuatorianos-padece-de-diabetes\/#breadcrumb"},"inLanguage":"es","potentialAction":[{"@type":"ReadAction","target":["https:\/\/www.quebakan.com\/v15\/1-de-cada-18-ecuatorianos-padece-de-diabetes\/"]}]},{"@type":"ImageObject","inLanguage":"es","@id":"https:\/\/www.quebakan.com\/v15\/1-de-cada-18-ecuatorianos-padece-de-diabetes\/#primaryimage","url":"https:\/\/www.quebakan.com\/v15\/wp-content\/uploads\/2025\/12\/02-0603_Boehringer_DailyLife_Adult_HealthyMealPrep_RGB.jpg","contentUrl":"https:\/\/www.quebakan.com\/v15\/wp-content\/uploads\/2025\/12\/02-0603_Boehringer_DailyLife_Adult_HealthyMealPrep_RGB.jpg","width":700,"height":466},{"@type":"BreadcrumbList","@id":"https:\/\/www.quebakan.com\/v15\/1-de-cada-18-ecuatorianos-padece-de-diabetes\/#breadcrumb","itemListElement":[{"@type":"ListItem","position":1,"name":"Portada","item":"https:\/\/www.quebakan.com\/v15\/"},{"@type":"ListItem","position":2,"name":"1 de cada 18 ecuatorianos padece de diabetes"}]},{"@type":"WebSite","@id":"https:\/\/www.quebakan.com\/v15\/#website","url":"https:\/\/www.quebakan.com\/v15\/","name":"QUEBAKAN","description":"..","publisher":{"@id":"https:\/\/www.quebakan.com\/v15\/#organization"},"potentialAction":[{"@type":"SearchAction","target":{"@type":"EntryPoint","urlTemplate":"https:\/\/www.quebakan.com\/v15\/?s={search_term_string}"},"query-input":{"@type":"PropertyValueSpecification","valueRequired":true,"valueName":"search_term_string"}}],"inLanguage":"es"},{"@type":"Organization","@id":"https:\/\/www.quebakan.com\/v15\/#organization","name":"Quebakan.com","url":"https:\/\/www.quebakan.com\/v15\/","logo":{"@type":"ImageObject","inLanguage":"es","@id":"https:\/\/www.quebakan.com\/v15\/#\/schema\/logo\/image\/","url":"https:\/\/www.quebakan.com\/v15\/wp-content\/uploads\/2023\/07\/logoquebakanenero2021.jpg","contentUrl":"https:\/\/www.quebakan.com\/v15\/wp-content\/uploads\/2023\/07\/logoquebakanenero2021.jpg","width":1920,"height":1080,"caption":"Quebakan.com"},"image":{"@id":"https:\/\/www.quebakan.com\/v15\/#\/schema\/logo\/image\/"},"sameAs":["http:\/\/www.facebook.com\/quebakan","https:\/\/x.com\/quebakanec","http:\/\/www.instagram.com\/quebakan","http:\/\/www.youtube.com\/quebakan1"]},{"@type":"Person","@id":"https:\/\/www.quebakan.com\/v15\/#\/schema\/person\/d90fa9f9cfa81eb8ace9811e5b7b9118","name":"Erick Villafuerte","image":{"@type":"ImageObject","inLanguage":"es","@id":"https:\/\/www.quebakan.com\/v15\/wp-content\/uploads\/avatars\/4\/1731297654-bpfull.png","url":"https:\/\/www.quebakan.com\/v15\/wp-content\/uploads\/avatars\/4\/1731297654-bpfull.png","contentUrl":"https:\/\/www.quebakan.com\/v15\/wp-content\/uploads\/avatars\/4\/1731297654-bpfull.png","caption":"Erick Villafuerte"}}]}},"_links":{"self":[{"href":"https:\/\/www.quebakan.com\/v15\/wp-json\/wp\/v2\/posts\/138215","targetHints":{"allow":["GET"]}}],"collection":[{"href":"https:\/\/www.quebakan.com\/v15\/wp-json\/wp\/v2\/posts"}],"about":[{"href":"https:\/\/www.quebakan.com\/v15\/wp-json\/wp\/v2\/types\/post"}],"author":[{"embeddable":true,"href":"https:\/\/www.quebakan.com\/v15\/wp-json\/wp\/v2\/users\/4"}],"replies":[{"embeddable":true,"href":"https:\/\/www.quebakan.com\/v15\/wp-json\/wp\/v2\/comments?post=138215"}],"version-history":[{"count":1,"href":"https:\/\/www.quebakan.com\/v15\/wp-json\/wp\/v2\/posts\/138215\/revisions"}],"predecessor-version":[{"id":138217,"href":"https:\/\/www.quebakan.com\/v15\/wp-json\/wp\/v2\/posts\/138215\/revisions\/138217"}],"wp:featuredmedia":[{"embeddable":true,"href":"https:\/\/www.quebakan.com\/v15\/wp-json\/wp\/v2\/media\/138216"}],"wp:attachment":[{"href":"https:\/\/www.quebakan.com\/v15\/wp-json\/wp\/v2\/media?parent=138215"}],"wp:term":[{"taxonomy":"category","embeddable":true,"href":"https:\/\/www.quebakan.com\/v15\/wp-json\/wp\/v2\/categories?post=138215"},{"taxonomy":"post_tag","embeddable":true,"href":"https:\/\/www.quebakan.com\/v15\/wp-json\/wp\/v2\/tags?post=138215"}],"curies":[{"name":"wp","href":"https:\/\/api.w.org\/{rel}","templated":true}]}}