{"id":138218,"date":"2025-12-08T20:38:35","date_gmt":"2025-12-09T01:38:35","guid":{"rendered":"https:\/\/www.quebakan.com\/v15\/?p=138218"},"modified":"2025-12-08T20:38:35","modified_gmt":"2025-12-09T01:38:35","slug":"naiza-y-axel-ecuador-mexico-sin-escalas-presentan-como-antes","status":"publish","type":"post","link":"https:\/\/www.quebakan.com\/v15\/naiza-y-axel-ecuador-mexico-sin-escalas-presentan-como-antes\/","title":{"rendered":"NAIZA Y AXEL: ECUADOR\u2013M\u00c9XICO SIN ESCALAS PRESENTAN, \u201cCOMO ANTES\u201d"},"content":{"rendered":"<p><img fetchpriority=\"high\" decoding=\"async\" class=\"aligncenter size-full wp-image-138219\" src=\"https:\/\/www.quebakan.com\/v15\/wp-content\/uploads\/2025\/12\/NAIZA-Y-AXEL.jpg\" alt=\"\" width=\"710\" height=\"473\" \/><\/p>\n<p style=\"text-align: justify;\"><strong><span style=\"color: #000000;\">Guayaquil \/ Ciudad de M\u00e9xico 2025.- <\/span><\/strong><span style=\"color: #000000;\">Los artistas Naiza (Ecuador) y Axel Mu\u00f1iz (M\u00e9xico) presentan \u201cComo Antes\u201d, una <\/span><span style=\"color: #000000;\">colaboraci\u00f3n que conecta dos pa\u00edses hermanos sin escalas y que revive la esencia del pop <\/span><span style=\"color: #000000;\">rom\u00e1ntico latino, ahora con una mirada moderna, honesta y profundamente emocional.<\/span><\/p>\n<p style=\"text-align: justify;\"><span style=\"color: #000000;\">Seg\u00fan el press kit oficial del lanzamiento, \u201cComo Antes\u201d es un tema que evoca la nostalgia de <\/span><span style=\"color: #000000;\">los momentos en que el amor flu\u00eda con naturalidad, antes de que el tiempo transformara las <\/span><span style=\"color: #000000;\">circunstancias. Con voces complementarias y una producci\u00f3n cuidada, Axel y Naiza <\/span><span style=\"color: #000000;\">construyen un viaje musical \u00edntimo que invita a mirar atr\u00e1s con ternura, pero tambi\u00e9n con <\/span><span style=\"color: #000000;\">madurez.<\/span><\/p>\n<p style=\"text-align: justify;\"><strong><span style=\"color: #000000;\">UNA COLABORACI\u00d3N DONDE AMBAS VOCES BRILLAN <\/span><\/strong><br \/>\n<span style=\"color: #000000;\">La uni\u00f3n art\u00edstica entre Naiza y Axel se dio de manera natural, permitiendo que ambos <\/span><span style=\"color: #000000;\">aporten su estilo distintivo: <\/span><br \/>\n<span style=\"color: #000000;\">\u2022 Axel, con su calidez mel\u00f3dica y sello pop caracter\u00edstico. <\/span><br \/>\n<span style=\"color: #000000;\">\u2022 Naiza, con una interpretaci\u00f3n dulce, s\u00f3lida y emocional que conecta con el p\u00fablico <\/span><span style=\"color: #000000;\">latino actual. <\/span><br \/>\n<span style=\"color: #000000;\">Lo que naci\u00f3 como una idea entre amigos termin\u00f3 transform\u00e1ndose en un proyecto con <\/span><span style=\"color: #000000;\">identidad propia, donde cada artista suma un matiz distinto a la historia. La qu\u00edmica entre <\/span><span style=\"color: #000000;\">ambos se nota en la interpretaci\u00f3n, en su energ\u00eda y en la honestidad del mensaje.<\/span><\/p>\n<p style=\"text-align: justify;\"><strong><span style=\"color: #000000;\">ECUADOR Y M\u00c9XICO: UNA L\u00cdNEA DIRECTA DE M\u00daSICA Y EMOCI\u00d3N <\/span><\/strong><br \/>\n<span style=\"color: #000000;\">\u201cPoder unir nuestras voces y contar una historia tan humana ha sido muy especial. M\u00e9xico y <\/span><span style=\"color: #000000;\">Ecuador est\u00e1n conectados por la m\u00fasica, y esta canci\u00f3n lo demuestra.\u201d \u2014Axel <\/span><br \/>\n<span style=\"color: #000000;\">\u201cCompartir con Axel esta historia tan emocional ha sido un regalo. \u2018Como Antes\u2019 es esa <\/span><span style=\"color: #000000;\">conexi\u00f3n entre pa\u00edses, emociones y recuerdos que todos llevamos dentro.\u201d \u2014Naiza <\/span><\/p>\n<p style=\"text-align: justify;\"><strong><span style=\"color: #000000;\">CR\u00c9DITOS OFICIALES <\/span><\/strong><br \/>\n<span style=\"color: #000000;\">Canci\u00f3n: Como Antes <\/span><br \/>\n<span style=\"color: #000000;\">Interpretada por: Axel Mu\u00f1iz y Naiza <\/span><br \/>\n<span style=\"color: #000000;\">Producci\u00f3n: Axel Mu\u00f1iz, Roberto Zamudio, Juan Pablo V\u00e1zquez <\/span><br \/>\n<span style=\"color: #000000;\">DISPONIBLE EN TODAS LAS PLATAFORMAS DIGITALES https:\/\/open.spotify.com\/intl<\/span><span style=\"color: #000000;\">es\/album\/7gGecbr22TF2c8nvmXZyJ2<\/span><\/p>\n","protected":false},"excerpt":{"rendered":"<p>Guayaquil \/ Ciudad de M\u00e9xico 2025.- Los artistas Naiza (Ecuador) y Axel Mu\u00f1iz (M\u00e9xico) presentan \u201cComo Antes\u201d, una colaboraci\u00f3n que conecta dos pa\u00edses hermanos sin escalas y que revive la esencia del pop rom\u00e1ntico latino, ahora con una mirada moderna, honesta y profundamente emocional. Seg\u00fan el press kit oficial del lanzamiento, \u201cComo Antes\u201d es un [&hellip;]<\/p>\n","protected":false},"author":4,"featured_media":138219,"comment_status":"closed","ping_status":"closed","sticky":false,"template":"","format":"standard","meta":{"_bbp_topic_count":0,"_bbp_reply_count":0,"_bbp_total_topic_count":0,"_bbp_total_reply_count":0,"_bbp_voice_count":0,"_bbp_anonymous_reply_count":0,"_bbp_topic_count_hidden":0,"_bbp_reply_count_hidden":0,"_bbp_forum_subforum_count":0,"buzzeditor_post_format":"","footnotes":""},"categories":[2],"tags":[],"class_list":["post-138218","post","type-post","status-publish","format-standard","has-post-thumbnail","hentry","category-noticias"],"yoast_head":"<!-- This site is optimized with the Yoast SEO plugin v27.5 - https:\/\/yoast.com\/product\/yoast-seo-wordpress\/ -->\n<title>NAIZA Y AXEL: ECUADOR\u2013M\u00c9XICO SIN ESCALAS PRESENTAN, \u201cCOMO ANTES\u201d &#8211; QUEBAKAN.COM 2026: Noticias, Eventos, Conciertos y mucho m\u00e1s....<\/title>\n<meta name=\"robots\" content=\"index, follow, max-snippet:-1, max-image-preview:large, max-video-preview:-1\" \/>\n<link rel=\"canonical\" href=\"https:\/\/www.quebakan.com\/v15\/naiza-y-axel-ecuador-mexico-sin-escalas-presentan-como-antes\/\" \/>\n<meta property=\"og:locale\" content=\"es_ES\" \/>\n<meta property=\"og:type\" content=\"article\" \/>\n<meta property=\"og:title\" content=\"NAIZA Y AXEL: ECUADOR\u2013M\u00c9XICO SIN ESCALAS PRESENTAN, \u201cCOMO ANTES\u201d &#8211; QUEBAKAN.COM 2026: Noticias, Eventos, Conciertos y mucho m\u00e1s....\" \/>\n<meta property=\"og:description\" content=\"Guayaquil \/ Ciudad de M\u00e9xico 2025.- Los artistas Naiza (Ecuador) y Axel Mu\u00f1iz (M\u00e9xico) presentan \u201cComo Antes\u201d, una colaboraci\u00f3n que conecta dos pa\u00edses hermanos sin escalas y que revive la esencia del pop rom\u00e1ntico latino, ahora con una mirada moderna, honesta y profundamente emocional. Seg\u00fan el press kit oficial del lanzamiento, \u201cComo Antes\u201d es un [&hellip;]\" \/>\n<meta property=\"og:url\" content=\"https:\/\/www.quebakan.com\/v15\/naiza-y-axel-ecuador-mexico-sin-escalas-presentan-como-antes\/\" \/>\n<meta property=\"og:site_name\" content=\"QUEBAKAN.COM 2026: Noticias, Eventos, Conciertos y mucho m\u00e1s....\" \/>\n<meta property=\"article:publisher\" content=\"http:\/\/www.facebook.com\/quebakan\" \/>\n<meta property=\"article:published_time\" content=\"2025-12-09T01:38:35+00:00\" \/>\n<meta property=\"og:image\" content=\"https:\/\/www.quebakan.com\/v15\/wp-content\/uploads\/2025\/12\/NAIZA-Y-AXEL.jpg\" \/>\n\t<meta property=\"og:image:width\" content=\"710\" \/>\n\t<meta property=\"og:image:height\" content=\"473\" \/>\n\t<meta property=\"og:image:type\" content=\"image\/jpeg\" \/>\n<meta name=\"author\" content=\"Erick Villafuerte\" \/>\n<meta name=\"twitter:card\" content=\"summary_large_image\" \/>\n<meta name=\"twitter:creator\" content=\"@quebakanec\" \/>\n<meta name=\"twitter:site\" content=\"@quebakanec\" \/>\n<meta name=\"twitter:label1\" content=\"Escrito por\" \/>\n\t<meta name=\"twitter:data1\" content=\"Erick Villafuerte\" \/>\n\t<meta name=\"twitter:label2\" content=\"Tiempo de lectura\" \/>\n\t<meta name=\"twitter:data2\" content=\"2 minutos\" \/>\n<script type=\"application\/ld+json\" class=\"yoast-schema-graph\">{\"@context\":\"https:\\\/\\\/schema.org\",\"@graph\":[{\"@type\":\"Article\",\"@id\":\"https:\\\/\\\/www.quebakan.com\\\/v15\\\/naiza-y-axel-ecuador-mexico-sin-escalas-presentan-como-antes\\\/#article\",\"isPartOf\":{\"@id\":\"https:\\\/\\\/www.quebakan.com\\\/v15\\\/naiza-y-axel-ecuador-mexico-sin-escalas-presentan-como-antes\\\/\"},\"author\":{\"name\":\"Erick Villafuerte\",\"@id\":\"https:\\\/\\\/www.quebakan.com\\\/v15\\\/#\\\/schema\\\/person\\\/d90fa9f9cfa81eb8ace9811e5b7b9118\"},\"headline\":\"NAIZA Y AXEL: ECUADOR\u2013M\u00c9XICO SIN ESCALAS PRESENTAN, \u201cCOMO ANTES\u201d\",\"datePublished\":\"2025-12-09T01:38:35+00:00\",\"mainEntityOfPage\":{\"@id\":\"https:\\\/\\\/www.quebakan.com\\\/v15\\\/naiza-y-axel-ecuador-mexico-sin-escalas-presentan-como-antes\\\/\"},\"wordCount\":346,\"publisher\":{\"@id\":\"https:\\\/\\\/www.quebakan.com\\\/v15\\\/#organization\"},\"image\":{\"@id\":\"https:\\\/\\\/www.quebakan.com\\\/v15\\\/naiza-y-axel-ecuador-mexico-sin-escalas-presentan-como-antes\\\/#primaryimage\"},\"thumbnailUrl\":\"https:\\\/\\\/www.quebakan.com\\\/v15\\\/wp-content\\\/uploads\\\/2025\\\/12\\\/NAIZA-Y-AXEL.jpg\",\"articleSection\":[\"Noticias\"],\"inLanguage\":\"es\"},{\"@type\":\"WebPage\",\"@id\":\"https:\\\/\\\/www.quebakan.com\\\/v15\\\/naiza-y-axel-ecuador-mexico-sin-escalas-presentan-como-antes\\\/\",\"url\":\"https:\\\/\\\/www.quebakan.com\\\/v15\\\/naiza-y-axel-ecuador-mexico-sin-escalas-presentan-como-antes\\\/\",\"name\":\"NAIZA Y AXEL: ECUADOR\u2013M\u00c9XICO SIN ESCALAS PRESENTAN, \u201cCOMO ANTES\u201d &#8211; QUEBAKAN.COM 2026: Noticias, Eventos, Conciertos y mucho m\u00e1s....\",\"isPartOf\":{\"@id\":\"https:\\\/\\\/www.quebakan.com\\\/v15\\\/#website\"},\"primaryImageOfPage\":{\"@id\":\"https:\\\/\\\/www.quebakan.com\\\/v15\\\/naiza-y-axel-ecuador-mexico-sin-escalas-presentan-como-antes\\\/#primaryimage\"},\"image\":{\"@id\":\"https:\\\/\\\/www.quebakan.com\\\/v15\\\/naiza-y-axel-ecuador-mexico-sin-escalas-presentan-como-antes\\\/#primaryimage\"},\"thumbnailUrl\":\"https:\\\/\\\/www.quebakan.com\\\/v15\\\/wp-content\\\/uploads\\\/2025\\\/12\\\/NAIZA-Y-AXEL.jpg\",\"datePublished\":\"2025-12-09T01:38:35+00:00\",\"breadcrumb\":{\"@id\":\"https:\\\/\\\/www.quebakan.com\\\/v15\\\/naiza-y-axel-ecuador-mexico-sin-escalas-presentan-como-antes\\\/#breadcrumb\"},\"inLanguage\":\"es\",\"potentialAction\":[{\"@type\":\"ReadAction\",\"target\":[\"https:\\\/\\\/www.quebakan.com\\\/v15\\\/naiza-y-axel-ecuador-mexico-sin-escalas-presentan-como-antes\\\/\"]}]},{\"@type\":\"ImageObject\",\"inLanguage\":\"es\",\"@id\":\"https:\\\/\\\/www.quebakan.com\\\/v15\\\/naiza-y-axel-ecuador-mexico-sin-escalas-presentan-como-antes\\\/#primaryimage\",\"url\":\"https:\\\/\\\/www.quebakan.com\\\/v15\\\/wp-content\\\/uploads\\\/2025\\\/12\\\/NAIZA-Y-AXEL.jpg\",\"contentUrl\":\"https:\\\/\\\/www.quebakan.com\\\/v15\\\/wp-content\\\/uploads\\\/2025\\\/12\\\/NAIZA-Y-AXEL.jpg\",\"width\":710,\"height\":473},{\"@type\":\"BreadcrumbList\",\"@id\":\"https:\\\/\\\/www.quebakan.com\\\/v15\\\/naiza-y-axel-ecuador-mexico-sin-escalas-presentan-como-antes\\\/#breadcrumb\",\"itemListElement\":[{\"@type\":\"ListItem\",\"position\":1,\"name\":\"Portada\",\"item\":\"https:\\\/\\\/www.quebakan.com\\\/v15\\\/\"},{\"@type\":\"ListItem\",\"position\":2,\"name\":\"NAIZA Y AXEL: ECUADOR\u2013M\u00c9XICO SIN ESCALAS PRESENTAN, \u201cCOMO ANTES\u201d\"}]},{\"@type\":\"WebSite\",\"@id\":\"https:\\\/\\\/www.quebakan.com\\\/v15\\\/#website\",\"url\":\"https:\\\/\\\/www.quebakan.com\\\/v15\\\/\",\"name\":\"QUEBAKAN\",\"description\":\"..\",\"publisher\":{\"@id\":\"https:\\\/\\\/www.quebakan.com\\\/v15\\\/#organization\"},\"potentialAction\":[{\"@type\":\"SearchAction\",\"target\":{\"@type\":\"EntryPoint\",\"urlTemplate\":\"https:\\\/\\\/www.quebakan.com\\\/v15\\\/?s={search_term_string}\"},\"query-input\":{\"@type\":\"PropertyValueSpecification\",\"valueRequired\":true,\"valueName\":\"search_term_string\"}}],\"inLanguage\":\"es\"},{\"@type\":\"Organization\",\"@id\":\"https:\\\/\\\/www.quebakan.com\\\/v15\\\/#organization\",\"name\":\"Quebakan.com\",\"url\":\"https:\\\/\\\/www.quebakan.com\\\/v15\\\/\",\"logo\":{\"@type\":\"ImageObject\",\"inLanguage\":\"es\",\"@id\":\"https:\\\/\\\/www.quebakan.com\\\/v15\\\/#\\\/schema\\\/logo\\\/image\\\/\",\"url\":\"https:\\\/\\\/www.quebakan.com\\\/v15\\\/wp-content\\\/uploads\\\/2023\\\/07\\\/logoquebakanenero2021.jpg\",\"contentUrl\":\"https:\\\/\\\/www.quebakan.com\\\/v15\\\/wp-content\\\/uploads\\\/2023\\\/07\\\/logoquebakanenero2021.jpg\",\"width\":1920,\"height\":1080,\"caption\":\"Quebakan.com\"},\"image\":{\"@id\":\"https:\\\/\\\/www.quebakan.com\\\/v15\\\/#\\\/schema\\\/logo\\\/image\\\/\"},\"sameAs\":[\"http:\\\/\\\/www.facebook.com\\\/quebakan\",\"https:\\\/\\\/x.com\\\/quebakanec\",\"http:\\\/\\\/www.instagram.com\\\/quebakan\",\"http:\\\/\\\/www.youtube.com\\\/quebakan1\"]},{\"@type\":\"Person\",\"@id\":\"https:\\\/\\\/www.quebakan.com\\\/v15\\\/#\\\/schema\\\/person\\\/d90fa9f9cfa81eb8ace9811e5b7b9118\",\"name\":\"Erick Villafuerte\",\"image\":{\"@type\":\"ImageObject\",\"inLanguage\":\"es\",\"@id\":\"https:\\\/\\\/www.quebakan.com\\\/v15\\\/wp-content\\\/uploads\\\/avatars\\\/4\\\/1731297654-bpfull.png\",\"url\":\"https:\\\/\\\/www.quebakan.com\\\/v15\\\/wp-content\\\/uploads\\\/avatars\\\/4\\\/1731297654-bpfull.png\",\"contentUrl\":\"https:\\\/\\\/www.quebakan.com\\\/v15\\\/wp-content\\\/uploads\\\/avatars\\\/4\\\/1731297654-bpfull.png\",\"caption\":\"Erick Villafuerte\"}}]}<\/script>\n<!-- \/ Yoast SEO plugin. -->","yoast_head_json":{"title":"NAIZA Y AXEL: ECUADOR\u2013M\u00c9XICO SIN ESCALAS PRESENTAN, \u201cCOMO ANTES\u201d &#8211; QUEBAKAN.COM 2026: Noticias, Eventos, Conciertos y mucho m\u00e1s....","robots":{"index":"index","follow":"follow","max-snippet":"max-snippet:-1","max-image-preview":"max-image-preview:large","max-video-preview":"max-video-preview:-1"},"canonical":"https:\/\/www.quebakan.com\/v15\/naiza-y-axel-ecuador-mexico-sin-escalas-presentan-como-antes\/","og_locale":"es_ES","og_type":"article","og_title":"NAIZA Y AXEL: ECUADOR\u2013M\u00c9XICO SIN ESCALAS PRESENTAN, \u201cCOMO ANTES\u201d &#8211; QUEBAKAN.COM 2026: Noticias, Eventos, Conciertos y mucho m\u00e1s....","og_description":"Guayaquil \/ Ciudad de M\u00e9xico 2025.- Los artistas Naiza (Ecuador) y Axel Mu\u00f1iz (M\u00e9xico) presentan \u201cComo Antes\u201d, una colaboraci\u00f3n que conecta dos pa\u00edses hermanos sin escalas y que revive la esencia del pop rom\u00e1ntico latino, ahora con una mirada moderna, honesta y profundamente emocional. Seg\u00fan el press kit oficial del lanzamiento, \u201cComo Antes\u201d es un [&hellip;]","og_url":"https:\/\/www.quebakan.com\/v15\/naiza-y-axel-ecuador-mexico-sin-escalas-presentan-como-antes\/","og_site_name":"QUEBAKAN.COM 2026: Noticias, Eventos, Conciertos y mucho m\u00e1s....","article_publisher":"http:\/\/www.facebook.com\/quebakan","article_published_time":"2025-12-09T01:38:35+00:00","og_image":[{"width":710,"height":473,"url":"https:\/\/www.quebakan.com\/v15\/wp-content\/uploads\/2025\/12\/NAIZA-Y-AXEL.jpg","type":"image\/jpeg"}],"author":"Erick Villafuerte","twitter_card":"summary_large_image","twitter_creator":"@quebakanec","twitter_site":"@quebakanec","twitter_misc":{"Escrito por":"Erick Villafuerte","Tiempo de lectura":"2 minutos"},"schema":{"@context":"https:\/\/schema.org","@graph":[{"@type":"Article","@id":"https:\/\/www.quebakan.com\/v15\/naiza-y-axel-ecuador-mexico-sin-escalas-presentan-como-antes\/#article","isPartOf":{"@id":"https:\/\/www.quebakan.com\/v15\/naiza-y-axel-ecuador-mexico-sin-escalas-presentan-como-antes\/"},"author":{"name":"Erick Villafuerte","@id":"https:\/\/www.quebakan.com\/v15\/#\/schema\/person\/d90fa9f9cfa81eb8ace9811e5b7b9118"},"headline":"NAIZA Y AXEL: ECUADOR\u2013M\u00c9XICO SIN ESCALAS PRESENTAN, \u201cCOMO ANTES\u201d","datePublished":"2025-12-09T01:38:35+00:00","mainEntityOfPage":{"@id":"https:\/\/www.quebakan.com\/v15\/naiza-y-axel-ecuador-mexico-sin-escalas-presentan-como-antes\/"},"wordCount":346,"publisher":{"@id":"https:\/\/www.quebakan.com\/v15\/#organization"},"image":{"@id":"https:\/\/www.quebakan.com\/v15\/naiza-y-axel-ecuador-mexico-sin-escalas-presentan-como-antes\/#primaryimage"},"thumbnailUrl":"https:\/\/www.quebakan.com\/v15\/wp-content\/uploads\/2025\/12\/NAIZA-Y-AXEL.jpg","articleSection":["Noticias"],"inLanguage":"es"},{"@type":"WebPage","@id":"https:\/\/www.quebakan.com\/v15\/naiza-y-axel-ecuador-mexico-sin-escalas-presentan-como-antes\/","url":"https:\/\/www.quebakan.com\/v15\/naiza-y-axel-ecuador-mexico-sin-escalas-presentan-como-antes\/","name":"NAIZA Y AXEL: ECUADOR\u2013M\u00c9XICO SIN ESCALAS PRESENTAN, \u201cCOMO ANTES\u201d &#8211; QUEBAKAN.COM 2026: Noticias, Eventos, Conciertos y mucho m\u00e1s....","isPartOf":{"@id":"https:\/\/www.quebakan.com\/v15\/#website"},"primaryImageOfPage":{"@id":"https:\/\/www.quebakan.com\/v15\/naiza-y-axel-ecuador-mexico-sin-escalas-presentan-como-antes\/#primaryimage"},"image":{"@id":"https:\/\/www.quebakan.com\/v15\/naiza-y-axel-ecuador-mexico-sin-escalas-presentan-como-antes\/#primaryimage"},"thumbnailUrl":"https:\/\/www.quebakan.com\/v15\/wp-content\/uploads\/2025\/12\/NAIZA-Y-AXEL.jpg","datePublished":"2025-12-09T01:38:35+00:00","breadcrumb":{"@id":"https:\/\/www.quebakan.com\/v15\/naiza-y-axel-ecuador-mexico-sin-escalas-presentan-como-antes\/#breadcrumb"},"inLanguage":"es","potentialAction":[{"@type":"ReadAction","target":["https:\/\/www.quebakan.com\/v15\/naiza-y-axel-ecuador-mexico-sin-escalas-presentan-como-antes\/"]}]},{"@type":"ImageObject","inLanguage":"es","@id":"https:\/\/www.quebakan.com\/v15\/naiza-y-axel-ecuador-mexico-sin-escalas-presentan-como-antes\/#primaryimage","url":"https:\/\/www.quebakan.com\/v15\/wp-content\/uploads\/2025\/12\/NAIZA-Y-AXEL.jpg","contentUrl":"https:\/\/www.quebakan.com\/v15\/wp-content\/uploads\/2025\/12\/NAIZA-Y-AXEL.jpg","width":710,"height":473},{"@type":"BreadcrumbList","@id":"https:\/\/www.quebakan.com\/v15\/naiza-y-axel-ecuador-mexico-sin-escalas-presentan-como-antes\/#breadcrumb","itemListElement":[{"@type":"ListItem","position":1,"name":"Portada","item":"https:\/\/www.quebakan.com\/v15\/"},{"@type":"ListItem","position":2,"name":"NAIZA Y AXEL: ECUADOR\u2013M\u00c9XICO SIN ESCALAS PRESENTAN, \u201cCOMO ANTES\u201d"}]},{"@type":"WebSite","@id":"https:\/\/www.quebakan.com\/v15\/#website","url":"https:\/\/www.quebakan.com\/v15\/","name":"QUEBAKAN","description":"..","publisher":{"@id":"https:\/\/www.quebakan.com\/v15\/#organization"},"potentialAction":[{"@type":"SearchAction","target":{"@type":"EntryPoint","urlTemplate":"https:\/\/www.quebakan.com\/v15\/?s={search_term_string}"},"query-input":{"@type":"PropertyValueSpecification","valueRequired":true,"valueName":"search_term_string"}}],"inLanguage":"es"},{"@type":"Organization","@id":"https:\/\/www.quebakan.com\/v15\/#organization","name":"Quebakan.com","url":"https:\/\/www.quebakan.com\/v15\/","logo":{"@type":"ImageObject","inLanguage":"es","@id":"https:\/\/www.quebakan.com\/v15\/#\/schema\/logo\/image\/","url":"https:\/\/www.quebakan.com\/v15\/wp-content\/uploads\/2023\/07\/logoquebakanenero2021.jpg","contentUrl":"https:\/\/www.quebakan.com\/v15\/wp-content\/uploads\/2023\/07\/logoquebakanenero2021.jpg","width":1920,"height":1080,"caption":"Quebakan.com"},"image":{"@id":"https:\/\/www.quebakan.com\/v15\/#\/schema\/logo\/image\/"},"sameAs":["http:\/\/www.facebook.com\/quebakan","https:\/\/x.com\/quebakanec","http:\/\/www.instagram.com\/quebakan","http:\/\/www.youtube.com\/quebakan1"]},{"@type":"Person","@id":"https:\/\/www.quebakan.com\/v15\/#\/schema\/person\/d90fa9f9cfa81eb8ace9811e5b7b9118","name":"Erick Villafuerte","image":{"@type":"ImageObject","inLanguage":"es","@id":"https:\/\/www.quebakan.com\/v15\/wp-content\/uploads\/avatars\/4\/1731297654-bpfull.png","url":"https:\/\/www.quebakan.com\/v15\/wp-content\/uploads\/avatars\/4\/1731297654-bpfull.png","contentUrl":"https:\/\/www.quebakan.com\/v15\/wp-content\/uploads\/avatars\/4\/1731297654-bpfull.png","caption":"Erick Villafuerte"}}]}},"_links":{"self":[{"href":"https:\/\/www.quebakan.com\/v15\/wp-json\/wp\/v2\/posts\/138218","targetHints":{"allow":["GET"]}}],"collection":[{"href":"https:\/\/www.quebakan.com\/v15\/wp-json\/wp\/v2\/posts"}],"about":[{"href":"https:\/\/www.quebakan.com\/v15\/wp-json\/wp\/v2\/types\/post"}],"author":[{"embeddable":true,"href":"https:\/\/www.quebakan.com\/v15\/wp-json\/wp\/v2\/users\/4"}],"replies":[{"embeddable":true,"href":"https:\/\/www.quebakan.com\/v15\/wp-json\/wp\/v2\/comments?post=138218"}],"version-history":[{"count":1,"href":"https:\/\/www.quebakan.com\/v15\/wp-json\/wp\/v2\/posts\/138218\/revisions"}],"predecessor-version":[{"id":138220,"href":"https:\/\/www.quebakan.com\/v15\/wp-json\/wp\/v2\/posts\/138218\/revisions\/138220"}],"wp:featuredmedia":[{"embeddable":true,"href":"https:\/\/www.quebakan.com\/v15\/wp-json\/wp\/v2\/media\/138219"}],"wp:attachment":[{"href":"https:\/\/www.quebakan.com\/v15\/wp-json\/wp\/v2\/media?parent=138218"}],"wp:term":[{"taxonomy":"category","embeddable":true,"href":"https:\/\/www.quebakan.com\/v15\/wp-json\/wp\/v2\/categories?post=138218"},{"taxonomy":"post_tag","embeddable":true,"href":"https:\/\/www.quebakan.com\/v15\/wp-json\/wp\/v2\/tags?post=138218"}],"curies":[{"name":"wp","href":"https:\/\/api.w.org\/{rel}","templated":true}]}}