{"id":138221,"date":"2025-12-08T20:45:48","date_gmt":"2025-12-09T01:45:48","guid":{"rendered":"https:\/\/www.quebakan.com\/v15\/?p=138221"},"modified":"2025-12-08T20:45:48","modified_gmt":"2025-12-09T01:45:48","slug":"citymall-inaugura-su-renovada-fachada-con-show-de-luces-y-presencia-de-autoridades-de-guayaquil","status":"publish","type":"post","link":"https:\/\/www.quebakan.com\/v15\/citymall-inaugura-su-renovada-fachada-con-show-de-luces-y-presencia-de-autoridades-de-guayaquil\/","title":{"rendered":"Citymall inaugura su renovada fachada con show de luces y presencia de autoridades de Guayaquil"},"content":{"rendered":"<p><img fetchpriority=\"high\" decoding=\"async\" class=\"aligncenter size-full wp-image-138222\" src=\"https:\/\/www.quebakan.com\/v15\/wp-content\/uploads\/2025\/12\/INVITACION-.jpg\" alt=\"\" width=\"408\" height=\"725\" \/><\/p>\n<p style=\"text-align: justify;\"><span style=\"color: #000000;\">CityMall presentar\u00e1 oficialmente la renovaci\u00f3n de su fachada este mi\u00e9rcoles 10 de diciembre a las 19h00, en un evento que tendr\u00e1 como acto inaugural, un show de luces y juegos pirot\u00e9cnicos, que marcar\u00e1n el momento simb\u00f3lico de esta renovaci\u00f3n. Adem\u00e1s, el <strong>Coro Sinf\u00f3nico Comunitario de la Orquesta Sinf\u00f3nica de Guayaquil <\/strong>acompa\u00f1ar\u00e1 la jornada con una presentaci\u00f3n especial.<\/span><\/p>\n<p style=\"text-align: justify;\"><span style=\"color: #000000;\">El evento reunir\u00e1 a autoridades municipales, representantes del sector comercial y figuras destacadas de la ciudad. Entre los asistentes confirmados se encuentran el <strong>alcalde de Guayaquil, Aquiles \u00c1lvarez<\/strong>, y la <strong>Reina de Guayaquil 2025, Abby Riqueros<\/strong>, junto a otras autoridades invitadas y l\u00edderes del sector empresarial.<\/span><\/p>\n<p style=\"text-align: justify;\"><span style=\"color: #000000;\">La nueva fachada forma parte de un <strong>plan integral de modernizaci\u00f3n<\/strong> que incorpora iluminaci\u00f3n renovada, elementos arquitect\u00f3nicos contempor\u00e1neos y una imagen completamente actualizada. Con esta intervenci\u00f3n, CityMall busca fortalecer la experiencia de sus visitantes y consolidarse como un espacio seguro, moderno y atractivo para las familias guayaquile\u00f1as.<\/span><\/p>\n<p style=\"text-align: justify;\"><span style=\"color: #000000;\">CityMall reafirma as\u00ed su compromiso con Guayaquil, apostando por infraestructura de calidad y experiencias que aporten al desarrollo urbano y a la vida comunitaria de la ciudad.<\/span><\/p>\n","protected":false},"excerpt":{"rendered":"<p>CityMall presentar\u00e1 oficialmente la renovaci\u00f3n de su fachada este mi\u00e9rcoles 10 de diciembre a las 19h00, en un evento que tendr\u00e1 como acto inaugural, un show de luces y juegos pirot\u00e9cnicos, que marcar\u00e1n el momento simb\u00f3lico de esta renovaci\u00f3n. Adem\u00e1s, el Coro Sinf\u00f3nico Comunitario de la Orquesta Sinf\u00f3nica de Guayaquil acompa\u00f1ar\u00e1 la jornada con una [&hellip;]<\/p>\n","protected":false},"author":4,"featured_media":138222,"comment_status":"closed","ping_status":"closed","sticky":false,"template":"","format":"standard","meta":{"_bbp_topic_count":0,"_bbp_reply_count":0,"_bbp_total_topic_count":0,"_bbp_total_reply_count":0,"_bbp_voice_count":0,"_bbp_anonymous_reply_count":0,"_bbp_topic_count_hidden":0,"_bbp_reply_count_hidden":0,"_bbp_forum_subforum_count":0,"buzzeditor_post_format":"","footnotes":""},"categories":[2],"tags":[],"class_list":["post-138221","post","type-post","status-publish","format-standard","has-post-thumbnail","hentry","category-noticias"],"yoast_head":"<!-- This site is optimized with the Yoast SEO plugin v27.5 - https:\/\/yoast.com\/product\/yoast-seo-wordpress\/ -->\n<title>Citymall inaugura su renovada fachada con show de luces y presencia de autoridades de Guayaquil &#8211; QUEBAKAN.COM 2026: Noticias, Eventos, Conciertos y mucho m\u00e1s....<\/title>\n<meta name=\"robots\" content=\"index, follow, max-snippet:-1, max-image-preview:large, max-video-preview:-1\" \/>\n<link rel=\"canonical\" href=\"https:\/\/www.quebakan.com\/v15\/citymall-inaugura-su-renovada-fachada-con-show-de-luces-y-presencia-de-autoridades-de-guayaquil\/\" \/>\n<meta property=\"og:locale\" content=\"es_ES\" \/>\n<meta property=\"og:type\" content=\"article\" \/>\n<meta property=\"og:title\" content=\"Citymall inaugura su renovada fachada con show de luces y presencia de autoridades de Guayaquil &#8211; QUEBAKAN.COM 2026: Noticias, Eventos, Conciertos y mucho m\u00e1s....\" \/>\n<meta property=\"og:description\" content=\"CityMall presentar\u00e1 oficialmente la renovaci\u00f3n de su fachada este mi\u00e9rcoles 10 de diciembre a las 19h00, en un evento que tendr\u00e1 como acto inaugural, un show de luces y juegos pirot\u00e9cnicos, que marcar\u00e1n el momento simb\u00f3lico de esta renovaci\u00f3n. Adem\u00e1s, el Coro Sinf\u00f3nico Comunitario de la Orquesta Sinf\u00f3nica de Guayaquil acompa\u00f1ar\u00e1 la jornada con una [&hellip;]\" \/>\n<meta property=\"og:url\" content=\"https:\/\/www.quebakan.com\/v15\/citymall-inaugura-su-renovada-fachada-con-show-de-luces-y-presencia-de-autoridades-de-guayaquil\/\" \/>\n<meta property=\"og:site_name\" content=\"QUEBAKAN.COM 2026: Noticias, Eventos, Conciertos y mucho m\u00e1s....\" \/>\n<meta property=\"article:publisher\" content=\"http:\/\/www.facebook.com\/quebakan\" \/>\n<meta property=\"article:published_time\" content=\"2025-12-09T01:45:48+00:00\" \/>\n<meta property=\"og:image\" content=\"https:\/\/www.quebakan.com\/v15\/wp-content\/uploads\/2025\/12\/INVITACION-.jpg\" \/>\n\t<meta property=\"og:image:width\" content=\"408\" \/>\n\t<meta property=\"og:image:height\" content=\"725\" \/>\n\t<meta property=\"og:image:type\" content=\"image\/jpeg\" \/>\n<meta name=\"author\" content=\"Erick Villafuerte\" \/>\n<meta name=\"twitter:card\" content=\"summary_large_image\" \/>\n<meta name=\"twitter:creator\" content=\"@quebakanec\" \/>\n<meta name=\"twitter:site\" content=\"@quebakanec\" \/>\n<meta name=\"twitter:label1\" content=\"Escrito por\" \/>\n\t<meta name=\"twitter:data1\" content=\"Erick Villafuerte\" \/>\n\t<meta name=\"twitter:label2\" content=\"Tiempo de lectura\" \/>\n\t<meta name=\"twitter:data2\" content=\"2 minutos\" \/>\n<script type=\"application\/ld+json\" class=\"yoast-schema-graph\">{\"@context\":\"https:\\\/\\\/schema.org\",\"@graph\":[{\"@type\":\"Article\",\"@id\":\"https:\\\/\\\/www.quebakan.com\\\/v15\\\/citymall-inaugura-su-renovada-fachada-con-show-de-luces-y-presencia-de-autoridades-de-guayaquil\\\/#article\",\"isPartOf\":{\"@id\":\"https:\\\/\\\/www.quebakan.com\\\/v15\\\/citymall-inaugura-su-renovada-fachada-con-show-de-luces-y-presencia-de-autoridades-de-guayaquil\\\/\"},\"author\":{\"name\":\"Erick Villafuerte\",\"@id\":\"https:\\\/\\\/www.quebakan.com\\\/v15\\\/#\\\/schema\\\/person\\\/d90fa9f9cfa81eb8ace9811e5b7b9118\"},\"headline\":\"Citymall inaugura su renovada fachada con show de luces y presencia de autoridades de Guayaquil\",\"datePublished\":\"2025-12-09T01:45:48+00:00\",\"mainEntityOfPage\":{\"@id\":\"https:\\\/\\\/www.quebakan.com\\\/v15\\\/citymall-inaugura-su-renovada-fachada-con-show-de-luces-y-presencia-de-autoridades-de-guayaquil\\\/\"},\"wordCount\":208,\"publisher\":{\"@id\":\"https:\\\/\\\/www.quebakan.com\\\/v15\\\/#organization\"},\"image\":{\"@id\":\"https:\\\/\\\/www.quebakan.com\\\/v15\\\/citymall-inaugura-su-renovada-fachada-con-show-de-luces-y-presencia-de-autoridades-de-guayaquil\\\/#primaryimage\"},\"thumbnailUrl\":\"https:\\\/\\\/www.quebakan.com\\\/v15\\\/wp-content\\\/uploads\\\/2025\\\/12\\\/INVITACION-.jpg\",\"articleSection\":[\"Noticias\"],\"inLanguage\":\"es\"},{\"@type\":\"WebPage\",\"@id\":\"https:\\\/\\\/www.quebakan.com\\\/v15\\\/citymall-inaugura-su-renovada-fachada-con-show-de-luces-y-presencia-de-autoridades-de-guayaquil\\\/\",\"url\":\"https:\\\/\\\/www.quebakan.com\\\/v15\\\/citymall-inaugura-su-renovada-fachada-con-show-de-luces-y-presencia-de-autoridades-de-guayaquil\\\/\",\"name\":\"Citymall inaugura su renovada fachada con show de luces y presencia de autoridades de Guayaquil &#8211; QUEBAKAN.COM 2026: Noticias, Eventos, Conciertos y mucho m\u00e1s....\",\"isPartOf\":{\"@id\":\"https:\\\/\\\/www.quebakan.com\\\/v15\\\/#website\"},\"primaryImageOfPage\":{\"@id\":\"https:\\\/\\\/www.quebakan.com\\\/v15\\\/citymall-inaugura-su-renovada-fachada-con-show-de-luces-y-presencia-de-autoridades-de-guayaquil\\\/#primaryimage\"},\"image\":{\"@id\":\"https:\\\/\\\/www.quebakan.com\\\/v15\\\/citymall-inaugura-su-renovada-fachada-con-show-de-luces-y-presencia-de-autoridades-de-guayaquil\\\/#primaryimage\"},\"thumbnailUrl\":\"https:\\\/\\\/www.quebakan.com\\\/v15\\\/wp-content\\\/uploads\\\/2025\\\/12\\\/INVITACION-.jpg\",\"datePublished\":\"2025-12-09T01:45:48+00:00\",\"breadcrumb\":{\"@id\":\"https:\\\/\\\/www.quebakan.com\\\/v15\\\/citymall-inaugura-su-renovada-fachada-con-show-de-luces-y-presencia-de-autoridades-de-guayaquil\\\/#breadcrumb\"},\"inLanguage\":\"es\",\"potentialAction\":[{\"@type\":\"ReadAction\",\"target\":[\"https:\\\/\\\/www.quebakan.com\\\/v15\\\/citymall-inaugura-su-renovada-fachada-con-show-de-luces-y-presencia-de-autoridades-de-guayaquil\\\/\"]}]},{\"@type\":\"ImageObject\",\"inLanguage\":\"es\",\"@id\":\"https:\\\/\\\/www.quebakan.com\\\/v15\\\/citymall-inaugura-su-renovada-fachada-con-show-de-luces-y-presencia-de-autoridades-de-guayaquil\\\/#primaryimage\",\"url\":\"https:\\\/\\\/www.quebakan.com\\\/v15\\\/wp-content\\\/uploads\\\/2025\\\/12\\\/INVITACION-.jpg\",\"contentUrl\":\"https:\\\/\\\/www.quebakan.com\\\/v15\\\/wp-content\\\/uploads\\\/2025\\\/12\\\/INVITACION-.jpg\",\"width\":408,\"height\":725},{\"@type\":\"BreadcrumbList\",\"@id\":\"https:\\\/\\\/www.quebakan.com\\\/v15\\\/citymall-inaugura-su-renovada-fachada-con-show-de-luces-y-presencia-de-autoridades-de-guayaquil\\\/#breadcrumb\",\"itemListElement\":[{\"@type\":\"ListItem\",\"position\":1,\"name\":\"Portada\",\"item\":\"https:\\\/\\\/www.quebakan.com\\\/v15\\\/\"},{\"@type\":\"ListItem\",\"position\":2,\"name\":\"Citymall inaugura su renovada fachada con show de luces y presencia de autoridades de Guayaquil\"}]},{\"@type\":\"WebSite\",\"@id\":\"https:\\\/\\\/www.quebakan.com\\\/v15\\\/#website\",\"url\":\"https:\\\/\\\/www.quebakan.com\\\/v15\\\/\",\"name\":\"QUEBAKAN\",\"description\":\"..\",\"publisher\":{\"@id\":\"https:\\\/\\\/www.quebakan.com\\\/v15\\\/#organization\"},\"potentialAction\":[{\"@type\":\"SearchAction\",\"target\":{\"@type\":\"EntryPoint\",\"urlTemplate\":\"https:\\\/\\\/www.quebakan.com\\\/v15\\\/?s={search_term_string}\"},\"query-input\":{\"@type\":\"PropertyValueSpecification\",\"valueRequired\":true,\"valueName\":\"search_term_string\"}}],\"inLanguage\":\"es\"},{\"@type\":\"Organization\",\"@id\":\"https:\\\/\\\/www.quebakan.com\\\/v15\\\/#organization\",\"name\":\"Quebakan.com\",\"url\":\"https:\\\/\\\/www.quebakan.com\\\/v15\\\/\",\"logo\":{\"@type\":\"ImageObject\",\"inLanguage\":\"es\",\"@id\":\"https:\\\/\\\/www.quebakan.com\\\/v15\\\/#\\\/schema\\\/logo\\\/image\\\/\",\"url\":\"https:\\\/\\\/www.quebakan.com\\\/v15\\\/wp-content\\\/uploads\\\/2023\\\/07\\\/logoquebakanenero2021.jpg\",\"contentUrl\":\"https:\\\/\\\/www.quebakan.com\\\/v15\\\/wp-content\\\/uploads\\\/2023\\\/07\\\/logoquebakanenero2021.jpg\",\"width\":1920,\"height\":1080,\"caption\":\"Quebakan.com\"},\"image\":{\"@id\":\"https:\\\/\\\/www.quebakan.com\\\/v15\\\/#\\\/schema\\\/logo\\\/image\\\/\"},\"sameAs\":[\"http:\\\/\\\/www.facebook.com\\\/quebakan\",\"https:\\\/\\\/x.com\\\/quebakanec\",\"http:\\\/\\\/www.instagram.com\\\/quebakan\",\"http:\\\/\\\/www.youtube.com\\\/quebakan1\"]},{\"@type\":\"Person\",\"@id\":\"https:\\\/\\\/www.quebakan.com\\\/v15\\\/#\\\/schema\\\/person\\\/d90fa9f9cfa81eb8ace9811e5b7b9118\",\"name\":\"Erick Villafuerte\",\"image\":{\"@type\":\"ImageObject\",\"inLanguage\":\"es\",\"@id\":\"https:\\\/\\\/www.quebakan.com\\\/v15\\\/wp-content\\\/uploads\\\/avatars\\\/4\\\/1731297654-bpfull.png\",\"url\":\"https:\\\/\\\/www.quebakan.com\\\/v15\\\/wp-content\\\/uploads\\\/avatars\\\/4\\\/1731297654-bpfull.png\",\"contentUrl\":\"https:\\\/\\\/www.quebakan.com\\\/v15\\\/wp-content\\\/uploads\\\/avatars\\\/4\\\/1731297654-bpfull.png\",\"caption\":\"Erick Villafuerte\"}}]}<\/script>\n<!-- \/ Yoast SEO plugin. -->","yoast_head_json":{"title":"Citymall inaugura su renovada fachada con show de luces y presencia de autoridades de Guayaquil &#8211; QUEBAKAN.COM 2026: Noticias, Eventos, Conciertos y mucho m\u00e1s....","robots":{"index":"index","follow":"follow","max-snippet":"max-snippet:-1","max-image-preview":"max-image-preview:large","max-video-preview":"max-video-preview:-1"},"canonical":"https:\/\/www.quebakan.com\/v15\/citymall-inaugura-su-renovada-fachada-con-show-de-luces-y-presencia-de-autoridades-de-guayaquil\/","og_locale":"es_ES","og_type":"article","og_title":"Citymall inaugura su renovada fachada con show de luces y presencia de autoridades de Guayaquil &#8211; QUEBAKAN.COM 2026: Noticias, Eventos, Conciertos y mucho m\u00e1s....","og_description":"CityMall presentar\u00e1 oficialmente la renovaci\u00f3n de su fachada este mi\u00e9rcoles 10 de diciembre a las 19h00, en un evento que tendr\u00e1 como acto inaugural, un show de luces y juegos pirot\u00e9cnicos, que marcar\u00e1n el momento simb\u00f3lico de esta renovaci\u00f3n. Adem\u00e1s, el Coro Sinf\u00f3nico Comunitario de la Orquesta Sinf\u00f3nica de Guayaquil acompa\u00f1ar\u00e1 la jornada con una [&hellip;]","og_url":"https:\/\/www.quebakan.com\/v15\/citymall-inaugura-su-renovada-fachada-con-show-de-luces-y-presencia-de-autoridades-de-guayaquil\/","og_site_name":"QUEBAKAN.COM 2026: Noticias, Eventos, Conciertos y mucho m\u00e1s....","article_publisher":"http:\/\/www.facebook.com\/quebakan","article_published_time":"2025-12-09T01:45:48+00:00","og_image":[{"width":408,"height":725,"url":"https:\/\/www.quebakan.com\/v15\/wp-content\/uploads\/2025\/12\/INVITACION-.jpg","type":"image\/jpeg"}],"author":"Erick Villafuerte","twitter_card":"summary_large_image","twitter_creator":"@quebakanec","twitter_site":"@quebakanec","twitter_misc":{"Escrito por":"Erick Villafuerte","Tiempo de lectura":"2 minutos"},"schema":{"@context":"https:\/\/schema.org","@graph":[{"@type":"Article","@id":"https:\/\/www.quebakan.com\/v15\/citymall-inaugura-su-renovada-fachada-con-show-de-luces-y-presencia-de-autoridades-de-guayaquil\/#article","isPartOf":{"@id":"https:\/\/www.quebakan.com\/v15\/citymall-inaugura-su-renovada-fachada-con-show-de-luces-y-presencia-de-autoridades-de-guayaquil\/"},"author":{"name":"Erick Villafuerte","@id":"https:\/\/www.quebakan.com\/v15\/#\/schema\/person\/d90fa9f9cfa81eb8ace9811e5b7b9118"},"headline":"Citymall inaugura su renovada fachada con show de luces y presencia de autoridades de Guayaquil","datePublished":"2025-12-09T01:45:48+00:00","mainEntityOfPage":{"@id":"https:\/\/www.quebakan.com\/v15\/citymall-inaugura-su-renovada-fachada-con-show-de-luces-y-presencia-de-autoridades-de-guayaquil\/"},"wordCount":208,"publisher":{"@id":"https:\/\/www.quebakan.com\/v15\/#organization"},"image":{"@id":"https:\/\/www.quebakan.com\/v15\/citymall-inaugura-su-renovada-fachada-con-show-de-luces-y-presencia-de-autoridades-de-guayaquil\/#primaryimage"},"thumbnailUrl":"https:\/\/www.quebakan.com\/v15\/wp-content\/uploads\/2025\/12\/INVITACION-.jpg","articleSection":["Noticias"],"inLanguage":"es"},{"@type":"WebPage","@id":"https:\/\/www.quebakan.com\/v15\/citymall-inaugura-su-renovada-fachada-con-show-de-luces-y-presencia-de-autoridades-de-guayaquil\/","url":"https:\/\/www.quebakan.com\/v15\/citymall-inaugura-su-renovada-fachada-con-show-de-luces-y-presencia-de-autoridades-de-guayaquil\/","name":"Citymall inaugura su renovada fachada con show de luces y presencia de autoridades de Guayaquil &#8211; QUEBAKAN.COM 2026: Noticias, Eventos, Conciertos y mucho m\u00e1s....","isPartOf":{"@id":"https:\/\/www.quebakan.com\/v15\/#website"},"primaryImageOfPage":{"@id":"https:\/\/www.quebakan.com\/v15\/citymall-inaugura-su-renovada-fachada-con-show-de-luces-y-presencia-de-autoridades-de-guayaquil\/#primaryimage"},"image":{"@id":"https:\/\/www.quebakan.com\/v15\/citymall-inaugura-su-renovada-fachada-con-show-de-luces-y-presencia-de-autoridades-de-guayaquil\/#primaryimage"},"thumbnailUrl":"https:\/\/www.quebakan.com\/v15\/wp-content\/uploads\/2025\/12\/INVITACION-.jpg","datePublished":"2025-12-09T01:45:48+00:00","breadcrumb":{"@id":"https:\/\/www.quebakan.com\/v15\/citymall-inaugura-su-renovada-fachada-con-show-de-luces-y-presencia-de-autoridades-de-guayaquil\/#breadcrumb"},"inLanguage":"es","potentialAction":[{"@type":"ReadAction","target":["https:\/\/www.quebakan.com\/v15\/citymall-inaugura-su-renovada-fachada-con-show-de-luces-y-presencia-de-autoridades-de-guayaquil\/"]}]},{"@type":"ImageObject","inLanguage":"es","@id":"https:\/\/www.quebakan.com\/v15\/citymall-inaugura-su-renovada-fachada-con-show-de-luces-y-presencia-de-autoridades-de-guayaquil\/#primaryimage","url":"https:\/\/www.quebakan.com\/v15\/wp-content\/uploads\/2025\/12\/INVITACION-.jpg","contentUrl":"https:\/\/www.quebakan.com\/v15\/wp-content\/uploads\/2025\/12\/INVITACION-.jpg","width":408,"height":725},{"@type":"BreadcrumbList","@id":"https:\/\/www.quebakan.com\/v15\/citymall-inaugura-su-renovada-fachada-con-show-de-luces-y-presencia-de-autoridades-de-guayaquil\/#breadcrumb","itemListElement":[{"@type":"ListItem","position":1,"name":"Portada","item":"https:\/\/www.quebakan.com\/v15\/"},{"@type":"ListItem","position":2,"name":"Citymall inaugura su renovada fachada con show de luces y presencia de autoridades de Guayaquil"}]},{"@type":"WebSite","@id":"https:\/\/www.quebakan.com\/v15\/#website","url":"https:\/\/www.quebakan.com\/v15\/","name":"QUEBAKAN","description":"..","publisher":{"@id":"https:\/\/www.quebakan.com\/v15\/#organization"},"potentialAction":[{"@type":"SearchAction","target":{"@type":"EntryPoint","urlTemplate":"https:\/\/www.quebakan.com\/v15\/?s={search_term_string}"},"query-input":{"@type":"PropertyValueSpecification","valueRequired":true,"valueName":"search_term_string"}}],"inLanguage":"es"},{"@type":"Organization","@id":"https:\/\/www.quebakan.com\/v15\/#organization","name":"Quebakan.com","url":"https:\/\/www.quebakan.com\/v15\/","logo":{"@type":"ImageObject","inLanguage":"es","@id":"https:\/\/www.quebakan.com\/v15\/#\/schema\/logo\/image\/","url":"https:\/\/www.quebakan.com\/v15\/wp-content\/uploads\/2023\/07\/logoquebakanenero2021.jpg","contentUrl":"https:\/\/www.quebakan.com\/v15\/wp-content\/uploads\/2023\/07\/logoquebakanenero2021.jpg","width":1920,"height":1080,"caption":"Quebakan.com"},"image":{"@id":"https:\/\/www.quebakan.com\/v15\/#\/schema\/logo\/image\/"},"sameAs":["http:\/\/www.facebook.com\/quebakan","https:\/\/x.com\/quebakanec","http:\/\/www.instagram.com\/quebakan","http:\/\/www.youtube.com\/quebakan1"]},{"@type":"Person","@id":"https:\/\/www.quebakan.com\/v15\/#\/schema\/person\/d90fa9f9cfa81eb8ace9811e5b7b9118","name":"Erick Villafuerte","image":{"@type":"ImageObject","inLanguage":"es","@id":"https:\/\/www.quebakan.com\/v15\/wp-content\/uploads\/avatars\/4\/1731297654-bpfull.png","url":"https:\/\/www.quebakan.com\/v15\/wp-content\/uploads\/avatars\/4\/1731297654-bpfull.png","contentUrl":"https:\/\/www.quebakan.com\/v15\/wp-content\/uploads\/avatars\/4\/1731297654-bpfull.png","caption":"Erick Villafuerte"}}]}},"_links":{"self":[{"href":"https:\/\/www.quebakan.com\/v15\/wp-json\/wp\/v2\/posts\/138221","targetHints":{"allow":["GET"]}}],"collection":[{"href":"https:\/\/www.quebakan.com\/v15\/wp-json\/wp\/v2\/posts"}],"about":[{"href":"https:\/\/www.quebakan.com\/v15\/wp-json\/wp\/v2\/types\/post"}],"author":[{"embeddable":true,"href":"https:\/\/www.quebakan.com\/v15\/wp-json\/wp\/v2\/users\/4"}],"replies":[{"embeddable":true,"href":"https:\/\/www.quebakan.com\/v15\/wp-json\/wp\/v2\/comments?post=138221"}],"version-history":[{"count":1,"href":"https:\/\/www.quebakan.com\/v15\/wp-json\/wp\/v2\/posts\/138221\/revisions"}],"predecessor-version":[{"id":138223,"href":"https:\/\/www.quebakan.com\/v15\/wp-json\/wp\/v2\/posts\/138221\/revisions\/138223"}],"wp:featuredmedia":[{"embeddable":true,"href":"https:\/\/www.quebakan.com\/v15\/wp-json\/wp\/v2\/media\/138222"}],"wp:attachment":[{"href":"https:\/\/www.quebakan.com\/v15\/wp-json\/wp\/v2\/media?parent=138221"}],"wp:term":[{"taxonomy":"category","embeddable":true,"href":"https:\/\/www.quebakan.com\/v15\/wp-json\/wp\/v2\/categories?post=138221"},{"taxonomy":"post_tag","embeddable":true,"href":"https:\/\/www.quebakan.com\/v15\/wp-json\/wp\/v2\/tags?post=138221"}],"curies":[{"name":"wp","href":"https:\/\/api.w.org\/{rel}","templated":true}]}}