{"id":138236,"date":"2025-12-09T17:08:30","date_gmt":"2025-12-09T22:08:30","guid":{"rendered":"https:\/\/www.quebakan.com\/v15\/?p=138236"},"modified":"2025-12-09T17:08:30","modified_gmt":"2025-12-09T22:08:30","slug":"nestle-ecuador-y-espol-graduan-a-la-nueva-generacion-de-herederos-en-el-campo-impulsando-la-transformacion-del-agro-ecuatoriano","status":"publish","type":"post","link":"https:\/\/www.quebakan.com\/v15\/nestle-ecuador-y-espol-graduan-a-la-nueva-generacion-de-herederos-en-el-campo-impulsando-la-transformacion-del-agro-ecuatoriano\/","title":{"rendered":"Nestl\u00e9\u00ae Ecuador y ESPOL grad\u00faan a la nueva generaci\u00f3n de \u201cHerederos en el Campo\u201d impulsando la transformaci\u00f3n del Agro Ecuatoriano"},"content":{"rendered":"<p><img fetchpriority=\"high\" decoding=\"async\" class=\"aligncenter size-full wp-image-138237\" src=\"https:\/\/www.quebakan.com\/v15\/wp-content\/uploads\/2025\/12\/29.-Graduacion-Herederos-en-el-Campo.jpg\" alt=\"\" width=\"710\" height=\"474\" \/><\/p>\n<p style=\"text-align: center;\"><span style=\"color: #000000;\"><strong><em>Pie de foto: <\/em><\/strong><em>Graduados del programa Herederos en el Campo.<\/em><\/span><\/p>\n<p style=\"text-align: justify;\"><span style=\"color: #000000;\"><strong>Guayaquil, diciembre. &#8211;<\/strong> Nestl\u00e9 Ecuador, a trav\u00e9s de su iniciativa Plan Cacao, y la Escuela Superior Polit\u00e9cnica del Litoral (ESPOL) celebran la graduaci\u00f3n de la primera generaci\u00f3n de \u201cHerederos en el Campo\u201d, un programa de formaci\u00f3n creado para empoderar a j\u00f3venes rurales y convertir al agro en un motor de desarrollo inclusivo y sostenible en el pa\u00eds.\u00a0<\/span><span style=\"color: #000000;\">Durante cinco meses,<strong> 50 j\u00f3venes provenientes de Esmeraldas, Manab\u00ed, Los R\u00edos y Guayas<\/strong> completaron un diplomado de 100 horas que combin\u00f3 formaci\u00f3n t\u00e9cnica, visi\u00f3n empresarial y fortalecimiento de habilidades socioemocionales, con el prop\u00f3sito de profesionalizar sus unidades productivas, emprender y generar oportunidades sin dejar el campo.\u00a0<\/span><\/p>\n<p style=\"text-align: justify;\"><span style=\"color: #000000;\">Daniel Mart\u00ednez, Vicepresidente de Supply Chain de Nestl\u00e9 Ecuador, destac\u00f3 el impacto de la primera generaci\u00f3n del programa al se\u00f1alar que\u00a0\u201cEstos j\u00f3venes son la evidencia m\u00e1s clara de que invertir en el campo es apostar por el futuro del pa\u00eds. Hoy no solo culminan sus estudios, sino que se consolidan como l\u00edderes capaces de transformar el agro ecuatoriano desde sus propias comunidades.\u201d\u00a0\u00a0<\/span><\/p>\n<p style=\"text-align: justify;\"><span style=\"color: #000000;\"><strong>Un programa dise\u00f1ado para el nuevo agro ecuatoriano<\/strong>\u00a0<\/span><\/p>\n<p style=\"text-align: justify;\"><span style=\"color: #000000;\">\u00a0El diplomado fue desarrollado por expertos de la <strong>Escuela Superior Polit\u00e9cnica del Litoral (ESPOL)<\/strong> con el acompa\u00f1amiento t\u00e9cnico del equipo de Plan Cacao de Nestl\u00e9 y abord\u00f3 los principales retos del agro actual a trav\u00e9s de m\u00f3dulos como:\u00a0\u00a0<\/span><\/p>\n<ul style=\"text-align: justify;\">\n<li><span style=\"color: #000000;\"><strong>Liderazgo rural:<\/strong> organizaci\u00f3n comunitaria, toma de decisiones colaborativas y liderazgo con prop\u00f3sito en el territorio.\u00a0<\/span><\/li>\n<\/ul>\n<ul style=\"text-align: justify;\">\n<li><span style=\"color: #000000;\"><strong>Emprendimiento agr\u00edcola:<\/strong> desarrollo de modelos de negocio, identificaci\u00f3n de oportunidades en la cadena de valor del cacao y herramientas para emprender desde el campo.\u00a0<\/span><\/li>\n<\/ul>\n<ul style=\"text-align: justify;\">\n<li><span style=\"color: #000000;\"><strong>Marketing agropecuario:<\/strong> comprensi\u00f3n del mercado, identificaci\u00f3n de clientes, canales de comercializaci\u00f3n y construcci\u00f3n de marca para productos con valor agregado.\u00a0<\/span><\/li>\n<\/ul>\n<ul style=\"text-align: justify;\">\n<li><span style=\"color: #000000;\"><strong>Finanzas aplicadas al agro:<\/strong> manejo de costos, presupuestos, flujo de caja y planificaci\u00f3n financiera para asegurar la sostenibilidad de los proyectos.\u00a0<\/span><\/li>\n<\/ul>\n<ul style=\"text-align: justify;\">\n<li><span style=\"color: #000000;\"><strong>Habilidades socioemocionales y sostenibilidad:<\/strong> trabajo en equipo, comunicaci\u00f3n efectiva, liderazgo personal y pr\u00e1cticas responsables con el entorno.\u00a0<\/span><\/li>\n<\/ul>\n<p style=\"text-align: justify;\"><span style=\"color: #000000;\">\u00a0Al culminar su formaci\u00f3n, Denisse Guevara, una de las j\u00f3venes graduadas, expres\u00f3 el esp\u00edritu del programa y la fuerza de la mujer en el agro con estas palabras: <em>\u2018Ser mujer en el agro es un acto de valent\u00eda. Hoy s\u00e9 que cuento con las herramientas, el conocimiento y la determinaci\u00f3n para liderar, innovar y transformar mi comunidad. No solo heredamos la tierra, heredamos tambi\u00e9n el poder de hacerla florecer\u2019.<\/em>\u00a0<\/span><\/p>\n<p style=\"text-align: justify;\"><span style=\"color: #000000;\"><strong>Inversi\u00f3n, alianzas y visi\u00f3n de largo plazo para el campo<\/strong><\/span><\/p>\n<p style=\"text-align: justify;\"><span style=\"color: #000000;\"><strong>\u201cHerederos en el Campo\u201d forma parte de la estrategia de creaci\u00f3n de valor compartido de Nestl\u00e9 Ecuador<\/strong>, enfocada en promover un agro m\u00e1s competitivo, inclusivo y sostenible. A trav\u00e9s de <strong>Plan Cacao<\/strong>, la compa\u00f1\u00eda ha brindado asistencia t\u00e9cnica, acceso a herramientas y acompa\u00f1amiento en pr\u00e1cticas agr\u00edcolas responsables a miles de familias productoras en todo el pa\u00eds, beneficiando a <strong>m\u00e1s de 7.500 agricultores en 11 provincias<\/strong>.\u00a0<\/span><\/p>\n<p style=\"text-align: justify;\"><span style=\"color: #000000;\">Este trabajo ha impulsado la adopci\u00f3n de pr\u00e1cticas de agricultura regenerativa, la siembra de m\u00e1s de 500.000 \u00e1rboles nativos y frutales y una mejora continua en la calidad del cacao ecuatoriano gracias a la capacitaci\u00f3n en manejo postcosecha, las escuelas de agroemprendimiento y programas de certificaci\u00f3n internacional.\u00a0<\/span><\/p>\n<p style=\"text-align: justify;\"><span style=\"color: #000000;\">En este ecosistema de desarrollo rural, <strong>\u201cHerederos en el Campo\u201d se convierte en una apuesta directa por el talento joven<\/strong>, formando a l\u00edderes que eligen permanecer en sus comunidades para transformarlas. Con ello, Nestl\u00e9 Ecuador <strong>reafirma su confianza en el pa\u00eds y en su gente<\/strong>, colocando el futuro del agro en manos de una generaci\u00f3n preparada para asumir los retos de hoy y de ma\u00f1ana.\u00a0<\/span><\/p>\n<p style=\"text-align: justify;\"><span style=\"color: #000000;\">\u00a0Como parte de la alianza estrat\u00e9gica entre Nestl\u00e9 Ecuador, ESPOL y la comunidad rural, el programa fue reconocido con el premio internacional RECLA en la categor\u00eda <em>Academia\u2013Empresa<\/em>, consolid\u00e1ndose como un modelo innovador de formaci\u00f3n rural.\u00a0<\/span><\/p>\n<p style=\"text-align: justify;\"><span style=\"color: #000000;\">Adem\u00e1s, los j\u00f3venes del agro recibir\u00e1n la microcredencial <em>Habilidad en Emprendimiento Agroproductivo en Cacao<\/em>, mientras que los formadores de formadores obtendr\u00e1n la microcredencial <em>Habilidad en Facilitaci\u00f3n Comunitaria para Procesos de Aprendizaje Rural<\/em>. Ambas credenciales se emitir\u00e1n en formato digital NFT sobre Blockchain, reconocida a nivel mundial, lo que fortalecer\u00e1 su empleabilidad.\u00a0<\/span><\/p>\n","protected":false},"excerpt":{"rendered":"<p>Pie de foto: Graduados del programa Herederos en el Campo. Guayaquil, diciembre. &#8211; Nestl\u00e9 Ecuador, a trav\u00e9s de su iniciativa Plan Cacao, y la Escuela Superior Polit\u00e9cnica del Litoral (ESPOL) celebran la graduaci\u00f3n de la primera generaci\u00f3n de \u201cHerederos en el Campo\u201d, un programa de formaci\u00f3n creado para empoderar a j\u00f3venes rurales y convertir al [&hellip;]<\/p>\n","protected":false},"author":4,"featured_media":138237,"comment_status":"closed","ping_status":"closed","sticky":false,"template":"","format":"standard","meta":{"_bbp_topic_count":0,"_bbp_reply_count":0,"_bbp_total_topic_count":0,"_bbp_total_reply_count":0,"_bbp_voice_count":0,"_bbp_anonymous_reply_count":0,"_bbp_topic_count_hidden":0,"_bbp_reply_count_hidden":0,"_bbp_forum_subforum_count":0,"buzzeditor_post_format":"","footnotes":""},"categories":[2],"tags":[],"class_list":["post-138236","post","type-post","status-publish","format-standard","has-post-thumbnail","hentry","category-noticias"],"yoast_head":"<!-- This site is optimized with the Yoast SEO plugin v27.5 - https:\/\/yoast.com\/product\/yoast-seo-wordpress\/ -->\n<title>Nestl\u00e9\u00ae Ecuador y ESPOL grad\u00faan a la nueva generaci\u00f3n de \u201cHerederos en el Campo\u201d impulsando la transformaci\u00f3n del Agro Ecuatoriano &#8211; QUEBAKAN.COM 2026: Noticias, Eventos, Conciertos y mucho m\u00e1s....<\/title>\n<meta name=\"robots\" content=\"index, follow, max-snippet:-1, max-image-preview:large, max-video-preview:-1\" \/>\n<link rel=\"canonical\" href=\"https:\/\/www.quebakan.com\/v15\/nestle-ecuador-y-espol-graduan-a-la-nueva-generacion-de-herederos-en-el-campo-impulsando-la-transformacion-del-agro-ecuatoriano\/\" \/>\n<meta property=\"og:locale\" content=\"es_ES\" \/>\n<meta property=\"og:type\" content=\"article\" \/>\n<meta property=\"og:title\" content=\"Nestl\u00e9\u00ae Ecuador y ESPOL grad\u00faan a la nueva generaci\u00f3n de \u201cHerederos en el Campo\u201d impulsando la transformaci\u00f3n del Agro Ecuatoriano &#8211; QUEBAKAN.COM 2026: Noticias, Eventos, Conciertos y mucho m\u00e1s....\" \/>\n<meta property=\"og:description\" content=\"Pie de foto: Graduados del programa Herederos en el Campo. Guayaquil, diciembre. &#8211; Nestl\u00e9 Ecuador, a trav\u00e9s de su iniciativa Plan Cacao, y la Escuela Superior Polit\u00e9cnica del Litoral (ESPOL) celebran la graduaci\u00f3n de la primera generaci\u00f3n de \u201cHerederos en el Campo\u201d, un programa de formaci\u00f3n creado para empoderar a j\u00f3venes rurales y convertir al [&hellip;]\" \/>\n<meta property=\"og:url\" content=\"https:\/\/www.quebakan.com\/v15\/nestle-ecuador-y-espol-graduan-a-la-nueva-generacion-de-herederos-en-el-campo-impulsando-la-transformacion-del-agro-ecuatoriano\/\" \/>\n<meta property=\"og:site_name\" content=\"QUEBAKAN.COM 2026: Noticias, Eventos, Conciertos y mucho m\u00e1s....\" \/>\n<meta property=\"article:publisher\" content=\"http:\/\/www.facebook.com\/quebakan\" \/>\n<meta property=\"article:published_time\" content=\"2025-12-09T22:08:30+00:00\" \/>\n<meta property=\"og:image\" content=\"https:\/\/www.quebakan.com\/v15\/wp-content\/uploads\/2025\/12\/29.-Graduacion-Herederos-en-el-Campo.jpg\" \/>\n\t<meta property=\"og:image:width\" content=\"710\" \/>\n\t<meta property=\"og:image:height\" content=\"474\" \/>\n\t<meta property=\"og:image:type\" content=\"image\/jpeg\" \/>\n<meta name=\"author\" content=\"Erick Villafuerte\" \/>\n<meta name=\"twitter:card\" content=\"summary_large_image\" \/>\n<meta name=\"twitter:creator\" content=\"@quebakanec\" \/>\n<meta name=\"twitter:site\" content=\"@quebakanec\" \/>\n<meta name=\"twitter:label1\" content=\"Escrito por\" \/>\n\t<meta name=\"twitter:data1\" content=\"Erick Villafuerte\" \/>\n\t<meta name=\"twitter:label2\" content=\"Tiempo de lectura\" \/>\n\t<meta name=\"twitter:data2\" content=\"4 minutos\" \/>\n<script type=\"application\/ld+json\" class=\"yoast-schema-graph\">{\"@context\":\"https:\\\/\\\/schema.org\",\"@graph\":[{\"@type\":\"Article\",\"@id\":\"https:\\\/\\\/www.quebakan.com\\\/v15\\\/nestle-ecuador-y-espol-graduan-a-la-nueva-generacion-de-herederos-en-el-campo-impulsando-la-transformacion-del-agro-ecuatoriano\\\/#article\",\"isPartOf\":{\"@id\":\"https:\\\/\\\/www.quebakan.com\\\/v15\\\/nestle-ecuador-y-espol-graduan-a-la-nueva-generacion-de-herederos-en-el-campo-impulsando-la-transformacion-del-agro-ecuatoriano\\\/\"},\"author\":{\"name\":\"Erick Villafuerte\",\"@id\":\"https:\\\/\\\/www.quebakan.com\\\/v15\\\/#\\\/schema\\\/person\\\/d90fa9f9cfa81eb8ace9811e5b7b9118\"},\"headline\":\"Nestl\u00e9\u00ae Ecuador y ESPOL grad\u00faan a la nueva generaci\u00f3n de \u201cHerederos en el Campo\u201d impulsando la transformaci\u00f3n del Agro Ecuatoriano\",\"datePublished\":\"2025-12-09T22:08:30+00:00\",\"mainEntityOfPage\":{\"@id\":\"https:\\\/\\\/www.quebakan.com\\\/v15\\\/nestle-ecuador-y-espol-graduan-a-la-nueva-generacion-de-herederos-en-el-campo-impulsando-la-transformacion-del-agro-ecuatoriano\\\/\"},\"wordCount\":754,\"publisher\":{\"@id\":\"https:\\\/\\\/www.quebakan.com\\\/v15\\\/#organization\"},\"image\":{\"@id\":\"https:\\\/\\\/www.quebakan.com\\\/v15\\\/nestle-ecuador-y-espol-graduan-a-la-nueva-generacion-de-herederos-en-el-campo-impulsando-la-transformacion-del-agro-ecuatoriano\\\/#primaryimage\"},\"thumbnailUrl\":\"https:\\\/\\\/www.quebakan.com\\\/v15\\\/wp-content\\\/uploads\\\/2025\\\/12\\\/29.-Graduacion-Herederos-en-el-Campo.jpg\",\"articleSection\":[\"Noticias\"],\"inLanguage\":\"es\"},{\"@type\":\"WebPage\",\"@id\":\"https:\\\/\\\/www.quebakan.com\\\/v15\\\/nestle-ecuador-y-espol-graduan-a-la-nueva-generacion-de-herederos-en-el-campo-impulsando-la-transformacion-del-agro-ecuatoriano\\\/\",\"url\":\"https:\\\/\\\/www.quebakan.com\\\/v15\\\/nestle-ecuador-y-espol-graduan-a-la-nueva-generacion-de-herederos-en-el-campo-impulsando-la-transformacion-del-agro-ecuatoriano\\\/\",\"name\":\"Nestl\u00e9\u00ae Ecuador y ESPOL grad\u00faan a la nueva generaci\u00f3n de \u201cHerederos en el Campo\u201d impulsando la transformaci\u00f3n del Agro Ecuatoriano &#8211; QUEBAKAN.COM 2026: Noticias, Eventos, Conciertos y mucho m\u00e1s....\",\"isPartOf\":{\"@id\":\"https:\\\/\\\/www.quebakan.com\\\/v15\\\/#website\"},\"primaryImageOfPage\":{\"@id\":\"https:\\\/\\\/www.quebakan.com\\\/v15\\\/nestle-ecuador-y-espol-graduan-a-la-nueva-generacion-de-herederos-en-el-campo-impulsando-la-transformacion-del-agro-ecuatoriano\\\/#primaryimage\"},\"image\":{\"@id\":\"https:\\\/\\\/www.quebakan.com\\\/v15\\\/nestle-ecuador-y-espol-graduan-a-la-nueva-generacion-de-herederos-en-el-campo-impulsando-la-transformacion-del-agro-ecuatoriano\\\/#primaryimage\"},\"thumbnailUrl\":\"https:\\\/\\\/www.quebakan.com\\\/v15\\\/wp-content\\\/uploads\\\/2025\\\/12\\\/29.-Graduacion-Herederos-en-el-Campo.jpg\",\"datePublished\":\"2025-12-09T22:08:30+00:00\",\"breadcrumb\":{\"@id\":\"https:\\\/\\\/www.quebakan.com\\\/v15\\\/nestle-ecuador-y-espol-graduan-a-la-nueva-generacion-de-herederos-en-el-campo-impulsando-la-transformacion-del-agro-ecuatoriano\\\/#breadcrumb\"},\"inLanguage\":\"es\",\"potentialAction\":[{\"@type\":\"ReadAction\",\"target\":[\"https:\\\/\\\/www.quebakan.com\\\/v15\\\/nestle-ecuador-y-espol-graduan-a-la-nueva-generacion-de-herederos-en-el-campo-impulsando-la-transformacion-del-agro-ecuatoriano\\\/\"]}]},{\"@type\":\"ImageObject\",\"inLanguage\":\"es\",\"@id\":\"https:\\\/\\\/www.quebakan.com\\\/v15\\\/nestle-ecuador-y-espol-graduan-a-la-nueva-generacion-de-herederos-en-el-campo-impulsando-la-transformacion-del-agro-ecuatoriano\\\/#primaryimage\",\"url\":\"https:\\\/\\\/www.quebakan.com\\\/v15\\\/wp-content\\\/uploads\\\/2025\\\/12\\\/29.-Graduacion-Herederos-en-el-Campo.jpg\",\"contentUrl\":\"https:\\\/\\\/www.quebakan.com\\\/v15\\\/wp-content\\\/uploads\\\/2025\\\/12\\\/29.-Graduacion-Herederos-en-el-Campo.jpg\",\"width\":710,\"height\":474},{\"@type\":\"BreadcrumbList\",\"@id\":\"https:\\\/\\\/www.quebakan.com\\\/v15\\\/nestle-ecuador-y-espol-graduan-a-la-nueva-generacion-de-herederos-en-el-campo-impulsando-la-transformacion-del-agro-ecuatoriano\\\/#breadcrumb\",\"itemListElement\":[{\"@type\":\"ListItem\",\"position\":1,\"name\":\"Portada\",\"item\":\"https:\\\/\\\/www.quebakan.com\\\/v15\\\/\"},{\"@type\":\"ListItem\",\"position\":2,\"name\":\"Nestl\u00e9\u00ae Ecuador y ESPOL grad\u00faan a la nueva generaci\u00f3n de \u201cHerederos en el Campo\u201d impulsando la transformaci\u00f3n del Agro Ecuatoriano\"}]},{\"@type\":\"WebSite\",\"@id\":\"https:\\\/\\\/www.quebakan.com\\\/v15\\\/#website\",\"url\":\"https:\\\/\\\/www.quebakan.com\\\/v15\\\/\",\"name\":\"QUEBAKAN\",\"description\":\"..\",\"publisher\":{\"@id\":\"https:\\\/\\\/www.quebakan.com\\\/v15\\\/#organization\"},\"potentialAction\":[{\"@type\":\"SearchAction\",\"target\":{\"@type\":\"EntryPoint\",\"urlTemplate\":\"https:\\\/\\\/www.quebakan.com\\\/v15\\\/?s={search_term_string}\"},\"query-input\":{\"@type\":\"PropertyValueSpecification\",\"valueRequired\":true,\"valueName\":\"search_term_string\"}}],\"inLanguage\":\"es\"},{\"@type\":\"Organization\",\"@id\":\"https:\\\/\\\/www.quebakan.com\\\/v15\\\/#organization\",\"name\":\"Quebakan.com\",\"url\":\"https:\\\/\\\/www.quebakan.com\\\/v15\\\/\",\"logo\":{\"@type\":\"ImageObject\",\"inLanguage\":\"es\",\"@id\":\"https:\\\/\\\/www.quebakan.com\\\/v15\\\/#\\\/schema\\\/logo\\\/image\\\/\",\"url\":\"https:\\\/\\\/www.quebakan.com\\\/v15\\\/wp-content\\\/uploads\\\/2023\\\/07\\\/logoquebakanenero2021.jpg\",\"contentUrl\":\"https:\\\/\\\/www.quebakan.com\\\/v15\\\/wp-content\\\/uploads\\\/2023\\\/07\\\/logoquebakanenero2021.jpg\",\"width\":1920,\"height\":1080,\"caption\":\"Quebakan.com\"},\"image\":{\"@id\":\"https:\\\/\\\/www.quebakan.com\\\/v15\\\/#\\\/schema\\\/logo\\\/image\\\/\"},\"sameAs\":[\"http:\\\/\\\/www.facebook.com\\\/quebakan\",\"https:\\\/\\\/x.com\\\/quebakanec\",\"http:\\\/\\\/www.instagram.com\\\/quebakan\",\"http:\\\/\\\/www.youtube.com\\\/quebakan1\"]},{\"@type\":\"Person\",\"@id\":\"https:\\\/\\\/www.quebakan.com\\\/v15\\\/#\\\/schema\\\/person\\\/d90fa9f9cfa81eb8ace9811e5b7b9118\",\"name\":\"Erick Villafuerte\",\"image\":{\"@type\":\"ImageObject\",\"inLanguage\":\"es\",\"@id\":\"https:\\\/\\\/www.quebakan.com\\\/v15\\\/wp-content\\\/uploads\\\/avatars\\\/4\\\/1731297654-bpfull.png\",\"url\":\"https:\\\/\\\/www.quebakan.com\\\/v15\\\/wp-content\\\/uploads\\\/avatars\\\/4\\\/1731297654-bpfull.png\",\"contentUrl\":\"https:\\\/\\\/www.quebakan.com\\\/v15\\\/wp-content\\\/uploads\\\/avatars\\\/4\\\/1731297654-bpfull.png\",\"caption\":\"Erick Villafuerte\"}}]}<\/script>\n<!-- \/ Yoast SEO plugin. -->","yoast_head_json":{"title":"Nestl\u00e9\u00ae Ecuador y ESPOL grad\u00faan a la nueva generaci\u00f3n de \u201cHerederos en el Campo\u201d impulsando la transformaci\u00f3n del Agro Ecuatoriano &#8211; QUEBAKAN.COM 2026: Noticias, Eventos, Conciertos y mucho m\u00e1s....","robots":{"index":"index","follow":"follow","max-snippet":"max-snippet:-1","max-image-preview":"max-image-preview:large","max-video-preview":"max-video-preview:-1"},"canonical":"https:\/\/www.quebakan.com\/v15\/nestle-ecuador-y-espol-graduan-a-la-nueva-generacion-de-herederos-en-el-campo-impulsando-la-transformacion-del-agro-ecuatoriano\/","og_locale":"es_ES","og_type":"article","og_title":"Nestl\u00e9\u00ae Ecuador y ESPOL grad\u00faan a la nueva generaci\u00f3n de \u201cHerederos en el Campo\u201d impulsando la transformaci\u00f3n del Agro Ecuatoriano &#8211; QUEBAKAN.COM 2026: Noticias, Eventos, Conciertos y mucho m\u00e1s....","og_description":"Pie de foto: Graduados del programa Herederos en el Campo. Guayaquil, diciembre. &#8211; Nestl\u00e9 Ecuador, a trav\u00e9s de su iniciativa Plan Cacao, y la Escuela Superior Polit\u00e9cnica del Litoral (ESPOL) celebran la graduaci\u00f3n de la primera generaci\u00f3n de \u201cHerederos en el Campo\u201d, un programa de formaci\u00f3n creado para empoderar a j\u00f3venes rurales y convertir al [&hellip;]","og_url":"https:\/\/www.quebakan.com\/v15\/nestle-ecuador-y-espol-graduan-a-la-nueva-generacion-de-herederos-en-el-campo-impulsando-la-transformacion-del-agro-ecuatoriano\/","og_site_name":"QUEBAKAN.COM 2026: Noticias, Eventos, Conciertos y mucho m\u00e1s....","article_publisher":"http:\/\/www.facebook.com\/quebakan","article_published_time":"2025-12-09T22:08:30+00:00","og_image":[{"width":710,"height":474,"url":"https:\/\/www.quebakan.com\/v15\/wp-content\/uploads\/2025\/12\/29.-Graduacion-Herederos-en-el-Campo.jpg","type":"image\/jpeg"}],"author":"Erick Villafuerte","twitter_card":"summary_large_image","twitter_creator":"@quebakanec","twitter_site":"@quebakanec","twitter_misc":{"Escrito por":"Erick Villafuerte","Tiempo de lectura":"4 minutos"},"schema":{"@context":"https:\/\/schema.org","@graph":[{"@type":"Article","@id":"https:\/\/www.quebakan.com\/v15\/nestle-ecuador-y-espol-graduan-a-la-nueva-generacion-de-herederos-en-el-campo-impulsando-la-transformacion-del-agro-ecuatoriano\/#article","isPartOf":{"@id":"https:\/\/www.quebakan.com\/v15\/nestle-ecuador-y-espol-graduan-a-la-nueva-generacion-de-herederos-en-el-campo-impulsando-la-transformacion-del-agro-ecuatoriano\/"},"author":{"name":"Erick Villafuerte","@id":"https:\/\/www.quebakan.com\/v15\/#\/schema\/person\/d90fa9f9cfa81eb8ace9811e5b7b9118"},"headline":"Nestl\u00e9\u00ae Ecuador y ESPOL grad\u00faan a la nueva generaci\u00f3n de \u201cHerederos en el Campo\u201d impulsando la transformaci\u00f3n del Agro Ecuatoriano","datePublished":"2025-12-09T22:08:30+00:00","mainEntityOfPage":{"@id":"https:\/\/www.quebakan.com\/v15\/nestle-ecuador-y-espol-graduan-a-la-nueva-generacion-de-herederos-en-el-campo-impulsando-la-transformacion-del-agro-ecuatoriano\/"},"wordCount":754,"publisher":{"@id":"https:\/\/www.quebakan.com\/v15\/#organization"},"image":{"@id":"https:\/\/www.quebakan.com\/v15\/nestle-ecuador-y-espol-graduan-a-la-nueva-generacion-de-herederos-en-el-campo-impulsando-la-transformacion-del-agro-ecuatoriano\/#primaryimage"},"thumbnailUrl":"https:\/\/www.quebakan.com\/v15\/wp-content\/uploads\/2025\/12\/29.-Graduacion-Herederos-en-el-Campo.jpg","articleSection":["Noticias"],"inLanguage":"es"},{"@type":"WebPage","@id":"https:\/\/www.quebakan.com\/v15\/nestle-ecuador-y-espol-graduan-a-la-nueva-generacion-de-herederos-en-el-campo-impulsando-la-transformacion-del-agro-ecuatoriano\/","url":"https:\/\/www.quebakan.com\/v15\/nestle-ecuador-y-espol-graduan-a-la-nueva-generacion-de-herederos-en-el-campo-impulsando-la-transformacion-del-agro-ecuatoriano\/","name":"Nestl\u00e9\u00ae Ecuador y ESPOL grad\u00faan a la nueva generaci\u00f3n de \u201cHerederos en el Campo\u201d impulsando la transformaci\u00f3n del Agro Ecuatoriano &#8211; QUEBAKAN.COM 2026: Noticias, Eventos, Conciertos y mucho m\u00e1s....","isPartOf":{"@id":"https:\/\/www.quebakan.com\/v15\/#website"},"primaryImageOfPage":{"@id":"https:\/\/www.quebakan.com\/v15\/nestle-ecuador-y-espol-graduan-a-la-nueva-generacion-de-herederos-en-el-campo-impulsando-la-transformacion-del-agro-ecuatoriano\/#primaryimage"},"image":{"@id":"https:\/\/www.quebakan.com\/v15\/nestle-ecuador-y-espol-graduan-a-la-nueva-generacion-de-herederos-en-el-campo-impulsando-la-transformacion-del-agro-ecuatoriano\/#primaryimage"},"thumbnailUrl":"https:\/\/www.quebakan.com\/v15\/wp-content\/uploads\/2025\/12\/29.-Graduacion-Herederos-en-el-Campo.jpg","datePublished":"2025-12-09T22:08:30+00:00","breadcrumb":{"@id":"https:\/\/www.quebakan.com\/v15\/nestle-ecuador-y-espol-graduan-a-la-nueva-generacion-de-herederos-en-el-campo-impulsando-la-transformacion-del-agro-ecuatoriano\/#breadcrumb"},"inLanguage":"es","potentialAction":[{"@type":"ReadAction","target":["https:\/\/www.quebakan.com\/v15\/nestle-ecuador-y-espol-graduan-a-la-nueva-generacion-de-herederos-en-el-campo-impulsando-la-transformacion-del-agro-ecuatoriano\/"]}]},{"@type":"ImageObject","inLanguage":"es","@id":"https:\/\/www.quebakan.com\/v15\/nestle-ecuador-y-espol-graduan-a-la-nueva-generacion-de-herederos-en-el-campo-impulsando-la-transformacion-del-agro-ecuatoriano\/#primaryimage","url":"https:\/\/www.quebakan.com\/v15\/wp-content\/uploads\/2025\/12\/29.-Graduacion-Herederos-en-el-Campo.jpg","contentUrl":"https:\/\/www.quebakan.com\/v15\/wp-content\/uploads\/2025\/12\/29.-Graduacion-Herederos-en-el-Campo.jpg","width":710,"height":474},{"@type":"BreadcrumbList","@id":"https:\/\/www.quebakan.com\/v15\/nestle-ecuador-y-espol-graduan-a-la-nueva-generacion-de-herederos-en-el-campo-impulsando-la-transformacion-del-agro-ecuatoriano\/#breadcrumb","itemListElement":[{"@type":"ListItem","position":1,"name":"Portada","item":"https:\/\/www.quebakan.com\/v15\/"},{"@type":"ListItem","position":2,"name":"Nestl\u00e9\u00ae Ecuador y ESPOL grad\u00faan a la nueva generaci\u00f3n de \u201cHerederos en el Campo\u201d impulsando la transformaci\u00f3n del Agro Ecuatoriano"}]},{"@type":"WebSite","@id":"https:\/\/www.quebakan.com\/v15\/#website","url":"https:\/\/www.quebakan.com\/v15\/","name":"QUEBAKAN","description":"..","publisher":{"@id":"https:\/\/www.quebakan.com\/v15\/#organization"},"potentialAction":[{"@type":"SearchAction","target":{"@type":"EntryPoint","urlTemplate":"https:\/\/www.quebakan.com\/v15\/?s={search_term_string}"},"query-input":{"@type":"PropertyValueSpecification","valueRequired":true,"valueName":"search_term_string"}}],"inLanguage":"es"},{"@type":"Organization","@id":"https:\/\/www.quebakan.com\/v15\/#organization","name":"Quebakan.com","url":"https:\/\/www.quebakan.com\/v15\/","logo":{"@type":"ImageObject","inLanguage":"es","@id":"https:\/\/www.quebakan.com\/v15\/#\/schema\/logo\/image\/","url":"https:\/\/www.quebakan.com\/v15\/wp-content\/uploads\/2023\/07\/logoquebakanenero2021.jpg","contentUrl":"https:\/\/www.quebakan.com\/v15\/wp-content\/uploads\/2023\/07\/logoquebakanenero2021.jpg","width":1920,"height":1080,"caption":"Quebakan.com"},"image":{"@id":"https:\/\/www.quebakan.com\/v15\/#\/schema\/logo\/image\/"},"sameAs":["http:\/\/www.facebook.com\/quebakan","https:\/\/x.com\/quebakanec","http:\/\/www.instagram.com\/quebakan","http:\/\/www.youtube.com\/quebakan1"]},{"@type":"Person","@id":"https:\/\/www.quebakan.com\/v15\/#\/schema\/person\/d90fa9f9cfa81eb8ace9811e5b7b9118","name":"Erick Villafuerte","image":{"@type":"ImageObject","inLanguage":"es","@id":"https:\/\/www.quebakan.com\/v15\/wp-content\/uploads\/avatars\/4\/1731297654-bpfull.png","url":"https:\/\/www.quebakan.com\/v15\/wp-content\/uploads\/avatars\/4\/1731297654-bpfull.png","contentUrl":"https:\/\/www.quebakan.com\/v15\/wp-content\/uploads\/avatars\/4\/1731297654-bpfull.png","caption":"Erick Villafuerte"}}]}},"_links":{"self":[{"href":"https:\/\/www.quebakan.com\/v15\/wp-json\/wp\/v2\/posts\/138236","targetHints":{"allow":["GET"]}}],"collection":[{"href":"https:\/\/www.quebakan.com\/v15\/wp-json\/wp\/v2\/posts"}],"about":[{"href":"https:\/\/www.quebakan.com\/v15\/wp-json\/wp\/v2\/types\/post"}],"author":[{"embeddable":true,"href":"https:\/\/www.quebakan.com\/v15\/wp-json\/wp\/v2\/users\/4"}],"replies":[{"embeddable":true,"href":"https:\/\/www.quebakan.com\/v15\/wp-json\/wp\/v2\/comments?post=138236"}],"version-history":[{"count":1,"href":"https:\/\/www.quebakan.com\/v15\/wp-json\/wp\/v2\/posts\/138236\/revisions"}],"predecessor-version":[{"id":138238,"href":"https:\/\/www.quebakan.com\/v15\/wp-json\/wp\/v2\/posts\/138236\/revisions\/138238"}],"wp:featuredmedia":[{"embeddable":true,"href":"https:\/\/www.quebakan.com\/v15\/wp-json\/wp\/v2\/media\/138237"}],"wp:attachment":[{"href":"https:\/\/www.quebakan.com\/v15\/wp-json\/wp\/v2\/media?parent=138236"}],"wp:term":[{"taxonomy":"category","embeddable":true,"href":"https:\/\/www.quebakan.com\/v15\/wp-json\/wp\/v2\/categories?post=138236"},{"taxonomy":"post_tag","embeddable":true,"href":"https:\/\/www.quebakan.com\/v15\/wp-json\/wp\/v2\/tags?post=138236"}],"curies":[{"name":"wp","href":"https:\/\/api.w.org\/{rel}","templated":true}]}}