{"id":138242,"date":"2025-12-09T17:17:07","date_gmt":"2025-12-09T22:17:07","guid":{"rendered":"https:\/\/www.quebakan.com\/v15\/?p=138242"},"modified":"2025-12-09T17:17:07","modified_gmt":"2025-12-09T22:17:07","slug":"inselec-promueve-unas-fiestas-mas-seguras-y-eficientes-con-un-manejo-inteligente-de-la-energia-electrica","status":"publish","type":"post","link":"https:\/\/www.quebakan.com\/v15\/inselec-promueve-unas-fiestas-mas-seguras-y-eficientes-con-un-manejo-inteligente-de-la-energia-electrica\/","title":{"rendered":"INSELEC promueve unas fiestas m\u00e1s seguras y eficientes, con un manejo inteligente de la energ\u00eda el\u00e9ctrica"},"content":{"rendered":"<p><img fetchpriority=\"high\" decoding=\"async\" class=\"aligncenter size-full wp-image-138243\" src=\"https:\/\/www.quebakan.com\/v15\/wp-content\/uploads\/2025\/12\/7.1.jpg\" alt=\"\" width=\"700\" height=\"467\" \/><\/p>\n<p style=\"text-align: justify;\"><span style=\"color: #000000;\"><strong>Quito, diciembre de 2025. <\/strong>\u2013 Las \u00e9pocas festivas suelen venir acompa\u00f1adas de mayor actividad en hogares, comercios e industrias, lo que incrementa el uso de energ\u00eda, especialmente por la producci\u00f3n adicional y la iluminaci\u00f3n decorativa. Seg\u00fan informaci\u00f3n del Operador Nacional de Electricidad (CENACE), Ecuador a\u00fan requiere alrededor de 866,5 megavatios de nueva generaci\u00f3n firme para atender la creciente demanda y fortalecer sus reservas de seguridad. En este contexto, el uso eficiente de la energ\u00eda se vuelve clave para el bienestar y la continuidad del desarrollo.<\/span><\/p>\n<p style=\"text-align: justify;\"><span style=\"color: #000000;\">Durante las celebraciones, el uso simult\u00e1neo de adornos luminosos, electrodom\u00e9sticos, equipos de sonido y sistemas de climatizaci\u00f3n puede generar sobrecargas y elevar el consumo. Para apoyar a los hogares, negocios e instituciones en esta temporada, INSELEC propone h\u00e1bitos pr\u00e1cticos que combinan ahorro, seguridad y confort, de manera que las fiestas puedan disfrutarse sin comprometer las instalaciones el\u00e9ctricas ni el presupuesto.<\/span><\/p>\n<p style=\"text-align: justify;\"><span style=\"color: #000000;\"><em>\u201cCreemos que la energ\u00eda se disfruta m\u00e1s cuando se usa con inteligencia. Las fiestas son una ocasi\u00f3n ideal para incorporar h\u00e1bitos que cuidan el bolsillo, refuerzan la seguridad y aportan a la estabilidad del sistema el\u00e9ctrico del pa\u00eds\u201d, <\/em>afirma Esteban Mi\u00f1o, Jefe de Proyectos El\u00e9ctricos. Con este enfoque, INSELEC recomienda las siguientes acciones:<\/span><\/p>\n<ul style=\"text-align: justify;\">\n<li><span style=\"color: #000000;\"><strong>Verificar el estado de cables,<\/strong> extensiones y conexiones antes de reuniones o eventos, evitando cables da\u00f1ados, conexiones improvisadas y adornos cercanos a materiales inflamables.<\/span><\/li>\n<li><span style=\"color: #000000;\"><strong>Evitar sobrecargar regletas y tomacorrientes<\/strong>, especialmente cuando se suman adornos luminosos y equipos de sonido temporales, para disminuir el riesgo de sobrecalentamientos y cortocircuitos.<\/span><\/li>\n<li><span style=\"color: #000000;\"><strong>Encender las luces decorativas solo cuando se est\u00e1n utilizando y<\/strong> apagarlas al salir de casa o al cerrar el local, reduciendo consumos innecesarios y favoreciendo la seguridad de las instalaciones.<\/span><\/li>\n<li><span style=\"color: #000000;\"><strong>Optar por iluminaci\u00f3n LED de calidad,<\/strong> revisando la cantidad de l\u00famenes y la etiqueta de eficiencia para obtener buena iluminaci\u00f3n con menor consumo.<\/span><\/li>\n<li><span style=\"color: #000000;\"><strong>Aprovechar los horarios de menor tarifa, <\/strong>entre las 22h00 y las 08h00, para actividades de mayor consumo como lavado o planchado, lo que ayuda a reducir el valor de la planilla.<\/span><\/li>\n<li><span style=\"color: #000000;\"><strong>Revisar de forma peri\u00f3dica la planilla el\u00e9ctrica<\/strong> para identificar cambios en el consumo y ajustar rutinas sin sacrificar confort.<\/span><\/li>\n<li><span style=\"color: #000000;\"><strong>En industrias e instituciones, implementar tecnolog\u00edas eficientes <\/strong>como variadores de velocidad y correcci\u00f3n del factor de potencia, para producir m\u00e1s con la misma energ\u00eda y mejorar la competitividad de los procesos.<\/span><\/li>\n<\/ul>\n<p style=\"text-align: justify;\"><span style=\"color: #000000;\">Gracias a su experiencia en proyectos de modernizaci\u00f3n tecnol\u00f3gica y eficiencia energ\u00e9tica junto a empresas, instituciones y hogares ecuatorianos, INSELEC ha comprobado que los cambios de h\u00e1bito generan beneficios inmediatos, entre ellos la reducci\u00f3n de riesgos, la optimizaci\u00f3n del consumo y un mayor aprovechamiento de la energ\u00eda disponible. Con visi\u00f3n de futuro, la empresa reafirma su compromiso con un Ecuador que avanza de manera eficiente y segura. Hacer de la eficiencia energ\u00e9tica una pr\u00e1ctica diaria permite celebrar con alegr\u00eda, cuidar la econom\u00eda familiar y empresarial y fortalecer un sistema el\u00e9ctrico m\u00e1s confiable para todos, en estas fiestas y a lo largo de todo el a\u00f1o.<\/span><\/p>\n<p><img decoding=\"async\" class=\"aligncenter size-full wp-image-138244\" src=\"https:\/\/www.quebakan.com\/v15\/wp-content\/uploads\/2025\/12\/7.jpg\" alt=\"\" width=\"700\" height=\"467\" \/><\/p>\n","protected":false},"excerpt":{"rendered":"<p>Quito, diciembre de 2025. \u2013 Las \u00e9pocas festivas suelen venir acompa\u00f1adas de mayor actividad en hogares, comercios e industrias, lo que incrementa el uso de energ\u00eda, especialmente por la producci\u00f3n adicional y la iluminaci\u00f3n decorativa. Seg\u00fan informaci\u00f3n del Operador Nacional de Electricidad (CENACE), Ecuador a\u00fan requiere alrededor de 866,5 megavatios de nueva generaci\u00f3n firme para [&hellip;]<\/p>\n","protected":false},"author":4,"featured_media":138243,"comment_status":"closed","ping_status":"closed","sticky":false,"template":"","format":"standard","meta":{"_bbp_topic_count":0,"_bbp_reply_count":0,"_bbp_total_topic_count":0,"_bbp_total_reply_count":0,"_bbp_voice_count":0,"_bbp_anonymous_reply_count":0,"_bbp_topic_count_hidden":0,"_bbp_reply_count_hidden":0,"_bbp_forum_subforum_count":0,"buzzeditor_post_format":"","footnotes":""},"categories":[2],"tags":[],"class_list":["post-138242","post","type-post","status-publish","format-standard","has-post-thumbnail","hentry","category-noticias"],"yoast_head":"<!-- This site is optimized with the Yoast SEO plugin v27.5 - https:\/\/yoast.com\/product\/yoast-seo-wordpress\/ -->\n<title>INSELEC promueve unas fiestas m\u00e1s seguras y eficientes, con un manejo inteligente de la energ\u00eda el\u00e9ctrica &#8211; QUEBAKAN.COM 2026: Noticias, Eventos, Conciertos y mucho m\u00e1s....<\/title>\n<meta name=\"robots\" content=\"index, follow, max-snippet:-1, max-image-preview:large, max-video-preview:-1\" \/>\n<link rel=\"canonical\" href=\"https:\/\/www.quebakan.com\/v15\/inselec-promueve-unas-fiestas-mas-seguras-y-eficientes-con-un-manejo-inteligente-de-la-energia-electrica\/\" \/>\n<meta property=\"og:locale\" content=\"es_ES\" \/>\n<meta property=\"og:type\" content=\"article\" \/>\n<meta property=\"og:title\" content=\"INSELEC promueve unas fiestas m\u00e1s seguras y eficientes, con un manejo inteligente de la energ\u00eda el\u00e9ctrica &#8211; QUEBAKAN.COM 2026: Noticias, Eventos, Conciertos y mucho m\u00e1s....\" \/>\n<meta property=\"og:description\" content=\"Quito, diciembre de 2025. \u2013 Las \u00e9pocas festivas suelen venir acompa\u00f1adas de mayor actividad en hogares, comercios e industrias, lo que incrementa el uso de energ\u00eda, especialmente por la producci\u00f3n adicional y la iluminaci\u00f3n decorativa. Seg\u00fan informaci\u00f3n del Operador Nacional de Electricidad (CENACE), Ecuador a\u00fan requiere alrededor de 866,5 megavatios de nueva generaci\u00f3n firme para [&hellip;]\" \/>\n<meta property=\"og:url\" content=\"https:\/\/www.quebakan.com\/v15\/inselec-promueve-unas-fiestas-mas-seguras-y-eficientes-con-un-manejo-inteligente-de-la-energia-electrica\/\" \/>\n<meta property=\"og:site_name\" content=\"QUEBAKAN.COM 2026: Noticias, Eventos, Conciertos y mucho m\u00e1s....\" \/>\n<meta property=\"article:publisher\" content=\"http:\/\/www.facebook.com\/quebakan\" \/>\n<meta property=\"article:published_time\" content=\"2025-12-09T22:17:07+00:00\" \/>\n<meta property=\"og:image\" content=\"https:\/\/www.quebakan.com\/v15\/wp-content\/uploads\/2025\/12\/7.1.jpg\" \/>\n\t<meta property=\"og:image:width\" content=\"700\" \/>\n\t<meta property=\"og:image:height\" content=\"467\" \/>\n\t<meta property=\"og:image:type\" content=\"image\/jpeg\" \/>\n<meta name=\"author\" content=\"Erick Villafuerte\" \/>\n<meta name=\"twitter:card\" content=\"summary_large_image\" \/>\n<meta name=\"twitter:creator\" content=\"@quebakanec\" \/>\n<meta name=\"twitter:site\" content=\"@quebakanec\" \/>\n<meta name=\"twitter:label1\" content=\"Escrito por\" \/>\n\t<meta name=\"twitter:data1\" content=\"Erick Villafuerte\" \/>\n\t<meta name=\"twitter:label2\" content=\"Tiempo de lectura\" \/>\n\t<meta name=\"twitter:data2\" content=\"3 minutos\" \/>\n<script type=\"application\/ld+json\" class=\"yoast-schema-graph\">{\"@context\":\"https:\\\/\\\/schema.org\",\"@graph\":[{\"@type\":\"Article\",\"@id\":\"https:\\\/\\\/www.quebakan.com\\\/v15\\\/inselec-promueve-unas-fiestas-mas-seguras-y-eficientes-con-un-manejo-inteligente-de-la-energia-electrica\\\/#article\",\"isPartOf\":{\"@id\":\"https:\\\/\\\/www.quebakan.com\\\/v15\\\/inselec-promueve-unas-fiestas-mas-seguras-y-eficientes-con-un-manejo-inteligente-de-la-energia-electrica\\\/\"},\"author\":{\"name\":\"Erick Villafuerte\",\"@id\":\"https:\\\/\\\/www.quebakan.com\\\/v15\\\/#\\\/schema\\\/person\\\/d90fa9f9cfa81eb8ace9811e5b7b9118\"},\"headline\":\"INSELEC promueve unas fiestas m\u00e1s seguras y eficientes, con un manejo inteligente de la energ\u00eda el\u00e9ctrica\",\"datePublished\":\"2025-12-09T22:17:07+00:00\",\"mainEntityOfPage\":{\"@id\":\"https:\\\/\\\/www.quebakan.com\\\/v15\\\/inselec-promueve-unas-fiestas-mas-seguras-y-eficientes-con-un-manejo-inteligente-de-la-energia-electrica\\\/\"},\"wordCount\":550,\"publisher\":{\"@id\":\"https:\\\/\\\/www.quebakan.com\\\/v15\\\/#organization\"},\"image\":{\"@id\":\"https:\\\/\\\/www.quebakan.com\\\/v15\\\/inselec-promueve-unas-fiestas-mas-seguras-y-eficientes-con-un-manejo-inteligente-de-la-energia-electrica\\\/#primaryimage\"},\"thumbnailUrl\":\"https:\\\/\\\/www.quebakan.com\\\/v15\\\/wp-content\\\/uploads\\\/2025\\\/12\\\/7.1.jpg\",\"articleSection\":[\"Noticias\"],\"inLanguage\":\"es\"},{\"@type\":\"WebPage\",\"@id\":\"https:\\\/\\\/www.quebakan.com\\\/v15\\\/inselec-promueve-unas-fiestas-mas-seguras-y-eficientes-con-un-manejo-inteligente-de-la-energia-electrica\\\/\",\"url\":\"https:\\\/\\\/www.quebakan.com\\\/v15\\\/inselec-promueve-unas-fiestas-mas-seguras-y-eficientes-con-un-manejo-inteligente-de-la-energia-electrica\\\/\",\"name\":\"INSELEC promueve unas fiestas m\u00e1s seguras y eficientes, con un manejo inteligente de la energ\u00eda el\u00e9ctrica &#8211; QUEBAKAN.COM 2026: Noticias, Eventos, Conciertos y mucho m\u00e1s....\",\"isPartOf\":{\"@id\":\"https:\\\/\\\/www.quebakan.com\\\/v15\\\/#website\"},\"primaryImageOfPage\":{\"@id\":\"https:\\\/\\\/www.quebakan.com\\\/v15\\\/inselec-promueve-unas-fiestas-mas-seguras-y-eficientes-con-un-manejo-inteligente-de-la-energia-electrica\\\/#primaryimage\"},\"image\":{\"@id\":\"https:\\\/\\\/www.quebakan.com\\\/v15\\\/inselec-promueve-unas-fiestas-mas-seguras-y-eficientes-con-un-manejo-inteligente-de-la-energia-electrica\\\/#primaryimage\"},\"thumbnailUrl\":\"https:\\\/\\\/www.quebakan.com\\\/v15\\\/wp-content\\\/uploads\\\/2025\\\/12\\\/7.1.jpg\",\"datePublished\":\"2025-12-09T22:17:07+00:00\",\"breadcrumb\":{\"@id\":\"https:\\\/\\\/www.quebakan.com\\\/v15\\\/inselec-promueve-unas-fiestas-mas-seguras-y-eficientes-con-un-manejo-inteligente-de-la-energia-electrica\\\/#breadcrumb\"},\"inLanguage\":\"es\",\"potentialAction\":[{\"@type\":\"ReadAction\",\"target\":[\"https:\\\/\\\/www.quebakan.com\\\/v15\\\/inselec-promueve-unas-fiestas-mas-seguras-y-eficientes-con-un-manejo-inteligente-de-la-energia-electrica\\\/\"]}]},{\"@type\":\"ImageObject\",\"inLanguage\":\"es\",\"@id\":\"https:\\\/\\\/www.quebakan.com\\\/v15\\\/inselec-promueve-unas-fiestas-mas-seguras-y-eficientes-con-un-manejo-inteligente-de-la-energia-electrica\\\/#primaryimage\",\"url\":\"https:\\\/\\\/www.quebakan.com\\\/v15\\\/wp-content\\\/uploads\\\/2025\\\/12\\\/7.1.jpg\",\"contentUrl\":\"https:\\\/\\\/www.quebakan.com\\\/v15\\\/wp-content\\\/uploads\\\/2025\\\/12\\\/7.1.jpg\",\"width\":700,\"height\":467},{\"@type\":\"BreadcrumbList\",\"@id\":\"https:\\\/\\\/www.quebakan.com\\\/v15\\\/inselec-promueve-unas-fiestas-mas-seguras-y-eficientes-con-un-manejo-inteligente-de-la-energia-electrica\\\/#breadcrumb\",\"itemListElement\":[{\"@type\":\"ListItem\",\"position\":1,\"name\":\"Portada\",\"item\":\"https:\\\/\\\/www.quebakan.com\\\/v15\\\/\"},{\"@type\":\"ListItem\",\"position\":2,\"name\":\"INSELEC promueve unas fiestas m\u00e1s seguras y eficientes, con un manejo inteligente de la energ\u00eda el\u00e9ctrica\"}]},{\"@type\":\"WebSite\",\"@id\":\"https:\\\/\\\/www.quebakan.com\\\/v15\\\/#website\",\"url\":\"https:\\\/\\\/www.quebakan.com\\\/v15\\\/\",\"name\":\"QUEBAKAN\",\"description\":\"..\",\"publisher\":{\"@id\":\"https:\\\/\\\/www.quebakan.com\\\/v15\\\/#organization\"},\"potentialAction\":[{\"@type\":\"SearchAction\",\"target\":{\"@type\":\"EntryPoint\",\"urlTemplate\":\"https:\\\/\\\/www.quebakan.com\\\/v15\\\/?s={search_term_string}\"},\"query-input\":{\"@type\":\"PropertyValueSpecification\",\"valueRequired\":true,\"valueName\":\"search_term_string\"}}],\"inLanguage\":\"es\"},{\"@type\":\"Organization\",\"@id\":\"https:\\\/\\\/www.quebakan.com\\\/v15\\\/#organization\",\"name\":\"Quebakan.com\",\"url\":\"https:\\\/\\\/www.quebakan.com\\\/v15\\\/\",\"logo\":{\"@type\":\"ImageObject\",\"inLanguage\":\"es\",\"@id\":\"https:\\\/\\\/www.quebakan.com\\\/v15\\\/#\\\/schema\\\/logo\\\/image\\\/\",\"url\":\"https:\\\/\\\/www.quebakan.com\\\/v15\\\/wp-content\\\/uploads\\\/2023\\\/07\\\/logoquebakanenero2021.jpg\",\"contentUrl\":\"https:\\\/\\\/www.quebakan.com\\\/v15\\\/wp-content\\\/uploads\\\/2023\\\/07\\\/logoquebakanenero2021.jpg\",\"width\":1920,\"height\":1080,\"caption\":\"Quebakan.com\"},\"image\":{\"@id\":\"https:\\\/\\\/www.quebakan.com\\\/v15\\\/#\\\/schema\\\/logo\\\/image\\\/\"},\"sameAs\":[\"http:\\\/\\\/www.facebook.com\\\/quebakan\",\"https:\\\/\\\/x.com\\\/quebakanec\",\"http:\\\/\\\/www.instagram.com\\\/quebakan\",\"http:\\\/\\\/www.youtube.com\\\/quebakan1\"]},{\"@type\":\"Person\",\"@id\":\"https:\\\/\\\/www.quebakan.com\\\/v15\\\/#\\\/schema\\\/person\\\/d90fa9f9cfa81eb8ace9811e5b7b9118\",\"name\":\"Erick Villafuerte\",\"image\":{\"@type\":\"ImageObject\",\"inLanguage\":\"es\",\"@id\":\"https:\\\/\\\/www.quebakan.com\\\/v15\\\/wp-content\\\/uploads\\\/avatars\\\/4\\\/1731297654-bpfull.png\",\"url\":\"https:\\\/\\\/www.quebakan.com\\\/v15\\\/wp-content\\\/uploads\\\/avatars\\\/4\\\/1731297654-bpfull.png\",\"contentUrl\":\"https:\\\/\\\/www.quebakan.com\\\/v15\\\/wp-content\\\/uploads\\\/avatars\\\/4\\\/1731297654-bpfull.png\",\"caption\":\"Erick Villafuerte\"}}]}<\/script>\n<!-- \/ Yoast SEO plugin. -->","yoast_head_json":{"title":"INSELEC promueve unas fiestas m\u00e1s seguras y eficientes, con un manejo inteligente de la energ\u00eda el\u00e9ctrica &#8211; QUEBAKAN.COM 2026: Noticias, Eventos, Conciertos y mucho m\u00e1s....","robots":{"index":"index","follow":"follow","max-snippet":"max-snippet:-1","max-image-preview":"max-image-preview:large","max-video-preview":"max-video-preview:-1"},"canonical":"https:\/\/www.quebakan.com\/v15\/inselec-promueve-unas-fiestas-mas-seguras-y-eficientes-con-un-manejo-inteligente-de-la-energia-electrica\/","og_locale":"es_ES","og_type":"article","og_title":"INSELEC promueve unas fiestas m\u00e1s seguras y eficientes, con un manejo inteligente de la energ\u00eda el\u00e9ctrica &#8211; QUEBAKAN.COM 2026: Noticias, Eventos, Conciertos y mucho m\u00e1s....","og_description":"Quito, diciembre de 2025. \u2013 Las \u00e9pocas festivas suelen venir acompa\u00f1adas de mayor actividad en hogares, comercios e industrias, lo que incrementa el uso de energ\u00eda, especialmente por la producci\u00f3n adicional y la iluminaci\u00f3n decorativa. Seg\u00fan informaci\u00f3n del Operador Nacional de Electricidad (CENACE), Ecuador a\u00fan requiere alrededor de 866,5 megavatios de nueva generaci\u00f3n firme para [&hellip;]","og_url":"https:\/\/www.quebakan.com\/v15\/inselec-promueve-unas-fiestas-mas-seguras-y-eficientes-con-un-manejo-inteligente-de-la-energia-electrica\/","og_site_name":"QUEBAKAN.COM 2026: Noticias, Eventos, Conciertos y mucho m\u00e1s....","article_publisher":"http:\/\/www.facebook.com\/quebakan","article_published_time":"2025-12-09T22:17:07+00:00","og_image":[{"width":700,"height":467,"url":"https:\/\/www.quebakan.com\/v15\/wp-content\/uploads\/2025\/12\/7.1.jpg","type":"image\/jpeg"}],"author":"Erick Villafuerte","twitter_card":"summary_large_image","twitter_creator":"@quebakanec","twitter_site":"@quebakanec","twitter_misc":{"Escrito por":"Erick Villafuerte","Tiempo de lectura":"3 minutos"},"schema":{"@context":"https:\/\/schema.org","@graph":[{"@type":"Article","@id":"https:\/\/www.quebakan.com\/v15\/inselec-promueve-unas-fiestas-mas-seguras-y-eficientes-con-un-manejo-inteligente-de-la-energia-electrica\/#article","isPartOf":{"@id":"https:\/\/www.quebakan.com\/v15\/inselec-promueve-unas-fiestas-mas-seguras-y-eficientes-con-un-manejo-inteligente-de-la-energia-electrica\/"},"author":{"name":"Erick Villafuerte","@id":"https:\/\/www.quebakan.com\/v15\/#\/schema\/person\/d90fa9f9cfa81eb8ace9811e5b7b9118"},"headline":"INSELEC promueve unas fiestas m\u00e1s seguras y eficientes, con un manejo inteligente de la energ\u00eda el\u00e9ctrica","datePublished":"2025-12-09T22:17:07+00:00","mainEntityOfPage":{"@id":"https:\/\/www.quebakan.com\/v15\/inselec-promueve-unas-fiestas-mas-seguras-y-eficientes-con-un-manejo-inteligente-de-la-energia-electrica\/"},"wordCount":550,"publisher":{"@id":"https:\/\/www.quebakan.com\/v15\/#organization"},"image":{"@id":"https:\/\/www.quebakan.com\/v15\/inselec-promueve-unas-fiestas-mas-seguras-y-eficientes-con-un-manejo-inteligente-de-la-energia-electrica\/#primaryimage"},"thumbnailUrl":"https:\/\/www.quebakan.com\/v15\/wp-content\/uploads\/2025\/12\/7.1.jpg","articleSection":["Noticias"],"inLanguage":"es"},{"@type":"WebPage","@id":"https:\/\/www.quebakan.com\/v15\/inselec-promueve-unas-fiestas-mas-seguras-y-eficientes-con-un-manejo-inteligente-de-la-energia-electrica\/","url":"https:\/\/www.quebakan.com\/v15\/inselec-promueve-unas-fiestas-mas-seguras-y-eficientes-con-un-manejo-inteligente-de-la-energia-electrica\/","name":"INSELEC promueve unas fiestas m\u00e1s seguras y eficientes, con un manejo inteligente de la energ\u00eda el\u00e9ctrica &#8211; QUEBAKAN.COM 2026: Noticias, Eventos, Conciertos y mucho m\u00e1s....","isPartOf":{"@id":"https:\/\/www.quebakan.com\/v15\/#website"},"primaryImageOfPage":{"@id":"https:\/\/www.quebakan.com\/v15\/inselec-promueve-unas-fiestas-mas-seguras-y-eficientes-con-un-manejo-inteligente-de-la-energia-electrica\/#primaryimage"},"image":{"@id":"https:\/\/www.quebakan.com\/v15\/inselec-promueve-unas-fiestas-mas-seguras-y-eficientes-con-un-manejo-inteligente-de-la-energia-electrica\/#primaryimage"},"thumbnailUrl":"https:\/\/www.quebakan.com\/v15\/wp-content\/uploads\/2025\/12\/7.1.jpg","datePublished":"2025-12-09T22:17:07+00:00","breadcrumb":{"@id":"https:\/\/www.quebakan.com\/v15\/inselec-promueve-unas-fiestas-mas-seguras-y-eficientes-con-un-manejo-inteligente-de-la-energia-electrica\/#breadcrumb"},"inLanguage":"es","potentialAction":[{"@type":"ReadAction","target":["https:\/\/www.quebakan.com\/v15\/inselec-promueve-unas-fiestas-mas-seguras-y-eficientes-con-un-manejo-inteligente-de-la-energia-electrica\/"]}]},{"@type":"ImageObject","inLanguage":"es","@id":"https:\/\/www.quebakan.com\/v15\/inselec-promueve-unas-fiestas-mas-seguras-y-eficientes-con-un-manejo-inteligente-de-la-energia-electrica\/#primaryimage","url":"https:\/\/www.quebakan.com\/v15\/wp-content\/uploads\/2025\/12\/7.1.jpg","contentUrl":"https:\/\/www.quebakan.com\/v15\/wp-content\/uploads\/2025\/12\/7.1.jpg","width":700,"height":467},{"@type":"BreadcrumbList","@id":"https:\/\/www.quebakan.com\/v15\/inselec-promueve-unas-fiestas-mas-seguras-y-eficientes-con-un-manejo-inteligente-de-la-energia-electrica\/#breadcrumb","itemListElement":[{"@type":"ListItem","position":1,"name":"Portada","item":"https:\/\/www.quebakan.com\/v15\/"},{"@type":"ListItem","position":2,"name":"INSELEC promueve unas fiestas m\u00e1s seguras y eficientes, con un manejo inteligente de la energ\u00eda el\u00e9ctrica"}]},{"@type":"WebSite","@id":"https:\/\/www.quebakan.com\/v15\/#website","url":"https:\/\/www.quebakan.com\/v15\/","name":"QUEBAKAN","description":"..","publisher":{"@id":"https:\/\/www.quebakan.com\/v15\/#organization"},"potentialAction":[{"@type":"SearchAction","target":{"@type":"EntryPoint","urlTemplate":"https:\/\/www.quebakan.com\/v15\/?s={search_term_string}"},"query-input":{"@type":"PropertyValueSpecification","valueRequired":true,"valueName":"search_term_string"}}],"inLanguage":"es"},{"@type":"Organization","@id":"https:\/\/www.quebakan.com\/v15\/#organization","name":"Quebakan.com","url":"https:\/\/www.quebakan.com\/v15\/","logo":{"@type":"ImageObject","inLanguage":"es","@id":"https:\/\/www.quebakan.com\/v15\/#\/schema\/logo\/image\/","url":"https:\/\/www.quebakan.com\/v15\/wp-content\/uploads\/2023\/07\/logoquebakanenero2021.jpg","contentUrl":"https:\/\/www.quebakan.com\/v15\/wp-content\/uploads\/2023\/07\/logoquebakanenero2021.jpg","width":1920,"height":1080,"caption":"Quebakan.com"},"image":{"@id":"https:\/\/www.quebakan.com\/v15\/#\/schema\/logo\/image\/"},"sameAs":["http:\/\/www.facebook.com\/quebakan","https:\/\/x.com\/quebakanec","http:\/\/www.instagram.com\/quebakan","http:\/\/www.youtube.com\/quebakan1"]},{"@type":"Person","@id":"https:\/\/www.quebakan.com\/v15\/#\/schema\/person\/d90fa9f9cfa81eb8ace9811e5b7b9118","name":"Erick Villafuerte","image":{"@type":"ImageObject","inLanguage":"es","@id":"https:\/\/www.quebakan.com\/v15\/wp-content\/uploads\/avatars\/4\/1731297654-bpfull.png","url":"https:\/\/www.quebakan.com\/v15\/wp-content\/uploads\/avatars\/4\/1731297654-bpfull.png","contentUrl":"https:\/\/www.quebakan.com\/v15\/wp-content\/uploads\/avatars\/4\/1731297654-bpfull.png","caption":"Erick Villafuerte"}}]}},"_links":{"self":[{"href":"https:\/\/www.quebakan.com\/v15\/wp-json\/wp\/v2\/posts\/138242","targetHints":{"allow":["GET"]}}],"collection":[{"href":"https:\/\/www.quebakan.com\/v15\/wp-json\/wp\/v2\/posts"}],"about":[{"href":"https:\/\/www.quebakan.com\/v15\/wp-json\/wp\/v2\/types\/post"}],"author":[{"embeddable":true,"href":"https:\/\/www.quebakan.com\/v15\/wp-json\/wp\/v2\/users\/4"}],"replies":[{"embeddable":true,"href":"https:\/\/www.quebakan.com\/v15\/wp-json\/wp\/v2\/comments?post=138242"}],"version-history":[{"count":1,"href":"https:\/\/www.quebakan.com\/v15\/wp-json\/wp\/v2\/posts\/138242\/revisions"}],"predecessor-version":[{"id":138245,"href":"https:\/\/www.quebakan.com\/v15\/wp-json\/wp\/v2\/posts\/138242\/revisions\/138245"}],"wp:featuredmedia":[{"embeddable":true,"href":"https:\/\/www.quebakan.com\/v15\/wp-json\/wp\/v2\/media\/138243"}],"wp:attachment":[{"href":"https:\/\/www.quebakan.com\/v15\/wp-json\/wp\/v2\/media?parent=138242"}],"wp:term":[{"taxonomy":"category","embeddable":true,"href":"https:\/\/www.quebakan.com\/v15\/wp-json\/wp\/v2\/categories?post=138242"},{"taxonomy":"post_tag","embeddable":true,"href":"https:\/\/www.quebakan.com\/v15\/wp-json\/wp\/v2\/tags?post=138242"}],"curies":[{"name":"wp","href":"https:\/\/api.w.org\/{rel}","templated":true}]}}