{"id":138246,"date":"2025-12-09T17:20:05","date_gmt":"2025-12-09T22:20:05","guid":{"rendered":"https:\/\/www.quebakan.com\/v15\/?p=138246"},"modified":"2025-12-09T17:20:05","modified_gmt":"2025-12-09T22:20:05","slug":"vih-en-ecuador-un-reto-persistente-que-exige-respuesta-desde-la-academia-la-salud-publica-y-la-sociedad","status":"publish","type":"post","link":"https:\/\/www.quebakan.com\/v15\/vih-en-ecuador-un-reto-persistente-que-exige-respuesta-desde-la-academia-la-salud-publica-y-la-sociedad\/","title":{"rendered":"\u201cVIH en Ecuador: un reto persistente que exige respuesta desde la academia, la salud p\u00fablica y la sociedad\u201d"},"content":{"rendered":"<p><img fetchpriority=\"high\" decoding=\"async\" class=\"aligncenter size-full wp-image-138247\" src=\"https:\/\/www.quebakan.com\/v15\/wp-content\/uploads\/2025\/12\/F1.jpg\" alt=\"\" width=\"700\" height=\"467\" \/><\/p>\n<p style=\"text-align: justify;\"><span style=\"color: #000000;\"><strong>Diciembre, 2025.-<\/strong> Seg\u00fan los datos m\u00e1s recientes del Ministerio de Salud P\u00fablica (MSP), en 2024 se registraron <a style=\"color: #000000;\" href=\"https:\/\/www.eldiario.ec\/ecuador\/ministerio-de-salud-reporta-aumento-de-diagnosticos-de-vih-en-ecuador-25102025\/?utm_source=chatgpt.com\">5.478 nuevos casos de VIH<\/a>, lo que representa un promedio de aproximadamente 15 diagn\u00f3sticos diarios. Esto elev\u00f3 el total estimado de personas que viven con VIH en el pa\u00eds a unas 52.327.<\/span><\/p>\n<p style=\"text-align: justify;\"><span style=\"color: #000000;\">Aunque se han logrado avances importantes, la epidemia contin\u00faa focaliz\u00e1ndose en sectores espec\u00edficos de la poblaci\u00f3n, especialmente aquellos que enfrentan mayores barreras sociales y estructurales.<\/span><\/p>\n<p style=\"text-align: justify;\"><span style=\"color: #000000;\">El acceso oportuno al diagn\u00f3stico y tratamiento sigue siendo un desaf\u00edo. Aunque muchas personas viven con VIH, una parte considerable seg\u00fan reportes anteriores no logra adherirse al tratamiento antirretroviral de forma continua o alcanzar supresi\u00f3n viral. En zonas rurales, en comunidades vulnerables y entre grupos marginados, la situaci\u00f3n se agrava por barreras estructurales como el acceso limitado a servicios de salud, poca oferta de pruebas, falta de educaci\u00f3n preventiva y estigma persistente.<\/span><\/p>\n<p style=\"text-align: justify;\"><span style=\"color: #000000;\">Desde el \u00e1mbito acad\u00e9mico, existe un compromiso creciente para contribuir a contrarrestar la epidemia. Instituciones de educaci\u00f3n superior desarrollan investigaciones sobre din\u00e1micas sociales del VIH, barreras de acceso a salud, factores de vulnerabilidad e intervenciones comunitarias. Adem\u00e1s, promueven la formaci\u00f3n de profesionales con enfoque integrado: prevenci\u00f3n, atenci\u00f3n, acompa\u00f1amiento psicosocial y promoci\u00f3n de derechos. Para el Dr. Jaime Acosta, docente investigador de la UISEK, <em>\u00a8estas acciones acad\u00e9micas se complementan con campa\u00f1as de sensibilizaci\u00f3n, brigadas comunitarias, pruebas voluntarias y educaci\u00f3n en salud sexual y reproductiva\u00a8. <\/em><\/span><\/p>\n<p style=\"text-align: justify;\"><span style=\"color: #000000;\">En el marco del D\u00eda Mundial del VIH, la Universidad Internacional SEK motiva a fortalecer la coordinaci\u00f3n entre sectores, con el fin de consolidar intervenciones continuas de prevenci\u00f3n, diagn\u00f3stico oportuno y atenci\u00f3n integral. Solo con un esfuerzo conjunto y basado en evidencia ser\u00e1 posible avanzar hacia el fin de esta epidemia silenciosa que afecta a miles de personas en Ecuador.<\/span><\/p>\n","protected":false},"excerpt":{"rendered":"<p>Diciembre, 2025.- Seg\u00fan los datos m\u00e1s recientes del Ministerio de Salud P\u00fablica (MSP), en 2024 se registraron 5.478 nuevos casos de VIH, lo que representa un promedio de aproximadamente 15 diagn\u00f3sticos diarios. Esto elev\u00f3 el total estimado de personas que viven con VIH en el pa\u00eds a unas 52.327. Aunque se han logrado avances importantes, [&hellip;]<\/p>\n","protected":false},"author":4,"featured_media":138247,"comment_status":"closed","ping_status":"closed","sticky":false,"template":"","format":"standard","meta":{"_bbp_topic_count":0,"_bbp_reply_count":0,"_bbp_total_topic_count":0,"_bbp_total_reply_count":0,"_bbp_voice_count":0,"_bbp_anonymous_reply_count":0,"_bbp_topic_count_hidden":0,"_bbp_reply_count_hidden":0,"_bbp_forum_subforum_count":0,"buzzeditor_post_format":"","footnotes":""},"categories":[2],"tags":[],"class_list":["post-138246","post","type-post","status-publish","format-standard","has-post-thumbnail","hentry","category-noticias"],"yoast_head":"<!-- This site is optimized with the Yoast SEO plugin v27.5 - https:\/\/yoast.com\/product\/yoast-seo-wordpress\/ -->\n<title>\u201cVIH en Ecuador: un reto persistente que exige respuesta desde la academia, la salud p\u00fablica y la sociedad\u201d &#8211; QUEBAKAN.COM 2026: Noticias, Eventos, Conciertos y mucho m\u00e1s....<\/title>\n<meta name=\"robots\" content=\"index, follow, max-snippet:-1, max-image-preview:large, max-video-preview:-1\" \/>\n<link rel=\"canonical\" href=\"https:\/\/www.quebakan.com\/v15\/vih-en-ecuador-un-reto-persistente-que-exige-respuesta-desde-la-academia-la-salud-publica-y-la-sociedad\/\" \/>\n<meta property=\"og:locale\" content=\"es_ES\" \/>\n<meta property=\"og:type\" content=\"article\" \/>\n<meta property=\"og:title\" content=\"\u201cVIH en Ecuador: un reto persistente que exige respuesta desde la academia, la salud p\u00fablica y la sociedad\u201d &#8211; QUEBAKAN.COM 2026: Noticias, Eventos, Conciertos y mucho m\u00e1s....\" \/>\n<meta property=\"og:description\" content=\"Diciembre, 2025.- Seg\u00fan los datos m\u00e1s recientes del Ministerio de Salud P\u00fablica (MSP), en 2024 se registraron 5.478 nuevos casos de VIH, lo que representa un promedio de aproximadamente 15 diagn\u00f3sticos diarios. Esto elev\u00f3 el total estimado de personas que viven con VIH en el pa\u00eds a unas 52.327. Aunque se han logrado avances importantes, [&hellip;]\" \/>\n<meta property=\"og:url\" content=\"https:\/\/www.quebakan.com\/v15\/vih-en-ecuador-un-reto-persistente-que-exige-respuesta-desde-la-academia-la-salud-publica-y-la-sociedad\/\" \/>\n<meta property=\"og:site_name\" content=\"QUEBAKAN.COM 2026: Noticias, Eventos, Conciertos y mucho m\u00e1s....\" \/>\n<meta property=\"article:publisher\" content=\"http:\/\/www.facebook.com\/quebakan\" \/>\n<meta property=\"article:published_time\" content=\"2025-12-09T22:20:05+00:00\" \/>\n<meta property=\"og:image\" content=\"https:\/\/www.quebakan.com\/v15\/wp-content\/uploads\/2025\/12\/F1.jpg\" \/>\n\t<meta property=\"og:image:width\" content=\"700\" \/>\n\t<meta property=\"og:image:height\" content=\"467\" \/>\n\t<meta property=\"og:image:type\" content=\"image\/jpeg\" \/>\n<meta name=\"author\" content=\"Erick Villafuerte\" \/>\n<meta name=\"twitter:card\" content=\"summary_large_image\" \/>\n<meta name=\"twitter:creator\" content=\"@quebakanec\" \/>\n<meta name=\"twitter:site\" content=\"@quebakanec\" \/>\n<meta name=\"twitter:label1\" content=\"Escrito por\" \/>\n\t<meta name=\"twitter:data1\" content=\"Erick Villafuerte\" \/>\n\t<meta name=\"twitter:label2\" content=\"Tiempo de lectura\" \/>\n\t<meta name=\"twitter:data2\" content=\"2 minutos\" \/>\n<script type=\"application\/ld+json\" class=\"yoast-schema-graph\">{\"@context\":\"https:\\\/\\\/schema.org\",\"@graph\":[{\"@type\":\"Article\",\"@id\":\"https:\\\/\\\/www.quebakan.com\\\/v15\\\/vih-en-ecuador-un-reto-persistente-que-exige-respuesta-desde-la-academia-la-salud-publica-y-la-sociedad\\\/#article\",\"isPartOf\":{\"@id\":\"https:\\\/\\\/www.quebakan.com\\\/v15\\\/vih-en-ecuador-un-reto-persistente-que-exige-respuesta-desde-la-academia-la-salud-publica-y-la-sociedad\\\/\"},\"author\":{\"name\":\"Erick Villafuerte\",\"@id\":\"https:\\\/\\\/www.quebakan.com\\\/v15\\\/#\\\/schema\\\/person\\\/d90fa9f9cfa81eb8ace9811e5b7b9118\"},\"headline\":\"\u201cVIH en Ecuador: un reto persistente que exige respuesta desde la academia, la salud p\u00fablica y la sociedad\u201d\",\"datePublished\":\"2025-12-09T22:20:05+00:00\",\"mainEntityOfPage\":{\"@id\":\"https:\\\/\\\/www.quebakan.com\\\/v15\\\/vih-en-ecuador-un-reto-persistente-que-exige-respuesta-desde-la-academia-la-salud-publica-y-la-sociedad\\\/\"},\"wordCount\":337,\"publisher\":{\"@id\":\"https:\\\/\\\/www.quebakan.com\\\/v15\\\/#organization\"},\"image\":{\"@id\":\"https:\\\/\\\/www.quebakan.com\\\/v15\\\/vih-en-ecuador-un-reto-persistente-que-exige-respuesta-desde-la-academia-la-salud-publica-y-la-sociedad\\\/#primaryimage\"},\"thumbnailUrl\":\"https:\\\/\\\/www.quebakan.com\\\/v15\\\/wp-content\\\/uploads\\\/2025\\\/12\\\/F1.jpg\",\"articleSection\":[\"Noticias\"],\"inLanguage\":\"es\"},{\"@type\":\"WebPage\",\"@id\":\"https:\\\/\\\/www.quebakan.com\\\/v15\\\/vih-en-ecuador-un-reto-persistente-que-exige-respuesta-desde-la-academia-la-salud-publica-y-la-sociedad\\\/\",\"url\":\"https:\\\/\\\/www.quebakan.com\\\/v15\\\/vih-en-ecuador-un-reto-persistente-que-exige-respuesta-desde-la-academia-la-salud-publica-y-la-sociedad\\\/\",\"name\":\"\u201cVIH en Ecuador: un reto persistente que exige respuesta desde la academia, la salud p\u00fablica y la sociedad\u201d &#8211; QUEBAKAN.COM 2026: Noticias, Eventos, Conciertos y mucho m\u00e1s....\",\"isPartOf\":{\"@id\":\"https:\\\/\\\/www.quebakan.com\\\/v15\\\/#website\"},\"primaryImageOfPage\":{\"@id\":\"https:\\\/\\\/www.quebakan.com\\\/v15\\\/vih-en-ecuador-un-reto-persistente-que-exige-respuesta-desde-la-academia-la-salud-publica-y-la-sociedad\\\/#primaryimage\"},\"image\":{\"@id\":\"https:\\\/\\\/www.quebakan.com\\\/v15\\\/vih-en-ecuador-un-reto-persistente-que-exige-respuesta-desde-la-academia-la-salud-publica-y-la-sociedad\\\/#primaryimage\"},\"thumbnailUrl\":\"https:\\\/\\\/www.quebakan.com\\\/v15\\\/wp-content\\\/uploads\\\/2025\\\/12\\\/F1.jpg\",\"datePublished\":\"2025-12-09T22:20:05+00:00\",\"breadcrumb\":{\"@id\":\"https:\\\/\\\/www.quebakan.com\\\/v15\\\/vih-en-ecuador-un-reto-persistente-que-exige-respuesta-desde-la-academia-la-salud-publica-y-la-sociedad\\\/#breadcrumb\"},\"inLanguage\":\"es\",\"potentialAction\":[{\"@type\":\"ReadAction\",\"target\":[\"https:\\\/\\\/www.quebakan.com\\\/v15\\\/vih-en-ecuador-un-reto-persistente-que-exige-respuesta-desde-la-academia-la-salud-publica-y-la-sociedad\\\/\"]}]},{\"@type\":\"ImageObject\",\"inLanguage\":\"es\",\"@id\":\"https:\\\/\\\/www.quebakan.com\\\/v15\\\/vih-en-ecuador-un-reto-persistente-que-exige-respuesta-desde-la-academia-la-salud-publica-y-la-sociedad\\\/#primaryimage\",\"url\":\"https:\\\/\\\/www.quebakan.com\\\/v15\\\/wp-content\\\/uploads\\\/2025\\\/12\\\/F1.jpg\",\"contentUrl\":\"https:\\\/\\\/www.quebakan.com\\\/v15\\\/wp-content\\\/uploads\\\/2025\\\/12\\\/F1.jpg\",\"width\":700,\"height\":467},{\"@type\":\"BreadcrumbList\",\"@id\":\"https:\\\/\\\/www.quebakan.com\\\/v15\\\/vih-en-ecuador-un-reto-persistente-que-exige-respuesta-desde-la-academia-la-salud-publica-y-la-sociedad\\\/#breadcrumb\",\"itemListElement\":[{\"@type\":\"ListItem\",\"position\":1,\"name\":\"Portada\",\"item\":\"https:\\\/\\\/www.quebakan.com\\\/v15\\\/\"},{\"@type\":\"ListItem\",\"position\":2,\"name\":\"\u201cVIH en Ecuador: un reto persistente que exige respuesta desde la academia, la salud p\u00fablica y la sociedad\u201d\"}]},{\"@type\":\"WebSite\",\"@id\":\"https:\\\/\\\/www.quebakan.com\\\/v15\\\/#website\",\"url\":\"https:\\\/\\\/www.quebakan.com\\\/v15\\\/\",\"name\":\"QUEBAKAN\",\"description\":\"..\",\"publisher\":{\"@id\":\"https:\\\/\\\/www.quebakan.com\\\/v15\\\/#organization\"},\"potentialAction\":[{\"@type\":\"SearchAction\",\"target\":{\"@type\":\"EntryPoint\",\"urlTemplate\":\"https:\\\/\\\/www.quebakan.com\\\/v15\\\/?s={search_term_string}\"},\"query-input\":{\"@type\":\"PropertyValueSpecification\",\"valueRequired\":true,\"valueName\":\"search_term_string\"}}],\"inLanguage\":\"es\"},{\"@type\":\"Organization\",\"@id\":\"https:\\\/\\\/www.quebakan.com\\\/v15\\\/#organization\",\"name\":\"Quebakan.com\",\"url\":\"https:\\\/\\\/www.quebakan.com\\\/v15\\\/\",\"logo\":{\"@type\":\"ImageObject\",\"inLanguage\":\"es\",\"@id\":\"https:\\\/\\\/www.quebakan.com\\\/v15\\\/#\\\/schema\\\/logo\\\/image\\\/\",\"url\":\"https:\\\/\\\/www.quebakan.com\\\/v15\\\/wp-content\\\/uploads\\\/2023\\\/07\\\/logoquebakanenero2021.jpg\",\"contentUrl\":\"https:\\\/\\\/www.quebakan.com\\\/v15\\\/wp-content\\\/uploads\\\/2023\\\/07\\\/logoquebakanenero2021.jpg\",\"width\":1920,\"height\":1080,\"caption\":\"Quebakan.com\"},\"image\":{\"@id\":\"https:\\\/\\\/www.quebakan.com\\\/v15\\\/#\\\/schema\\\/logo\\\/image\\\/\"},\"sameAs\":[\"http:\\\/\\\/www.facebook.com\\\/quebakan\",\"https:\\\/\\\/x.com\\\/quebakanec\",\"http:\\\/\\\/www.instagram.com\\\/quebakan\",\"http:\\\/\\\/www.youtube.com\\\/quebakan1\"]},{\"@type\":\"Person\",\"@id\":\"https:\\\/\\\/www.quebakan.com\\\/v15\\\/#\\\/schema\\\/person\\\/d90fa9f9cfa81eb8ace9811e5b7b9118\",\"name\":\"Erick Villafuerte\",\"image\":{\"@type\":\"ImageObject\",\"inLanguage\":\"es\",\"@id\":\"https:\\\/\\\/www.quebakan.com\\\/v15\\\/wp-content\\\/uploads\\\/avatars\\\/4\\\/1731297654-bpfull.png\",\"url\":\"https:\\\/\\\/www.quebakan.com\\\/v15\\\/wp-content\\\/uploads\\\/avatars\\\/4\\\/1731297654-bpfull.png\",\"contentUrl\":\"https:\\\/\\\/www.quebakan.com\\\/v15\\\/wp-content\\\/uploads\\\/avatars\\\/4\\\/1731297654-bpfull.png\",\"caption\":\"Erick Villafuerte\"}}]}<\/script>\n<!-- \/ Yoast SEO plugin. -->","yoast_head_json":{"title":"\u201cVIH en Ecuador: un reto persistente que exige respuesta desde la academia, la salud p\u00fablica y la sociedad\u201d &#8211; QUEBAKAN.COM 2026: Noticias, Eventos, Conciertos y mucho m\u00e1s....","robots":{"index":"index","follow":"follow","max-snippet":"max-snippet:-1","max-image-preview":"max-image-preview:large","max-video-preview":"max-video-preview:-1"},"canonical":"https:\/\/www.quebakan.com\/v15\/vih-en-ecuador-un-reto-persistente-que-exige-respuesta-desde-la-academia-la-salud-publica-y-la-sociedad\/","og_locale":"es_ES","og_type":"article","og_title":"\u201cVIH en Ecuador: un reto persistente que exige respuesta desde la academia, la salud p\u00fablica y la sociedad\u201d &#8211; QUEBAKAN.COM 2026: Noticias, Eventos, Conciertos y mucho m\u00e1s....","og_description":"Diciembre, 2025.- Seg\u00fan los datos m\u00e1s recientes del Ministerio de Salud P\u00fablica (MSP), en 2024 se registraron 5.478 nuevos casos de VIH, lo que representa un promedio de aproximadamente 15 diagn\u00f3sticos diarios. Esto elev\u00f3 el total estimado de personas que viven con VIH en el pa\u00eds a unas 52.327. Aunque se han logrado avances importantes, [&hellip;]","og_url":"https:\/\/www.quebakan.com\/v15\/vih-en-ecuador-un-reto-persistente-que-exige-respuesta-desde-la-academia-la-salud-publica-y-la-sociedad\/","og_site_name":"QUEBAKAN.COM 2026: Noticias, Eventos, Conciertos y mucho m\u00e1s....","article_publisher":"http:\/\/www.facebook.com\/quebakan","article_published_time":"2025-12-09T22:20:05+00:00","og_image":[{"width":700,"height":467,"url":"https:\/\/www.quebakan.com\/v15\/wp-content\/uploads\/2025\/12\/F1.jpg","type":"image\/jpeg"}],"author":"Erick Villafuerte","twitter_card":"summary_large_image","twitter_creator":"@quebakanec","twitter_site":"@quebakanec","twitter_misc":{"Escrito por":"Erick Villafuerte","Tiempo de lectura":"2 minutos"},"schema":{"@context":"https:\/\/schema.org","@graph":[{"@type":"Article","@id":"https:\/\/www.quebakan.com\/v15\/vih-en-ecuador-un-reto-persistente-que-exige-respuesta-desde-la-academia-la-salud-publica-y-la-sociedad\/#article","isPartOf":{"@id":"https:\/\/www.quebakan.com\/v15\/vih-en-ecuador-un-reto-persistente-que-exige-respuesta-desde-la-academia-la-salud-publica-y-la-sociedad\/"},"author":{"name":"Erick Villafuerte","@id":"https:\/\/www.quebakan.com\/v15\/#\/schema\/person\/d90fa9f9cfa81eb8ace9811e5b7b9118"},"headline":"\u201cVIH en Ecuador: un reto persistente que exige respuesta desde la academia, la salud p\u00fablica y la sociedad\u201d","datePublished":"2025-12-09T22:20:05+00:00","mainEntityOfPage":{"@id":"https:\/\/www.quebakan.com\/v15\/vih-en-ecuador-un-reto-persistente-que-exige-respuesta-desde-la-academia-la-salud-publica-y-la-sociedad\/"},"wordCount":337,"publisher":{"@id":"https:\/\/www.quebakan.com\/v15\/#organization"},"image":{"@id":"https:\/\/www.quebakan.com\/v15\/vih-en-ecuador-un-reto-persistente-que-exige-respuesta-desde-la-academia-la-salud-publica-y-la-sociedad\/#primaryimage"},"thumbnailUrl":"https:\/\/www.quebakan.com\/v15\/wp-content\/uploads\/2025\/12\/F1.jpg","articleSection":["Noticias"],"inLanguage":"es"},{"@type":"WebPage","@id":"https:\/\/www.quebakan.com\/v15\/vih-en-ecuador-un-reto-persistente-que-exige-respuesta-desde-la-academia-la-salud-publica-y-la-sociedad\/","url":"https:\/\/www.quebakan.com\/v15\/vih-en-ecuador-un-reto-persistente-que-exige-respuesta-desde-la-academia-la-salud-publica-y-la-sociedad\/","name":"\u201cVIH en Ecuador: un reto persistente que exige respuesta desde la academia, la salud p\u00fablica y la sociedad\u201d &#8211; QUEBAKAN.COM 2026: Noticias, Eventos, Conciertos y mucho m\u00e1s....","isPartOf":{"@id":"https:\/\/www.quebakan.com\/v15\/#website"},"primaryImageOfPage":{"@id":"https:\/\/www.quebakan.com\/v15\/vih-en-ecuador-un-reto-persistente-que-exige-respuesta-desde-la-academia-la-salud-publica-y-la-sociedad\/#primaryimage"},"image":{"@id":"https:\/\/www.quebakan.com\/v15\/vih-en-ecuador-un-reto-persistente-que-exige-respuesta-desde-la-academia-la-salud-publica-y-la-sociedad\/#primaryimage"},"thumbnailUrl":"https:\/\/www.quebakan.com\/v15\/wp-content\/uploads\/2025\/12\/F1.jpg","datePublished":"2025-12-09T22:20:05+00:00","breadcrumb":{"@id":"https:\/\/www.quebakan.com\/v15\/vih-en-ecuador-un-reto-persistente-que-exige-respuesta-desde-la-academia-la-salud-publica-y-la-sociedad\/#breadcrumb"},"inLanguage":"es","potentialAction":[{"@type":"ReadAction","target":["https:\/\/www.quebakan.com\/v15\/vih-en-ecuador-un-reto-persistente-que-exige-respuesta-desde-la-academia-la-salud-publica-y-la-sociedad\/"]}]},{"@type":"ImageObject","inLanguage":"es","@id":"https:\/\/www.quebakan.com\/v15\/vih-en-ecuador-un-reto-persistente-que-exige-respuesta-desde-la-academia-la-salud-publica-y-la-sociedad\/#primaryimage","url":"https:\/\/www.quebakan.com\/v15\/wp-content\/uploads\/2025\/12\/F1.jpg","contentUrl":"https:\/\/www.quebakan.com\/v15\/wp-content\/uploads\/2025\/12\/F1.jpg","width":700,"height":467},{"@type":"BreadcrumbList","@id":"https:\/\/www.quebakan.com\/v15\/vih-en-ecuador-un-reto-persistente-que-exige-respuesta-desde-la-academia-la-salud-publica-y-la-sociedad\/#breadcrumb","itemListElement":[{"@type":"ListItem","position":1,"name":"Portada","item":"https:\/\/www.quebakan.com\/v15\/"},{"@type":"ListItem","position":2,"name":"\u201cVIH en Ecuador: un reto persistente que exige respuesta desde la academia, la salud p\u00fablica y la sociedad\u201d"}]},{"@type":"WebSite","@id":"https:\/\/www.quebakan.com\/v15\/#website","url":"https:\/\/www.quebakan.com\/v15\/","name":"QUEBAKAN","description":"..","publisher":{"@id":"https:\/\/www.quebakan.com\/v15\/#organization"},"potentialAction":[{"@type":"SearchAction","target":{"@type":"EntryPoint","urlTemplate":"https:\/\/www.quebakan.com\/v15\/?s={search_term_string}"},"query-input":{"@type":"PropertyValueSpecification","valueRequired":true,"valueName":"search_term_string"}}],"inLanguage":"es"},{"@type":"Organization","@id":"https:\/\/www.quebakan.com\/v15\/#organization","name":"Quebakan.com","url":"https:\/\/www.quebakan.com\/v15\/","logo":{"@type":"ImageObject","inLanguage":"es","@id":"https:\/\/www.quebakan.com\/v15\/#\/schema\/logo\/image\/","url":"https:\/\/www.quebakan.com\/v15\/wp-content\/uploads\/2023\/07\/logoquebakanenero2021.jpg","contentUrl":"https:\/\/www.quebakan.com\/v15\/wp-content\/uploads\/2023\/07\/logoquebakanenero2021.jpg","width":1920,"height":1080,"caption":"Quebakan.com"},"image":{"@id":"https:\/\/www.quebakan.com\/v15\/#\/schema\/logo\/image\/"},"sameAs":["http:\/\/www.facebook.com\/quebakan","https:\/\/x.com\/quebakanec","http:\/\/www.instagram.com\/quebakan","http:\/\/www.youtube.com\/quebakan1"]},{"@type":"Person","@id":"https:\/\/www.quebakan.com\/v15\/#\/schema\/person\/d90fa9f9cfa81eb8ace9811e5b7b9118","name":"Erick Villafuerte","image":{"@type":"ImageObject","inLanguage":"es","@id":"https:\/\/www.quebakan.com\/v15\/wp-content\/uploads\/avatars\/4\/1731297654-bpfull.png","url":"https:\/\/www.quebakan.com\/v15\/wp-content\/uploads\/avatars\/4\/1731297654-bpfull.png","contentUrl":"https:\/\/www.quebakan.com\/v15\/wp-content\/uploads\/avatars\/4\/1731297654-bpfull.png","caption":"Erick Villafuerte"}}]}},"_links":{"self":[{"href":"https:\/\/www.quebakan.com\/v15\/wp-json\/wp\/v2\/posts\/138246","targetHints":{"allow":["GET"]}}],"collection":[{"href":"https:\/\/www.quebakan.com\/v15\/wp-json\/wp\/v2\/posts"}],"about":[{"href":"https:\/\/www.quebakan.com\/v15\/wp-json\/wp\/v2\/types\/post"}],"author":[{"embeddable":true,"href":"https:\/\/www.quebakan.com\/v15\/wp-json\/wp\/v2\/users\/4"}],"replies":[{"embeddable":true,"href":"https:\/\/www.quebakan.com\/v15\/wp-json\/wp\/v2\/comments?post=138246"}],"version-history":[{"count":1,"href":"https:\/\/www.quebakan.com\/v15\/wp-json\/wp\/v2\/posts\/138246\/revisions"}],"predecessor-version":[{"id":138248,"href":"https:\/\/www.quebakan.com\/v15\/wp-json\/wp\/v2\/posts\/138246\/revisions\/138248"}],"wp:featuredmedia":[{"embeddable":true,"href":"https:\/\/www.quebakan.com\/v15\/wp-json\/wp\/v2\/media\/138247"}],"wp:attachment":[{"href":"https:\/\/www.quebakan.com\/v15\/wp-json\/wp\/v2\/media?parent=138246"}],"wp:term":[{"taxonomy":"category","embeddable":true,"href":"https:\/\/www.quebakan.com\/v15\/wp-json\/wp\/v2\/categories?post=138246"},{"taxonomy":"post_tag","embeddable":true,"href":"https:\/\/www.quebakan.com\/v15\/wp-json\/wp\/v2\/tags?post=138246"}],"curies":[{"name":"wp","href":"https:\/\/api.w.org\/{rel}","templated":true}]}}