{"id":138249,"date":"2025-12-09T17:23:07","date_gmt":"2025-12-09T22:23:07","guid":{"rendered":"https:\/\/www.quebakan.com\/v15\/?p=138249"},"modified":"2025-12-09T17:23:07","modified_gmt":"2025-12-09T22:23:07","slug":"kany-garcia-anuncia-su-regreso-a-ecuador-con-dos-conciertos-imperdibles-en-2026","status":"publish","type":"post","link":"https:\/\/www.quebakan.com\/v15\/kany-garcia-anuncia-su-regreso-a-ecuador-con-dos-conciertos-imperdibles-en-2026\/","title":{"rendered":"KANY GARC\u00cdA ANUNCIA SU REGRESO A ECUADOR CON DOS CONCIERTOS IMPERDIBLES EN 2026"},"content":{"rendered":"<p><img fetchpriority=\"high\" decoding=\"async\" class=\"aligncenter size-full wp-image-138250\" src=\"https:\/\/www.quebakan.com\/v15\/wp-content\/uploads\/2025\/12\/KANY-GUAYAQUIL.jpg\" alt=\"\" width=\"700\" height=\"291\" \/><\/p>\n<p style=\"text-align: justify;\"><span style=\"color: #000000;\"><strong>Quito, diciembre de 2025.-<\/strong> La cantautora puertorrique\u00f1a Kany Garc\u00eda inicia el a\u00f1o con una gran noticia para sus seguidores: Ecuador ser\u00e1 uno de los primeros pa\u00edses confirmados en su agenda 2026, marcando el primer concierto internacional anunciado oficialmente para el pr\u00f3ximo a\u00f1o en el pa\u00eds.<\/span><\/p>\n<p style=\"text-align: justify;\"><span style=\"color: #000000;\">Kany Garc\u00eda, reconocida por su sensibilidad art\u00edstica, su activismo social y su capacidad para conectar emocionalmente con miles de personas, se ha consolidado como una de las voces femeninas m\u00e1s importantes de la m\u00fasica latina contempor\u00e1nea. Con m\u00e1s de 15 a\u00f1os de carrera, m\u00faltiples premios Latin GRAMMY\u00ae, colaboraciones con artistas como Alejandro Sanz, Rozal\u00e9n, Christian Nodal, Carla Morrison y Camilo, y una discograf\u00eda cargada de poes\u00eda y fuerza, la artista contin\u00faa conquistando escenarios alrededor del mundo.<\/span><\/p>\n<p style=\"text-align: justify;\"><span style=\"color: #000000;\">Su regreso a Ecuador marca un reencuentro muy esperado por los fans locales, quienes han seguido su evoluci\u00f3n desde sus primeras producciones hasta sus m\u00e1s recientes giras y lanzamientos. Canciones como \u201cHoy Ya Me Voy\u201d, \u201cConfieso\u201d, \u201cDPM\u201d, \u201cQu\u00e9date\u201d y \u201cAg\u00fcita e Coco\u201d se han convertido en himnos que han acompa\u00f1ado momentos personales de miles de ecuatorianos.<\/span><\/p>\n<p style=\"text-align: justify;\"><span style=\"color: #000000;\">Actualmente, Kany Garc\u00eda vive un nuevo momento creativo con el anuncio de su pr\u00f3ximo \u00e1lbum, cuyo lanzamiento est\u00e1 previsto para finales de este mes. Como antesala, hace apenas unas semanas present\u00f3 su m\u00e1s reciente sencillo \u201cTierra M\u00eda\u201d, una canci\u00f3n que ha tenido una gran acogida por parte del p\u00fablico y que reafirma su capacidad de reinventarse sin perder la esencia que la caracteriza.<\/span><\/p>\n<p style=\"text-align: justify;\"><span style=\"color: #000000;\">La artista ha manifestado en varias ocasiones el cari\u00f1o especial que siente por el pa\u00eds, donde ha encontrado un p\u00fablico c\u00e1lido, diverso y profundamente conectado con su m\u00fasica. Esta nueva gira promete un recorrido por sus mayores \u00e9xitos, nuevas sorpresas y una producci\u00f3n renovada que llevar\u00e1 a los asistentes por un viaje \u00edntimo y poderoso.<\/span><\/p>\n<p style=\"text-align: justify;\"><span style=\"color: #000000;\">Fechas confirmadas en Ecuador Gira 2026:<\/span><\/p>\n<ul style=\"text-align: justify;\">\n<li><span style=\"color: #000000;\"><strong>Quito: <\/strong>17 de julio de 2026 \u2013 Coliseo General Rumi\u00f1ahui<\/span><\/li>\n<li><span style=\"color: #000000;\"><strong>Guayaquil: <\/strong>18 de julio de 2026 \u2013 Centro de Convenciones<\/span><\/li>\n<li><span style=\"color: #000000;\"><strong>Venta de entradas: <\/strong>desde el 15 de enero de 2026 en buenplan.com.ec.<\/span><\/li>\n<\/ul>\n<p style=\"text-align: justify;\"><span style=\"color: #000000;\">Kany Garc\u00eda abre el calendario de grandes espect\u00e1culos del 2026 con una propuesta musical que promete emocionar, inspirar y reunir a miles de fan\u00e1ticos en un inicio de a\u00f1o lleno de arte y sentimiento.<\/span><\/p>\n<p style=\"text-align: justify;\"><span style=\"color: #000000;\">Para m\u00e1s informaci\u00f3n y pr\u00f3ximos anuncios de la gira, permanezcan atentos a los canales oficiales del evento en @sightconcerts.<\/span><\/p>\n<p><img decoding=\"async\" class=\"aligncenter size-full wp-image-138251\" src=\"https:\/\/www.quebakan.com\/v15\/wp-content\/uploads\/2025\/12\/KANY-QUITO.jpg\" alt=\"\" width=\"700\" height=\"291\" \/><\/p>\n","protected":false},"excerpt":{"rendered":"<p>Quito, diciembre de 2025.- La cantautora puertorrique\u00f1a Kany Garc\u00eda inicia el a\u00f1o con una gran noticia para sus seguidores: Ecuador ser\u00e1 uno de los primeros pa\u00edses confirmados en su agenda 2026, marcando el primer concierto internacional anunciado oficialmente para el pr\u00f3ximo a\u00f1o en el pa\u00eds. Kany Garc\u00eda, reconocida por su sensibilidad art\u00edstica, su activismo social [&hellip;]<\/p>\n","protected":false},"author":4,"featured_media":138250,"comment_status":"closed","ping_status":"closed","sticky":false,"template":"","format":"standard","meta":{"_bbp_topic_count":0,"_bbp_reply_count":0,"_bbp_total_topic_count":0,"_bbp_total_reply_count":0,"_bbp_voice_count":0,"_bbp_anonymous_reply_count":0,"_bbp_topic_count_hidden":0,"_bbp_reply_count_hidden":0,"_bbp_forum_subforum_count":0,"buzzeditor_post_format":"","footnotes":""},"categories":[2],"tags":[],"class_list":["post-138249","post","type-post","status-publish","format-standard","has-post-thumbnail","hentry","category-noticias"],"yoast_head":"<!-- This site is optimized with the Yoast SEO plugin v27.5 - https:\/\/yoast.com\/product\/yoast-seo-wordpress\/ -->\n<title>KANY GARC\u00cdA ANUNCIA SU REGRESO A ECUADOR CON DOS CONCIERTOS IMPERDIBLES EN 2026 &#8211; QUEBAKAN.COM 2026: Noticias, Eventos, Conciertos y mucho m\u00e1s....<\/title>\n<meta name=\"robots\" content=\"index, follow, max-snippet:-1, max-image-preview:large, max-video-preview:-1\" \/>\n<link rel=\"canonical\" href=\"https:\/\/www.quebakan.com\/v15\/kany-garcia-anuncia-su-regreso-a-ecuador-con-dos-conciertos-imperdibles-en-2026\/\" \/>\n<meta property=\"og:locale\" content=\"es_ES\" \/>\n<meta property=\"og:type\" content=\"article\" \/>\n<meta property=\"og:title\" content=\"KANY GARC\u00cdA ANUNCIA SU REGRESO A ECUADOR CON DOS CONCIERTOS IMPERDIBLES EN 2026 &#8211; QUEBAKAN.COM 2026: Noticias, Eventos, Conciertos y mucho m\u00e1s....\" \/>\n<meta property=\"og:description\" content=\"Quito, diciembre de 2025.- La cantautora puertorrique\u00f1a Kany Garc\u00eda inicia el a\u00f1o con una gran noticia para sus seguidores: Ecuador ser\u00e1 uno de los primeros pa\u00edses confirmados en su agenda 2026, marcando el primer concierto internacional anunciado oficialmente para el pr\u00f3ximo a\u00f1o en el pa\u00eds. Kany Garc\u00eda, reconocida por su sensibilidad art\u00edstica, su activismo social [&hellip;]\" \/>\n<meta property=\"og:url\" content=\"https:\/\/www.quebakan.com\/v15\/kany-garcia-anuncia-su-regreso-a-ecuador-con-dos-conciertos-imperdibles-en-2026\/\" \/>\n<meta property=\"og:site_name\" content=\"QUEBAKAN.COM 2026: Noticias, Eventos, Conciertos y mucho m\u00e1s....\" \/>\n<meta property=\"article:publisher\" content=\"http:\/\/www.facebook.com\/quebakan\" \/>\n<meta property=\"article:published_time\" content=\"2025-12-09T22:23:07+00:00\" \/>\n<meta property=\"og:image\" content=\"https:\/\/www.quebakan.com\/v15\/wp-content\/uploads\/2025\/12\/KANY-GUAYAQUIL.jpg\" \/>\n\t<meta property=\"og:image:width\" content=\"700\" \/>\n\t<meta property=\"og:image:height\" content=\"291\" \/>\n\t<meta property=\"og:image:type\" content=\"image\/jpeg\" \/>\n<meta name=\"author\" content=\"Erick Villafuerte\" \/>\n<meta name=\"twitter:card\" content=\"summary_large_image\" \/>\n<meta name=\"twitter:creator\" content=\"@quebakanec\" \/>\n<meta name=\"twitter:site\" content=\"@quebakanec\" \/>\n<meta name=\"twitter:label1\" content=\"Escrito por\" \/>\n\t<meta name=\"twitter:data1\" content=\"Erick Villafuerte\" \/>\n\t<meta name=\"twitter:label2\" content=\"Tiempo de lectura\" \/>\n\t<meta name=\"twitter:data2\" content=\"3 minutos\" \/>\n<script type=\"application\/ld+json\" class=\"yoast-schema-graph\">{\"@context\":\"https:\\\/\\\/schema.org\",\"@graph\":[{\"@type\":\"Article\",\"@id\":\"https:\\\/\\\/www.quebakan.com\\\/v15\\\/kany-garcia-anuncia-su-regreso-a-ecuador-con-dos-conciertos-imperdibles-en-2026\\\/#article\",\"isPartOf\":{\"@id\":\"https:\\\/\\\/www.quebakan.com\\\/v15\\\/kany-garcia-anuncia-su-regreso-a-ecuador-con-dos-conciertos-imperdibles-en-2026\\\/\"},\"author\":{\"name\":\"Erick Villafuerte\",\"@id\":\"https:\\\/\\\/www.quebakan.com\\\/v15\\\/#\\\/schema\\\/person\\\/d90fa9f9cfa81eb8ace9811e5b7b9118\"},\"headline\":\"KANY GARC\u00cdA ANUNCIA SU REGRESO A ECUADOR CON DOS CONCIERTOS IMPERDIBLES EN 2026\",\"datePublished\":\"2025-12-09T22:23:07+00:00\",\"mainEntityOfPage\":{\"@id\":\"https:\\\/\\\/www.quebakan.com\\\/v15\\\/kany-garcia-anuncia-su-regreso-a-ecuador-con-dos-conciertos-imperdibles-en-2026\\\/\"},\"wordCount\":433,\"publisher\":{\"@id\":\"https:\\\/\\\/www.quebakan.com\\\/v15\\\/#organization\"},\"image\":{\"@id\":\"https:\\\/\\\/www.quebakan.com\\\/v15\\\/kany-garcia-anuncia-su-regreso-a-ecuador-con-dos-conciertos-imperdibles-en-2026\\\/#primaryimage\"},\"thumbnailUrl\":\"https:\\\/\\\/www.quebakan.com\\\/v15\\\/wp-content\\\/uploads\\\/2025\\\/12\\\/KANY-GUAYAQUIL.jpg\",\"articleSection\":[\"Noticias\"],\"inLanguage\":\"es\"},{\"@type\":\"WebPage\",\"@id\":\"https:\\\/\\\/www.quebakan.com\\\/v15\\\/kany-garcia-anuncia-su-regreso-a-ecuador-con-dos-conciertos-imperdibles-en-2026\\\/\",\"url\":\"https:\\\/\\\/www.quebakan.com\\\/v15\\\/kany-garcia-anuncia-su-regreso-a-ecuador-con-dos-conciertos-imperdibles-en-2026\\\/\",\"name\":\"KANY GARC\u00cdA ANUNCIA SU REGRESO A ECUADOR CON DOS CONCIERTOS IMPERDIBLES EN 2026 &#8211; QUEBAKAN.COM 2026: Noticias, Eventos, Conciertos y mucho m\u00e1s....\",\"isPartOf\":{\"@id\":\"https:\\\/\\\/www.quebakan.com\\\/v15\\\/#website\"},\"primaryImageOfPage\":{\"@id\":\"https:\\\/\\\/www.quebakan.com\\\/v15\\\/kany-garcia-anuncia-su-regreso-a-ecuador-con-dos-conciertos-imperdibles-en-2026\\\/#primaryimage\"},\"image\":{\"@id\":\"https:\\\/\\\/www.quebakan.com\\\/v15\\\/kany-garcia-anuncia-su-regreso-a-ecuador-con-dos-conciertos-imperdibles-en-2026\\\/#primaryimage\"},\"thumbnailUrl\":\"https:\\\/\\\/www.quebakan.com\\\/v15\\\/wp-content\\\/uploads\\\/2025\\\/12\\\/KANY-GUAYAQUIL.jpg\",\"datePublished\":\"2025-12-09T22:23:07+00:00\",\"breadcrumb\":{\"@id\":\"https:\\\/\\\/www.quebakan.com\\\/v15\\\/kany-garcia-anuncia-su-regreso-a-ecuador-con-dos-conciertos-imperdibles-en-2026\\\/#breadcrumb\"},\"inLanguage\":\"es\",\"potentialAction\":[{\"@type\":\"ReadAction\",\"target\":[\"https:\\\/\\\/www.quebakan.com\\\/v15\\\/kany-garcia-anuncia-su-regreso-a-ecuador-con-dos-conciertos-imperdibles-en-2026\\\/\"]}]},{\"@type\":\"ImageObject\",\"inLanguage\":\"es\",\"@id\":\"https:\\\/\\\/www.quebakan.com\\\/v15\\\/kany-garcia-anuncia-su-regreso-a-ecuador-con-dos-conciertos-imperdibles-en-2026\\\/#primaryimage\",\"url\":\"https:\\\/\\\/www.quebakan.com\\\/v15\\\/wp-content\\\/uploads\\\/2025\\\/12\\\/KANY-GUAYAQUIL.jpg\",\"contentUrl\":\"https:\\\/\\\/www.quebakan.com\\\/v15\\\/wp-content\\\/uploads\\\/2025\\\/12\\\/KANY-GUAYAQUIL.jpg\",\"width\":700,\"height\":291},{\"@type\":\"BreadcrumbList\",\"@id\":\"https:\\\/\\\/www.quebakan.com\\\/v15\\\/kany-garcia-anuncia-su-regreso-a-ecuador-con-dos-conciertos-imperdibles-en-2026\\\/#breadcrumb\",\"itemListElement\":[{\"@type\":\"ListItem\",\"position\":1,\"name\":\"Portada\",\"item\":\"https:\\\/\\\/www.quebakan.com\\\/v15\\\/\"},{\"@type\":\"ListItem\",\"position\":2,\"name\":\"KANY GARC\u00cdA ANUNCIA SU REGRESO A ECUADOR CON DOS CONCIERTOS IMPERDIBLES EN 2026\"}]},{\"@type\":\"WebSite\",\"@id\":\"https:\\\/\\\/www.quebakan.com\\\/v15\\\/#website\",\"url\":\"https:\\\/\\\/www.quebakan.com\\\/v15\\\/\",\"name\":\"QUEBAKAN\",\"description\":\"..\",\"publisher\":{\"@id\":\"https:\\\/\\\/www.quebakan.com\\\/v15\\\/#organization\"},\"potentialAction\":[{\"@type\":\"SearchAction\",\"target\":{\"@type\":\"EntryPoint\",\"urlTemplate\":\"https:\\\/\\\/www.quebakan.com\\\/v15\\\/?s={search_term_string}\"},\"query-input\":{\"@type\":\"PropertyValueSpecification\",\"valueRequired\":true,\"valueName\":\"search_term_string\"}}],\"inLanguage\":\"es\"},{\"@type\":\"Organization\",\"@id\":\"https:\\\/\\\/www.quebakan.com\\\/v15\\\/#organization\",\"name\":\"Quebakan.com\",\"url\":\"https:\\\/\\\/www.quebakan.com\\\/v15\\\/\",\"logo\":{\"@type\":\"ImageObject\",\"inLanguage\":\"es\",\"@id\":\"https:\\\/\\\/www.quebakan.com\\\/v15\\\/#\\\/schema\\\/logo\\\/image\\\/\",\"url\":\"https:\\\/\\\/www.quebakan.com\\\/v15\\\/wp-content\\\/uploads\\\/2023\\\/07\\\/logoquebakanenero2021.jpg\",\"contentUrl\":\"https:\\\/\\\/www.quebakan.com\\\/v15\\\/wp-content\\\/uploads\\\/2023\\\/07\\\/logoquebakanenero2021.jpg\",\"width\":1920,\"height\":1080,\"caption\":\"Quebakan.com\"},\"image\":{\"@id\":\"https:\\\/\\\/www.quebakan.com\\\/v15\\\/#\\\/schema\\\/logo\\\/image\\\/\"},\"sameAs\":[\"http:\\\/\\\/www.facebook.com\\\/quebakan\",\"https:\\\/\\\/x.com\\\/quebakanec\",\"http:\\\/\\\/www.instagram.com\\\/quebakan\",\"http:\\\/\\\/www.youtube.com\\\/quebakan1\"]},{\"@type\":\"Person\",\"@id\":\"https:\\\/\\\/www.quebakan.com\\\/v15\\\/#\\\/schema\\\/person\\\/d90fa9f9cfa81eb8ace9811e5b7b9118\",\"name\":\"Erick Villafuerte\",\"image\":{\"@type\":\"ImageObject\",\"inLanguage\":\"es\",\"@id\":\"https:\\\/\\\/www.quebakan.com\\\/v15\\\/wp-content\\\/uploads\\\/avatars\\\/4\\\/1731297654-bpfull.png\",\"url\":\"https:\\\/\\\/www.quebakan.com\\\/v15\\\/wp-content\\\/uploads\\\/avatars\\\/4\\\/1731297654-bpfull.png\",\"contentUrl\":\"https:\\\/\\\/www.quebakan.com\\\/v15\\\/wp-content\\\/uploads\\\/avatars\\\/4\\\/1731297654-bpfull.png\",\"caption\":\"Erick Villafuerte\"}}]}<\/script>\n<!-- \/ Yoast SEO plugin. -->","yoast_head_json":{"title":"KANY GARC\u00cdA ANUNCIA SU REGRESO A ECUADOR CON DOS CONCIERTOS IMPERDIBLES EN 2026 &#8211; QUEBAKAN.COM 2026: Noticias, Eventos, Conciertos y mucho m\u00e1s....","robots":{"index":"index","follow":"follow","max-snippet":"max-snippet:-1","max-image-preview":"max-image-preview:large","max-video-preview":"max-video-preview:-1"},"canonical":"https:\/\/www.quebakan.com\/v15\/kany-garcia-anuncia-su-regreso-a-ecuador-con-dos-conciertos-imperdibles-en-2026\/","og_locale":"es_ES","og_type":"article","og_title":"KANY GARC\u00cdA ANUNCIA SU REGRESO A ECUADOR CON DOS CONCIERTOS IMPERDIBLES EN 2026 &#8211; QUEBAKAN.COM 2026: Noticias, Eventos, Conciertos y mucho m\u00e1s....","og_description":"Quito, diciembre de 2025.- La cantautora puertorrique\u00f1a Kany Garc\u00eda inicia el a\u00f1o con una gran noticia para sus seguidores: Ecuador ser\u00e1 uno de los primeros pa\u00edses confirmados en su agenda 2026, marcando el primer concierto internacional anunciado oficialmente para el pr\u00f3ximo a\u00f1o en el pa\u00eds. Kany Garc\u00eda, reconocida por su sensibilidad art\u00edstica, su activismo social [&hellip;]","og_url":"https:\/\/www.quebakan.com\/v15\/kany-garcia-anuncia-su-regreso-a-ecuador-con-dos-conciertos-imperdibles-en-2026\/","og_site_name":"QUEBAKAN.COM 2026: Noticias, Eventos, Conciertos y mucho m\u00e1s....","article_publisher":"http:\/\/www.facebook.com\/quebakan","article_published_time":"2025-12-09T22:23:07+00:00","og_image":[{"width":700,"height":291,"url":"https:\/\/www.quebakan.com\/v15\/wp-content\/uploads\/2025\/12\/KANY-GUAYAQUIL.jpg","type":"image\/jpeg"}],"author":"Erick Villafuerte","twitter_card":"summary_large_image","twitter_creator":"@quebakanec","twitter_site":"@quebakanec","twitter_misc":{"Escrito por":"Erick Villafuerte","Tiempo de lectura":"3 minutos"},"schema":{"@context":"https:\/\/schema.org","@graph":[{"@type":"Article","@id":"https:\/\/www.quebakan.com\/v15\/kany-garcia-anuncia-su-regreso-a-ecuador-con-dos-conciertos-imperdibles-en-2026\/#article","isPartOf":{"@id":"https:\/\/www.quebakan.com\/v15\/kany-garcia-anuncia-su-regreso-a-ecuador-con-dos-conciertos-imperdibles-en-2026\/"},"author":{"name":"Erick Villafuerte","@id":"https:\/\/www.quebakan.com\/v15\/#\/schema\/person\/d90fa9f9cfa81eb8ace9811e5b7b9118"},"headline":"KANY GARC\u00cdA ANUNCIA SU REGRESO A ECUADOR CON DOS CONCIERTOS IMPERDIBLES EN 2026","datePublished":"2025-12-09T22:23:07+00:00","mainEntityOfPage":{"@id":"https:\/\/www.quebakan.com\/v15\/kany-garcia-anuncia-su-regreso-a-ecuador-con-dos-conciertos-imperdibles-en-2026\/"},"wordCount":433,"publisher":{"@id":"https:\/\/www.quebakan.com\/v15\/#organization"},"image":{"@id":"https:\/\/www.quebakan.com\/v15\/kany-garcia-anuncia-su-regreso-a-ecuador-con-dos-conciertos-imperdibles-en-2026\/#primaryimage"},"thumbnailUrl":"https:\/\/www.quebakan.com\/v15\/wp-content\/uploads\/2025\/12\/KANY-GUAYAQUIL.jpg","articleSection":["Noticias"],"inLanguage":"es"},{"@type":"WebPage","@id":"https:\/\/www.quebakan.com\/v15\/kany-garcia-anuncia-su-regreso-a-ecuador-con-dos-conciertos-imperdibles-en-2026\/","url":"https:\/\/www.quebakan.com\/v15\/kany-garcia-anuncia-su-regreso-a-ecuador-con-dos-conciertos-imperdibles-en-2026\/","name":"KANY GARC\u00cdA ANUNCIA SU REGRESO A ECUADOR CON DOS CONCIERTOS IMPERDIBLES EN 2026 &#8211; QUEBAKAN.COM 2026: Noticias, Eventos, Conciertos y mucho m\u00e1s....","isPartOf":{"@id":"https:\/\/www.quebakan.com\/v15\/#website"},"primaryImageOfPage":{"@id":"https:\/\/www.quebakan.com\/v15\/kany-garcia-anuncia-su-regreso-a-ecuador-con-dos-conciertos-imperdibles-en-2026\/#primaryimage"},"image":{"@id":"https:\/\/www.quebakan.com\/v15\/kany-garcia-anuncia-su-regreso-a-ecuador-con-dos-conciertos-imperdibles-en-2026\/#primaryimage"},"thumbnailUrl":"https:\/\/www.quebakan.com\/v15\/wp-content\/uploads\/2025\/12\/KANY-GUAYAQUIL.jpg","datePublished":"2025-12-09T22:23:07+00:00","breadcrumb":{"@id":"https:\/\/www.quebakan.com\/v15\/kany-garcia-anuncia-su-regreso-a-ecuador-con-dos-conciertos-imperdibles-en-2026\/#breadcrumb"},"inLanguage":"es","potentialAction":[{"@type":"ReadAction","target":["https:\/\/www.quebakan.com\/v15\/kany-garcia-anuncia-su-regreso-a-ecuador-con-dos-conciertos-imperdibles-en-2026\/"]}]},{"@type":"ImageObject","inLanguage":"es","@id":"https:\/\/www.quebakan.com\/v15\/kany-garcia-anuncia-su-regreso-a-ecuador-con-dos-conciertos-imperdibles-en-2026\/#primaryimage","url":"https:\/\/www.quebakan.com\/v15\/wp-content\/uploads\/2025\/12\/KANY-GUAYAQUIL.jpg","contentUrl":"https:\/\/www.quebakan.com\/v15\/wp-content\/uploads\/2025\/12\/KANY-GUAYAQUIL.jpg","width":700,"height":291},{"@type":"BreadcrumbList","@id":"https:\/\/www.quebakan.com\/v15\/kany-garcia-anuncia-su-regreso-a-ecuador-con-dos-conciertos-imperdibles-en-2026\/#breadcrumb","itemListElement":[{"@type":"ListItem","position":1,"name":"Portada","item":"https:\/\/www.quebakan.com\/v15\/"},{"@type":"ListItem","position":2,"name":"KANY GARC\u00cdA ANUNCIA SU REGRESO A ECUADOR CON DOS CONCIERTOS IMPERDIBLES EN 2026"}]},{"@type":"WebSite","@id":"https:\/\/www.quebakan.com\/v15\/#website","url":"https:\/\/www.quebakan.com\/v15\/","name":"QUEBAKAN","description":"..","publisher":{"@id":"https:\/\/www.quebakan.com\/v15\/#organization"},"potentialAction":[{"@type":"SearchAction","target":{"@type":"EntryPoint","urlTemplate":"https:\/\/www.quebakan.com\/v15\/?s={search_term_string}"},"query-input":{"@type":"PropertyValueSpecification","valueRequired":true,"valueName":"search_term_string"}}],"inLanguage":"es"},{"@type":"Organization","@id":"https:\/\/www.quebakan.com\/v15\/#organization","name":"Quebakan.com","url":"https:\/\/www.quebakan.com\/v15\/","logo":{"@type":"ImageObject","inLanguage":"es","@id":"https:\/\/www.quebakan.com\/v15\/#\/schema\/logo\/image\/","url":"https:\/\/www.quebakan.com\/v15\/wp-content\/uploads\/2023\/07\/logoquebakanenero2021.jpg","contentUrl":"https:\/\/www.quebakan.com\/v15\/wp-content\/uploads\/2023\/07\/logoquebakanenero2021.jpg","width":1920,"height":1080,"caption":"Quebakan.com"},"image":{"@id":"https:\/\/www.quebakan.com\/v15\/#\/schema\/logo\/image\/"},"sameAs":["http:\/\/www.facebook.com\/quebakan","https:\/\/x.com\/quebakanec","http:\/\/www.instagram.com\/quebakan","http:\/\/www.youtube.com\/quebakan1"]},{"@type":"Person","@id":"https:\/\/www.quebakan.com\/v15\/#\/schema\/person\/d90fa9f9cfa81eb8ace9811e5b7b9118","name":"Erick Villafuerte","image":{"@type":"ImageObject","inLanguage":"es","@id":"https:\/\/www.quebakan.com\/v15\/wp-content\/uploads\/avatars\/4\/1731297654-bpfull.png","url":"https:\/\/www.quebakan.com\/v15\/wp-content\/uploads\/avatars\/4\/1731297654-bpfull.png","contentUrl":"https:\/\/www.quebakan.com\/v15\/wp-content\/uploads\/avatars\/4\/1731297654-bpfull.png","caption":"Erick Villafuerte"}}]}},"_links":{"self":[{"href":"https:\/\/www.quebakan.com\/v15\/wp-json\/wp\/v2\/posts\/138249","targetHints":{"allow":["GET"]}}],"collection":[{"href":"https:\/\/www.quebakan.com\/v15\/wp-json\/wp\/v2\/posts"}],"about":[{"href":"https:\/\/www.quebakan.com\/v15\/wp-json\/wp\/v2\/types\/post"}],"author":[{"embeddable":true,"href":"https:\/\/www.quebakan.com\/v15\/wp-json\/wp\/v2\/users\/4"}],"replies":[{"embeddable":true,"href":"https:\/\/www.quebakan.com\/v15\/wp-json\/wp\/v2\/comments?post=138249"}],"version-history":[{"count":1,"href":"https:\/\/www.quebakan.com\/v15\/wp-json\/wp\/v2\/posts\/138249\/revisions"}],"predecessor-version":[{"id":138252,"href":"https:\/\/www.quebakan.com\/v15\/wp-json\/wp\/v2\/posts\/138249\/revisions\/138252"}],"wp:featuredmedia":[{"embeddable":true,"href":"https:\/\/www.quebakan.com\/v15\/wp-json\/wp\/v2\/media\/138250"}],"wp:attachment":[{"href":"https:\/\/www.quebakan.com\/v15\/wp-json\/wp\/v2\/media?parent=138249"}],"wp:term":[{"taxonomy":"category","embeddable":true,"href":"https:\/\/www.quebakan.com\/v15\/wp-json\/wp\/v2\/categories?post=138249"},{"taxonomy":"post_tag","embeddable":true,"href":"https:\/\/www.quebakan.com\/v15\/wp-json\/wp\/v2\/tags?post=138249"}],"curies":[{"name":"wp","href":"https:\/\/api.w.org\/{rel}","templated":true}]}}