{"id":138253,"date":"2025-12-09T17:25:43","date_gmt":"2025-12-09T22:25:43","guid":{"rendered":"https:\/\/www.quebakan.com\/v15\/?p=138253"},"modified":"2025-12-09T17:26:30","modified_gmt":"2025-12-09T22:26:30","slug":"iron-maiden-celebra-50-anos-de-historia-en-el-heavy-metal","status":"publish","type":"post","link":"https:\/\/www.quebakan.com\/v15\/iron-maiden-celebra-50-anos-de-historia-en-el-heavy-metal\/","title":{"rendered":"IRON MAIDEN CELEBRA 50 A\u00d1OS DE HISTORIA EN EL HEAVY METAL"},"content":{"rendered":"<p><img fetchpriority=\"high\" decoding=\"async\" class=\"aligncenter size-full wp-image-138254\" src=\"https:\/\/www.quebakan.com\/v15\/wp-content\/uploads\/2025\/12\/ironj1.png\" alt=\"\" width=\"318\" height=\"159\" \/><\/p>\n<p style=\"text-align: justify;\"><span style=\"color: #000000;\"><em>La legendaria banda brit\u00e1nica celebra 50 a\u00f1os de historia con una gira mundial que revive su enorme legado en el rock. Y la gran pregunta ya empieza a rondar entre los fans: \u00bfIron Maiden podr\u00eda llegar a Ecuador? La expectativa crece.<\/em><\/span><\/p>\n<p style=\"text-align: justify;\"><span style=\"color: #000000;\"><strong>Quito, diciembre de 2025. \u2014\u00a0 <\/strong>Iron Maiden, una de las bandas m\u00e1s influyentes y longevas del heavy metal a nivel mundial, celebra 50 a\u00f1os de trayectoria desde su fundaci\u00f3n en 1975. Creada por el bajista Steve Harris en el este de Londres, la agrupaci\u00f3n brit\u00e1nica pas\u00f3 de tocar en peque\u00f1os bares a convertirse en un fen\u00f3meno global que ha llenado estadios en los cinco continentes.<\/span><\/p>\n<p style=\"text-align: justify;\"><span style=\"color: #000000;\">Su debut discogr\u00e1fico lleg\u00f3 en 1980 con el \u00e1lbum <em>Iron Maiden<\/em>, que marc\u00f3 el inicio de una carrera ascendente dentro de la escena del metal. La consolidaci\u00f3n definitiva llegar\u00eda en 1982 con <em>The Number of the Beast<\/em>, disco que no solo impuls\u00f3 a la banda a la fama internacional, sino que redefini\u00f3 el sonido del heavy metal en los a\u00f1os ochenta. A partir de ah\u00ed, t\u00edtulos como <em>Powerslave<\/em>, <em>Piece of Mind<\/em> y <em>Seventh Son of a Seventh Son<\/em> se convirtieron en referentes del g\u00e9nero.<\/span><\/p>\n<p style=\"text-align: justify;\"><span style=\"color: #000000;\">A lo largo de cinco d\u00e9cadas, Iron Maiden ha lanzado 17 \u00e1lbumes de estudio, adem\u00e1s de numerosos discos en vivo y recopilaciones. Su propuesta musical, caracterizada por riffs potentes, una base r\u00edtmica protagonista, estructuras \u00e9picas y letras inspiradas en la historia, la literatura y la fantas\u00eda, se convirti\u00f3 en un sello inconfundible que influy\u00f3 a cientos de bandas alrededor del mundo.<\/span><\/p>\n<p style=\"text-align: justify;\"><span style=\"color: #000000;\">La alineaci\u00f3n liderada por Bruce Dickinson en la voz, junto a Steve Harris, Dave Murray, Adrian Smith, Janick Gers y Nicko McBrain, es considerada una de las m\u00e1s s\u00f3lidas del heavy metal. M\u00e1s all\u00e1 de los cambios en sus primeros a\u00f1os, la banda logr\u00f3 consolidar una identidad que se ha mantenido fiel a su esencia sin perder vigencia frente a nuevas generaciones de oyentes.<\/span><\/p>\n<p style=\"text-align: justify;\"><span style=\"color: #000000;\">Como parte de la celebraci\u00f3n por su aniversario n\u00famero 50, Iron Maiden anunci\u00f3 la gira mundial Run For Your Lives Tour, una serie de conciertos con la que recorrer\u00e1 distintos pa\u00edses repasando los momentos m\u00e1s emblem\u00e1ticos de su discograf\u00eda. En recientes declaraciones, Steve Harris record\u00f3 que, en sus inicios, el mayor objetivo era simplemente grabar un disco, sin imaginar el alcance global que tendr\u00eda la banda medio siglo despu\u00e9s.<\/span><\/p>\n<p style=\"text-align: justify;\"><span style=\"color: #000000;\">El impacto de Iron Maiden trasciende la m\u00fasica. Su est\u00e9tica visual, las portadas de sus discos, la presencia esc\u00e9nica y la figura de su ic\u00f3nica mascota Eddie forman parte del imaginario colectivo del rock. Hoy, su legado se mantiene vivo tanto en los fan\u00e1ticos hist\u00f3ricos como en nuevas audiencias que contin\u00faan descubriendo su m\u00fasica.<\/span><\/p>\n<p style=\"text-align: justify;\"><span style=\"color: #000000;\"><strong>\u00bfIron Maiden en Ecuador? La expectativa entre los fans crece<\/strong><\/span><\/p>\n<p style=\"text-align: justify;\"><span style=\"color: #000000;\">El anuncio de la gira mundial por los 50 a\u00f1os de la banda ha despertado una fuerte expectativa en Am\u00e9rica Latina. Los seguidores locales ya comienzan a especular sobre una posible visita al pa\u00eds en alguna de las pr\u00f3ximas etapas del tour.<\/span><\/p>\n<p style=\"text-align: justify;\"><span style=\"color: #000000;\">El crecimiento de los conciertos internacionales en Ecuador y el historial de presentaciones de Iron Maiden en la regi\u00f3n alimentan la esperanza de Ecuador puedan convertirse en una de las paradas de esta gira hist\u00f3rica. Por ahora, la expectativa se mantiene abierta, mientras los fan\u00e1ticos siguen atentos a los pr\u00f3ximos anuncios oficiales.<\/span><\/p>\n<div style=\"width: 848px;\" class=\"wp-video\"><video class=\"wp-video-shortcode\" id=\"video-138253-1\" width=\"848\" height=\"478\" preload=\"metadata\" controls=\"controls\"><source type=\"video\/mp4\" src=\"https:\/\/www.quebakan.com\/v15\/wp-content\/uploads\/2025\/12\/iron111.mp4?_=1\" \/><a href=\"https:\/\/www.quebakan.com\/v15\/wp-content\/uploads\/2025\/12\/iron111.mp4\">https:\/\/www.quebakan.com\/v15\/wp-content\/uploads\/2025\/12\/iron111.mp4<\/a><\/video><\/div>\n","protected":false},"excerpt":{"rendered":"<p>La legendaria banda brit\u00e1nica celebra 50 a\u00f1os de historia con una gira mundial que revive su enorme legado en el rock. Y la gran pregunta ya empieza a rondar entre los fans: \u00bfIron Maiden podr\u00eda llegar a Ecuador? La expectativa crece. Quito, diciembre de 2025. \u2014\u00a0 Iron Maiden, una de las bandas m\u00e1s influyentes y [&hellip;]<\/p>\n","protected":false},"author":4,"featured_media":138254,"comment_status":"closed","ping_status":"closed","sticky":false,"template":"","format":"standard","meta":{"_bbp_topic_count":0,"_bbp_reply_count":0,"_bbp_total_topic_count":0,"_bbp_total_reply_count":0,"_bbp_voice_count":0,"_bbp_anonymous_reply_count":0,"_bbp_topic_count_hidden":0,"_bbp_reply_count_hidden":0,"_bbp_forum_subforum_count":0,"buzzeditor_post_format":"","footnotes":""},"categories":[2],"tags":[],"class_list":["post-138253","post","type-post","status-publish","format-standard","has-post-thumbnail","hentry","category-noticias"],"yoast_head":"<!-- This site is optimized with the Yoast SEO plugin v27.5 - https:\/\/yoast.com\/product\/yoast-seo-wordpress\/ -->\n<title>IRON MAIDEN CELEBRA 50 A\u00d1OS DE HISTORIA EN EL HEAVY METAL &#8211; QUEBAKAN.COM 2026: Noticias, Eventos, Conciertos y mucho m\u00e1s....<\/title>\n<meta name=\"robots\" content=\"index, follow, max-snippet:-1, max-image-preview:large, max-video-preview:-1\" \/>\n<link rel=\"canonical\" href=\"https:\/\/www.quebakan.com\/v15\/iron-maiden-celebra-50-anos-de-historia-en-el-heavy-metal\/\" \/>\n<meta property=\"og:locale\" content=\"es_ES\" \/>\n<meta property=\"og:type\" content=\"article\" \/>\n<meta property=\"og:title\" content=\"IRON MAIDEN CELEBRA 50 A\u00d1OS DE HISTORIA EN EL HEAVY METAL &#8211; QUEBAKAN.COM 2026: Noticias, Eventos, Conciertos y mucho m\u00e1s....\" \/>\n<meta property=\"og:description\" content=\"La legendaria banda brit\u00e1nica celebra 50 a\u00f1os de historia con una gira mundial que revive su enorme legado en el rock. Y la gran pregunta ya empieza a rondar entre los fans: \u00bfIron Maiden podr\u00eda llegar a Ecuador? La expectativa crece. Quito, diciembre de 2025. \u2014\u00a0 Iron Maiden, una de las bandas m\u00e1s influyentes y [&hellip;]\" \/>\n<meta property=\"og:url\" content=\"https:\/\/www.quebakan.com\/v15\/iron-maiden-celebra-50-anos-de-historia-en-el-heavy-metal\/\" \/>\n<meta property=\"og:site_name\" content=\"QUEBAKAN.COM 2026: Noticias, Eventos, Conciertos y mucho m\u00e1s....\" \/>\n<meta property=\"article:publisher\" content=\"http:\/\/www.facebook.com\/quebakan\" \/>\n<meta property=\"article:published_time\" content=\"2025-12-09T22:25:43+00:00\" \/>\n<meta property=\"article:modified_time\" content=\"2025-12-09T22:26:30+00:00\" \/>\n<meta property=\"og:image\" content=\"https:\/\/www.quebakan.com\/v15\/wp-content\/uploads\/2025\/12\/ironj1.png\" \/>\n\t<meta property=\"og:image:width\" content=\"318\" \/>\n\t<meta property=\"og:image:height\" content=\"159\" \/>\n\t<meta property=\"og:image:type\" content=\"image\/png\" \/>\n<meta name=\"author\" content=\"Erick Villafuerte\" \/>\n<meta name=\"twitter:card\" content=\"summary_large_image\" \/>\n<meta name=\"twitter:creator\" content=\"@quebakanec\" \/>\n<meta name=\"twitter:site\" content=\"@quebakanec\" \/>\n<meta name=\"twitter:label1\" content=\"Escrito por\" \/>\n\t<meta name=\"twitter:data1\" content=\"Erick Villafuerte\" \/>\n\t<meta name=\"twitter:label2\" content=\"Tiempo de lectura\" \/>\n\t<meta name=\"twitter:data2\" content=\"3 minutos\" \/>\n<script type=\"application\/ld+json\" class=\"yoast-schema-graph\">{\"@context\":\"https:\\\/\\\/schema.org\",\"@graph\":[{\"@type\":\"Article\",\"@id\":\"https:\\\/\\\/www.quebakan.com\\\/v15\\\/iron-maiden-celebra-50-anos-de-historia-en-el-heavy-metal\\\/#article\",\"isPartOf\":{\"@id\":\"https:\\\/\\\/www.quebakan.com\\\/v15\\\/iron-maiden-celebra-50-anos-de-historia-en-el-heavy-metal\\\/\"},\"author\":{\"name\":\"Erick Villafuerte\",\"@id\":\"https:\\\/\\\/www.quebakan.com\\\/v15\\\/#\\\/schema\\\/person\\\/d90fa9f9cfa81eb8ace9811e5b7b9118\"},\"headline\":\"IRON MAIDEN CELEBRA 50 A\u00d1OS DE HISTORIA EN EL HEAVY METAL\",\"datePublished\":\"2025-12-09T22:25:43+00:00\",\"dateModified\":\"2025-12-09T22:26:30+00:00\",\"mainEntityOfPage\":{\"@id\":\"https:\\\/\\\/www.quebakan.com\\\/v15\\\/iron-maiden-celebra-50-anos-de-historia-en-el-heavy-metal\\\/\"},\"wordCount\":606,\"publisher\":{\"@id\":\"https:\\\/\\\/www.quebakan.com\\\/v15\\\/#organization\"},\"image\":{\"@id\":\"https:\\\/\\\/www.quebakan.com\\\/v15\\\/iron-maiden-celebra-50-anos-de-historia-en-el-heavy-metal\\\/#primaryimage\"},\"thumbnailUrl\":\"https:\\\/\\\/www.quebakan.com\\\/v15\\\/wp-content\\\/uploads\\\/2025\\\/12\\\/ironj1.png\",\"articleSection\":[\"Noticias\"],\"inLanguage\":\"es\"},{\"@type\":\"WebPage\",\"@id\":\"https:\\\/\\\/www.quebakan.com\\\/v15\\\/iron-maiden-celebra-50-anos-de-historia-en-el-heavy-metal\\\/\",\"url\":\"https:\\\/\\\/www.quebakan.com\\\/v15\\\/iron-maiden-celebra-50-anos-de-historia-en-el-heavy-metal\\\/\",\"name\":\"IRON MAIDEN CELEBRA 50 A\u00d1OS DE HISTORIA EN EL HEAVY METAL &#8211; QUEBAKAN.COM 2026: Noticias, Eventos, Conciertos y mucho m\u00e1s....\",\"isPartOf\":{\"@id\":\"https:\\\/\\\/www.quebakan.com\\\/v15\\\/#website\"},\"primaryImageOfPage\":{\"@id\":\"https:\\\/\\\/www.quebakan.com\\\/v15\\\/iron-maiden-celebra-50-anos-de-historia-en-el-heavy-metal\\\/#primaryimage\"},\"image\":{\"@id\":\"https:\\\/\\\/www.quebakan.com\\\/v15\\\/iron-maiden-celebra-50-anos-de-historia-en-el-heavy-metal\\\/#primaryimage\"},\"thumbnailUrl\":\"https:\\\/\\\/www.quebakan.com\\\/v15\\\/wp-content\\\/uploads\\\/2025\\\/12\\\/ironj1.png\",\"datePublished\":\"2025-12-09T22:25:43+00:00\",\"dateModified\":\"2025-12-09T22:26:30+00:00\",\"breadcrumb\":{\"@id\":\"https:\\\/\\\/www.quebakan.com\\\/v15\\\/iron-maiden-celebra-50-anos-de-historia-en-el-heavy-metal\\\/#breadcrumb\"},\"inLanguage\":\"es\",\"potentialAction\":[{\"@type\":\"ReadAction\",\"target\":[\"https:\\\/\\\/www.quebakan.com\\\/v15\\\/iron-maiden-celebra-50-anos-de-historia-en-el-heavy-metal\\\/\"]}]},{\"@type\":\"ImageObject\",\"inLanguage\":\"es\",\"@id\":\"https:\\\/\\\/www.quebakan.com\\\/v15\\\/iron-maiden-celebra-50-anos-de-historia-en-el-heavy-metal\\\/#primaryimage\",\"url\":\"https:\\\/\\\/www.quebakan.com\\\/v15\\\/wp-content\\\/uploads\\\/2025\\\/12\\\/ironj1.png\",\"contentUrl\":\"https:\\\/\\\/www.quebakan.com\\\/v15\\\/wp-content\\\/uploads\\\/2025\\\/12\\\/ironj1.png\",\"width\":318,\"height\":159},{\"@type\":\"BreadcrumbList\",\"@id\":\"https:\\\/\\\/www.quebakan.com\\\/v15\\\/iron-maiden-celebra-50-anos-de-historia-en-el-heavy-metal\\\/#breadcrumb\",\"itemListElement\":[{\"@type\":\"ListItem\",\"position\":1,\"name\":\"Portada\",\"item\":\"https:\\\/\\\/www.quebakan.com\\\/v15\\\/\"},{\"@type\":\"ListItem\",\"position\":2,\"name\":\"IRON MAIDEN CELEBRA 50 A\u00d1OS DE HISTORIA EN EL HEAVY METAL\"}]},{\"@type\":\"WebSite\",\"@id\":\"https:\\\/\\\/www.quebakan.com\\\/v15\\\/#website\",\"url\":\"https:\\\/\\\/www.quebakan.com\\\/v15\\\/\",\"name\":\"QUEBAKAN\",\"description\":\"..\",\"publisher\":{\"@id\":\"https:\\\/\\\/www.quebakan.com\\\/v15\\\/#organization\"},\"potentialAction\":[{\"@type\":\"SearchAction\",\"target\":{\"@type\":\"EntryPoint\",\"urlTemplate\":\"https:\\\/\\\/www.quebakan.com\\\/v15\\\/?s={search_term_string}\"},\"query-input\":{\"@type\":\"PropertyValueSpecification\",\"valueRequired\":true,\"valueName\":\"search_term_string\"}}],\"inLanguage\":\"es\"},{\"@type\":\"Organization\",\"@id\":\"https:\\\/\\\/www.quebakan.com\\\/v15\\\/#organization\",\"name\":\"Quebakan.com\",\"url\":\"https:\\\/\\\/www.quebakan.com\\\/v15\\\/\",\"logo\":{\"@type\":\"ImageObject\",\"inLanguage\":\"es\",\"@id\":\"https:\\\/\\\/www.quebakan.com\\\/v15\\\/#\\\/schema\\\/logo\\\/image\\\/\",\"url\":\"https:\\\/\\\/www.quebakan.com\\\/v15\\\/wp-content\\\/uploads\\\/2023\\\/07\\\/logoquebakanenero2021.jpg\",\"contentUrl\":\"https:\\\/\\\/www.quebakan.com\\\/v15\\\/wp-content\\\/uploads\\\/2023\\\/07\\\/logoquebakanenero2021.jpg\",\"width\":1920,\"height\":1080,\"caption\":\"Quebakan.com\"},\"image\":{\"@id\":\"https:\\\/\\\/www.quebakan.com\\\/v15\\\/#\\\/schema\\\/logo\\\/image\\\/\"},\"sameAs\":[\"http:\\\/\\\/www.facebook.com\\\/quebakan\",\"https:\\\/\\\/x.com\\\/quebakanec\",\"http:\\\/\\\/www.instagram.com\\\/quebakan\",\"http:\\\/\\\/www.youtube.com\\\/quebakan1\"]},{\"@type\":\"Person\",\"@id\":\"https:\\\/\\\/www.quebakan.com\\\/v15\\\/#\\\/schema\\\/person\\\/d90fa9f9cfa81eb8ace9811e5b7b9118\",\"name\":\"Erick Villafuerte\",\"image\":{\"@type\":\"ImageObject\",\"inLanguage\":\"es\",\"@id\":\"https:\\\/\\\/www.quebakan.com\\\/v15\\\/wp-content\\\/uploads\\\/avatars\\\/4\\\/1731297654-bpfull.png\",\"url\":\"https:\\\/\\\/www.quebakan.com\\\/v15\\\/wp-content\\\/uploads\\\/avatars\\\/4\\\/1731297654-bpfull.png\",\"contentUrl\":\"https:\\\/\\\/www.quebakan.com\\\/v15\\\/wp-content\\\/uploads\\\/avatars\\\/4\\\/1731297654-bpfull.png\",\"caption\":\"Erick Villafuerte\"}}]}<\/script>\n<!-- \/ Yoast SEO plugin. -->","yoast_head_json":{"title":"IRON MAIDEN CELEBRA 50 A\u00d1OS DE HISTORIA EN EL HEAVY METAL &#8211; QUEBAKAN.COM 2026: Noticias, Eventos, Conciertos y mucho m\u00e1s....","robots":{"index":"index","follow":"follow","max-snippet":"max-snippet:-1","max-image-preview":"max-image-preview:large","max-video-preview":"max-video-preview:-1"},"canonical":"https:\/\/www.quebakan.com\/v15\/iron-maiden-celebra-50-anos-de-historia-en-el-heavy-metal\/","og_locale":"es_ES","og_type":"article","og_title":"IRON MAIDEN CELEBRA 50 A\u00d1OS DE HISTORIA EN EL HEAVY METAL &#8211; QUEBAKAN.COM 2026: Noticias, Eventos, Conciertos y mucho m\u00e1s....","og_description":"La legendaria banda brit\u00e1nica celebra 50 a\u00f1os de historia con una gira mundial que revive su enorme legado en el rock. Y la gran pregunta ya empieza a rondar entre los fans: \u00bfIron Maiden podr\u00eda llegar a Ecuador? La expectativa crece. Quito, diciembre de 2025. \u2014\u00a0 Iron Maiden, una de las bandas m\u00e1s influyentes y [&hellip;]","og_url":"https:\/\/www.quebakan.com\/v15\/iron-maiden-celebra-50-anos-de-historia-en-el-heavy-metal\/","og_site_name":"QUEBAKAN.COM 2026: Noticias, Eventos, Conciertos y mucho m\u00e1s....","article_publisher":"http:\/\/www.facebook.com\/quebakan","article_published_time":"2025-12-09T22:25:43+00:00","article_modified_time":"2025-12-09T22:26:30+00:00","og_image":[{"width":318,"height":159,"url":"https:\/\/www.quebakan.com\/v15\/wp-content\/uploads\/2025\/12\/ironj1.png","type":"image\/png"}],"author":"Erick Villafuerte","twitter_card":"summary_large_image","twitter_creator":"@quebakanec","twitter_site":"@quebakanec","twitter_misc":{"Escrito por":"Erick Villafuerte","Tiempo de lectura":"3 minutos"},"schema":{"@context":"https:\/\/schema.org","@graph":[{"@type":"Article","@id":"https:\/\/www.quebakan.com\/v15\/iron-maiden-celebra-50-anos-de-historia-en-el-heavy-metal\/#article","isPartOf":{"@id":"https:\/\/www.quebakan.com\/v15\/iron-maiden-celebra-50-anos-de-historia-en-el-heavy-metal\/"},"author":{"name":"Erick Villafuerte","@id":"https:\/\/www.quebakan.com\/v15\/#\/schema\/person\/d90fa9f9cfa81eb8ace9811e5b7b9118"},"headline":"IRON MAIDEN CELEBRA 50 A\u00d1OS DE HISTORIA EN EL HEAVY METAL","datePublished":"2025-12-09T22:25:43+00:00","dateModified":"2025-12-09T22:26:30+00:00","mainEntityOfPage":{"@id":"https:\/\/www.quebakan.com\/v15\/iron-maiden-celebra-50-anos-de-historia-en-el-heavy-metal\/"},"wordCount":606,"publisher":{"@id":"https:\/\/www.quebakan.com\/v15\/#organization"},"image":{"@id":"https:\/\/www.quebakan.com\/v15\/iron-maiden-celebra-50-anos-de-historia-en-el-heavy-metal\/#primaryimage"},"thumbnailUrl":"https:\/\/www.quebakan.com\/v15\/wp-content\/uploads\/2025\/12\/ironj1.png","articleSection":["Noticias"],"inLanguage":"es"},{"@type":"WebPage","@id":"https:\/\/www.quebakan.com\/v15\/iron-maiden-celebra-50-anos-de-historia-en-el-heavy-metal\/","url":"https:\/\/www.quebakan.com\/v15\/iron-maiden-celebra-50-anos-de-historia-en-el-heavy-metal\/","name":"IRON MAIDEN CELEBRA 50 A\u00d1OS DE HISTORIA EN EL HEAVY METAL &#8211; QUEBAKAN.COM 2026: Noticias, Eventos, Conciertos y mucho m\u00e1s....","isPartOf":{"@id":"https:\/\/www.quebakan.com\/v15\/#website"},"primaryImageOfPage":{"@id":"https:\/\/www.quebakan.com\/v15\/iron-maiden-celebra-50-anos-de-historia-en-el-heavy-metal\/#primaryimage"},"image":{"@id":"https:\/\/www.quebakan.com\/v15\/iron-maiden-celebra-50-anos-de-historia-en-el-heavy-metal\/#primaryimage"},"thumbnailUrl":"https:\/\/www.quebakan.com\/v15\/wp-content\/uploads\/2025\/12\/ironj1.png","datePublished":"2025-12-09T22:25:43+00:00","dateModified":"2025-12-09T22:26:30+00:00","breadcrumb":{"@id":"https:\/\/www.quebakan.com\/v15\/iron-maiden-celebra-50-anos-de-historia-en-el-heavy-metal\/#breadcrumb"},"inLanguage":"es","potentialAction":[{"@type":"ReadAction","target":["https:\/\/www.quebakan.com\/v15\/iron-maiden-celebra-50-anos-de-historia-en-el-heavy-metal\/"]}]},{"@type":"ImageObject","inLanguage":"es","@id":"https:\/\/www.quebakan.com\/v15\/iron-maiden-celebra-50-anos-de-historia-en-el-heavy-metal\/#primaryimage","url":"https:\/\/www.quebakan.com\/v15\/wp-content\/uploads\/2025\/12\/ironj1.png","contentUrl":"https:\/\/www.quebakan.com\/v15\/wp-content\/uploads\/2025\/12\/ironj1.png","width":318,"height":159},{"@type":"BreadcrumbList","@id":"https:\/\/www.quebakan.com\/v15\/iron-maiden-celebra-50-anos-de-historia-en-el-heavy-metal\/#breadcrumb","itemListElement":[{"@type":"ListItem","position":1,"name":"Portada","item":"https:\/\/www.quebakan.com\/v15\/"},{"@type":"ListItem","position":2,"name":"IRON MAIDEN CELEBRA 50 A\u00d1OS DE HISTORIA EN EL HEAVY METAL"}]},{"@type":"WebSite","@id":"https:\/\/www.quebakan.com\/v15\/#website","url":"https:\/\/www.quebakan.com\/v15\/","name":"QUEBAKAN","description":"..","publisher":{"@id":"https:\/\/www.quebakan.com\/v15\/#organization"},"potentialAction":[{"@type":"SearchAction","target":{"@type":"EntryPoint","urlTemplate":"https:\/\/www.quebakan.com\/v15\/?s={search_term_string}"},"query-input":{"@type":"PropertyValueSpecification","valueRequired":true,"valueName":"search_term_string"}}],"inLanguage":"es"},{"@type":"Organization","@id":"https:\/\/www.quebakan.com\/v15\/#organization","name":"Quebakan.com","url":"https:\/\/www.quebakan.com\/v15\/","logo":{"@type":"ImageObject","inLanguage":"es","@id":"https:\/\/www.quebakan.com\/v15\/#\/schema\/logo\/image\/","url":"https:\/\/www.quebakan.com\/v15\/wp-content\/uploads\/2023\/07\/logoquebakanenero2021.jpg","contentUrl":"https:\/\/www.quebakan.com\/v15\/wp-content\/uploads\/2023\/07\/logoquebakanenero2021.jpg","width":1920,"height":1080,"caption":"Quebakan.com"},"image":{"@id":"https:\/\/www.quebakan.com\/v15\/#\/schema\/logo\/image\/"},"sameAs":["http:\/\/www.facebook.com\/quebakan","https:\/\/x.com\/quebakanec","http:\/\/www.instagram.com\/quebakan","http:\/\/www.youtube.com\/quebakan1"]},{"@type":"Person","@id":"https:\/\/www.quebakan.com\/v15\/#\/schema\/person\/d90fa9f9cfa81eb8ace9811e5b7b9118","name":"Erick Villafuerte","image":{"@type":"ImageObject","inLanguage":"es","@id":"https:\/\/www.quebakan.com\/v15\/wp-content\/uploads\/avatars\/4\/1731297654-bpfull.png","url":"https:\/\/www.quebakan.com\/v15\/wp-content\/uploads\/avatars\/4\/1731297654-bpfull.png","contentUrl":"https:\/\/www.quebakan.com\/v15\/wp-content\/uploads\/avatars\/4\/1731297654-bpfull.png","caption":"Erick Villafuerte"}}]}},"_links":{"self":[{"href":"https:\/\/www.quebakan.com\/v15\/wp-json\/wp\/v2\/posts\/138253","targetHints":{"allow":["GET"]}}],"collection":[{"href":"https:\/\/www.quebakan.com\/v15\/wp-json\/wp\/v2\/posts"}],"about":[{"href":"https:\/\/www.quebakan.com\/v15\/wp-json\/wp\/v2\/types\/post"}],"author":[{"embeddable":true,"href":"https:\/\/www.quebakan.com\/v15\/wp-json\/wp\/v2\/users\/4"}],"replies":[{"embeddable":true,"href":"https:\/\/www.quebakan.com\/v15\/wp-json\/wp\/v2\/comments?post=138253"}],"version-history":[{"count":2,"href":"https:\/\/www.quebakan.com\/v15\/wp-json\/wp\/v2\/posts\/138253\/revisions"}],"predecessor-version":[{"id":138257,"href":"https:\/\/www.quebakan.com\/v15\/wp-json\/wp\/v2\/posts\/138253\/revisions\/138257"}],"wp:featuredmedia":[{"embeddable":true,"href":"https:\/\/www.quebakan.com\/v15\/wp-json\/wp\/v2\/media\/138254"}],"wp:attachment":[{"href":"https:\/\/www.quebakan.com\/v15\/wp-json\/wp\/v2\/media?parent=138253"}],"wp:term":[{"taxonomy":"category","embeddable":true,"href":"https:\/\/www.quebakan.com\/v15\/wp-json\/wp\/v2\/categories?post=138253"},{"taxonomy":"post_tag","embeddable":true,"href":"https:\/\/www.quebakan.com\/v15\/wp-json\/wp\/v2\/tags?post=138253"}],"curies":[{"name":"wp","href":"https:\/\/api.w.org\/{rel}","templated":true}]}}