{"id":138265,"date":"2025-12-09T20:51:00","date_gmt":"2025-12-10T01:51:00","guid":{"rendered":"https:\/\/www.quebakan.com\/v15\/?p=138265"},"modified":"2025-12-09T20:51:00","modified_gmt":"2025-12-10T01:51:00","slug":"maria-corina-machado-intenta-llegar-a-oslo-para-recibir-el-premio-nobel-de-la-paz-y-aclara-que-no-piensa-en-el-exilio","status":"publish","type":"post","link":"https:\/\/www.quebakan.com\/v15\/maria-corina-machado-intenta-llegar-a-oslo-para-recibir-el-premio-nobel-de-la-paz-y-aclara-que-no-piensa-en-el-exilio\/","title":{"rendered":"Mar\u00eda Corina Machado intenta llegar a Oslo para recibir el Premio Nobel de la Paz y aclara que no piensa en el exilio"},"content":{"rendered":"<p><img fetchpriority=\"high\" decoding=\"async\" class=\"aligncenter size-full wp-image-138266\" src=\"https:\/\/www.quebakan.com\/v15\/wp-content\/uploads\/2025\/12\/Maria-Corina-Machado-en-Punto-Rojo-el-programa-de-Pilar-Rahola-en-DNEWS.jpg\" alt=\"\" width=\"700\" height=\"394\" \/><\/p>\n<p style=\"text-align: justify;\"><span style=\"color: #000000;\"><em>La l\u00edder opositora venezolana envi\u00f3 un mensaje a trav\u00e9s de sus colaboradores m\u00e1s cercanos y su hermana. <strong>DNEWS<\/strong> transmitir\u00e1 este mi\u00e9rcoles la entrega del galard\u00f3n a trav\u00e9s de DIRECTV, DGO y Youtube. \u00a0<\/em><\/span><\/p>\n<p style=\"text-align: justify;\"><span style=\"color: #000000;\"><strong>Buenos Aires, 9 de diciembre de 2025.<\/strong> Mar\u00eda Corina Machado, l\u00edder opositora venezolana, aclar\u00f3 hoy que no piensa en el exilio, horas antes de recibir el mi\u00e9rcoles el Premio Nobel de la Paz 2025, para lo que este martes estaba intentando llegar a Oslo, seg\u00fan su familia.<\/span><\/p>\n<p style=\"text-align: justify;\"><span style=\"color: #000000;\">La entrega, que ser\u00eda simb\u00f3lica del galard\u00f3n, ser\u00e1 este mi\u00e9rcoles por la ma\u00f1ana en la ciudad de Oslo, dado que el paradero de Machado sigue sin conocerse debido a que est\u00e1 amenazada por el r\u00e9gimen de Nicol\u00e1s Maduro.<\/span><\/p>\n<p style=\"text-align: justify;\"><span style=\"color: #000000;\">Dada la clandestinidad en la que vive la opositora de 58 a\u00f1os, hay dudas sobre su participaci\u00f3n en el evento y, en las \u00faltimas semanas, circularon versiones contradictorias sobre su posible viaje a Europa.<\/span><\/p>\n<p style=\"text-align: justify;\"><span style=\"color: #000000;\">Corina Parisca de Machado (84), madre de Mar\u00eda Corina, lleg\u00f3 recientemente a Oslo con la esperanza de ver a su hija recoger el premio Nobel de la Paz en persona, inform\u00f3 la cadena latinoamericana de noticias <strong>DNEWS.<\/strong><\/span><\/p>\n<p style=\"text-align: justify;\"><span style=\"color: #000000;\">Erik Aasheim, portavoz del Instituto Nobel, declar\u00f3 que la instituci\u00f3n manten\u00eda el martes la expectativa de su presencia. El Instituto ha evitado ofrecer detalles adicionales ante la falta de confirmaci\u00f3n del equipo de la dirigente.<\/span><\/p>\n<p style=\"text-align: justify;\"><span style=\"color: #000000;\">Clara Machado Parisca, hermana de la l\u00edder venezolana arrib\u00f3 a Oslo el lunes y este martes afirm\u00f3: \u201cMar\u00eda Corina est\u00e1 haciendo lo imposible por llegar a Oslo. Su deseo es estar aqu\u00ed. Tenemos fe y esperanza de que as\u00ed ser\u00e1\u201d.<\/span><\/p>\n<p style=\"text-align: justify;\"><span style=\"color: #000000;\">Los preparativos indican que en el Ayuntamiento de Oslo -tradicional sede del Nobel de la Paz desde hace 40 a\u00f1os-, Machado deber\u00eda recibir el diploma, la medalla y el premio monetario. La pianista venezolana Gabriela Montero interpretar\u00e1 \u00abMi Querencia\u00bb, de Sim\u00f3n D\u00edaz, a petici\u00f3n de la premiada, se inform\u00f3.<\/span><\/p>\n<p style=\"text-align: justify;\"><span style=\"color: #000000;\">La se\u00f1al latinoamericana de noticias DNEWS transmitir\u00e1 la gala en vivo desde las 8:00 horas de Argentina a trav\u00e9s de DIRECTV, DGO y Youtube para toda Am\u00e9rica Latina y el mundo, con la conducci\u00f3n del periodista venezolano Andi Chirinos y una cobertura especial desde Oslo, Noruega. \u00a0<\/span><\/p>\n<p style=\"text-align: justify;\"><span style=\"color: #000000;\">La ex jefa de campa\u00f1a de Machado, Magalli Meda, aclar\u00f3 este martes que la dirigente opositora no contempla la opci\u00f3n del exilio, por lo que seguir\u00e1 luchando por la restauraci\u00f3n de la democracia en su pa\u00eds desde adentro.<\/span><\/p>\n<p style=\"text-align: justify;\"><span style=\"color: #000000;\">\u201cC\u00f3mo vamos a pensar que Mar\u00eda Corina no va a regresar y se va a quedar en el exilio. Eso no existe (&#8230;) Eso es como decirle a una madre que va a dejar de querer a sus hijos\u201d, dijo Meda en declaraciones a la prensa este mi\u00e9rcoles.<\/span><\/p>\n<p style=\"text-align: justify;\"><span style=\"color: #000000;\">\u201cSin la violencia, Nicol\u00e1s Maduro no dura ni un instante\u201d, hab\u00eda dicho Machado en una reciente entrevista con la escritora y periodista Pilar Rahola en el ciclo \u201cPunto Rojo\u201d que se emite semanalmente en la cadena <strong>DNEWS.<\/strong><\/span><\/p>\n<p style=\"text-align: justify;\"><span style=\"color: #000000;\">Machado asegur\u00f3 en esa entrevista que el r\u00e9gimen de Nicol\u00e1s Maduro \u201cest\u00e1 absolutamente aislado\u201d y \u201clo \u00fanico que le queda es la violencia, porque si no hubiese represi\u00f3n, no duran ni un instante\u201d.<\/span><\/p>\n<p style=\"text-align: justify;\"><span style=\"color: #000000;\">Machado se mostr\u00f3 convencida en que \u201cMaduro va a dejar el poder\u201d porque, remarc\u00f3, el suyo \u201ces un r\u00e9gimen absolutamente aislado, que lo \u00fanico que le queda es la violencia, porque si no hubiese represi\u00f3n, no duran ni un instante, lo \u00fanico que le queda es la represi\u00f3n\u201d.<\/span><\/p>\n<p style=\"text-align: justify;\"><span style=\"color: #000000;\">\u201cLo que se ha configurado en Venezuela no es una dictadura convencional, es un Estado criminal que ha abierto las puertas de Am\u00e9rica Latina a los enemigos de occidente. Rusia, China, Ir\u00e1n, Hezbollah, Hamas, est\u00e1n operando libremente en Venezuela. S\u00famenle los carteles de la droga, desde M\u00e9xico hasta Brasil. Y la guerrilla colombiana que ha ido penetrando, y ya no solamente est\u00e1 en las fronteras, sino en el coraz\u00f3n de nuestro pa\u00eds. Es evidente que el r\u00e9gimen de Maduro busca desestabilizar todo este continente a trav\u00e9s de estas alianzas\u201d, alert\u00f3 Machado. \u00a0<\/span><\/p>\n<p style=\"text-align: justify;\"><span style=\"color: #000000;\">\u201c\u00bfQu\u00e9 le toca hacer al mundo ahora? Los venezolanos hemos demostrado que tenemos hoy la legitimidad, que tenemos un pa\u00eds unido, que aqu\u00ed no caemos en las trampas del r\u00e9gimen, que es un violador de derechos humanos, que ha cometido cr\u00edmenes de lesa humanidad. Todo esto ha quedado claro, es el momento de actuar frente a un sistema criminal\u201d, inst\u00f3.<\/span><\/p>\n","protected":false},"excerpt":{"rendered":"<p>La l\u00edder opositora venezolana envi\u00f3 un mensaje a trav\u00e9s de sus colaboradores m\u00e1s cercanos y su hermana. DNEWS transmitir\u00e1 este mi\u00e9rcoles la entrega del galard\u00f3n a trav\u00e9s de DIRECTV, DGO y Youtube. \u00a0 Buenos Aires, 9 de diciembre de 2025. Mar\u00eda Corina Machado, l\u00edder opositora venezolana, aclar\u00f3 hoy que no piensa en el exilio, horas [&hellip;]<\/p>\n","protected":false},"author":4,"featured_media":138266,"comment_status":"closed","ping_status":"closed","sticky":false,"template":"","format":"standard","meta":{"_bbp_topic_count":0,"_bbp_reply_count":0,"_bbp_total_topic_count":0,"_bbp_total_reply_count":0,"_bbp_voice_count":0,"_bbp_anonymous_reply_count":0,"_bbp_topic_count_hidden":0,"_bbp_reply_count_hidden":0,"_bbp_forum_subforum_count":0,"buzzeditor_post_format":"","footnotes":""},"categories":[2],"tags":[],"class_list":["post-138265","post","type-post","status-publish","format-standard","has-post-thumbnail","hentry","category-noticias"],"yoast_head":"<!-- This site is optimized with the Yoast SEO plugin v27.5 - https:\/\/yoast.com\/product\/yoast-seo-wordpress\/ -->\n<title>Mar\u00eda Corina Machado intenta llegar a Oslo para recibir el Premio Nobel de la Paz y aclara que no piensa en el exilio &#8211; QUEBAKAN.COM 2026: Noticias, Eventos, Conciertos y mucho m\u00e1s....<\/title>\n<meta name=\"robots\" content=\"index, follow, max-snippet:-1, max-image-preview:large, max-video-preview:-1\" \/>\n<link rel=\"canonical\" href=\"https:\/\/www.quebakan.com\/v15\/maria-corina-machado-intenta-llegar-a-oslo-para-recibir-el-premio-nobel-de-la-paz-y-aclara-que-no-piensa-en-el-exilio\/\" \/>\n<meta property=\"og:locale\" content=\"es_ES\" \/>\n<meta property=\"og:type\" content=\"article\" \/>\n<meta property=\"og:title\" content=\"Mar\u00eda Corina Machado intenta llegar a Oslo para recibir el Premio Nobel de la Paz y aclara que no piensa en el exilio &#8211; QUEBAKAN.COM 2026: Noticias, Eventos, Conciertos y mucho m\u00e1s....\" \/>\n<meta property=\"og:description\" content=\"La l\u00edder opositora venezolana envi\u00f3 un mensaje a trav\u00e9s de sus colaboradores m\u00e1s cercanos y su hermana. DNEWS transmitir\u00e1 este mi\u00e9rcoles la entrega del galard\u00f3n a trav\u00e9s de DIRECTV, DGO y Youtube. \u00a0 Buenos Aires, 9 de diciembre de 2025. Mar\u00eda Corina Machado, l\u00edder opositora venezolana, aclar\u00f3 hoy que no piensa en el exilio, horas [&hellip;]\" \/>\n<meta property=\"og:url\" content=\"https:\/\/www.quebakan.com\/v15\/maria-corina-machado-intenta-llegar-a-oslo-para-recibir-el-premio-nobel-de-la-paz-y-aclara-que-no-piensa-en-el-exilio\/\" \/>\n<meta property=\"og:site_name\" content=\"QUEBAKAN.COM 2026: Noticias, Eventos, Conciertos y mucho m\u00e1s....\" \/>\n<meta property=\"article:publisher\" content=\"http:\/\/www.facebook.com\/quebakan\" \/>\n<meta property=\"article:published_time\" content=\"2025-12-10T01:51:00+00:00\" \/>\n<meta property=\"og:image\" content=\"https:\/\/www.quebakan.com\/v15\/wp-content\/uploads\/2025\/12\/Maria-Corina-Machado-en-Punto-Rojo-el-programa-de-Pilar-Rahola-en-DNEWS.jpg\" \/>\n\t<meta property=\"og:image:width\" content=\"700\" \/>\n\t<meta property=\"og:image:height\" content=\"394\" \/>\n\t<meta property=\"og:image:type\" content=\"image\/jpeg\" \/>\n<meta name=\"author\" content=\"Erick Villafuerte\" \/>\n<meta name=\"twitter:card\" content=\"summary_large_image\" \/>\n<meta name=\"twitter:creator\" content=\"@quebakanec\" \/>\n<meta name=\"twitter:site\" content=\"@quebakanec\" \/>\n<meta name=\"twitter:label1\" content=\"Escrito por\" \/>\n\t<meta name=\"twitter:data1\" content=\"Erick Villafuerte\" \/>\n\t<meta name=\"twitter:label2\" content=\"Tiempo de lectura\" \/>\n\t<meta name=\"twitter:data2\" content=\"4 minutos\" \/>\n<script type=\"application\/ld+json\" class=\"yoast-schema-graph\">{\"@context\":\"https:\\\/\\\/schema.org\",\"@graph\":[{\"@type\":\"Article\",\"@id\":\"https:\\\/\\\/www.quebakan.com\\\/v15\\\/maria-corina-machado-intenta-llegar-a-oslo-para-recibir-el-premio-nobel-de-la-paz-y-aclara-que-no-piensa-en-el-exilio\\\/#article\",\"isPartOf\":{\"@id\":\"https:\\\/\\\/www.quebakan.com\\\/v15\\\/maria-corina-machado-intenta-llegar-a-oslo-para-recibir-el-premio-nobel-de-la-paz-y-aclara-que-no-piensa-en-el-exilio\\\/\"},\"author\":{\"name\":\"Erick Villafuerte\",\"@id\":\"https:\\\/\\\/www.quebakan.com\\\/v15\\\/#\\\/schema\\\/person\\\/d90fa9f9cfa81eb8ace9811e5b7b9118\"},\"headline\":\"Mar\u00eda Corina Machado intenta llegar a Oslo para recibir el Premio Nobel de la Paz y aclara que no piensa en el exilio\",\"datePublished\":\"2025-12-10T01:51:00+00:00\",\"mainEntityOfPage\":{\"@id\":\"https:\\\/\\\/www.quebakan.com\\\/v15\\\/maria-corina-machado-intenta-llegar-a-oslo-para-recibir-el-premio-nobel-de-la-paz-y-aclara-que-no-piensa-en-el-exilio\\\/\"},\"wordCount\":790,\"publisher\":{\"@id\":\"https:\\\/\\\/www.quebakan.com\\\/v15\\\/#organization\"},\"image\":{\"@id\":\"https:\\\/\\\/www.quebakan.com\\\/v15\\\/maria-corina-machado-intenta-llegar-a-oslo-para-recibir-el-premio-nobel-de-la-paz-y-aclara-que-no-piensa-en-el-exilio\\\/#primaryimage\"},\"thumbnailUrl\":\"https:\\\/\\\/www.quebakan.com\\\/v15\\\/wp-content\\\/uploads\\\/2025\\\/12\\\/Maria-Corina-Machado-en-Punto-Rojo-el-programa-de-Pilar-Rahola-en-DNEWS.jpg\",\"articleSection\":[\"Noticias\"],\"inLanguage\":\"es\"},{\"@type\":\"WebPage\",\"@id\":\"https:\\\/\\\/www.quebakan.com\\\/v15\\\/maria-corina-machado-intenta-llegar-a-oslo-para-recibir-el-premio-nobel-de-la-paz-y-aclara-que-no-piensa-en-el-exilio\\\/\",\"url\":\"https:\\\/\\\/www.quebakan.com\\\/v15\\\/maria-corina-machado-intenta-llegar-a-oslo-para-recibir-el-premio-nobel-de-la-paz-y-aclara-que-no-piensa-en-el-exilio\\\/\",\"name\":\"Mar\u00eda Corina Machado intenta llegar a Oslo para recibir el Premio Nobel de la Paz y aclara que no piensa en el exilio &#8211; QUEBAKAN.COM 2026: Noticias, Eventos, Conciertos y mucho m\u00e1s....\",\"isPartOf\":{\"@id\":\"https:\\\/\\\/www.quebakan.com\\\/v15\\\/#website\"},\"primaryImageOfPage\":{\"@id\":\"https:\\\/\\\/www.quebakan.com\\\/v15\\\/maria-corina-machado-intenta-llegar-a-oslo-para-recibir-el-premio-nobel-de-la-paz-y-aclara-que-no-piensa-en-el-exilio\\\/#primaryimage\"},\"image\":{\"@id\":\"https:\\\/\\\/www.quebakan.com\\\/v15\\\/maria-corina-machado-intenta-llegar-a-oslo-para-recibir-el-premio-nobel-de-la-paz-y-aclara-que-no-piensa-en-el-exilio\\\/#primaryimage\"},\"thumbnailUrl\":\"https:\\\/\\\/www.quebakan.com\\\/v15\\\/wp-content\\\/uploads\\\/2025\\\/12\\\/Maria-Corina-Machado-en-Punto-Rojo-el-programa-de-Pilar-Rahola-en-DNEWS.jpg\",\"datePublished\":\"2025-12-10T01:51:00+00:00\",\"breadcrumb\":{\"@id\":\"https:\\\/\\\/www.quebakan.com\\\/v15\\\/maria-corina-machado-intenta-llegar-a-oslo-para-recibir-el-premio-nobel-de-la-paz-y-aclara-que-no-piensa-en-el-exilio\\\/#breadcrumb\"},\"inLanguage\":\"es\",\"potentialAction\":[{\"@type\":\"ReadAction\",\"target\":[\"https:\\\/\\\/www.quebakan.com\\\/v15\\\/maria-corina-machado-intenta-llegar-a-oslo-para-recibir-el-premio-nobel-de-la-paz-y-aclara-que-no-piensa-en-el-exilio\\\/\"]}]},{\"@type\":\"ImageObject\",\"inLanguage\":\"es\",\"@id\":\"https:\\\/\\\/www.quebakan.com\\\/v15\\\/maria-corina-machado-intenta-llegar-a-oslo-para-recibir-el-premio-nobel-de-la-paz-y-aclara-que-no-piensa-en-el-exilio\\\/#primaryimage\",\"url\":\"https:\\\/\\\/www.quebakan.com\\\/v15\\\/wp-content\\\/uploads\\\/2025\\\/12\\\/Maria-Corina-Machado-en-Punto-Rojo-el-programa-de-Pilar-Rahola-en-DNEWS.jpg\",\"contentUrl\":\"https:\\\/\\\/www.quebakan.com\\\/v15\\\/wp-content\\\/uploads\\\/2025\\\/12\\\/Maria-Corina-Machado-en-Punto-Rojo-el-programa-de-Pilar-Rahola-en-DNEWS.jpg\",\"width\":700,\"height\":394},{\"@type\":\"BreadcrumbList\",\"@id\":\"https:\\\/\\\/www.quebakan.com\\\/v15\\\/maria-corina-machado-intenta-llegar-a-oslo-para-recibir-el-premio-nobel-de-la-paz-y-aclara-que-no-piensa-en-el-exilio\\\/#breadcrumb\",\"itemListElement\":[{\"@type\":\"ListItem\",\"position\":1,\"name\":\"Portada\",\"item\":\"https:\\\/\\\/www.quebakan.com\\\/v15\\\/\"},{\"@type\":\"ListItem\",\"position\":2,\"name\":\"Mar\u00eda Corina Machado intenta llegar a Oslo para recibir el Premio Nobel de la Paz y aclara que no piensa en el exilio\"}]},{\"@type\":\"WebSite\",\"@id\":\"https:\\\/\\\/www.quebakan.com\\\/v15\\\/#website\",\"url\":\"https:\\\/\\\/www.quebakan.com\\\/v15\\\/\",\"name\":\"QUEBAKAN\",\"description\":\"..\",\"publisher\":{\"@id\":\"https:\\\/\\\/www.quebakan.com\\\/v15\\\/#organization\"},\"potentialAction\":[{\"@type\":\"SearchAction\",\"target\":{\"@type\":\"EntryPoint\",\"urlTemplate\":\"https:\\\/\\\/www.quebakan.com\\\/v15\\\/?s={search_term_string}\"},\"query-input\":{\"@type\":\"PropertyValueSpecification\",\"valueRequired\":true,\"valueName\":\"search_term_string\"}}],\"inLanguage\":\"es\"},{\"@type\":\"Organization\",\"@id\":\"https:\\\/\\\/www.quebakan.com\\\/v15\\\/#organization\",\"name\":\"Quebakan.com\",\"url\":\"https:\\\/\\\/www.quebakan.com\\\/v15\\\/\",\"logo\":{\"@type\":\"ImageObject\",\"inLanguage\":\"es\",\"@id\":\"https:\\\/\\\/www.quebakan.com\\\/v15\\\/#\\\/schema\\\/logo\\\/image\\\/\",\"url\":\"https:\\\/\\\/www.quebakan.com\\\/v15\\\/wp-content\\\/uploads\\\/2023\\\/07\\\/logoquebakanenero2021.jpg\",\"contentUrl\":\"https:\\\/\\\/www.quebakan.com\\\/v15\\\/wp-content\\\/uploads\\\/2023\\\/07\\\/logoquebakanenero2021.jpg\",\"width\":1920,\"height\":1080,\"caption\":\"Quebakan.com\"},\"image\":{\"@id\":\"https:\\\/\\\/www.quebakan.com\\\/v15\\\/#\\\/schema\\\/logo\\\/image\\\/\"},\"sameAs\":[\"http:\\\/\\\/www.facebook.com\\\/quebakan\",\"https:\\\/\\\/x.com\\\/quebakanec\",\"http:\\\/\\\/www.instagram.com\\\/quebakan\",\"http:\\\/\\\/www.youtube.com\\\/quebakan1\"]},{\"@type\":\"Person\",\"@id\":\"https:\\\/\\\/www.quebakan.com\\\/v15\\\/#\\\/schema\\\/person\\\/d90fa9f9cfa81eb8ace9811e5b7b9118\",\"name\":\"Erick Villafuerte\",\"image\":{\"@type\":\"ImageObject\",\"inLanguage\":\"es\",\"@id\":\"https:\\\/\\\/www.quebakan.com\\\/v15\\\/wp-content\\\/uploads\\\/avatars\\\/4\\\/1731297654-bpfull.png\",\"url\":\"https:\\\/\\\/www.quebakan.com\\\/v15\\\/wp-content\\\/uploads\\\/avatars\\\/4\\\/1731297654-bpfull.png\",\"contentUrl\":\"https:\\\/\\\/www.quebakan.com\\\/v15\\\/wp-content\\\/uploads\\\/avatars\\\/4\\\/1731297654-bpfull.png\",\"caption\":\"Erick Villafuerte\"}}]}<\/script>\n<!-- \/ Yoast SEO plugin. -->","yoast_head_json":{"title":"Mar\u00eda Corina Machado intenta llegar a Oslo para recibir el Premio Nobel de la Paz y aclara que no piensa en el exilio &#8211; QUEBAKAN.COM 2026: Noticias, Eventos, Conciertos y mucho m\u00e1s....","robots":{"index":"index","follow":"follow","max-snippet":"max-snippet:-1","max-image-preview":"max-image-preview:large","max-video-preview":"max-video-preview:-1"},"canonical":"https:\/\/www.quebakan.com\/v15\/maria-corina-machado-intenta-llegar-a-oslo-para-recibir-el-premio-nobel-de-la-paz-y-aclara-que-no-piensa-en-el-exilio\/","og_locale":"es_ES","og_type":"article","og_title":"Mar\u00eda Corina Machado intenta llegar a Oslo para recibir el Premio Nobel de la Paz y aclara que no piensa en el exilio &#8211; QUEBAKAN.COM 2026: Noticias, Eventos, Conciertos y mucho m\u00e1s....","og_description":"La l\u00edder opositora venezolana envi\u00f3 un mensaje a trav\u00e9s de sus colaboradores m\u00e1s cercanos y su hermana. DNEWS transmitir\u00e1 este mi\u00e9rcoles la entrega del galard\u00f3n a trav\u00e9s de DIRECTV, DGO y Youtube. \u00a0 Buenos Aires, 9 de diciembre de 2025. Mar\u00eda Corina Machado, l\u00edder opositora venezolana, aclar\u00f3 hoy que no piensa en el exilio, horas [&hellip;]","og_url":"https:\/\/www.quebakan.com\/v15\/maria-corina-machado-intenta-llegar-a-oslo-para-recibir-el-premio-nobel-de-la-paz-y-aclara-que-no-piensa-en-el-exilio\/","og_site_name":"QUEBAKAN.COM 2026: Noticias, Eventos, Conciertos y mucho m\u00e1s....","article_publisher":"http:\/\/www.facebook.com\/quebakan","article_published_time":"2025-12-10T01:51:00+00:00","og_image":[{"width":700,"height":394,"url":"https:\/\/www.quebakan.com\/v15\/wp-content\/uploads\/2025\/12\/Maria-Corina-Machado-en-Punto-Rojo-el-programa-de-Pilar-Rahola-en-DNEWS.jpg","type":"image\/jpeg"}],"author":"Erick Villafuerte","twitter_card":"summary_large_image","twitter_creator":"@quebakanec","twitter_site":"@quebakanec","twitter_misc":{"Escrito por":"Erick Villafuerte","Tiempo de lectura":"4 minutos"},"schema":{"@context":"https:\/\/schema.org","@graph":[{"@type":"Article","@id":"https:\/\/www.quebakan.com\/v15\/maria-corina-machado-intenta-llegar-a-oslo-para-recibir-el-premio-nobel-de-la-paz-y-aclara-que-no-piensa-en-el-exilio\/#article","isPartOf":{"@id":"https:\/\/www.quebakan.com\/v15\/maria-corina-machado-intenta-llegar-a-oslo-para-recibir-el-premio-nobel-de-la-paz-y-aclara-que-no-piensa-en-el-exilio\/"},"author":{"name":"Erick Villafuerte","@id":"https:\/\/www.quebakan.com\/v15\/#\/schema\/person\/d90fa9f9cfa81eb8ace9811e5b7b9118"},"headline":"Mar\u00eda Corina Machado intenta llegar a Oslo para recibir el Premio Nobel de la Paz y aclara que no piensa en el exilio","datePublished":"2025-12-10T01:51:00+00:00","mainEntityOfPage":{"@id":"https:\/\/www.quebakan.com\/v15\/maria-corina-machado-intenta-llegar-a-oslo-para-recibir-el-premio-nobel-de-la-paz-y-aclara-que-no-piensa-en-el-exilio\/"},"wordCount":790,"publisher":{"@id":"https:\/\/www.quebakan.com\/v15\/#organization"},"image":{"@id":"https:\/\/www.quebakan.com\/v15\/maria-corina-machado-intenta-llegar-a-oslo-para-recibir-el-premio-nobel-de-la-paz-y-aclara-que-no-piensa-en-el-exilio\/#primaryimage"},"thumbnailUrl":"https:\/\/www.quebakan.com\/v15\/wp-content\/uploads\/2025\/12\/Maria-Corina-Machado-en-Punto-Rojo-el-programa-de-Pilar-Rahola-en-DNEWS.jpg","articleSection":["Noticias"],"inLanguage":"es"},{"@type":"WebPage","@id":"https:\/\/www.quebakan.com\/v15\/maria-corina-machado-intenta-llegar-a-oslo-para-recibir-el-premio-nobel-de-la-paz-y-aclara-que-no-piensa-en-el-exilio\/","url":"https:\/\/www.quebakan.com\/v15\/maria-corina-machado-intenta-llegar-a-oslo-para-recibir-el-premio-nobel-de-la-paz-y-aclara-que-no-piensa-en-el-exilio\/","name":"Mar\u00eda Corina Machado intenta llegar a Oslo para recibir el Premio Nobel de la Paz y aclara que no piensa en el exilio &#8211; QUEBAKAN.COM 2026: Noticias, Eventos, Conciertos y mucho m\u00e1s....","isPartOf":{"@id":"https:\/\/www.quebakan.com\/v15\/#website"},"primaryImageOfPage":{"@id":"https:\/\/www.quebakan.com\/v15\/maria-corina-machado-intenta-llegar-a-oslo-para-recibir-el-premio-nobel-de-la-paz-y-aclara-que-no-piensa-en-el-exilio\/#primaryimage"},"image":{"@id":"https:\/\/www.quebakan.com\/v15\/maria-corina-machado-intenta-llegar-a-oslo-para-recibir-el-premio-nobel-de-la-paz-y-aclara-que-no-piensa-en-el-exilio\/#primaryimage"},"thumbnailUrl":"https:\/\/www.quebakan.com\/v15\/wp-content\/uploads\/2025\/12\/Maria-Corina-Machado-en-Punto-Rojo-el-programa-de-Pilar-Rahola-en-DNEWS.jpg","datePublished":"2025-12-10T01:51:00+00:00","breadcrumb":{"@id":"https:\/\/www.quebakan.com\/v15\/maria-corina-machado-intenta-llegar-a-oslo-para-recibir-el-premio-nobel-de-la-paz-y-aclara-que-no-piensa-en-el-exilio\/#breadcrumb"},"inLanguage":"es","potentialAction":[{"@type":"ReadAction","target":["https:\/\/www.quebakan.com\/v15\/maria-corina-machado-intenta-llegar-a-oslo-para-recibir-el-premio-nobel-de-la-paz-y-aclara-que-no-piensa-en-el-exilio\/"]}]},{"@type":"ImageObject","inLanguage":"es","@id":"https:\/\/www.quebakan.com\/v15\/maria-corina-machado-intenta-llegar-a-oslo-para-recibir-el-premio-nobel-de-la-paz-y-aclara-que-no-piensa-en-el-exilio\/#primaryimage","url":"https:\/\/www.quebakan.com\/v15\/wp-content\/uploads\/2025\/12\/Maria-Corina-Machado-en-Punto-Rojo-el-programa-de-Pilar-Rahola-en-DNEWS.jpg","contentUrl":"https:\/\/www.quebakan.com\/v15\/wp-content\/uploads\/2025\/12\/Maria-Corina-Machado-en-Punto-Rojo-el-programa-de-Pilar-Rahola-en-DNEWS.jpg","width":700,"height":394},{"@type":"BreadcrumbList","@id":"https:\/\/www.quebakan.com\/v15\/maria-corina-machado-intenta-llegar-a-oslo-para-recibir-el-premio-nobel-de-la-paz-y-aclara-que-no-piensa-en-el-exilio\/#breadcrumb","itemListElement":[{"@type":"ListItem","position":1,"name":"Portada","item":"https:\/\/www.quebakan.com\/v15\/"},{"@type":"ListItem","position":2,"name":"Mar\u00eda Corina Machado intenta llegar a Oslo para recibir el Premio Nobel de la Paz y aclara que no piensa en el exilio"}]},{"@type":"WebSite","@id":"https:\/\/www.quebakan.com\/v15\/#website","url":"https:\/\/www.quebakan.com\/v15\/","name":"QUEBAKAN","description":"..","publisher":{"@id":"https:\/\/www.quebakan.com\/v15\/#organization"},"potentialAction":[{"@type":"SearchAction","target":{"@type":"EntryPoint","urlTemplate":"https:\/\/www.quebakan.com\/v15\/?s={search_term_string}"},"query-input":{"@type":"PropertyValueSpecification","valueRequired":true,"valueName":"search_term_string"}}],"inLanguage":"es"},{"@type":"Organization","@id":"https:\/\/www.quebakan.com\/v15\/#organization","name":"Quebakan.com","url":"https:\/\/www.quebakan.com\/v15\/","logo":{"@type":"ImageObject","inLanguage":"es","@id":"https:\/\/www.quebakan.com\/v15\/#\/schema\/logo\/image\/","url":"https:\/\/www.quebakan.com\/v15\/wp-content\/uploads\/2023\/07\/logoquebakanenero2021.jpg","contentUrl":"https:\/\/www.quebakan.com\/v15\/wp-content\/uploads\/2023\/07\/logoquebakanenero2021.jpg","width":1920,"height":1080,"caption":"Quebakan.com"},"image":{"@id":"https:\/\/www.quebakan.com\/v15\/#\/schema\/logo\/image\/"},"sameAs":["http:\/\/www.facebook.com\/quebakan","https:\/\/x.com\/quebakanec","http:\/\/www.instagram.com\/quebakan","http:\/\/www.youtube.com\/quebakan1"]},{"@type":"Person","@id":"https:\/\/www.quebakan.com\/v15\/#\/schema\/person\/d90fa9f9cfa81eb8ace9811e5b7b9118","name":"Erick Villafuerte","image":{"@type":"ImageObject","inLanguage":"es","@id":"https:\/\/www.quebakan.com\/v15\/wp-content\/uploads\/avatars\/4\/1731297654-bpfull.png","url":"https:\/\/www.quebakan.com\/v15\/wp-content\/uploads\/avatars\/4\/1731297654-bpfull.png","contentUrl":"https:\/\/www.quebakan.com\/v15\/wp-content\/uploads\/avatars\/4\/1731297654-bpfull.png","caption":"Erick Villafuerte"}}]}},"_links":{"self":[{"href":"https:\/\/www.quebakan.com\/v15\/wp-json\/wp\/v2\/posts\/138265","targetHints":{"allow":["GET"]}}],"collection":[{"href":"https:\/\/www.quebakan.com\/v15\/wp-json\/wp\/v2\/posts"}],"about":[{"href":"https:\/\/www.quebakan.com\/v15\/wp-json\/wp\/v2\/types\/post"}],"author":[{"embeddable":true,"href":"https:\/\/www.quebakan.com\/v15\/wp-json\/wp\/v2\/users\/4"}],"replies":[{"embeddable":true,"href":"https:\/\/www.quebakan.com\/v15\/wp-json\/wp\/v2\/comments?post=138265"}],"version-history":[{"count":1,"href":"https:\/\/www.quebakan.com\/v15\/wp-json\/wp\/v2\/posts\/138265\/revisions"}],"predecessor-version":[{"id":138267,"href":"https:\/\/www.quebakan.com\/v15\/wp-json\/wp\/v2\/posts\/138265\/revisions\/138267"}],"wp:featuredmedia":[{"embeddable":true,"href":"https:\/\/www.quebakan.com\/v15\/wp-json\/wp\/v2\/media\/138266"}],"wp:attachment":[{"href":"https:\/\/www.quebakan.com\/v15\/wp-json\/wp\/v2\/media?parent=138265"}],"wp:term":[{"taxonomy":"category","embeddable":true,"href":"https:\/\/www.quebakan.com\/v15\/wp-json\/wp\/v2\/categories?post=138265"},{"taxonomy":"post_tag","embeddable":true,"href":"https:\/\/www.quebakan.com\/v15\/wp-json\/wp\/v2\/tags?post=138265"}],"curies":[{"name":"wp","href":"https:\/\/api.w.org\/{rel}","templated":true}]}}