{"id":138277,"date":"2025-12-09T22:21:59","date_gmt":"2025-12-10T03:21:59","guid":{"rendered":"https:\/\/www.quebakan.com\/v15\/?p=138277"},"modified":"2025-12-09T22:21:59","modified_gmt":"2025-12-10T03:21:59","slug":"vii-encuentro-de-sociedad-civil","status":"publish","type":"post","link":"https:\/\/www.quebakan.com\/v15\/vii-encuentro-de-sociedad-civil\/","title":{"rendered":"VII Encuentro de Sociedad Civil"},"content":{"rendered":"<p><img fetchpriority=\"high\" decoding=\"async\" class=\"aligncenter size-full wp-image-138278\" src=\"https:\/\/www.quebakan.com\/v15\/wp-content\/uploads\/2025\/12\/f3.jpg\" alt=\"\" width=\"700\" height=\"394\" \/><\/p>\n<ul>\n<li style=\"text-align: justify;\"><span style=\"color: #000000;\"><strong>Prevenci\u00f3n y respuesta a las violencias con \u00e9nfasis en reclutamiento de ni\u00f1os, ni\u00f1as y adolescentes y desplazamiento forzoso en Guayaquil<\/strong><\/span><\/li>\n<\/ul>\n<p style=\"text-align: justify;\"><span style=\"color: #000000;\">Cuando la escucha, la cooperaci\u00f3n y el compromiso comunitario se encuentran, nacen caminos capaces de transformar realidades profundamente afectadas por la violencia. Bajo esta premisa, la <strong>Mesa Regional de Cooperaci\u00f3n para el Desarrollo<\/strong> realiz\u00f3 el pasado <strong>4 de diciembre<\/strong> el <strong>VII Encuentro de Sociedad Civil<\/strong>, un espacio de construcci\u00f3n colectiva orientado a fortalecer la prevenci\u00f3n y la respuesta frente al <strong>reclutamiento de ni\u00f1as, ni\u00f1os y adolescentes<\/strong>, as\u00ed como al <strong>desplazamiento forzoso<\/strong> que viven comunidades de <strong>Isla Trinitaria<\/strong> y <strong>Socio Vivienda<\/strong> en Guayaquil.<\/span><\/p>\n<p style=\"text-align: justify;\"><span style=\"color: #000000;\">Organizado por la <strong>Mesa de Cooperaci\u00f3n<\/strong>, en articulaci\u00f3n con la <strong>RED NOROESTE<\/strong> y con la participaci\u00f3n de organizaciones nacionales e internacionales, universidades, agencias de cooperaci\u00f3n, gobiernos locales y actores comunitarios \u2014entre ellos <strong>Misi\u00f3n Alianza<\/strong>, como uno de sus miembros activos\u2014 el Encuentro convoc\u00f3 a instituciones p\u00fablicas, sociedad civil y especialistas para compartir informaci\u00f3n clave, visibilizar las voces de las comunidades y generar propuestas concretas que impulsen un trabajo articulado m\u00e1s s\u00f3lido, humano y sostenible.<\/span><\/p>\n<p style=\"text-align: justify;\"><span style=\"color: #000000;\">En un pa\u00eds donde miles de familias enfrentan situaciones de riesgo y desplazamiento, la articulaci\u00f3n entre instituciones se vuelve <strong>esencial para proteger<\/strong> a ni\u00f1as, ni\u00f1os y adolescentes, fortalecer la resiliencia comunitaria y construir oportunidades de futuro. Este Encuentro busc\u00f3 profundizar ese camino, ampliando los aprendizajes obtenidos durante 2025 y avanzando hacia rutas de acci\u00f3n que respondan directamente a las necesidades expresadas por las propias comunidades.<\/span><\/p>\n<p style=\"text-align: justify;\"><span style=\"color: #000000;\">Durante la jornada se desarrollaron <strong>paneles, presentaciones de estudios, testimonios comunitarios y espacios de reflexi\u00f3n<\/strong>, donde se analizaron problem\u00e1ticas como:<\/span><\/p>\n<ul style=\"text-align: justify;\">\n<li><span style=\"color: #000000;\">El impacto de la violencia criminal en las familias.<\/span><\/li>\n<li><span style=\"color: #000000;\">Las causas y efectos sociales del reclutamiento de j\u00f3venes y adolescentes.<\/span><\/li>\n<li><span style=\"color: #000000;\">El rol de los liderazgos comunitarios.<\/span><\/li>\n<li><span style=\"color: #000000;\">Las estrategias frente al desplazamiento.<\/span><\/li>\n<\/ul>\n<p style=\"text-align: justify;\"><span style=\"color: #000000;\">Adem\u00e1s, el VII Encuentro incluy\u00f3 espacios internos donde representantes de la sociedad civil trabajaron en la <strong>construcci\u00f3n colaborativa de planes de acci\u00f3n<\/strong> para cada comunidad, que orienten las acciones conjuntas durante 2026. Estas hojas de ruta contemplan l\u00edneas estrat\u00e9gicas, responsabilidades, aliados clave, recursos necesarios, cronogramas y metas de impacto, con el objetivo de fortalecer la protecci\u00f3n comunitaria y acompa\u00f1ar las iniciativas locales.<\/span><\/p>\n<p style=\"text-align: justify;\"><span style=\"color: #000000;\">Inspirado en el compromiso que la <strong>Mesa de Cooperaci\u00f3n<\/strong> ha consolidado durante los \u00faltimos a\u00f1os, el <strong>7mo. Encuentro<\/strong> busca generar acuerdos claros que potencien el apoyo a las comunidades, abran nuevas oportunidades para quienes m\u00e1s las necesitan y permitan alcanzar resultados colectivos que trasciendan en el tiempo.<\/span><\/p>\n<p style=\"text-align: justify;\"><span style=\"color: #000000;\">La participaci\u00f3n fue gratuita y se realiz\u00f3 en el <strong>Auditorio de la Universidad del Pac\u00edfico, desde las 08h30 a 13h30.<\/strong><\/span><\/p>\n<p><img decoding=\"async\" class=\"aligncenter size-full wp-image-138279\" src=\"https:\/\/www.quebakan.com\/v15\/wp-content\/uploads\/2025\/12\/f1-1.jpg\" alt=\"\" width=\"700\" height=\"394\" \/><\/p>\n<p>&nbsp;<\/p>\n<p><img decoding=\"async\" class=\"aligncenter size-full wp-image-138280\" src=\"https:\/\/www.quebakan.com\/v15\/wp-content\/uploads\/2025\/12\/f2.jpg\" alt=\"\" width=\"700\" height=\"394\" \/><\/p>\n","protected":false},"excerpt":{"rendered":"<p>Prevenci\u00f3n y respuesta a las violencias con \u00e9nfasis en reclutamiento de ni\u00f1os, ni\u00f1as y adolescentes y desplazamiento forzoso en Guayaquil Cuando la escucha, la cooperaci\u00f3n y el compromiso comunitario se encuentran, nacen caminos capaces de transformar realidades profundamente afectadas por la violencia. Bajo esta premisa, la Mesa Regional de Cooperaci\u00f3n para el Desarrollo realiz\u00f3 el [&hellip;]<\/p>\n","protected":false},"author":4,"featured_media":138279,"comment_status":"closed","ping_status":"closed","sticky":false,"template":"","format":"standard","meta":{"_bbp_topic_count":0,"_bbp_reply_count":0,"_bbp_total_topic_count":0,"_bbp_total_reply_count":0,"_bbp_voice_count":0,"_bbp_anonymous_reply_count":0,"_bbp_topic_count_hidden":0,"_bbp_reply_count_hidden":0,"_bbp_forum_subforum_count":0,"buzzeditor_post_format":"","footnotes":""},"categories":[2],"tags":[],"class_list":["post-138277","post","type-post","status-publish","format-standard","has-post-thumbnail","hentry","category-noticias"],"yoast_head":"<!-- This site is optimized with the Yoast SEO plugin v27.5 - https:\/\/yoast.com\/product\/yoast-seo-wordpress\/ -->\n<title>VII Encuentro de Sociedad Civil &#8211; QUEBAKAN.COM 2026: Noticias, Eventos, Conciertos y mucho m\u00e1s....<\/title>\n<meta name=\"robots\" content=\"index, follow, max-snippet:-1, max-image-preview:large, max-video-preview:-1\" \/>\n<link rel=\"canonical\" href=\"https:\/\/www.quebakan.com\/v15\/vii-encuentro-de-sociedad-civil\/\" \/>\n<meta property=\"og:locale\" content=\"es_ES\" \/>\n<meta property=\"og:type\" content=\"article\" \/>\n<meta property=\"og:title\" content=\"VII Encuentro de Sociedad Civil &#8211; QUEBAKAN.COM 2026: Noticias, Eventos, Conciertos y mucho m\u00e1s....\" \/>\n<meta property=\"og:description\" content=\"Prevenci\u00f3n y respuesta a las violencias con \u00e9nfasis en reclutamiento de ni\u00f1os, ni\u00f1as y adolescentes y desplazamiento forzoso en Guayaquil Cuando la escucha, la cooperaci\u00f3n y el compromiso comunitario se encuentran, nacen caminos capaces de transformar realidades profundamente afectadas por la violencia. Bajo esta premisa, la Mesa Regional de Cooperaci\u00f3n para el Desarrollo realiz\u00f3 el [&hellip;]\" \/>\n<meta property=\"og:url\" content=\"https:\/\/www.quebakan.com\/v15\/vii-encuentro-de-sociedad-civil\/\" \/>\n<meta property=\"og:site_name\" content=\"QUEBAKAN.COM 2026: Noticias, Eventos, Conciertos y mucho m\u00e1s....\" \/>\n<meta property=\"article:publisher\" content=\"http:\/\/www.facebook.com\/quebakan\" \/>\n<meta property=\"article:published_time\" content=\"2025-12-10T03:21:59+00:00\" \/>\n<meta property=\"og:image\" content=\"https:\/\/www.quebakan.com\/v15\/wp-content\/uploads\/2025\/12\/f1-1.jpg\" \/>\n\t<meta property=\"og:image:width\" content=\"700\" \/>\n\t<meta property=\"og:image:height\" content=\"394\" \/>\n\t<meta property=\"og:image:type\" content=\"image\/jpeg\" \/>\n<meta name=\"author\" content=\"Erick Villafuerte\" \/>\n<meta name=\"twitter:card\" content=\"summary_large_image\" \/>\n<meta name=\"twitter:creator\" content=\"@quebakanec\" \/>\n<meta name=\"twitter:site\" content=\"@quebakanec\" \/>\n<meta name=\"twitter:label1\" content=\"Escrito por\" \/>\n\t<meta name=\"twitter:data1\" content=\"Erick Villafuerte\" \/>\n\t<meta name=\"twitter:label2\" content=\"Tiempo de lectura\" \/>\n\t<meta name=\"twitter:data2\" content=\"3 minutos\" \/>\n<script type=\"application\/ld+json\" class=\"yoast-schema-graph\">{\"@context\":\"https:\\\/\\\/schema.org\",\"@graph\":[{\"@type\":\"Article\",\"@id\":\"https:\\\/\\\/www.quebakan.com\\\/v15\\\/vii-encuentro-de-sociedad-civil\\\/#article\",\"isPartOf\":{\"@id\":\"https:\\\/\\\/www.quebakan.com\\\/v15\\\/vii-encuentro-de-sociedad-civil\\\/\"},\"author\":{\"name\":\"Erick Villafuerte\",\"@id\":\"https:\\\/\\\/www.quebakan.com\\\/v15\\\/#\\\/schema\\\/person\\\/d90fa9f9cfa81eb8ace9811e5b7b9118\"},\"headline\":\"VII Encuentro de Sociedad Civil\",\"datePublished\":\"2025-12-10T03:21:59+00:00\",\"mainEntityOfPage\":{\"@id\":\"https:\\\/\\\/www.quebakan.com\\\/v15\\\/vii-encuentro-de-sociedad-civil\\\/\"},\"wordCount\":462,\"publisher\":{\"@id\":\"https:\\\/\\\/www.quebakan.com\\\/v15\\\/#organization\"},\"image\":{\"@id\":\"https:\\\/\\\/www.quebakan.com\\\/v15\\\/vii-encuentro-de-sociedad-civil\\\/#primaryimage\"},\"thumbnailUrl\":\"https:\\\/\\\/www.quebakan.com\\\/v15\\\/wp-content\\\/uploads\\\/2025\\\/12\\\/f1-1.jpg\",\"articleSection\":[\"Noticias\"],\"inLanguage\":\"es\"},{\"@type\":\"WebPage\",\"@id\":\"https:\\\/\\\/www.quebakan.com\\\/v15\\\/vii-encuentro-de-sociedad-civil\\\/\",\"url\":\"https:\\\/\\\/www.quebakan.com\\\/v15\\\/vii-encuentro-de-sociedad-civil\\\/\",\"name\":\"VII Encuentro de Sociedad Civil &#8211; QUEBAKAN.COM 2026: Noticias, Eventos, Conciertos y mucho m\u00e1s....\",\"isPartOf\":{\"@id\":\"https:\\\/\\\/www.quebakan.com\\\/v15\\\/#website\"},\"primaryImageOfPage\":{\"@id\":\"https:\\\/\\\/www.quebakan.com\\\/v15\\\/vii-encuentro-de-sociedad-civil\\\/#primaryimage\"},\"image\":{\"@id\":\"https:\\\/\\\/www.quebakan.com\\\/v15\\\/vii-encuentro-de-sociedad-civil\\\/#primaryimage\"},\"thumbnailUrl\":\"https:\\\/\\\/www.quebakan.com\\\/v15\\\/wp-content\\\/uploads\\\/2025\\\/12\\\/f1-1.jpg\",\"datePublished\":\"2025-12-10T03:21:59+00:00\",\"breadcrumb\":{\"@id\":\"https:\\\/\\\/www.quebakan.com\\\/v15\\\/vii-encuentro-de-sociedad-civil\\\/#breadcrumb\"},\"inLanguage\":\"es\",\"potentialAction\":[{\"@type\":\"ReadAction\",\"target\":[\"https:\\\/\\\/www.quebakan.com\\\/v15\\\/vii-encuentro-de-sociedad-civil\\\/\"]}]},{\"@type\":\"ImageObject\",\"inLanguage\":\"es\",\"@id\":\"https:\\\/\\\/www.quebakan.com\\\/v15\\\/vii-encuentro-de-sociedad-civil\\\/#primaryimage\",\"url\":\"https:\\\/\\\/www.quebakan.com\\\/v15\\\/wp-content\\\/uploads\\\/2025\\\/12\\\/f1-1.jpg\",\"contentUrl\":\"https:\\\/\\\/www.quebakan.com\\\/v15\\\/wp-content\\\/uploads\\\/2025\\\/12\\\/f1-1.jpg\",\"width\":700,\"height\":394},{\"@type\":\"BreadcrumbList\",\"@id\":\"https:\\\/\\\/www.quebakan.com\\\/v15\\\/vii-encuentro-de-sociedad-civil\\\/#breadcrumb\",\"itemListElement\":[{\"@type\":\"ListItem\",\"position\":1,\"name\":\"Portada\",\"item\":\"https:\\\/\\\/www.quebakan.com\\\/v15\\\/\"},{\"@type\":\"ListItem\",\"position\":2,\"name\":\"VII Encuentro de Sociedad Civil\"}]},{\"@type\":\"WebSite\",\"@id\":\"https:\\\/\\\/www.quebakan.com\\\/v15\\\/#website\",\"url\":\"https:\\\/\\\/www.quebakan.com\\\/v15\\\/\",\"name\":\"QUEBAKAN\",\"description\":\"..\",\"publisher\":{\"@id\":\"https:\\\/\\\/www.quebakan.com\\\/v15\\\/#organization\"},\"potentialAction\":[{\"@type\":\"SearchAction\",\"target\":{\"@type\":\"EntryPoint\",\"urlTemplate\":\"https:\\\/\\\/www.quebakan.com\\\/v15\\\/?s={search_term_string}\"},\"query-input\":{\"@type\":\"PropertyValueSpecification\",\"valueRequired\":true,\"valueName\":\"search_term_string\"}}],\"inLanguage\":\"es\"},{\"@type\":\"Organization\",\"@id\":\"https:\\\/\\\/www.quebakan.com\\\/v15\\\/#organization\",\"name\":\"Quebakan.com\",\"url\":\"https:\\\/\\\/www.quebakan.com\\\/v15\\\/\",\"logo\":{\"@type\":\"ImageObject\",\"inLanguage\":\"es\",\"@id\":\"https:\\\/\\\/www.quebakan.com\\\/v15\\\/#\\\/schema\\\/logo\\\/image\\\/\",\"url\":\"https:\\\/\\\/www.quebakan.com\\\/v15\\\/wp-content\\\/uploads\\\/2023\\\/07\\\/logoquebakanenero2021.jpg\",\"contentUrl\":\"https:\\\/\\\/www.quebakan.com\\\/v15\\\/wp-content\\\/uploads\\\/2023\\\/07\\\/logoquebakanenero2021.jpg\",\"width\":1920,\"height\":1080,\"caption\":\"Quebakan.com\"},\"image\":{\"@id\":\"https:\\\/\\\/www.quebakan.com\\\/v15\\\/#\\\/schema\\\/logo\\\/image\\\/\"},\"sameAs\":[\"http:\\\/\\\/www.facebook.com\\\/quebakan\",\"https:\\\/\\\/x.com\\\/quebakanec\",\"http:\\\/\\\/www.instagram.com\\\/quebakan\",\"http:\\\/\\\/www.youtube.com\\\/quebakan1\"]},{\"@type\":\"Person\",\"@id\":\"https:\\\/\\\/www.quebakan.com\\\/v15\\\/#\\\/schema\\\/person\\\/d90fa9f9cfa81eb8ace9811e5b7b9118\",\"name\":\"Erick Villafuerte\",\"image\":{\"@type\":\"ImageObject\",\"inLanguage\":\"es\",\"@id\":\"https:\\\/\\\/www.quebakan.com\\\/v15\\\/wp-content\\\/uploads\\\/avatars\\\/4\\\/1731297654-bpfull.png\",\"url\":\"https:\\\/\\\/www.quebakan.com\\\/v15\\\/wp-content\\\/uploads\\\/avatars\\\/4\\\/1731297654-bpfull.png\",\"contentUrl\":\"https:\\\/\\\/www.quebakan.com\\\/v15\\\/wp-content\\\/uploads\\\/avatars\\\/4\\\/1731297654-bpfull.png\",\"caption\":\"Erick Villafuerte\"}}]}<\/script>\n<!-- \/ Yoast SEO plugin. -->","yoast_head_json":{"title":"VII Encuentro de Sociedad Civil &#8211; QUEBAKAN.COM 2026: Noticias, Eventos, Conciertos y mucho m\u00e1s....","robots":{"index":"index","follow":"follow","max-snippet":"max-snippet:-1","max-image-preview":"max-image-preview:large","max-video-preview":"max-video-preview:-1"},"canonical":"https:\/\/www.quebakan.com\/v15\/vii-encuentro-de-sociedad-civil\/","og_locale":"es_ES","og_type":"article","og_title":"VII Encuentro de Sociedad Civil &#8211; QUEBAKAN.COM 2026: Noticias, Eventos, Conciertos y mucho m\u00e1s....","og_description":"Prevenci\u00f3n y respuesta a las violencias con \u00e9nfasis en reclutamiento de ni\u00f1os, ni\u00f1as y adolescentes y desplazamiento forzoso en Guayaquil Cuando la escucha, la cooperaci\u00f3n y el compromiso comunitario se encuentran, nacen caminos capaces de transformar realidades profundamente afectadas por la violencia. Bajo esta premisa, la Mesa Regional de Cooperaci\u00f3n para el Desarrollo realiz\u00f3 el [&hellip;]","og_url":"https:\/\/www.quebakan.com\/v15\/vii-encuentro-de-sociedad-civil\/","og_site_name":"QUEBAKAN.COM 2026: Noticias, Eventos, Conciertos y mucho m\u00e1s....","article_publisher":"http:\/\/www.facebook.com\/quebakan","article_published_time":"2025-12-10T03:21:59+00:00","og_image":[{"width":700,"height":394,"url":"https:\/\/www.quebakan.com\/v15\/wp-content\/uploads\/2025\/12\/f1-1.jpg","type":"image\/jpeg"}],"author":"Erick Villafuerte","twitter_card":"summary_large_image","twitter_creator":"@quebakanec","twitter_site":"@quebakanec","twitter_misc":{"Escrito por":"Erick Villafuerte","Tiempo de lectura":"3 minutos"},"schema":{"@context":"https:\/\/schema.org","@graph":[{"@type":"Article","@id":"https:\/\/www.quebakan.com\/v15\/vii-encuentro-de-sociedad-civil\/#article","isPartOf":{"@id":"https:\/\/www.quebakan.com\/v15\/vii-encuentro-de-sociedad-civil\/"},"author":{"name":"Erick Villafuerte","@id":"https:\/\/www.quebakan.com\/v15\/#\/schema\/person\/d90fa9f9cfa81eb8ace9811e5b7b9118"},"headline":"VII Encuentro de Sociedad Civil","datePublished":"2025-12-10T03:21:59+00:00","mainEntityOfPage":{"@id":"https:\/\/www.quebakan.com\/v15\/vii-encuentro-de-sociedad-civil\/"},"wordCount":462,"publisher":{"@id":"https:\/\/www.quebakan.com\/v15\/#organization"},"image":{"@id":"https:\/\/www.quebakan.com\/v15\/vii-encuentro-de-sociedad-civil\/#primaryimage"},"thumbnailUrl":"https:\/\/www.quebakan.com\/v15\/wp-content\/uploads\/2025\/12\/f1-1.jpg","articleSection":["Noticias"],"inLanguage":"es"},{"@type":"WebPage","@id":"https:\/\/www.quebakan.com\/v15\/vii-encuentro-de-sociedad-civil\/","url":"https:\/\/www.quebakan.com\/v15\/vii-encuentro-de-sociedad-civil\/","name":"VII Encuentro de Sociedad Civil &#8211; QUEBAKAN.COM 2026: Noticias, Eventos, Conciertos y mucho m\u00e1s....","isPartOf":{"@id":"https:\/\/www.quebakan.com\/v15\/#website"},"primaryImageOfPage":{"@id":"https:\/\/www.quebakan.com\/v15\/vii-encuentro-de-sociedad-civil\/#primaryimage"},"image":{"@id":"https:\/\/www.quebakan.com\/v15\/vii-encuentro-de-sociedad-civil\/#primaryimage"},"thumbnailUrl":"https:\/\/www.quebakan.com\/v15\/wp-content\/uploads\/2025\/12\/f1-1.jpg","datePublished":"2025-12-10T03:21:59+00:00","breadcrumb":{"@id":"https:\/\/www.quebakan.com\/v15\/vii-encuentro-de-sociedad-civil\/#breadcrumb"},"inLanguage":"es","potentialAction":[{"@type":"ReadAction","target":["https:\/\/www.quebakan.com\/v15\/vii-encuentro-de-sociedad-civil\/"]}]},{"@type":"ImageObject","inLanguage":"es","@id":"https:\/\/www.quebakan.com\/v15\/vii-encuentro-de-sociedad-civil\/#primaryimage","url":"https:\/\/www.quebakan.com\/v15\/wp-content\/uploads\/2025\/12\/f1-1.jpg","contentUrl":"https:\/\/www.quebakan.com\/v15\/wp-content\/uploads\/2025\/12\/f1-1.jpg","width":700,"height":394},{"@type":"BreadcrumbList","@id":"https:\/\/www.quebakan.com\/v15\/vii-encuentro-de-sociedad-civil\/#breadcrumb","itemListElement":[{"@type":"ListItem","position":1,"name":"Portada","item":"https:\/\/www.quebakan.com\/v15\/"},{"@type":"ListItem","position":2,"name":"VII Encuentro de Sociedad Civil"}]},{"@type":"WebSite","@id":"https:\/\/www.quebakan.com\/v15\/#website","url":"https:\/\/www.quebakan.com\/v15\/","name":"QUEBAKAN","description":"..","publisher":{"@id":"https:\/\/www.quebakan.com\/v15\/#organization"},"potentialAction":[{"@type":"SearchAction","target":{"@type":"EntryPoint","urlTemplate":"https:\/\/www.quebakan.com\/v15\/?s={search_term_string}"},"query-input":{"@type":"PropertyValueSpecification","valueRequired":true,"valueName":"search_term_string"}}],"inLanguage":"es"},{"@type":"Organization","@id":"https:\/\/www.quebakan.com\/v15\/#organization","name":"Quebakan.com","url":"https:\/\/www.quebakan.com\/v15\/","logo":{"@type":"ImageObject","inLanguage":"es","@id":"https:\/\/www.quebakan.com\/v15\/#\/schema\/logo\/image\/","url":"https:\/\/www.quebakan.com\/v15\/wp-content\/uploads\/2023\/07\/logoquebakanenero2021.jpg","contentUrl":"https:\/\/www.quebakan.com\/v15\/wp-content\/uploads\/2023\/07\/logoquebakanenero2021.jpg","width":1920,"height":1080,"caption":"Quebakan.com"},"image":{"@id":"https:\/\/www.quebakan.com\/v15\/#\/schema\/logo\/image\/"},"sameAs":["http:\/\/www.facebook.com\/quebakan","https:\/\/x.com\/quebakanec","http:\/\/www.instagram.com\/quebakan","http:\/\/www.youtube.com\/quebakan1"]},{"@type":"Person","@id":"https:\/\/www.quebakan.com\/v15\/#\/schema\/person\/d90fa9f9cfa81eb8ace9811e5b7b9118","name":"Erick Villafuerte","image":{"@type":"ImageObject","inLanguage":"es","@id":"https:\/\/www.quebakan.com\/v15\/wp-content\/uploads\/avatars\/4\/1731297654-bpfull.png","url":"https:\/\/www.quebakan.com\/v15\/wp-content\/uploads\/avatars\/4\/1731297654-bpfull.png","contentUrl":"https:\/\/www.quebakan.com\/v15\/wp-content\/uploads\/avatars\/4\/1731297654-bpfull.png","caption":"Erick Villafuerte"}}]}},"_links":{"self":[{"href":"https:\/\/www.quebakan.com\/v15\/wp-json\/wp\/v2\/posts\/138277","targetHints":{"allow":["GET"]}}],"collection":[{"href":"https:\/\/www.quebakan.com\/v15\/wp-json\/wp\/v2\/posts"}],"about":[{"href":"https:\/\/www.quebakan.com\/v15\/wp-json\/wp\/v2\/types\/post"}],"author":[{"embeddable":true,"href":"https:\/\/www.quebakan.com\/v15\/wp-json\/wp\/v2\/users\/4"}],"replies":[{"embeddable":true,"href":"https:\/\/www.quebakan.com\/v15\/wp-json\/wp\/v2\/comments?post=138277"}],"version-history":[{"count":1,"href":"https:\/\/www.quebakan.com\/v15\/wp-json\/wp\/v2\/posts\/138277\/revisions"}],"predecessor-version":[{"id":138281,"href":"https:\/\/www.quebakan.com\/v15\/wp-json\/wp\/v2\/posts\/138277\/revisions\/138281"}],"wp:featuredmedia":[{"embeddable":true,"href":"https:\/\/www.quebakan.com\/v15\/wp-json\/wp\/v2\/media\/138279"}],"wp:attachment":[{"href":"https:\/\/www.quebakan.com\/v15\/wp-json\/wp\/v2\/media?parent=138277"}],"wp:term":[{"taxonomy":"category","embeddable":true,"href":"https:\/\/www.quebakan.com\/v15\/wp-json\/wp\/v2\/categories?post=138277"},{"taxonomy":"post_tag","embeddable":true,"href":"https:\/\/www.quebakan.com\/v15\/wp-json\/wp\/v2\/tags?post=138277"}],"curies":[{"name":"wp","href":"https:\/\/api.w.org\/{rel}","templated":true}]}}