{"id":138289,"date":"2025-12-10T10:42:14","date_gmt":"2025-12-10T15:42:14","guid":{"rendered":"https:\/\/www.quebakan.com\/v15\/?p=138289"},"modified":"2025-12-10T10:42:14","modified_gmt":"2025-12-10T15:42:14","slug":"nobis-es-reconocido-con-el-sello-empresa-segura","status":"publish","type":"post","link":"https:\/\/www.quebakan.com\/v15\/nobis-es-reconocido-con-el-sello-empresa-segura\/","title":{"rendered":"Nobis es reconocido con el Sello Empresa Segura"},"content":{"rendered":"<p><img fetchpriority=\"high\" decoding=\"async\" class=\"aligncenter size-full wp-image-138290\" src=\"https:\/\/www.quebakan.com\/v15\/wp-content\/uploads\/2025\/12\/foto-sello-empresa-segura.jpg\" alt=\"\" width=\"700\" height=\"466\" \/><\/p>\n<p style=\"text-align: justify;\"><span style=\"color: #000000;\"><strong><em>Pie de fotograf\u00eda:<\/em><\/strong> Gabriela Baja\u00f1a, HR Business Partner y, Mar\u00eda Fernanda Benalc\u00e1zar, jefa de Comunicaci\u00f3n de Nobis Holding de Inversiones; junto a Andr\u00e9s Robalino, viceministro de Producci\u00f3n e Industrias durante el acto de premiaci\u00f3n de Sello Empresa Segura.<\/span><\/p>\n<ul style=\"text-align: justify;\">\n<li><span style=\"color: #000000;\"><strong><em>Por segunda ocasi\u00f3n, Nobis Holding de Inversiones (NHI) recibi\u00f3 el reconocimiento \u2018Sello Empresa Segura\u2019, la m\u00e1xima distinci\u00f3n nacional que avala el compromiso empresarial por un Ecuador libre de violencia y discriminaci\u00f3n.<\/em><\/strong><\/span><\/li>\n<\/ul>\n<p style=\"text-align: justify;\"><span style=\"color: #000000;\"><strong>Quito, diciembre 2025<\/strong>.- Entre<strong> 125 empresas postulantes al Sello Empresa Segura <\/strong>\u2015la m\u00e1xima distinci\u00f3n nacional que garantiza entornos laborales libres de violencia y discriminaci\u00f3n contra las mujeres\u2015, Nobis Holding de Inversiones (NHI) fue reconocida por segunda ocasi\u00f3n por sus buenas pr\u00e1cticas de tolerancia cero hacia la Violencia contra la Mujer<strong>. <\/strong>El sello de calidad implica un riguroso proceso de evaluaci\u00f3n en funci\u00f3n de tres criterios: cultura organizacional, pr\u00e1ctica cotidiana, y trabajo con y hacia la comunidad.<\/span><\/p>\n<p style=\"text-align: justify;\"><span style=\"color: #000000;\">Ante un contexto global en el que una de cada tres mujeres sufre violencia f\u00edsica o sexual a lo largo de su vida, de acuerdo con ONU Mujeres (2025), esta distinci\u00f3n liderada por el Ministerio de Gobierno en Ecuador se torna imperante. Solo 46 entidades ecuatorianas cumplieron los est\u00e1ndares establecidos y recibieron el sello con vigencia de dos a\u00f1os.<\/span><\/p>\n<p style=\"text-align: justify;\"><span style=\"color: #000000;\">El reconocimiento de NHI se debe a las pol\u00edticas de equidad de g\u00e9nero y de prevenci\u00f3n\/atenci\u00f3n en caso de violencia contra las mujeres, que rigen su accionar corporativo de forma transversal. <strong>Isabel Noboa Pont\u00f3n, presidenta ejecutiva de Nobis<\/strong>, considera que este reconocimiento reafirma su compromiso con la construcci\u00f3n de espacios m\u00e1s seguros en el trabajo y en la sociedad. \u201cCreemos que todos tenemos los mismos derechos; esto ha permitido que NOBIS sea incluyente y valore el potencial de todos sus colaboradores por igual\u201d.<\/span><\/p>\n<p style=\"text-align: justify;\"><span style=\"color: #000000;\">La <strong>ministra de Gobierno, Nataly Morillo<\/strong>, destac\u00f3 que esta distinci\u00f3n marca una hoja de ruta para consolidar est\u00e1ndares, ampliar la cobertura y hacer de la prevenci\u00f3n una pol\u00edtica permanente del Estado.<\/span><\/p>\n","protected":false},"excerpt":{"rendered":"<p>Pie de fotograf\u00eda: Gabriela Baja\u00f1a, HR Business Partner y, Mar\u00eda Fernanda Benalc\u00e1zar, jefa de Comunicaci\u00f3n de Nobis Holding de Inversiones; junto a Andr\u00e9s Robalino, viceministro de Producci\u00f3n e Industrias durante el acto de premiaci\u00f3n de Sello Empresa Segura. Por segunda ocasi\u00f3n, Nobis Holding de Inversiones (NHI) recibi\u00f3 el reconocimiento \u2018Sello Empresa Segura\u2019, la m\u00e1xima distinci\u00f3n [&hellip;]<\/p>\n","protected":false},"author":4,"featured_media":138290,"comment_status":"closed","ping_status":"closed","sticky":false,"template":"","format":"standard","meta":{"_bbp_topic_count":0,"_bbp_reply_count":0,"_bbp_total_topic_count":0,"_bbp_total_reply_count":0,"_bbp_voice_count":0,"_bbp_anonymous_reply_count":0,"_bbp_topic_count_hidden":0,"_bbp_reply_count_hidden":0,"_bbp_forum_subforum_count":0,"buzzeditor_post_format":"","footnotes":""},"categories":[2],"tags":[],"class_list":["post-138289","post","type-post","status-publish","format-standard","has-post-thumbnail","hentry","category-noticias"],"yoast_head":"<!-- This site is optimized with the Yoast SEO plugin v27.5 - https:\/\/yoast.com\/product\/yoast-seo-wordpress\/ -->\n<title>Nobis es reconocido con el Sello Empresa Segura &#8211; QUEBAKAN.COM 2026: Noticias, Eventos, Conciertos y mucho m\u00e1s....<\/title>\n<meta name=\"robots\" content=\"index, follow, max-snippet:-1, max-image-preview:large, max-video-preview:-1\" \/>\n<link rel=\"canonical\" href=\"https:\/\/www.quebakan.com\/v15\/nobis-es-reconocido-con-el-sello-empresa-segura\/\" \/>\n<meta property=\"og:locale\" content=\"es_ES\" \/>\n<meta property=\"og:type\" content=\"article\" \/>\n<meta property=\"og:title\" content=\"Nobis es reconocido con el Sello Empresa Segura &#8211; QUEBAKAN.COM 2026: Noticias, Eventos, Conciertos y mucho m\u00e1s....\" \/>\n<meta property=\"og:description\" content=\"Pie de fotograf\u00eda: Gabriela Baja\u00f1a, HR Business Partner y, Mar\u00eda Fernanda Benalc\u00e1zar, jefa de Comunicaci\u00f3n de Nobis Holding de Inversiones; junto a Andr\u00e9s Robalino, viceministro de Producci\u00f3n e Industrias durante el acto de premiaci\u00f3n de Sello Empresa Segura. Por segunda ocasi\u00f3n, Nobis Holding de Inversiones (NHI) recibi\u00f3 el reconocimiento \u2018Sello Empresa Segura\u2019, la m\u00e1xima distinci\u00f3n [&hellip;]\" \/>\n<meta property=\"og:url\" content=\"https:\/\/www.quebakan.com\/v15\/nobis-es-reconocido-con-el-sello-empresa-segura\/\" \/>\n<meta property=\"og:site_name\" content=\"QUEBAKAN.COM 2026: Noticias, Eventos, Conciertos y mucho m\u00e1s....\" \/>\n<meta property=\"article:publisher\" content=\"http:\/\/www.facebook.com\/quebakan\" \/>\n<meta property=\"article:published_time\" content=\"2025-12-10T15:42:14+00:00\" \/>\n<meta property=\"og:image\" content=\"https:\/\/www.quebakan.com\/v15\/wp-content\/uploads\/2025\/12\/foto-sello-empresa-segura.jpg\" \/>\n\t<meta property=\"og:image:width\" content=\"700\" \/>\n\t<meta property=\"og:image:height\" content=\"466\" \/>\n\t<meta property=\"og:image:type\" content=\"image\/jpeg\" \/>\n<meta name=\"author\" content=\"Erick Villafuerte\" \/>\n<meta name=\"twitter:card\" content=\"summary_large_image\" \/>\n<meta name=\"twitter:creator\" content=\"@quebakanec\" \/>\n<meta name=\"twitter:site\" content=\"@quebakanec\" \/>\n<meta name=\"twitter:label1\" content=\"Escrito por\" \/>\n\t<meta name=\"twitter:data1\" content=\"Erick Villafuerte\" \/>\n\t<meta name=\"twitter:label2\" content=\"Tiempo de lectura\" \/>\n\t<meta name=\"twitter:data2\" content=\"2 minutos\" \/>\n<script type=\"application\/ld+json\" class=\"yoast-schema-graph\">{\"@context\":\"https:\\\/\\\/schema.org\",\"@graph\":[{\"@type\":\"Article\",\"@id\":\"https:\\\/\\\/www.quebakan.com\\\/v15\\\/nobis-es-reconocido-con-el-sello-empresa-segura\\\/#article\",\"isPartOf\":{\"@id\":\"https:\\\/\\\/www.quebakan.com\\\/v15\\\/nobis-es-reconocido-con-el-sello-empresa-segura\\\/\"},\"author\":{\"name\":\"Erick Villafuerte\",\"@id\":\"https:\\\/\\\/www.quebakan.com\\\/v15\\\/#\\\/schema\\\/person\\\/d90fa9f9cfa81eb8ace9811e5b7b9118\"},\"headline\":\"Nobis es reconocido con el Sello Empresa Segura\",\"datePublished\":\"2025-12-10T15:42:14+00:00\",\"mainEntityOfPage\":{\"@id\":\"https:\\\/\\\/www.quebakan.com\\\/v15\\\/nobis-es-reconocido-con-el-sello-empresa-segura\\\/\"},\"wordCount\":359,\"publisher\":{\"@id\":\"https:\\\/\\\/www.quebakan.com\\\/v15\\\/#organization\"},\"image\":{\"@id\":\"https:\\\/\\\/www.quebakan.com\\\/v15\\\/nobis-es-reconocido-con-el-sello-empresa-segura\\\/#primaryimage\"},\"thumbnailUrl\":\"https:\\\/\\\/www.quebakan.com\\\/v15\\\/wp-content\\\/uploads\\\/2025\\\/12\\\/foto-sello-empresa-segura.jpg\",\"articleSection\":[\"Noticias\"],\"inLanguage\":\"es\"},{\"@type\":\"WebPage\",\"@id\":\"https:\\\/\\\/www.quebakan.com\\\/v15\\\/nobis-es-reconocido-con-el-sello-empresa-segura\\\/\",\"url\":\"https:\\\/\\\/www.quebakan.com\\\/v15\\\/nobis-es-reconocido-con-el-sello-empresa-segura\\\/\",\"name\":\"Nobis es reconocido con el Sello Empresa Segura &#8211; QUEBAKAN.COM 2026: Noticias, Eventos, Conciertos y mucho m\u00e1s....\",\"isPartOf\":{\"@id\":\"https:\\\/\\\/www.quebakan.com\\\/v15\\\/#website\"},\"primaryImageOfPage\":{\"@id\":\"https:\\\/\\\/www.quebakan.com\\\/v15\\\/nobis-es-reconocido-con-el-sello-empresa-segura\\\/#primaryimage\"},\"image\":{\"@id\":\"https:\\\/\\\/www.quebakan.com\\\/v15\\\/nobis-es-reconocido-con-el-sello-empresa-segura\\\/#primaryimage\"},\"thumbnailUrl\":\"https:\\\/\\\/www.quebakan.com\\\/v15\\\/wp-content\\\/uploads\\\/2025\\\/12\\\/foto-sello-empresa-segura.jpg\",\"datePublished\":\"2025-12-10T15:42:14+00:00\",\"breadcrumb\":{\"@id\":\"https:\\\/\\\/www.quebakan.com\\\/v15\\\/nobis-es-reconocido-con-el-sello-empresa-segura\\\/#breadcrumb\"},\"inLanguage\":\"es\",\"potentialAction\":[{\"@type\":\"ReadAction\",\"target\":[\"https:\\\/\\\/www.quebakan.com\\\/v15\\\/nobis-es-reconocido-con-el-sello-empresa-segura\\\/\"]}]},{\"@type\":\"ImageObject\",\"inLanguage\":\"es\",\"@id\":\"https:\\\/\\\/www.quebakan.com\\\/v15\\\/nobis-es-reconocido-con-el-sello-empresa-segura\\\/#primaryimage\",\"url\":\"https:\\\/\\\/www.quebakan.com\\\/v15\\\/wp-content\\\/uploads\\\/2025\\\/12\\\/foto-sello-empresa-segura.jpg\",\"contentUrl\":\"https:\\\/\\\/www.quebakan.com\\\/v15\\\/wp-content\\\/uploads\\\/2025\\\/12\\\/foto-sello-empresa-segura.jpg\",\"width\":700,\"height\":466},{\"@type\":\"BreadcrumbList\",\"@id\":\"https:\\\/\\\/www.quebakan.com\\\/v15\\\/nobis-es-reconocido-con-el-sello-empresa-segura\\\/#breadcrumb\",\"itemListElement\":[{\"@type\":\"ListItem\",\"position\":1,\"name\":\"Portada\",\"item\":\"https:\\\/\\\/www.quebakan.com\\\/v15\\\/\"},{\"@type\":\"ListItem\",\"position\":2,\"name\":\"Nobis es reconocido con el Sello Empresa Segura\"}]},{\"@type\":\"WebSite\",\"@id\":\"https:\\\/\\\/www.quebakan.com\\\/v15\\\/#website\",\"url\":\"https:\\\/\\\/www.quebakan.com\\\/v15\\\/\",\"name\":\"QUEBAKAN\",\"description\":\"..\",\"publisher\":{\"@id\":\"https:\\\/\\\/www.quebakan.com\\\/v15\\\/#organization\"},\"potentialAction\":[{\"@type\":\"SearchAction\",\"target\":{\"@type\":\"EntryPoint\",\"urlTemplate\":\"https:\\\/\\\/www.quebakan.com\\\/v15\\\/?s={search_term_string}\"},\"query-input\":{\"@type\":\"PropertyValueSpecification\",\"valueRequired\":true,\"valueName\":\"search_term_string\"}}],\"inLanguage\":\"es\"},{\"@type\":\"Organization\",\"@id\":\"https:\\\/\\\/www.quebakan.com\\\/v15\\\/#organization\",\"name\":\"Quebakan.com\",\"url\":\"https:\\\/\\\/www.quebakan.com\\\/v15\\\/\",\"logo\":{\"@type\":\"ImageObject\",\"inLanguage\":\"es\",\"@id\":\"https:\\\/\\\/www.quebakan.com\\\/v15\\\/#\\\/schema\\\/logo\\\/image\\\/\",\"url\":\"https:\\\/\\\/www.quebakan.com\\\/v15\\\/wp-content\\\/uploads\\\/2023\\\/07\\\/logoquebakanenero2021.jpg\",\"contentUrl\":\"https:\\\/\\\/www.quebakan.com\\\/v15\\\/wp-content\\\/uploads\\\/2023\\\/07\\\/logoquebakanenero2021.jpg\",\"width\":1920,\"height\":1080,\"caption\":\"Quebakan.com\"},\"image\":{\"@id\":\"https:\\\/\\\/www.quebakan.com\\\/v15\\\/#\\\/schema\\\/logo\\\/image\\\/\"},\"sameAs\":[\"http:\\\/\\\/www.facebook.com\\\/quebakan\",\"https:\\\/\\\/x.com\\\/quebakanec\",\"http:\\\/\\\/www.instagram.com\\\/quebakan\",\"http:\\\/\\\/www.youtube.com\\\/quebakan1\"]},{\"@type\":\"Person\",\"@id\":\"https:\\\/\\\/www.quebakan.com\\\/v15\\\/#\\\/schema\\\/person\\\/d90fa9f9cfa81eb8ace9811e5b7b9118\",\"name\":\"Erick Villafuerte\",\"image\":{\"@type\":\"ImageObject\",\"inLanguage\":\"es\",\"@id\":\"https:\\\/\\\/www.quebakan.com\\\/v15\\\/wp-content\\\/uploads\\\/avatars\\\/4\\\/1731297654-bpfull.png\",\"url\":\"https:\\\/\\\/www.quebakan.com\\\/v15\\\/wp-content\\\/uploads\\\/avatars\\\/4\\\/1731297654-bpfull.png\",\"contentUrl\":\"https:\\\/\\\/www.quebakan.com\\\/v15\\\/wp-content\\\/uploads\\\/avatars\\\/4\\\/1731297654-bpfull.png\",\"caption\":\"Erick Villafuerte\"}}]}<\/script>\n<!-- \/ Yoast SEO plugin. -->","yoast_head_json":{"title":"Nobis es reconocido con el Sello Empresa Segura &#8211; QUEBAKAN.COM 2026: Noticias, Eventos, Conciertos y mucho m\u00e1s....","robots":{"index":"index","follow":"follow","max-snippet":"max-snippet:-1","max-image-preview":"max-image-preview:large","max-video-preview":"max-video-preview:-1"},"canonical":"https:\/\/www.quebakan.com\/v15\/nobis-es-reconocido-con-el-sello-empresa-segura\/","og_locale":"es_ES","og_type":"article","og_title":"Nobis es reconocido con el Sello Empresa Segura &#8211; QUEBAKAN.COM 2026: Noticias, Eventos, Conciertos y mucho m\u00e1s....","og_description":"Pie de fotograf\u00eda: Gabriela Baja\u00f1a, HR Business Partner y, Mar\u00eda Fernanda Benalc\u00e1zar, jefa de Comunicaci\u00f3n de Nobis Holding de Inversiones; junto a Andr\u00e9s Robalino, viceministro de Producci\u00f3n e Industrias durante el acto de premiaci\u00f3n de Sello Empresa Segura. Por segunda ocasi\u00f3n, Nobis Holding de Inversiones (NHI) recibi\u00f3 el reconocimiento \u2018Sello Empresa Segura\u2019, la m\u00e1xima distinci\u00f3n [&hellip;]","og_url":"https:\/\/www.quebakan.com\/v15\/nobis-es-reconocido-con-el-sello-empresa-segura\/","og_site_name":"QUEBAKAN.COM 2026: Noticias, Eventos, Conciertos y mucho m\u00e1s....","article_publisher":"http:\/\/www.facebook.com\/quebakan","article_published_time":"2025-12-10T15:42:14+00:00","og_image":[{"width":700,"height":466,"url":"https:\/\/www.quebakan.com\/v15\/wp-content\/uploads\/2025\/12\/foto-sello-empresa-segura.jpg","type":"image\/jpeg"}],"author":"Erick Villafuerte","twitter_card":"summary_large_image","twitter_creator":"@quebakanec","twitter_site":"@quebakanec","twitter_misc":{"Escrito por":"Erick Villafuerte","Tiempo de lectura":"2 minutos"},"schema":{"@context":"https:\/\/schema.org","@graph":[{"@type":"Article","@id":"https:\/\/www.quebakan.com\/v15\/nobis-es-reconocido-con-el-sello-empresa-segura\/#article","isPartOf":{"@id":"https:\/\/www.quebakan.com\/v15\/nobis-es-reconocido-con-el-sello-empresa-segura\/"},"author":{"name":"Erick Villafuerte","@id":"https:\/\/www.quebakan.com\/v15\/#\/schema\/person\/d90fa9f9cfa81eb8ace9811e5b7b9118"},"headline":"Nobis es reconocido con el Sello Empresa Segura","datePublished":"2025-12-10T15:42:14+00:00","mainEntityOfPage":{"@id":"https:\/\/www.quebakan.com\/v15\/nobis-es-reconocido-con-el-sello-empresa-segura\/"},"wordCount":359,"publisher":{"@id":"https:\/\/www.quebakan.com\/v15\/#organization"},"image":{"@id":"https:\/\/www.quebakan.com\/v15\/nobis-es-reconocido-con-el-sello-empresa-segura\/#primaryimage"},"thumbnailUrl":"https:\/\/www.quebakan.com\/v15\/wp-content\/uploads\/2025\/12\/foto-sello-empresa-segura.jpg","articleSection":["Noticias"],"inLanguage":"es"},{"@type":"WebPage","@id":"https:\/\/www.quebakan.com\/v15\/nobis-es-reconocido-con-el-sello-empresa-segura\/","url":"https:\/\/www.quebakan.com\/v15\/nobis-es-reconocido-con-el-sello-empresa-segura\/","name":"Nobis es reconocido con el Sello Empresa Segura &#8211; QUEBAKAN.COM 2026: Noticias, Eventos, Conciertos y mucho m\u00e1s....","isPartOf":{"@id":"https:\/\/www.quebakan.com\/v15\/#website"},"primaryImageOfPage":{"@id":"https:\/\/www.quebakan.com\/v15\/nobis-es-reconocido-con-el-sello-empresa-segura\/#primaryimage"},"image":{"@id":"https:\/\/www.quebakan.com\/v15\/nobis-es-reconocido-con-el-sello-empresa-segura\/#primaryimage"},"thumbnailUrl":"https:\/\/www.quebakan.com\/v15\/wp-content\/uploads\/2025\/12\/foto-sello-empresa-segura.jpg","datePublished":"2025-12-10T15:42:14+00:00","breadcrumb":{"@id":"https:\/\/www.quebakan.com\/v15\/nobis-es-reconocido-con-el-sello-empresa-segura\/#breadcrumb"},"inLanguage":"es","potentialAction":[{"@type":"ReadAction","target":["https:\/\/www.quebakan.com\/v15\/nobis-es-reconocido-con-el-sello-empresa-segura\/"]}]},{"@type":"ImageObject","inLanguage":"es","@id":"https:\/\/www.quebakan.com\/v15\/nobis-es-reconocido-con-el-sello-empresa-segura\/#primaryimage","url":"https:\/\/www.quebakan.com\/v15\/wp-content\/uploads\/2025\/12\/foto-sello-empresa-segura.jpg","contentUrl":"https:\/\/www.quebakan.com\/v15\/wp-content\/uploads\/2025\/12\/foto-sello-empresa-segura.jpg","width":700,"height":466},{"@type":"BreadcrumbList","@id":"https:\/\/www.quebakan.com\/v15\/nobis-es-reconocido-con-el-sello-empresa-segura\/#breadcrumb","itemListElement":[{"@type":"ListItem","position":1,"name":"Portada","item":"https:\/\/www.quebakan.com\/v15\/"},{"@type":"ListItem","position":2,"name":"Nobis es reconocido con el Sello Empresa Segura"}]},{"@type":"WebSite","@id":"https:\/\/www.quebakan.com\/v15\/#website","url":"https:\/\/www.quebakan.com\/v15\/","name":"QUEBAKAN","description":"..","publisher":{"@id":"https:\/\/www.quebakan.com\/v15\/#organization"},"potentialAction":[{"@type":"SearchAction","target":{"@type":"EntryPoint","urlTemplate":"https:\/\/www.quebakan.com\/v15\/?s={search_term_string}"},"query-input":{"@type":"PropertyValueSpecification","valueRequired":true,"valueName":"search_term_string"}}],"inLanguage":"es"},{"@type":"Organization","@id":"https:\/\/www.quebakan.com\/v15\/#organization","name":"Quebakan.com","url":"https:\/\/www.quebakan.com\/v15\/","logo":{"@type":"ImageObject","inLanguage":"es","@id":"https:\/\/www.quebakan.com\/v15\/#\/schema\/logo\/image\/","url":"https:\/\/www.quebakan.com\/v15\/wp-content\/uploads\/2023\/07\/logoquebakanenero2021.jpg","contentUrl":"https:\/\/www.quebakan.com\/v15\/wp-content\/uploads\/2023\/07\/logoquebakanenero2021.jpg","width":1920,"height":1080,"caption":"Quebakan.com"},"image":{"@id":"https:\/\/www.quebakan.com\/v15\/#\/schema\/logo\/image\/"},"sameAs":["http:\/\/www.facebook.com\/quebakan","https:\/\/x.com\/quebakanec","http:\/\/www.instagram.com\/quebakan","http:\/\/www.youtube.com\/quebakan1"]},{"@type":"Person","@id":"https:\/\/www.quebakan.com\/v15\/#\/schema\/person\/d90fa9f9cfa81eb8ace9811e5b7b9118","name":"Erick Villafuerte","image":{"@type":"ImageObject","inLanguage":"es","@id":"https:\/\/www.quebakan.com\/v15\/wp-content\/uploads\/avatars\/4\/1731297654-bpfull.png","url":"https:\/\/www.quebakan.com\/v15\/wp-content\/uploads\/avatars\/4\/1731297654-bpfull.png","contentUrl":"https:\/\/www.quebakan.com\/v15\/wp-content\/uploads\/avatars\/4\/1731297654-bpfull.png","caption":"Erick Villafuerte"}}]}},"_links":{"self":[{"href":"https:\/\/www.quebakan.com\/v15\/wp-json\/wp\/v2\/posts\/138289","targetHints":{"allow":["GET"]}}],"collection":[{"href":"https:\/\/www.quebakan.com\/v15\/wp-json\/wp\/v2\/posts"}],"about":[{"href":"https:\/\/www.quebakan.com\/v15\/wp-json\/wp\/v2\/types\/post"}],"author":[{"embeddable":true,"href":"https:\/\/www.quebakan.com\/v15\/wp-json\/wp\/v2\/users\/4"}],"replies":[{"embeddable":true,"href":"https:\/\/www.quebakan.com\/v15\/wp-json\/wp\/v2\/comments?post=138289"}],"version-history":[{"count":1,"href":"https:\/\/www.quebakan.com\/v15\/wp-json\/wp\/v2\/posts\/138289\/revisions"}],"predecessor-version":[{"id":138291,"href":"https:\/\/www.quebakan.com\/v15\/wp-json\/wp\/v2\/posts\/138289\/revisions\/138291"}],"wp:featuredmedia":[{"embeddable":true,"href":"https:\/\/www.quebakan.com\/v15\/wp-json\/wp\/v2\/media\/138290"}],"wp:attachment":[{"href":"https:\/\/www.quebakan.com\/v15\/wp-json\/wp\/v2\/media?parent=138289"}],"wp:term":[{"taxonomy":"category","embeddable":true,"href":"https:\/\/www.quebakan.com\/v15\/wp-json\/wp\/v2\/categories?post=138289"},{"taxonomy":"post_tag","embeddable":true,"href":"https:\/\/www.quebakan.com\/v15\/wp-json\/wp\/v2\/tags?post=138289"}],"curies":[{"name":"wp","href":"https:\/\/api.w.org\/{rel}","templated":true}]}}