{"id":138300,"date":"2025-12-10T14:02:58","date_gmt":"2025-12-10T19:02:58","guid":{"rendered":"https:\/\/www.quebakan.com\/v15\/?p=138300"},"modified":"2025-12-10T14:02:58","modified_gmt":"2025-12-10T19:02:58","slug":"adidas-inaugura-su-nueva-tienda-en-bomboli-shopping-y-marca-un-nuevo-paso-en-su-expansion-en-ecuador","status":"publish","type":"post","link":"https:\/\/www.quebakan.com\/v15\/adidas-inaugura-su-nueva-tienda-en-bomboli-shopping-y-marca-un-nuevo-paso-en-su-expansion-en-ecuador\/","title":{"rendered":"adidas inaugura su nueva tienda en Bombol\u00ed Shopping y marca un nuevo paso en su expansi\u00f3n en Ecuador"},"content":{"rendered":"<p><img fetchpriority=\"high\" decoding=\"async\" class=\"aligncenter size-full wp-image-138301\" src=\"https:\/\/www.quebakan.com\/v15\/wp-content\/uploads\/2025\/12\/adidas-TIENDA-BOMBOLI.jpg\" alt=\"\" width=\"700\" height=\"525\" \/><\/p>\n<p style=\"text-align: justify;\"><span style=\"color: #000000;\"><strong>Santo Domingo de los Ts\u00e1chilas, <\/strong><strong>10 de diciembre de 2025.- Con<\/strong> el prop\u00f3sito de fortalecer su cercan\u00eda con los consumidores y promover un estilo de vida activo, adidas inaugura oficialmente su nueva tienda en Bombol\u00ed Shopping, uno de los espacios de mayor desarrollo en Santo Domingo. Esta apertura consolida la presencia de la marca en una de las ciudades con mayor dinamismo del pa\u00eds.<\/span><\/p>\n<p style=\"text-align: justify;\"><span style=\"color: #000000;\">Con una superficie de <strong>165 m\u00b2<\/strong>, la tienda ha sido dise\u00f1ada para ofrecer una <strong>experiencia inmersiva<\/strong>, alineada con las \u00faltimas tendencias globales de retail. En este espacio, los visitantes encontrar\u00e1n las colecciones m\u00e1s recientes de la marca, desarrolladas con materiales de alta tecnolog\u00eda y procesos sostenibles.<\/span><\/p>\n<p style=\"text-align: justify;\"><span style=\"color: #000000;\">La llegada de adidas a Bombol\u00ed Shopping responde al <strong>plan de expansi\u00f3n estrat\u00e9gica<\/strong> de la marca en Ecuador, que prioriza ciudades clave como Santo Domingo, donde el deporte, la moda urbana y el estilo de vida activo forman parte esencial de la comunidad.<\/span><\/p>\n<p style=\"text-align: justify;\"><span style=\"color: #000000;\"><em>\u201cLa apertura de esta tienda en Bombol\u00ed Shopping es una muestra del compromiso de adidas con el deporte, la moda y la innovaci\u00f3n. Queremos que el consumidor de Santo Domingo viva una experiencia \u00fanica desde el momento en que ingresa a nuestra tienda\u201d,<\/em> se\u00f1al\u00f3 <strong>Eduardo Mart\u00ednez, Gerente de Marketing de Mundo Deportivo <\/strong>.<\/span><\/p>\n<p style=\"text-align: justify;\"><span style=\"color: #000000;\">La nueva tienda adidas est\u00e1 ubicada en el <strong>segundo piso de Bombol\u00ed Shopping<\/strong> y atender\u00e1 al p\u00fablico <strong>de lunes a domingo, de 10h00 a 21h00<\/strong>.<\/span><\/p>\n<p style=\"text-align: justify;\"><span style=\"color: #000000;\">En Ecuador, adidas cuenta con <strong>13 tiendas<\/strong> a nivel nacional, ofreciendo un portafolio de productos desarrollados bajo los m\u00e1s altos est\u00e1ndares de calidad, innovaci\u00f3n y sostenibilidad.<\/span><\/p>\n<p style=\"text-align: justify;\"><span style=\"color: #000000;\">Para conocer m\u00e1s sobre la marca y sus novedades, visita <strong>@adidas<\/strong> en Instagram.<\/span><\/p>\n","protected":false},"excerpt":{"rendered":"<p>Santo Domingo de los Ts\u00e1chilas, 10 de diciembre de 2025.- Con el prop\u00f3sito de fortalecer su cercan\u00eda con los consumidores y promover un estilo de vida activo, adidas inaugura oficialmente su nueva tienda en Bombol\u00ed Shopping, uno de los espacios de mayor desarrollo en Santo Domingo. Esta apertura consolida la presencia de la marca en [&hellip;]<\/p>\n","protected":false},"author":4,"featured_media":138301,"comment_status":"closed","ping_status":"closed","sticky":false,"template":"","format":"standard","meta":{"_bbp_topic_count":0,"_bbp_reply_count":0,"_bbp_total_topic_count":0,"_bbp_total_reply_count":0,"_bbp_voice_count":0,"_bbp_anonymous_reply_count":0,"_bbp_topic_count_hidden":0,"_bbp_reply_count_hidden":0,"_bbp_forum_subforum_count":0,"buzzeditor_post_format":"","footnotes":""},"categories":[2],"tags":[],"class_list":["post-138300","post","type-post","status-publish","format-standard","has-post-thumbnail","hentry","category-noticias"],"yoast_head":"<!-- This site is optimized with the Yoast SEO plugin v27.5 - https:\/\/yoast.com\/product\/yoast-seo-wordpress\/ -->\n<title>adidas inaugura su nueva tienda en Bombol\u00ed Shopping y marca un nuevo paso en su expansi\u00f3n en Ecuador &#8211; QUEBAKAN.COM 2026: Noticias, Eventos, Conciertos y mucho m\u00e1s....<\/title>\n<meta name=\"robots\" content=\"index, follow, max-snippet:-1, max-image-preview:large, max-video-preview:-1\" \/>\n<link rel=\"canonical\" href=\"https:\/\/www.quebakan.com\/v15\/adidas-inaugura-su-nueva-tienda-en-bomboli-shopping-y-marca-un-nuevo-paso-en-su-expansion-en-ecuador\/\" \/>\n<meta property=\"og:locale\" content=\"es_ES\" \/>\n<meta property=\"og:type\" content=\"article\" \/>\n<meta property=\"og:title\" content=\"adidas inaugura su nueva tienda en Bombol\u00ed Shopping y marca un nuevo paso en su expansi\u00f3n en Ecuador &#8211; QUEBAKAN.COM 2026: Noticias, Eventos, Conciertos y mucho m\u00e1s....\" \/>\n<meta property=\"og:description\" content=\"Santo Domingo de los Ts\u00e1chilas, 10 de diciembre de 2025.- Con el prop\u00f3sito de fortalecer su cercan\u00eda con los consumidores y promover un estilo de vida activo, adidas inaugura oficialmente su nueva tienda en Bombol\u00ed Shopping, uno de los espacios de mayor desarrollo en Santo Domingo. Esta apertura consolida la presencia de la marca en [&hellip;]\" \/>\n<meta property=\"og:url\" content=\"https:\/\/www.quebakan.com\/v15\/adidas-inaugura-su-nueva-tienda-en-bomboli-shopping-y-marca-un-nuevo-paso-en-su-expansion-en-ecuador\/\" \/>\n<meta property=\"og:site_name\" content=\"QUEBAKAN.COM 2026: Noticias, Eventos, Conciertos y mucho m\u00e1s....\" \/>\n<meta property=\"article:publisher\" content=\"http:\/\/www.facebook.com\/quebakan\" \/>\n<meta property=\"article:published_time\" content=\"2025-12-10T19:02:58+00:00\" \/>\n<meta property=\"og:image\" content=\"https:\/\/www.quebakan.com\/v15\/wp-content\/uploads\/2025\/12\/adidas-TIENDA-BOMBOLI.jpg\" \/>\n\t<meta property=\"og:image:width\" content=\"700\" \/>\n\t<meta property=\"og:image:height\" content=\"525\" \/>\n\t<meta property=\"og:image:type\" content=\"image\/jpeg\" \/>\n<meta name=\"author\" content=\"Erick Villafuerte\" \/>\n<meta name=\"twitter:card\" content=\"summary_large_image\" \/>\n<meta name=\"twitter:creator\" content=\"@quebakanec\" \/>\n<meta name=\"twitter:site\" content=\"@quebakanec\" \/>\n<meta name=\"twitter:label1\" content=\"Escrito por\" \/>\n\t<meta name=\"twitter:data1\" content=\"Erick Villafuerte\" \/>\n\t<meta name=\"twitter:label2\" content=\"Tiempo de lectura\" \/>\n\t<meta name=\"twitter:data2\" content=\"2 minutos\" \/>\n<script type=\"application\/ld+json\" class=\"yoast-schema-graph\">{\"@context\":\"https:\\\/\\\/schema.org\",\"@graph\":[{\"@type\":\"Article\",\"@id\":\"https:\\\/\\\/www.quebakan.com\\\/v15\\\/adidas-inaugura-su-nueva-tienda-en-bomboli-shopping-y-marca-un-nuevo-paso-en-su-expansion-en-ecuador\\\/#article\",\"isPartOf\":{\"@id\":\"https:\\\/\\\/www.quebakan.com\\\/v15\\\/adidas-inaugura-su-nueva-tienda-en-bomboli-shopping-y-marca-un-nuevo-paso-en-su-expansion-en-ecuador\\\/\"},\"author\":{\"name\":\"Erick Villafuerte\",\"@id\":\"https:\\\/\\\/www.quebakan.com\\\/v15\\\/#\\\/schema\\\/person\\\/d90fa9f9cfa81eb8ace9811e5b7b9118\"},\"headline\":\"adidas inaugura su nueva tienda en Bombol\u00ed Shopping y marca un nuevo paso en su expansi\u00f3n en Ecuador\",\"datePublished\":\"2025-12-10T19:02:58+00:00\",\"mainEntityOfPage\":{\"@id\":\"https:\\\/\\\/www.quebakan.com\\\/v15\\\/adidas-inaugura-su-nueva-tienda-en-bomboli-shopping-y-marca-un-nuevo-paso-en-su-expansion-en-ecuador\\\/\"},\"wordCount\":303,\"publisher\":{\"@id\":\"https:\\\/\\\/www.quebakan.com\\\/v15\\\/#organization\"},\"image\":{\"@id\":\"https:\\\/\\\/www.quebakan.com\\\/v15\\\/adidas-inaugura-su-nueva-tienda-en-bomboli-shopping-y-marca-un-nuevo-paso-en-su-expansion-en-ecuador\\\/#primaryimage\"},\"thumbnailUrl\":\"https:\\\/\\\/www.quebakan.com\\\/v15\\\/wp-content\\\/uploads\\\/2025\\\/12\\\/adidas-TIENDA-BOMBOLI.jpg\",\"articleSection\":[\"Noticias\"],\"inLanguage\":\"es\"},{\"@type\":\"WebPage\",\"@id\":\"https:\\\/\\\/www.quebakan.com\\\/v15\\\/adidas-inaugura-su-nueva-tienda-en-bomboli-shopping-y-marca-un-nuevo-paso-en-su-expansion-en-ecuador\\\/\",\"url\":\"https:\\\/\\\/www.quebakan.com\\\/v15\\\/adidas-inaugura-su-nueva-tienda-en-bomboli-shopping-y-marca-un-nuevo-paso-en-su-expansion-en-ecuador\\\/\",\"name\":\"adidas inaugura su nueva tienda en Bombol\u00ed Shopping y marca un nuevo paso en su expansi\u00f3n en Ecuador &#8211; QUEBAKAN.COM 2026: Noticias, Eventos, Conciertos y mucho m\u00e1s....\",\"isPartOf\":{\"@id\":\"https:\\\/\\\/www.quebakan.com\\\/v15\\\/#website\"},\"primaryImageOfPage\":{\"@id\":\"https:\\\/\\\/www.quebakan.com\\\/v15\\\/adidas-inaugura-su-nueva-tienda-en-bomboli-shopping-y-marca-un-nuevo-paso-en-su-expansion-en-ecuador\\\/#primaryimage\"},\"image\":{\"@id\":\"https:\\\/\\\/www.quebakan.com\\\/v15\\\/adidas-inaugura-su-nueva-tienda-en-bomboli-shopping-y-marca-un-nuevo-paso-en-su-expansion-en-ecuador\\\/#primaryimage\"},\"thumbnailUrl\":\"https:\\\/\\\/www.quebakan.com\\\/v15\\\/wp-content\\\/uploads\\\/2025\\\/12\\\/adidas-TIENDA-BOMBOLI.jpg\",\"datePublished\":\"2025-12-10T19:02:58+00:00\",\"breadcrumb\":{\"@id\":\"https:\\\/\\\/www.quebakan.com\\\/v15\\\/adidas-inaugura-su-nueva-tienda-en-bomboli-shopping-y-marca-un-nuevo-paso-en-su-expansion-en-ecuador\\\/#breadcrumb\"},\"inLanguage\":\"es\",\"potentialAction\":[{\"@type\":\"ReadAction\",\"target\":[\"https:\\\/\\\/www.quebakan.com\\\/v15\\\/adidas-inaugura-su-nueva-tienda-en-bomboli-shopping-y-marca-un-nuevo-paso-en-su-expansion-en-ecuador\\\/\"]}]},{\"@type\":\"ImageObject\",\"inLanguage\":\"es\",\"@id\":\"https:\\\/\\\/www.quebakan.com\\\/v15\\\/adidas-inaugura-su-nueva-tienda-en-bomboli-shopping-y-marca-un-nuevo-paso-en-su-expansion-en-ecuador\\\/#primaryimage\",\"url\":\"https:\\\/\\\/www.quebakan.com\\\/v15\\\/wp-content\\\/uploads\\\/2025\\\/12\\\/adidas-TIENDA-BOMBOLI.jpg\",\"contentUrl\":\"https:\\\/\\\/www.quebakan.com\\\/v15\\\/wp-content\\\/uploads\\\/2025\\\/12\\\/adidas-TIENDA-BOMBOLI.jpg\",\"width\":700,\"height\":525},{\"@type\":\"BreadcrumbList\",\"@id\":\"https:\\\/\\\/www.quebakan.com\\\/v15\\\/adidas-inaugura-su-nueva-tienda-en-bomboli-shopping-y-marca-un-nuevo-paso-en-su-expansion-en-ecuador\\\/#breadcrumb\",\"itemListElement\":[{\"@type\":\"ListItem\",\"position\":1,\"name\":\"Portada\",\"item\":\"https:\\\/\\\/www.quebakan.com\\\/v15\\\/\"},{\"@type\":\"ListItem\",\"position\":2,\"name\":\"adidas inaugura su nueva tienda en Bombol\u00ed Shopping y marca un nuevo paso en su expansi\u00f3n en Ecuador\"}]},{\"@type\":\"WebSite\",\"@id\":\"https:\\\/\\\/www.quebakan.com\\\/v15\\\/#website\",\"url\":\"https:\\\/\\\/www.quebakan.com\\\/v15\\\/\",\"name\":\"QUEBAKAN\",\"description\":\"..\",\"publisher\":{\"@id\":\"https:\\\/\\\/www.quebakan.com\\\/v15\\\/#organization\"},\"potentialAction\":[{\"@type\":\"SearchAction\",\"target\":{\"@type\":\"EntryPoint\",\"urlTemplate\":\"https:\\\/\\\/www.quebakan.com\\\/v15\\\/?s={search_term_string}\"},\"query-input\":{\"@type\":\"PropertyValueSpecification\",\"valueRequired\":true,\"valueName\":\"search_term_string\"}}],\"inLanguage\":\"es\"},{\"@type\":\"Organization\",\"@id\":\"https:\\\/\\\/www.quebakan.com\\\/v15\\\/#organization\",\"name\":\"Quebakan.com\",\"url\":\"https:\\\/\\\/www.quebakan.com\\\/v15\\\/\",\"logo\":{\"@type\":\"ImageObject\",\"inLanguage\":\"es\",\"@id\":\"https:\\\/\\\/www.quebakan.com\\\/v15\\\/#\\\/schema\\\/logo\\\/image\\\/\",\"url\":\"https:\\\/\\\/www.quebakan.com\\\/v15\\\/wp-content\\\/uploads\\\/2023\\\/07\\\/logoquebakanenero2021.jpg\",\"contentUrl\":\"https:\\\/\\\/www.quebakan.com\\\/v15\\\/wp-content\\\/uploads\\\/2023\\\/07\\\/logoquebakanenero2021.jpg\",\"width\":1920,\"height\":1080,\"caption\":\"Quebakan.com\"},\"image\":{\"@id\":\"https:\\\/\\\/www.quebakan.com\\\/v15\\\/#\\\/schema\\\/logo\\\/image\\\/\"},\"sameAs\":[\"http:\\\/\\\/www.facebook.com\\\/quebakan\",\"https:\\\/\\\/x.com\\\/quebakanec\",\"http:\\\/\\\/www.instagram.com\\\/quebakan\",\"http:\\\/\\\/www.youtube.com\\\/quebakan1\"]},{\"@type\":\"Person\",\"@id\":\"https:\\\/\\\/www.quebakan.com\\\/v15\\\/#\\\/schema\\\/person\\\/d90fa9f9cfa81eb8ace9811e5b7b9118\",\"name\":\"Erick Villafuerte\",\"image\":{\"@type\":\"ImageObject\",\"inLanguage\":\"es\",\"@id\":\"https:\\\/\\\/www.quebakan.com\\\/v15\\\/wp-content\\\/uploads\\\/avatars\\\/4\\\/1731297654-bpfull.png\",\"url\":\"https:\\\/\\\/www.quebakan.com\\\/v15\\\/wp-content\\\/uploads\\\/avatars\\\/4\\\/1731297654-bpfull.png\",\"contentUrl\":\"https:\\\/\\\/www.quebakan.com\\\/v15\\\/wp-content\\\/uploads\\\/avatars\\\/4\\\/1731297654-bpfull.png\",\"caption\":\"Erick Villafuerte\"}}]}<\/script>\n<!-- \/ Yoast SEO plugin. -->","yoast_head_json":{"title":"adidas inaugura su nueva tienda en Bombol\u00ed Shopping y marca un nuevo paso en su expansi\u00f3n en Ecuador &#8211; QUEBAKAN.COM 2026: Noticias, Eventos, Conciertos y mucho m\u00e1s....","robots":{"index":"index","follow":"follow","max-snippet":"max-snippet:-1","max-image-preview":"max-image-preview:large","max-video-preview":"max-video-preview:-1"},"canonical":"https:\/\/www.quebakan.com\/v15\/adidas-inaugura-su-nueva-tienda-en-bomboli-shopping-y-marca-un-nuevo-paso-en-su-expansion-en-ecuador\/","og_locale":"es_ES","og_type":"article","og_title":"adidas inaugura su nueva tienda en Bombol\u00ed Shopping y marca un nuevo paso en su expansi\u00f3n en Ecuador &#8211; QUEBAKAN.COM 2026: Noticias, Eventos, Conciertos y mucho m\u00e1s....","og_description":"Santo Domingo de los Ts\u00e1chilas, 10 de diciembre de 2025.- Con el prop\u00f3sito de fortalecer su cercan\u00eda con los consumidores y promover un estilo de vida activo, adidas inaugura oficialmente su nueva tienda en Bombol\u00ed Shopping, uno de los espacios de mayor desarrollo en Santo Domingo. Esta apertura consolida la presencia de la marca en [&hellip;]","og_url":"https:\/\/www.quebakan.com\/v15\/adidas-inaugura-su-nueva-tienda-en-bomboli-shopping-y-marca-un-nuevo-paso-en-su-expansion-en-ecuador\/","og_site_name":"QUEBAKAN.COM 2026: Noticias, Eventos, Conciertos y mucho m\u00e1s....","article_publisher":"http:\/\/www.facebook.com\/quebakan","article_published_time":"2025-12-10T19:02:58+00:00","og_image":[{"width":700,"height":525,"url":"https:\/\/www.quebakan.com\/v15\/wp-content\/uploads\/2025\/12\/adidas-TIENDA-BOMBOLI.jpg","type":"image\/jpeg"}],"author":"Erick Villafuerte","twitter_card":"summary_large_image","twitter_creator":"@quebakanec","twitter_site":"@quebakanec","twitter_misc":{"Escrito por":"Erick Villafuerte","Tiempo de lectura":"2 minutos"},"schema":{"@context":"https:\/\/schema.org","@graph":[{"@type":"Article","@id":"https:\/\/www.quebakan.com\/v15\/adidas-inaugura-su-nueva-tienda-en-bomboli-shopping-y-marca-un-nuevo-paso-en-su-expansion-en-ecuador\/#article","isPartOf":{"@id":"https:\/\/www.quebakan.com\/v15\/adidas-inaugura-su-nueva-tienda-en-bomboli-shopping-y-marca-un-nuevo-paso-en-su-expansion-en-ecuador\/"},"author":{"name":"Erick Villafuerte","@id":"https:\/\/www.quebakan.com\/v15\/#\/schema\/person\/d90fa9f9cfa81eb8ace9811e5b7b9118"},"headline":"adidas inaugura su nueva tienda en Bombol\u00ed Shopping y marca un nuevo paso en su expansi\u00f3n en Ecuador","datePublished":"2025-12-10T19:02:58+00:00","mainEntityOfPage":{"@id":"https:\/\/www.quebakan.com\/v15\/adidas-inaugura-su-nueva-tienda-en-bomboli-shopping-y-marca-un-nuevo-paso-en-su-expansion-en-ecuador\/"},"wordCount":303,"publisher":{"@id":"https:\/\/www.quebakan.com\/v15\/#organization"},"image":{"@id":"https:\/\/www.quebakan.com\/v15\/adidas-inaugura-su-nueva-tienda-en-bomboli-shopping-y-marca-un-nuevo-paso-en-su-expansion-en-ecuador\/#primaryimage"},"thumbnailUrl":"https:\/\/www.quebakan.com\/v15\/wp-content\/uploads\/2025\/12\/adidas-TIENDA-BOMBOLI.jpg","articleSection":["Noticias"],"inLanguage":"es"},{"@type":"WebPage","@id":"https:\/\/www.quebakan.com\/v15\/adidas-inaugura-su-nueva-tienda-en-bomboli-shopping-y-marca-un-nuevo-paso-en-su-expansion-en-ecuador\/","url":"https:\/\/www.quebakan.com\/v15\/adidas-inaugura-su-nueva-tienda-en-bomboli-shopping-y-marca-un-nuevo-paso-en-su-expansion-en-ecuador\/","name":"adidas inaugura su nueva tienda en Bombol\u00ed Shopping y marca un nuevo paso en su expansi\u00f3n en Ecuador &#8211; QUEBAKAN.COM 2026: Noticias, Eventos, Conciertos y mucho m\u00e1s....","isPartOf":{"@id":"https:\/\/www.quebakan.com\/v15\/#website"},"primaryImageOfPage":{"@id":"https:\/\/www.quebakan.com\/v15\/adidas-inaugura-su-nueva-tienda-en-bomboli-shopping-y-marca-un-nuevo-paso-en-su-expansion-en-ecuador\/#primaryimage"},"image":{"@id":"https:\/\/www.quebakan.com\/v15\/adidas-inaugura-su-nueva-tienda-en-bomboli-shopping-y-marca-un-nuevo-paso-en-su-expansion-en-ecuador\/#primaryimage"},"thumbnailUrl":"https:\/\/www.quebakan.com\/v15\/wp-content\/uploads\/2025\/12\/adidas-TIENDA-BOMBOLI.jpg","datePublished":"2025-12-10T19:02:58+00:00","breadcrumb":{"@id":"https:\/\/www.quebakan.com\/v15\/adidas-inaugura-su-nueva-tienda-en-bomboli-shopping-y-marca-un-nuevo-paso-en-su-expansion-en-ecuador\/#breadcrumb"},"inLanguage":"es","potentialAction":[{"@type":"ReadAction","target":["https:\/\/www.quebakan.com\/v15\/adidas-inaugura-su-nueva-tienda-en-bomboli-shopping-y-marca-un-nuevo-paso-en-su-expansion-en-ecuador\/"]}]},{"@type":"ImageObject","inLanguage":"es","@id":"https:\/\/www.quebakan.com\/v15\/adidas-inaugura-su-nueva-tienda-en-bomboli-shopping-y-marca-un-nuevo-paso-en-su-expansion-en-ecuador\/#primaryimage","url":"https:\/\/www.quebakan.com\/v15\/wp-content\/uploads\/2025\/12\/adidas-TIENDA-BOMBOLI.jpg","contentUrl":"https:\/\/www.quebakan.com\/v15\/wp-content\/uploads\/2025\/12\/adidas-TIENDA-BOMBOLI.jpg","width":700,"height":525},{"@type":"BreadcrumbList","@id":"https:\/\/www.quebakan.com\/v15\/adidas-inaugura-su-nueva-tienda-en-bomboli-shopping-y-marca-un-nuevo-paso-en-su-expansion-en-ecuador\/#breadcrumb","itemListElement":[{"@type":"ListItem","position":1,"name":"Portada","item":"https:\/\/www.quebakan.com\/v15\/"},{"@type":"ListItem","position":2,"name":"adidas inaugura su nueva tienda en Bombol\u00ed Shopping y marca un nuevo paso en su expansi\u00f3n en Ecuador"}]},{"@type":"WebSite","@id":"https:\/\/www.quebakan.com\/v15\/#website","url":"https:\/\/www.quebakan.com\/v15\/","name":"QUEBAKAN","description":"..","publisher":{"@id":"https:\/\/www.quebakan.com\/v15\/#organization"},"potentialAction":[{"@type":"SearchAction","target":{"@type":"EntryPoint","urlTemplate":"https:\/\/www.quebakan.com\/v15\/?s={search_term_string}"},"query-input":{"@type":"PropertyValueSpecification","valueRequired":true,"valueName":"search_term_string"}}],"inLanguage":"es"},{"@type":"Organization","@id":"https:\/\/www.quebakan.com\/v15\/#organization","name":"Quebakan.com","url":"https:\/\/www.quebakan.com\/v15\/","logo":{"@type":"ImageObject","inLanguage":"es","@id":"https:\/\/www.quebakan.com\/v15\/#\/schema\/logo\/image\/","url":"https:\/\/www.quebakan.com\/v15\/wp-content\/uploads\/2023\/07\/logoquebakanenero2021.jpg","contentUrl":"https:\/\/www.quebakan.com\/v15\/wp-content\/uploads\/2023\/07\/logoquebakanenero2021.jpg","width":1920,"height":1080,"caption":"Quebakan.com"},"image":{"@id":"https:\/\/www.quebakan.com\/v15\/#\/schema\/logo\/image\/"},"sameAs":["http:\/\/www.facebook.com\/quebakan","https:\/\/x.com\/quebakanec","http:\/\/www.instagram.com\/quebakan","http:\/\/www.youtube.com\/quebakan1"]},{"@type":"Person","@id":"https:\/\/www.quebakan.com\/v15\/#\/schema\/person\/d90fa9f9cfa81eb8ace9811e5b7b9118","name":"Erick Villafuerte","image":{"@type":"ImageObject","inLanguage":"es","@id":"https:\/\/www.quebakan.com\/v15\/wp-content\/uploads\/avatars\/4\/1731297654-bpfull.png","url":"https:\/\/www.quebakan.com\/v15\/wp-content\/uploads\/avatars\/4\/1731297654-bpfull.png","contentUrl":"https:\/\/www.quebakan.com\/v15\/wp-content\/uploads\/avatars\/4\/1731297654-bpfull.png","caption":"Erick Villafuerte"}}]}},"_links":{"self":[{"href":"https:\/\/www.quebakan.com\/v15\/wp-json\/wp\/v2\/posts\/138300","targetHints":{"allow":["GET"]}}],"collection":[{"href":"https:\/\/www.quebakan.com\/v15\/wp-json\/wp\/v2\/posts"}],"about":[{"href":"https:\/\/www.quebakan.com\/v15\/wp-json\/wp\/v2\/types\/post"}],"author":[{"embeddable":true,"href":"https:\/\/www.quebakan.com\/v15\/wp-json\/wp\/v2\/users\/4"}],"replies":[{"embeddable":true,"href":"https:\/\/www.quebakan.com\/v15\/wp-json\/wp\/v2\/comments?post=138300"}],"version-history":[{"count":1,"href":"https:\/\/www.quebakan.com\/v15\/wp-json\/wp\/v2\/posts\/138300\/revisions"}],"predecessor-version":[{"id":138302,"href":"https:\/\/www.quebakan.com\/v15\/wp-json\/wp\/v2\/posts\/138300\/revisions\/138302"}],"wp:featuredmedia":[{"embeddable":true,"href":"https:\/\/www.quebakan.com\/v15\/wp-json\/wp\/v2\/media\/138301"}],"wp:attachment":[{"href":"https:\/\/www.quebakan.com\/v15\/wp-json\/wp\/v2\/media?parent=138300"}],"wp:term":[{"taxonomy":"category","embeddable":true,"href":"https:\/\/www.quebakan.com\/v15\/wp-json\/wp\/v2\/categories?post=138300"},{"taxonomy":"post_tag","embeddable":true,"href":"https:\/\/www.quebakan.com\/v15\/wp-json\/wp\/v2\/tags?post=138300"}],"curies":[{"name":"wp","href":"https:\/\/api.w.org\/{rel}","templated":true}]}}