{"id":138303,"date":"2025-12-10T14:06:43","date_gmt":"2025-12-10T19:06:43","guid":{"rendered":"https:\/\/www.quebakan.com\/v15\/?p=138303"},"modified":"2025-12-10T14:06:43","modified_gmt":"2025-12-10T19:06:43","slug":"libre-visado-schengen-para-ecuador-june-bohorquez-logra-reactivar-el-proceso-y-posicionarlo-en-el-orden-del-dia-del-parlamento-europeo","status":"publish","type":"post","link":"https:\/\/www.quebakan.com\/v15\/libre-visado-schengen-para-ecuador-june-bohorquez-logra-reactivar-el-proceso-y-posicionarlo-en-el-orden-del-dia-del-parlamento-europeo\/","title":{"rendered":"Libre visado Schengen para Ecuador: June Boh\u00f3rquez logra reactivar el proceso y posicionarlo en el orden del d\u00eda del Parlamento Europeo"},"content":{"rendered":"<p><img fetchpriority=\"high\" decoding=\"async\" class=\"aligncenter size-full wp-image-138304\" src=\"https:\/\/www.quebakan.com\/v15\/wp-content\/uploads\/2025\/12\/LIBRE-VISADO-SCHENGEN-2025-1.jpg\" alt=\"\" width=\"700\" height=\"525\" \/><\/p>\n<p style=\"text-align: justify;\"><span style=\"color: #000000;\">Durante la primera semana de diciembre, la Dra. June Boh\u00f3rquez, vicepresidenta <\/span><span style=\"color: #000000;\">del Parlamento Andino y voz representativa del Ecuador en este proceso, encabez\u00f3 <\/span><span style=\"color: #000000;\">una agenda oficial en Bruselas para avanzar en la exenci\u00f3n del visado Schengen <\/span><span style=\"color: #000000;\">para Ecuador. <\/span><\/p>\n<p style=\"text-align: justify;\"><span style=\"color: #000000;\">En esta misi\u00f3n estuvo acompa\u00f1ada por asamble\u00edstas del <\/span><span style=\"color: #000000;\">movimiento ADN, entre ellos Rafael Rodr\u00edguez, quienes forman parte de esta <\/span><span style=\"color: #000000;\">etapa de continuidad del proceso, y por Flor Andino, presidenta de la C\u00e1mara <\/span><span style=\"color: #000000;\">Internacional de Comercio y Turismo Ecuatoriano\u2013Catalana (CICTAEC), invitada <\/span><span style=\"color: #000000;\">por Boh\u00f3rquez para aportar la perspectiva de la comunidad ecuatoriana residente <\/span><span style=\"color: #000000;\">en Catalu\u00f1a.<\/span><\/p>\n<p style=\"text-align: justify;\"><span style=\"color: #000000;\">En este escenario pol\u00edtico, y gracias al buen relacionamiento internacional del <\/span><span style=\"color: #000000;\">presidente Daniel Noboa, las autoridades europeas mostraron apertura para <\/span><span style=\"color: #000000;\">retomar el an\u00e1lisis del visado Schengen. Este ambiente diplom\u00e1tico permiti\u00f3 que la <\/span><span style=\"color: #000000;\">solicitud ecuatoriana fuese incluida oficialmente en el orden del d\u00eda del <\/span><span style=\"color: #000000;\">Parlamento Europeo, un avance significativo en un proceso que durante a\u00f1os <\/span><span style=\"color: #000000;\">registr\u00f3 avances intermitentes.<\/span><\/p>\n<p style=\"text-align: justify;\"><span style=\"color: #000000;\">Durante las reuniones, June Boh\u00f3rquez present\u00f3 los argumentos sociales, <\/span><span style=\"color: #000000;\">econ\u00f3micos y humanitarios que respaldan la necesidad de avanzar hacia la <\/span><span style=\"color: #000000;\">eliminaci\u00f3n del visado. Se\u00f1al\u00f3 que miles de ecuatorianos en Europa <\/span><span style=\"color: #000000;\">\u2014especialmente en Espa\u00f1a y Catalu\u00f1a\u2014 contribuyen de manera esencial al <\/span><span style=\"color: #000000;\">dinamismo del comercio, los servicios, el emprendimiento, la econom\u00eda del cuidado <\/span><span style=\"color: #000000;\">y la sostenibilidad demogr\u00e1fica, fortaleciendo la justificaci\u00f3n del pedido ecuatoriano <\/span><span style=\"color: #000000;\">ante la Uni\u00f3n Europea.<\/span><\/p>\n<p style=\"text-align: justify;\"><span style=\"color: #000000;\">En paralelo, durante la reuni\u00f3n del Componente Latinoamericano de EUROLAT,<\/span><span style=\"color: #000000;\">el vicepresidente de la Asamblea Parlamentaria Euro-Latinoamericana, Dr. Gustavo <\/span><span style=\"color: #000000;\">Pacheco Villar, y la presidenta de la Comisi\u00f3n Segunda del Parlamento Andino, <\/span><span style=\"color: #000000;\">Ver\u00f3nica Arias, solicitaron que la declaraci\u00f3n del bloque incorpore el rol de la Uni\u00f3n <\/span><span style=\"color: #000000;\">de Parlamentos de Am\u00e9rica Latina y el Caribe (UPLAC) como mecanismo clave de <\/span><span style=\"color: #000000;\">articulaci\u00f3n parlamentaria. Ambos subrayaron tambi\u00e9n la importancia de avanzar en la exenci\u00f3n del visado Schengen para los ciudadanos ecuatorianos, solicitud a la <\/span><span style=\"color: #000000;\">que Boh\u00f3rquez se sum\u00f3, reforzando el apoyo regional en favor del pa\u00eds.<\/span><\/p>\n<p style=\"text-align: justify;\"><span style=\"color: #000000;\">Gracias a la articulaci\u00f3n de CICTAEC, la Dra. Boh\u00f3rquez mantuvo un encuentro con <\/span><span style=\"color: #000000;\">migrantes ecuatorianos residentes en Catalu\u00f1a. Este espacio, organizado por la <\/span><span style=\"color: #000000;\">instituci\u00f3n, permiti\u00f3 recoger necesidades reales en materia de movilidad, <\/span><span style=\"color: #000000;\">regularizaci\u00f3n, empleo y acceso a tr\u00e1mites, integrando estas voces ciudadanas al <\/span><span style=\"color: #000000;\">proceso pol\u00edtico en Bruselas. <\/span><\/p>\n<p style=\"text-align: justify;\"><span style=\"color: #000000;\">Representantes europeos se\u00f1alaron que la discusi\u00f3n sobre el visado para Ecuador <\/span><span style=\"color: #000000;\">avanza en una fase m\u00e1s favorable, influida tanto por la gesti\u00f3n de la delegaci\u00f3n <\/span><span style=\"color: #000000;\">ecuatoriana como por el clima diplom\u00e1tico que mantienen el Gobierno de Ecuador y <\/span><span style=\"color: #000000;\">la Uni\u00f3n Europea.<\/span><\/p>\n<p style=\"text-align: justify;\"><span style=\"color: #000000;\">La agenda de Boh\u00f3rquez en Bruselas tambi\u00e9n incluy\u00f3 el an\u00e1lisis de la Red Andina <\/span><span style=\"color: #000000;\">de Universidades, orientada a promover movilidad estudiantil, formaci\u00f3n y <\/span><span style=\"color: #000000;\">cooperaci\u00f3n acad\u00e9mica en la regi\u00f3n andina.<\/span><\/p>\n<p style=\"text-align: justify;\"><span style=\"color: #000000;\">Este avance representa un paso importante en el camino hacia el libre visado para <\/span><span style=\"color: #000000;\">Ecuador y reafirma el papel del Parlamento Andino en la defensa de la movilidad <\/span><span style=\"color: #000000;\">humana y la integraci\u00f3n regional.<\/span><\/p>\n<p style=\"text-align: justify;\"><span style=\"color: #000000;\">CICTAEC reiter\u00f3 su compromiso de continuar acompa\u00f1ando este proceso desde <\/span><span style=\"color: #000000;\">Catalu\u00f1a, fortaleciendo la articulaci\u00f3n entre la comunidad ecuatoriana en Europa y <\/span><span style=\"color: #000000;\">las autoridades andinas.<\/span><\/p>\n","protected":false},"excerpt":{"rendered":"<p>Durante la primera semana de diciembre, la Dra. June Boh\u00f3rquez, vicepresidenta del Parlamento Andino y voz representativa del Ecuador en este proceso, encabez\u00f3 una agenda oficial en Bruselas para avanzar en la exenci\u00f3n del visado Schengen para Ecuador. En esta misi\u00f3n estuvo acompa\u00f1ada por asamble\u00edstas del movimiento ADN, entre ellos Rafael Rodr\u00edguez, quienes forman parte [&hellip;]<\/p>\n","protected":false},"author":4,"featured_media":138304,"comment_status":"closed","ping_status":"closed","sticky":false,"template":"","format":"standard","meta":{"_bbp_topic_count":0,"_bbp_reply_count":0,"_bbp_total_topic_count":0,"_bbp_total_reply_count":0,"_bbp_voice_count":0,"_bbp_anonymous_reply_count":0,"_bbp_topic_count_hidden":0,"_bbp_reply_count_hidden":0,"_bbp_forum_subforum_count":0,"buzzeditor_post_format":"","footnotes":""},"categories":[2],"tags":[],"class_list":["post-138303","post","type-post","status-publish","format-standard","has-post-thumbnail","hentry","category-noticias"],"yoast_head":"<!-- This site is optimized with the Yoast SEO plugin v27.5 - https:\/\/yoast.com\/product\/yoast-seo-wordpress\/ -->\n<title>Libre visado Schengen para Ecuador: June Boh\u00f3rquez logra reactivar el proceso y posicionarlo en el orden del d\u00eda del Parlamento Europeo &#8211; QUEBAKAN.COM 2026: Noticias, Eventos, Conciertos y mucho m\u00e1s....<\/title>\n<meta name=\"robots\" content=\"index, follow, max-snippet:-1, max-image-preview:large, max-video-preview:-1\" \/>\n<link rel=\"canonical\" href=\"https:\/\/www.quebakan.com\/v15\/libre-visado-schengen-para-ecuador-june-bohorquez-logra-reactivar-el-proceso-y-posicionarlo-en-el-orden-del-dia-del-parlamento-europeo\/\" \/>\n<meta property=\"og:locale\" content=\"es_ES\" \/>\n<meta property=\"og:type\" content=\"article\" \/>\n<meta property=\"og:title\" content=\"Libre visado Schengen para Ecuador: June Boh\u00f3rquez logra reactivar el proceso y posicionarlo en el orden del d\u00eda del Parlamento Europeo &#8211; QUEBAKAN.COM 2026: Noticias, Eventos, Conciertos y mucho m\u00e1s....\" \/>\n<meta property=\"og:description\" content=\"Durante la primera semana de diciembre, la Dra. June Boh\u00f3rquez, vicepresidenta del Parlamento Andino y voz representativa del Ecuador en este proceso, encabez\u00f3 una agenda oficial en Bruselas para avanzar en la exenci\u00f3n del visado Schengen para Ecuador. En esta misi\u00f3n estuvo acompa\u00f1ada por asamble\u00edstas del movimiento ADN, entre ellos Rafael Rodr\u00edguez, quienes forman parte [&hellip;]\" \/>\n<meta property=\"og:url\" content=\"https:\/\/www.quebakan.com\/v15\/libre-visado-schengen-para-ecuador-june-bohorquez-logra-reactivar-el-proceso-y-posicionarlo-en-el-orden-del-dia-del-parlamento-europeo\/\" \/>\n<meta property=\"og:site_name\" content=\"QUEBAKAN.COM 2026: Noticias, Eventos, Conciertos y mucho m\u00e1s....\" \/>\n<meta property=\"article:publisher\" content=\"http:\/\/www.facebook.com\/quebakan\" \/>\n<meta property=\"article:published_time\" content=\"2025-12-10T19:06:43+00:00\" \/>\n<meta property=\"og:image\" content=\"https:\/\/www.quebakan.com\/v15\/wp-content\/uploads\/2025\/12\/LIBRE-VISADO-SCHENGEN-2025-1.jpg\" \/>\n\t<meta property=\"og:image:width\" content=\"700\" \/>\n\t<meta property=\"og:image:height\" content=\"525\" \/>\n\t<meta property=\"og:image:type\" content=\"image\/jpeg\" \/>\n<meta name=\"author\" content=\"Erick Villafuerte\" \/>\n<meta name=\"twitter:card\" content=\"summary_large_image\" \/>\n<meta name=\"twitter:creator\" content=\"@quebakanec\" \/>\n<meta name=\"twitter:site\" content=\"@quebakanec\" \/>\n<meta name=\"twitter:label1\" content=\"Escrito por\" \/>\n\t<meta name=\"twitter:data1\" content=\"Erick Villafuerte\" \/>\n\t<meta name=\"twitter:label2\" content=\"Tiempo de lectura\" \/>\n\t<meta name=\"twitter:data2\" content=\"3 minutos\" \/>\n<script type=\"application\/ld+json\" class=\"yoast-schema-graph\">{\"@context\":\"https:\\\/\\\/schema.org\",\"@graph\":[{\"@type\":\"Article\",\"@id\":\"https:\\\/\\\/www.quebakan.com\\\/v15\\\/libre-visado-schengen-para-ecuador-june-bohorquez-logra-reactivar-el-proceso-y-posicionarlo-en-el-orden-del-dia-del-parlamento-europeo\\\/#article\",\"isPartOf\":{\"@id\":\"https:\\\/\\\/www.quebakan.com\\\/v15\\\/libre-visado-schengen-para-ecuador-june-bohorquez-logra-reactivar-el-proceso-y-posicionarlo-en-el-orden-del-dia-del-parlamento-europeo\\\/\"},\"author\":{\"name\":\"Erick Villafuerte\",\"@id\":\"https:\\\/\\\/www.quebakan.com\\\/v15\\\/#\\\/schema\\\/person\\\/d90fa9f9cfa81eb8ace9811e5b7b9118\"},\"headline\":\"Libre visado Schengen para Ecuador: June Boh\u00f3rquez logra reactivar el proceso y posicionarlo en el orden del d\u00eda del Parlamento Europeo\",\"datePublished\":\"2025-12-10T19:06:43+00:00\",\"mainEntityOfPage\":{\"@id\":\"https:\\\/\\\/www.quebakan.com\\\/v15\\\/libre-visado-schengen-para-ecuador-june-bohorquez-logra-reactivar-el-proceso-y-posicionarlo-en-el-orden-del-dia-del-parlamento-europeo\\\/\"},\"wordCount\":563,\"publisher\":{\"@id\":\"https:\\\/\\\/www.quebakan.com\\\/v15\\\/#organization\"},\"image\":{\"@id\":\"https:\\\/\\\/www.quebakan.com\\\/v15\\\/libre-visado-schengen-para-ecuador-june-bohorquez-logra-reactivar-el-proceso-y-posicionarlo-en-el-orden-del-dia-del-parlamento-europeo\\\/#primaryimage\"},\"thumbnailUrl\":\"https:\\\/\\\/www.quebakan.com\\\/v15\\\/wp-content\\\/uploads\\\/2025\\\/12\\\/LIBRE-VISADO-SCHENGEN-2025-1.jpg\",\"articleSection\":[\"Noticias\"],\"inLanguage\":\"es\"},{\"@type\":\"WebPage\",\"@id\":\"https:\\\/\\\/www.quebakan.com\\\/v15\\\/libre-visado-schengen-para-ecuador-june-bohorquez-logra-reactivar-el-proceso-y-posicionarlo-en-el-orden-del-dia-del-parlamento-europeo\\\/\",\"url\":\"https:\\\/\\\/www.quebakan.com\\\/v15\\\/libre-visado-schengen-para-ecuador-june-bohorquez-logra-reactivar-el-proceso-y-posicionarlo-en-el-orden-del-dia-del-parlamento-europeo\\\/\",\"name\":\"Libre visado Schengen para Ecuador: June Boh\u00f3rquez logra reactivar el proceso y posicionarlo en el orden del d\u00eda del Parlamento Europeo &#8211; QUEBAKAN.COM 2026: Noticias, Eventos, Conciertos y mucho m\u00e1s....\",\"isPartOf\":{\"@id\":\"https:\\\/\\\/www.quebakan.com\\\/v15\\\/#website\"},\"primaryImageOfPage\":{\"@id\":\"https:\\\/\\\/www.quebakan.com\\\/v15\\\/libre-visado-schengen-para-ecuador-june-bohorquez-logra-reactivar-el-proceso-y-posicionarlo-en-el-orden-del-dia-del-parlamento-europeo\\\/#primaryimage\"},\"image\":{\"@id\":\"https:\\\/\\\/www.quebakan.com\\\/v15\\\/libre-visado-schengen-para-ecuador-june-bohorquez-logra-reactivar-el-proceso-y-posicionarlo-en-el-orden-del-dia-del-parlamento-europeo\\\/#primaryimage\"},\"thumbnailUrl\":\"https:\\\/\\\/www.quebakan.com\\\/v15\\\/wp-content\\\/uploads\\\/2025\\\/12\\\/LIBRE-VISADO-SCHENGEN-2025-1.jpg\",\"datePublished\":\"2025-12-10T19:06:43+00:00\",\"breadcrumb\":{\"@id\":\"https:\\\/\\\/www.quebakan.com\\\/v15\\\/libre-visado-schengen-para-ecuador-june-bohorquez-logra-reactivar-el-proceso-y-posicionarlo-en-el-orden-del-dia-del-parlamento-europeo\\\/#breadcrumb\"},\"inLanguage\":\"es\",\"potentialAction\":[{\"@type\":\"ReadAction\",\"target\":[\"https:\\\/\\\/www.quebakan.com\\\/v15\\\/libre-visado-schengen-para-ecuador-june-bohorquez-logra-reactivar-el-proceso-y-posicionarlo-en-el-orden-del-dia-del-parlamento-europeo\\\/\"]}]},{\"@type\":\"ImageObject\",\"inLanguage\":\"es\",\"@id\":\"https:\\\/\\\/www.quebakan.com\\\/v15\\\/libre-visado-schengen-para-ecuador-june-bohorquez-logra-reactivar-el-proceso-y-posicionarlo-en-el-orden-del-dia-del-parlamento-europeo\\\/#primaryimage\",\"url\":\"https:\\\/\\\/www.quebakan.com\\\/v15\\\/wp-content\\\/uploads\\\/2025\\\/12\\\/LIBRE-VISADO-SCHENGEN-2025-1.jpg\",\"contentUrl\":\"https:\\\/\\\/www.quebakan.com\\\/v15\\\/wp-content\\\/uploads\\\/2025\\\/12\\\/LIBRE-VISADO-SCHENGEN-2025-1.jpg\",\"width\":700,\"height\":525},{\"@type\":\"BreadcrumbList\",\"@id\":\"https:\\\/\\\/www.quebakan.com\\\/v15\\\/libre-visado-schengen-para-ecuador-june-bohorquez-logra-reactivar-el-proceso-y-posicionarlo-en-el-orden-del-dia-del-parlamento-europeo\\\/#breadcrumb\",\"itemListElement\":[{\"@type\":\"ListItem\",\"position\":1,\"name\":\"Portada\",\"item\":\"https:\\\/\\\/www.quebakan.com\\\/v15\\\/\"},{\"@type\":\"ListItem\",\"position\":2,\"name\":\"Libre visado Schengen para Ecuador: June Boh\u00f3rquez logra reactivar el proceso y posicionarlo en el orden del d\u00eda del Parlamento Europeo\"}]},{\"@type\":\"WebSite\",\"@id\":\"https:\\\/\\\/www.quebakan.com\\\/v15\\\/#website\",\"url\":\"https:\\\/\\\/www.quebakan.com\\\/v15\\\/\",\"name\":\"QUEBAKAN\",\"description\":\"..\",\"publisher\":{\"@id\":\"https:\\\/\\\/www.quebakan.com\\\/v15\\\/#organization\"},\"potentialAction\":[{\"@type\":\"SearchAction\",\"target\":{\"@type\":\"EntryPoint\",\"urlTemplate\":\"https:\\\/\\\/www.quebakan.com\\\/v15\\\/?s={search_term_string}\"},\"query-input\":{\"@type\":\"PropertyValueSpecification\",\"valueRequired\":true,\"valueName\":\"search_term_string\"}}],\"inLanguage\":\"es\"},{\"@type\":\"Organization\",\"@id\":\"https:\\\/\\\/www.quebakan.com\\\/v15\\\/#organization\",\"name\":\"Quebakan.com\",\"url\":\"https:\\\/\\\/www.quebakan.com\\\/v15\\\/\",\"logo\":{\"@type\":\"ImageObject\",\"inLanguage\":\"es\",\"@id\":\"https:\\\/\\\/www.quebakan.com\\\/v15\\\/#\\\/schema\\\/logo\\\/image\\\/\",\"url\":\"https:\\\/\\\/www.quebakan.com\\\/v15\\\/wp-content\\\/uploads\\\/2023\\\/07\\\/logoquebakanenero2021.jpg\",\"contentUrl\":\"https:\\\/\\\/www.quebakan.com\\\/v15\\\/wp-content\\\/uploads\\\/2023\\\/07\\\/logoquebakanenero2021.jpg\",\"width\":1920,\"height\":1080,\"caption\":\"Quebakan.com\"},\"image\":{\"@id\":\"https:\\\/\\\/www.quebakan.com\\\/v15\\\/#\\\/schema\\\/logo\\\/image\\\/\"},\"sameAs\":[\"http:\\\/\\\/www.facebook.com\\\/quebakan\",\"https:\\\/\\\/x.com\\\/quebakanec\",\"http:\\\/\\\/www.instagram.com\\\/quebakan\",\"http:\\\/\\\/www.youtube.com\\\/quebakan1\"]},{\"@type\":\"Person\",\"@id\":\"https:\\\/\\\/www.quebakan.com\\\/v15\\\/#\\\/schema\\\/person\\\/d90fa9f9cfa81eb8ace9811e5b7b9118\",\"name\":\"Erick Villafuerte\",\"image\":{\"@type\":\"ImageObject\",\"inLanguage\":\"es\",\"@id\":\"https:\\\/\\\/www.quebakan.com\\\/v15\\\/wp-content\\\/uploads\\\/avatars\\\/4\\\/1731297654-bpfull.png\",\"url\":\"https:\\\/\\\/www.quebakan.com\\\/v15\\\/wp-content\\\/uploads\\\/avatars\\\/4\\\/1731297654-bpfull.png\",\"contentUrl\":\"https:\\\/\\\/www.quebakan.com\\\/v15\\\/wp-content\\\/uploads\\\/avatars\\\/4\\\/1731297654-bpfull.png\",\"caption\":\"Erick Villafuerte\"}}]}<\/script>\n<!-- \/ Yoast SEO plugin. -->","yoast_head_json":{"title":"Libre visado Schengen para Ecuador: June Boh\u00f3rquez logra reactivar el proceso y posicionarlo en el orden del d\u00eda del Parlamento Europeo &#8211; QUEBAKAN.COM 2026: Noticias, Eventos, Conciertos y mucho m\u00e1s....","robots":{"index":"index","follow":"follow","max-snippet":"max-snippet:-1","max-image-preview":"max-image-preview:large","max-video-preview":"max-video-preview:-1"},"canonical":"https:\/\/www.quebakan.com\/v15\/libre-visado-schengen-para-ecuador-june-bohorquez-logra-reactivar-el-proceso-y-posicionarlo-en-el-orden-del-dia-del-parlamento-europeo\/","og_locale":"es_ES","og_type":"article","og_title":"Libre visado Schengen para Ecuador: June Boh\u00f3rquez logra reactivar el proceso y posicionarlo en el orden del d\u00eda del Parlamento Europeo &#8211; QUEBAKAN.COM 2026: Noticias, Eventos, Conciertos y mucho m\u00e1s....","og_description":"Durante la primera semana de diciembre, la Dra. June Boh\u00f3rquez, vicepresidenta del Parlamento Andino y voz representativa del Ecuador en este proceso, encabez\u00f3 una agenda oficial en Bruselas para avanzar en la exenci\u00f3n del visado Schengen para Ecuador. En esta misi\u00f3n estuvo acompa\u00f1ada por asamble\u00edstas del movimiento ADN, entre ellos Rafael Rodr\u00edguez, quienes forman parte [&hellip;]","og_url":"https:\/\/www.quebakan.com\/v15\/libre-visado-schengen-para-ecuador-june-bohorquez-logra-reactivar-el-proceso-y-posicionarlo-en-el-orden-del-dia-del-parlamento-europeo\/","og_site_name":"QUEBAKAN.COM 2026: Noticias, Eventos, Conciertos y mucho m\u00e1s....","article_publisher":"http:\/\/www.facebook.com\/quebakan","article_published_time":"2025-12-10T19:06:43+00:00","og_image":[{"width":700,"height":525,"url":"https:\/\/www.quebakan.com\/v15\/wp-content\/uploads\/2025\/12\/LIBRE-VISADO-SCHENGEN-2025-1.jpg","type":"image\/jpeg"}],"author":"Erick Villafuerte","twitter_card":"summary_large_image","twitter_creator":"@quebakanec","twitter_site":"@quebakanec","twitter_misc":{"Escrito por":"Erick Villafuerte","Tiempo de lectura":"3 minutos"},"schema":{"@context":"https:\/\/schema.org","@graph":[{"@type":"Article","@id":"https:\/\/www.quebakan.com\/v15\/libre-visado-schengen-para-ecuador-june-bohorquez-logra-reactivar-el-proceso-y-posicionarlo-en-el-orden-del-dia-del-parlamento-europeo\/#article","isPartOf":{"@id":"https:\/\/www.quebakan.com\/v15\/libre-visado-schengen-para-ecuador-june-bohorquez-logra-reactivar-el-proceso-y-posicionarlo-en-el-orden-del-dia-del-parlamento-europeo\/"},"author":{"name":"Erick Villafuerte","@id":"https:\/\/www.quebakan.com\/v15\/#\/schema\/person\/d90fa9f9cfa81eb8ace9811e5b7b9118"},"headline":"Libre visado Schengen para Ecuador: June Boh\u00f3rquez logra reactivar el proceso y posicionarlo en el orden del d\u00eda del Parlamento Europeo","datePublished":"2025-12-10T19:06:43+00:00","mainEntityOfPage":{"@id":"https:\/\/www.quebakan.com\/v15\/libre-visado-schengen-para-ecuador-june-bohorquez-logra-reactivar-el-proceso-y-posicionarlo-en-el-orden-del-dia-del-parlamento-europeo\/"},"wordCount":563,"publisher":{"@id":"https:\/\/www.quebakan.com\/v15\/#organization"},"image":{"@id":"https:\/\/www.quebakan.com\/v15\/libre-visado-schengen-para-ecuador-june-bohorquez-logra-reactivar-el-proceso-y-posicionarlo-en-el-orden-del-dia-del-parlamento-europeo\/#primaryimage"},"thumbnailUrl":"https:\/\/www.quebakan.com\/v15\/wp-content\/uploads\/2025\/12\/LIBRE-VISADO-SCHENGEN-2025-1.jpg","articleSection":["Noticias"],"inLanguage":"es"},{"@type":"WebPage","@id":"https:\/\/www.quebakan.com\/v15\/libre-visado-schengen-para-ecuador-june-bohorquez-logra-reactivar-el-proceso-y-posicionarlo-en-el-orden-del-dia-del-parlamento-europeo\/","url":"https:\/\/www.quebakan.com\/v15\/libre-visado-schengen-para-ecuador-june-bohorquez-logra-reactivar-el-proceso-y-posicionarlo-en-el-orden-del-dia-del-parlamento-europeo\/","name":"Libre visado Schengen para Ecuador: June Boh\u00f3rquez logra reactivar el proceso y posicionarlo en el orden del d\u00eda del Parlamento Europeo &#8211; QUEBAKAN.COM 2026: Noticias, Eventos, Conciertos y mucho m\u00e1s....","isPartOf":{"@id":"https:\/\/www.quebakan.com\/v15\/#website"},"primaryImageOfPage":{"@id":"https:\/\/www.quebakan.com\/v15\/libre-visado-schengen-para-ecuador-june-bohorquez-logra-reactivar-el-proceso-y-posicionarlo-en-el-orden-del-dia-del-parlamento-europeo\/#primaryimage"},"image":{"@id":"https:\/\/www.quebakan.com\/v15\/libre-visado-schengen-para-ecuador-june-bohorquez-logra-reactivar-el-proceso-y-posicionarlo-en-el-orden-del-dia-del-parlamento-europeo\/#primaryimage"},"thumbnailUrl":"https:\/\/www.quebakan.com\/v15\/wp-content\/uploads\/2025\/12\/LIBRE-VISADO-SCHENGEN-2025-1.jpg","datePublished":"2025-12-10T19:06:43+00:00","breadcrumb":{"@id":"https:\/\/www.quebakan.com\/v15\/libre-visado-schengen-para-ecuador-june-bohorquez-logra-reactivar-el-proceso-y-posicionarlo-en-el-orden-del-dia-del-parlamento-europeo\/#breadcrumb"},"inLanguage":"es","potentialAction":[{"@type":"ReadAction","target":["https:\/\/www.quebakan.com\/v15\/libre-visado-schengen-para-ecuador-june-bohorquez-logra-reactivar-el-proceso-y-posicionarlo-en-el-orden-del-dia-del-parlamento-europeo\/"]}]},{"@type":"ImageObject","inLanguage":"es","@id":"https:\/\/www.quebakan.com\/v15\/libre-visado-schengen-para-ecuador-june-bohorquez-logra-reactivar-el-proceso-y-posicionarlo-en-el-orden-del-dia-del-parlamento-europeo\/#primaryimage","url":"https:\/\/www.quebakan.com\/v15\/wp-content\/uploads\/2025\/12\/LIBRE-VISADO-SCHENGEN-2025-1.jpg","contentUrl":"https:\/\/www.quebakan.com\/v15\/wp-content\/uploads\/2025\/12\/LIBRE-VISADO-SCHENGEN-2025-1.jpg","width":700,"height":525},{"@type":"BreadcrumbList","@id":"https:\/\/www.quebakan.com\/v15\/libre-visado-schengen-para-ecuador-june-bohorquez-logra-reactivar-el-proceso-y-posicionarlo-en-el-orden-del-dia-del-parlamento-europeo\/#breadcrumb","itemListElement":[{"@type":"ListItem","position":1,"name":"Portada","item":"https:\/\/www.quebakan.com\/v15\/"},{"@type":"ListItem","position":2,"name":"Libre visado Schengen para Ecuador: June Boh\u00f3rquez logra reactivar el proceso y posicionarlo en el orden del d\u00eda del Parlamento Europeo"}]},{"@type":"WebSite","@id":"https:\/\/www.quebakan.com\/v15\/#website","url":"https:\/\/www.quebakan.com\/v15\/","name":"QUEBAKAN","description":"..","publisher":{"@id":"https:\/\/www.quebakan.com\/v15\/#organization"},"potentialAction":[{"@type":"SearchAction","target":{"@type":"EntryPoint","urlTemplate":"https:\/\/www.quebakan.com\/v15\/?s={search_term_string}"},"query-input":{"@type":"PropertyValueSpecification","valueRequired":true,"valueName":"search_term_string"}}],"inLanguage":"es"},{"@type":"Organization","@id":"https:\/\/www.quebakan.com\/v15\/#organization","name":"Quebakan.com","url":"https:\/\/www.quebakan.com\/v15\/","logo":{"@type":"ImageObject","inLanguage":"es","@id":"https:\/\/www.quebakan.com\/v15\/#\/schema\/logo\/image\/","url":"https:\/\/www.quebakan.com\/v15\/wp-content\/uploads\/2023\/07\/logoquebakanenero2021.jpg","contentUrl":"https:\/\/www.quebakan.com\/v15\/wp-content\/uploads\/2023\/07\/logoquebakanenero2021.jpg","width":1920,"height":1080,"caption":"Quebakan.com"},"image":{"@id":"https:\/\/www.quebakan.com\/v15\/#\/schema\/logo\/image\/"},"sameAs":["http:\/\/www.facebook.com\/quebakan","https:\/\/x.com\/quebakanec","http:\/\/www.instagram.com\/quebakan","http:\/\/www.youtube.com\/quebakan1"]},{"@type":"Person","@id":"https:\/\/www.quebakan.com\/v15\/#\/schema\/person\/d90fa9f9cfa81eb8ace9811e5b7b9118","name":"Erick Villafuerte","image":{"@type":"ImageObject","inLanguage":"es","@id":"https:\/\/www.quebakan.com\/v15\/wp-content\/uploads\/avatars\/4\/1731297654-bpfull.png","url":"https:\/\/www.quebakan.com\/v15\/wp-content\/uploads\/avatars\/4\/1731297654-bpfull.png","contentUrl":"https:\/\/www.quebakan.com\/v15\/wp-content\/uploads\/avatars\/4\/1731297654-bpfull.png","caption":"Erick Villafuerte"}}]}},"_links":{"self":[{"href":"https:\/\/www.quebakan.com\/v15\/wp-json\/wp\/v2\/posts\/138303","targetHints":{"allow":["GET"]}}],"collection":[{"href":"https:\/\/www.quebakan.com\/v15\/wp-json\/wp\/v2\/posts"}],"about":[{"href":"https:\/\/www.quebakan.com\/v15\/wp-json\/wp\/v2\/types\/post"}],"author":[{"embeddable":true,"href":"https:\/\/www.quebakan.com\/v15\/wp-json\/wp\/v2\/users\/4"}],"replies":[{"embeddable":true,"href":"https:\/\/www.quebakan.com\/v15\/wp-json\/wp\/v2\/comments?post=138303"}],"version-history":[{"count":1,"href":"https:\/\/www.quebakan.com\/v15\/wp-json\/wp\/v2\/posts\/138303\/revisions"}],"predecessor-version":[{"id":138305,"href":"https:\/\/www.quebakan.com\/v15\/wp-json\/wp\/v2\/posts\/138303\/revisions\/138305"}],"wp:featuredmedia":[{"embeddable":true,"href":"https:\/\/www.quebakan.com\/v15\/wp-json\/wp\/v2\/media\/138304"}],"wp:attachment":[{"href":"https:\/\/www.quebakan.com\/v15\/wp-json\/wp\/v2\/media?parent=138303"}],"wp:term":[{"taxonomy":"category","embeddable":true,"href":"https:\/\/www.quebakan.com\/v15\/wp-json\/wp\/v2\/categories?post=138303"},{"taxonomy":"post_tag","embeddable":true,"href":"https:\/\/www.quebakan.com\/v15\/wp-json\/wp\/v2\/tags?post=138303"}],"curies":[{"name":"wp","href":"https:\/\/api.w.org\/{rel}","templated":true}]}}