{"id":138306,"date":"2025-12-10T15:14:43","date_gmt":"2025-12-10T20:14:43","guid":{"rendered":"https:\/\/www.quebakan.com\/v15\/?p=138306"},"modified":"2025-12-10T15:14:43","modified_gmt":"2025-12-10T20:14:43","slug":"black-friday-2025-evidencia-el-crecimiento-de-los-pagos-digitales-en-ecuador","status":"publish","type":"post","link":"https:\/\/www.quebakan.com\/v15\/black-friday-2025-evidencia-el-crecimiento-de-los-pagos-digitales-en-ecuador\/","title":{"rendered":"Black Friday 2025 evidencia el crecimiento de los pagos digitales en Ecuador"},"content":{"rendered":"<p><img fetchpriority=\"high\" decoding=\"async\" class=\"aligncenter size-full wp-image-138307\" src=\"https:\/\/www.quebakan.com\/v15\/wp-content\/uploads\/2025\/12\/Black-Friday-Pagos-Digitales.jpg\" alt=\"\" width=\"700\" height=\"494\" srcset=\"https:\/\/www.quebakan.com\/v15\/wp-content\/uploads\/2025\/12\/Black-Friday-Pagos-Digitales.jpg 700w, https:\/\/www.quebakan.com\/v15\/wp-content\/uploads\/2025\/12\/Black-Friday-Pagos-Digitales-120x86.jpg 120w\" sizes=\"(max-width: 700px) 100vw, 700px\" \/><\/p>\n<p style=\"text-align: justify;\"><span style=\"color: #000000;\"><strong><em>Ecuador, diciembre 2025.-<\/em><\/strong> El Black Friday se ha consolidado como uno de los eventos de consumo m\u00e1s relevantes del a\u00f1o. Seg\u00fan datos del SRI, en este 2025, no solo rompi\u00f3 r\u00e9cords al alcanzar USD 5.554 millones en ventas, sino que tambi\u00e9n confirm\u00f3 un cambio significativo en los h\u00e1bitos de pago de los ecuatorianos. La jornada evidenci\u00f3 una migraci\u00f3n sostenida del uso de efectivo hacia opciones digitales como transferencias, c\u00f3digos QR, links de cobro y billeteras m\u00f3viles, impulsada por consumidores m\u00e1s conectados, exigentes y habituados a resolver sus compras desde el celular.<\/span><\/p>\n<p style=\"text-align: justify;\"><span style=\"color: #000000;\">En este contexto, Deuna, la plataforma digital de pagos y cobros de mayor crecimiento en el pa\u00eds registr\u00f3 un desempe\u00f1o hist\u00f3rico que refleja este avance. Durante el Black Friday \u2014que se extendi\u00f3 del viernes 28 al domingo 30 de noviembre\u2014 la aplicaci\u00f3n triplic\u00f3 sus transacciones frente a 2024 y registr\u00f3 un crecimiento del 198% en el monto cobrado con respecto al a\u00f1o anterior.<\/span><\/p>\n<p style=\"text-align: justify;\"><span style=\"color: #000000;\">Los datos de la plataforma destacan cambios relevantes en el comportamiento del usuario: las compras nocturnas aumentaron significativamente, con picos alrededor de las 19h00, especialmente en categor\u00edas como tiendas departamentales, moda y restaurantes. Incluso servicios como la compra digital de boletos del Metro de Quito registraron un crecimiento notable durante la jornada.<\/span><\/p>\n<p style=\"text-align: justify;\"><span style=\"color: #000000;\">La tendencia no solo se refleja durante estas fechas. De manera general, en el mes de noviembre de 2025, la preferencia por pagos digitales crecieron 2.4 veces frente al mismo mes del a\u00f1o anterior. Esto se percibe en el crecimiento de n\u00fameros de usuarios y la frecuencia con la que realizan pagos m\u00f3viles. A escala nacional, Deuna registra actualmente un crecimiento de 50% en adopci\u00f3n anual, lo que consolida su rol como uno de los actores principales en la digitalizaci\u00f3n del pa\u00eds.<\/span><\/p>\n<p style=\"text-align: justify;\"><span style=\"color: #000000;\">En esta temporada, Deuna sum\u00f3 m\u00e1s de 10.000 nuevos negocios. Quito y Guayaquil lideraron el crecimiento en uso de pagos digitales, impulsadas por una mayor oferta comercial, h\u00e1bitos de consumo m\u00e1s din\u00e1micos y un ecosistema que incorpora con rapidez nuevas alternativas que les permite aumentar ventas. Este dinamismo confirma que la adopci\u00f3n avanza con mayor velocidad en zonas urbanas donde la digitalizaci\u00f3n toca tanto a grandes cadenas como a negocios de cercan\u00eda.<\/span><\/p>\n<p style=\"text-align: justify;\"><span style=\"color: #000000;\">Andrea Villafuerte, Chief Commercial and Marketing Officer de Deuna, destaca que <em>\u201cEl usuario hoy conf\u00eda m\u00e1s en los pagos m\u00f3viles, los comercios est\u00e1n mejor preparados y los casos de uso se multiplican. Pasamos de ver los pagos digitales como una alternativa a convertirlos en parte esencial de la vida diaria: desde compras en tiendas hasta movilidad, servicios y alimentaci\u00f3n. La adopci\u00f3n ya no es coyuntural, es estructural.\u201d<\/em><\/span><\/p>\n<p style=\"text-align: justify;\"><span style=\"color: #000000;\">El comportamiento de consumo revela que el comprador actual exige inmediatez, transparencia en los precios, m\u00e9todos de pago f\u00e1ciles y experiencias sin fricci\u00f3n. Esta evoluci\u00f3n est\u00e1 impulsando a bancos, fintechs y comercios a desarrollar soluciones m\u00e1s intuitivas, interoperables y accesibles.<\/span><\/p>\n<p style=\"text-align: justify;\"><span style=\"color: #000000;\">El Black Friday 2025 mostr\u00f3 un usuario m\u00e1s digital, cuyas decisiones de pago est\u00e1n remodelando el ecosistema financiero local. Y si algo deja claro esta jornada es que Ecuador est\u00e1 entrando en una fase de adopci\u00f3n sostenida de pagos digitales, en la que plataformas como Deuna dejan de ser una opci\u00f3n complementaria para convertirse en un componente clave del d\u00eda a d\u00eda financiero de millones de ecuatorianos.<\/span><\/p>\n","protected":false},"excerpt":{"rendered":"<p>Ecuador, diciembre 2025.- El Black Friday se ha consolidado como uno de los eventos de consumo m\u00e1s relevantes del a\u00f1o. Seg\u00fan datos del SRI, en este 2025, no solo rompi\u00f3 r\u00e9cords al alcanzar USD 5.554 millones en ventas, sino que tambi\u00e9n confirm\u00f3 un cambio significativo en los h\u00e1bitos de pago de los ecuatorianos. La jornada [&hellip;]<\/p>\n","protected":false},"author":4,"featured_media":138307,"comment_status":"closed","ping_status":"closed","sticky":false,"template":"","format":"standard","meta":{"_bbp_topic_count":0,"_bbp_reply_count":0,"_bbp_total_topic_count":0,"_bbp_total_reply_count":0,"_bbp_voice_count":0,"_bbp_anonymous_reply_count":0,"_bbp_topic_count_hidden":0,"_bbp_reply_count_hidden":0,"_bbp_forum_subforum_count":0,"buzzeditor_post_format":"","footnotes":""},"categories":[2],"tags":[],"class_list":["post-138306","post","type-post","status-publish","format-standard","has-post-thumbnail","hentry","category-noticias"],"yoast_head":"<!-- This site is optimized with the Yoast SEO plugin v27.5 - https:\/\/yoast.com\/product\/yoast-seo-wordpress\/ -->\n<title>Black Friday 2025 evidencia el crecimiento de los pagos digitales en Ecuador &#8211; QUEBAKAN.COM 2026: Noticias, Eventos, Conciertos y mucho m\u00e1s....<\/title>\n<meta name=\"robots\" content=\"index, follow, max-snippet:-1, max-image-preview:large, max-video-preview:-1\" \/>\n<link rel=\"canonical\" href=\"https:\/\/www.quebakan.com\/v15\/black-friday-2025-evidencia-el-crecimiento-de-los-pagos-digitales-en-ecuador\/\" \/>\n<meta property=\"og:locale\" content=\"es_ES\" \/>\n<meta property=\"og:type\" content=\"article\" \/>\n<meta property=\"og:title\" content=\"Black Friday 2025 evidencia el crecimiento de los pagos digitales en Ecuador &#8211; QUEBAKAN.COM 2026: Noticias, Eventos, Conciertos y mucho m\u00e1s....\" \/>\n<meta property=\"og:description\" content=\"Ecuador, diciembre 2025.- El Black Friday se ha consolidado como uno de los eventos de consumo m\u00e1s relevantes del a\u00f1o. Seg\u00fan datos del SRI, en este 2025, no solo rompi\u00f3 r\u00e9cords al alcanzar USD 5.554 millones en ventas, sino que tambi\u00e9n confirm\u00f3 un cambio significativo en los h\u00e1bitos de pago de los ecuatorianos. La jornada [&hellip;]\" \/>\n<meta property=\"og:url\" content=\"https:\/\/www.quebakan.com\/v15\/black-friday-2025-evidencia-el-crecimiento-de-los-pagos-digitales-en-ecuador\/\" \/>\n<meta property=\"og:site_name\" content=\"QUEBAKAN.COM 2026: Noticias, Eventos, Conciertos y mucho m\u00e1s....\" \/>\n<meta property=\"article:publisher\" content=\"http:\/\/www.facebook.com\/quebakan\" \/>\n<meta property=\"article:published_time\" content=\"2025-12-10T20:14:43+00:00\" \/>\n<meta property=\"og:image\" content=\"https:\/\/www.quebakan.com\/v15\/wp-content\/uploads\/2025\/12\/Black-Friday-Pagos-Digitales.jpg\" \/>\n\t<meta property=\"og:image:width\" content=\"700\" \/>\n\t<meta property=\"og:image:height\" content=\"494\" \/>\n\t<meta property=\"og:image:type\" content=\"image\/jpeg\" \/>\n<meta name=\"author\" content=\"Erick Villafuerte\" \/>\n<meta name=\"twitter:card\" content=\"summary_large_image\" \/>\n<meta name=\"twitter:creator\" content=\"@quebakanec\" \/>\n<meta name=\"twitter:site\" content=\"@quebakanec\" \/>\n<meta name=\"twitter:label1\" content=\"Escrito por\" \/>\n\t<meta name=\"twitter:data1\" content=\"Erick Villafuerte\" \/>\n\t<meta name=\"twitter:label2\" content=\"Tiempo de lectura\" \/>\n\t<meta name=\"twitter:data2\" content=\"3 minutos\" \/>\n<script type=\"application\/ld+json\" class=\"yoast-schema-graph\">{\"@context\":\"https:\\\/\\\/schema.org\",\"@graph\":[{\"@type\":\"Article\",\"@id\":\"https:\\\/\\\/www.quebakan.com\\\/v15\\\/black-friday-2025-evidencia-el-crecimiento-de-los-pagos-digitales-en-ecuador\\\/#article\",\"isPartOf\":{\"@id\":\"https:\\\/\\\/www.quebakan.com\\\/v15\\\/black-friday-2025-evidencia-el-crecimiento-de-los-pagos-digitales-en-ecuador\\\/\"},\"author\":{\"name\":\"Erick Villafuerte\",\"@id\":\"https:\\\/\\\/www.quebakan.com\\\/v15\\\/#\\\/schema\\\/person\\\/d90fa9f9cfa81eb8ace9811e5b7b9118\"},\"headline\":\"Black Friday 2025 evidencia el crecimiento de los pagos digitales en Ecuador\",\"datePublished\":\"2025-12-10T20:14:43+00:00\",\"mainEntityOfPage\":{\"@id\":\"https:\\\/\\\/www.quebakan.com\\\/v15\\\/black-friday-2025-evidencia-el-crecimiento-de-los-pagos-digitales-en-ecuador\\\/\"},\"wordCount\":580,\"publisher\":{\"@id\":\"https:\\\/\\\/www.quebakan.com\\\/v15\\\/#organization\"},\"image\":{\"@id\":\"https:\\\/\\\/www.quebakan.com\\\/v15\\\/black-friday-2025-evidencia-el-crecimiento-de-los-pagos-digitales-en-ecuador\\\/#primaryimage\"},\"thumbnailUrl\":\"https:\\\/\\\/www.quebakan.com\\\/v15\\\/wp-content\\\/uploads\\\/2025\\\/12\\\/Black-Friday-Pagos-Digitales.jpg\",\"articleSection\":[\"Noticias\"],\"inLanguage\":\"es\"},{\"@type\":\"WebPage\",\"@id\":\"https:\\\/\\\/www.quebakan.com\\\/v15\\\/black-friday-2025-evidencia-el-crecimiento-de-los-pagos-digitales-en-ecuador\\\/\",\"url\":\"https:\\\/\\\/www.quebakan.com\\\/v15\\\/black-friday-2025-evidencia-el-crecimiento-de-los-pagos-digitales-en-ecuador\\\/\",\"name\":\"Black Friday 2025 evidencia el crecimiento de los pagos digitales en Ecuador &#8211; QUEBAKAN.COM 2026: Noticias, Eventos, Conciertos y mucho m\u00e1s....\",\"isPartOf\":{\"@id\":\"https:\\\/\\\/www.quebakan.com\\\/v15\\\/#website\"},\"primaryImageOfPage\":{\"@id\":\"https:\\\/\\\/www.quebakan.com\\\/v15\\\/black-friday-2025-evidencia-el-crecimiento-de-los-pagos-digitales-en-ecuador\\\/#primaryimage\"},\"image\":{\"@id\":\"https:\\\/\\\/www.quebakan.com\\\/v15\\\/black-friday-2025-evidencia-el-crecimiento-de-los-pagos-digitales-en-ecuador\\\/#primaryimage\"},\"thumbnailUrl\":\"https:\\\/\\\/www.quebakan.com\\\/v15\\\/wp-content\\\/uploads\\\/2025\\\/12\\\/Black-Friday-Pagos-Digitales.jpg\",\"datePublished\":\"2025-12-10T20:14:43+00:00\",\"breadcrumb\":{\"@id\":\"https:\\\/\\\/www.quebakan.com\\\/v15\\\/black-friday-2025-evidencia-el-crecimiento-de-los-pagos-digitales-en-ecuador\\\/#breadcrumb\"},\"inLanguage\":\"es\",\"potentialAction\":[{\"@type\":\"ReadAction\",\"target\":[\"https:\\\/\\\/www.quebakan.com\\\/v15\\\/black-friday-2025-evidencia-el-crecimiento-de-los-pagos-digitales-en-ecuador\\\/\"]}]},{\"@type\":\"ImageObject\",\"inLanguage\":\"es\",\"@id\":\"https:\\\/\\\/www.quebakan.com\\\/v15\\\/black-friday-2025-evidencia-el-crecimiento-de-los-pagos-digitales-en-ecuador\\\/#primaryimage\",\"url\":\"https:\\\/\\\/www.quebakan.com\\\/v15\\\/wp-content\\\/uploads\\\/2025\\\/12\\\/Black-Friday-Pagos-Digitales.jpg\",\"contentUrl\":\"https:\\\/\\\/www.quebakan.com\\\/v15\\\/wp-content\\\/uploads\\\/2025\\\/12\\\/Black-Friday-Pagos-Digitales.jpg\",\"width\":700,\"height\":494},{\"@type\":\"BreadcrumbList\",\"@id\":\"https:\\\/\\\/www.quebakan.com\\\/v15\\\/black-friday-2025-evidencia-el-crecimiento-de-los-pagos-digitales-en-ecuador\\\/#breadcrumb\",\"itemListElement\":[{\"@type\":\"ListItem\",\"position\":1,\"name\":\"Portada\",\"item\":\"https:\\\/\\\/www.quebakan.com\\\/v15\\\/\"},{\"@type\":\"ListItem\",\"position\":2,\"name\":\"Black Friday 2025 evidencia el crecimiento de los pagos digitales en Ecuador\"}]},{\"@type\":\"WebSite\",\"@id\":\"https:\\\/\\\/www.quebakan.com\\\/v15\\\/#website\",\"url\":\"https:\\\/\\\/www.quebakan.com\\\/v15\\\/\",\"name\":\"QUEBAKAN\",\"description\":\"..\",\"publisher\":{\"@id\":\"https:\\\/\\\/www.quebakan.com\\\/v15\\\/#organization\"},\"potentialAction\":[{\"@type\":\"SearchAction\",\"target\":{\"@type\":\"EntryPoint\",\"urlTemplate\":\"https:\\\/\\\/www.quebakan.com\\\/v15\\\/?s={search_term_string}\"},\"query-input\":{\"@type\":\"PropertyValueSpecification\",\"valueRequired\":true,\"valueName\":\"search_term_string\"}}],\"inLanguage\":\"es\"},{\"@type\":\"Organization\",\"@id\":\"https:\\\/\\\/www.quebakan.com\\\/v15\\\/#organization\",\"name\":\"Quebakan.com\",\"url\":\"https:\\\/\\\/www.quebakan.com\\\/v15\\\/\",\"logo\":{\"@type\":\"ImageObject\",\"inLanguage\":\"es\",\"@id\":\"https:\\\/\\\/www.quebakan.com\\\/v15\\\/#\\\/schema\\\/logo\\\/image\\\/\",\"url\":\"https:\\\/\\\/www.quebakan.com\\\/v15\\\/wp-content\\\/uploads\\\/2023\\\/07\\\/logoquebakanenero2021.jpg\",\"contentUrl\":\"https:\\\/\\\/www.quebakan.com\\\/v15\\\/wp-content\\\/uploads\\\/2023\\\/07\\\/logoquebakanenero2021.jpg\",\"width\":1920,\"height\":1080,\"caption\":\"Quebakan.com\"},\"image\":{\"@id\":\"https:\\\/\\\/www.quebakan.com\\\/v15\\\/#\\\/schema\\\/logo\\\/image\\\/\"},\"sameAs\":[\"http:\\\/\\\/www.facebook.com\\\/quebakan\",\"https:\\\/\\\/x.com\\\/quebakanec\",\"http:\\\/\\\/www.instagram.com\\\/quebakan\",\"http:\\\/\\\/www.youtube.com\\\/quebakan1\"]},{\"@type\":\"Person\",\"@id\":\"https:\\\/\\\/www.quebakan.com\\\/v15\\\/#\\\/schema\\\/person\\\/d90fa9f9cfa81eb8ace9811e5b7b9118\",\"name\":\"Erick Villafuerte\",\"image\":{\"@type\":\"ImageObject\",\"inLanguage\":\"es\",\"@id\":\"https:\\\/\\\/www.quebakan.com\\\/v15\\\/wp-content\\\/uploads\\\/avatars\\\/4\\\/1731297654-bpfull.png\",\"url\":\"https:\\\/\\\/www.quebakan.com\\\/v15\\\/wp-content\\\/uploads\\\/avatars\\\/4\\\/1731297654-bpfull.png\",\"contentUrl\":\"https:\\\/\\\/www.quebakan.com\\\/v15\\\/wp-content\\\/uploads\\\/avatars\\\/4\\\/1731297654-bpfull.png\",\"caption\":\"Erick Villafuerte\"}}]}<\/script>\n<!-- \/ Yoast SEO plugin. -->","yoast_head_json":{"title":"Black Friday 2025 evidencia el crecimiento de los pagos digitales en Ecuador &#8211; QUEBAKAN.COM 2026: Noticias, Eventos, Conciertos y mucho m\u00e1s....","robots":{"index":"index","follow":"follow","max-snippet":"max-snippet:-1","max-image-preview":"max-image-preview:large","max-video-preview":"max-video-preview:-1"},"canonical":"https:\/\/www.quebakan.com\/v15\/black-friday-2025-evidencia-el-crecimiento-de-los-pagos-digitales-en-ecuador\/","og_locale":"es_ES","og_type":"article","og_title":"Black Friday 2025 evidencia el crecimiento de los pagos digitales en Ecuador &#8211; QUEBAKAN.COM 2026: Noticias, Eventos, Conciertos y mucho m\u00e1s....","og_description":"Ecuador, diciembre 2025.- El Black Friday se ha consolidado como uno de los eventos de consumo m\u00e1s relevantes del a\u00f1o. Seg\u00fan datos del SRI, en este 2025, no solo rompi\u00f3 r\u00e9cords al alcanzar USD 5.554 millones en ventas, sino que tambi\u00e9n confirm\u00f3 un cambio significativo en los h\u00e1bitos de pago de los ecuatorianos. La jornada [&hellip;]","og_url":"https:\/\/www.quebakan.com\/v15\/black-friday-2025-evidencia-el-crecimiento-de-los-pagos-digitales-en-ecuador\/","og_site_name":"QUEBAKAN.COM 2026: Noticias, Eventos, Conciertos y mucho m\u00e1s....","article_publisher":"http:\/\/www.facebook.com\/quebakan","article_published_time":"2025-12-10T20:14:43+00:00","og_image":[{"width":700,"height":494,"url":"https:\/\/www.quebakan.com\/v15\/wp-content\/uploads\/2025\/12\/Black-Friday-Pagos-Digitales.jpg","type":"image\/jpeg"}],"author":"Erick Villafuerte","twitter_card":"summary_large_image","twitter_creator":"@quebakanec","twitter_site":"@quebakanec","twitter_misc":{"Escrito por":"Erick Villafuerte","Tiempo de lectura":"3 minutos"},"schema":{"@context":"https:\/\/schema.org","@graph":[{"@type":"Article","@id":"https:\/\/www.quebakan.com\/v15\/black-friday-2025-evidencia-el-crecimiento-de-los-pagos-digitales-en-ecuador\/#article","isPartOf":{"@id":"https:\/\/www.quebakan.com\/v15\/black-friday-2025-evidencia-el-crecimiento-de-los-pagos-digitales-en-ecuador\/"},"author":{"name":"Erick Villafuerte","@id":"https:\/\/www.quebakan.com\/v15\/#\/schema\/person\/d90fa9f9cfa81eb8ace9811e5b7b9118"},"headline":"Black Friday 2025 evidencia el crecimiento de los pagos digitales en Ecuador","datePublished":"2025-12-10T20:14:43+00:00","mainEntityOfPage":{"@id":"https:\/\/www.quebakan.com\/v15\/black-friday-2025-evidencia-el-crecimiento-de-los-pagos-digitales-en-ecuador\/"},"wordCount":580,"publisher":{"@id":"https:\/\/www.quebakan.com\/v15\/#organization"},"image":{"@id":"https:\/\/www.quebakan.com\/v15\/black-friday-2025-evidencia-el-crecimiento-de-los-pagos-digitales-en-ecuador\/#primaryimage"},"thumbnailUrl":"https:\/\/www.quebakan.com\/v15\/wp-content\/uploads\/2025\/12\/Black-Friday-Pagos-Digitales.jpg","articleSection":["Noticias"],"inLanguage":"es"},{"@type":"WebPage","@id":"https:\/\/www.quebakan.com\/v15\/black-friday-2025-evidencia-el-crecimiento-de-los-pagos-digitales-en-ecuador\/","url":"https:\/\/www.quebakan.com\/v15\/black-friday-2025-evidencia-el-crecimiento-de-los-pagos-digitales-en-ecuador\/","name":"Black Friday 2025 evidencia el crecimiento de los pagos digitales en Ecuador &#8211; QUEBAKAN.COM 2026: Noticias, Eventos, Conciertos y mucho m\u00e1s....","isPartOf":{"@id":"https:\/\/www.quebakan.com\/v15\/#website"},"primaryImageOfPage":{"@id":"https:\/\/www.quebakan.com\/v15\/black-friday-2025-evidencia-el-crecimiento-de-los-pagos-digitales-en-ecuador\/#primaryimage"},"image":{"@id":"https:\/\/www.quebakan.com\/v15\/black-friday-2025-evidencia-el-crecimiento-de-los-pagos-digitales-en-ecuador\/#primaryimage"},"thumbnailUrl":"https:\/\/www.quebakan.com\/v15\/wp-content\/uploads\/2025\/12\/Black-Friday-Pagos-Digitales.jpg","datePublished":"2025-12-10T20:14:43+00:00","breadcrumb":{"@id":"https:\/\/www.quebakan.com\/v15\/black-friday-2025-evidencia-el-crecimiento-de-los-pagos-digitales-en-ecuador\/#breadcrumb"},"inLanguage":"es","potentialAction":[{"@type":"ReadAction","target":["https:\/\/www.quebakan.com\/v15\/black-friday-2025-evidencia-el-crecimiento-de-los-pagos-digitales-en-ecuador\/"]}]},{"@type":"ImageObject","inLanguage":"es","@id":"https:\/\/www.quebakan.com\/v15\/black-friday-2025-evidencia-el-crecimiento-de-los-pagos-digitales-en-ecuador\/#primaryimage","url":"https:\/\/www.quebakan.com\/v15\/wp-content\/uploads\/2025\/12\/Black-Friday-Pagos-Digitales.jpg","contentUrl":"https:\/\/www.quebakan.com\/v15\/wp-content\/uploads\/2025\/12\/Black-Friday-Pagos-Digitales.jpg","width":700,"height":494},{"@type":"BreadcrumbList","@id":"https:\/\/www.quebakan.com\/v15\/black-friday-2025-evidencia-el-crecimiento-de-los-pagos-digitales-en-ecuador\/#breadcrumb","itemListElement":[{"@type":"ListItem","position":1,"name":"Portada","item":"https:\/\/www.quebakan.com\/v15\/"},{"@type":"ListItem","position":2,"name":"Black Friday 2025 evidencia el crecimiento de los pagos digitales en Ecuador"}]},{"@type":"WebSite","@id":"https:\/\/www.quebakan.com\/v15\/#website","url":"https:\/\/www.quebakan.com\/v15\/","name":"QUEBAKAN","description":"..","publisher":{"@id":"https:\/\/www.quebakan.com\/v15\/#organization"},"potentialAction":[{"@type":"SearchAction","target":{"@type":"EntryPoint","urlTemplate":"https:\/\/www.quebakan.com\/v15\/?s={search_term_string}"},"query-input":{"@type":"PropertyValueSpecification","valueRequired":true,"valueName":"search_term_string"}}],"inLanguage":"es"},{"@type":"Organization","@id":"https:\/\/www.quebakan.com\/v15\/#organization","name":"Quebakan.com","url":"https:\/\/www.quebakan.com\/v15\/","logo":{"@type":"ImageObject","inLanguage":"es","@id":"https:\/\/www.quebakan.com\/v15\/#\/schema\/logo\/image\/","url":"https:\/\/www.quebakan.com\/v15\/wp-content\/uploads\/2023\/07\/logoquebakanenero2021.jpg","contentUrl":"https:\/\/www.quebakan.com\/v15\/wp-content\/uploads\/2023\/07\/logoquebakanenero2021.jpg","width":1920,"height":1080,"caption":"Quebakan.com"},"image":{"@id":"https:\/\/www.quebakan.com\/v15\/#\/schema\/logo\/image\/"},"sameAs":["http:\/\/www.facebook.com\/quebakan","https:\/\/x.com\/quebakanec","http:\/\/www.instagram.com\/quebakan","http:\/\/www.youtube.com\/quebakan1"]},{"@type":"Person","@id":"https:\/\/www.quebakan.com\/v15\/#\/schema\/person\/d90fa9f9cfa81eb8ace9811e5b7b9118","name":"Erick Villafuerte","image":{"@type":"ImageObject","inLanguage":"es","@id":"https:\/\/www.quebakan.com\/v15\/wp-content\/uploads\/avatars\/4\/1731297654-bpfull.png","url":"https:\/\/www.quebakan.com\/v15\/wp-content\/uploads\/avatars\/4\/1731297654-bpfull.png","contentUrl":"https:\/\/www.quebakan.com\/v15\/wp-content\/uploads\/avatars\/4\/1731297654-bpfull.png","caption":"Erick Villafuerte"}}]}},"_links":{"self":[{"href":"https:\/\/www.quebakan.com\/v15\/wp-json\/wp\/v2\/posts\/138306","targetHints":{"allow":["GET"]}}],"collection":[{"href":"https:\/\/www.quebakan.com\/v15\/wp-json\/wp\/v2\/posts"}],"about":[{"href":"https:\/\/www.quebakan.com\/v15\/wp-json\/wp\/v2\/types\/post"}],"author":[{"embeddable":true,"href":"https:\/\/www.quebakan.com\/v15\/wp-json\/wp\/v2\/users\/4"}],"replies":[{"embeddable":true,"href":"https:\/\/www.quebakan.com\/v15\/wp-json\/wp\/v2\/comments?post=138306"}],"version-history":[{"count":1,"href":"https:\/\/www.quebakan.com\/v15\/wp-json\/wp\/v2\/posts\/138306\/revisions"}],"predecessor-version":[{"id":138308,"href":"https:\/\/www.quebakan.com\/v15\/wp-json\/wp\/v2\/posts\/138306\/revisions\/138308"}],"wp:featuredmedia":[{"embeddable":true,"href":"https:\/\/www.quebakan.com\/v15\/wp-json\/wp\/v2\/media\/138307"}],"wp:attachment":[{"href":"https:\/\/www.quebakan.com\/v15\/wp-json\/wp\/v2\/media?parent=138306"}],"wp:term":[{"taxonomy":"category","embeddable":true,"href":"https:\/\/www.quebakan.com\/v15\/wp-json\/wp\/v2\/categories?post=138306"},{"taxonomy":"post_tag","embeddable":true,"href":"https:\/\/www.quebakan.com\/v15\/wp-json\/wp\/v2\/tags?post=138306"}],"curies":[{"name":"wp","href":"https:\/\/api.w.org\/{rel}","templated":true}]}}