{"id":138315,"date":"2025-12-10T16:39:35","date_gmt":"2025-12-10T21:39:35","guid":{"rendered":"https:\/\/www.quebakan.com\/v15\/?p=138315"},"modified":"2025-12-10T16:39:35","modified_gmt":"2025-12-10T21:39:35","slug":"iluminar-la-memoria-en-navidad-espacio-de-vida-invita-a-vivir-la-temporada-desde-la-gratitud-y-la-union-familiar","status":"publish","type":"post","link":"https:\/\/www.quebakan.com\/v15\/iluminar-la-memoria-en-navidad-espacio-de-vida-invita-a-vivir-la-temporada-desde-la-gratitud-y-la-union-familiar\/","title":{"rendered":"Iluminar la memoria en Navidad: Espacio de Vida invita a vivir la temporada desde la gratitud y la uni\u00f3n familiar."},"content":{"rendered":"<p><img fetchpriority=\"high\" decoding=\"async\" class=\"aligncenter size-full wp-image-138316\" src=\"https:\/\/www.quebakan.com\/v15\/wp-content\/uploads\/2025\/12\/BBS7304-1.jpg\" alt=\"\" width=\"700\" height=\"467\" \/><\/p>\n<ul>\n<li style=\"text-align: justify;\"><span style=\"color: #000000;\"><em>El s\u00e1bado 13 de diciembre, <strong>Espacio de Vida<\/strong> llevar\u00e1 a cabo en todas las sedes de Parque de la Paz \u201cRecuerdos de Navidad\u201d, una jornada especial busca reunir a las familias en un ambiente de reflexi\u00f3n, uni\u00f3n y esperanza.<\/em><\/span><\/li>\n<\/ul>\n<p style=\"text-align: justify;\"><span style=\"color: #000000;\"><strong>Diciembre de 2025.<\/strong> \u2013 La Navidad es una \u00e9poca de luz, encuentros y tradiciones. Sin embargo, para miles de familias tambi\u00e9n puede convertirse en un momento especialmente sensible, donde los lugares vac\u00edos en la mesa, las canciones, los rituales y los recuerdos despiertan una mezcla de nostalgia, amor y tristeza. Pensando en ello, Espacio de Vida de Parque de la Paz comparte una reflexi\u00f3n abierta a toda la comunidad: <strong><em>\u00bfc\u00f3mo vivir la Navidad cuando el coraz\u00f3n extra\u00f1a a alguien?<\/em><\/strong> La respuesta no tiene una sola forma, pero s\u00ed un camino com\u00fan: honrar, recordar y permitir que el amor siga acompa\u00f1ando el proceso de duelo.<\/span><\/p>\n<p style=\"text-align: justify;\"><span style=\"color: #000000;\">Especialistas y acompa\u00f1antes emocionales coinciden en que la Navidad puede intensificar la sensaci\u00f3n de p\u00e9rdida, pero tambi\u00e9n ofrecer oportunidades para resignificar el recuerdo. En lugar de evitar lo que duele, <strong>Espacio de Vida<\/strong> invita a abrazar la memoria con suavidad, reconectar con lo esencial y permitir que la nostalgia se transforme en gratitud. Peque\u00f1os rituales como encender una vela, escribir un mensaje, preparar un plato favorito o compartir una an\u00e9cdota pueden convertirse en gestos sanadores que mantienen viva la presencia emocional de quienes partieron.<\/span><\/p>\n<p style=\"text-align: justify;\"><span style=\"color: #000000;\"><em>\u201cLa Navidad nos recuerda que la ausencia no apaga el amor. La memoria sigue siendo un puente que acompa\u00f1a y da esperanza. No se trata de olvidar, sino de agradecer lo vivido y permitir que ese recuerdo ilumine nuestro camino\u201d, <\/em>expres\u00f3 <strong>Jimmy S\u00e1enz de Viteri<\/strong>, Gestor Cultural de Parque de la Paz.<\/span><\/p>\n<p style=\"text-align: justify;\"><span style=\"color: #000000;\">Reconocer la ausencia, hablarla en familia y crear nuevos momentos con sentido son caminos saludables para transitar estas fechas con sinceridad y esperanza. En este marco emocional y comunitario, Espacio de Vida invita a participar del encuentro <strong>\u201cRecuerdos de Navidad\u201d<\/strong>, que se realizar\u00e1 el <strong>s\u00e1bado 13 de diciembre<\/strong> en todas las sedes de Parque de la Paz. Durante esta jornada, las familias podr\u00e1n compartir un espacio de acompa\u00f1amiento y celebraci\u00f3n a trav\u00e9s de actividades culturales, art\u00edsticas y espirituales que evocan el verdadero sentido de la Navidad.<\/span><\/p>\n<p style=\"text-align: justify;\"><span style=\"color: #000000;\">En la <strong>sede La Aurora<\/strong>, la programaci\u00f3n iniciar\u00e1 de 9:00 a. m. a 1:00 p. m. con un festival de coros navide\u00f1os, fotos con Pap\u00e1 Noel, sorteos y actividades familiares. Por la tarde, de 5:00 a 6:00 p. m., se celebrar\u00e1 una misa campal con un homenaje fotogr\u00e1fico, un momento simb\u00f3lico para honrar la memoria de los seres queridos.<\/span><\/p>\n<p style=\"text-align: justify;\"><span style=\"color: #000000;\">En las sedes de <strong>Dur\u00e1n, Pascuales y El Fort\u00edn<\/strong>, las familias podr\u00e1n participar a las 12:30 p. m. en misas campales, homenajes fotogr\u00e1ficos y espacios de convivencia acompa\u00f1ados de snacks.<\/span><\/p>\n<p style=\"text-align: justify;\"><span style=\"color: #000000;\">Estas actividades forman parte del compromiso de <strong>Espacio de Vida<\/strong> por acompa\u00f1ar emocionalmente a las familias y promover espacios que honren la memoria desde la vida, el arte y la espiritualidad. Adem\u00e1s, durante la temporada contin\u00faan los programas de apoyo como Comunidad del Duelo, que brinda acompa\u00f1amiento emocional gratuito, y Comunidad de Oro, que fortalece la integraci\u00f3n y bienestar de los adultos mayores.<\/span><\/p>\n<p style=\"text-align: justify;\"><span style=\"color: #000000;\">Es una invitaci\u00f3n a las familias ecuatorianas a vivir sus emociones con sinceridad, reconocer la ausencia con amor y permitir que cada recuerdo ilumine el presente. Porque el duelo tambi\u00e9n puede convertirse en un camino de amor, y la Navidad sigue siendo un recordatorio de que la luz siempre vuelve a renacer.<\/span><\/p>\n<p style=\"text-align: justify;\"><span style=\"color: #000000;\"><strong>M\u00e1s informaci\u00f3n sobre actividades y horarios en redes sociales:<\/strong> <a style=\"color: #000000;\" href=\"https:\/\/www.instagram.com\/espaciodevida.ec\"><strong>@espaciodevida.ec<\/strong><\/a><\/span><\/p>\n<p><img decoding=\"async\" class=\"aligncenter size-full wp-image-138317\" src=\"https:\/\/www.quebakan.com\/v15\/wp-content\/uploads\/2025\/12\/BBS7519-1.jpg\" alt=\"\" width=\"700\" height=\"467\" \/><\/p>\n<p>&nbsp;<\/p>\n<p><img decoding=\"async\" class=\"aligncenter size-full wp-image-138318\" src=\"https:\/\/www.quebakan.com\/v15\/wp-content\/uploads\/2025\/12\/BBS7176-1.jpg\" alt=\"\" width=\"700\" height=\"467\" \/><\/p>\n<p>&nbsp;<\/p>\n<p><img loading=\"lazy\" decoding=\"async\" class=\"aligncenter size-full wp-image-138319\" src=\"https:\/\/www.quebakan.com\/v15\/wp-content\/uploads\/2025\/12\/BBS7262-1.jpg\" alt=\"\" width=\"467\" height=\"700\" \/><\/p>\n","protected":false},"excerpt":{"rendered":"<p>El s\u00e1bado 13 de diciembre, Espacio de Vida llevar\u00e1 a cabo en todas las sedes de Parque de la Paz \u201cRecuerdos de Navidad\u201d, una jornada especial busca reunir a las familias en un ambiente de reflexi\u00f3n, uni\u00f3n y esperanza. Diciembre de 2025. \u2013 La Navidad es una \u00e9poca de luz, encuentros y tradiciones. Sin embargo, [&hellip;]<\/p>\n","protected":false},"author":4,"featured_media":138316,"comment_status":"closed","ping_status":"closed","sticky":false,"template":"","format":"standard","meta":{"_bbp_topic_count":0,"_bbp_reply_count":0,"_bbp_total_topic_count":0,"_bbp_total_reply_count":0,"_bbp_voice_count":0,"_bbp_anonymous_reply_count":0,"_bbp_topic_count_hidden":0,"_bbp_reply_count_hidden":0,"_bbp_forum_subforum_count":0,"buzzeditor_post_format":"","footnotes":""},"categories":[2],"tags":[],"class_list":["post-138315","post","type-post","status-publish","format-standard","has-post-thumbnail","hentry","category-noticias"],"yoast_head":"<!-- This site is optimized with the Yoast SEO plugin v27.5 - https:\/\/yoast.com\/product\/yoast-seo-wordpress\/ -->\n<title>Iluminar la memoria en Navidad: Espacio de Vida invita a vivir la temporada desde la gratitud y la uni\u00f3n familiar. &#8211; QUEBAKAN.COM 2026: Noticias, Eventos, Conciertos y mucho m\u00e1s....<\/title>\n<meta name=\"robots\" content=\"index, follow, max-snippet:-1, max-image-preview:large, max-video-preview:-1\" \/>\n<link rel=\"canonical\" href=\"https:\/\/www.quebakan.com\/v15\/iluminar-la-memoria-en-navidad-espacio-de-vida-invita-a-vivir-la-temporada-desde-la-gratitud-y-la-union-familiar\/\" \/>\n<meta property=\"og:locale\" content=\"es_ES\" \/>\n<meta property=\"og:type\" content=\"article\" \/>\n<meta property=\"og:title\" content=\"Iluminar la memoria en Navidad: Espacio de Vida invita a vivir la temporada desde la gratitud y la uni\u00f3n familiar. &#8211; QUEBAKAN.COM 2026: Noticias, Eventos, Conciertos y mucho m\u00e1s....\" \/>\n<meta property=\"og:description\" content=\"El s\u00e1bado 13 de diciembre, Espacio de Vida llevar\u00e1 a cabo en todas las sedes de Parque de la Paz \u201cRecuerdos de Navidad\u201d, una jornada especial busca reunir a las familias en un ambiente de reflexi\u00f3n, uni\u00f3n y esperanza. Diciembre de 2025. \u2013 La Navidad es una \u00e9poca de luz, encuentros y tradiciones. Sin embargo, [&hellip;]\" \/>\n<meta property=\"og:url\" content=\"https:\/\/www.quebakan.com\/v15\/iluminar-la-memoria-en-navidad-espacio-de-vida-invita-a-vivir-la-temporada-desde-la-gratitud-y-la-union-familiar\/\" \/>\n<meta property=\"og:site_name\" content=\"QUEBAKAN.COM 2026: Noticias, Eventos, Conciertos y mucho m\u00e1s....\" \/>\n<meta property=\"article:publisher\" content=\"http:\/\/www.facebook.com\/quebakan\" \/>\n<meta property=\"article:published_time\" content=\"2025-12-10T21:39:35+00:00\" \/>\n<meta property=\"og:image\" content=\"https:\/\/www.quebakan.com\/v15\/wp-content\/uploads\/2025\/12\/BBS7304-1.jpg\" \/>\n\t<meta property=\"og:image:width\" content=\"700\" \/>\n\t<meta property=\"og:image:height\" content=\"467\" \/>\n\t<meta property=\"og:image:type\" content=\"image\/jpeg\" \/>\n<meta name=\"author\" content=\"Erick Villafuerte\" \/>\n<meta name=\"twitter:card\" content=\"summary_large_image\" \/>\n<meta name=\"twitter:creator\" content=\"@quebakanec\" \/>\n<meta name=\"twitter:site\" content=\"@quebakanec\" \/>\n<meta name=\"twitter:label1\" content=\"Escrito por\" \/>\n\t<meta name=\"twitter:data1\" content=\"Erick Villafuerte\" \/>\n\t<meta name=\"twitter:label2\" content=\"Tiempo de lectura\" \/>\n\t<meta name=\"twitter:data2\" content=\"4 minutos\" \/>\n<script type=\"application\/ld+json\" class=\"yoast-schema-graph\">{\"@context\":\"https:\\\/\\\/schema.org\",\"@graph\":[{\"@type\":\"Article\",\"@id\":\"https:\\\/\\\/www.quebakan.com\\\/v15\\\/iluminar-la-memoria-en-navidad-espacio-de-vida-invita-a-vivir-la-temporada-desde-la-gratitud-y-la-union-familiar\\\/#article\",\"isPartOf\":{\"@id\":\"https:\\\/\\\/www.quebakan.com\\\/v15\\\/iluminar-la-memoria-en-navidad-espacio-de-vida-invita-a-vivir-la-temporada-desde-la-gratitud-y-la-union-familiar\\\/\"},\"author\":{\"name\":\"Erick Villafuerte\",\"@id\":\"https:\\\/\\\/www.quebakan.com\\\/v15\\\/#\\\/schema\\\/person\\\/d90fa9f9cfa81eb8ace9811e5b7b9118\"},\"headline\":\"Iluminar la memoria en Navidad: Espacio de Vida invita a vivir la temporada desde la gratitud y la uni\u00f3n familiar.\",\"datePublished\":\"2025-12-10T21:39:35+00:00\",\"mainEntityOfPage\":{\"@id\":\"https:\\\/\\\/www.quebakan.com\\\/v15\\\/iluminar-la-memoria-en-navidad-espacio-de-vida-invita-a-vivir-la-temporada-desde-la-gratitud-y-la-union-familiar\\\/\"},\"wordCount\":637,\"publisher\":{\"@id\":\"https:\\\/\\\/www.quebakan.com\\\/v15\\\/#organization\"},\"image\":{\"@id\":\"https:\\\/\\\/www.quebakan.com\\\/v15\\\/iluminar-la-memoria-en-navidad-espacio-de-vida-invita-a-vivir-la-temporada-desde-la-gratitud-y-la-union-familiar\\\/#primaryimage\"},\"thumbnailUrl\":\"https:\\\/\\\/www.quebakan.com\\\/v15\\\/wp-content\\\/uploads\\\/2025\\\/12\\\/BBS7304-1.jpg\",\"articleSection\":[\"Noticias\"],\"inLanguage\":\"es\"},{\"@type\":\"WebPage\",\"@id\":\"https:\\\/\\\/www.quebakan.com\\\/v15\\\/iluminar-la-memoria-en-navidad-espacio-de-vida-invita-a-vivir-la-temporada-desde-la-gratitud-y-la-union-familiar\\\/\",\"url\":\"https:\\\/\\\/www.quebakan.com\\\/v15\\\/iluminar-la-memoria-en-navidad-espacio-de-vida-invita-a-vivir-la-temporada-desde-la-gratitud-y-la-union-familiar\\\/\",\"name\":\"Iluminar la memoria en Navidad: Espacio de Vida invita a vivir la temporada desde la gratitud y la uni\u00f3n familiar. &#8211; QUEBAKAN.COM 2026: Noticias, Eventos, Conciertos y mucho m\u00e1s....\",\"isPartOf\":{\"@id\":\"https:\\\/\\\/www.quebakan.com\\\/v15\\\/#website\"},\"primaryImageOfPage\":{\"@id\":\"https:\\\/\\\/www.quebakan.com\\\/v15\\\/iluminar-la-memoria-en-navidad-espacio-de-vida-invita-a-vivir-la-temporada-desde-la-gratitud-y-la-union-familiar\\\/#primaryimage\"},\"image\":{\"@id\":\"https:\\\/\\\/www.quebakan.com\\\/v15\\\/iluminar-la-memoria-en-navidad-espacio-de-vida-invita-a-vivir-la-temporada-desde-la-gratitud-y-la-union-familiar\\\/#primaryimage\"},\"thumbnailUrl\":\"https:\\\/\\\/www.quebakan.com\\\/v15\\\/wp-content\\\/uploads\\\/2025\\\/12\\\/BBS7304-1.jpg\",\"datePublished\":\"2025-12-10T21:39:35+00:00\",\"breadcrumb\":{\"@id\":\"https:\\\/\\\/www.quebakan.com\\\/v15\\\/iluminar-la-memoria-en-navidad-espacio-de-vida-invita-a-vivir-la-temporada-desde-la-gratitud-y-la-union-familiar\\\/#breadcrumb\"},\"inLanguage\":\"es\",\"potentialAction\":[{\"@type\":\"ReadAction\",\"target\":[\"https:\\\/\\\/www.quebakan.com\\\/v15\\\/iluminar-la-memoria-en-navidad-espacio-de-vida-invita-a-vivir-la-temporada-desde-la-gratitud-y-la-union-familiar\\\/\"]}]},{\"@type\":\"ImageObject\",\"inLanguage\":\"es\",\"@id\":\"https:\\\/\\\/www.quebakan.com\\\/v15\\\/iluminar-la-memoria-en-navidad-espacio-de-vida-invita-a-vivir-la-temporada-desde-la-gratitud-y-la-union-familiar\\\/#primaryimage\",\"url\":\"https:\\\/\\\/www.quebakan.com\\\/v15\\\/wp-content\\\/uploads\\\/2025\\\/12\\\/BBS7304-1.jpg\",\"contentUrl\":\"https:\\\/\\\/www.quebakan.com\\\/v15\\\/wp-content\\\/uploads\\\/2025\\\/12\\\/BBS7304-1.jpg\",\"width\":700,\"height\":467},{\"@type\":\"BreadcrumbList\",\"@id\":\"https:\\\/\\\/www.quebakan.com\\\/v15\\\/iluminar-la-memoria-en-navidad-espacio-de-vida-invita-a-vivir-la-temporada-desde-la-gratitud-y-la-union-familiar\\\/#breadcrumb\",\"itemListElement\":[{\"@type\":\"ListItem\",\"position\":1,\"name\":\"Portada\",\"item\":\"https:\\\/\\\/www.quebakan.com\\\/v15\\\/\"},{\"@type\":\"ListItem\",\"position\":2,\"name\":\"Iluminar la memoria en Navidad: Espacio de Vida invita a vivir la temporada desde la gratitud y la uni\u00f3n familiar.\"}]},{\"@type\":\"WebSite\",\"@id\":\"https:\\\/\\\/www.quebakan.com\\\/v15\\\/#website\",\"url\":\"https:\\\/\\\/www.quebakan.com\\\/v15\\\/\",\"name\":\"QUEBAKAN\",\"description\":\"..\",\"publisher\":{\"@id\":\"https:\\\/\\\/www.quebakan.com\\\/v15\\\/#organization\"},\"potentialAction\":[{\"@type\":\"SearchAction\",\"target\":{\"@type\":\"EntryPoint\",\"urlTemplate\":\"https:\\\/\\\/www.quebakan.com\\\/v15\\\/?s={search_term_string}\"},\"query-input\":{\"@type\":\"PropertyValueSpecification\",\"valueRequired\":true,\"valueName\":\"search_term_string\"}}],\"inLanguage\":\"es\"},{\"@type\":\"Organization\",\"@id\":\"https:\\\/\\\/www.quebakan.com\\\/v15\\\/#organization\",\"name\":\"Quebakan.com\",\"url\":\"https:\\\/\\\/www.quebakan.com\\\/v15\\\/\",\"logo\":{\"@type\":\"ImageObject\",\"inLanguage\":\"es\",\"@id\":\"https:\\\/\\\/www.quebakan.com\\\/v15\\\/#\\\/schema\\\/logo\\\/image\\\/\",\"url\":\"https:\\\/\\\/www.quebakan.com\\\/v15\\\/wp-content\\\/uploads\\\/2023\\\/07\\\/logoquebakanenero2021.jpg\",\"contentUrl\":\"https:\\\/\\\/www.quebakan.com\\\/v15\\\/wp-content\\\/uploads\\\/2023\\\/07\\\/logoquebakanenero2021.jpg\",\"width\":1920,\"height\":1080,\"caption\":\"Quebakan.com\"},\"image\":{\"@id\":\"https:\\\/\\\/www.quebakan.com\\\/v15\\\/#\\\/schema\\\/logo\\\/image\\\/\"},\"sameAs\":[\"http:\\\/\\\/www.facebook.com\\\/quebakan\",\"https:\\\/\\\/x.com\\\/quebakanec\",\"http:\\\/\\\/www.instagram.com\\\/quebakan\",\"http:\\\/\\\/www.youtube.com\\\/quebakan1\"]},{\"@type\":\"Person\",\"@id\":\"https:\\\/\\\/www.quebakan.com\\\/v15\\\/#\\\/schema\\\/person\\\/d90fa9f9cfa81eb8ace9811e5b7b9118\",\"name\":\"Erick Villafuerte\",\"image\":{\"@type\":\"ImageObject\",\"inLanguage\":\"es\",\"@id\":\"https:\\\/\\\/www.quebakan.com\\\/v15\\\/wp-content\\\/uploads\\\/avatars\\\/4\\\/1731297654-bpfull.png\",\"url\":\"https:\\\/\\\/www.quebakan.com\\\/v15\\\/wp-content\\\/uploads\\\/avatars\\\/4\\\/1731297654-bpfull.png\",\"contentUrl\":\"https:\\\/\\\/www.quebakan.com\\\/v15\\\/wp-content\\\/uploads\\\/avatars\\\/4\\\/1731297654-bpfull.png\",\"caption\":\"Erick Villafuerte\"}}]}<\/script>\n<!-- \/ Yoast SEO plugin. -->","yoast_head_json":{"title":"Iluminar la memoria en Navidad: Espacio de Vida invita a vivir la temporada desde la gratitud y la uni\u00f3n familiar. &#8211; QUEBAKAN.COM 2026: Noticias, Eventos, Conciertos y mucho m\u00e1s....","robots":{"index":"index","follow":"follow","max-snippet":"max-snippet:-1","max-image-preview":"max-image-preview:large","max-video-preview":"max-video-preview:-1"},"canonical":"https:\/\/www.quebakan.com\/v15\/iluminar-la-memoria-en-navidad-espacio-de-vida-invita-a-vivir-la-temporada-desde-la-gratitud-y-la-union-familiar\/","og_locale":"es_ES","og_type":"article","og_title":"Iluminar la memoria en Navidad: Espacio de Vida invita a vivir la temporada desde la gratitud y la uni\u00f3n familiar. &#8211; QUEBAKAN.COM 2026: Noticias, Eventos, Conciertos y mucho m\u00e1s....","og_description":"El s\u00e1bado 13 de diciembre, Espacio de Vida llevar\u00e1 a cabo en todas las sedes de Parque de la Paz \u201cRecuerdos de Navidad\u201d, una jornada especial busca reunir a las familias en un ambiente de reflexi\u00f3n, uni\u00f3n y esperanza. Diciembre de 2025. \u2013 La Navidad es una \u00e9poca de luz, encuentros y tradiciones. Sin embargo, [&hellip;]","og_url":"https:\/\/www.quebakan.com\/v15\/iluminar-la-memoria-en-navidad-espacio-de-vida-invita-a-vivir-la-temporada-desde-la-gratitud-y-la-union-familiar\/","og_site_name":"QUEBAKAN.COM 2026: Noticias, Eventos, Conciertos y mucho m\u00e1s....","article_publisher":"http:\/\/www.facebook.com\/quebakan","article_published_time":"2025-12-10T21:39:35+00:00","og_image":[{"width":700,"height":467,"url":"https:\/\/www.quebakan.com\/v15\/wp-content\/uploads\/2025\/12\/BBS7304-1.jpg","type":"image\/jpeg"}],"author":"Erick Villafuerte","twitter_card":"summary_large_image","twitter_creator":"@quebakanec","twitter_site":"@quebakanec","twitter_misc":{"Escrito por":"Erick Villafuerte","Tiempo de lectura":"4 minutos"},"schema":{"@context":"https:\/\/schema.org","@graph":[{"@type":"Article","@id":"https:\/\/www.quebakan.com\/v15\/iluminar-la-memoria-en-navidad-espacio-de-vida-invita-a-vivir-la-temporada-desde-la-gratitud-y-la-union-familiar\/#article","isPartOf":{"@id":"https:\/\/www.quebakan.com\/v15\/iluminar-la-memoria-en-navidad-espacio-de-vida-invita-a-vivir-la-temporada-desde-la-gratitud-y-la-union-familiar\/"},"author":{"name":"Erick Villafuerte","@id":"https:\/\/www.quebakan.com\/v15\/#\/schema\/person\/d90fa9f9cfa81eb8ace9811e5b7b9118"},"headline":"Iluminar la memoria en Navidad: Espacio de Vida invita a vivir la temporada desde la gratitud y la uni\u00f3n familiar.","datePublished":"2025-12-10T21:39:35+00:00","mainEntityOfPage":{"@id":"https:\/\/www.quebakan.com\/v15\/iluminar-la-memoria-en-navidad-espacio-de-vida-invita-a-vivir-la-temporada-desde-la-gratitud-y-la-union-familiar\/"},"wordCount":637,"publisher":{"@id":"https:\/\/www.quebakan.com\/v15\/#organization"},"image":{"@id":"https:\/\/www.quebakan.com\/v15\/iluminar-la-memoria-en-navidad-espacio-de-vida-invita-a-vivir-la-temporada-desde-la-gratitud-y-la-union-familiar\/#primaryimage"},"thumbnailUrl":"https:\/\/www.quebakan.com\/v15\/wp-content\/uploads\/2025\/12\/BBS7304-1.jpg","articleSection":["Noticias"],"inLanguage":"es"},{"@type":"WebPage","@id":"https:\/\/www.quebakan.com\/v15\/iluminar-la-memoria-en-navidad-espacio-de-vida-invita-a-vivir-la-temporada-desde-la-gratitud-y-la-union-familiar\/","url":"https:\/\/www.quebakan.com\/v15\/iluminar-la-memoria-en-navidad-espacio-de-vida-invita-a-vivir-la-temporada-desde-la-gratitud-y-la-union-familiar\/","name":"Iluminar la memoria en Navidad: Espacio de Vida invita a vivir la temporada desde la gratitud y la uni\u00f3n familiar. &#8211; QUEBAKAN.COM 2026: Noticias, Eventos, Conciertos y mucho m\u00e1s....","isPartOf":{"@id":"https:\/\/www.quebakan.com\/v15\/#website"},"primaryImageOfPage":{"@id":"https:\/\/www.quebakan.com\/v15\/iluminar-la-memoria-en-navidad-espacio-de-vida-invita-a-vivir-la-temporada-desde-la-gratitud-y-la-union-familiar\/#primaryimage"},"image":{"@id":"https:\/\/www.quebakan.com\/v15\/iluminar-la-memoria-en-navidad-espacio-de-vida-invita-a-vivir-la-temporada-desde-la-gratitud-y-la-union-familiar\/#primaryimage"},"thumbnailUrl":"https:\/\/www.quebakan.com\/v15\/wp-content\/uploads\/2025\/12\/BBS7304-1.jpg","datePublished":"2025-12-10T21:39:35+00:00","breadcrumb":{"@id":"https:\/\/www.quebakan.com\/v15\/iluminar-la-memoria-en-navidad-espacio-de-vida-invita-a-vivir-la-temporada-desde-la-gratitud-y-la-union-familiar\/#breadcrumb"},"inLanguage":"es","potentialAction":[{"@type":"ReadAction","target":["https:\/\/www.quebakan.com\/v15\/iluminar-la-memoria-en-navidad-espacio-de-vida-invita-a-vivir-la-temporada-desde-la-gratitud-y-la-union-familiar\/"]}]},{"@type":"ImageObject","inLanguage":"es","@id":"https:\/\/www.quebakan.com\/v15\/iluminar-la-memoria-en-navidad-espacio-de-vida-invita-a-vivir-la-temporada-desde-la-gratitud-y-la-union-familiar\/#primaryimage","url":"https:\/\/www.quebakan.com\/v15\/wp-content\/uploads\/2025\/12\/BBS7304-1.jpg","contentUrl":"https:\/\/www.quebakan.com\/v15\/wp-content\/uploads\/2025\/12\/BBS7304-1.jpg","width":700,"height":467},{"@type":"BreadcrumbList","@id":"https:\/\/www.quebakan.com\/v15\/iluminar-la-memoria-en-navidad-espacio-de-vida-invita-a-vivir-la-temporada-desde-la-gratitud-y-la-union-familiar\/#breadcrumb","itemListElement":[{"@type":"ListItem","position":1,"name":"Portada","item":"https:\/\/www.quebakan.com\/v15\/"},{"@type":"ListItem","position":2,"name":"Iluminar la memoria en Navidad: Espacio de Vida invita a vivir la temporada desde la gratitud y la uni\u00f3n familiar."}]},{"@type":"WebSite","@id":"https:\/\/www.quebakan.com\/v15\/#website","url":"https:\/\/www.quebakan.com\/v15\/","name":"QUEBAKAN","description":"..","publisher":{"@id":"https:\/\/www.quebakan.com\/v15\/#organization"},"potentialAction":[{"@type":"SearchAction","target":{"@type":"EntryPoint","urlTemplate":"https:\/\/www.quebakan.com\/v15\/?s={search_term_string}"},"query-input":{"@type":"PropertyValueSpecification","valueRequired":true,"valueName":"search_term_string"}}],"inLanguage":"es"},{"@type":"Organization","@id":"https:\/\/www.quebakan.com\/v15\/#organization","name":"Quebakan.com","url":"https:\/\/www.quebakan.com\/v15\/","logo":{"@type":"ImageObject","inLanguage":"es","@id":"https:\/\/www.quebakan.com\/v15\/#\/schema\/logo\/image\/","url":"https:\/\/www.quebakan.com\/v15\/wp-content\/uploads\/2023\/07\/logoquebakanenero2021.jpg","contentUrl":"https:\/\/www.quebakan.com\/v15\/wp-content\/uploads\/2023\/07\/logoquebakanenero2021.jpg","width":1920,"height":1080,"caption":"Quebakan.com"},"image":{"@id":"https:\/\/www.quebakan.com\/v15\/#\/schema\/logo\/image\/"},"sameAs":["http:\/\/www.facebook.com\/quebakan","https:\/\/x.com\/quebakanec","http:\/\/www.instagram.com\/quebakan","http:\/\/www.youtube.com\/quebakan1"]},{"@type":"Person","@id":"https:\/\/www.quebakan.com\/v15\/#\/schema\/person\/d90fa9f9cfa81eb8ace9811e5b7b9118","name":"Erick Villafuerte","image":{"@type":"ImageObject","inLanguage":"es","@id":"https:\/\/www.quebakan.com\/v15\/wp-content\/uploads\/avatars\/4\/1731297654-bpfull.png","url":"https:\/\/www.quebakan.com\/v15\/wp-content\/uploads\/avatars\/4\/1731297654-bpfull.png","contentUrl":"https:\/\/www.quebakan.com\/v15\/wp-content\/uploads\/avatars\/4\/1731297654-bpfull.png","caption":"Erick Villafuerte"}}]}},"_links":{"self":[{"href":"https:\/\/www.quebakan.com\/v15\/wp-json\/wp\/v2\/posts\/138315","targetHints":{"allow":["GET"]}}],"collection":[{"href":"https:\/\/www.quebakan.com\/v15\/wp-json\/wp\/v2\/posts"}],"about":[{"href":"https:\/\/www.quebakan.com\/v15\/wp-json\/wp\/v2\/types\/post"}],"author":[{"embeddable":true,"href":"https:\/\/www.quebakan.com\/v15\/wp-json\/wp\/v2\/users\/4"}],"replies":[{"embeddable":true,"href":"https:\/\/www.quebakan.com\/v15\/wp-json\/wp\/v2\/comments?post=138315"}],"version-history":[{"count":1,"href":"https:\/\/www.quebakan.com\/v15\/wp-json\/wp\/v2\/posts\/138315\/revisions"}],"predecessor-version":[{"id":138320,"href":"https:\/\/www.quebakan.com\/v15\/wp-json\/wp\/v2\/posts\/138315\/revisions\/138320"}],"wp:featuredmedia":[{"embeddable":true,"href":"https:\/\/www.quebakan.com\/v15\/wp-json\/wp\/v2\/media\/138316"}],"wp:attachment":[{"href":"https:\/\/www.quebakan.com\/v15\/wp-json\/wp\/v2\/media?parent=138315"}],"wp:term":[{"taxonomy":"category","embeddable":true,"href":"https:\/\/www.quebakan.com\/v15\/wp-json\/wp\/v2\/categories?post=138315"},{"taxonomy":"post_tag","embeddable":true,"href":"https:\/\/www.quebakan.com\/v15\/wp-json\/wp\/v2\/tags?post=138315"}],"curies":[{"name":"wp","href":"https:\/\/api.w.org\/{rel}","templated":true}]}}