{"id":138321,"date":"2025-12-10T16:49:51","date_gmt":"2025-12-10T21:49:51","guid":{"rendered":"https:\/\/www.quebakan.com\/v15\/?p=138321"},"modified":"2025-12-10T16:49:51","modified_gmt":"2025-12-10T21:49:51","slug":"ecuador-podria-reducir-hasta-un-30-de-su-consumo-energetico-en-edificaciones-con-materiales-sostenibles-e-infraestructura-resiliente","status":"publish","type":"post","link":"https:\/\/www.quebakan.com\/v15\/ecuador-podria-reducir-hasta-un-30-de-su-consumo-energetico-en-edificaciones-con-materiales-sostenibles-e-infraestructura-resiliente\/","title":{"rendered":"Ecuador podr\u00eda reducir hasta un 30% de su consumo energ\u00e9tico en edificaciones con materiales sostenibles e infraestructura resiliente"},"content":{"rendered":"<p><img fetchpriority=\"high\" decoding=\"async\" class=\"aligncenter size-full wp-image-138322\" src=\"https:\/\/www.quebakan.com\/v15\/wp-content\/uploads\/2025\/12\/Ciudades-inteligentes.jpg\" alt=\"\" width=\"700\" height=\"468\" \/><\/p>\n<p style=\"text-align: justify;\"><span style=\"color: #000000;\">En Am\u00e9rica Latina, cerca del 40% de los residuos s\u00f3lidos provienen de la construcci\u00f3n, y seg\u00fan el Banco Mundial, el \u00e1rea edificada global se duplicar\u00e1 en los pr\u00f3ximos 20 a\u00f1os. Seg\u00fan datos del Municipio de Quito, en la ciudad\u00a0 se genera\u00a0aproximadamente 6.000 m\u00b3 diarios \u00a0de residuos de construcci\u00f3n y demolici\u00f3n. Esta presi\u00f3n sobre los ecosistemas, sumada al consumo energ\u00e9tico urbano, evidencia un reto urgente:\u00a0la transici\u00f3n hacia ciudades inteligentes que integren tecnolog\u00eda con materiales sostenibles desde su fase constructiva.<\/span><\/p>\n<p style=\"text-align: justify;\"><span style=\"color: #000000;\">Seg\u00fan datos del Green Building Council, las construcciones podr\u00edan reducir hasta un 30% de su consumo energ\u00e9tico en las edificaciones sostenibles. En este contexto, el pa\u00eds debe analizar propuestas tangibles que generen valor real, es decir,\u00a0c\u00f3mo\u00a0lograrlo sin incrementar la huella de carbono. Y la respuesta se encuentra en la infraestructura: materiales de alto desempe\u00f1o que reduzcan el uso de energ\u00eda, eviten residuos innecesarios y prolonguen la vida \u00fatil de las edificaciones.<\/span><\/p>\n<p style=\"text-align: justify;\"><span style=\"color: #000000;\">Aunque la digitalizaci\u00f3n es clave en ciudades inteligentes, la construcci\u00f3n ocupa un rol igual de estrat\u00e9gico: techos, cubiertas y envolventes mal aisladas pueden incrementar hasta un\u00a050%\u00a0la demanda de climatizaci\u00f3n en climas c\u00e1lidos.<\/span><\/p>\n<p style=\"text-align: justify;\"><span style=\"color: #000000;\">Las ciudades inteligentes, por lo tanto,\u00a0no se construyen solo con sensores y datos, sino con\u00a0infraestructura resiliente que modere temperaturas, reduzca consumos y evite la generaci\u00f3n de desechos desde su origen.<\/span><\/p>\n<p style=\"text-align: justify;\"><span style=\"color: #000000;\">Saint-Gobain Imptek, con m\u00e1s de 45 a\u00f1os en el mercado ecuatoriano y referente en el sector impulsa esta transici\u00f3n con innovaci\u00f3n, sostenibilidad e investigaci\u00f3n aplicada. Entre sus principales desarrollos destacan:<\/span><\/p>\n<ul style=\"text-align: justify;\">\n<li><span style=\"color: #000000;\"><strong>Imperpol Ultra Blanco: <\/strong>Un material impermeabilizante que reduce la temperatura en cubiertas y disminuye el consumo de energ\u00eda, gracias a una membrana asf\u00e1ltica autoadhesiva de\u00a0alta reflectividad solar que reduce la absorci\u00f3n de calor en techos, cubiertas y contribuye significativamente a la disminuci\u00f3n del uso de aire acondicionado.<\/span><\/li>\n<\/ul>\n<p style=\"text-align: justify;\"><span style=\"color: #000000;\">Su instalaci\u00f3n sin soplete, sin combustibles no solo aporta a la reducci\u00f3n de huella de carbono, certificaciones verdes, sino tambi\u00e9n <strong>su instalaci\u00f3n es hasta 50% m\u00e1s r\u00e1pida<\/strong><\/span><\/p>\n<ul style=\"text-align: justify;\">\n<li><span style=\"color: #000000;\"><strong>Frescasa:<\/strong> Un producto \u00fanico con impacto t\u00e9rmico, aislamiento ac\u00fastico y ambiental para la construcci\u00f3n liviana que contiene lana de fibra de vidrio de alta densidad con certificaci\u00f3n internacional. Reduce la ganancia de calor en verano y la p\u00e9rdida t\u00e9rmica en invierno e incorpora en una presentaci\u00f3n un foil de aluminio que act\u00faa como barrera de vapor y previene condensaci\u00f3n.<\/span><\/li>\n<\/ul>\n<p style=\"text-align: justify;\"><span style=\"color: #000000;\">Seg\u00fan un estudio elaborado por Saint-Gobain, el\u00a075% de los costos totales de un edificio\u00a0se generan durante su operaci\u00f3n, y gran parte proviene del uso excesivo de energ\u00eda por climatizaci\u00f3n deficientemente gestionada. Materiales resilientes, aislantes y con reflectividad certificada pueden reducir estos gastos y mejorar el rendimiento energ\u00e9tico durante d\u00e9cadas.<\/span><\/p>\n<p style=\"text-align: justify;\"><span style=\"color: #000000;\">Por ello, la construcci\u00f3n sostenible se ha convertido en una de las\u00a0piedras angulares de las ciudades inteligentes, alcanzado cuatro ejes fundamentales, entre ellos: reducir consumos energ\u00e9ticos, extender la vida \u00fatil de la infraestructura, minimizar la generaci\u00f3n de residuos y aumentar el confort t\u00e9rmico y ac\u00fastico.<\/span><\/p>\n<p style=\"text-align: justify;\"><span style=\"color: #000000;\">Saint-Gobain Imptek, con su visi\u00f3n integral, reafirma su compromiso con esta transici\u00f3n, impulsando una industria donde\u00a0la innovaci\u00f3n y la sostenibilidad son ejes transversales\u00a0para construir ciudades m\u00e1s seguras, resilientes y eficientes.<\/span><\/p>\n","protected":false},"excerpt":{"rendered":"<p>En Am\u00e9rica Latina, cerca del 40% de los residuos s\u00f3lidos provienen de la construcci\u00f3n, y seg\u00fan el Banco Mundial, el \u00e1rea edificada global se duplicar\u00e1 en los pr\u00f3ximos 20 a\u00f1os. Seg\u00fan datos del Municipio de Quito, en la ciudad\u00a0 se genera\u00a0aproximadamente 6.000 m\u00b3 diarios \u00a0de residuos de construcci\u00f3n y demolici\u00f3n. Esta presi\u00f3n sobre los ecosistemas, [&hellip;]<\/p>\n","protected":false},"author":4,"featured_media":138322,"comment_status":"closed","ping_status":"closed","sticky":false,"template":"","format":"standard","meta":{"_bbp_topic_count":0,"_bbp_reply_count":0,"_bbp_total_topic_count":0,"_bbp_total_reply_count":0,"_bbp_voice_count":0,"_bbp_anonymous_reply_count":0,"_bbp_topic_count_hidden":0,"_bbp_reply_count_hidden":0,"_bbp_forum_subforum_count":0,"buzzeditor_post_format":"","footnotes":""},"categories":[2],"tags":[],"class_list":["post-138321","post","type-post","status-publish","format-standard","has-post-thumbnail","hentry","category-noticias"],"yoast_head":"<!-- This site is optimized with the Yoast SEO plugin v27.5 - https:\/\/yoast.com\/product\/yoast-seo-wordpress\/ -->\n<title>Ecuador podr\u00eda reducir hasta un 30% de su consumo energ\u00e9tico en edificaciones con materiales sostenibles e infraestructura resiliente &#8211; QUEBAKAN.COM 2026: Noticias, Eventos, Conciertos y mucho m\u00e1s....<\/title>\n<meta name=\"robots\" content=\"index, follow, max-snippet:-1, max-image-preview:large, max-video-preview:-1\" \/>\n<link rel=\"canonical\" href=\"https:\/\/www.quebakan.com\/v15\/ecuador-podria-reducir-hasta-un-30-de-su-consumo-energetico-en-edificaciones-con-materiales-sostenibles-e-infraestructura-resiliente\/\" \/>\n<meta property=\"og:locale\" content=\"es_ES\" \/>\n<meta property=\"og:type\" content=\"article\" \/>\n<meta property=\"og:title\" content=\"Ecuador podr\u00eda reducir hasta un 30% de su consumo energ\u00e9tico en edificaciones con materiales sostenibles e infraestructura resiliente &#8211; QUEBAKAN.COM 2026: Noticias, Eventos, Conciertos y mucho m\u00e1s....\" \/>\n<meta property=\"og:description\" content=\"En Am\u00e9rica Latina, cerca del 40% de los residuos s\u00f3lidos provienen de la construcci\u00f3n, y seg\u00fan el Banco Mundial, el \u00e1rea edificada global se duplicar\u00e1 en los pr\u00f3ximos 20 a\u00f1os. Seg\u00fan datos del Municipio de Quito, en la ciudad\u00a0 se genera\u00a0aproximadamente 6.000 m\u00b3 diarios \u00a0de residuos de construcci\u00f3n y demolici\u00f3n. Esta presi\u00f3n sobre los ecosistemas, [&hellip;]\" \/>\n<meta property=\"og:url\" content=\"https:\/\/www.quebakan.com\/v15\/ecuador-podria-reducir-hasta-un-30-de-su-consumo-energetico-en-edificaciones-con-materiales-sostenibles-e-infraestructura-resiliente\/\" \/>\n<meta property=\"og:site_name\" content=\"QUEBAKAN.COM 2026: Noticias, Eventos, Conciertos y mucho m\u00e1s....\" \/>\n<meta property=\"article:publisher\" content=\"http:\/\/www.facebook.com\/quebakan\" \/>\n<meta property=\"article:published_time\" content=\"2025-12-10T21:49:51+00:00\" \/>\n<meta property=\"og:image\" content=\"https:\/\/www.quebakan.com\/v15\/wp-content\/uploads\/2025\/12\/Ciudades-inteligentes.jpg\" \/>\n\t<meta property=\"og:image:width\" content=\"700\" \/>\n\t<meta property=\"og:image:height\" content=\"468\" \/>\n\t<meta property=\"og:image:type\" content=\"image\/jpeg\" \/>\n<meta name=\"author\" content=\"Erick Villafuerte\" \/>\n<meta name=\"twitter:card\" content=\"summary_large_image\" \/>\n<meta name=\"twitter:creator\" content=\"@quebakanec\" \/>\n<meta name=\"twitter:site\" content=\"@quebakanec\" \/>\n<meta name=\"twitter:label1\" content=\"Escrito por\" \/>\n\t<meta name=\"twitter:data1\" content=\"Erick Villafuerte\" \/>\n\t<meta name=\"twitter:label2\" content=\"Tiempo de lectura\" \/>\n\t<meta name=\"twitter:data2\" content=\"3 minutos\" \/>\n<script type=\"application\/ld+json\" class=\"yoast-schema-graph\">{\"@context\":\"https:\\\/\\\/schema.org\",\"@graph\":[{\"@type\":\"Article\",\"@id\":\"https:\\\/\\\/www.quebakan.com\\\/v15\\\/ecuador-podria-reducir-hasta-un-30-de-su-consumo-energetico-en-edificaciones-con-materiales-sostenibles-e-infraestructura-resiliente\\\/#article\",\"isPartOf\":{\"@id\":\"https:\\\/\\\/www.quebakan.com\\\/v15\\\/ecuador-podria-reducir-hasta-un-30-de-su-consumo-energetico-en-edificaciones-con-materiales-sostenibles-e-infraestructura-resiliente\\\/\"},\"author\":{\"name\":\"Erick Villafuerte\",\"@id\":\"https:\\\/\\\/www.quebakan.com\\\/v15\\\/#\\\/schema\\\/person\\\/d90fa9f9cfa81eb8ace9811e5b7b9118\"},\"headline\":\"Ecuador podr\u00eda reducir hasta un 30% de su consumo energ\u00e9tico en edificaciones con materiales sostenibles e infraestructura resiliente\",\"datePublished\":\"2025-12-10T21:49:51+00:00\",\"mainEntityOfPage\":{\"@id\":\"https:\\\/\\\/www.quebakan.com\\\/v15\\\/ecuador-podria-reducir-hasta-un-30-de-su-consumo-energetico-en-edificaciones-con-materiales-sostenibles-e-infraestructura-resiliente\\\/\"},\"wordCount\":588,\"publisher\":{\"@id\":\"https:\\\/\\\/www.quebakan.com\\\/v15\\\/#organization\"},\"image\":{\"@id\":\"https:\\\/\\\/www.quebakan.com\\\/v15\\\/ecuador-podria-reducir-hasta-un-30-de-su-consumo-energetico-en-edificaciones-con-materiales-sostenibles-e-infraestructura-resiliente\\\/#primaryimage\"},\"thumbnailUrl\":\"https:\\\/\\\/www.quebakan.com\\\/v15\\\/wp-content\\\/uploads\\\/2025\\\/12\\\/Ciudades-inteligentes.jpg\",\"articleSection\":[\"Noticias\"],\"inLanguage\":\"es\"},{\"@type\":\"WebPage\",\"@id\":\"https:\\\/\\\/www.quebakan.com\\\/v15\\\/ecuador-podria-reducir-hasta-un-30-de-su-consumo-energetico-en-edificaciones-con-materiales-sostenibles-e-infraestructura-resiliente\\\/\",\"url\":\"https:\\\/\\\/www.quebakan.com\\\/v15\\\/ecuador-podria-reducir-hasta-un-30-de-su-consumo-energetico-en-edificaciones-con-materiales-sostenibles-e-infraestructura-resiliente\\\/\",\"name\":\"Ecuador podr\u00eda reducir hasta un 30% de su consumo energ\u00e9tico en edificaciones con materiales sostenibles e infraestructura resiliente &#8211; QUEBAKAN.COM 2026: Noticias, Eventos, Conciertos y mucho m\u00e1s....\",\"isPartOf\":{\"@id\":\"https:\\\/\\\/www.quebakan.com\\\/v15\\\/#website\"},\"primaryImageOfPage\":{\"@id\":\"https:\\\/\\\/www.quebakan.com\\\/v15\\\/ecuador-podria-reducir-hasta-un-30-de-su-consumo-energetico-en-edificaciones-con-materiales-sostenibles-e-infraestructura-resiliente\\\/#primaryimage\"},\"image\":{\"@id\":\"https:\\\/\\\/www.quebakan.com\\\/v15\\\/ecuador-podria-reducir-hasta-un-30-de-su-consumo-energetico-en-edificaciones-con-materiales-sostenibles-e-infraestructura-resiliente\\\/#primaryimage\"},\"thumbnailUrl\":\"https:\\\/\\\/www.quebakan.com\\\/v15\\\/wp-content\\\/uploads\\\/2025\\\/12\\\/Ciudades-inteligentes.jpg\",\"datePublished\":\"2025-12-10T21:49:51+00:00\",\"breadcrumb\":{\"@id\":\"https:\\\/\\\/www.quebakan.com\\\/v15\\\/ecuador-podria-reducir-hasta-un-30-de-su-consumo-energetico-en-edificaciones-con-materiales-sostenibles-e-infraestructura-resiliente\\\/#breadcrumb\"},\"inLanguage\":\"es\",\"potentialAction\":[{\"@type\":\"ReadAction\",\"target\":[\"https:\\\/\\\/www.quebakan.com\\\/v15\\\/ecuador-podria-reducir-hasta-un-30-de-su-consumo-energetico-en-edificaciones-con-materiales-sostenibles-e-infraestructura-resiliente\\\/\"]}]},{\"@type\":\"ImageObject\",\"inLanguage\":\"es\",\"@id\":\"https:\\\/\\\/www.quebakan.com\\\/v15\\\/ecuador-podria-reducir-hasta-un-30-de-su-consumo-energetico-en-edificaciones-con-materiales-sostenibles-e-infraestructura-resiliente\\\/#primaryimage\",\"url\":\"https:\\\/\\\/www.quebakan.com\\\/v15\\\/wp-content\\\/uploads\\\/2025\\\/12\\\/Ciudades-inteligentes.jpg\",\"contentUrl\":\"https:\\\/\\\/www.quebakan.com\\\/v15\\\/wp-content\\\/uploads\\\/2025\\\/12\\\/Ciudades-inteligentes.jpg\",\"width\":700,\"height\":468},{\"@type\":\"BreadcrumbList\",\"@id\":\"https:\\\/\\\/www.quebakan.com\\\/v15\\\/ecuador-podria-reducir-hasta-un-30-de-su-consumo-energetico-en-edificaciones-con-materiales-sostenibles-e-infraestructura-resiliente\\\/#breadcrumb\",\"itemListElement\":[{\"@type\":\"ListItem\",\"position\":1,\"name\":\"Portada\",\"item\":\"https:\\\/\\\/www.quebakan.com\\\/v15\\\/\"},{\"@type\":\"ListItem\",\"position\":2,\"name\":\"Ecuador podr\u00eda reducir hasta un 30% de su consumo energ\u00e9tico en edificaciones con materiales sostenibles e infraestructura resiliente\"}]},{\"@type\":\"WebSite\",\"@id\":\"https:\\\/\\\/www.quebakan.com\\\/v15\\\/#website\",\"url\":\"https:\\\/\\\/www.quebakan.com\\\/v15\\\/\",\"name\":\"QUEBAKAN\",\"description\":\"..\",\"publisher\":{\"@id\":\"https:\\\/\\\/www.quebakan.com\\\/v15\\\/#organization\"},\"potentialAction\":[{\"@type\":\"SearchAction\",\"target\":{\"@type\":\"EntryPoint\",\"urlTemplate\":\"https:\\\/\\\/www.quebakan.com\\\/v15\\\/?s={search_term_string}\"},\"query-input\":{\"@type\":\"PropertyValueSpecification\",\"valueRequired\":true,\"valueName\":\"search_term_string\"}}],\"inLanguage\":\"es\"},{\"@type\":\"Organization\",\"@id\":\"https:\\\/\\\/www.quebakan.com\\\/v15\\\/#organization\",\"name\":\"Quebakan.com\",\"url\":\"https:\\\/\\\/www.quebakan.com\\\/v15\\\/\",\"logo\":{\"@type\":\"ImageObject\",\"inLanguage\":\"es\",\"@id\":\"https:\\\/\\\/www.quebakan.com\\\/v15\\\/#\\\/schema\\\/logo\\\/image\\\/\",\"url\":\"https:\\\/\\\/www.quebakan.com\\\/v15\\\/wp-content\\\/uploads\\\/2023\\\/07\\\/logoquebakanenero2021.jpg\",\"contentUrl\":\"https:\\\/\\\/www.quebakan.com\\\/v15\\\/wp-content\\\/uploads\\\/2023\\\/07\\\/logoquebakanenero2021.jpg\",\"width\":1920,\"height\":1080,\"caption\":\"Quebakan.com\"},\"image\":{\"@id\":\"https:\\\/\\\/www.quebakan.com\\\/v15\\\/#\\\/schema\\\/logo\\\/image\\\/\"},\"sameAs\":[\"http:\\\/\\\/www.facebook.com\\\/quebakan\",\"https:\\\/\\\/x.com\\\/quebakanec\",\"http:\\\/\\\/www.instagram.com\\\/quebakan\",\"http:\\\/\\\/www.youtube.com\\\/quebakan1\"]},{\"@type\":\"Person\",\"@id\":\"https:\\\/\\\/www.quebakan.com\\\/v15\\\/#\\\/schema\\\/person\\\/d90fa9f9cfa81eb8ace9811e5b7b9118\",\"name\":\"Erick Villafuerte\",\"image\":{\"@type\":\"ImageObject\",\"inLanguage\":\"es\",\"@id\":\"https:\\\/\\\/www.quebakan.com\\\/v15\\\/wp-content\\\/uploads\\\/avatars\\\/4\\\/1731297654-bpfull.png\",\"url\":\"https:\\\/\\\/www.quebakan.com\\\/v15\\\/wp-content\\\/uploads\\\/avatars\\\/4\\\/1731297654-bpfull.png\",\"contentUrl\":\"https:\\\/\\\/www.quebakan.com\\\/v15\\\/wp-content\\\/uploads\\\/avatars\\\/4\\\/1731297654-bpfull.png\",\"caption\":\"Erick Villafuerte\"}}]}<\/script>\n<!-- \/ Yoast SEO plugin. -->","yoast_head_json":{"title":"Ecuador podr\u00eda reducir hasta un 30% de su consumo energ\u00e9tico en edificaciones con materiales sostenibles e infraestructura resiliente &#8211; QUEBAKAN.COM 2026: Noticias, Eventos, Conciertos y mucho m\u00e1s....","robots":{"index":"index","follow":"follow","max-snippet":"max-snippet:-1","max-image-preview":"max-image-preview:large","max-video-preview":"max-video-preview:-1"},"canonical":"https:\/\/www.quebakan.com\/v15\/ecuador-podria-reducir-hasta-un-30-de-su-consumo-energetico-en-edificaciones-con-materiales-sostenibles-e-infraestructura-resiliente\/","og_locale":"es_ES","og_type":"article","og_title":"Ecuador podr\u00eda reducir hasta un 30% de su consumo energ\u00e9tico en edificaciones con materiales sostenibles e infraestructura resiliente &#8211; QUEBAKAN.COM 2026: Noticias, Eventos, Conciertos y mucho m\u00e1s....","og_description":"En Am\u00e9rica Latina, cerca del 40% de los residuos s\u00f3lidos provienen de la construcci\u00f3n, y seg\u00fan el Banco Mundial, el \u00e1rea edificada global se duplicar\u00e1 en los pr\u00f3ximos 20 a\u00f1os. Seg\u00fan datos del Municipio de Quito, en la ciudad\u00a0 se genera\u00a0aproximadamente 6.000 m\u00b3 diarios \u00a0de residuos de construcci\u00f3n y demolici\u00f3n. Esta presi\u00f3n sobre los ecosistemas, [&hellip;]","og_url":"https:\/\/www.quebakan.com\/v15\/ecuador-podria-reducir-hasta-un-30-de-su-consumo-energetico-en-edificaciones-con-materiales-sostenibles-e-infraestructura-resiliente\/","og_site_name":"QUEBAKAN.COM 2026: Noticias, Eventos, Conciertos y mucho m\u00e1s....","article_publisher":"http:\/\/www.facebook.com\/quebakan","article_published_time":"2025-12-10T21:49:51+00:00","og_image":[{"width":700,"height":468,"url":"https:\/\/www.quebakan.com\/v15\/wp-content\/uploads\/2025\/12\/Ciudades-inteligentes.jpg","type":"image\/jpeg"}],"author":"Erick Villafuerte","twitter_card":"summary_large_image","twitter_creator":"@quebakanec","twitter_site":"@quebakanec","twitter_misc":{"Escrito por":"Erick Villafuerte","Tiempo de lectura":"3 minutos"},"schema":{"@context":"https:\/\/schema.org","@graph":[{"@type":"Article","@id":"https:\/\/www.quebakan.com\/v15\/ecuador-podria-reducir-hasta-un-30-de-su-consumo-energetico-en-edificaciones-con-materiales-sostenibles-e-infraestructura-resiliente\/#article","isPartOf":{"@id":"https:\/\/www.quebakan.com\/v15\/ecuador-podria-reducir-hasta-un-30-de-su-consumo-energetico-en-edificaciones-con-materiales-sostenibles-e-infraestructura-resiliente\/"},"author":{"name":"Erick Villafuerte","@id":"https:\/\/www.quebakan.com\/v15\/#\/schema\/person\/d90fa9f9cfa81eb8ace9811e5b7b9118"},"headline":"Ecuador podr\u00eda reducir hasta un 30% de su consumo energ\u00e9tico en edificaciones con materiales sostenibles e infraestructura resiliente","datePublished":"2025-12-10T21:49:51+00:00","mainEntityOfPage":{"@id":"https:\/\/www.quebakan.com\/v15\/ecuador-podria-reducir-hasta-un-30-de-su-consumo-energetico-en-edificaciones-con-materiales-sostenibles-e-infraestructura-resiliente\/"},"wordCount":588,"publisher":{"@id":"https:\/\/www.quebakan.com\/v15\/#organization"},"image":{"@id":"https:\/\/www.quebakan.com\/v15\/ecuador-podria-reducir-hasta-un-30-de-su-consumo-energetico-en-edificaciones-con-materiales-sostenibles-e-infraestructura-resiliente\/#primaryimage"},"thumbnailUrl":"https:\/\/www.quebakan.com\/v15\/wp-content\/uploads\/2025\/12\/Ciudades-inteligentes.jpg","articleSection":["Noticias"],"inLanguage":"es"},{"@type":"WebPage","@id":"https:\/\/www.quebakan.com\/v15\/ecuador-podria-reducir-hasta-un-30-de-su-consumo-energetico-en-edificaciones-con-materiales-sostenibles-e-infraestructura-resiliente\/","url":"https:\/\/www.quebakan.com\/v15\/ecuador-podria-reducir-hasta-un-30-de-su-consumo-energetico-en-edificaciones-con-materiales-sostenibles-e-infraestructura-resiliente\/","name":"Ecuador podr\u00eda reducir hasta un 30% de su consumo energ\u00e9tico en edificaciones con materiales sostenibles e infraestructura resiliente &#8211; QUEBAKAN.COM 2026: Noticias, Eventos, Conciertos y mucho m\u00e1s....","isPartOf":{"@id":"https:\/\/www.quebakan.com\/v15\/#website"},"primaryImageOfPage":{"@id":"https:\/\/www.quebakan.com\/v15\/ecuador-podria-reducir-hasta-un-30-de-su-consumo-energetico-en-edificaciones-con-materiales-sostenibles-e-infraestructura-resiliente\/#primaryimage"},"image":{"@id":"https:\/\/www.quebakan.com\/v15\/ecuador-podria-reducir-hasta-un-30-de-su-consumo-energetico-en-edificaciones-con-materiales-sostenibles-e-infraestructura-resiliente\/#primaryimage"},"thumbnailUrl":"https:\/\/www.quebakan.com\/v15\/wp-content\/uploads\/2025\/12\/Ciudades-inteligentes.jpg","datePublished":"2025-12-10T21:49:51+00:00","breadcrumb":{"@id":"https:\/\/www.quebakan.com\/v15\/ecuador-podria-reducir-hasta-un-30-de-su-consumo-energetico-en-edificaciones-con-materiales-sostenibles-e-infraestructura-resiliente\/#breadcrumb"},"inLanguage":"es","potentialAction":[{"@type":"ReadAction","target":["https:\/\/www.quebakan.com\/v15\/ecuador-podria-reducir-hasta-un-30-de-su-consumo-energetico-en-edificaciones-con-materiales-sostenibles-e-infraestructura-resiliente\/"]}]},{"@type":"ImageObject","inLanguage":"es","@id":"https:\/\/www.quebakan.com\/v15\/ecuador-podria-reducir-hasta-un-30-de-su-consumo-energetico-en-edificaciones-con-materiales-sostenibles-e-infraestructura-resiliente\/#primaryimage","url":"https:\/\/www.quebakan.com\/v15\/wp-content\/uploads\/2025\/12\/Ciudades-inteligentes.jpg","contentUrl":"https:\/\/www.quebakan.com\/v15\/wp-content\/uploads\/2025\/12\/Ciudades-inteligentes.jpg","width":700,"height":468},{"@type":"BreadcrumbList","@id":"https:\/\/www.quebakan.com\/v15\/ecuador-podria-reducir-hasta-un-30-de-su-consumo-energetico-en-edificaciones-con-materiales-sostenibles-e-infraestructura-resiliente\/#breadcrumb","itemListElement":[{"@type":"ListItem","position":1,"name":"Portada","item":"https:\/\/www.quebakan.com\/v15\/"},{"@type":"ListItem","position":2,"name":"Ecuador podr\u00eda reducir hasta un 30% de su consumo energ\u00e9tico en edificaciones con materiales sostenibles e infraestructura resiliente"}]},{"@type":"WebSite","@id":"https:\/\/www.quebakan.com\/v15\/#website","url":"https:\/\/www.quebakan.com\/v15\/","name":"QUEBAKAN","description":"..","publisher":{"@id":"https:\/\/www.quebakan.com\/v15\/#organization"},"potentialAction":[{"@type":"SearchAction","target":{"@type":"EntryPoint","urlTemplate":"https:\/\/www.quebakan.com\/v15\/?s={search_term_string}"},"query-input":{"@type":"PropertyValueSpecification","valueRequired":true,"valueName":"search_term_string"}}],"inLanguage":"es"},{"@type":"Organization","@id":"https:\/\/www.quebakan.com\/v15\/#organization","name":"Quebakan.com","url":"https:\/\/www.quebakan.com\/v15\/","logo":{"@type":"ImageObject","inLanguage":"es","@id":"https:\/\/www.quebakan.com\/v15\/#\/schema\/logo\/image\/","url":"https:\/\/www.quebakan.com\/v15\/wp-content\/uploads\/2023\/07\/logoquebakanenero2021.jpg","contentUrl":"https:\/\/www.quebakan.com\/v15\/wp-content\/uploads\/2023\/07\/logoquebakanenero2021.jpg","width":1920,"height":1080,"caption":"Quebakan.com"},"image":{"@id":"https:\/\/www.quebakan.com\/v15\/#\/schema\/logo\/image\/"},"sameAs":["http:\/\/www.facebook.com\/quebakan","https:\/\/x.com\/quebakanec","http:\/\/www.instagram.com\/quebakan","http:\/\/www.youtube.com\/quebakan1"]},{"@type":"Person","@id":"https:\/\/www.quebakan.com\/v15\/#\/schema\/person\/d90fa9f9cfa81eb8ace9811e5b7b9118","name":"Erick Villafuerte","image":{"@type":"ImageObject","inLanguage":"es","@id":"https:\/\/www.quebakan.com\/v15\/wp-content\/uploads\/avatars\/4\/1731297654-bpfull.png","url":"https:\/\/www.quebakan.com\/v15\/wp-content\/uploads\/avatars\/4\/1731297654-bpfull.png","contentUrl":"https:\/\/www.quebakan.com\/v15\/wp-content\/uploads\/avatars\/4\/1731297654-bpfull.png","caption":"Erick Villafuerte"}}]}},"_links":{"self":[{"href":"https:\/\/www.quebakan.com\/v15\/wp-json\/wp\/v2\/posts\/138321","targetHints":{"allow":["GET"]}}],"collection":[{"href":"https:\/\/www.quebakan.com\/v15\/wp-json\/wp\/v2\/posts"}],"about":[{"href":"https:\/\/www.quebakan.com\/v15\/wp-json\/wp\/v2\/types\/post"}],"author":[{"embeddable":true,"href":"https:\/\/www.quebakan.com\/v15\/wp-json\/wp\/v2\/users\/4"}],"replies":[{"embeddable":true,"href":"https:\/\/www.quebakan.com\/v15\/wp-json\/wp\/v2\/comments?post=138321"}],"version-history":[{"count":1,"href":"https:\/\/www.quebakan.com\/v15\/wp-json\/wp\/v2\/posts\/138321\/revisions"}],"predecessor-version":[{"id":138323,"href":"https:\/\/www.quebakan.com\/v15\/wp-json\/wp\/v2\/posts\/138321\/revisions\/138323"}],"wp:featuredmedia":[{"embeddable":true,"href":"https:\/\/www.quebakan.com\/v15\/wp-json\/wp\/v2\/media\/138322"}],"wp:attachment":[{"href":"https:\/\/www.quebakan.com\/v15\/wp-json\/wp\/v2\/media?parent=138321"}],"wp:term":[{"taxonomy":"category","embeddable":true,"href":"https:\/\/www.quebakan.com\/v15\/wp-json\/wp\/v2\/categories?post=138321"},{"taxonomy":"post_tag","embeddable":true,"href":"https:\/\/www.quebakan.com\/v15\/wp-json\/wp\/v2\/tags?post=138321"}],"curies":[{"name":"wp","href":"https:\/\/api.w.org\/{rel}","templated":true}]}}