{"id":138324,"date":"2025-12-11T15:30:09","date_gmt":"2025-12-11T20:30:09","guid":{"rendered":"https:\/\/www.quebakan.com\/v15\/?p=138324"},"modified":"2025-12-11T15:30:09","modified_gmt":"2025-12-11T20:30:09","slug":"arca-continental-referente-en-bienestar-laboral-premio-prevencionar-saludable-ecuador-2025","status":"publish","type":"post","link":"https:\/\/www.quebakan.com\/v15\/arca-continental-referente-en-bienestar-laboral-premio-prevencionar-saludable-ecuador-2025\/","title":{"rendered":"Arca Continental, referente en bienestar laboral: Premio Prevencionar Saludable Ecuador 2025"},"content":{"rendered":"<p><img fetchpriority=\"high\" decoding=\"async\" class=\"aligncenter size-full wp-image-138325\" src=\"https:\/\/www.quebakan.com\/v15\/wp-content\/uploads\/2025\/12\/Premio_Empresa-Saludable_ACE.jpg\" alt=\"\" width=\"700\" height=\"525\" \/><\/p>\n<p style=\"text-align: justify;\"><span style=\"color: #000000;\"><strong><em>Pie de foto:<\/em><\/strong><em> Equipo de Arca Continental durante la entrega del <\/em><em>Premio Prevencionar Saludable Ecuador 2025. <\/em><\/span><\/p>\n<ul style=\"text-align: justify;\">\n<li><span style=\"color: #000000;\"><em>La compa\u00f1\u00eda impulsa diversos programas de bienestar para sus colaboradores, como Act\u00edvate, Bienestar en Movimiento, el Programa de Bienestar Saludable, etc.<\/em><\/span><\/li>\n<\/ul>\n<p style=\"text-align: justify;\"><span style=\"color: #000000;\"><strong>Quito, diciembre de 2025. &#8211;<\/strong> Arca Continental, grupo empresarial conformado por AC Bebidas, Tonicorp e Inalecsa, fue reconocido con el Premio Prevencionar Saludable Ecuador 2025, otorgado por el Instituto de Seguridad y Bienestar Laboral (ISBL) y la Universidad Internacional SEK Ecuador (UISEK). Este galard\u00f3n destaca la implementaci\u00f3n de un modelo de gesti\u00f3n integral de bienestar para sus colaboradores.<\/span><\/p>\n<p style=\"text-align: justify;\"><span style=\"color: #000000;\">La compa\u00f1\u00eda destac\u00f3 durante el II Congreso Mundial de Empresas Saludables gracias a programas innovadores como Act\u00edvate, Bienestar en Movimiento, el Programa de Bienestar Saludable, la Prevenci\u00f3n de Riesgos Psicosociales y el Programa de Fatiga. Estas iniciativas han impulsado una transformaci\u00f3n cultural hacia un enfoque m\u00e1s humano, sostenible y preventivo.<\/span><\/p>\n<p style=\"text-align: justify;\"><span style=\"color: #000000;\"><em>\u201cEste reconocimiento refuerza la confianza y el sentido de pertenencia de nuestros colaboradores, y nos motiva a seguir promoviendo la salud, la seguridad y el equilibrio entre la vida personal y laboral de todo nuestro equipo\u201d, destac\u00f3 Luciano Barranco, Director de Capital Humano de Arca Continental. <\/em><\/span><\/p>\n<p style=\"text-align: justify;\"><span style=\"color: #000000;\">Las acciones implementadas por Arca Continental han fortalecido las buenas pr\u00e1cticas laborales en el sector productivo del pa\u00eds, generando un impacto positivo en su cadena de valor y en las comunidades donde opera. La empresa promueve un entorno seguro, \u00edntegro y favorable para sus m\u00e1s de 9.500 colaboradores directos, consolidando una cultura corporativa centrada en el bienestar integral.<\/span><\/p>\n","protected":false},"excerpt":{"rendered":"<p>Pie de foto: Equipo de Arca Continental durante la entrega del Premio Prevencionar Saludable Ecuador 2025. La compa\u00f1\u00eda impulsa diversos programas de bienestar para sus colaboradores, como Act\u00edvate, Bienestar en Movimiento, el Programa de Bienestar Saludable, etc. Quito, diciembre de 2025. &#8211; Arca Continental, grupo empresarial conformado por AC Bebidas, Tonicorp e Inalecsa, fue reconocido [&hellip;]<\/p>\n","protected":false},"author":4,"featured_media":138325,"comment_status":"closed","ping_status":"closed","sticky":false,"template":"","format":"standard","meta":{"_bbp_topic_count":0,"_bbp_reply_count":0,"_bbp_total_topic_count":0,"_bbp_total_reply_count":0,"_bbp_voice_count":0,"_bbp_anonymous_reply_count":0,"_bbp_topic_count_hidden":0,"_bbp_reply_count_hidden":0,"_bbp_forum_subforum_count":0,"buzzeditor_post_format":"","footnotes":""},"categories":[2],"tags":[],"class_list":["post-138324","post","type-post","status-publish","format-standard","has-post-thumbnail","hentry","category-noticias"],"yoast_head":"<!-- This site is optimized with the Yoast SEO plugin v27.5 - https:\/\/yoast.com\/product\/yoast-seo-wordpress\/ -->\n<title>Arca Continental, referente en bienestar laboral: Premio Prevencionar Saludable Ecuador 2025 &#8211; QUEBAKAN.COM 2026: Noticias, Eventos, Conciertos y mucho m\u00e1s....<\/title>\n<meta name=\"robots\" content=\"index, follow, max-snippet:-1, max-image-preview:large, max-video-preview:-1\" \/>\n<link rel=\"canonical\" href=\"https:\/\/www.quebakan.com\/v15\/arca-continental-referente-en-bienestar-laboral-premio-prevencionar-saludable-ecuador-2025\/\" \/>\n<meta property=\"og:locale\" content=\"es_ES\" \/>\n<meta property=\"og:type\" content=\"article\" \/>\n<meta property=\"og:title\" content=\"Arca Continental, referente en bienestar laboral: Premio Prevencionar Saludable Ecuador 2025 &#8211; QUEBAKAN.COM 2026: Noticias, Eventos, Conciertos y mucho m\u00e1s....\" \/>\n<meta property=\"og:description\" content=\"Pie de foto: Equipo de Arca Continental durante la entrega del Premio Prevencionar Saludable Ecuador 2025. La compa\u00f1\u00eda impulsa diversos programas de bienestar para sus colaboradores, como Act\u00edvate, Bienestar en Movimiento, el Programa de Bienestar Saludable, etc. Quito, diciembre de 2025. &#8211; Arca Continental, grupo empresarial conformado por AC Bebidas, Tonicorp e Inalecsa, fue reconocido [&hellip;]\" \/>\n<meta property=\"og:url\" content=\"https:\/\/www.quebakan.com\/v15\/arca-continental-referente-en-bienestar-laboral-premio-prevencionar-saludable-ecuador-2025\/\" \/>\n<meta property=\"og:site_name\" content=\"QUEBAKAN.COM 2026: Noticias, Eventos, Conciertos y mucho m\u00e1s....\" \/>\n<meta property=\"article:publisher\" content=\"http:\/\/www.facebook.com\/quebakan\" \/>\n<meta property=\"article:published_time\" content=\"2025-12-11T20:30:09+00:00\" \/>\n<meta property=\"og:image\" content=\"https:\/\/www.quebakan.com\/v15\/wp-content\/uploads\/2025\/12\/Premio_Empresa-Saludable_ACE.jpg\" \/>\n\t<meta property=\"og:image:width\" content=\"700\" \/>\n\t<meta property=\"og:image:height\" content=\"525\" \/>\n\t<meta property=\"og:image:type\" content=\"image\/jpeg\" \/>\n<meta name=\"author\" content=\"Erick Villafuerte\" \/>\n<meta name=\"twitter:card\" content=\"summary_large_image\" \/>\n<meta name=\"twitter:creator\" content=\"@quebakanec\" \/>\n<meta name=\"twitter:site\" content=\"@quebakanec\" \/>\n<meta name=\"twitter:label1\" content=\"Escrito por\" \/>\n\t<meta name=\"twitter:data1\" content=\"Erick Villafuerte\" \/>\n\t<meta name=\"twitter:label2\" content=\"Tiempo de lectura\" \/>\n\t<meta name=\"twitter:data2\" content=\"2 minutos\" \/>\n<script type=\"application\/ld+json\" class=\"yoast-schema-graph\">{\"@context\":\"https:\\\/\\\/schema.org\",\"@graph\":[{\"@type\":\"Article\",\"@id\":\"https:\\\/\\\/www.quebakan.com\\\/v15\\\/arca-continental-referente-en-bienestar-laboral-premio-prevencionar-saludable-ecuador-2025\\\/#article\",\"isPartOf\":{\"@id\":\"https:\\\/\\\/www.quebakan.com\\\/v15\\\/arca-continental-referente-en-bienestar-laboral-premio-prevencionar-saludable-ecuador-2025\\\/\"},\"author\":{\"name\":\"Erick Villafuerte\",\"@id\":\"https:\\\/\\\/www.quebakan.com\\\/v15\\\/#\\\/schema\\\/person\\\/d90fa9f9cfa81eb8ace9811e5b7b9118\"},\"headline\":\"Arca Continental, referente en bienestar laboral: Premio Prevencionar Saludable Ecuador 2025\",\"datePublished\":\"2025-12-11T20:30:09+00:00\",\"mainEntityOfPage\":{\"@id\":\"https:\\\/\\\/www.quebakan.com\\\/v15\\\/arca-continental-referente-en-bienestar-laboral-premio-prevencionar-saludable-ecuador-2025\\\/\"},\"wordCount\":268,\"publisher\":{\"@id\":\"https:\\\/\\\/www.quebakan.com\\\/v15\\\/#organization\"},\"image\":{\"@id\":\"https:\\\/\\\/www.quebakan.com\\\/v15\\\/arca-continental-referente-en-bienestar-laboral-premio-prevencionar-saludable-ecuador-2025\\\/#primaryimage\"},\"thumbnailUrl\":\"https:\\\/\\\/www.quebakan.com\\\/v15\\\/wp-content\\\/uploads\\\/2025\\\/12\\\/Premio_Empresa-Saludable_ACE.jpg\",\"articleSection\":[\"Noticias\"],\"inLanguage\":\"es\"},{\"@type\":\"WebPage\",\"@id\":\"https:\\\/\\\/www.quebakan.com\\\/v15\\\/arca-continental-referente-en-bienestar-laboral-premio-prevencionar-saludable-ecuador-2025\\\/\",\"url\":\"https:\\\/\\\/www.quebakan.com\\\/v15\\\/arca-continental-referente-en-bienestar-laboral-premio-prevencionar-saludable-ecuador-2025\\\/\",\"name\":\"Arca Continental, referente en bienestar laboral: Premio Prevencionar Saludable Ecuador 2025 &#8211; QUEBAKAN.COM 2026: Noticias, Eventos, Conciertos y mucho m\u00e1s....\",\"isPartOf\":{\"@id\":\"https:\\\/\\\/www.quebakan.com\\\/v15\\\/#website\"},\"primaryImageOfPage\":{\"@id\":\"https:\\\/\\\/www.quebakan.com\\\/v15\\\/arca-continental-referente-en-bienestar-laboral-premio-prevencionar-saludable-ecuador-2025\\\/#primaryimage\"},\"image\":{\"@id\":\"https:\\\/\\\/www.quebakan.com\\\/v15\\\/arca-continental-referente-en-bienestar-laboral-premio-prevencionar-saludable-ecuador-2025\\\/#primaryimage\"},\"thumbnailUrl\":\"https:\\\/\\\/www.quebakan.com\\\/v15\\\/wp-content\\\/uploads\\\/2025\\\/12\\\/Premio_Empresa-Saludable_ACE.jpg\",\"datePublished\":\"2025-12-11T20:30:09+00:00\",\"breadcrumb\":{\"@id\":\"https:\\\/\\\/www.quebakan.com\\\/v15\\\/arca-continental-referente-en-bienestar-laboral-premio-prevencionar-saludable-ecuador-2025\\\/#breadcrumb\"},\"inLanguage\":\"es\",\"potentialAction\":[{\"@type\":\"ReadAction\",\"target\":[\"https:\\\/\\\/www.quebakan.com\\\/v15\\\/arca-continental-referente-en-bienestar-laboral-premio-prevencionar-saludable-ecuador-2025\\\/\"]}]},{\"@type\":\"ImageObject\",\"inLanguage\":\"es\",\"@id\":\"https:\\\/\\\/www.quebakan.com\\\/v15\\\/arca-continental-referente-en-bienestar-laboral-premio-prevencionar-saludable-ecuador-2025\\\/#primaryimage\",\"url\":\"https:\\\/\\\/www.quebakan.com\\\/v15\\\/wp-content\\\/uploads\\\/2025\\\/12\\\/Premio_Empresa-Saludable_ACE.jpg\",\"contentUrl\":\"https:\\\/\\\/www.quebakan.com\\\/v15\\\/wp-content\\\/uploads\\\/2025\\\/12\\\/Premio_Empresa-Saludable_ACE.jpg\",\"width\":700,\"height\":525},{\"@type\":\"BreadcrumbList\",\"@id\":\"https:\\\/\\\/www.quebakan.com\\\/v15\\\/arca-continental-referente-en-bienestar-laboral-premio-prevencionar-saludable-ecuador-2025\\\/#breadcrumb\",\"itemListElement\":[{\"@type\":\"ListItem\",\"position\":1,\"name\":\"Portada\",\"item\":\"https:\\\/\\\/www.quebakan.com\\\/v15\\\/\"},{\"@type\":\"ListItem\",\"position\":2,\"name\":\"Arca Continental, referente en bienestar laboral: Premio Prevencionar Saludable Ecuador 2025\"}]},{\"@type\":\"WebSite\",\"@id\":\"https:\\\/\\\/www.quebakan.com\\\/v15\\\/#website\",\"url\":\"https:\\\/\\\/www.quebakan.com\\\/v15\\\/\",\"name\":\"QUEBAKAN\",\"description\":\"..\",\"publisher\":{\"@id\":\"https:\\\/\\\/www.quebakan.com\\\/v15\\\/#organization\"},\"potentialAction\":[{\"@type\":\"SearchAction\",\"target\":{\"@type\":\"EntryPoint\",\"urlTemplate\":\"https:\\\/\\\/www.quebakan.com\\\/v15\\\/?s={search_term_string}\"},\"query-input\":{\"@type\":\"PropertyValueSpecification\",\"valueRequired\":true,\"valueName\":\"search_term_string\"}}],\"inLanguage\":\"es\"},{\"@type\":\"Organization\",\"@id\":\"https:\\\/\\\/www.quebakan.com\\\/v15\\\/#organization\",\"name\":\"Quebakan.com\",\"url\":\"https:\\\/\\\/www.quebakan.com\\\/v15\\\/\",\"logo\":{\"@type\":\"ImageObject\",\"inLanguage\":\"es\",\"@id\":\"https:\\\/\\\/www.quebakan.com\\\/v15\\\/#\\\/schema\\\/logo\\\/image\\\/\",\"url\":\"https:\\\/\\\/www.quebakan.com\\\/v15\\\/wp-content\\\/uploads\\\/2023\\\/07\\\/logoquebakanenero2021.jpg\",\"contentUrl\":\"https:\\\/\\\/www.quebakan.com\\\/v15\\\/wp-content\\\/uploads\\\/2023\\\/07\\\/logoquebakanenero2021.jpg\",\"width\":1920,\"height\":1080,\"caption\":\"Quebakan.com\"},\"image\":{\"@id\":\"https:\\\/\\\/www.quebakan.com\\\/v15\\\/#\\\/schema\\\/logo\\\/image\\\/\"},\"sameAs\":[\"http:\\\/\\\/www.facebook.com\\\/quebakan\",\"https:\\\/\\\/x.com\\\/quebakanec\",\"http:\\\/\\\/www.instagram.com\\\/quebakan\",\"http:\\\/\\\/www.youtube.com\\\/quebakan1\"]},{\"@type\":\"Person\",\"@id\":\"https:\\\/\\\/www.quebakan.com\\\/v15\\\/#\\\/schema\\\/person\\\/d90fa9f9cfa81eb8ace9811e5b7b9118\",\"name\":\"Erick Villafuerte\",\"image\":{\"@type\":\"ImageObject\",\"inLanguage\":\"es\",\"@id\":\"https:\\\/\\\/www.quebakan.com\\\/v15\\\/wp-content\\\/uploads\\\/avatars\\\/4\\\/1731297654-bpfull.png\",\"url\":\"https:\\\/\\\/www.quebakan.com\\\/v15\\\/wp-content\\\/uploads\\\/avatars\\\/4\\\/1731297654-bpfull.png\",\"contentUrl\":\"https:\\\/\\\/www.quebakan.com\\\/v15\\\/wp-content\\\/uploads\\\/avatars\\\/4\\\/1731297654-bpfull.png\",\"caption\":\"Erick Villafuerte\"}}]}<\/script>\n<!-- \/ Yoast SEO plugin. -->","yoast_head_json":{"title":"Arca Continental, referente en bienestar laboral: Premio Prevencionar Saludable Ecuador 2025 &#8211; QUEBAKAN.COM 2026: Noticias, Eventos, Conciertos y mucho m\u00e1s....","robots":{"index":"index","follow":"follow","max-snippet":"max-snippet:-1","max-image-preview":"max-image-preview:large","max-video-preview":"max-video-preview:-1"},"canonical":"https:\/\/www.quebakan.com\/v15\/arca-continental-referente-en-bienestar-laboral-premio-prevencionar-saludable-ecuador-2025\/","og_locale":"es_ES","og_type":"article","og_title":"Arca Continental, referente en bienestar laboral: Premio Prevencionar Saludable Ecuador 2025 &#8211; QUEBAKAN.COM 2026: Noticias, Eventos, Conciertos y mucho m\u00e1s....","og_description":"Pie de foto: Equipo de Arca Continental durante la entrega del Premio Prevencionar Saludable Ecuador 2025. La compa\u00f1\u00eda impulsa diversos programas de bienestar para sus colaboradores, como Act\u00edvate, Bienestar en Movimiento, el Programa de Bienestar Saludable, etc. Quito, diciembre de 2025. &#8211; Arca Continental, grupo empresarial conformado por AC Bebidas, Tonicorp e Inalecsa, fue reconocido [&hellip;]","og_url":"https:\/\/www.quebakan.com\/v15\/arca-continental-referente-en-bienestar-laboral-premio-prevencionar-saludable-ecuador-2025\/","og_site_name":"QUEBAKAN.COM 2026: Noticias, Eventos, Conciertos y mucho m\u00e1s....","article_publisher":"http:\/\/www.facebook.com\/quebakan","article_published_time":"2025-12-11T20:30:09+00:00","og_image":[{"width":700,"height":525,"url":"https:\/\/www.quebakan.com\/v15\/wp-content\/uploads\/2025\/12\/Premio_Empresa-Saludable_ACE.jpg","type":"image\/jpeg"}],"author":"Erick Villafuerte","twitter_card":"summary_large_image","twitter_creator":"@quebakanec","twitter_site":"@quebakanec","twitter_misc":{"Escrito por":"Erick Villafuerte","Tiempo de lectura":"2 minutos"},"schema":{"@context":"https:\/\/schema.org","@graph":[{"@type":"Article","@id":"https:\/\/www.quebakan.com\/v15\/arca-continental-referente-en-bienestar-laboral-premio-prevencionar-saludable-ecuador-2025\/#article","isPartOf":{"@id":"https:\/\/www.quebakan.com\/v15\/arca-continental-referente-en-bienestar-laboral-premio-prevencionar-saludable-ecuador-2025\/"},"author":{"name":"Erick Villafuerte","@id":"https:\/\/www.quebakan.com\/v15\/#\/schema\/person\/d90fa9f9cfa81eb8ace9811e5b7b9118"},"headline":"Arca Continental, referente en bienestar laboral: Premio Prevencionar Saludable Ecuador 2025","datePublished":"2025-12-11T20:30:09+00:00","mainEntityOfPage":{"@id":"https:\/\/www.quebakan.com\/v15\/arca-continental-referente-en-bienestar-laboral-premio-prevencionar-saludable-ecuador-2025\/"},"wordCount":268,"publisher":{"@id":"https:\/\/www.quebakan.com\/v15\/#organization"},"image":{"@id":"https:\/\/www.quebakan.com\/v15\/arca-continental-referente-en-bienestar-laboral-premio-prevencionar-saludable-ecuador-2025\/#primaryimage"},"thumbnailUrl":"https:\/\/www.quebakan.com\/v15\/wp-content\/uploads\/2025\/12\/Premio_Empresa-Saludable_ACE.jpg","articleSection":["Noticias"],"inLanguage":"es"},{"@type":"WebPage","@id":"https:\/\/www.quebakan.com\/v15\/arca-continental-referente-en-bienestar-laboral-premio-prevencionar-saludable-ecuador-2025\/","url":"https:\/\/www.quebakan.com\/v15\/arca-continental-referente-en-bienestar-laboral-premio-prevencionar-saludable-ecuador-2025\/","name":"Arca Continental, referente en bienestar laboral: Premio Prevencionar Saludable Ecuador 2025 &#8211; QUEBAKAN.COM 2026: Noticias, Eventos, Conciertos y mucho m\u00e1s....","isPartOf":{"@id":"https:\/\/www.quebakan.com\/v15\/#website"},"primaryImageOfPage":{"@id":"https:\/\/www.quebakan.com\/v15\/arca-continental-referente-en-bienestar-laboral-premio-prevencionar-saludable-ecuador-2025\/#primaryimage"},"image":{"@id":"https:\/\/www.quebakan.com\/v15\/arca-continental-referente-en-bienestar-laboral-premio-prevencionar-saludable-ecuador-2025\/#primaryimage"},"thumbnailUrl":"https:\/\/www.quebakan.com\/v15\/wp-content\/uploads\/2025\/12\/Premio_Empresa-Saludable_ACE.jpg","datePublished":"2025-12-11T20:30:09+00:00","breadcrumb":{"@id":"https:\/\/www.quebakan.com\/v15\/arca-continental-referente-en-bienestar-laboral-premio-prevencionar-saludable-ecuador-2025\/#breadcrumb"},"inLanguage":"es","potentialAction":[{"@type":"ReadAction","target":["https:\/\/www.quebakan.com\/v15\/arca-continental-referente-en-bienestar-laboral-premio-prevencionar-saludable-ecuador-2025\/"]}]},{"@type":"ImageObject","inLanguage":"es","@id":"https:\/\/www.quebakan.com\/v15\/arca-continental-referente-en-bienestar-laboral-premio-prevencionar-saludable-ecuador-2025\/#primaryimage","url":"https:\/\/www.quebakan.com\/v15\/wp-content\/uploads\/2025\/12\/Premio_Empresa-Saludable_ACE.jpg","contentUrl":"https:\/\/www.quebakan.com\/v15\/wp-content\/uploads\/2025\/12\/Premio_Empresa-Saludable_ACE.jpg","width":700,"height":525},{"@type":"BreadcrumbList","@id":"https:\/\/www.quebakan.com\/v15\/arca-continental-referente-en-bienestar-laboral-premio-prevencionar-saludable-ecuador-2025\/#breadcrumb","itemListElement":[{"@type":"ListItem","position":1,"name":"Portada","item":"https:\/\/www.quebakan.com\/v15\/"},{"@type":"ListItem","position":2,"name":"Arca Continental, referente en bienestar laboral: Premio Prevencionar Saludable Ecuador 2025"}]},{"@type":"WebSite","@id":"https:\/\/www.quebakan.com\/v15\/#website","url":"https:\/\/www.quebakan.com\/v15\/","name":"QUEBAKAN","description":"..","publisher":{"@id":"https:\/\/www.quebakan.com\/v15\/#organization"},"potentialAction":[{"@type":"SearchAction","target":{"@type":"EntryPoint","urlTemplate":"https:\/\/www.quebakan.com\/v15\/?s={search_term_string}"},"query-input":{"@type":"PropertyValueSpecification","valueRequired":true,"valueName":"search_term_string"}}],"inLanguage":"es"},{"@type":"Organization","@id":"https:\/\/www.quebakan.com\/v15\/#organization","name":"Quebakan.com","url":"https:\/\/www.quebakan.com\/v15\/","logo":{"@type":"ImageObject","inLanguage":"es","@id":"https:\/\/www.quebakan.com\/v15\/#\/schema\/logo\/image\/","url":"https:\/\/www.quebakan.com\/v15\/wp-content\/uploads\/2023\/07\/logoquebakanenero2021.jpg","contentUrl":"https:\/\/www.quebakan.com\/v15\/wp-content\/uploads\/2023\/07\/logoquebakanenero2021.jpg","width":1920,"height":1080,"caption":"Quebakan.com"},"image":{"@id":"https:\/\/www.quebakan.com\/v15\/#\/schema\/logo\/image\/"},"sameAs":["http:\/\/www.facebook.com\/quebakan","https:\/\/x.com\/quebakanec","http:\/\/www.instagram.com\/quebakan","http:\/\/www.youtube.com\/quebakan1"]},{"@type":"Person","@id":"https:\/\/www.quebakan.com\/v15\/#\/schema\/person\/d90fa9f9cfa81eb8ace9811e5b7b9118","name":"Erick Villafuerte","image":{"@type":"ImageObject","inLanguage":"es","@id":"https:\/\/www.quebakan.com\/v15\/wp-content\/uploads\/avatars\/4\/1731297654-bpfull.png","url":"https:\/\/www.quebakan.com\/v15\/wp-content\/uploads\/avatars\/4\/1731297654-bpfull.png","contentUrl":"https:\/\/www.quebakan.com\/v15\/wp-content\/uploads\/avatars\/4\/1731297654-bpfull.png","caption":"Erick Villafuerte"}}]}},"_links":{"self":[{"href":"https:\/\/www.quebakan.com\/v15\/wp-json\/wp\/v2\/posts\/138324","targetHints":{"allow":["GET"]}}],"collection":[{"href":"https:\/\/www.quebakan.com\/v15\/wp-json\/wp\/v2\/posts"}],"about":[{"href":"https:\/\/www.quebakan.com\/v15\/wp-json\/wp\/v2\/types\/post"}],"author":[{"embeddable":true,"href":"https:\/\/www.quebakan.com\/v15\/wp-json\/wp\/v2\/users\/4"}],"replies":[{"embeddable":true,"href":"https:\/\/www.quebakan.com\/v15\/wp-json\/wp\/v2\/comments?post=138324"}],"version-history":[{"count":2,"href":"https:\/\/www.quebakan.com\/v15\/wp-json\/wp\/v2\/posts\/138324\/revisions"}],"predecessor-version":[{"id":138327,"href":"https:\/\/www.quebakan.com\/v15\/wp-json\/wp\/v2\/posts\/138324\/revisions\/138327"}],"wp:featuredmedia":[{"embeddable":true,"href":"https:\/\/www.quebakan.com\/v15\/wp-json\/wp\/v2\/media\/138325"}],"wp:attachment":[{"href":"https:\/\/www.quebakan.com\/v15\/wp-json\/wp\/v2\/media?parent=138324"}],"wp:term":[{"taxonomy":"category","embeddable":true,"href":"https:\/\/www.quebakan.com\/v15\/wp-json\/wp\/v2\/categories?post=138324"},{"taxonomy":"post_tag","embeddable":true,"href":"https:\/\/www.quebakan.com\/v15\/wp-json\/wp\/v2\/tags?post=138324"}],"curies":[{"name":"wp","href":"https:\/\/api.w.org\/{rel}","templated":true}]}}