{"id":138340,"date":"2025-12-11T17:02:04","date_gmt":"2025-12-11T22:02:04","guid":{"rendered":"https:\/\/www.quebakan.com\/v15\/?p=138340"},"modified":"2025-12-11T17:02:04","modified_gmt":"2025-12-11T22:02:04","slug":"tendencias-contables-y-tecnologicas-que-marcaran-el-2026-para-las-micro-y-pequenas-empresas-en-ecuador","status":"publish","type":"post","link":"https:\/\/www.quebakan.com\/v15\/tendencias-contables-y-tecnologicas-que-marcaran-el-2026-para-las-micro-y-pequenas-empresas-en-ecuador\/","title":{"rendered":"TENDENCIAS CONTABLES Y TECNOL\u00d3GICAS QUE MARCAR\u00c1N EL 2026 PARA LAS MICRO Y PEQUE\u00d1AS EMPRESAS EN ECUADOR"},"content":{"rendered":"<p dir=\"ltr\"><img fetchpriority=\"high\" decoding=\"async\" class=\"aligncenter size-full wp-image-138341\" src=\"https:\/\/www.quebakan.com\/v15\/wp-content\/uploads\/2025\/12\/Tendencias-2026-1.jpg\" alt=\"\" width=\"700\" height=\"467\" \/><\/p>\n<p dir=\"ltr\" style=\"text-align: justify;\"><strong><span style=\"color: #000000;\">DIGITALIZACI\u00d3N, TRAZABILIDAD Y MAYOR ORDEN FINANCIERO DEFINIR\u00c1N EL NUEVO A\u00d1O FISCAL<\/span><\/strong><\/p>\n<p dir=\"ltr\" style=\"text-align: justify;\"><span style=\"color: #000000;\">El 2026 se proyecta como un a\u00f1o de transici\u00f3n para las micro y peque\u00f1as empresas en Ecuador debido a la evoluci\u00f3n de los sistemas contables, la expansi\u00f3n de herramientas digitales y la necesidad de mejorar la trazabilidad financiera. Este segmento empresarial enfrenta un entorno donde el orden, la precisi\u00f3n y la capacidad de registrar informaci\u00f3n en tiempo real ser\u00e1n determinantes para cumplir con la normativa y sostener su competitividad.<\/span><\/p>\n<p dir=\"ltr\" style=\"text-align: justify;\"><span style=\"color: #000000;\">A esto se suma la necesidad de fortalecer la alineaci\u00f3n\u00a0 entre declaraciones de IVA, retenciones en la fuente, anexos societarios y actualizaciones de RUC. La consistencia tributaria ser\u00e1 un eje central en 2026, ya que la informaci\u00f3n desalineada puede derivar en retrasos o procesos correctivos. Las micro y peque\u00f1as empresas deber\u00e1n reforzar la verificaci\u00f3n previa de sus registros para asegurar cierres fiscales m\u00e1s ordenados y oportunos.<\/span><\/p>\n<p dir=\"ltr\" style=\"text-align: justify;\"><span style=\"color: #000000;\">En materia contable, se prev\u00e9 una mayor estandarizaci\u00f3n en criterios de reconocimiento de ingresos, provisiones, depreciaciones e inventarios. Esto permitir\u00e1 que las PYMES presenten estados financieros m\u00e1s comparables y precisos, factores que inciden en el acceso a financiamiento y en la generaci\u00f3n de confianza frente a proveedores, aliados comerciales y entidades de control. La uniformidad contable ser\u00e1 un valor estrat\u00e9gico.<\/span><\/p>\n<p dir=\"ltr\" style=\"text-align: justify;\"><span style=\"color: #000000;\">En este contexto, David Ortiz, CEO de Siigo, destaca la importancia de fortalecer los procesos financieros desde etapas tempranas.\u00a0\u201cEl 2026 exigir\u00e1 a las empresas una visi\u00f3n m\u00e1s estructurada de su informaci\u00f3n. Cuando los registros contables est\u00e1n ordenados y actualizados, las decisiones son m\u00e1s claras y el cumplimiento regulatorio fluye con mayor facilidad\u201d,\u00a0se\u00f1ala. Esta perspectiva refuerza la relevancia de la disciplina financiera para el pr\u00f3ximo a\u00f1o.<\/span><\/p>\n<p dir=\"ltr\" style=\"text-align: justify;\"><span style=\"color: #000000;\">La digitalizaci\u00f3n continuar\u00e1 avanzando mediante plataformas que automatizan registros, integran comprobantes electr\u00f3nicos, agilizan la conciliaci\u00f3n tributaria y permiten llevar contabilidad, facturaci\u00f3n y control de inventarios en un mismo entorno. Soluciones como las que ofrece Siigo Cont\u00edfico contribuyen a mejorar la consistencia de los datos, reducir errores y ordenar procesos administrativos que suelen ser exigentes para organizaciones con recursos limitados. En este escenario, la tecnolog\u00eda se convierte en un soporte operativo para la gesti\u00f3n diaria.<\/span><\/p>\n<p dir=\"ltr\" style=\"text-align: justify;\"><span style=\"color: #000000;\">De cara al nuevo ejercicio fiscal, las micro y peque\u00f1as empresas deber\u00e1n combinar organizaci\u00f3n contable, uso responsable de herramientas tecnol\u00f3gicas y planificaci\u00f3n anticipada. La capacidad de proyectar flujos, analizar escenarios y mantener documentaci\u00f3n coherente ser\u00e1 clave para enfrentar cambios en costos, h\u00e1bitos de consumo y din\u00e1micas de mercado. La gesti\u00f3n ordenada de la informaci\u00f3n se perfila como un factor decisivo para su sostenibilidad en 2026.<\/span><\/p>\n","protected":false},"excerpt":{"rendered":"<p>DIGITALIZACI\u00d3N, TRAZABILIDAD Y MAYOR ORDEN FINANCIERO DEFINIR\u00c1N EL NUEVO A\u00d1O FISCAL El 2026 se proyecta como un a\u00f1o de transici\u00f3n para las micro y peque\u00f1as empresas en Ecuador debido a la evoluci\u00f3n de los sistemas contables, la expansi\u00f3n de herramientas digitales y la necesidad de mejorar la trazabilidad financiera. Este segmento empresarial enfrenta un entorno [&hellip;]<\/p>\n","protected":false},"author":4,"featured_media":138341,"comment_status":"closed","ping_status":"closed","sticky":false,"template":"","format":"standard","meta":{"_bbp_topic_count":0,"_bbp_reply_count":0,"_bbp_total_topic_count":0,"_bbp_total_reply_count":0,"_bbp_voice_count":0,"_bbp_anonymous_reply_count":0,"_bbp_topic_count_hidden":0,"_bbp_reply_count_hidden":0,"_bbp_forum_subforum_count":0,"buzzeditor_post_format":"","footnotes":""},"categories":[2],"tags":[],"class_list":["post-138340","post","type-post","status-publish","format-standard","has-post-thumbnail","hentry","category-noticias"],"yoast_head":"<!-- This site is optimized with the Yoast SEO plugin v27.5 - https:\/\/yoast.com\/product\/yoast-seo-wordpress\/ -->\n<title>TENDENCIAS CONTABLES Y TECNOL\u00d3GICAS QUE MARCAR\u00c1N EL 2026 PARA LAS MICRO Y PEQUE\u00d1AS EMPRESAS EN ECUADOR &#8211; QUEBAKAN.COM 2026: Noticias, Eventos, Conciertos y mucho m\u00e1s....<\/title>\n<meta name=\"robots\" content=\"index, follow, max-snippet:-1, max-image-preview:large, max-video-preview:-1\" \/>\n<link rel=\"canonical\" href=\"https:\/\/www.quebakan.com\/v15\/tendencias-contables-y-tecnologicas-que-marcaran-el-2026-para-las-micro-y-pequenas-empresas-en-ecuador\/\" \/>\n<meta property=\"og:locale\" content=\"es_ES\" \/>\n<meta property=\"og:type\" content=\"article\" \/>\n<meta property=\"og:title\" content=\"TENDENCIAS CONTABLES Y TECNOL\u00d3GICAS QUE MARCAR\u00c1N EL 2026 PARA LAS MICRO Y PEQUE\u00d1AS EMPRESAS EN ECUADOR &#8211; QUEBAKAN.COM 2026: Noticias, Eventos, Conciertos y mucho m\u00e1s....\" \/>\n<meta property=\"og:description\" content=\"DIGITALIZACI\u00d3N, TRAZABILIDAD Y MAYOR ORDEN FINANCIERO DEFINIR\u00c1N EL NUEVO A\u00d1O FISCAL El 2026 se proyecta como un a\u00f1o de transici\u00f3n para las micro y peque\u00f1as empresas en Ecuador debido a la evoluci\u00f3n de los sistemas contables, la expansi\u00f3n de herramientas digitales y la necesidad de mejorar la trazabilidad financiera. Este segmento empresarial enfrenta un entorno [&hellip;]\" \/>\n<meta property=\"og:url\" content=\"https:\/\/www.quebakan.com\/v15\/tendencias-contables-y-tecnologicas-que-marcaran-el-2026-para-las-micro-y-pequenas-empresas-en-ecuador\/\" \/>\n<meta property=\"og:site_name\" content=\"QUEBAKAN.COM 2026: Noticias, Eventos, Conciertos y mucho m\u00e1s....\" \/>\n<meta property=\"article:publisher\" content=\"http:\/\/www.facebook.com\/quebakan\" \/>\n<meta property=\"article:published_time\" content=\"2025-12-11T22:02:04+00:00\" \/>\n<meta property=\"og:image\" content=\"https:\/\/www.quebakan.com\/v15\/wp-content\/uploads\/2025\/12\/Tendencias-2026-1.jpg\" \/>\n\t<meta property=\"og:image:width\" content=\"700\" \/>\n\t<meta property=\"og:image:height\" content=\"467\" \/>\n\t<meta property=\"og:image:type\" content=\"image\/jpeg\" \/>\n<meta name=\"author\" content=\"Erick Villafuerte\" \/>\n<meta name=\"twitter:card\" content=\"summary_large_image\" \/>\n<meta name=\"twitter:creator\" content=\"@quebakanec\" \/>\n<meta name=\"twitter:site\" content=\"@quebakanec\" \/>\n<meta name=\"twitter:label1\" content=\"Escrito por\" \/>\n\t<meta name=\"twitter:data1\" content=\"Erick Villafuerte\" \/>\n\t<meta name=\"twitter:label2\" content=\"Tiempo de lectura\" \/>\n\t<meta name=\"twitter:data2\" content=\"3 minutos\" \/>\n<script type=\"application\/ld+json\" class=\"yoast-schema-graph\">{\"@context\":\"https:\\\/\\\/schema.org\",\"@graph\":[{\"@type\":\"Article\",\"@id\":\"https:\\\/\\\/www.quebakan.com\\\/v15\\\/tendencias-contables-y-tecnologicas-que-marcaran-el-2026-para-las-micro-y-pequenas-empresas-en-ecuador\\\/#article\",\"isPartOf\":{\"@id\":\"https:\\\/\\\/www.quebakan.com\\\/v15\\\/tendencias-contables-y-tecnologicas-que-marcaran-el-2026-para-las-micro-y-pequenas-empresas-en-ecuador\\\/\"},\"author\":{\"name\":\"Erick Villafuerte\",\"@id\":\"https:\\\/\\\/www.quebakan.com\\\/v15\\\/#\\\/schema\\\/person\\\/d90fa9f9cfa81eb8ace9811e5b7b9118\"},\"headline\":\"TENDENCIAS CONTABLES Y TECNOL\u00d3GICAS QUE MARCAR\u00c1N EL 2026 PARA LAS MICRO Y PEQUE\u00d1AS EMPRESAS EN ECUADOR\",\"datePublished\":\"2025-12-11T22:02:04+00:00\",\"mainEntityOfPage\":{\"@id\":\"https:\\\/\\\/www.quebakan.com\\\/v15\\\/tendencias-contables-y-tecnologicas-que-marcaran-el-2026-para-las-micro-y-pequenas-empresas-en-ecuador\\\/\"},\"wordCount\":472,\"publisher\":{\"@id\":\"https:\\\/\\\/www.quebakan.com\\\/v15\\\/#organization\"},\"image\":{\"@id\":\"https:\\\/\\\/www.quebakan.com\\\/v15\\\/tendencias-contables-y-tecnologicas-que-marcaran-el-2026-para-las-micro-y-pequenas-empresas-en-ecuador\\\/#primaryimage\"},\"thumbnailUrl\":\"https:\\\/\\\/www.quebakan.com\\\/v15\\\/wp-content\\\/uploads\\\/2025\\\/12\\\/Tendencias-2026-1.jpg\",\"articleSection\":[\"Noticias\"],\"inLanguage\":\"es\"},{\"@type\":\"WebPage\",\"@id\":\"https:\\\/\\\/www.quebakan.com\\\/v15\\\/tendencias-contables-y-tecnologicas-que-marcaran-el-2026-para-las-micro-y-pequenas-empresas-en-ecuador\\\/\",\"url\":\"https:\\\/\\\/www.quebakan.com\\\/v15\\\/tendencias-contables-y-tecnologicas-que-marcaran-el-2026-para-las-micro-y-pequenas-empresas-en-ecuador\\\/\",\"name\":\"TENDENCIAS CONTABLES Y TECNOL\u00d3GICAS QUE MARCAR\u00c1N EL 2026 PARA LAS MICRO Y PEQUE\u00d1AS EMPRESAS EN ECUADOR &#8211; QUEBAKAN.COM 2026: Noticias, Eventos, Conciertos y mucho m\u00e1s....\",\"isPartOf\":{\"@id\":\"https:\\\/\\\/www.quebakan.com\\\/v15\\\/#website\"},\"primaryImageOfPage\":{\"@id\":\"https:\\\/\\\/www.quebakan.com\\\/v15\\\/tendencias-contables-y-tecnologicas-que-marcaran-el-2026-para-las-micro-y-pequenas-empresas-en-ecuador\\\/#primaryimage\"},\"image\":{\"@id\":\"https:\\\/\\\/www.quebakan.com\\\/v15\\\/tendencias-contables-y-tecnologicas-que-marcaran-el-2026-para-las-micro-y-pequenas-empresas-en-ecuador\\\/#primaryimage\"},\"thumbnailUrl\":\"https:\\\/\\\/www.quebakan.com\\\/v15\\\/wp-content\\\/uploads\\\/2025\\\/12\\\/Tendencias-2026-1.jpg\",\"datePublished\":\"2025-12-11T22:02:04+00:00\",\"breadcrumb\":{\"@id\":\"https:\\\/\\\/www.quebakan.com\\\/v15\\\/tendencias-contables-y-tecnologicas-que-marcaran-el-2026-para-las-micro-y-pequenas-empresas-en-ecuador\\\/#breadcrumb\"},\"inLanguage\":\"es\",\"potentialAction\":[{\"@type\":\"ReadAction\",\"target\":[\"https:\\\/\\\/www.quebakan.com\\\/v15\\\/tendencias-contables-y-tecnologicas-que-marcaran-el-2026-para-las-micro-y-pequenas-empresas-en-ecuador\\\/\"]}]},{\"@type\":\"ImageObject\",\"inLanguage\":\"es\",\"@id\":\"https:\\\/\\\/www.quebakan.com\\\/v15\\\/tendencias-contables-y-tecnologicas-que-marcaran-el-2026-para-las-micro-y-pequenas-empresas-en-ecuador\\\/#primaryimage\",\"url\":\"https:\\\/\\\/www.quebakan.com\\\/v15\\\/wp-content\\\/uploads\\\/2025\\\/12\\\/Tendencias-2026-1.jpg\",\"contentUrl\":\"https:\\\/\\\/www.quebakan.com\\\/v15\\\/wp-content\\\/uploads\\\/2025\\\/12\\\/Tendencias-2026-1.jpg\",\"width\":700,\"height\":467},{\"@type\":\"BreadcrumbList\",\"@id\":\"https:\\\/\\\/www.quebakan.com\\\/v15\\\/tendencias-contables-y-tecnologicas-que-marcaran-el-2026-para-las-micro-y-pequenas-empresas-en-ecuador\\\/#breadcrumb\",\"itemListElement\":[{\"@type\":\"ListItem\",\"position\":1,\"name\":\"Portada\",\"item\":\"https:\\\/\\\/www.quebakan.com\\\/v15\\\/\"},{\"@type\":\"ListItem\",\"position\":2,\"name\":\"TENDENCIAS CONTABLES Y TECNOL\u00d3GICAS QUE MARCAR\u00c1N EL 2026 PARA LAS MICRO Y PEQUE\u00d1AS EMPRESAS EN ECUADOR\"}]},{\"@type\":\"WebSite\",\"@id\":\"https:\\\/\\\/www.quebakan.com\\\/v15\\\/#website\",\"url\":\"https:\\\/\\\/www.quebakan.com\\\/v15\\\/\",\"name\":\"QUEBAKAN\",\"description\":\"..\",\"publisher\":{\"@id\":\"https:\\\/\\\/www.quebakan.com\\\/v15\\\/#organization\"},\"potentialAction\":[{\"@type\":\"SearchAction\",\"target\":{\"@type\":\"EntryPoint\",\"urlTemplate\":\"https:\\\/\\\/www.quebakan.com\\\/v15\\\/?s={search_term_string}\"},\"query-input\":{\"@type\":\"PropertyValueSpecification\",\"valueRequired\":true,\"valueName\":\"search_term_string\"}}],\"inLanguage\":\"es\"},{\"@type\":\"Organization\",\"@id\":\"https:\\\/\\\/www.quebakan.com\\\/v15\\\/#organization\",\"name\":\"Quebakan.com\",\"url\":\"https:\\\/\\\/www.quebakan.com\\\/v15\\\/\",\"logo\":{\"@type\":\"ImageObject\",\"inLanguage\":\"es\",\"@id\":\"https:\\\/\\\/www.quebakan.com\\\/v15\\\/#\\\/schema\\\/logo\\\/image\\\/\",\"url\":\"https:\\\/\\\/www.quebakan.com\\\/v15\\\/wp-content\\\/uploads\\\/2023\\\/07\\\/logoquebakanenero2021.jpg\",\"contentUrl\":\"https:\\\/\\\/www.quebakan.com\\\/v15\\\/wp-content\\\/uploads\\\/2023\\\/07\\\/logoquebakanenero2021.jpg\",\"width\":1920,\"height\":1080,\"caption\":\"Quebakan.com\"},\"image\":{\"@id\":\"https:\\\/\\\/www.quebakan.com\\\/v15\\\/#\\\/schema\\\/logo\\\/image\\\/\"},\"sameAs\":[\"http:\\\/\\\/www.facebook.com\\\/quebakan\",\"https:\\\/\\\/x.com\\\/quebakanec\",\"http:\\\/\\\/www.instagram.com\\\/quebakan\",\"http:\\\/\\\/www.youtube.com\\\/quebakan1\"]},{\"@type\":\"Person\",\"@id\":\"https:\\\/\\\/www.quebakan.com\\\/v15\\\/#\\\/schema\\\/person\\\/d90fa9f9cfa81eb8ace9811e5b7b9118\",\"name\":\"Erick Villafuerte\",\"image\":{\"@type\":\"ImageObject\",\"inLanguage\":\"es\",\"@id\":\"https:\\\/\\\/www.quebakan.com\\\/v15\\\/wp-content\\\/uploads\\\/avatars\\\/4\\\/1731297654-bpfull.png\",\"url\":\"https:\\\/\\\/www.quebakan.com\\\/v15\\\/wp-content\\\/uploads\\\/avatars\\\/4\\\/1731297654-bpfull.png\",\"contentUrl\":\"https:\\\/\\\/www.quebakan.com\\\/v15\\\/wp-content\\\/uploads\\\/avatars\\\/4\\\/1731297654-bpfull.png\",\"caption\":\"Erick Villafuerte\"}}]}<\/script>\n<!-- \/ Yoast SEO plugin. -->","yoast_head_json":{"title":"TENDENCIAS CONTABLES Y TECNOL\u00d3GICAS QUE MARCAR\u00c1N EL 2026 PARA LAS MICRO Y PEQUE\u00d1AS EMPRESAS EN ECUADOR &#8211; QUEBAKAN.COM 2026: Noticias, Eventos, Conciertos y mucho m\u00e1s....","robots":{"index":"index","follow":"follow","max-snippet":"max-snippet:-1","max-image-preview":"max-image-preview:large","max-video-preview":"max-video-preview:-1"},"canonical":"https:\/\/www.quebakan.com\/v15\/tendencias-contables-y-tecnologicas-que-marcaran-el-2026-para-las-micro-y-pequenas-empresas-en-ecuador\/","og_locale":"es_ES","og_type":"article","og_title":"TENDENCIAS CONTABLES Y TECNOL\u00d3GICAS QUE MARCAR\u00c1N EL 2026 PARA LAS MICRO Y PEQUE\u00d1AS EMPRESAS EN ECUADOR &#8211; QUEBAKAN.COM 2026: Noticias, Eventos, Conciertos y mucho m\u00e1s....","og_description":"DIGITALIZACI\u00d3N, TRAZABILIDAD Y MAYOR ORDEN FINANCIERO DEFINIR\u00c1N EL NUEVO A\u00d1O FISCAL El 2026 se proyecta como un a\u00f1o de transici\u00f3n para las micro y peque\u00f1as empresas en Ecuador debido a la evoluci\u00f3n de los sistemas contables, la expansi\u00f3n de herramientas digitales y la necesidad de mejorar la trazabilidad financiera. Este segmento empresarial enfrenta un entorno [&hellip;]","og_url":"https:\/\/www.quebakan.com\/v15\/tendencias-contables-y-tecnologicas-que-marcaran-el-2026-para-las-micro-y-pequenas-empresas-en-ecuador\/","og_site_name":"QUEBAKAN.COM 2026: Noticias, Eventos, Conciertos y mucho m\u00e1s....","article_publisher":"http:\/\/www.facebook.com\/quebakan","article_published_time":"2025-12-11T22:02:04+00:00","og_image":[{"width":700,"height":467,"url":"https:\/\/www.quebakan.com\/v15\/wp-content\/uploads\/2025\/12\/Tendencias-2026-1.jpg","type":"image\/jpeg"}],"author":"Erick Villafuerte","twitter_card":"summary_large_image","twitter_creator":"@quebakanec","twitter_site":"@quebakanec","twitter_misc":{"Escrito por":"Erick Villafuerte","Tiempo de lectura":"3 minutos"},"schema":{"@context":"https:\/\/schema.org","@graph":[{"@type":"Article","@id":"https:\/\/www.quebakan.com\/v15\/tendencias-contables-y-tecnologicas-que-marcaran-el-2026-para-las-micro-y-pequenas-empresas-en-ecuador\/#article","isPartOf":{"@id":"https:\/\/www.quebakan.com\/v15\/tendencias-contables-y-tecnologicas-que-marcaran-el-2026-para-las-micro-y-pequenas-empresas-en-ecuador\/"},"author":{"name":"Erick Villafuerte","@id":"https:\/\/www.quebakan.com\/v15\/#\/schema\/person\/d90fa9f9cfa81eb8ace9811e5b7b9118"},"headline":"TENDENCIAS CONTABLES Y TECNOL\u00d3GICAS QUE MARCAR\u00c1N EL 2026 PARA LAS MICRO Y PEQUE\u00d1AS EMPRESAS EN ECUADOR","datePublished":"2025-12-11T22:02:04+00:00","mainEntityOfPage":{"@id":"https:\/\/www.quebakan.com\/v15\/tendencias-contables-y-tecnologicas-que-marcaran-el-2026-para-las-micro-y-pequenas-empresas-en-ecuador\/"},"wordCount":472,"publisher":{"@id":"https:\/\/www.quebakan.com\/v15\/#organization"},"image":{"@id":"https:\/\/www.quebakan.com\/v15\/tendencias-contables-y-tecnologicas-que-marcaran-el-2026-para-las-micro-y-pequenas-empresas-en-ecuador\/#primaryimage"},"thumbnailUrl":"https:\/\/www.quebakan.com\/v15\/wp-content\/uploads\/2025\/12\/Tendencias-2026-1.jpg","articleSection":["Noticias"],"inLanguage":"es"},{"@type":"WebPage","@id":"https:\/\/www.quebakan.com\/v15\/tendencias-contables-y-tecnologicas-que-marcaran-el-2026-para-las-micro-y-pequenas-empresas-en-ecuador\/","url":"https:\/\/www.quebakan.com\/v15\/tendencias-contables-y-tecnologicas-que-marcaran-el-2026-para-las-micro-y-pequenas-empresas-en-ecuador\/","name":"TENDENCIAS CONTABLES Y TECNOL\u00d3GICAS QUE MARCAR\u00c1N EL 2026 PARA LAS MICRO Y PEQUE\u00d1AS EMPRESAS EN ECUADOR &#8211; QUEBAKAN.COM 2026: Noticias, Eventos, Conciertos y mucho m\u00e1s....","isPartOf":{"@id":"https:\/\/www.quebakan.com\/v15\/#website"},"primaryImageOfPage":{"@id":"https:\/\/www.quebakan.com\/v15\/tendencias-contables-y-tecnologicas-que-marcaran-el-2026-para-las-micro-y-pequenas-empresas-en-ecuador\/#primaryimage"},"image":{"@id":"https:\/\/www.quebakan.com\/v15\/tendencias-contables-y-tecnologicas-que-marcaran-el-2026-para-las-micro-y-pequenas-empresas-en-ecuador\/#primaryimage"},"thumbnailUrl":"https:\/\/www.quebakan.com\/v15\/wp-content\/uploads\/2025\/12\/Tendencias-2026-1.jpg","datePublished":"2025-12-11T22:02:04+00:00","breadcrumb":{"@id":"https:\/\/www.quebakan.com\/v15\/tendencias-contables-y-tecnologicas-que-marcaran-el-2026-para-las-micro-y-pequenas-empresas-en-ecuador\/#breadcrumb"},"inLanguage":"es","potentialAction":[{"@type":"ReadAction","target":["https:\/\/www.quebakan.com\/v15\/tendencias-contables-y-tecnologicas-que-marcaran-el-2026-para-las-micro-y-pequenas-empresas-en-ecuador\/"]}]},{"@type":"ImageObject","inLanguage":"es","@id":"https:\/\/www.quebakan.com\/v15\/tendencias-contables-y-tecnologicas-que-marcaran-el-2026-para-las-micro-y-pequenas-empresas-en-ecuador\/#primaryimage","url":"https:\/\/www.quebakan.com\/v15\/wp-content\/uploads\/2025\/12\/Tendencias-2026-1.jpg","contentUrl":"https:\/\/www.quebakan.com\/v15\/wp-content\/uploads\/2025\/12\/Tendencias-2026-1.jpg","width":700,"height":467},{"@type":"BreadcrumbList","@id":"https:\/\/www.quebakan.com\/v15\/tendencias-contables-y-tecnologicas-que-marcaran-el-2026-para-las-micro-y-pequenas-empresas-en-ecuador\/#breadcrumb","itemListElement":[{"@type":"ListItem","position":1,"name":"Portada","item":"https:\/\/www.quebakan.com\/v15\/"},{"@type":"ListItem","position":2,"name":"TENDENCIAS CONTABLES Y TECNOL\u00d3GICAS QUE MARCAR\u00c1N EL 2026 PARA LAS MICRO Y PEQUE\u00d1AS EMPRESAS EN ECUADOR"}]},{"@type":"WebSite","@id":"https:\/\/www.quebakan.com\/v15\/#website","url":"https:\/\/www.quebakan.com\/v15\/","name":"QUEBAKAN","description":"..","publisher":{"@id":"https:\/\/www.quebakan.com\/v15\/#organization"},"potentialAction":[{"@type":"SearchAction","target":{"@type":"EntryPoint","urlTemplate":"https:\/\/www.quebakan.com\/v15\/?s={search_term_string}"},"query-input":{"@type":"PropertyValueSpecification","valueRequired":true,"valueName":"search_term_string"}}],"inLanguage":"es"},{"@type":"Organization","@id":"https:\/\/www.quebakan.com\/v15\/#organization","name":"Quebakan.com","url":"https:\/\/www.quebakan.com\/v15\/","logo":{"@type":"ImageObject","inLanguage":"es","@id":"https:\/\/www.quebakan.com\/v15\/#\/schema\/logo\/image\/","url":"https:\/\/www.quebakan.com\/v15\/wp-content\/uploads\/2023\/07\/logoquebakanenero2021.jpg","contentUrl":"https:\/\/www.quebakan.com\/v15\/wp-content\/uploads\/2023\/07\/logoquebakanenero2021.jpg","width":1920,"height":1080,"caption":"Quebakan.com"},"image":{"@id":"https:\/\/www.quebakan.com\/v15\/#\/schema\/logo\/image\/"},"sameAs":["http:\/\/www.facebook.com\/quebakan","https:\/\/x.com\/quebakanec","http:\/\/www.instagram.com\/quebakan","http:\/\/www.youtube.com\/quebakan1"]},{"@type":"Person","@id":"https:\/\/www.quebakan.com\/v15\/#\/schema\/person\/d90fa9f9cfa81eb8ace9811e5b7b9118","name":"Erick Villafuerte","image":{"@type":"ImageObject","inLanguage":"es","@id":"https:\/\/www.quebakan.com\/v15\/wp-content\/uploads\/avatars\/4\/1731297654-bpfull.png","url":"https:\/\/www.quebakan.com\/v15\/wp-content\/uploads\/avatars\/4\/1731297654-bpfull.png","contentUrl":"https:\/\/www.quebakan.com\/v15\/wp-content\/uploads\/avatars\/4\/1731297654-bpfull.png","caption":"Erick Villafuerte"}}]}},"_links":{"self":[{"href":"https:\/\/www.quebakan.com\/v15\/wp-json\/wp\/v2\/posts\/138340","targetHints":{"allow":["GET"]}}],"collection":[{"href":"https:\/\/www.quebakan.com\/v15\/wp-json\/wp\/v2\/posts"}],"about":[{"href":"https:\/\/www.quebakan.com\/v15\/wp-json\/wp\/v2\/types\/post"}],"author":[{"embeddable":true,"href":"https:\/\/www.quebakan.com\/v15\/wp-json\/wp\/v2\/users\/4"}],"replies":[{"embeddable":true,"href":"https:\/\/www.quebakan.com\/v15\/wp-json\/wp\/v2\/comments?post=138340"}],"version-history":[{"count":1,"href":"https:\/\/www.quebakan.com\/v15\/wp-json\/wp\/v2\/posts\/138340\/revisions"}],"predecessor-version":[{"id":138342,"href":"https:\/\/www.quebakan.com\/v15\/wp-json\/wp\/v2\/posts\/138340\/revisions\/138342"}],"wp:featuredmedia":[{"embeddable":true,"href":"https:\/\/www.quebakan.com\/v15\/wp-json\/wp\/v2\/media\/138341"}],"wp:attachment":[{"href":"https:\/\/www.quebakan.com\/v15\/wp-json\/wp\/v2\/media?parent=138340"}],"wp:term":[{"taxonomy":"category","embeddable":true,"href":"https:\/\/www.quebakan.com\/v15\/wp-json\/wp\/v2\/categories?post=138340"},{"taxonomy":"post_tag","embeddable":true,"href":"https:\/\/www.quebakan.com\/v15\/wp-json\/wp\/v2\/tags?post=138340"}],"curies":[{"name":"wp","href":"https:\/\/api.w.org\/{rel}","templated":true}]}}