{"id":138346,"date":"2025-12-11T17:22:38","date_gmt":"2025-12-11T22:22:38","guid":{"rendered":"https:\/\/www.quebakan.com\/v15\/?p=138346"},"modified":"2025-12-11T17:22:38","modified_gmt":"2025-12-11T22:22:38","slug":"andres-cepeda-cierra-el-2025-como-uno-de-los-artistas-mas-distinguidos-de-la-musica-latina","status":"publish","type":"post","link":"https:\/\/www.quebakan.com\/v15\/andres-cepeda-cierra-el-2025-como-uno-de-los-artistas-mas-distinguidos-de-la-musica-latina\/","title":{"rendered":"ANDR\u00c9S CEPEDA CIERRA EL 2025 COMO UNO DE LOS ARTISTAS M\u00c1S DISTINGUIDOS DE LA M\u00daSICA LATINA"},"content":{"rendered":"<p><img fetchpriority=\"high\" decoding=\"async\" class=\"aligncenter size-full wp-image-138347\" src=\"https:\/\/www.quebakan.com\/v15\/wp-content\/uploads\/2025\/12\/31e822da-347f-4bb5-1a9f-3cde5324e976.jpg\" alt=\"\" width=\"560\" height=\"700\" \/><\/p>\n<p style=\"text-align: justify;\"><span style=\"color: #000000;\" data-olk-copy-source=\"MessageBody\">El 2025 quedar\u00e1 registrado como uno de los cap\u00edtulos m\u00e1s extraordinarios en la carrera de\u00a0<strong>Andr\u00e9s Cepeda,<\/strong>\u00a0un artista que contin\u00faa redefiniendo la excelencia en la m\u00fasica latina. Con nuevos proyectos, reconocimientos internacionales, una presencia global en expansi\u00f3n y una profunda conexi\u00f3n con su pa\u00eds,\u00a0<strong>Andr\u00e9s Cepeda<\/strong>\u00a0se consolida este a\u00f1o como\u00a0<strong>una figura imprescindible en el panorama cultural iberoamericano.<\/strong><\/p>\n<p>Este a\u00f1o vino acompa\u00f1ado de uno de sus logros m\u00e1s trascendentales: el lanzamiento de<strong>\u00a0Bogot\u00e1 (Deluxe)<\/strong>, una edici\u00f3n ampliada de su \u00e1lbum m\u00e1s personal. El proyecto incluye colaboraciones con\u00a0<strong>Morat, Ha*Ash, Manuel Medrano, Luis Fonsi y una emotiva versi\u00f3n de \u201cCari\u00f1ito\u201d junto a Los \u00c1ngeles Azules.\u00a0<\/strong>Bogot\u00e1 (Deluxe) se convirti\u00f3 r\u00e1pidamente en un referente por su honestidad art\u00edstica y su capacidad de transformar memorias personales en un mapa sonoro de la capital colombiana.<\/p>\n<p>El impacto del \u00e1lbum se extendi\u00f3 m\u00e1s all\u00e1 de la audiencia:\u00a0<strong>Andr\u00e9s Cepeda<\/strong>\u00a0obtuvo\u00a0<strong>tres nominaciones al Latin GRAMMY\u00ae 2025<\/strong>\u00a0en las categor\u00edas\u00a0<strong>Mejor \u00c1lbum Vocal Pop Tradicional, Canci\u00f3n del A\u00f1o y Mejor Canci\u00f3n Pop por \u201cBogot\u00e1\u201d,\u00a0<\/strong>llev\u00e1ndose el Latin GRAMMY\u00ae a\u00a0<strong>Mejor \u00c1lbum Vocal Pop Tradicional\u00a0<\/strong>durante la gala realizada en\u00a0<strong>Las Vegas,<\/strong>\u00a0donde tambi\u00e9n actu\u00f3 durante la Premiere oficial.<\/p>\n<p>Su excelencia fue reconocida nuevamente al anunciarse, semanas despu\u00e9s, su nominaci\u00f3n al GRAMMY\u00ae estadounidense 2026 en la categor\u00eda\u00a0<strong>Best Latin Pop Album,<\/strong>\u00a0un hito que confirma su presencia en la conversaci\u00f3n global de la m\u00fasica. A estos reconocimientos se suma el\u00a0<strong>Premio Nuestra Tierra,<\/strong>destacando su influencia en la cultura musical colombiana.<\/p>\n<p>En un a\u00f1o de creaci\u00f3n constante,<strong>\u00a0Andr\u00e9s Cepeda<\/strong>\u00a0tambi\u00e9n estren\u00f3 su esperado dueto p\u00f3stumo con la ic\u00f3nica\u00a0<strong>Celia Cruz, el sencillo \u201cLas Pilanderas\u201d,<\/strong>\u00a0una celebraci\u00f3n vibrante de las ra\u00edces afrocaribe\u00f1as que uni\u00f3 a dos voces fundamentales de la m\u00fasica en espa\u00f1ol. Adem\u00e1s, protagoniz\u00f3 la portada de\u00a0<strong>Rolling Stone en Espa\u00f1ol,<\/strong>\u00a0reafirmando su vigencia como una de las figuras m\u00e1s s\u00f3lidas del pop latino contempor\u00e1neo.<\/span><\/p>\n<p style=\"text-align: justify;\"><span style=\"color: #000000;\" data-olk-copy-source=\"MessageBody\">El 2025 tambi\u00e9n fue un a\u00f1o sobre los escenarios, con una presencia internacional contundente. Su gira\u00a0<strong><i>Bogot\u00e1 La Gira<\/i><\/strong>\u00a0ofreci\u00f3\u00a0<strong>20 conciertos en 13 ciudades de Colombia,<\/strong>\u00a0reuniendo a miles de asistentes en una traves\u00eda que se convirti\u00f3 en un homenaje vivo a su pa\u00eds. Posteriormente,\u00a0<strong>Andr\u00e9s Cepeda\u00a0<\/strong>llev\u00f3 su m\u00fasica a\u00a0<strong>5 ciudades de Canad\u00e1<\/strong>\u00a0y ofreci\u00f3 conciertos inolvidables en\u00a0<strong>Madrid y Barcelona,<\/strong>\u00a0consolidando un puente emocional con su p\u00fablico europeo. La expansi\u00f3n continuar\u00e1 en 2026 con\u00a0<em><b>Bogot\u00e1 La Gira,<\/b><\/em>\u00a0que llegar\u00e1 a\u00a0<strong>M\u00e9xico y dar\u00e1 un recorrido a trav\u00e9s de Estados Unidos.<\/strong><\/span><\/p>\n<p style=\"text-align: justify;\"><span style=\"color: #000000;\"><strong>BOGOT\u00c1 GIRA USA 2026<\/strong><\/span><\/p>\n<p style=\"text-align: justify;\"><span style=\"color: #000000;\"><strong>DOMINGO, 10 DE MAYO\u00a0<\/strong><\/span><br \/>\n<span style=\"color: #000000;\">CHICAGO, IL &#8211; The Riviera Theatre<\/span><\/p>\n<p><span style=\"color: #000000;\"><strong>MARTES 12 DE MAYO<\/strong><\/span><br \/>\n<span style=\"color: #000000;\">LYNN, MA (BOSTON) &#8211; Lynn Auditorium<\/span><\/p>\n<p><span style=\"color: #000000;\"><strong>MI\u00c9RCOLES 13 DE MAYO<\/strong><\/span><br \/>\n<span style=\"color: #000000;\">NEW YORK, NY &#8211; The Beacon Theatre<\/span><\/p>\n<p><span style=\"color: #000000;\"><strong>VIERNES 15 DE MAYO<\/strong><\/span><br \/>\n<span style=\"color: #000000;\">ELIZABETH, NJ &#8211; The Ritz<\/span><\/p>\n<p><span style=\"color: #000000;\"><strong>S\u00c1BADO 16 DE MAYO<\/strong><\/span><br \/>\n<span style=\"color: #000000;\">WASHINGTON, DC &#8211; The Lincoln Theatre<\/span><\/p>\n<p><span style=\"color: #000000;\"><strong>LUNES 18 DE MAYO<\/strong><\/span><br \/>\n<span style=\"color: #000000;\">ATLANTA, GA &#8211; Variety Playhouse<\/span><\/p>\n<p><span style=\"color: #000000;\"><strong>MARTES 19 DE MAYO<\/strong><\/span><br \/>\n<span style=\"color: #000000;\">TAMPA, FL &#8211; Ferguson Hall<\/span><\/p>\n<p><span style=\"color: #000000;\"><strong>JUEVES 21 DE MAYO<\/strong><\/span><br \/>\n<span style=\"color: #000000;\">ORLANDO, FL &#8211; Steinmetz Hall at Dr. Phillips Center<\/span><\/p>\n<p><span style=\"color: #000000;\"><strong>VIERNES 22 DE MAYO<\/strong><\/span><br \/>\n<span style=\"color: #000000;\">MIAMI, FL &#8211; James L. Knight Center<\/span><\/p>\n","protected":false},"excerpt":{"rendered":"<p>El 2025 quedar\u00e1 registrado como uno de los cap\u00edtulos m\u00e1s extraordinarios en la carrera de\u00a0Andr\u00e9s Cepeda,\u00a0un artista que contin\u00faa redefiniendo la excelencia en la m\u00fasica latina. Con nuevos proyectos, reconocimientos internacionales, una presencia global en expansi\u00f3n y una profunda conexi\u00f3n con su pa\u00eds,\u00a0Andr\u00e9s Cepeda\u00a0se consolida este a\u00f1o como\u00a0una figura imprescindible en el panorama cultural iberoamericano. [&hellip;]<\/p>\n","protected":false},"author":4,"featured_media":138347,"comment_status":"closed","ping_status":"closed","sticky":false,"template":"","format":"standard","meta":{"_bbp_topic_count":0,"_bbp_reply_count":0,"_bbp_total_topic_count":0,"_bbp_total_reply_count":0,"_bbp_voice_count":0,"_bbp_anonymous_reply_count":0,"_bbp_topic_count_hidden":0,"_bbp_reply_count_hidden":0,"_bbp_forum_subforum_count":0,"buzzeditor_post_format":"","footnotes":""},"categories":[332],"tags":[],"class_list":["post-138346","post","type-post","status-publish","format-standard","has-post-thumbnail","hentry","category-musica"],"yoast_head":"<!-- This site is optimized with the Yoast SEO plugin v27.5 - https:\/\/yoast.com\/product\/yoast-seo-wordpress\/ -->\n<title>ANDR\u00c9S CEPEDA CIERRA EL 2025 COMO UNO DE LOS ARTISTAS M\u00c1S DISTINGUIDOS DE LA M\u00daSICA LATINA &#8211; QUEBAKAN.COM 2026: Noticias, Eventos, Conciertos y mucho m\u00e1s....<\/title>\n<meta name=\"robots\" content=\"index, follow, max-snippet:-1, max-image-preview:large, max-video-preview:-1\" \/>\n<link rel=\"canonical\" href=\"https:\/\/www.quebakan.com\/v15\/andres-cepeda-cierra-el-2025-como-uno-de-los-artistas-mas-distinguidos-de-la-musica-latina\/\" \/>\n<meta property=\"og:locale\" content=\"es_ES\" \/>\n<meta property=\"og:type\" content=\"article\" \/>\n<meta property=\"og:title\" content=\"ANDR\u00c9S CEPEDA CIERRA EL 2025 COMO UNO DE LOS ARTISTAS M\u00c1S DISTINGUIDOS DE LA M\u00daSICA LATINA &#8211; QUEBAKAN.COM 2026: Noticias, Eventos, Conciertos y mucho m\u00e1s....\" \/>\n<meta property=\"og:description\" content=\"El 2025 quedar\u00e1 registrado como uno de los cap\u00edtulos m\u00e1s extraordinarios en la carrera de\u00a0Andr\u00e9s Cepeda,\u00a0un artista que contin\u00faa redefiniendo la excelencia en la m\u00fasica latina. Con nuevos proyectos, reconocimientos internacionales, una presencia global en expansi\u00f3n y una profunda conexi\u00f3n con su pa\u00eds,\u00a0Andr\u00e9s Cepeda\u00a0se consolida este a\u00f1o como\u00a0una figura imprescindible en el panorama cultural iberoamericano. [&hellip;]\" \/>\n<meta property=\"og:url\" content=\"https:\/\/www.quebakan.com\/v15\/andres-cepeda-cierra-el-2025-como-uno-de-los-artistas-mas-distinguidos-de-la-musica-latina\/\" \/>\n<meta property=\"og:site_name\" content=\"QUEBAKAN.COM 2026: Noticias, Eventos, Conciertos y mucho m\u00e1s....\" \/>\n<meta property=\"article:publisher\" content=\"http:\/\/www.facebook.com\/quebakan\" \/>\n<meta property=\"article:published_time\" content=\"2025-12-11T22:22:38+00:00\" \/>\n<meta property=\"og:image\" content=\"https:\/\/www.quebakan.com\/v15\/wp-content\/uploads\/2025\/12\/31e822da-347f-4bb5-1a9f-3cde5324e976.jpg\" \/>\n\t<meta property=\"og:image:width\" content=\"560\" \/>\n\t<meta property=\"og:image:height\" content=\"700\" \/>\n\t<meta property=\"og:image:type\" content=\"image\/jpeg\" \/>\n<meta name=\"author\" content=\"Erick Villafuerte\" \/>\n<meta name=\"twitter:card\" content=\"summary_large_image\" \/>\n<meta name=\"twitter:creator\" content=\"@quebakanec\" \/>\n<meta name=\"twitter:site\" content=\"@quebakanec\" \/>\n<meta name=\"twitter:label1\" content=\"Escrito por\" \/>\n\t<meta name=\"twitter:data1\" content=\"Erick Villafuerte\" \/>\n\t<meta name=\"twitter:label2\" content=\"Tiempo de lectura\" \/>\n\t<meta name=\"twitter:data2\" content=\"3 minutos\" \/>\n<script type=\"application\/ld+json\" class=\"yoast-schema-graph\">{\"@context\":\"https:\\\/\\\/schema.org\",\"@graph\":[{\"@type\":\"Article\",\"@id\":\"https:\\\/\\\/www.quebakan.com\\\/v15\\\/andres-cepeda-cierra-el-2025-como-uno-de-los-artistas-mas-distinguidos-de-la-musica-latina\\\/#article\",\"isPartOf\":{\"@id\":\"https:\\\/\\\/www.quebakan.com\\\/v15\\\/andres-cepeda-cierra-el-2025-como-uno-de-los-artistas-mas-distinguidos-de-la-musica-latina\\\/\"},\"author\":{\"name\":\"Erick Villafuerte\",\"@id\":\"https:\\\/\\\/www.quebakan.com\\\/v15\\\/#\\\/schema\\\/person\\\/d90fa9f9cfa81eb8ace9811e5b7b9118\"},\"headline\":\"ANDR\u00c9S CEPEDA CIERRA EL 2025 COMO UNO DE LOS ARTISTAS M\u00c1S DISTINGUIDOS DE LA M\u00daSICA LATINA\",\"datePublished\":\"2025-12-11T22:22:38+00:00\",\"mainEntityOfPage\":{\"@id\":\"https:\\\/\\\/www.quebakan.com\\\/v15\\\/andres-cepeda-cierra-el-2025-como-uno-de-los-artistas-mas-distinguidos-de-la-musica-latina\\\/\"},\"wordCount\":561,\"publisher\":{\"@id\":\"https:\\\/\\\/www.quebakan.com\\\/v15\\\/#organization\"},\"image\":{\"@id\":\"https:\\\/\\\/www.quebakan.com\\\/v15\\\/andres-cepeda-cierra-el-2025-como-uno-de-los-artistas-mas-distinguidos-de-la-musica-latina\\\/#primaryimage\"},\"thumbnailUrl\":\"https:\\\/\\\/www.quebakan.com\\\/v15\\\/wp-content\\\/uploads\\\/2025\\\/12\\\/31e822da-347f-4bb5-1a9f-3cde5324e976.jpg\",\"articleSection\":[\"M\u00fasica\"],\"inLanguage\":\"es\"},{\"@type\":\"WebPage\",\"@id\":\"https:\\\/\\\/www.quebakan.com\\\/v15\\\/andres-cepeda-cierra-el-2025-como-uno-de-los-artistas-mas-distinguidos-de-la-musica-latina\\\/\",\"url\":\"https:\\\/\\\/www.quebakan.com\\\/v15\\\/andres-cepeda-cierra-el-2025-como-uno-de-los-artistas-mas-distinguidos-de-la-musica-latina\\\/\",\"name\":\"ANDR\u00c9S CEPEDA CIERRA EL 2025 COMO UNO DE LOS ARTISTAS M\u00c1S DISTINGUIDOS DE LA M\u00daSICA LATINA &#8211; QUEBAKAN.COM 2026: Noticias, Eventos, Conciertos y mucho m\u00e1s....\",\"isPartOf\":{\"@id\":\"https:\\\/\\\/www.quebakan.com\\\/v15\\\/#website\"},\"primaryImageOfPage\":{\"@id\":\"https:\\\/\\\/www.quebakan.com\\\/v15\\\/andres-cepeda-cierra-el-2025-como-uno-de-los-artistas-mas-distinguidos-de-la-musica-latina\\\/#primaryimage\"},\"image\":{\"@id\":\"https:\\\/\\\/www.quebakan.com\\\/v15\\\/andres-cepeda-cierra-el-2025-como-uno-de-los-artistas-mas-distinguidos-de-la-musica-latina\\\/#primaryimage\"},\"thumbnailUrl\":\"https:\\\/\\\/www.quebakan.com\\\/v15\\\/wp-content\\\/uploads\\\/2025\\\/12\\\/31e822da-347f-4bb5-1a9f-3cde5324e976.jpg\",\"datePublished\":\"2025-12-11T22:22:38+00:00\",\"breadcrumb\":{\"@id\":\"https:\\\/\\\/www.quebakan.com\\\/v15\\\/andres-cepeda-cierra-el-2025-como-uno-de-los-artistas-mas-distinguidos-de-la-musica-latina\\\/#breadcrumb\"},\"inLanguage\":\"es\",\"potentialAction\":[{\"@type\":\"ReadAction\",\"target\":[\"https:\\\/\\\/www.quebakan.com\\\/v15\\\/andres-cepeda-cierra-el-2025-como-uno-de-los-artistas-mas-distinguidos-de-la-musica-latina\\\/\"]}]},{\"@type\":\"ImageObject\",\"inLanguage\":\"es\",\"@id\":\"https:\\\/\\\/www.quebakan.com\\\/v15\\\/andres-cepeda-cierra-el-2025-como-uno-de-los-artistas-mas-distinguidos-de-la-musica-latina\\\/#primaryimage\",\"url\":\"https:\\\/\\\/www.quebakan.com\\\/v15\\\/wp-content\\\/uploads\\\/2025\\\/12\\\/31e822da-347f-4bb5-1a9f-3cde5324e976.jpg\",\"contentUrl\":\"https:\\\/\\\/www.quebakan.com\\\/v15\\\/wp-content\\\/uploads\\\/2025\\\/12\\\/31e822da-347f-4bb5-1a9f-3cde5324e976.jpg\",\"width\":560,\"height\":700},{\"@type\":\"BreadcrumbList\",\"@id\":\"https:\\\/\\\/www.quebakan.com\\\/v15\\\/andres-cepeda-cierra-el-2025-como-uno-de-los-artistas-mas-distinguidos-de-la-musica-latina\\\/#breadcrumb\",\"itemListElement\":[{\"@type\":\"ListItem\",\"position\":1,\"name\":\"Portada\",\"item\":\"https:\\\/\\\/www.quebakan.com\\\/v15\\\/\"},{\"@type\":\"ListItem\",\"position\":2,\"name\":\"ANDR\u00c9S CEPEDA CIERRA EL 2025 COMO UNO DE LOS ARTISTAS M\u00c1S DISTINGUIDOS DE LA M\u00daSICA LATINA\"}]},{\"@type\":\"WebSite\",\"@id\":\"https:\\\/\\\/www.quebakan.com\\\/v15\\\/#website\",\"url\":\"https:\\\/\\\/www.quebakan.com\\\/v15\\\/\",\"name\":\"QUEBAKAN\",\"description\":\"..\",\"publisher\":{\"@id\":\"https:\\\/\\\/www.quebakan.com\\\/v15\\\/#organization\"},\"potentialAction\":[{\"@type\":\"SearchAction\",\"target\":{\"@type\":\"EntryPoint\",\"urlTemplate\":\"https:\\\/\\\/www.quebakan.com\\\/v15\\\/?s={search_term_string}\"},\"query-input\":{\"@type\":\"PropertyValueSpecification\",\"valueRequired\":true,\"valueName\":\"search_term_string\"}}],\"inLanguage\":\"es\"},{\"@type\":\"Organization\",\"@id\":\"https:\\\/\\\/www.quebakan.com\\\/v15\\\/#organization\",\"name\":\"Quebakan.com\",\"url\":\"https:\\\/\\\/www.quebakan.com\\\/v15\\\/\",\"logo\":{\"@type\":\"ImageObject\",\"inLanguage\":\"es\",\"@id\":\"https:\\\/\\\/www.quebakan.com\\\/v15\\\/#\\\/schema\\\/logo\\\/image\\\/\",\"url\":\"https:\\\/\\\/www.quebakan.com\\\/v15\\\/wp-content\\\/uploads\\\/2023\\\/07\\\/logoquebakanenero2021.jpg\",\"contentUrl\":\"https:\\\/\\\/www.quebakan.com\\\/v15\\\/wp-content\\\/uploads\\\/2023\\\/07\\\/logoquebakanenero2021.jpg\",\"width\":1920,\"height\":1080,\"caption\":\"Quebakan.com\"},\"image\":{\"@id\":\"https:\\\/\\\/www.quebakan.com\\\/v15\\\/#\\\/schema\\\/logo\\\/image\\\/\"},\"sameAs\":[\"http:\\\/\\\/www.facebook.com\\\/quebakan\",\"https:\\\/\\\/x.com\\\/quebakanec\",\"http:\\\/\\\/www.instagram.com\\\/quebakan\",\"http:\\\/\\\/www.youtube.com\\\/quebakan1\"]},{\"@type\":\"Person\",\"@id\":\"https:\\\/\\\/www.quebakan.com\\\/v15\\\/#\\\/schema\\\/person\\\/d90fa9f9cfa81eb8ace9811e5b7b9118\",\"name\":\"Erick Villafuerte\",\"image\":{\"@type\":\"ImageObject\",\"inLanguage\":\"es\",\"@id\":\"https:\\\/\\\/www.quebakan.com\\\/v15\\\/wp-content\\\/uploads\\\/avatars\\\/4\\\/1731297654-bpfull.png\",\"url\":\"https:\\\/\\\/www.quebakan.com\\\/v15\\\/wp-content\\\/uploads\\\/avatars\\\/4\\\/1731297654-bpfull.png\",\"contentUrl\":\"https:\\\/\\\/www.quebakan.com\\\/v15\\\/wp-content\\\/uploads\\\/avatars\\\/4\\\/1731297654-bpfull.png\",\"caption\":\"Erick Villafuerte\"}}]}<\/script>\n<!-- \/ Yoast SEO plugin. -->","yoast_head_json":{"title":"ANDR\u00c9S CEPEDA CIERRA EL 2025 COMO UNO DE LOS ARTISTAS M\u00c1S DISTINGUIDOS DE LA M\u00daSICA LATINA &#8211; QUEBAKAN.COM 2026: Noticias, Eventos, Conciertos y mucho m\u00e1s....","robots":{"index":"index","follow":"follow","max-snippet":"max-snippet:-1","max-image-preview":"max-image-preview:large","max-video-preview":"max-video-preview:-1"},"canonical":"https:\/\/www.quebakan.com\/v15\/andres-cepeda-cierra-el-2025-como-uno-de-los-artistas-mas-distinguidos-de-la-musica-latina\/","og_locale":"es_ES","og_type":"article","og_title":"ANDR\u00c9S CEPEDA CIERRA EL 2025 COMO UNO DE LOS ARTISTAS M\u00c1S DISTINGUIDOS DE LA M\u00daSICA LATINA &#8211; QUEBAKAN.COM 2026: Noticias, Eventos, Conciertos y mucho m\u00e1s....","og_description":"El 2025 quedar\u00e1 registrado como uno de los cap\u00edtulos m\u00e1s extraordinarios en la carrera de\u00a0Andr\u00e9s Cepeda,\u00a0un artista que contin\u00faa redefiniendo la excelencia en la m\u00fasica latina. Con nuevos proyectos, reconocimientos internacionales, una presencia global en expansi\u00f3n y una profunda conexi\u00f3n con su pa\u00eds,\u00a0Andr\u00e9s Cepeda\u00a0se consolida este a\u00f1o como\u00a0una figura imprescindible en el panorama cultural iberoamericano. [&hellip;]","og_url":"https:\/\/www.quebakan.com\/v15\/andres-cepeda-cierra-el-2025-como-uno-de-los-artistas-mas-distinguidos-de-la-musica-latina\/","og_site_name":"QUEBAKAN.COM 2026: Noticias, Eventos, Conciertos y mucho m\u00e1s....","article_publisher":"http:\/\/www.facebook.com\/quebakan","article_published_time":"2025-12-11T22:22:38+00:00","og_image":[{"width":560,"height":700,"url":"https:\/\/www.quebakan.com\/v15\/wp-content\/uploads\/2025\/12\/31e822da-347f-4bb5-1a9f-3cde5324e976.jpg","type":"image\/jpeg"}],"author":"Erick Villafuerte","twitter_card":"summary_large_image","twitter_creator":"@quebakanec","twitter_site":"@quebakanec","twitter_misc":{"Escrito por":"Erick Villafuerte","Tiempo de lectura":"3 minutos"},"schema":{"@context":"https:\/\/schema.org","@graph":[{"@type":"Article","@id":"https:\/\/www.quebakan.com\/v15\/andres-cepeda-cierra-el-2025-como-uno-de-los-artistas-mas-distinguidos-de-la-musica-latina\/#article","isPartOf":{"@id":"https:\/\/www.quebakan.com\/v15\/andres-cepeda-cierra-el-2025-como-uno-de-los-artistas-mas-distinguidos-de-la-musica-latina\/"},"author":{"name":"Erick Villafuerte","@id":"https:\/\/www.quebakan.com\/v15\/#\/schema\/person\/d90fa9f9cfa81eb8ace9811e5b7b9118"},"headline":"ANDR\u00c9S CEPEDA CIERRA EL 2025 COMO UNO DE LOS ARTISTAS M\u00c1S DISTINGUIDOS DE LA M\u00daSICA LATINA","datePublished":"2025-12-11T22:22:38+00:00","mainEntityOfPage":{"@id":"https:\/\/www.quebakan.com\/v15\/andres-cepeda-cierra-el-2025-como-uno-de-los-artistas-mas-distinguidos-de-la-musica-latina\/"},"wordCount":561,"publisher":{"@id":"https:\/\/www.quebakan.com\/v15\/#organization"},"image":{"@id":"https:\/\/www.quebakan.com\/v15\/andres-cepeda-cierra-el-2025-como-uno-de-los-artistas-mas-distinguidos-de-la-musica-latina\/#primaryimage"},"thumbnailUrl":"https:\/\/www.quebakan.com\/v15\/wp-content\/uploads\/2025\/12\/31e822da-347f-4bb5-1a9f-3cde5324e976.jpg","articleSection":["M\u00fasica"],"inLanguage":"es"},{"@type":"WebPage","@id":"https:\/\/www.quebakan.com\/v15\/andres-cepeda-cierra-el-2025-como-uno-de-los-artistas-mas-distinguidos-de-la-musica-latina\/","url":"https:\/\/www.quebakan.com\/v15\/andres-cepeda-cierra-el-2025-como-uno-de-los-artistas-mas-distinguidos-de-la-musica-latina\/","name":"ANDR\u00c9S CEPEDA CIERRA EL 2025 COMO UNO DE LOS ARTISTAS M\u00c1S DISTINGUIDOS DE LA M\u00daSICA LATINA &#8211; QUEBAKAN.COM 2026: Noticias, Eventos, Conciertos y mucho m\u00e1s....","isPartOf":{"@id":"https:\/\/www.quebakan.com\/v15\/#website"},"primaryImageOfPage":{"@id":"https:\/\/www.quebakan.com\/v15\/andres-cepeda-cierra-el-2025-como-uno-de-los-artistas-mas-distinguidos-de-la-musica-latina\/#primaryimage"},"image":{"@id":"https:\/\/www.quebakan.com\/v15\/andres-cepeda-cierra-el-2025-como-uno-de-los-artistas-mas-distinguidos-de-la-musica-latina\/#primaryimage"},"thumbnailUrl":"https:\/\/www.quebakan.com\/v15\/wp-content\/uploads\/2025\/12\/31e822da-347f-4bb5-1a9f-3cde5324e976.jpg","datePublished":"2025-12-11T22:22:38+00:00","breadcrumb":{"@id":"https:\/\/www.quebakan.com\/v15\/andres-cepeda-cierra-el-2025-como-uno-de-los-artistas-mas-distinguidos-de-la-musica-latina\/#breadcrumb"},"inLanguage":"es","potentialAction":[{"@type":"ReadAction","target":["https:\/\/www.quebakan.com\/v15\/andres-cepeda-cierra-el-2025-como-uno-de-los-artistas-mas-distinguidos-de-la-musica-latina\/"]}]},{"@type":"ImageObject","inLanguage":"es","@id":"https:\/\/www.quebakan.com\/v15\/andres-cepeda-cierra-el-2025-como-uno-de-los-artistas-mas-distinguidos-de-la-musica-latina\/#primaryimage","url":"https:\/\/www.quebakan.com\/v15\/wp-content\/uploads\/2025\/12\/31e822da-347f-4bb5-1a9f-3cde5324e976.jpg","contentUrl":"https:\/\/www.quebakan.com\/v15\/wp-content\/uploads\/2025\/12\/31e822da-347f-4bb5-1a9f-3cde5324e976.jpg","width":560,"height":700},{"@type":"BreadcrumbList","@id":"https:\/\/www.quebakan.com\/v15\/andres-cepeda-cierra-el-2025-como-uno-de-los-artistas-mas-distinguidos-de-la-musica-latina\/#breadcrumb","itemListElement":[{"@type":"ListItem","position":1,"name":"Portada","item":"https:\/\/www.quebakan.com\/v15\/"},{"@type":"ListItem","position":2,"name":"ANDR\u00c9S CEPEDA CIERRA EL 2025 COMO UNO DE LOS ARTISTAS M\u00c1S DISTINGUIDOS DE LA M\u00daSICA LATINA"}]},{"@type":"WebSite","@id":"https:\/\/www.quebakan.com\/v15\/#website","url":"https:\/\/www.quebakan.com\/v15\/","name":"QUEBAKAN","description":"..","publisher":{"@id":"https:\/\/www.quebakan.com\/v15\/#organization"},"potentialAction":[{"@type":"SearchAction","target":{"@type":"EntryPoint","urlTemplate":"https:\/\/www.quebakan.com\/v15\/?s={search_term_string}"},"query-input":{"@type":"PropertyValueSpecification","valueRequired":true,"valueName":"search_term_string"}}],"inLanguage":"es"},{"@type":"Organization","@id":"https:\/\/www.quebakan.com\/v15\/#organization","name":"Quebakan.com","url":"https:\/\/www.quebakan.com\/v15\/","logo":{"@type":"ImageObject","inLanguage":"es","@id":"https:\/\/www.quebakan.com\/v15\/#\/schema\/logo\/image\/","url":"https:\/\/www.quebakan.com\/v15\/wp-content\/uploads\/2023\/07\/logoquebakanenero2021.jpg","contentUrl":"https:\/\/www.quebakan.com\/v15\/wp-content\/uploads\/2023\/07\/logoquebakanenero2021.jpg","width":1920,"height":1080,"caption":"Quebakan.com"},"image":{"@id":"https:\/\/www.quebakan.com\/v15\/#\/schema\/logo\/image\/"},"sameAs":["http:\/\/www.facebook.com\/quebakan","https:\/\/x.com\/quebakanec","http:\/\/www.instagram.com\/quebakan","http:\/\/www.youtube.com\/quebakan1"]},{"@type":"Person","@id":"https:\/\/www.quebakan.com\/v15\/#\/schema\/person\/d90fa9f9cfa81eb8ace9811e5b7b9118","name":"Erick Villafuerte","image":{"@type":"ImageObject","inLanguage":"es","@id":"https:\/\/www.quebakan.com\/v15\/wp-content\/uploads\/avatars\/4\/1731297654-bpfull.png","url":"https:\/\/www.quebakan.com\/v15\/wp-content\/uploads\/avatars\/4\/1731297654-bpfull.png","contentUrl":"https:\/\/www.quebakan.com\/v15\/wp-content\/uploads\/avatars\/4\/1731297654-bpfull.png","caption":"Erick Villafuerte"}}]}},"_links":{"self":[{"href":"https:\/\/www.quebakan.com\/v15\/wp-json\/wp\/v2\/posts\/138346","targetHints":{"allow":["GET"]}}],"collection":[{"href":"https:\/\/www.quebakan.com\/v15\/wp-json\/wp\/v2\/posts"}],"about":[{"href":"https:\/\/www.quebakan.com\/v15\/wp-json\/wp\/v2\/types\/post"}],"author":[{"embeddable":true,"href":"https:\/\/www.quebakan.com\/v15\/wp-json\/wp\/v2\/users\/4"}],"replies":[{"embeddable":true,"href":"https:\/\/www.quebakan.com\/v15\/wp-json\/wp\/v2\/comments?post=138346"}],"version-history":[{"count":1,"href":"https:\/\/www.quebakan.com\/v15\/wp-json\/wp\/v2\/posts\/138346\/revisions"}],"predecessor-version":[{"id":138348,"href":"https:\/\/www.quebakan.com\/v15\/wp-json\/wp\/v2\/posts\/138346\/revisions\/138348"}],"wp:featuredmedia":[{"embeddable":true,"href":"https:\/\/www.quebakan.com\/v15\/wp-json\/wp\/v2\/media\/138347"}],"wp:attachment":[{"href":"https:\/\/www.quebakan.com\/v15\/wp-json\/wp\/v2\/media?parent=138346"}],"wp:term":[{"taxonomy":"category","embeddable":true,"href":"https:\/\/www.quebakan.com\/v15\/wp-json\/wp\/v2\/categories?post=138346"},{"taxonomy":"post_tag","embeddable":true,"href":"https:\/\/www.quebakan.com\/v15\/wp-json\/wp\/v2\/tags?post=138346"}],"curies":[{"name":"wp","href":"https:\/\/api.w.org\/{rel}","templated":true}]}}