{"id":138350,"date":"2025-12-11T20:49:33","date_gmt":"2025-12-12T01:49:33","guid":{"rendered":"https:\/\/www.quebakan.com\/v15\/?p=138350"},"modified":"2025-12-11T20:49:33","modified_gmt":"2025-12-12T01:49:33","slug":"con-casa-ecuador-abu-dabi-la-embajada-de-la-naturaleza-el-pais-hace-historia-en-la-f1","status":"publish","type":"post","link":"https:\/\/www.quebakan.com\/v15\/con-casa-ecuador-abu-dabi-la-embajada-de-la-naturaleza-el-pais-hace-historia-en-la-f1\/","title":{"rendered":"CON CASA ECUADOR ABU DABI-LA EMBAJADA  DE LA NATURALEZA, EL PA\u00cdS HACE HISTORIA EN LA F1"},"content":{"rendered":"<p><img fetchpriority=\"high\" decoding=\"async\" class=\"aligncenter size-full wp-image-138351\" src=\"https:\/\/www.quebakan.com\/v15\/wp-content\/uploads\/2025\/12\/Foto-Casa-Ecuador-en-Abu-Dabi-1.jpg\" alt=\"\" width=\"700\" height=\"467\" \/><\/p>\n<p style=\"text-align: justify;\"><span style=\"color: #000000;\" data-olk-copy-source=\"MessageBody\">Casa Ecuador ofreci\u00f3 una Gala en el Emirates Palace Mandarin Oriental, d\u00f3nde reuni\u00f3 a autoridades ecuatorianas y emirat\u00edes, miembros del cuerpo diplom\u00e1tico, empresarios, l\u00edderes internacionales y artistas.<\/span><\/p>\n<ul>\n<li style=\"text-align: justify;\"><span style=\"color: #000000;\"><em>Los asistentes a la prestigiosa carrera automovil\u00edstica tuvieron la oportunidad de explorar los cuatro mundos de Ecuador en el pabell\u00f3n inmersivo que se ubic\u00f3 dentro del mismo circuito del evento deportivo.<\/em><\/span><\/li>\n<\/ul>\n<ul style=\"text-align: justify;\">\n<li><span style=\"color: #000000;\"><em>En el 2026 habr\u00e1 ediciones en Nueva York, durante el Mundial de F\u00fatbol, Miami y Madrid.<\/em><\/span><\/li>\n<\/ul>\n<p style=\"text-align: justify;\"><span style=\"color: #000000;\"><strong>EAU, 7 diciembre de 2025.<\/strong><strong>&#8211;<\/strong> Casa Ecuador\u2013La Embajada de la Naturaleza concluy\u00f3 con gran \u00e9xito su primera edici\u00f3n en Medio Oriente durante el Gran Premio Etihad Airways de la F\u00f3rmula 1. El pabell\u00f3n inmersivo, estuvo ubicado estrat\u00e9gicamente dentro del circuito donde se corri\u00f3 la prestigiosa competencia automovil\u00edstica, la zona recibi\u00f3 un flujo aproximado de 60.000 visitantes diarios durante los cuatro d\u00edas de activaci\u00f3n.<\/span><\/p>\n<p style=\"text-align: justify;\"><span style=\"color: #000000;\">Esta posici\u00f3n privilegiada permiti\u00f3 consolidar a Casa Ecuador como una de las activaciones culturales m\u00e1s destacadas del calendario global de F1 de este a\u00f1o. Con esta presencia, Ecuador hace historia al convertirse en el <strong>primer pa\u00eds en la historia de ser parte de las actividades oficiales del Gran Premio de la F1<\/strong> en estar dentro de este escenario excepcional.<\/span><\/p>\n<p style=\"text-align: justify;\"><span style=\"color: #000000;\">Casa Ecuador Abu Dabi\u2013La Embajada de la Naturaleza ocup\u00f3 un \u00e1rea del Fan Zone dentro del circuito Yas Marina, sede del Gran Premio de la F1. El pabell\u00f3n inmersivo, concebido y dise\u00f1ado por Fundaci\u00f3n Identidad Nacional, ofreci\u00f3 a los asistentes una <strong>experiencia sensorial<\/strong> que integr\u00f3 riqueza cultural, ambiental y gastron\u00f3mica del Ecuador. A trav\u00e9s de una fusi\u00f3n de innovaci\u00f3n digital, narrativas sensoriales e instalaciones naturales, la activaci\u00f3n fortaleci\u00f3 la presencia del pa\u00eds en el escenario internacional y profundiz\u00f3 los lazos culturales con los Emiratos \u00c1rabes Unidos.<\/span><\/p>\n<p style=\"text-align: justify;\"><span style=\"color: #000000;\">Casa Ecuador Abu Dhabi present\u00f3 un recorrido multisensorial del cacao que ilustr\u00f3 la biodiversidad amaz\u00f3nica del Ecuador y el proceso de transformaci\u00f3n del cacao en el chocolate de renombre mundial. La experiencia resalt\u00f3 el liderazgo del pa\u00eds en agricultura sostenible y su papel como una de las principales fuentes globales de variedades premium de cacao.<\/span><\/p>\n<p style=\"text-align: justify;\"><span style=\"color: #000000;\">Uno de los elementos m\u00e1s fotografiados de la exhibici\u00f3n fueron las m\u00e1s de 100.000 rosas ecuatorianas -cultivadas por Sunrite Farms- adornaron la pieza central del pabell\u00f3n del circuito de Yas Marina durante el fin de semana de la carrera. Las rosas ecuatorianas, destacaron por el vivo color de sus p\u00e9talos y la longitud de sus tallos, simbolizaron la profunda conexi\u00f3n del pa\u00eds con la naturaleza y el crecimiento de sus exportaciones agr\u00edcolas hacia los Emiratos \u00c1rabes Unidos.<\/span><\/p>\n<p style=\"text-align: justify;\"><span style=\"color: #000000;\">Los visitantes tambi\u00e9n interactuaron con proyecciones de 360 grados, arte digital, paisajes sonoros naturales y degustaciones curadas de chocolate y gastronom\u00eda que mostraron la diversidad de las cuatro regiones del Ecuador: Costa, Andes, Amazon\u00eda e Islas Gal\u00e1pagos. La alta afluencia de p\u00fablico refleja el creciente inter\u00e9s en la cultura, la biodiversidad y el potencial econ\u00f3mico del Ecuador dentro de la regi\u00f3n del Golfo.<\/span><\/p>\n<p style=\"text-align: justify;\"><span style=\"color: #000000;\">Luis Felipe Fern\u00e1ndez-Salvador y Campod\u00f3nico, Marqu\u00e9s de Lises y presidente de Fundaci\u00f3n Identidad Nacional, asegur\u00f3 que esta plataforma itinerante continuar\u00e1 expandi\u00e9ndose hacia nuevas capitales del mundo para proyectar la esencia de Ecuador a nivel internacional. <strong><em>\u201cCasa Ecuador naci\u00f3 en Par\u00eds, madur\u00f3 en Madrid y se elev\u00f3 en Abu Dabi. No como una exposici\u00f3n, no como un pabell\u00f3n, sino como una declaraci\u00f3n. Una declaraci\u00f3n de que la identidad, la creatividad y la naturaleza est\u00e1n en el centro de la conversaci\u00f3n global.<\/em><\/strong><strong><em> Anunciamos un paso hist\u00f3rico: la Embajada de la Naturaleza establecer\u00e1 una sede permanente en Ginebra para cumplir su misi\u00f3n diplom\u00e1tica\u2026Este es solo el comienzo, y lo que estamos construyendo juntos no es menos que la F\u00f3rmula 1 del futuro de la humanidad\u201d.<\/em><\/strong><\/span><\/p>\n<p style=\"text-align: justify;\"><span style=\"color: #000000;\">En el contexto de su visita oficial a Emiratos \u00c1rabes Unidos, <strong>el presidente Daniel Noboa participaron del encuentro \u201cEmbassy of Nature &#8211; Casa Ecuador<\/strong>, en compa\u00f1\u00eda de su esposa Lavinia Valnonesi y algunos integrantes de su gabinete ministerial. Impulsada por el impulso generado en Abu Dabi, Casa Ecuador- La Embajada de la Naturaleza continuar\u00e1 su expansi\u00f3n global. En 2026, debutar\u00e1 en la ciudad de Nueva York durante la Copa Mundial de la FIFA. Asimismo, se encuentran previstas ediciones adicionales en Miami (Estados Unidos) y Madrid (Espa\u00f1a), consolidando la creciente presencia cultural, ambiental y diplom\u00e1tica del Ecuador en el mundo.<\/span><\/p>\n<p style=\"text-align: justify;\"><span style=\"color: #000000;\"><strong>Experiencia exclusiva en terraza<\/strong><\/span><\/p>\n<p style=\"text-align: justify;\"><span style=\"color: #000000;\">Ubicado en el coraz\u00f3n de Yas Island, el W Abu Dhabi es un hotel cinco estrellas situado de manera \u00fanica sobre y alrededor del circuito de F\u00f3rmula 1 Yas Marina. Como activaci\u00f3n complementaria a la presencia de Casa Ecuador dentro del Gran Premio, su exclusiva terraza con vista al circuito exhibi\u00f3 uno de los elementos distintivos de Casa Ecuador: las rosas premium del Ecuador. Miles de estas flores \u2014reconocidas por sus botones que pueden abrirse hasta 10 cm y sus elegantes tallos que pueden alcanzar hasta 120 cm\u2014 formaron una parte esencial de la decoraci\u00f3n de la terraza, extendiendo la expresi\u00f3n cultural y natural del Ecuador m\u00e1s all\u00e1 del pabell\u00f3n y hacia uno de los puntos de vista m\u00e1s ic\u00f3nicos del fin de semana de la carrera.<\/span><\/p>\n<p style=\"text-align: justify;\"><span style=\"color: #000000;\"><strong>Gala y reconocimientos<\/strong><\/span><\/p>\n<p style=\"text-align: justify;\"><span style=\"color: #000000;\">El 6 de diciembre, Luis Felipe Fern\u00e1ndez-Salvador y Campod\u00f3nico fue el anfitri\u00f3n de una gala de alto perfil a la que asistieron autoridades ecuatorianas y l\u00edderes empresariales internacionales, incluido Christian Courtin-Clarins, quien recibi\u00f3 un reconocimiento especial. El evento se llev\u00f3 a cabo en el Emirates Palace Mandarin Oriental Abu Dhabi, junto al Palacio Real, y present\u00f3 un men\u00fa exclusivo completamente decorado con oro comestible de 24 quilates, acompa\u00f1ado de una actuaci\u00f3n en vivo del m\u00fasico ganador del Oscar, Nicolas Becker.<\/span><\/p>\n<p style=\"text-align: justify;\"><span style=\"color: #000000;\">La velada reuni\u00f3 a miembros de la realeza, l\u00edderes empresariales, diplom\u00e1ticos, \u00edconos culturales e innovadores globales. Entre los invitados distinguidos tambi\u00e9n se encontraban los galardonados de la noche, quienes recibieron los Reconocimientos Casa Ecuador, premios que celebran a personas de diversos \u00e1mbitos que impulsan un futuro en el que la naturaleza, la sostenibilidad, la juventud y la creatividad se convierten en motores de transformaci\u00f3n.<\/span><\/p>\n<p style=\"text-align: justify;\"><span style=\"color: #000000;\">Inspirados en la <strong>Vasija de Palanda<\/strong>, un s\u00edmbolo ancestral del v\u00ednculo sagrado entre la humanidad y el territorio, estos reconocimientos honran a quienes encarnan este legado en el mundo contempor\u00e1neo. Entre ellos estuvieron Christian Courtin-Clarins, presidente del Consejo de Supervisi\u00f3n del Grupo Clarins y figura destacada en liderazgo responsable a nivel mundial; Thibault de Saint Vincent, presidente y cofundador de BARNES International Realty y l\u00edder en la promoci\u00f3n internacional de territorios; Bulut Ba\u011fc\u0131, presidente del World Tourism Forum Institute y referente global en turismo responsable; y Michael Koth, gerente general de Emirates Palace Mandarin Oriental y un referente en excelencia hotelera.<\/span><\/p>\n<p style=\"text-align: justify;\"><span style=\"color: #000000;\">Tambi\u00e9n asistieron embajadores de diversos pa\u00edses y CEOs de empresas como Zedra, GPS Group y MBM Group, entre otros.<\/span><\/p>\n<p style=\"text-align: justify;\"><span style=\"color: #000000;\"><strong>La Embajada de la Naturaleza<\/strong><\/span><\/p>\n<p style=\"text-align: justify;\"><span style=\"color: #000000;\">Presentada en 2024 ante las Naciones Unidas, <strong>La Embajada de la Naturaleza<\/strong> es la iniciativa m\u00e1s ambiciosa de Luis Felipe Fern\u00e1ndez-Salvador, VI Marqu\u00e9s de Lises y presidente de la ONG ecuatoriana Fundaci\u00f3n Identidad Nacional.<\/span><\/p>\n<p style=\"text-align: justify;\"><span style=\"color: #000000;\">Concebida como una entidad supranacional emergente, La Embajada de la Naturaleza busca otorgar agencia econ\u00f3mica y diplom\u00e1tica a los sistemas naturales del planeta. Su premisa central: la naturaleza es el activo m\u00e1s subvalorado del mundo y debe ser valorada, protegida e integrada en los mercados globales con rigor cient\u00edfico.<\/span><\/p>\n<p style=\"text-align: justify;\"><span style=\"color: #000000;\">A trav\u00e9s del uso de inteligencia artificial, blockchain y sistemas avanzados de verificaci\u00f3n, La Embajada de la Naturaleza crea instrumentos ecol\u00f3gicos invertibles, como unidades de carbono tokenizadas y activos de biodiversidad, al tiempo que promueve empleo sostenible y cooperaci\u00f3n transfronteriza. El modelo se extiende al patrimonio mediante <strong>\u201cPropiedades Imposibles\u201d<\/strong>, un concepto que vincula bienes ra\u00edces ic\u00f3nicos con reservas naturales circundantes para formar activos h\u00edbridos ecol\u00f3gico-arquitect\u00f3nicos, alineados de manera \u00fanica con las prioridades de Medio Oriente en innovaci\u00f3n clim\u00e1tica y gesti\u00f3n ambiental.<\/span><\/p>\n<p><img decoding=\"async\" class=\"aligncenter size-full wp-image-138352\" src=\"https:\/\/www.quebakan.com\/v15\/wp-content\/uploads\/2025\/12\/Foto-Casa-Ecuador-en-Abu-Dabi-3.jpg\" alt=\"\" width=\"700\" height=\"467\" \/><\/p>\n<p style=\"text-align: center;\"><span data-olk-copy-source=\"MessageBody\">El Marqu\u00e9s de Lises tambi\u00e9n reconoci\u00f3 a Christian Courtin-Clarins, presidente del Consejo de Supervisi\u00f3n del Grupo Clarins y una figura destacada en el liderazgo responsable a nivel mundial.<\/span><\/p>\n<p><img decoding=\"async\" class=\"aligncenter size-full wp-image-138353\" src=\"https:\/\/www.quebakan.com\/v15\/wp-content\/uploads\/2025\/12\/Foto-Casa-Ecuador-en-Abu-Dabi-4.jpg\" alt=\"\" width=\"467\" height=\"700\" \/><\/p>\n<p style=\"text-align: center;\"><span style=\"color: #000000;\" data-olk-copy-source=\"MessageBody\">Luis Felipe Fern\u00e1ndez-Salvador y Campod\u00f3nico entreg\u00f3 reconocimiento a Bulut Ba\u011fc\u0131, presidente del World Tourism Forum Institute y un l\u00edder global en turismo responsable.<\/span><\/p>\n<p><img loading=\"lazy\" decoding=\"async\" class=\"aligncenter size-full wp-image-138354\" src=\"https:\/\/www.quebakan.com\/v15\/wp-content\/uploads\/2025\/12\/Foto-Casa-Ecuador-en-Abu-Dabi-2.jpg\" alt=\"\" width=\"700\" height=\"467\" \/><\/p>\n<p style=\"text-align: justify;\"><span style=\"color: #000000;\" data-olk-copy-source=\"MessageBody\">Luis Felipe Fern\u00e1ndez-Salvador y Campod\u00f3nico, presidente de Fundaci\u00f3n Identidad Nacional, entreg\u00f3 el reconocimiento a Michael Koth, gerente general de Emirates Palace Mandarin Oriental y un referente en la excelencia hotelera.<\/span><\/p>\n","protected":false},"excerpt":{"rendered":"<p>Casa Ecuador ofreci\u00f3 una Gala en el Emirates Palace Mandarin Oriental, d\u00f3nde reuni\u00f3 a autoridades ecuatorianas y emirat\u00edes, miembros del cuerpo diplom\u00e1tico, empresarios, l\u00edderes internacionales y artistas. Los asistentes a la prestigiosa carrera automovil\u00edstica tuvieron la oportunidad de explorar los cuatro mundos de Ecuador en el pabell\u00f3n inmersivo que se ubic\u00f3 dentro del mismo circuito [&hellip;]<\/p>\n","protected":false},"author":4,"featured_media":138354,"comment_status":"closed","ping_status":"closed","sticky":false,"template":"","format":"standard","meta":{"_bbp_topic_count":0,"_bbp_reply_count":0,"_bbp_total_topic_count":0,"_bbp_total_reply_count":0,"_bbp_voice_count":0,"_bbp_anonymous_reply_count":0,"_bbp_topic_count_hidden":0,"_bbp_reply_count_hidden":0,"_bbp_forum_subforum_count":0,"buzzeditor_post_format":"","footnotes":""},"categories":[2],"tags":[],"class_list":["post-138350","post","type-post","status-publish","format-standard","has-post-thumbnail","hentry","category-noticias"],"yoast_head":"<!-- This site is optimized with the Yoast SEO plugin v27.5 - https:\/\/yoast.com\/product\/yoast-seo-wordpress\/ -->\n<title>CON CASA ECUADOR ABU DABI-LA EMBAJADA DE LA NATURALEZA, EL PA\u00cdS HACE HISTORIA EN LA F1 &#8211; QUEBAKAN.COM 2026: Noticias, Eventos, Conciertos y mucho m\u00e1s....<\/title>\n<meta name=\"robots\" content=\"index, follow, max-snippet:-1, max-image-preview:large, max-video-preview:-1\" \/>\n<link rel=\"canonical\" href=\"https:\/\/www.quebakan.com\/v15\/con-casa-ecuador-abu-dabi-la-embajada-de-la-naturaleza-el-pais-hace-historia-en-la-f1\/\" \/>\n<meta property=\"og:locale\" content=\"es_ES\" \/>\n<meta property=\"og:type\" content=\"article\" \/>\n<meta property=\"og:title\" content=\"CON CASA ECUADOR ABU DABI-LA EMBAJADA DE LA NATURALEZA, EL PA\u00cdS HACE HISTORIA EN LA F1 &#8211; QUEBAKAN.COM 2026: Noticias, Eventos, Conciertos y mucho m\u00e1s....\" \/>\n<meta property=\"og:description\" content=\"Casa Ecuador ofreci\u00f3 una Gala en el Emirates Palace Mandarin Oriental, d\u00f3nde reuni\u00f3 a autoridades ecuatorianas y emirat\u00edes, miembros del cuerpo diplom\u00e1tico, empresarios, l\u00edderes internacionales y artistas. Los asistentes a la prestigiosa carrera automovil\u00edstica tuvieron la oportunidad de explorar los cuatro mundos de Ecuador en el pabell\u00f3n inmersivo que se ubic\u00f3 dentro del mismo circuito [&hellip;]\" \/>\n<meta property=\"og:url\" content=\"https:\/\/www.quebakan.com\/v15\/con-casa-ecuador-abu-dabi-la-embajada-de-la-naturaleza-el-pais-hace-historia-en-la-f1\/\" \/>\n<meta property=\"og:site_name\" content=\"QUEBAKAN.COM 2026: Noticias, Eventos, Conciertos y mucho m\u00e1s....\" \/>\n<meta property=\"article:publisher\" content=\"http:\/\/www.facebook.com\/quebakan\" \/>\n<meta property=\"article:published_time\" content=\"2025-12-12T01:49:33+00:00\" \/>\n<meta property=\"og:image\" content=\"https:\/\/www.quebakan.com\/v15\/wp-content\/uploads\/2025\/12\/Foto-Casa-Ecuador-en-Abu-Dabi-2.jpg\" \/>\n\t<meta property=\"og:image:width\" content=\"700\" \/>\n\t<meta property=\"og:image:height\" content=\"467\" \/>\n\t<meta property=\"og:image:type\" content=\"image\/jpeg\" \/>\n<meta name=\"author\" content=\"Erick Villafuerte\" \/>\n<meta name=\"twitter:card\" content=\"summary_large_image\" \/>\n<meta name=\"twitter:creator\" content=\"@quebakanec\" \/>\n<meta name=\"twitter:site\" content=\"@quebakanec\" \/>\n<meta name=\"twitter:label1\" content=\"Escrito por\" \/>\n\t<meta name=\"twitter:data1\" content=\"Erick Villafuerte\" \/>\n\t<meta name=\"twitter:label2\" content=\"Tiempo de lectura\" \/>\n\t<meta name=\"twitter:data2\" content=\"7 minutos\" \/>\n<script type=\"application\/ld+json\" class=\"yoast-schema-graph\">{\"@context\":\"https:\\\/\\\/schema.org\",\"@graph\":[{\"@type\":\"Article\",\"@id\":\"https:\\\/\\\/www.quebakan.com\\\/v15\\\/con-casa-ecuador-abu-dabi-la-embajada-de-la-naturaleza-el-pais-hace-historia-en-la-f1\\\/#article\",\"isPartOf\":{\"@id\":\"https:\\\/\\\/www.quebakan.com\\\/v15\\\/con-casa-ecuador-abu-dabi-la-embajada-de-la-naturaleza-el-pais-hace-historia-en-la-f1\\\/\"},\"author\":{\"name\":\"Erick Villafuerte\",\"@id\":\"https:\\\/\\\/www.quebakan.com\\\/v15\\\/#\\\/schema\\\/person\\\/d90fa9f9cfa81eb8ace9811e5b7b9118\"},\"headline\":\"CON CASA ECUADOR ABU DABI-LA EMBAJADA DE LA NATURALEZA, EL PA\u00cdS HACE HISTORIA EN LA F1\",\"datePublished\":\"2025-12-12T01:49:33+00:00\",\"mainEntityOfPage\":{\"@id\":\"https:\\\/\\\/www.quebakan.com\\\/v15\\\/con-casa-ecuador-abu-dabi-la-embajada-de-la-naturaleza-el-pais-hace-historia-en-la-f1\\\/\"},\"wordCount\":1477,\"publisher\":{\"@id\":\"https:\\\/\\\/www.quebakan.com\\\/v15\\\/#organization\"},\"image\":{\"@id\":\"https:\\\/\\\/www.quebakan.com\\\/v15\\\/con-casa-ecuador-abu-dabi-la-embajada-de-la-naturaleza-el-pais-hace-historia-en-la-f1\\\/#primaryimage\"},\"thumbnailUrl\":\"https:\\\/\\\/www.quebakan.com\\\/v15\\\/wp-content\\\/uploads\\\/2025\\\/12\\\/Foto-Casa-Ecuador-en-Abu-Dabi-2.jpg\",\"articleSection\":[\"Noticias\"],\"inLanguage\":\"es\"},{\"@type\":\"WebPage\",\"@id\":\"https:\\\/\\\/www.quebakan.com\\\/v15\\\/con-casa-ecuador-abu-dabi-la-embajada-de-la-naturaleza-el-pais-hace-historia-en-la-f1\\\/\",\"url\":\"https:\\\/\\\/www.quebakan.com\\\/v15\\\/con-casa-ecuador-abu-dabi-la-embajada-de-la-naturaleza-el-pais-hace-historia-en-la-f1\\\/\",\"name\":\"CON CASA ECUADOR ABU DABI-LA EMBAJADA DE LA NATURALEZA, EL PA\u00cdS HACE HISTORIA EN LA F1 &#8211; QUEBAKAN.COM 2026: Noticias, Eventos, Conciertos y mucho m\u00e1s....\",\"isPartOf\":{\"@id\":\"https:\\\/\\\/www.quebakan.com\\\/v15\\\/#website\"},\"primaryImageOfPage\":{\"@id\":\"https:\\\/\\\/www.quebakan.com\\\/v15\\\/con-casa-ecuador-abu-dabi-la-embajada-de-la-naturaleza-el-pais-hace-historia-en-la-f1\\\/#primaryimage\"},\"image\":{\"@id\":\"https:\\\/\\\/www.quebakan.com\\\/v15\\\/con-casa-ecuador-abu-dabi-la-embajada-de-la-naturaleza-el-pais-hace-historia-en-la-f1\\\/#primaryimage\"},\"thumbnailUrl\":\"https:\\\/\\\/www.quebakan.com\\\/v15\\\/wp-content\\\/uploads\\\/2025\\\/12\\\/Foto-Casa-Ecuador-en-Abu-Dabi-2.jpg\",\"datePublished\":\"2025-12-12T01:49:33+00:00\",\"breadcrumb\":{\"@id\":\"https:\\\/\\\/www.quebakan.com\\\/v15\\\/con-casa-ecuador-abu-dabi-la-embajada-de-la-naturaleza-el-pais-hace-historia-en-la-f1\\\/#breadcrumb\"},\"inLanguage\":\"es\",\"potentialAction\":[{\"@type\":\"ReadAction\",\"target\":[\"https:\\\/\\\/www.quebakan.com\\\/v15\\\/con-casa-ecuador-abu-dabi-la-embajada-de-la-naturaleza-el-pais-hace-historia-en-la-f1\\\/\"]}]},{\"@type\":\"ImageObject\",\"inLanguage\":\"es\",\"@id\":\"https:\\\/\\\/www.quebakan.com\\\/v15\\\/con-casa-ecuador-abu-dabi-la-embajada-de-la-naturaleza-el-pais-hace-historia-en-la-f1\\\/#primaryimage\",\"url\":\"https:\\\/\\\/www.quebakan.com\\\/v15\\\/wp-content\\\/uploads\\\/2025\\\/12\\\/Foto-Casa-Ecuador-en-Abu-Dabi-2.jpg\",\"contentUrl\":\"https:\\\/\\\/www.quebakan.com\\\/v15\\\/wp-content\\\/uploads\\\/2025\\\/12\\\/Foto-Casa-Ecuador-en-Abu-Dabi-2.jpg\",\"width\":700,\"height\":467},{\"@type\":\"BreadcrumbList\",\"@id\":\"https:\\\/\\\/www.quebakan.com\\\/v15\\\/con-casa-ecuador-abu-dabi-la-embajada-de-la-naturaleza-el-pais-hace-historia-en-la-f1\\\/#breadcrumb\",\"itemListElement\":[{\"@type\":\"ListItem\",\"position\":1,\"name\":\"Portada\",\"item\":\"https:\\\/\\\/www.quebakan.com\\\/v15\\\/\"},{\"@type\":\"ListItem\",\"position\":2,\"name\":\"CON CASA ECUADOR ABU DABI-LA EMBAJADA DE LA NATURALEZA, EL PA\u00cdS HACE HISTORIA EN LA F1\"}]},{\"@type\":\"WebSite\",\"@id\":\"https:\\\/\\\/www.quebakan.com\\\/v15\\\/#website\",\"url\":\"https:\\\/\\\/www.quebakan.com\\\/v15\\\/\",\"name\":\"QUEBAKAN\",\"description\":\"..\",\"publisher\":{\"@id\":\"https:\\\/\\\/www.quebakan.com\\\/v15\\\/#organization\"},\"potentialAction\":[{\"@type\":\"SearchAction\",\"target\":{\"@type\":\"EntryPoint\",\"urlTemplate\":\"https:\\\/\\\/www.quebakan.com\\\/v15\\\/?s={search_term_string}\"},\"query-input\":{\"@type\":\"PropertyValueSpecification\",\"valueRequired\":true,\"valueName\":\"search_term_string\"}}],\"inLanguage\":\"es\"},{\"@type\":\"Organization\",\"@id\":\"https:\\\/\\\/www.quebakan.com\\\/v15\\\/#organization\",\"name\":\"Quebakan.com\",\"url\":\"https:\\\/\\\/www.quebakan.com\\\/v15\\\/\",\"logo\":{\"@type\":\"ImageObject\",\"inLanguage\":\"es\",\"@id\":\"https:\\\/\\\/www.quebakan.com\\\/v15\\\/#\\\/schema\\\/logo\\\/image\\\/\",\"url\":\"https:\\\/\\\/www.quebakan.com\\\/v15\\\/wp-content\\\/uploads\\\/2023\\\/07\\\/logoquebakanenero2021.jpg\",\"contentUrl\":\"https:\\\/\\\/www.quebakan.com\\\/v15\\\/wp-content\\\/uploads\\\/2023\\\/07\\\/logoquebakanenero2021.jpg\",\"width\":1920,\"height\":1080,\"caption\":\"Quebakan.com\"},\"image\":{\"@id\":\"https:\\\/\\\/www.quebakan.com\\\/v15\\\/#\\\/schema\\\/logo\\\/image\\\/\"},\"sameAs\":[\"http:\\\/\\\/www.facebook.com\\\/quebakan\",\"https:\\\/\\\/x.com\\\/quebakanec\",\"http:\\\/\\\/www.instagram.com\\\/quebakan\",\"http:\\\/\\\/www.youtube.com\\\/quebakan1\"]},{\"@type\":\"Person\",\"@id\":\"https:\\\/\\\/www.quebakan.com\\\/v15\\\/#\\\/schema\\\/person\\\/d90fa9f9cfa81eb8ace9811e5b7b9118\",\"name\":\"Erick Villafuerte\",\"image\":{\"@type\":\"ImageObject\",\"inLanguage\":\"es\",\"@id\":\"https:\\\/\\\/www.quebakan.com\\\/v15\\\/wp-content\\\/uploads\\\/avatars\\\/4\\\/1731297654-bpfull.png\",\"url\":\"https:\\\/\\\/www.quebakan.com\\\/v15\\\/wp-content\\\/uploads\\\/avatars\\\/4\\\/1731297654-bpfull.png\",\"contentUrl\":\"https:\\\/\\\/www.quebakan.com\\\/v15\\\/wp-content\\\/uploads\\\/avatars\\\/4\\\/1731297654-bpfull.png\",\"caption\":\"Erick Villafuerte\"}}]}<\/script>\n<!-- \/ Yoast SEO plugin. -->","yoast_head_json":{"title":"CON CASA ECUADOR ABU DABI-LA EMBAJADA DE LA NATURALEZA, EL PA\u00cdS HACE HISTORIA EN LA F1 &#8211; QUEBAKAN.COM 2026: Noticias, Eventos, Conciertos y mucho m\u00e1s....","robots":{"index":"index","follow":"follow","max-snippet":"max-snippet:-1","max-image-preview":"max-image-preview:large","max-video-preview":"max-video-preview:-1"},"canonical":"https:\/\/www.quebakan.com\/v15\/con-casa-ecuador-abu-dabi-la-embajada-de-la-naturaleza-el-pais-hace-historia-en-la-f1\/","og_locale":"es_ES","og_type":"article","og_title":"CON CASA ECUADOR ABU DABI-LA EMBAJADA DE LA NATURALEZA, EL PA\u00cdS HACE HISTORIA EN LA F1 &#8211; QUEBAKAN.COM 2026: Noticias, Eventos, Conciertos y mucho m\u00e1s....","og_description":"Casa Ecuador ofreci\u00f3 una Gala en el Emirates Palace Mandarin Oriental, d\u00f3nde reuni\u00f3 a autoridades ecuatorianas y emirat\u00edes, miembros del cuerpo diplom\u00e1tico, empresarios, l\u00edderes internacionales y artistas. Los asistentes a la prestigiosa carrera automovil\u00edstica tuvieron la oportunidad de explorar los cuatro mundos de Ecuador en el pabell\u00f3n inmersivo que se ubic\u00f3 dentro del mismo circuito [&hellip;]","og_url":"https:\/\/www.quebakan.com\/v15\/con-casa-ecuador-abu-dabi-la-embajada-de-la-naturaleza-el-pais-hace-historia-en-la-f1\/","og_site_name":"QUEBAKAN.COM 2026: Noticias, Eventos, Conciertos y mucho m\u00e1s....","article_publisher":"http:\/\/www.facebook.com\/quebakan","article_published_time":"2025-12-12T01:49:33+00:00","og_image":[{"width":700,"height":467,"url":"https:\/\/www.quebakan.com\/v15\/wp-content\/uploads\/2025\/12\/Foto-Casa-Ecuador-en-Abu-Dabi-2.jpg","type":"image\/jpeg"}],"author":"Erick Villafuerte","twitter_card":"summary_large_image","twitter_creator":"@quebakanec","twitter_site":"@quebakanec","twitter_misc":{"Escrito por":"Erick Villafuerte","Tiempo de lectura":"7 minutos"},"schema":{"@context":"https:\/\/schema.org","@graph":[{"@type":"Article","@id":"https:\/\/www.quebakan.com\/v15\/con-casa-ecuador-abu-dabi-la-embajada-de-la-naturaleza-el-pais-hace-historia-en-la-f1\/#article","isPartOf":{"@id":"https:\/\/www.quebakan.com\/v15\/con-casa-ecuador-abu-dabi-la-embajada-de-la-naturaleza-el-pais-hace-historia-en-la-f1\/"},"author":{"name":"Erick Villafuerte","@id":"https:\/\/www.quebakan.com\/v15\/#\/schema\/person\/d90fa9f9cfa81eb8ace9811e5b7b9118"},"headline":"CON CASA ECUADOR ABU DABI-LA EMBAJADA DE LA NATURALEZA, EL PA\u00cdS HACE HISTORIA EN LA F1","datePublished":"2025-12-12T01:49:33+00:00","mainEntityOfPage":{"@id":"https:\/\/www.quebakan.com\/v15\/con-casa-ecuador-abu-dabi-la-embajada-de-la-naturaleza-el-pais-hace-historia-en-la-f1\/"},"wordCount":1477,"publisher":{"@id":"https:\/\/www.quebakan.com\/v15\/#organization"},"image":{"@id":"https:\/\/www.quebakan.com\/v15\/con-casa-ecuador-abu-dabi-la-embajada-de-la-naturaleza-el-pais-hace-historia-en-la-f1\/#primaryimage"},"thumbnailUrl":"https:\/\/www.quebakan.com\/v15\/wp-content\/uploads\/2025\/12\/Foto-Casa-Ecuador-en-Abu-Dabi-2.jpg","articleSection":["Noticias"],"inLanguage":"es"},{"@type":"WebPage","@id":"https:\/\/www.quebakan.com\/v15\/con-casa-ecuador-abu-dabi-la-embajada-de-la-naturaleza-el-pais-hace-historia-en-la-f1\/","url":"https:\/\/www.quebakan.com\/v15\/con-casa-ecuador-abu-dabi-la-embajada-de-la-naturaleza-el-pais-hace-historia-en-la-f1\/","name":"CON CASA ECUADOR ABU DABI-LA EMBAJADA DE LA NATURALEZA, EL PA\u00cdS HACE HISTORIA EN LA F1 &#8211; QUEBAKAN.COM 2026: Noticias, Eventos, Conciertos y mucho m\u00e1s....","isPartOf":{"@id":"https:\/\/www.quebakan.com\/v15\/#website"},"primaryImageOfPage":{"@id":"https:\/\/www.quebakan.com\/v15\/con-casa-ecuador-abu-dabi-la-embajada-de-la-naturaleza-el-pais-hace-historia-en-la-f1\/#primaryimage"},"image":{"@id":"https:\/\/www.quebakan.com\/v15\/con-casa-ecuador-abu-dabi-la-embajada-de-la-naturaleza-el-pais-hace-historia-en-la-f1\/#primaryimage"},"thumbnailUrl":"https:\/\/www.quebakan.com\/v15\/wp-content\/uploads\/2025\/12\/Foto-Casa-Ecuador-en-Abu-Dabi-2.jpg","datePublished":"2025-12-12T01:49:33+00:00","breadcrumb":{"@id":"https:\/\/www.quebakan.com\/v15\/con-casa-ecuador-abu-dabi-la-embajada-de-la-naturaleza-el-pais-hace-historia-en-la-f1\/#breadcrumb"},"inLanguage":"es","potentialAction":[{"@type":"ReadAction","target":["https:\/\/www.quebakan.com\/v15\/con-casa-ecuador-abu-dabi-la-embajada-de-la-naturaleza-el-pais-hace-historia-en-la-f1\/"]}]},{"@type":"ImageObject","inLanguage":"es","@id":"https:\/\/www.quebakan.com\/v15\/con-casa-ecuador-abu-dabi-la-embajada-de-la-naturaleza-el-pais-hace-historia-en-la-f1\/#primaryimage","url":"https:\/\/www.quebakan.com\/v15\/wp-content\/uploads\/2025\/12\/Foto-Casa-Ecuador-en-Abu-Dabi-2.jpg","contentUrl":"https:\/\/www.quebakan.com\/v15\/wp-content\/uploads\/2025\/12\/Foto-Casa-Ecuador-en-Abu-Dabi-2.jpg","width":700,"height":467},{"@type":"BreadcrumbList","@id":"https:\/\/www.quebakan.com\/v15\/con-casa-ecuador-abu-dabi-la-embajada-de-la-naturaleza-el-pais-hace-historia-en-la-f1\/#breadcrumb","itemListElement":[{"@type":"ListItem","position":1,"name":"Portada","item":"https:\/\/www.quebakan.com\/v15\/"},{"@type":"ListItem","position":2,"name":"CON CASA ECUADOR ABU DABI-LA EMBAJADA DE LA NATURALEZA, EL PA\u00cdS HACE HISTORIA EN LA F1"}]},{"@type":"WebSite","@id":"https:\/\/www.quebakan.com\/v15\/#website","url":"https:\/\/www.quebakan.com\/v15\/","name":"QUEBAKAN","description":"..","publisher":{"@id":"https:\/\/www.quebakan.com\/v15\/#organization"},"potentialAction":[{"@type":"SearchAction","target":{"@type":"EntryPoint","urlTemplate":"https:\/\/www.quebakan.com\/v15\/?s={search_term_string}"},"query-input":{"@type":"PropertyValueSpecification","valueRequired":true,"valueName":"search_term_string"}}],"inLanguage":"es"},{"@type":"Organization","@id":"https:\/\/www.quebakan.com\/v15\/#organization","name":"Quebakan.com","url":"https:\/\/www.quebakan.com\/v15\/","logo":{"@type":"ImageObject","inLanguage":"es","@id":"https:\/\/www.quebakan.com\/v15\/#\/schema\/logo\/image\/","url":"https:\/\/www.quebakan.com\/v15\/wp-content\/uploads\/2023\/07\/logoquebakanenero2021.jpg","contentUrl":"https:\/\/www.quebakan.com\/v15\/wp-content\/uploads\/2023\/07\/logoquebakanenero2021.jpg","width":1920,"height":1080,"caption":"Quebakan.com"},"image":{"@id":"https:\/\/www.quebakan.com\/v15\/#\/schema\/logo\/image\/"},"sameAs":["http:\/\/www.facebook.com\/quebakan","https:\/\/x.com\/quebakanec","http:\/\/www.instagram.com\/quebakan","http:\/\/www.youtube.com\/quebakan1"]},{"@type":"Person","@id":"https:\/\/www.quebakan.com\/v15\/#\/schema\/person\/d90fa9f9cfa81eb8ace9811e5b7b9118","name":"Erick Villafuerte","image":{"@type":"ImageObject","inLanguage":"es","@id":"https:\/\/www.quebakan.com\/v15\/wp-content\/uploads\/avatars\/4\/1731297654-bpfull.png","url":"https:\/\/www.quebakan.com\/v15\/wp-content\/uploads\/avatars\/4\/1731297654-bpfull.png","contentUrl":"https:\/\/www.quebakan.com\/v15\/wp-content\/uploads\/avatars\/4\/1731297654-bpfull.png","caption":"Erick Villafuerte"}}]}},"_links":{"self":[{"href":"https:\/\/www.quebakan.com\/v15\/wp-json\/wp\/v2\/posts\/138350","targetHints":{"allow":["GET"]}}],"collection":[{"href":"https:\/\/www.quebakan.com\/v15\/wp-json\/wp\/v2\/posts"}],"about":[{"href":"https:\/\/www.quebakan.com\/v15\/wp-json\/wp\/v2\/types\/post"}],"author":[{"embeddable":true,"href":"https:\/\/www.quebakan.com\/v15\/wp-json\/wp\/v2\/users\/4"}],"replies":[{"embeddable":true,"href":"https:\/\/www.quebakan.com\/v15\/wp-json\/wp\/v2\/comments?post=138350"}],"version-history":[{"count":1,"href":"https:\/\/www.quebakan.com\/v15\/wp-json\/wp\/v2\/posts\/138350\/revisions"}],"predecessor-version":[{"id":138355,"href":"https:\/\/www.quebakan.com\/v15\/wp-json\/wp\/v2\/posts\/138350\/revisions\/138355"}],"wp:featuredmedia":[{"embeddable":true,"href":"https:\/\/www.quebakan.com\/v15\/wp-json\/wp\/v2\/media\/138354"}],"wp:attachment":[{"href":"https:\/\/www.quebakan.com\/v15\/wp-json\/wp\/v2\/media?parent=138350"}],"wp:term":[{"taxonomy":"category","embeddable":true,"href":"https:\/\/www.quebakan.com\/v15\/wp-json\/wp\/v2\/categories?post=138350"},{"taxonomy":"post_tag","embeddable":true,"href":"https:\/\/www.quebakan.com\/v15\/wp-json\/wp\/v2\/tags?post=138350"}],"curies":[{"name":"wp","href":"https:\/\/api.w.org\/{rel}","templated":true}]}}