{"id":138476,"date":"2025-12-16T00:48:15","date_gmt":"2025-12-16T05:48:15","guid":{"rendered":"https:\/\/www.quebakan.com\/v15\/?p=138476"},"modified":"2025-12-16T00:48:15","modified_gmt":"2025-12-16T05:48:15","slug":"diciembre-el-puente-que-conecta-a-los-migrantes-ecuatorianos-con-ee-uu","status":"publish","type":"post","link":"https:\/\/www.quebakan.com\/v15\/diciembre-el-puente-que-conecta-a-los-migrantes-ecuatorianos-con-ee-uu\/","title":{"rendered":"Diciembre, el puente que conecta a los migrantes ecuatorianos con EE. UU."},"content":{"rendered":"<p><img fetchpriority=\"high\" decoding=\"async\" class=\"aligncenter size-full wp-image-138477\" src=\"https:\/\/www.quebakan.com\/v15\/wp-content\/uploads\/2025\/12\/Regalos.jpg\" alt=\"\" width=\"700\" height=\"521\" \/><\/p>\n<ul>\n<li style=\"text-align: justify;\"><span style=\"color: #000000;\">En el primer semestre de 2025, Ecuador recibi\u00f3 USD 3.724,82 millones en remesas, de las cuales Estados Unidos fue la principal fuente, aportando USD 2.838,26 millones (75,6%).<\/span><\/li>\n<li style=\"text-align: justify;\"><span style=\"color: #000000;\">Seg\u00fan datos del Ministerio de Producci\u00f3n, Comercio Exterior e Inversiones, Estados Unidos contin\u00faa siendo uno de los principales destinos de exportaci\u00f3n del pa\u00eds, con una participaci\u00f3n del 24,3% en el acumulado hasta noviembre de 2025.<\/span><\/li>\n<li style=\"text-align: justify;\"><span style=\"color: #000000;\">De acuerdo con cifras de la ONU cerca del 7% de la poblaci\u00f3n ecuatoriana son migrantes y el 38% est\u00e1 ubicado en Estados Unidos<\/span><\/li>\n<\/ul>\n<p style=\"text-align: justify;\"><span style=\"color: #000000;\"><strong>Quito, diciembre de 2025<\/strong>. En un a\u00f1o que reafirma la fortaleza del v\u00ednculo entre Ecuador y su comunidad en el exterior, las remesas alcanzaron 3.724,82 millones en el primer semestre de 2025, de los cuales Estados Unidos aport\u00f3 el 75,6% (USD 2.838,26 millones), seg\u00fan el Ministerio de Relaciones Exteriores y Movilidad Humana. Esta din\u00e1mica toma a\u00fan m\u00e1s relevancia considerando que Estados Unidos contin\u00faa siendo uno de los principales destinos de exportaci\u00f3n del pa\u00eds, con una participaci\u00f3n del 24,3% hasta noviembre de 2025, seg\u00fan datos del Ministerio de Producci\u00f3n, Comercio Exterior e Inversiones.<\/span><\/p>\n<p style=\"text-align: justify;\"><span style=\"color: #000000;\">Este flujo econ\u00f3mico refleja una conexi\u00f3n emocional que se intensifica en diciembre, cuando miles de ecuatorianos env\u00edan productos que simbolizan identidad, tradici\u00f3n y cercan\u00eda, una din\u00e1mica que cobra especial relevancia el 18 de diciembre, D\u00eda Internacional del Migrante.<\/span><\/p>\n<p style=\"text-align: justify;\"><span style=\"color: #000000;\">De acuerdo con cifras de la ONU cerca del 7% de la poblaci\u00f3n ecuatoriana son migrantes y el 38% est\u00e1 ubicado en Estados Unidos, provenientes de provincias como Azuay, Ca\u00f1ar, Pichincha, Guayas y Loja. En esta temporada destacan los env\u00edos de textiles artesanales, accesorios, decoraci\u00f3n, alimentos no perecibles y productos locales como caf\u00e9, cacao, confites y especias, as\u00ed como moda, calzado, cosm\u00e9tica y peque\u00f1os obsequios navide\u00f1os. Todos estos art\u00edculos viajan bajo estrictas normas de empaque y control, garantizando un tr\u00e1nsito seguro y confiable hacia Estados Unidos.<\/span><\/p>\n<p style=\"text-align: justify;\"><span style=\"color: #000000;\">En este contexto, la log\u00edstica expr\u00e9s se consolida como el puente que permite a miles de ecuatorianos en el exterior reconectar con sus familias. \u201cPara quienes viven lejos, esta temporada representa una oportunidad para reconectar con su hogar; por ello reforzamos nuestra operaci\u00f3n con vuelos diarios y procesos priorizados hacia Estados Unidos. Este a\u00f1o incorporamos Ra\u00edces Express, una modalidad tienda a puerta con tiempos de tr\u00e1nsito de dos a tres d\u00edas, salida diaria de vuelo a todo el territorio de EE. UU y atenci\u00f3n personalizada. La operativa incluye rastreo en tiempo real y empaque especializado, asegurando que cada env\u00edo mantenga su trazabilidad y llegue en \u00f3ptimas condiciones\u201d, se\u00f1ala Edith Villavicencio, Gerente General de DHL Express Ecuador.<\/span><\/p>\n<p style=\"text-align: justify;\"><span style=\"color: #000000;\">Este fortalecimiento operativo se complementa con el plan de expansi\u00f3n de DHL en el pa\u00eds, que contempla la apertura de nuevos puntos de atenci\u00f3n en La Alborada (Guayaquil), Machala y el sur de Quito, con el objetivo de estar m\u00e1s cerca de las familias ecuatorianas y facilitar el acceso a soluciones log\u00edsticas dise\u00f1adas especialmente para el segmento de migrantes. De esta manera, DHL reafirma su compromiso de conectar a los ecuatorianos en el exterior con sus seres queridos, brindando mayor cercan\u00eda, agilidad y confianza en cada env\u00edo.<\/span><\/p>\n<p style=\"text-align: justify;\"><span style=\"color: #000000;\">La din\u00e1mica comercial de fin de a\u00f1o impulsa un mayor movimiento en el pa\u00eds, desde compras de \u00faltima hora hasta env\u00edos transfronterizos que conectan a familias separadas por la distancia. Para los ecuatorianos, diciembre es sin\u00f3nimo de tradici\u00f3n, celebraci\u00f3n y reencuentro; y es en este periodo, especialmente significativo para quienes viven fuera, cuando la log\u00edstica se convierte en un aliado clave para que cada env\u00edo llegue a tiempo y mantenga viva la conexi\u00f3n emocional entre migrantes y sus familias en Ecuador.<\/span><\/p>\n","protected":false},"excerpt":{"rendered":"<p>En el primer semestre de 2025, Ecuador recibi\u00f3 USD 3.724,82 millones en remesas, de las cuales Estados Unidos fue la principal fuente, aportando USD 2.838,26 millones (75,6%). Seg\u00fan datos del Ministerio de Producci\u00f3n, Comercio Exterior e Inversiones, Estados Unidos contin\u00faa siendo uno de los principales destinos de exportaci\u00f3n del pa\u00eds, con una participaci\u00f3n del 24,3% [&hellip;]<\/p>\n","protected":false},"author":4,"featured_media":138477,"comment_status":"closed","ping_status":"closed","sticky":false,"template":"","format":"standard","meta":{"_bbp_topic_count":0,"_bbp_reply_count":0,"_bbp_total_topic_count":0,"_bbp_total_reply_count":0,"_bbp_voice_count":0,"_bbp_anonymous_reply_count":0,"_bbp_topic_count_hidden":0,"_bbp_reply_count_hidden":0,"_bbp_forum_subforum_count":0,"buzzeditor_post_format":"","footnotes":""},"categories":[2],"tags":[],"class_list":["post-138476","post","type-post","status-publish","format-standard","has-post-thumbnail","hentry","category-noticias"],"yoast_head":"<!-- This site is optimized with the Yoast SEO plugin v27.5 - https:\/\/yoast.com\/product\/yoast-seo-wordpress\/ -->\n<title>Diciembre, el puente que conecta a los migrantes ecuatorianos con EE. UU. &#8211; QUEBAKAN.COM 2026: Noticias, Eventos, Conciertos y mucho m\u00e1s....<\/title>\n<meta name=\"robots\" content=\"index, follow, max-snippet:-1, max-image-preview:large, max-video-preview:-1\" \/>\n<link rel=\"canonical\" href=\"https:\/\/www.quebakan.com\/v15\/diciembre-el-puente-que-conecta-a-los-migrantes-ecuatorianos-con-ee-uu\/\" \/>\n<meta property=\"og:locale\" content=\"es_ES\" \/>\n<meta property=\"og:type\" content=\"article\" \/>\n<meta property=\"og:title\" content=\"Diciembre, el puente que conecta a los migrantes ecuatorianos con EE. UU. &#8211; QUEBAKAN.COM 2026: Noticias, Eventos, Conciertos y mucho m\u00e1s....\" \/>\n<meta property=\"og:description\" content=\"En el primer semestre de 2025, Ecuador recibi\u00f3 USD 3.724,82 millones en remesas, de las cuales Estados Unidos fue la principal fuente, aportando USD 2.838,26 millones (75,6%). Seg\u00fan datos del Ministerio de Producci\u00f3n, Comercio Exterior e Inversiones, Estados Unidos contin\u00faa siendo uno de los principales destinos de exportaci\u00f3n del pa\u00eds, con una participaci\u00f3n del 24,3% [&hellip;]\" \/>\n<meta property=\"og:url\" content=\"https:\/\/www.quebakan.com\/v15\/diciembre-el-puente-que-conecta-a-los-migrantes-ecuatorianos-con-ee-uu\/\" \/>\n<meta property=\"og:site_name\" content=\"QUEBAKAN.COM 2026: Noticias, Eventos, Conciertos y mucho m\u00e1s....\" \/>\n<meta property=\"article:publisher\" content=\"http:\/\/www.facebook.com\/quebakan\" \/>\n<meta property=\"article:published_time\" content=\"2025-12-16T05:48:15+00:00\" \/>\n<meta property=\"og:image\" content=\"https:\/\/www.quebakan.com\/v15\/wp-content\/uploads\/2025\/12\/Regalos.jpg\" \/>\n\t<meta property=\"og:image:width\" content=\"700\" \/>\n\t<meta property=\"og:image:height\" content=\"521\" \/>\n\t<meta property=\"og:image:type\" content=\"image\/jpeg\" \/>\n<meta name=\"author\" content=\"Erick Villafuerte\" \/>\n<meta name=\"twitter:card\" content=\"summary_large_image\" \/>\n<meta name=\"twitter:creator\" content=\"@quebakanec\" \/>\n<meta name=\"twitter:site\" content=\"@quebakanec\" \/>\n<meta name=\"twitter:label1\" content=\"Escrito por\" \/>\n\t<meta name=\"twitter:data1\" content=\"Erick Villafuerte\" \/>\n\t<meta name=\"twitter:label2\" content=\"Tiempo de lectura\" \/>\n\t<meta name=\"twitter:data2\" content=\"4 minutos\" \/>\n<script type=\"application\/ld+json\" class=\"yoast-schema-graph\">{\"@context\":\"https:\\\/\\\/schema.org\",\"@graph\":[{\"@type\":\"Article\",\"@id\":\"https:\\\/\\\/www.quebakan.com\\\/v15\\\/diciembre-el-puente-que-conecta-a-los-migrantes-ecuatorianos-con-ee-uu\\\/#article\",\"isPartOf\":{\"@id\":\"https:\\\/\\\/www.quebakan.com\\\/v15\\\/diciembre-el-puente-que-conecta-a-los-migrantes-ecuatorianos-con-ee-uu\\\/\"},\"author\":{\"name\":\"Erick Villafuerte\",\"@id\":\"https:\\\/\\\/www.quebakan.com\\\/v15\\\/#\\\/schema\\\/person\\\/d90fa9f9cfa81eb8ace9811e5b7b9118\"},\"headline\":\"Diciembre, el puente que conecta a los migrantes ecuatorianos con EE. UU.\",\"datePublished\":\"2025-12-16T05:48:15+00:00\",\"mainEntityOfPage\":{\"@id\":\"https:\\\/\\\/www.quebakan.com\\\/v15\\\/diciembre-el-puente-que-conecta-a-los-migrantes-ecuatorianos-con-ee-uu\\\/\"},\"wordCount\":643,\"publisher\":{\"@id\":\"https:\\\/\\\/www.quebakan.com\\\/v15\\\/#organization\"},\"image\":{\"@id\":\"https:\\\/\\\/www.quebakan.com\\\/v15\\\/diciembre-el-puente-que-conecta-a-los-migrantes-ecuatorianos-con-ee-uu\\\/#primaryimage\"},\"thumbnailUrl\":\"https:\\\/\\\/www.quebakan.com\\\/v15\\\/wp-content\\\/uploads\\\/2025\\\/12\\\/Regalos.jpg\",\"articleSection\":[\"Noticias\"],\"inLanguage\":\"es\"},{\"@type\":\"WebPage\",\"@id\":\"https:\\\/\\\/www.quebakan.com\\\/v15\\\/diciembre-el-puente-que-conecta-a-los-migrantes-ecuatorianos-con-ee-uu\\\/\",\"url\":\"https:\\\/\\\/www.quebakan.com\\\/v15\\\/diciembre-el-puente-que-conecta-a-los-migrantes-ecuatorianos-con-ee-uu\\\/\",\"name\":\"Diciembre, el puente que conecta a los migrantes ecuatorianos con EE. UU. &#8211; QUEBAKAN.COM 2026: Noticias, Eventos, Conciertos y mucho m\u00e1s....\",\"isPartOf\":{\"@id\":\"https:\\\/\\\/www.quebakan.com\\\/v15\\\/#website\"},\"primaryImageOfPage\":{\"@id\":\"https:\\\/\\\/www.quebakan.com\\\/v15\\\/diciembre-el-puente-que-conecta-a-los-migrantes-ecuatorianos-con-ee-uu\\\/#primaryimage\"},\"image\":{\"@id\":\"https:\\\/\\\/www.quebakan.com\\\/v15\\\/diciembre-el-puente-que-conecta-a-los-migrantes-ecuatorianos-con-ee-uu\\\/#primaryimage\"},\"thumbnailUrl\":\"https:\\\/\\\/www.quebakan.com\\\/v15\\\/wp-content\\\/uploads\\\/2025\\\/12\\\/Regalos.jpg\",\"datePublished\":\"2025-12-16T05:48:15+00:00\",\"breadcrumb\":{\"@id\":\"https:\\\/\\\/www.quebakan.com\\\/v15\\\/diciembre-el-puente-que-conecta-a-los-migrantes-ecuatorianos-con-ee-uu\\\/#breadcrumb\"},\"inLanguage\":\"es\",\"potentialAction\":[{\"@type\":\"ReadAction\",\"target\":[\"https:\\\/\\\/www.quebakan.com\\\/v15\\\/diciembre-el-puente-que-conecta-a-los-migrantes-ecuatorianos-con-ee-uu\\\/\"]}]},{\"@type\":\"ImageObject\",\"inLanguage\":\"es\",\"@id\":\"https:\\\/\\\/www.quebakan.com\\\/v15\\\/diciembre-el-puente-que-conecta-a-los-migrantes-ecuatorianos-con-ee-uu\\\/#primaryimage\",\"url\":\"https:\\\/\\\/www.quebakan.com\\\/v15\\\/wp-content\\\/uploads\\\/2025\\\/12\\\/Regalos.jpg\",\"contentUrl\":\"https:\\\/\\\/www.quebakan.com\\\/v15\\\/wp-content\\\/uploads\\\/2025\\\/12\\\/Regalos.jpg\",\"width\":700,\"height\":521},{\"@type\":\"BreadcrumbList\",\"@id\":\"https:\\\/\\\/www.quebakan.com\\\/v15\\\/diciembre-el-puente-que-conecta-a-los-migrantes-ecuatorianos-con-ee-uu\\\/#breadcrumb\",\"itemListElement\":[{\"@type\":\"ListItem\",\"position\":1,\"name\":\"Portada\",\"item\":\"https:\\\/\\\/www.quebakan.com\\\/v15\\\/\"},{\"@type\":\"ListItem\",\"position\":2,\"name\":\"Diciembre, el puente que conecta a los migrantes ecuatorianos con EE. UU.\"}]},{\"@type\":\"WebSite\",\"@id\":\"https:\\\/\\\/www.quebakan.com\\\/v15\\\/#website\",\"url\":\"https:\\\/\\\/www.quebakan.com\\\/v15\\\/\",\"name\":\"QUEBAKAN\",\"description\":\"..\",\"publisher\":{\"@id\":\"https:\\\/\\\/www.quebakan.com\\\/v15\\\/#organization\"},\"potentialAction\":[{\"@type\":\"SearchAction\",\"target\":{\"@type\":\"EntryPoint\",\"urlTemplate\":\"https:\\\/\\\/www.quebakan.com\\\/v15\\\/?s={search_term_string}\"},\"query-input\":{\"@type\":\"PropertyValueSpecification\",\"valueRequired\":true,\"valueName\":\"search_term_string\"}}],\"inLanguage\":\"es\"},{\"@type\":\"Organization\",\"@id\":\"https:\\\/\\\/www.quebakan.com\\\/v15\\\/#organization\",\"name\":\"Quebakan.com\",\"url\":\"https:\\\/\\\/www.quebakan.com\\\/v15\\\/\",\"logo\":{\"@type\":\"ImageObject\",\"inLanguage\":\"es\",\"@id\":\"https:\\\/\\\/www.quebakan.com\\\/v15\\\/#\\\/schema\\\/logo\\\/image\\\/\",\"url\":\"https:\\\/\\\/www.quebakan.com\\\/v15\\\/wp-content\\\/uploads\\\/2023\\\/07\\\/logoquebakanenero2021.jpg\",\"contentUrl\":\"https:\\\/\\\/www.quebakan.com\\\/v15\\\/wp-content\\\/uploads\\\/2023\\\/07\\\/logoquebakanenero2021.jpg\",\"width\":1920,\"height\":1080,\"caption\":\"Quebakan.com\"},\"image\":{\"@id\":\"https:\\\/\\\/www.quebakan.com\\\/v15\\\/#\\\/schema\\\/logo\\\/image\\\/\"},\"sameAs\":[\"http:\\\/\\\/www.facebook.com\\\/quebakan\",\"https:\\\/\\\/x.com\\\/quebakanec\",\"http:\\\/\\\/www.instagram.com\\\/quebakan\",\"http:\\\/\\\/www.youtube.com\\\/quebakan1\"]},{\"@type\":\"Person\",\"@id\":\"https:\\\/\\\/www.quebakan.com\\\/v15\\\/#\\\/schema\\\/person\\\/d90fa9f9cfa81eb8ace9811e5b7b9118\",\"name\":\"Erick Villafuerte\",\"image\":{\"@type\":\"ImageObject\",\"inLanguage\":\"es\",\"@id\":\"https:\\\/\\\/www.quebakan.com\\\/v15\\\/wp-content\\\/uploads\\\/avatars\\\/4\\\/1731297654-bpfull.png\",\"url\":\"https:\\\/\\\/www.quebakan.com\\\/v15\\\/wp-content\\\/uploads\\\/avatars\\\/4\\\/1731297654-bpfull.png\",\"contentUrl\":\"https:\\\/\\\/www.quebakan.com\\\/v15\\\/wp-content\\\/uploads\\\/avatars\\\/4\\\/1731297654-bpfull.png\",\"caption\":\"Erick Villafuerte\"}}]}<\/script>\n<!-- \/ Yoast SEO plugin. -->","yoast_head_json":{"title":"Diciembre, el puente que conecta a los migrantes ecuatorianos con EE. UU. &#8211; QUEBAKAN.COM 2026: Noticias, Eventos, Conciertos y mucho m\u00e1s....","robots":{"index":"index","follow":"follow","max-snippet":"max-snippet:-1","max-image-preview":"max-image-preview:large","max-video-preview":"max-video-preview:-1"},"canonical":"https:\/\/www.quebakan.com\/v15\/diciembre-el-puente-que-conecta-a-los-migrantes-ecuatorianos-con-ee-uu\/","og_locale":"es_ES","og_type":"article","og_title":"Diciembre, el puente que conecta a los migrantes ecuatorianos con EE. UU. &#8211; QUEBAKAN.COM 2026: Noticias, Eventos, Conciertos y mucho m\u00e1s....","og_description":"En el primer semestre de 2025, Ecuador recibi\u00f3 USD 3.724,82 millones en remesas, de las cuales Estados Unidos fue la principal fuente, aportando USD 2.838,26 millones (75,6%). Seg\u00fan datos del Ministerio de Producci\u00f3n, Comercio Exterior e Inversiones, Estados Unidos contin\u00faa siendo uno de los principales destinos de exportaci\u00f3n del pa\u00eds, con una participaci\u00f3n del 24,3% [&hellip;]","og_url":"https:\/\/www.quebakan.com\/v15\/diciembre-el-puente-que-conecta-a-los-migrantes-ecuatorianos-con-ee-uu\/","og_site_name":"QUEBAKAN.COM 2026: Noticias, Eventos, Conciertos y mucho m\u00e1s....","article_publisher":"http:\/\/www.facebook.com\/quebakan","article_published_time":"2025-12-16T05:48:15+00:00","og_image":[{"width":700,"height":521,"url":"https:\/\/www.quebakan.com\/v15\/wp-content\/uploads\/2025\/12\/Regalos.jpg","type":"image\/jpeg"}],"author":"Erick Villafuerte","twitter_card":"summary_large_image","twitter_creator":"@quebakanec","twitter_site":"@quebakanec","twitter_misc":{"Escrito por":"Erick Villafuerte","Tiempo de lectura":"4 minutos"},"schema":{"@context":"https:\/\/schema.org","@graph":[{"@type":"Article","@id":"https:\/\/www.quebakan.com\/v15\/diciembre-el-puente-que-conecta-a-los-migrantes-ecuatorianos-con-ee-uu\/#article","isPartOf":{"@id":"https:\/\/www.quebakan.com\/v15\/diciembre-el-puente-que-conecta-a-los-migrantes-ecuatorianos-con-ee-uu\/"},"author":{"name":"Erick Villafuerte","@id":"https:\/\/www.quebakan.com\/v15\/#\/schema\/person\/d90fa9f9cfa81eb8ace9811e5b7b9118"},"headline":"Diciembre, el puente que conecta a los migrantes ecuatorianos con EE. UU.","datePublished":"2025-12-16T05:48:15+00:00","mainEntityOfPage":{"@id":"https:\/\/www.quebakan.com\/v15\/diciembre-el-puente-que-conecta-a-los-migrantes-ecuatorianos-con-ee-uu\/"},"wordCount":643,"publisher":{"@id":"https:\/\/www.quebakan.com\/v15\/#organization"},"image":{"@id":"https:\/\/www.quebakan.com\/v15\/diciembre-el-puente-que-conecta-a-los-migrantes-ecuatorianos-con-ee-uu\/#primaryimage"},"thumbnailUrl":"https:\/\/www.quebakan.com\/v15\/wp-content\/uploads\/2025\/12\/Regalos.jpg","articleSection":["Noticias"],"inLanguage":"es"},{"@type":"WebPage","@id":"https:\/\/www.quebakan.com\/v15\/diciembre-el-puente-que-conecta-a-los-migrantes-ecuatorianos-con-ee-uu\/","url":"https:\/\/www.quebakan.com\/v15\/diciembre-el-puente-que-conecta-a-los-migrantes-ecuatorianos-con-ee-uu\/","name":"Diciembre, el puente que conecta a los migrantes ecuatorianos con EE. UU. &#8211; QUEBAKAN.COM 2026: Noticias, Eventos, Conciertos y mucho m\u00e1s....","isPartOf":{"@id":"https:\/\/www.quebakan.com\/v15\/#website"},"primaryImageOfPage":{"@id":"https:\/\/www.quebakan.com\/v15\/diciembre-el-puente-que-conecta-a-los-migrantes-ecuatorianos-con-ee-uu\/#primaryimage"},"image":{"@id":"https:\/\/www.quebakan.com\/v15\/diciembre-el-puente-que-conecta-a-los-migrantes-ecuatorianos-con-ee-uu\/#primaryimage"},"thumbnailUrl":"https:\/\/www.quebakan.com\/v15\/wp-content\/uploads\/2025\/12\/Regalos.jpg","datePublished":"2025-12-16T05:48:15+00:00","breadcrumb":{"@id":"https:\/\/www.quebakan.com\/v15\/diciembre-el-puente-que-conecta-a-los-migrantes-ecuatorianos-con-ee-uu\/#breadcrumb"},"inLanguage":"es","potentialAction":[{"@type":"ReadAction","target":["https:\/\/www.quebakan.com\/v15\/diciembre-el-puente-que-conecta-a-los-migrantes-ecuatorianos-con-ee-uu\/"]}]},{"@type":"ImageObject","inLanguage":"es","@id":"https:\/\/www.quebakan.com\/v15\/diciembre-el-puente-que-conecta-a-los-migrantes-ecuatorianos-con-ee-uu\/#primaryimage","url":"https:\/\/www.quebakan.com\/v15\/wp-content\/uploads\/2025\/12\/Regalos.jpg","contentUrl":"https:\/\/www.quebakan.com\/v15\/wp-content\/uploads\/2025\/12\/Regalos.jpg","width":700,"height":521},{"@type":"BreadcrumbList","@id":"https:\/\/www.quebakan.com\/v15\/diciembre-el-puente-que-conecta-a-los-migrantes-ecuatorianos-con-ee-uu\/#breadcrumb","itemListElement":[{"@type":"ListItem","position":1,"name":"Portada","item":"https:\/\/www.quebakan.com\/v15\/"},{"@type":"ListItem","position":2,"name":"Diciembre, el puente que conecta a los migrantes ecuatorianos con EE. UU."}]},{"@type":"WebSite","@id":"https:\/\/www.quebakan.com\/v15\/#website","url":"https:\/\/www.quebakan.com\/v15\/","name":"QUEBAKAN","description":"..","publisher":{"@id":"https:\/\/www.quebakan.com\/v15\/#organization"},"potentialAction":[{"@type":"SearchAction","target":{"@type":"EntryPoint","urlTemplate":"https:\/\/www.quebakan.com\/v15\/?s={search_term_string}"},"query-input":{"@type":"PropertyValueSpecification","valueRequired":true,"valueName":"search_term_string"}}],"inLanguage":"es"},{"@type":"Organization","@id":"https:\/\/www.quebakan.com\/v15\/#organization","name":"Quebakan.com","url":"https:\/\/www.quebakan.com\/v15\/","logo":{"@type":"ImageObject","inLanguage":"es","@id":"https:\/\/www.quebakan.com\/v15\/#\/schema\/logo\/image\/","url":"https:\/\/www.quebakan.com\/v15\/wp-content\/uploads\/2023\/07\/logoquebakanenero2021.jpg","contentUrl":"https:\/\/www.quebakan.com\/v15\/wp-content\/uploads\/2023\/07\/logoquebakanenero2021.jpg","width":1920,"height":1080,"caption":"Quebakan.com"},"image":{"@id":"https:\/\/www.quebakan.com\/v15\/#\/schema\/logo\/image\/"},"sameAs":["http:\/\/www.facebook.com\/quebakan","https:\/\/x.com\/quebakanec","http:\/\/www.instagram.com\/quebakan","http:\/\/www.youtube.com\/quebakan1"]},{"@type":"Person","@id":"https:\/\/www.quebakan.com\/v15\/#\/schema\/person\/d90fa9f9cfa81eb8ace9811e5b7b9118","name":"Erick Villafuerte","image":{"@type":"ImageObject","inLanguage":"es","@id":"https:\/\/www.quebakan.com\/v15\/wp-content\/uploads\/avatars\/4\/1731297654-bpfull.png","url":"https:\/\/www.quebakan.com\/v15\/wp-content\/uploads\/avatars\/4\/1731297654-bpfull.png","contentUrl":"https:\/\/www.quebakan.com\/v15\/wp-content\/uploads\/avatars\/4\/1731297654-bpfull.png","caption":"Erick Villafuerte"}}]}},"_links":{"self":[{"href":"https:\/\/www.quebakan.com\/v15\/wp-json\/wp\/v2\/posts\/138476","targetHints":{"allow":["GET"]}}],"collection":[{"href":"https:\/\/www.quebakan.com\/v15\/wp-json\/wp\/v2\/posts"}],"about":[{"href":"https:\/\/www.quebakan.com\/v15\/wp-json\/wp\/v2\/types\/post"}],"author":[{"embeddable":true,"href":"https:\/\/www.quebakan.com\/v15\/wp-json\/wp\/v2\/users\/4"}],"replies":[{"embeddable":true,"href":"https:\/\/www.quebakan.com\/v15\/wp-json\/wp\/v2\/comments?post=138476"}],"version-history":[{"count":1,"href":"https:\/\/www.quebakan.com\/v15\/wp-json\/wp\/v2\/posts\/138476\/revisions"}],"predecessor-version":[{"id":138478,"href":"https:\/\/www.quebakan.com\/v15\/wp-json\/wp\/v2\/posts\/138476\/revisions\/138478"}],"wp:featuredmedia":[{"embeddable":true,"href":"https:\/\/www.quebakan.com\/v15\/wp-json\/wp\/v2\/media\/138477"}],"wp:attachment":[{"href":"https:\/\/www.quebakan.com\/v15\/wp-json\/wp\/v2\/media?parent=138476"}],"wp:term":[{"taxonomy":"category","embeddable":true,"href":"https:\/\/www.quebakan.com\/v15\/wp-json\/wp\/v2\/categories?post=138476"},{"taxonomy":"post_tag","embeddable":true,"href":"https:\/\/www.quebakan.com\/v15\/wp-json\/wp\/v2\/tags?post=138476"}],"curies":[{"name":"wp","href":"https:\/\/api.w.org\/{rel}","templated":true}]}}