{"id":138479,"date":"2025-12-16T14:18:51","date_gmt":"2025-12-16T19:18:51","guid":{"rendered":"https:\/\/www.quebakan.com\/v15\/?p=138479"},"modified":"2025-12-16T14:18:51","modified_gmt":"2025-12-16T19:18:51","slug":"el-mercado-inmobiliario-de-guayaquil-cierra-noviembre-con-leves-ajustes-de-precios-y-mejor-rentabilidad","status":"publish","type":"post","link":"https:\/\/www.quebakan.com\/v15\/el-mercado-inmobiliario-de-guayaquil-cierra-noviembre-con-leves-ajustes-de-precios-y-mejor-rentabilidad\/","title":{"rendered":"El mercado inmobiliario de Guayaquil cierra noviembre con leves ajustes de precios y mejor rentabilidad"},"content":{"rendered":"<p><img fetchpriority=\"high\" decoding=\"async\" class=\"aligncenter size-full wp-image-138480\" src=\"https:\/\/www.quebakan.com\/v15\/wp-content\/uploads\/2025\/12\/guayaquil-7488461_1280.jpg\" alt=\"\" width=\"700\" height=\"424\" \/><\/p>\n<p style=\"text-align: justify;\"><span style=\"color: #000000;\"><strong>Ecuador, diciembre del 2025.-<\/strong> El mercado inmobiliario de Guayaquil muestra se\u00f1ales mixtas hacia el cierre del a\u00f1o. Seg\u00fan el m\u00e1s reciente informe del portal de clasificados Plusval\u00eda, el precio medio de venta del metro cuadrado en la ciudad se ubic\u00f3 en USD 1.248 en noviembre, con un incremento mensual del 1,2%. Sin embargo, en el acumulado de 2025 el aumento alcanza apenas el 1,8%, un nivel por debajo de la inflaci\u00f3n (2,1%). Este comportamiento confirma un escenario de <strong>estabilidad en los precios de venta<\/strong>, en contraste con una din\u00e1mica mucho m\u00e1s activa en el mercado de alquiler.<\/span><\/p>\n<p style=\"text-align: justify;\"><span style=\"color: #000000;\"><strong>\u00bfCu\u00e1nto cuesta comprar un departamento en Guayaquil?<\/strong><\/span><\/p>\n<p style=\"text-align: justify;\"><span style=\"color: #000000;\">En t\u00e9rminos absolutos, el precio medio de un departamento t\u00edpico en la ciudad se mantiene relativamente contenido. Un inmueble de <strong>dos habitaciones y 70m\u00b2<\/strong> registra un valor promedio cercano a los <strong>USD 99.796<\/strong>, mientras que un departamento de <strong>tres habitaciones y 110m\u00b2<\/strong> alcanza un precio medio de <strong>USD 117.728<\/strong>.<\/span><\/p>\n<p style=\"text-align: justify;\"><span style=\"color: #000000;\"><strong>Puerto Santa Ana<\/strong> se posiciona como la zona con el precio medio m\u00e1s alto de Guayaquil, alcanzando los <strong>2.351 USD\/m\u00b2<\/strong>. Le siguen <strong>Isla Mocol\u00ed<\/strong>, con <strong>2.068 USD\/m\u00b2<\/strong> y <strong>Samborond\u00f3n<\/strong> con <strong>1.874 USD\/m\u00b2<\/strong>. En contraste, las zonas m\u00e1s accesibles en t\u00e9rminos de valor por metro cuadrado son el <strong>Sur de Guayaquil<\/strong> con <strong>486 USD\/m\u00b2<\/strong>, <strong>Centro de Guayaquil<\/strong>, con <strong>662 USD\/m\u00b2<\/strong> y <strong>Urdesa<\/strong>, con <strong>745 USD\/m\u00b2<\/strong>.<\/span><\/p>\n<p style=\"text-align: justify;\"><span style=\"color: #000000;\">Estas cifras refuerzan la percepci\u00f3n de Guayaquil como una plaza con precios a\u00fan competitivos dentro del contexto urbano regional, especialmente si se compara con otras capitales del pa\u00eds. Por ejemplo, en relaci\u00f3n a Quito (1.222 USD\/m<sup>2<\/sup>), Guayaquil es un 2% m\u00e1s cara.<\/span><\/p>\n<p style=\"text-align: justify;\"><span style=\"color: #000000;\"><strong>El alquiler acelera y gana terreno frente a la venta<\/strong><\/span><\/p>\n<p style=\"text-align: justify;\"><span style=\"color: #000000;\">La historia es distinta en el segmento de arriendos. En noviembre, el <strong>precio medio del alquiler de un departamento de dos habitaciones cay\u00f3 un 0,8% mensual<\/strong>, ubic\u00e1ndose en <strong>USD 542 por mes<\/strong>. No obstante, el acumulado anual muestra un incremento del <strong>6.2%<\/strong>, muy por encima de la inflaci\u00f3n (2.1%), lo que implica un <strong>aumento real del 4.1%<\/strong> en los precios de alquiler.<\/span><\/p>\n<p style=\"text-align: justify;\"><span style=\"color: #000000;\">El informe destaca que <strong>los departamentos de mayor tama\u00f1o son los que registran los mayores incrementos de precio en el a\u00f1o<\/strong>, una posible se\u00f1al de que la demanda se est\u00e1 desplazando hacia viviendas m\u00e1s amplias, posiblemente asociadas a cambios en las din\u00e1micas familiares y laborales.<\/span><\/p>\n<p style=\"text-align: justify;\"><span style=\"color: #000000;\"><strong>Zonas y rentabilidad: d\u00f3nde se gana m\u00e1s<\/strong><\/span><\/p>\n<p style=\"text-align: justify;\"><span style=\"color: #000000;\">En el an\u00e1lisis por zonas, <strong>Isla Mocol\u00ed<\/strong> se posiciona como el sector con el <strong>mayor precio medio de alquiler de la ciudad<\/strong>, con valores que alcanzan los <strong>USD 935 mensuales<\/strong>, reflejando su perfil de alta gama y su consolidaci\u00f3n como uno de los polos residenciales m\u00e1s exclusivos de Guayaquil, seguido por<strong> Puerto Santa Ana<\/strong> <strong>con USD 923 mensuales<\/strong> y <strong>Samborond\u00f3n<\/strong>, con <strong>USD 803 mensuales. <\/strong>Por su parte, las zonas con una renta m\u00e1s econ\u00f3mica son el Sur de Guayaquil, con un valor de USD 231 mensuales, <strong>La Alborada con USD 345 mensuales y Urdesa con USD 363. <\/strong><\/span><\/p>\n<p style=\"text-align: justify;\"><span style=\"color: #000000;\">En este contexto, la <strong>rentabilidad bruta anual promedio<\/strong> del mercado inmobiliario de la ciudad se ubica en <strong>7.14%<\/strong>, un nivel que mantiene al alquiler como una de las alternativas de inversi\u00f3n m\u00e1s atractivas dentro de la econom\u00eda local. Se necesitan 14 a\u00f1os de alquiler para repagar la inveri\u00f3n de compra, un 6,1% menos que hace un a\u00f1o atr\u00e1s.<\/span><\/p>\n<p style=\"text-align: justify;\"><span style=\"color: #000000;\">La combinaci\u00f3n de <strong>precios de venta contenidos<\/strong>, alquileres en crecimiento real y retornos competitivos confirma que el mercado inmobiliario guayaquile\u00f1o contin\u00faa ajust\u00e1ndose m\u00e1s por cantidad y demanda que por aumentos abruptos de precios, marcando una tendencia de mayor madurez y equilibrio hacia 2026.<\/span><\/p>\n","protected":false},"excerpt":{"rendered":"<p>Ecuador, diciembre del 2025.- El mercado inmobiliario de Guayaquil muestra se\u00f1ales mixtas hacia el cierre del a\u00f1o. Seg\u00fan el m\u00e1s reciente informe del portal de clasificados Plusval\u00eda, el precio medio de venta del metro cuadrado en la ciudad se ubic\u00f3 en USD 1.248 en noviembre, con un incremento mensual del 1,2%. Sin embargo, en el [&hellip;]<\/p>\n","protected":false},"author":4,"featured_media":138480,"comment_status":"closed","ping_status":"closed","sticky":false,"template":"","format":"standard","meta":{"_bbp_topic_count":0,"_bbp_reply_count":0,"_bbp_total_topic_count":0,"_bbp_total_reply_count":0,"_bbp_voice_count":0,"_bbp_anonymous_reply_count":0,"_bbp_topic_count_hidden":0,"_bbp_reply_count_hidden":0,"_bbp_forum_subforum_count":0,"buzzeditor_post_format":"","footnotes":""},"categories":[2],"tags":[],"class_list":["post-138479","post","type-post","status-publish","format-standard","has-post-thumbnail","hentry","category-noticias"],"yoast_head":"<!-- This site is optimized with the Yoast SEO plugin v27.5 - https:\/\/yoast.com\/product\/yoast-seo-wordpress\/ -->\n<title>El mercado inmobiliario de Guayaquil cierra noviembre con leves ajustes de precios y mejor rentabilidad &#8211; QUEBAKAN.COM 2026: Noticias, Eventos, Conciertos y mucho m\u00e1s....<\/title>\n<meta name=\"robots\" content=\"index, follow, max-snippet:-1, max-image-preview:large, max-video-preview:-1\" \/>\n<link rel=\"canonical\" href=\"https:\/\/www.quebakan.com\/v15\/el-mercado-inmobiliario-de-guayaquil-cierra-noviembre-con-leves-ajustes-de-precios-y-mejor-rentabilidad\/\" \/>\n<meta property=\"og:locale\" content=\"es_ES\" \/>\n<meta property=\"og:type\" content=\"article\" \/>\n<meta property=\"og:title\" content=\"El mercado inmobiliario de Guayaquil cierra noviembre con leves ajustes de precios y mejor rentabilidad &#8211; QUEBAKAN.COM 2026: Noticias, Eventos, Conciertos y mucho m\u00e1s....\" \/>\n<meta property=\"og:description\" content=\"Ecuador, diciembre del 2025.- El mercado inmobiliario de Guayaquil muestra se\u00f1ales mixtas hacia el cierre del a\u00f1o. Seg\u00fan el m\u00e1s reciente informe del portal de clasificados Plusval\u00eda, el precio medio de venta del metro cuadrado en la ciudad se ubic\u00f3 en USD 1.248 en noviembre, con un incremento mensual del 1,2%. Sin embargo, en el [&hellip;]\" \/>\n<meta property=\"og:url\" content=\"https:\/\/www.quebakan.com\/v15\/el-mercado-inmobiliario-de-guayaquil-cierra-noviembre-con-leves-ajustes-de-precios-y-mejor-rentabilidad\/\" \/>\n<meta property=\"og:site_name\" content=\"QUEBAKAN.COM 2026: Noticias, Eventos, Conciertos y mucho m\u00e1s....\" \/>\n<meta property=\"article:publisher\" content=\"http:\/\/www.facebook.com\/quebakan\" \/>\n<meta property=\"article:published_time\" content=\"2025-12-16T19:18:51+00:00\" \/>\n<meta property=\"og:image\" content=\"https:\/\/www.quebakan.com\/v15\/wp-content\/uploads\/2025\/12\/guayaquil-7488461_1280.jpg\" \/>\n\t<meta property=\"og:image:width\" content=\"700\" \/>\n\t<meta property=\"og:image:height\" content=\"424\" \/>\n\t<meta property=\"og:image:type\" content=\"image\/jpeg\" \/>\n<meta name=\"author\" content=\"Erick Villafuerte\" \/>\n<meta name=\"twitter:card\" content=\"summary_large_image\" \/>\n<meta name=\"twitter:creator\" content=\"@quebakanec\" \/>\n<meta name=\"twitter:site\" content=\"@quebakanec\" \/>\n<meta name=\"twitter:label1\" content=\"Escrito por\" \/>\n\t<meta name=\"twitter:data1\" content=\"Erick Villafuerte\" \/>\n\t<meta name=\"twitter:label2\" content=\"Tiempo de lectura\" \/>\n\t<meta name=\"twitter:data2\" content=\"4 minutos\" \/>\n<script type=\"application\/ld+json\" class=\"yoast-schema-graph\">{\"@context\":\"https:\\\/\\\/schema.org\",\"@graph\":[{\"@type\":\"Article\",\"@id\":\"https:\\\/\\\/www.quebakan.com\\\/v15\\\/el-mercado-inmobiliario-de-guayaquil-cierra-noviembre-con-leves-ajustes-de-precios-y-mejor-rentabilidad\\\/#article\",\"isPartOf\":{\"@id\":\"https:\\\/\\\/www.quebakan.com\\\/v15\\\/el-mercado-inmobiliario-de-guayaquil-cierra-noviembre-con-leves-ajustes-de-precios-y-mejor-rentabilidad\\\/\"},\"author\":{\"name\":\"Erick Villafuerte\",\"@id\":\"https:\\\/\\\/www.quebakan.com\\\/v15\\\/#\\\/schema\\\/person\\\/d90fa9f9cfa81eb8ace9811e5b7b9118\"},\"headline\":\"El mercado inmobiliario de Guayaquil cierra noviembre con leves ajustes de precios y mejor rentabilidad\",\"datePublished\":\"2025-12-16T19:18:51+00:00\",\"mainEntityOfPage\":{\"@id\":\"https:\\\/\\\/www.quebakan.com\\\/v15\\\/el-mercado-inmobiliario-de-guayaquil-cierra-noviembre-con-leves-ajustes-de-precios-y-mejor-rentabilidad\\\/\"},\"wordCount\":620,\"publisher\":{\"@id\":\"https:\\\/\\\/www.quebakan.com\\\/v15\\\/#organization\"},\"image\":{\"@id\":\"https:\\\/\\\/www.quebakan.com\\\/v15\\\/el-mercado-inmobiliario-de-guayaquil-cierra-noviembre-con-leves-ajustes-de-precios-y-mejor-rentabilidad\\\/#primaryimage\"},\"thumbnailUrl\":\"https:\\\/\\\/www.quebakan.com\\\/v15\\\/wp-content\\\/uploads\\\/2025\\\/12\\\/guayaquil-7488461_1280.jpg\",\"articleSection\":[\"Noticias\"],\"inLanguage\":\"es\"},{\"@type\":\"WebPage\",\"@id\":\"https:\\\/\\\/www.quebakan.com\\\/v15\\\/el-mercado-inmobiliario-de-guayaquil-cierra-noviembre-con-leves-ajustes-de-precios-y-mejor-rentabilidad\\\/\",\"url\":\"https:\\\/\\\/www.quebakan.com\\\/v15\\\/el-mercado-inmobiliario-de-guayaquil-cierra-noviembre-con-leves-ajustes-de-precios-y-mejor-rentabilidad\\\/\",\"name\":\"El mercado inmobiliario de Guayaquil cierra noviembre con leves ajustes de precios y mejor rentabilidad &#8211; QUEBAKAN.COM 2026: Noticias, Eventos, Conciertos y mucho m\u00e1s....\",\"isPartOf\":{\"@id\":\"https:\\\/\\\/www.quebakan.com\\\/v15\\\/#website\"},\"primaryImageOfPage\":{\"@id\":\"https:\\\/\\\/www.quebakan.com\\\/v15\\\/el-mercado-inmobiliario-de-guayaquil-cierra-noviembre-con-leves-ajustes-de-precios-y-mejor-rentabilidad\\\/#primaryimage\"},\"image\":{\"@id\":\"https:\\\/\\\/www.quebakan.com\\\/v15\\\/el-mercado-inmobiliario-de-guayaquil-cierra-noviembre-con-leves-ajustes-de-precios-y-mejor-rentabilidad\\\/#primaryimage\"},\"thumbnailUrl\":\"https:\\\/\\\/www.quebakan.com\\\/v15\\\/wp-content\\\/uploads\\\/2025\\\/12\\\/guayaquil-7488461_1280.jpg\",\"datePublished\":\"2025-12-16T19:18:51+00:00\",\"breadcrumb\":{\"@id\":\"https:\\\/\\\/www.quebakan.com\\\/v15\\\/el-mercado-inmobiliario-de-guayaquil-cierra-noviembre-con-leves-ajustes-de-precios-y-mejor-rentabilidad\\\/#breadcrumb\"},\"inLanguage\":\"es\",\"potentialAction\":[{\"@type\":\"ReadAction\",\"target\":[\"https:\\\/\\\/www.quebakan.com\\\/v15\\\/el-mercado-inmobiliario-de-guayaquil-cierra-noviembre-con-leves-ajustes-de-precios-y-mejor-rentabilidad\\\/\"]}]},{\"@type\":\"ImageObject\",\"inLanguage\":\"es\",\"@id\":\"https:\\\/\\\/www.quebakan.com\\\/v15\\\/el-mercado-inmobiliario-de-guayaquil-cierra-noviembre-con-leves-ajustes-de-precios-y-mejor-rentabilidad\\\/#primaryimage\",\"url\":\"https:\\\/\\\/www.quebakan.com\\\/v15\\\/wp-content\\\/uploads\\\/2025\\\/12\\\/guayaquil-7488461_1280.jpg\",\"contentUrl\":\"https:\\\/\\\/www.quebakan.com\\\/v15\\\/wp-content\\\/uploads\\\/2025\\\/12\\\/guayaquil-7488461_1280.jpg\",\"width\":700,\"height\":424},{\"@type\":\"BreadcrumbList\",\"@id\":\"https:\\\/\\\/www.quebakan.com\\\/v15\\\/el-mercado-inmobiliario-de-guayaquil-cierra-noviembre-con-leves-ajustes-de-precios-y-mejor-rentabilidad\\\/#breadcrumb\",\"itemListElement\":[{\"@type\":\"ListItem\",\"position\":1,\"name\":\"Portada\",\"item\":\"https:\\\/\\\/www.quebakan.com\\\/v15\\\/\"},{\"@type\":\"ListItem\",\"position\":2,\"name\":\"El mercado inmobiliario de Guayaquil cierra noviembre con leves ajustes de precios y mejor rentabilidad\"}]},{\"@type\":\"WebSite\",\"@id\":\"https:\\\/\\\/www.quebakan.com\\\/v15\\\/#website\",\"url\":\"https:\\\/\\\/www.quebakan.com\\\/v15\\\/\",\"name\":\"QUEBAKAN\",\"description\":\"..\",\"publisher\":{\"@id\":\"https:\\\/\\\/www.quebakan.com\\\/v15\\\/#organization\"},\"potentialAction\":[{\"@type\":\"SearchAction\",\"target\":{\"@type\":\"EntryPoint\",\"urlTemplate\":\"https:\\\/\\\/www.quebakan.com\\\/v15\\\/?s={search_term_string}\"},\"query-input\":{\"@type\":\"PropertyValueSpecification\",\"valueRequired\":true,\"valueName\":\"search_term_string\"}}],\"inLanguage\":\"es\"},{\"@type\":\"Organization\",\"@id\":\"https:\\\/\\\/www.quebakan.com\\\/v15\\\/#organization\",\"name\":\"Quebakan.com\",\"url\":\"https:\\\/\\\/www.quebakan.com\\\/v15\\\/\",\"logo\":{\"@type\":\"ImageObject\",\"inLanguage\":\"es\",\"@id\":\"https:\\\/\\\/www.quebakan.com\\\/v15\\\/#\\\/schema\\\/logo\\\/image\\\/\",\"url\":\"https:\\\/\\\/www.quebakan.com\\\/v15\\\/wp-content\\\/uploads\\\/2023\\\/07\\\/logoquebakanenero2021.jpg\",\"contentUrl\":\"https:\\\/\\\/www.quebakan.com\\\/v15\\\/wp-content\\\/uploads\\\/2023\\\/07\\\/logoquebakanenero2021.jpg\",\"width\":1920,\"height\":1080,\"caption\":\"Quebakan.com\"},\"image\":{\"@id\":\"https:\\\/\\\/www.quebakan.com\\\/v15\\\/#\\\/schema\\\/logo\\\/image\\\/\"},\"sameAs\":[\"http:\\\/\\\/www.facebook.com\\\/quebakan\",\"https:\\\/\\\/x.com\\\/quebakanec\",\"http:\\\/\\\/www.instagram.com\\\/quebakan\",\"http:\\\/\\\/www.youtube.com\\\/quebakan1\"]},{\"@type\":\"Person\",\"@id\":\"https:\\\/\\\/www.quebakan.com\\\/v15\\\/#\\\/schema\\\/person\\\/d90fa9f9cfa81eb8ace9811e5b7b9118\",\"name\":\"Erick Villafuerte\",\"image\":{\"@type\":\"ImageObject\",\"inLanguage\":\"es\",\"@id\":\"https:\\\/\\\/www.quebakan.com\\\/v15\\\/wp-content\\\/uploads\\\/avatars\\\/4\\\/1731297654-bpfull.png\",\"url\":\"https:\\\/\\\/www.quebakan.com\\\/v15\\\/wp-content\\\/uploads\\\/avatars\\\/4\\\/1731297654-bpfull.png\",\"contentUrl\":\"https:\\\/\\\/www.quebakan.com\\\/v15\\\/wp-content\\\/uploads\\\/avatars\\\/4\\\/1731297654-bpfull.png\",\"caption\":\"Erick Villafuerte\"}}]}<\/script>\n<!-- \/ Yoast SEO plugin. -->","yoast_head_json":{"title":"El mercado inmobiliario de Guayaquil cierra noviembre con leves ajustes de precios y mejor rentabilidad &#8211; QUEBAKAN.COM 2026: Noticias, Eventos, Conciertos y mucho m\u00e1s....","robots":{"index":"index","follow":"follow","max-snippet":"max-snippet:-1","max-image-preview":"max-image-preview:large","max-video-preview":"max-video-preview:-1"},"canonical":"https:\/\/www.quebakan.com\/v15\/el-mercado-inmobiliario-de-guayaquil-cierra-noviembre-con-leves-ajustes-de-precios-y-mejor-rentabilidad\/","og_locale":"es_ES","og_type":"article","og_title":"El mercado inmobiliario de Guayaquil cierra noviembre con leves ajustes de precios y mejor rentabilidad &#8211; QUEBAKAN.COM 2026: Noticias, Eventos, Conciertos y mucho m\u00e1s....","og_description":"Ecuador, diciembre del 2025.- El mercado inmobiliario de Guayaquil muestra se\u00f1ales mixtas hacia el cierre del a\u00f1o. Seg\u00fan el m\u00e1s reciente informe del portal de clasificados Plusval\u00eda, el precio medio de venta del metro cuadrado en la ciudad se ubic\u00f3 en USD 1.248 en noviembre, con un incremento mensual del 1,2%. Sin embargo, en el [&hellip;]","og_url":"https:\/\/www.quebakan.com\/v15\/el-mercado-inmobiliario-de-guayaquil-cierra-noviembre-con-leves-ajustes-de-precios-y-mejor-rentabilidad\/","og_site_name":"QUEBAKAN.COM 2026: Noticias, Eventos, Conciertos y mucho m\u00e1s....","article_publisher":"http:\/\/www.facebook.com\/quebakan","article_published_time":"2025-12-16T19:18:51+00:00","og_image":[{"width":700,"height":424,"url":"https:\/\/www.quebakan.com\/v15\/wp-content\/uploads\/2025\/12\/guayaquil-7488461_1280.jpg","type":"image\/jpeg"}],"author":"Erick Villafuerte","twitter_card":"summary_large_image","twitter_creator":"@quebakanec","twitter_site":"@quebakanec","twitter_misc":{"Escrito por":"Erick Villafuerte","Tiempo de lectura":"4 minutos"},"schema":{"@context":"https:\/\/schema.org","@graph":[{"@type":"Article","@id":"https:\/\/www.quebakan.com\/v15\/el-mercado-inmobiliario-de-guayaquil-cierra-noviembre-con-leves-ajustes-de-precios-y-mejor-rentabilidad\/#article","isPartOf":{"@id":"https:\/\/www.quebakan.com\/v15\/el-mercado-inmobiliario-de-guayaquil-cierra-noviembre-con-leves-ajustes-de-precios-y-mejor-rentabilidad\/"},"author":{"name":"Erick Villafuerte","@id":"https:\/\/www.quebakan.com\/v15\/#\/schema\/person\/d90fa9f9cfa81eb8ace9811e5b7b9118"},"headline":"El mercado inmobiliario de Guayaquil cierra noviembre con leves ajustes de precios y mejor rentabilidad","datePublished":"2025-12-16T19:18:51+00:00","mainEntityOfPage":{"@id":"https:\/\/www.quebakan.com\/v15\/el-mercado-inmobiliario-de-guayaquil-cierra-noviembre-con-leves-ajustes-de-precios-y-mejor-rentabilidad\/"},"wordCount":620,"publisher":{"@id":"https:\/\/www.quebakan.com\/v15\/#organization"},"image":{"@id":"https:\/\/www.quebakan.com\/v15\/el-mercado-inmobiliario-de-guayaquil-cierra-noviembre-con-leves-ajustes-de-precios-y-mejor-rentabilidad\/#primaryimage"},"thumbnailUrl":"https:\/\/www.quebakan.com\/v15\/wp-content\/uploads\/2025\/12\/guayaquil-7488461_1280.jpg","articleSection":["Noticias"],"inLanguage":"es"},{"@type":"WebPage","@id":"https:\/\/www.quebakan.com\/v15\/el-mercado-inmobiliario-de-guayaquil-cierra-noviembre-con-leves-ajustes-de-precios-y-mejor-rentabilidad\/","url":"https:\/\/www.quebakan.com\/v15\/el-mercado-inmobiliario-de-guayaquil-cierra-noviembre-con-leves-ajustes-de-precios-y-mejor-rentabilidad\/","name":"El mercado inmobiliario de Guayaquil cierra noviembre con leves ajustes de precios y mejor rentabilidad &#8211; QUEBAKAN.COM 2026: Noticias, Eventos, Conciertos y mucho m\u00e1s....","isPartOf":{"@id":"https:\/\/www.quebakan.com\/v15\/#website"},"primaryImageOfPage":{"@id":"https:\/\/www.quebakan.com\/v15\/el-mercado-inmobiliario-de-guayaquil-cierra-noviembre-con-leves-ajustes-de-precios-y-mejor-rentabilidad\/#primaryimage"},"image":{"@id":"https:\/\/www.quebakan.com\/v15\/el-mercado-inmobiliario-de-guayaquil-cierra-noviembre-con-leves-ajustes-de-precios-y-mejor-rentabilidad\/#primaryimage"},"thumbnailUrl":"https:\/\/www.quebakan.com\/v15\/wp-content\/uploads\/2025\/12\/guayaquil-7488461_1280.jpg","datePublished":"2025-12-16T19:18:51+00:00","breadcrumb":{"@id":"https:\/\/www.quebakan.com\/v15\/el-mercado-inmobiliario-de-guayaquil-cierra-noviembre-con-leves-ajustes-de-precios-y-mejor-rentabilidad\/#breadcrumb"},"inLanguage":"es","potentialAction":[{"@type":"ReadAction","target":["https:\/\/www.quebakan.com\/v15\/el-mercado-inmobiliario-de-guayaquil-cierra-noviembre-con-leves-ajustes-de-precios-y-mejor-rentabilidad\/"]}]},{"@type":"ImageObject","inLanguage":"es","@id":"https:\/\/www.quebakan.com\/v15\/el-mercado-inmobiliario-de-guayaquil-cierra-noviembre-con-leves-ajustes-de-precios-y-mejor-rentabilidad\/#primaryimage","url":"https:\/\/www.quebakan.com\/v15\/wp-content\/uploads\/2025\/12\/guayaquil-7488461_1280.jpg","contentUrl":"https:\/\/www.quebakan.com\/v15\/wp-content\/uploads\/2025\/12\/guayaquil-7488461_1280.jpg","width":700,"height":424},{"@type":"BreadcrumbList","@id":"https:\/\/www.quebakan.com\/v15\/el-mercado-inmobiliario-de-guayaquil-cierra-noviembre-con-leves-ajustes-de-precios-y-mejor-rentabilidad\/#breadcrumb","itemListElement":[{"@type":"ListItem","position":1,"name":"Portada","item":"https:\/\/www.quebakan.com\/v15\/"},{"@type":"ListItem","position":2,"name":"El mercado inmobiliario de Guayaquil cierra noviembre con leves ajustes de precios y mejor rentabilidad"}]},{"@type":"WebSite","@id":"https:\/\/www.quebakan.com\/v15\/#website","url":"https:\/\/www.quebakan.com\/v15\/","name":"QUEBAKAN","description":"..","publisher":{"@id":"https:\/\/www.quebakan.com\/v15\/#organization"},"potentialAction":[{"@type":"SearchAction","target":{"@type":"EntryPoint","urlTemplate":"https:\/\/www.quebakan.com\/v15\/?s={search_term_string}"},"query-input":{"@type":"PropertyValueSpecification","valueRequired":true,"valueName":"search_term_string"}}],"inLanguage":"es"},{"@type":"Organization","@id":"https:\/\/www.quebakan.com\/v15\/#organization","name":"Quebakan.com","url":"https:\/\/www.quebakan.com\/v15\/","logo":{"@type":"ImageObject","inLanguage":"es","@id":"https:\/\/www.quebakan.com\/v15\/#\/schema\/logo\/image\/","url":"https:\/\/www.quebakan.com\/v15\/wp-content\/uploads\/2023\/07\/logoquebakanenero2021.jpg","contentUrl":"https:\/\/www.quebakan.com\/v15\/wp-content\/uploads\/2023\/07\/logoquebakanenero2021.jpg","width":1920,"height":1080,"caption":"Quebakan.com"},"image":{"@id":"https:\/\/www.quebakan.com\/v15\/#\/schema\/logo\/image\/"},"sameAs":["http:\/\/www.facebook.com\/quebakan","https:\/\/x.com\/quebakanec","http:\/\/www.instagram.com\/quebakan","http:\/\/www.youtube.com\/quebakan1"]},{"@type":"Person","@id":"https:\/\/www.quebakan.com\/v15\/#\/schema\/person\/d90fa9f9cfa81eb8ace9811e5b7b9118","name":"Erick Villafuerte","image":{"@type":"ImageObject","inLanguage":"es","@id":"https:\/\/www.quebakan.com\/v15\/wp-content\/uploads\/avatars\/4\/1731297654-bpfull.png","url":"https:\/\/www.quebakan.com\/v15\/wp-content\/uploads\/avatars\/4\/1731297654-bpfull.png","contentUrl":"https:\/\/www.quebakan.com\/v15\/wp-content\/uploads\/avatars\/4\/1731297654-bpfull.png","caption":"Erick Villafuerte"}}]}},"_links":{"self":[{"href":"https:\/\/www.quebakan.com\/v15\/wp-json\/wp\/v2\/posts\/138479","targetHints":{"allow":["GET"]}}],"collection":[{"href":"https:\/\/www.quebakan.com\/v15\/wp-json\/wp\/v2\/posts"}],"about":[{"href":"https:\/\/www.quebakan.com\/v15\/wp-json\/wp\/v2\/types\/post"}],"author":[{"embeddable":true,"href":"https:\/\/www.quebakan.com\/v15\/wp-json\/wp\/v2\/users\/4"}],"replies":[{"embeddable":true,"href":"https:\/\/www.quebakan.com\/v15\/wp-json\/wp\/v2\/comments?post=138479"}],"version-history":[{"count":1,"href":"https:\/\/www.quebakan.com\/v15\/wp-json\/wp\/v2\/posts\/138479\/revisions"}],"predecessor-version":[{"id":138481,"href":"https:\/\/www.quebakan.com\/v15\/wp-json\/wp\/v2\/posts\/138479\/revisions\/138481"}],"wp:featuredmedia":[{"embeddable":true,"href":"https:\/\/www.quebakan.com\/v15\/wp-json\/wp\/v2\/media\/138480"}],"wp:attachment":[{"href":"https:\/\/www.quebakan.com\/v15\/wp-json\/wp\/v2\/media?parent=138479"}],"wp:term":[{"taxonomy":"category","embeddable":true,"href":"https:\/\/www.quebakan.com\/v15\/wp-json\/wp\/v2\/categories?post=138479"},{"taxonomy":"post_tag","embeddable":true,"href":"https:\/\/www.quebakan.com\/v15\/wp-json\/wp\/v2\/tags?post=138479"}],"curies":[{"name":"wp","href":"https:\/\/api.w.org\/{rel}","templated":true}]}}