{"id":138482,"date":"2025-12-16T14:24:32","date_gmt":"2025-12-16T19:24:32","guid":{"rendered":"https:\/\/www.quebakan.com\/v15\/?p=138482"},"modified":"2025-12-16T14:24:32","modified_gmt":"2025-12-16T19:24:32","slug":"ciudad-comercial-el-recreo-presenta-una-navidad-que-se-goza-asiiiii","status":"publish","type":"post","link":"https:\/\/www.quebakan.com\/v15\/ciudad-comercial-el-recreo-presenta-una-navidad-que-se-goza-asiiiii\/","title":{"rendered":"Ciudad Comercial El Recreo presenta una Navidad que se goza\u2026 \u00a1AS\u00cd\u00cd\u00cd\u00cd\u00cd!"},"content":{"rendered":"<p><img fetchpriority=\"high\" decoding=\"async\" class=\"aligncenter size-full wp-image-138483\" src=\"https:\/\/www.quebakan.com\/v15\/wp-content\/uploads\/2025\/12\/251203_BP_LaNavidadSeGozaAsi_ElRecreo.jpg\" alt=\"\" width=\"700\" height=\"525\" \/><\/p>\n<p style=\"text-align: center;\"><span style=\"color: #000000;\"><strong>Pie de foto: Cortes\u00eda CC El Recreo.<\/strong><\/span><\/p>\n<p style=\"text-align: justify;\"><span style=\"color: #000000;\"><strong>Quito, diciembre de 2025.<\/strong>&#8211; Luces, emociones y tradiciones marcan esta temporada tan especial, y en el sur de Quito, la Navidad se vive con m\u00e1s fuerza que nunca. Bajo el concepto \u201cLa Navidad en El Recreo se goza AS\u00cd\u00cd\u00cd\u00cd\u00cd\u201d, la campa\u00f1a de Ciudad Comercial El Recreo propone una agenda vibrante con actividades para grandes y peque\u00f1os, promociones irresistibles, experiencias fotogr\u00e1ficas, concursos y mucho m\u00e1s.<\/span><\/p>\n<p style=\"text-align: justify;\"><span style=\"color: #000000;\">Durante todo el mes, as\u00ed como en los esperados \u201cD\u00edas Recreo\u201d (12, 13 y 14 de diciembre), el centro comercial contar\u00e1 con horarios extendidos del 18 al 23 de diciembre hasta las 22h00, acompa\u00f1ando as\u00ed a las familias en sus compras y celebraciones. Adem\u00e1s, los d\u00edas 31 de diciembre y 1 de enero operar\u00e1 con horarios especiales para recibir y comenzar el nuevo a\u00f1o junto a su comunidad.<\/span><\/p>\n<p style=\"text-align: justify;\"><span style=\"color: #000000;\"><strong>Entre los eventos m\u00e1s destacados de la agenda festiva est\u00e1n:<\/strong><\/span><\/p>\n<ul style=\"text-align: justify;\">\n<li><span style=\"color: #000000;\"><strong>Cena con Santa en ChFarina (19 de diciembre):<\/strong> Tres familias ser\u00e1n elegidas para compartir una cena m\u00e1gica junto a Pap\u00e1 Noel, gracias a su participaci\u00f3n al depositar sus cartas en el \u00e1nfora ubicada en la estaci\u00f3n navide\u00f1a en la Plaza de los Artistas hasta el 16 de diciembre.<\/span><\/li>\n<li><span style=\"color: #000000;\"><strong>Desfile de Mascotas Navide\u00f1o (22 de diciembre):<\/strong> Una jornada organizada junto a Mundo M\u00e1gico de la Mascota, donde los peluditos del hogar desfilar\u00e1n con sus mejores atuendos festivos. Las inscripciones se realizar\u00e1n el d\u00eda del evento.<\/span><\/li>\n<li><span style=\"color: #000000;\"><strong>Taller de elaboraci\u00f3n de viudas (29 de diciembre):<\/strong> Una actividad l\u00fadica y tradicional para despedir el a\u00f1o con creatividad. El ingreso ser\u00e1 libre, \u00a1Asegura tu cupo llegando temprano!.<\/span><\/li>\n<li><span style=\"color: #000000;\"><strong>Coros navide\u00f1os y m\u00fasica en vivo:<\/strong> Presentaciones especiales durante los fines de semana para llenar de esp\u00edritu navide\u00f1o cada rinc\u00f3n. Los coros y m\u00fasica estar\u00e1n ubicados en la Plaza de los Artistas y la Plaza de los Ni\u00f1os.<\/span><\/li>\n<li><span style=\"color: #000000;\"><strong>Estaciones fotogr\u00e1ficas y recorridos tem\u00e1ticos con personajes:<\/strong> El Recreo se llena de espacios m\u00e1gicos donde podr\u00e1n capturar los mejores recuerdos en familia. Los recorridos se realizar\u00e1n en horarios anunciados previamente en redes sociales.<\/span><\/li>\n<\/ul>\n<p style=\"text-align: justify;\"><span style=\"color: #000000;\"><em>\u201cQueremos que nuestros visitantes sientan que aqu\u00ed no solo vienen a comprar, sino a disfrutar, a emocionarse y a crear recuerdos. Nuestra campa\u00f1a navide\u00f1a est\u00e1 dise\u00f1ada para celebrar con la comunidad, ofrecer una experiencia envolvente y posicionarnos como el lugar favorito para vivir la Navidad en el sur de Quito\u201d,<\/em> se\u00f1al\u00f3 Marianela Berrazueta, administradora general de Ciudad Comercial El Recreo.<\/span><\/p>\n<p style=\"text-align: justify;\"><span style=\"color: #000000;\">Con una propuesta participativa, emotiva y llena de sorpresas, Ciudad Comercial El Recreo demuestra una vez m\u00e1s que la Navidad es m\u00e1s especial cuando se celebra en un espacio pensado para todos.<\/span><\/p>\n","protected":false},"excerpt":{"rendered":"<p>Pie de foto: Cortes\u00eda CC El Recreo. Quito, diciembre de 2025.&#8211; Luces, emociones y tradiciones marcan esta temporada tan especial, y en el sur de Quito, la Navidad se vive con m\u00e1s fuerza que nunca. Bajo el concepto \u201cLa Navidad en El Recreo se goza AS\u00cd\u00cd\u00cd\u00cd\u00cd\u201d, la campa\u00f1a de Ciudad Comercial El Recreo propone una [&hellip;]<\/p>\n","protected":false},"author":4,"featured_media":138483,"comment_status":"closed","ping_status":"closed","sticky":false,"template":"","format":"standard","meta":{"_bbp_topic_count":0,"_bbp_reply_count":0,"_bbp_total_topic_count":0,"_bbp_total_reply_count":0,"_bbp_voice_count":0,"_bbp_anonymous_reply_count":0,"_bbp_topic_count_hidden":0,"_bbp_reply_count_hidden":0,"_bbp_forum_subforum_count":0,"buzzeditor_post_format":"","footnotes":""},"categories":[2],"tags":[],"class_list":["post-138482","post","type-post","status-publish","format-standard","has-post-thumbnail","hentry","category-noticias"],"yoast_head":"<!-- This site is optimized with the Yoast SEO plugin v27.5 - https:\/\/yoast.com\/product\/yoast-seo-wordpress\/ -->\n<title>Ciudad Comercial El Recreo presenta una Navidad que se goza\u2026 \u00a1AS\u00cd\u00cd\u00cd\u00cd\u00cd! &#8211; QUEBAKAN.COM 2026: Noticias, Eventos, Conciertos y mucho m\u00e1s....<\/title>\n<meta name=\"robots\" content=\"index, follow, max-snippet:-1, max-image-preview:large, max-video-preview:-1\" \/>\n<link rel=\"canonical\" href=\"https:\/\/www.quebakan.com\/v15\/ciudad-comercial-el-recreo-presenta-una-navidad-que-se-goza-asiiiii\/\" \/>\n<meta property=\"og:locale\" content=\"es_ES\" \/>\n<meta property=\"og:type\" content=\"article\" \/>\n<meta property=\"og:title\" content=\"Ciudad Comercial El Recreo presenta una Navidad que se goza\u2026 \u00a1AS\u00cd\u00cd\u00cd\u00cd\u00cd! &#8211; QUEBAKAN.COM 2026: Noticias, Eventos, Conciertos y mucho m\u00e1s....\" \/>\n<meta property=\"og:description\" content=\"Pie de foto: Cortes\u00eda CC El Recreo. Quito, diciembre de 2025.&#8211; Luces, emociones y tradiciones marcan esta temporada tan especial, y en el sur de Quito, la Navidad se vive con m\u00e1s fuerza que nunca. Bajo el concepto \u201cLa Navidad en El Recreo se goza AS\u00cd\u00cd\u00cd\u00cd\u00cd\u201d, la campa\u00f1a de Ciudad Comercial El Recreo propone una [&hellip;]\" \/>\n<meta property=\"og:url\" content=\"https:\/\/www.quebakan.com\/v15\/ciudad-comercial-el-recreo-presenta-una-navidad-que-se-goza-asiiiii\/\" \/>\n<meta property=\"og:site_name\" content=\"QUEBAKAN.COM 2026: Noticias, Eventos, Conciertos y mucho m\u00e1s....\" \/>\n<meta property=\"article:publisher\" content=\"http:\/\/www.facebook.com\/quebakan\" \/>\n<meta property=\"article:published_time\" content=\"2025-12-16T19:24:32+00:00\" \/>\n<meta property=\"og:image\" content=\"https:\/\/www.quebakan.com\/v15\/wp-content\/uploads\/2025\/12\/251203_BP_LaNavidadSeGozaAsi_ElRecreo.jpg\" \/>\n\t<meta property=\"og:image:width\" content=\"700\" \/>\n\t<meta property=\"og:image:height\" content=\"525\" \/>\n\t<meta property=\"og:image:type\" content=\"image\/jpeg\" \/>\n<meta name=\"author\" content=\"Erick Villafuerte\" \/>\n<meta name=\"twitter:card\" content=\"summary_large_image\" \/>\n<meta name=\"twitter:creator\" content=\"@quebakanec\" \/>\n<meta name=\"twitter:site\" content=\"@quebakanec\" \/>\n<meta name=\"twitter:label1\" content=\"Escrito por\" \/>\n\t<meta name=\"twitter:data1\" content=\"Erick Villafuerte\" \/>\n\t<meta name=\"twitter:label2\" content=\"Tiempo de lectura\" \/>\n\t<meta name=\"twitter:data2\" content=\"3 minutos\" \/>\n<script type=\"application\/ld+json\" class=\"yoast-schema-graph\">{\"@context\":\"https:\\\/\\\/schema.org\",\"@graph\":[{\"@type\":\"Article\",\"@id\":\"https:\\\/\\\/www.quebakan.com\\\/v15\\\/ciudad-comercial-el-recreo-presenta-una-navidad-que-se-goza-asiiiii\\\/#article\",\"isPartOf\":{\"@id\":\"https:\\\/\\\/www.quebakan.com\\\/v15\\\/ciudad-comercial-el-recreo-presenta-una-navidad-que-se-goza-asiiiii\\\/\"},\"author\":{\"name\":\"Erick Villafuerte\",\"@id\":\"https:\\\/\\\/www.quebakan.com\\\/v15\\\/#\\\/schema\\\/person\\\/d90fa9f9cfa81eb8ace9811e5b7b9118\"},\"headline\":\"Ciudad Comercial El Recreo presenta una Navidad que se goza\u2026 \u00a1AS\u00cd\u00cd\u00cd\u00cd\u00cd!\",\"datePublished\":\"2025-12-16T19:24:32+00:00\",\"mainEntityOfPage\":{\"@id\":\"https:\\\/\\\/www.quebakan.com\\\/v15\\\/ciudad-comercial-el-recreo-presenta-una-navidad-que-se-goza-asiiiii\\\/\"},\"wordCount\":469,\"publisher\":{\"@id\":\"https:\\\/\\\/www.quebakan.com\\\/v15\\\/#organization\"},\"image\":{\"@id\":\"https:\\\/\\\/www.quebakan.com\\\/v15\\\/ciudad-comercial-el-recreo-presenta-una-navidad-que-se-goza-asiiiii\\\/#primaryimage\"},\"thumbnailUrl\":\"https:\\\/\\\/www.quebakan.com\\\/v15\\\/wp-content\\\/uploads\\\/2025\\\/12\\\/251203_BP_LaNavidadSeGozaAsi_ElRecreo.jpg\",\"articleSection\":[\"Noticias\"],\"inLanguage\":\"es\"},{\"@type\":\"WebPage\",\"@id\":\"https:\\\/\\\/www.quebakan.com\\\/v15\\\/ciudad-comercial-el-recreo-presenta-una-navidad-que-se-goza-asiiiii\\\/\",\"url\":\"https:\\\/\\\/www.quebakan.com\\\/v15\\\/ciudad-comercial-el-recreo-presenta-una-navidad-que-se-goza-asiiiii\\\/\",\"name\":\"Ciudad Comercial El Recreo presenta una Navidad que se goza\u2026 \u00a1AS\u00cd\u00cd\u00cd\u00cd\u00cd! &#8211; QUEBAKAN.COM 2026: Noticias, Eventos, Conciertos y mucho m\u00e1s....\",\"isPartOf\":{\"@id\":\"https:\\\/\\\/www.quebakan.com\\\/v15\\\/#website\"},\"primaryImageOfPage\":{\"@id\":\"https:\\\/\\\/www.quebakan.com\\\/v15\\\/ciudad-comercial-el-recreo-presenta-una-navidad-que-se-goza-asiiiii\\\/#primaryimage\"},\"image\":{\"@id\":\"https:\\\/\\\/www.quebakan.com\\\/v15\\\/ciudad-comercial-el-recreo-presenta-una-navidad-que-se-goza-asiiiii\\\/#primaryimage\"},\"thumbnailUrl\":\"https:\\\/\\\/www.quebakan.com\\\/v15\\\/wp-content\\\/uploads\\\/2025\\\/12\\\/251203_BP_LaNavidadSeGozaAsi_ElRecreo.jpg\",\"datePublished\":\"2025-12-16T19:24:32+00:00\",\"breadcrumb\":{\"@id\":\"https:\\\/\\\/www.quebakan.com\\\/v15\\\/ciudad-comercial-el-recreo-presenta-una-navidad-que-se-goza-asiiiii\\\/#breadcrumb\"},\"inLanguage\":\"es\",\"potentialAction\":[{\"@type\":\"ReadAction\",\"target\":[\"https:\\\/\\\/www.quebakan.com\\\/v15\\\/ciudad-comercial-el-recreo-presenta-una-navidad-que-se-goza-asiiiii\\\/\"]}]},{\"@type\":\"ImageObject\",\"inLanguage\":\"es\",\"@id\":\"https:\\\/\\\/www.quebakan.com\\\/v15\\\/ciudad-comercial-el-recreo-presenta-una-navidad-que-se-goza-asiiiii\\\/#primaryimage\",\"url\":\"https:\\\/\\\/www.quebakan.com\\\/v15\\\/wp-content\\\/uploads\\\/2025\\\/12\\\/251203_BP_LaNavidadSeGozaAsi_ElRecreo.jpg\",\"contentUrl\":\"https:\\\/\\\/www.quebakan.com\\\/v15\\\/wp-content\\\/uploads\\\/2025\\\/12\\\/251203_BP_LaNavidadSeGozaAsi_ElRecreo.jpg\",\"width\":700,\"height\":525},{\"@type\":\"BreadcrumbList\",\"@id\":\"https:\\\/\\\/www.quebakan.com\\\/v15\\\/ciudad-comercial-el-recreo-presenta-una-navidad-que-se-goza-asiiiii\\\/#breadcrumb\",\"itemListElement\":[{\"@type\":\"ListItem\",\"position\":1,\"name\":\"Portada\",\"item\":\"https:\\\/\\\/www.quebakan.com\\\/v15\\\/\"},{\"@type\":\"ListItem\",\"position\":2,\"name\":\"Ciudad Comercial El Recreo presenta una Navidad que se goza\u2026 \u00a1AS\u00cd\u00cd\u00cd\u00cd\u00cd!\"}]},{\"@type\":\"WebSite\",\"@id\":\"https:\\\/\\\/www.quebakan.com\\\/v15\\\/#website\",\"url\":\"https:\\\/\\\/www.quebakan.com\\\/v15\\\/\",\"name\":\"QUEBAKAN\",\"description\":\"..\",\"publisher\":{\"@id\":\"https:\\\/\\\/www.quebakan.com\\\/v15\\\/#organization\"},\"potentialAction\":[{\"@type\":\"SearchAction\",\"target\":{\"@type\":\"EntryPoint\",\"urlTemplate\":\"https:\\\/\\\/www.quebakan.com\\\/v15\\\/?s={search_term_string}\"},\"query-input\":{\"@type\":\"PropertyValueSpecification\",\"valueRequired\":true,\"valueName\":\"search_term_string\"}}],\"inLanguage\":\"es\"},{\"@type\":\"Organization\",\"@id\":\"https:\\\/\\\/www.quebakan.com\\\/v15\\\/#organization\",\"name\":\"Quebakan.com\",\"url\":\"https:\\\/\\\/www.quebakan.com\\\/v15\\\/\",\"logo\":{\"@type\":\"ImageObject\",\"inLanguage\":\"es\",\"@id\":\"https:\\\/\\\/www.quebakan.com\\\/v15\\\/#\\\/schema\\\/logo\\\/image\\\/\",\"url\":\"https:\\\/\\\/www.quebakan.com\\\/v15\\\/wp-content\\\/uploads\\\/2023\\\/07\\\/logoquebakanenero2021.jpg\",\"contentUrl\":\"https:\\\/\\\/www.quebakan.com\\\/v15\\\/wp-content\\\/uploads\\\/2023\\\/07\\\/logoquebakanenero2021.jpg\",\"width\":1920,\"height\":1080,\"caption\":\"Quebakan.com\"},\"image\":{\"@id\":\"https:\\\/\\\/www.quebakan.com\\\/v15\\\/#\\\/schema\\\/logo\\\/image\\\/\"},\"sameAs\":[\"http:\\\/\\\/www.facebook.com\\\/quebakan\",\"https:\\\/\\\/x.com\\\/quebakanec\",\"http:\\\/\\\/www.instagram.com\\\/quebakan\",\"http:\\\/\\\/www.youtube.com\\\/quebakan1\"]},{\"@type\":\"Person\",\"@id\":\"https:\\\/\\\/www.quebakan.com\\\/v15\\\/#\\\/schema\\\/person\\\/d90fa9f9cfa81eb8ace9811e5b7b9118\",\"name\":\"Erick Villafuerte\",\"image\":{\"@type\":\"ImageObject\",\"inLanguage\":\"es\",\"@id\":\"https:\\\/\\\/www.quebakan.com\\\/v15\\\/wp-content\\\/uploads\\\/avatars\\\/4\\\/1731297654-bpfull.png\",\"url\":\"https:\\\/\\\/www.quebakan.com\\\/v15\\\/wp-content\\\/uploads\\\/avatars\\\/4\\\/1731297654-bpfull.png\",\"contentUrl\":\"https:\\\/\\\/www.quebakan.com\\\/v15\\\/wp-content\\\/uploads\\\/avatars\\\/4\\\/1731297654-bpfull.png\",\"caption\":\"Erick Villafuerte\"}}]}<\/script>\n<!-- \/ Yoast SEO plugin. -->","yoast_head_json":{"title":"Ciudad Comercial El Recreo presenta una Navidad que se goza\u2026 \u00a1AS\u00cd\u00cd\u00cd\u00cd\u00cd! &#8211; QUEBAKAN.COM 2026: Noticias, Eventos, Conciertos y mucho m\u00e1s....","robots":{"index":"index","follow":"follow","max-snippet":"max-snippet:-1","max-image-preview":"max-image-preview:large","max-video-preview":"max-video-preview:-1"},"canonical":"https:\/\/www.quebakan.com\/v15\/ciudad-comercial-el-recreo-presenta-una-navidad-que-se-goza-asiiiii\/","og_locale":"es_ES","og_type":"article","og_title":"Ciudad Comercial El Recreo presenta una Navidad que se goza\u2026 \u00a1AS\u00cd\u00cd\u00cd\u00cd\u00cd! &#8211; QUEBAKAN.COM 2026: Noticias, Eventos, Conciertos y mucho m\u00e1s....","og_description":"Pie de foto: Cortes\u00eda CC El Recreo. Quito, diciembre de 2025.&#8211; Luces, emociones y tradiciones marcan esta temporada tan especial, y en el sur de Quito, la Navidad se vive con m\u00e1s fuerza que nunca. Bajo el concepto \u201cLa Navidad en El Recreo se goza AS\u00cd\u00cd\u00cd\u00cd\u00cd\u201d, la campa\u00f1a de Ciudad Comercial El Recreo propone una [&hellip;]","og_url":"https:\/\/www.quebakan.com\/v15\/ciudad-comercial-el-recreo-presenta-una-navidad-que-se-goza-asiiiii\/","og_site_name":"QUEBAKAN.COM 2026: Noticias, Eventos, Conciertos y mucho m\u00e1s....","article_publisher":"http:\/\/www.facebook.com\/quebakan","article_published_time":"2025-12-16T19:24:32+00:00","og_image":[{"width":700,"height":525,"url":"https:\/\/www.quebakan.com\/v15\/wp-content\/uploads\/2025\/12\/251203_BP_LaNavidadSeGozaAsi_ElRecreo.jpg","type":"image\/jpeg"}],"author":"Erick Villafuerte","twitter_card":"summary_large_image","twitter_creator":"@quebakanec","twitter_site":"@quebakanec","twitter_misc":{"Escrito por":"Erick Villafuerte","Tiempo de lectura":"3 minutos"},"schema":{"@context":"https:\/\/schema.org","@graph":[{"@type":"Article","@id":"https:\/\/www.quebakan.com\/v15\/ciudad-comercial-el-recreo-presenta-una-navidad-que-se-goza-asiiiii\/#article","isPartOf":{"@id":"https:\/\/www.quebakan.com\/v15\/ciudad-comercial-el-recreo-presenta-una-navidad-que-se-goza-asiiiii\/"},"author":{"name":"Erick Villafuerte","@id":"https:\/\/www.quebakan.com\/v15\/#\/schema\/person\/d90fa9f9cfa81eb8ace9811e5b7b9118"},"headline":"Ciudad Comercial El Recreo presenta una Navidad que se goza\u2026 \u00a1AS\u00cd\u00cd\u00cd\u00cd\u00cd!","datePublished":"2025-12-16T19:24:32+00:00","mainEntityOfPage":{"@id":"https:\/\/www.quebakan.com\/v15\/ciudad-comercial-el-recreo-presenta-una-navidad-que-se-goza-asiiiii\/"},"wordCount":469,"publisher":{"@id":"https:\/\/www.quebakan.com\/v15\/#organization"},"image":{"@id":"https:\/\/www.quebakan.com\/v15\/ciudad-comercial-el-recreo-presenta-una-navidad-que-se-goza-asiiiii\/#primaryimage"},"thumbnailUrl":"https:\/\/www.quebakan.com\/v15\/wp-content\/uploads\/2025\/12\/251203_BP_LaNavidadSeGozaAsi_ElRecreo.jpg","articleSection":["Noticias"],"inLanguage":"es"},{"@type":"WebPage","@id":"https:\/\/www.quebakan.com\/v15\/ciudad-comercial-el-recreo-presenta-una-navidad-que-se-goza-asiiiii\/","url":"https:\/\/www.quebakan.com\/v15\/ciudad-comercial-el-recreo-presenta-una-navidad-que-se-goza-asiiiii\/","name":"Ciudad Comercial El Recreo presenta una Navidad que se goza\u2026 \u00a1AS\u00cd\u00cd\u00cd\u00cd\u00cd! &#8211; QUEBAKAN.COM 2026: Noticias, Eventos, Conciertos y mucho m\u00e1s....","isPartOf":{"@id":"https:\/\/www.quebakan.com\/v15\/#website"},"primaryImageOfPage":{"@id":"https:\/\/www.quebakan.com\/v15\/ciudad-comercial-el-recreo-presenta-una-navidad-que-se-goza-asiiiii\/#primaryimage"},"image":{"@id":"https:\/\/www.quebakan.com\/v15\/ciudad-comercial-el-recreo-presenta-una-navidad-que-se-goza-asiiiii\/#primaryimage"},"thumbnailUrl":"https:\/\/www.quebakan.com\/v15\/wp-content\/uploads\/2025\/12\/251203_BP_LaNavidadSeGozaAsi_ElRecreo.jpg","datePublished":"2025-12-16T19:24:32+00:00","breadcrumb":{"@id":"https:\/\/www.quebakan.com\/v15\/ciudad-comercial-el-recreo-presenta-una-navidad-que-se-goza-asiiiii\/#breadcrumb"},"inLanguage":"es","potentialAction":[{"@type":"ReadAction","target":["https:\/\/www.quebakan.com\/v15\/ciudad-comercial-el-recreo-presenta-una-navidad-que-se-goza-asiiiii\/"]}]},{"@type":"ImageObject","inLanguage":"es","@id":"https:\/\/www.quebakan.com\/v15\/ciudad-comercial-el-recreo-presenta-una-navidad-que-se-goza-asiiiii\/#primaryimage","url":"https:\/\/www.quebakan.com\/v15\/wp-content\/uploads\/2025\/12\/251203_BP_LaNavidadSeGozaAsi_ElRecreo.jpg","contentUrl":"https:\/\/www.quebakan.com\/v15\/wp-content\/uploads\/2025\/12\/251203_BP_LaNavidadSeGozaAsi_ElRecreo.jpg","width":700,"height":525},{"@type":"BreadcrumbList","@id":"https:\/\/www.quebakan.com\/v15\/ciudad-comercial-el-recreo-presenta-una-navidad-que-se-goza-asiiiii\/#breadcrumb","itemListElement":[{"@type":"ListItem","position":1,"name":"Portada","item":"https:\/\/www.quebakan.com\/v15\/"},{"@type":"ListItem","position":2,"name":"Ciudad Comercial El Recreo presenta una Navidad que se goza\u2026 \u00a1AS\u00cd\u00cd\u00cd\u00cd\u00cd!"}]},{"@type":"WebSite","@id":"https:\/\/www.quebakan.com\/v15\/#website","url":"https:\/\/www.quebakan.com\/v15\/","name":"QUEBAKAN","description":"..","publisher":{"@id":"https:\/\/www.quebakan.com\/v15\/#organization"},"potentialAction":[{"@type":"SearchAction","target":{"@type":"EntryPoint","urlTemplate":"https:\/\/www.quebakan.com\/v15\/?s={search_term_string}"},"query-input":{"@type":"PropertyValueSpecification","valueRequired":true,"valueName":"search_term_string"}}],"inLanguage":"es"},{"@type":"Organization","@id":"https:\/\/www.quebakan.com\/v15\/#organization","name":"Quebakan.com","url":"https:\/\/www.quebakan.com\/v15\/","logo":{"@type":"ImageObject","inLanguage":"es","@id":"https:\/\/www.quebakan.com\/v15\/#\/schema\/logo\/image\/","url":"https:\/\/www.quebakan.com\/v15\/wp-content\/uploads\/2023\/07\/logoquebakanenero2021.jpg","contentUrl":"https:\/\/www.quebakan.com\/v15\/wp-content\/uploads\/2023\/07\/logoquebakanenero2021.jpg","width":1920,"height":1080,"caption":"Quebakan.com"},"image":{"@id":"https:\/\/www.quebakan.com\/v15\/#\/schema\/logo\/image\/"},"sameAs":["http:\/\/www.facebook.com\/quebakan","https:\/\/x.com\/quebakanec","http:\/\/www.instagram.com\/quebakan","http:\/\/www.youtube.com\/quebakan1"]},{"@type":"Person","@id":"https:\/\/www.quebakan.com\/v15\/#\/schema\/person\/d90fa9f9cfa81eb8ace9811e5b7b9118","name":"Erick Villafuerte","image":{"@type":"ImageObject","inLanguage":"es","@id":"https:\/\/www.quebakan.com\/v15\/wp-content\/uploads\/avatars\/4\/1731297654-bpfull.png","url":"https:\/\/www.quebakan.com\/v15\/wp-content\/uploads\/avatars\/4\/1731297654-bpfull.png","contentUrl":"https:\/\/www.quebakan.com\/v15\/wp-content\/uploads\/avatars\/4\/1731297654-bpfull.png","caption":"Erick Villafuerte"}}]}},"_links":{"self":[{"href":"https:\/\/www.quebakan.com\/v15\/wp-json\/wp\/v2\/posts\/138482","targetHints":{"allow":["GET"]}}],"collection":[{"href":"https:\/\/www.quebakan.com\/v15\/wp-json\/wp\/v2\/posts"}],"about":[{"href":"https:\/\/www.quebakan.com\/v15\/wp-json\/wp\/v2\/types\/post"}],"author":[{"embeddable":true,"href":"https:\/\/www.quebakan.com\/v15\/wp-json\/wp\/v2\/users\/4"}],"replies":[{"embeddable":true,"href":"https:\/\/www.quebakan.com\/v15\/wp-json\/wp\/v2\/comments?post=138482"}],"version-history":[{"count":1,"href":"https:\/\/www.quebakan.com\/v15\/wp-json\/wp\/v2\/posts\/138482\/revisions"}],"predecessor-version":[{"id":138484,"href":"https:\/\/www.quebakan.com\/v15\/wp-json\/wp\/v2\/posts\/138482\/revisions\/138484"}],"wp:featuredmedia":[{"embeddable":true,"href":"https:\/\/www.quebakan.com\/v15\/wp-json\/wp\/v2\/media\/138483"}],"wp:attachment":[{"href":"https:\/\/www.quebakan.com\/v15\/wp-json\/wp\/v2\/media?parent=138482"}],"wp:term":[{"taxonomy":"category","embeddable":true,"href":"https:\/\/www.quebakan.com\/v15\/wp-json\/wp\/v2\/categories?post=138482"},{"taxonomy":"post_tag","embeddable":true,"href":"https:\/\/www.quebakan.com\/v15\/wp-json\/wp\/v2\/tags?post=138482"}],"curies":[{"name":"wp","href":"https:\/\/api.w.org\/{rel}","templated":true}]}}