{"id":138485,"date":"2025-12-16T14:33:57","date_gmt":"2025-12-16T19:33:57","guid":{"rendered":"https:\/\/www.quebakan.com\/v15\/?p=138485"},"modified":"2025-12-16T14:33:57","modified_gmt":"2025-12-16T19:33:57","slug":"claves-para-disminuir-los-residuos-durante-las-fiestas-de-fin-de-ano","status":"publish","type":"post","link":"https:\/\/www.quebakan.com\/v15\/claves-para-disminuir-los-residuos-durante-las-fiestas-de-fin-de-ano\/","title":{"rendered":"Claves para disminuir los residuos durante las fiestas de fin de a\u00f1o"},"content":{"rendered":"<p><img fetchpriority=\"high\" decoding=\"async\" class=\"aligncenter size-full wp-image-138486\" src=\"https:\/\/www.quebakan.com\/v15\/wp-content\/uploads\/2025\/12\/Tetra-Pak-11-feb-2021-18-1.jpg\" alt=\"\" width=\"560\" height=\"700\" \/><\/p>\n<p style=\"text-align: justify;\"><span style=\"color: #000000;\"><strong>Cortes\u00eda Tetra Pak: <\/strong><em>Desarma, escurre y deposita: tres pasos simples de Tetra Pak para darle una nueva vida a los envases y cuidar el planeta.<\/em><\/span><\/p>\n<ul style=\"text-align: justify;\">\n<li><span style=\"color: #000000;\">En diciembre, la recolecci\u00f3n de residuos en Ecuador aumenta hasta un 10 % respecto a otros meses del a\u00f1o<\/span><\/li>\n<li><span style=\"color: #000000;\">Se estima que la generaci\u00f3n mundial de residuos podr\u00eda alcanzar 3.800 millones de toneladas para 2050 si no se toman medidas urgentes.<\/span><\/li>\n<li><span style=\"color: #000000;\">Adoptar h\u00e1bitos sencillos, como la correcta separaci\u00f3n de residuos, puede reducir el impacto ambiental durante las fiestas.<\/span><\/li>\n<\/ul>\n<p style=\"text-align: justify;\"><span style=\"color: #000000;\"><strong>Quito, Ecuador, diciembre del 2025.-<\/strong> La temporada decembrina, cargada de tradiciones y celebraciones, es una de las \u00e9pocas del a\u00f1o en la que m\u00e1s residuos generamos. En Ecuador, por ejemplo, datos del Instituto Nacional de Estad\u00edstica y Censos (INEC 2023) y de la Empresa P\u00fablica Metropolitana de Aseo (EMASEO) indican que en diciembre la recolecci\u00f3n de residuos puede superar las 58,000 toneladas, un incremento de hasta 10 % respecto a otros meses.<\/span><\/p>\n<p style=\"text-align: justify;\"><span style=\"color: #000000;\">M\u00f3nica Montes, gerente de Sostenibilidad de Tetra Pak Andina, explica que \u201cesto se debe principalmente al aumento del consumo, los empaques, envoltorios y productos de un solo uso. Sin embargo, con peque\u00f1os cambios en los h\u00e1bitos, es posible disfrutar de las fiestas de fin de a\u00f1o, de manera m\u00e1s sostenible\u201d.<\/span><\/p>\n<p style=\"text-align: justify;\"><span style=\"color: #000000;\"><strong>El aumento de residuos y el impacto ambiental<\/strong><\/span><\/p>\n<p style=\"text-align: justify;\"><span style=\"color: #000000;\">En la \u00e9poca navide\u00f1a, el volumen de residuos se eleva debido a varios factores:<\/span><\/p>\n<ul style=\"text-align: justify;\">\n<li><span style=\"color: #000000;\"><strong>Exceso de comida:<\/strong> las celebraciones navide\u00f1as son una oportunidad para compartir en familia, pero esto tambi\u00e9n conlleva un aumento significativo en la cantidad de residuos generados por los productos, naturales y envasados o empacados, que se usan para las preparaciones de alimentos.<\/span><\/li>\n<li><span style=\"color: #000000;\"><strong>Envoltorios de regalos y decoraciones:<\/strong> los empaques, papeles de regalo y otros materiales desechables tambi\u00e9n contribuyen al aumento de residuos, especialmente pl\u00e1sticos y papel no reciclables.<\/span><\/li>\n<li><span style=\"color: #000000;\"><strong>Uso de vajillas desechables:<\/strong> durante las fiestas, el uso de productos de un solo uso, como platos y cubiertos pl\u00e1sticos, es una de las principales fuentes de basura en las celebraciones.<\/span><\/li>\n<\/ul>\n<p style=\"text-align: justify;\"><span style=\"color: #000000;\">A nivel global, el Programa de las Naciones Unidas para el Medio Ambiente (PNUMA) estima que la generaci\u00f3n de residuos s\u00f3lidos urbanos podr\u00eda llegar a 3.800 millones de toneladas para 2050, y el costo de su gesti\u00f3n podr\u00eda superar los 640,000 millones de d\u00f3lares. Esto pone en evidencia la urgencia de tomar medidas para reducir la huella ambiental.<\/span><\/p>\n<p style=\"text-align: justify;\"><span style=\"color: #000000;\"><strong>Reducir los residuos sin perder la esencia de la celebraci\u00f3n<\/strong><\/span><\/p>\n<p style=\"text-align: justify;\"><span style=\"color: #000000;\">Afortunadamente, existen diversas alternativas para disfrutar de las festividades de manera m\u00e1s sostenible, sin perder la magia de la Navidad. M\u00f3nica Montes propone algunas acciones clave para reducir los residuos sin apagar la celebraci\u00f3n:<\/span><\/p>\n<ul style=\"text-align: justify;\">\n<li><span style=\"color: #000000;\"><strong>Usar vajillas reutilizables o biodegradables:<\/strong> es ideal recurrir a loza o vajillas reutilizables; quienes necesiten utilizar desechables pueden recurrir a opciones biodegradables, que tienen un menor impacto ambiental.<\/span><\/li>\n<li><span style=\"color: #000000;\"><strong>Regalar experiencias o productos hechos a mano:<\/strong> en lugar de solo comprar productos nuevos y empaquetados, considere regalar tambi\u00e9n experiencias (como entradas a eventos o actividades) o productos que pueda crear usted mismo.<\/span><\/li>\n<\/ul>\n<p style=\"text-align: justify;\"><span style=\"color: #000000;\"><strong>La importancia de separar y disponer adecuadamente los residuos<\/strong><\/span><\/p>\n<p style=\"text-align: justify;\"><span style=\"color: #000000;\">En Ecuador, la separaci\u00f3n de residuos en la fuente est\u00e1 respaldada por el <strong>C\u00f3digo Org\u00e1nico del Ambiente (COA), vigente desde 2018<\/strong> que establece la obligaci\u00f3n de que los residuos sean clasificados desde el lugar donde se generan, diferenciando al menos entre:<\/span><\/p>\n<ul style=\"text-align: justify;\">\n<li><span style=\"color: #000000;\"><strong>Reciclables:<\/strong> pl\u00e1stico, vidrio, cart\u00f3n y papel deben ser colocados en una bolsa o contenedor separado, para que puedan ser reciclados.<\/span><\/li>\n<li><span style=\"color: #000000;\"><strong>Residuos org\u00e1nicos:<\/strong> restos de alimentos y otros desechos biodegradables deben ir en un contenedor distinto; este contenido puede ser utilizado para compostaje.<\/span><\/li>\n<li><span style=\"color: #000000;\"><strong>Residuos no aprovechables:<\/strong> aquellos que no se pueden reciclar deben ser dispuestos de forma correcta para evitar que terminen en vertederos inadecuados.<\/span><\/li>\n<\/ul>\n<p style=\"text-align: justify;\"><span style=\"color: #000000;\">M\u00f3nica Montes afirma que disminuir la producci\u00f3n de residuos que terminan en vertederos durante las festividades requiere que todos aprendamos a disponer correctamente aquellos que son aprovechables, como los envases posconsumo de Tetra Pak<sup>\u00ae<\/sup>, para facilitar su posterior reciclaje.<\/span><\/p>\n<p style=\"text-align: justify;\"><span style=\"color: #000000;\">\u201cPara empezar, antes de comprar es recomendable revisar qu\u00e9 tipo de envase tiene lo que lleva al carrito\u201d, explica Montes. Y agrega: \u201cLas cajas de cart\u00f3n para alimentos y bebidas de Tetra Pak<sup>\u00ae<\/sup> (como jugos o leches) se pueden reciclar y convertirse en techos, paredes y todo tipo de mobiliario. Para aprovecharlas al m\u00e1ximo, aconsejamos disponerlas siguiendo estos pasos: desarme el envase despegando sus cuatro pesta\u00f1as; esc\u00farralo, apl\u00e1nelo y vuelva a taparlo, y depos\u00edtelo en el contenedor de residuos aprovechables\u201d.<\/span><\/p>\n<p style=\"text-align: justify;\"><span style=\"color: #000000;\">Gracias a este h\u00e1bito, Ecuador es el pa\u00eds de la regi\u00f3n Andina con el porcentaje m\u00e1s alto de recuperaci\u00f3n y reciclaje de envases posconsumo de Tetra Pak. Solo en el 2024, se colectaron y transformaron cerca de 215 millones de unidades.<\/span><\/p>\n<p style=\"text-align: justify;\"><span style=\"color: #000000;\">Las celebraciones de fin de a\u00f1o no tienen que generar un impacto negativo en el medio ambiente. Con peque\u00f1as acciones como elegir decoraciones reutilizables, reducir el uso de productos desechables, separar adecuadamente los residuos y optar por la reutilizaci\u00f3n, se puede disfrutar de las fiestas de manera responsable.<\/span><\/p>\n","protected":false},"excerpt":{"rendered":"<p>Cortes\u00eda Tetra Pak: Desarma, escurre y deposita: tres pasos simples de Tetra Pak para darle una nueva vida a los envases y cuidar el planeta. En diciembre, la recolecci\u00f3n de residuos en Ecuador aumenta hasta un 10 % respecto a otros meses del a\u00f1o Se estima que la generaci\u00f3n mundial de residuos podr\u00eda alcanzar 3.800 [&hellip;]<\/p>\n","protected":false},"author":4,"featured_media":138486,"comment_status":"closed","ping_status":"closed","sticky":false,"template":"","format":"standard","meta":{"_bbp_topic_count":0,"_bbp_reply_count":0,"_bbp_total_topic_count":0,"_bbp_total_reply_count":0,"_bbp_voice_count":0,"_bbp_anonymous_reply_count":0,"_bbp_topic_count_hidden":0,"_bbp_reply_count_hidden":0,"_bbp_forum_subforum_count":0,"buzzeditor_post_format":"","footnotes":""},"categories":[2],"tags":[],"class_list":["post-138485","post","type-post","status-publish","format-standard","has-post-thumbnail","hentry","category-noticias"],"yoast_head":"<!-- This site is optimized with the Yoast SEO plugin v27.5 - https:\/\/yoast.com\/product\/yoast-seo-wordpress\/ -->\n<title>Claves para disminuir los residuos durante las fiestas de fin de a\u00f1o &#8211; QUEBAKAN.COM 2026: Noticias, Eventos, Conciertos y mucho m\u00e1s....<\/title>\n<meta name=\"robots\" content=\"index, follow, max-snippet:-1, max-image-preview:large, max-video-preview:-1\" \/>\n<link rel=\"canonical\" href=\"https:\/\/www.quebakan.com\/v15\/claves-para-disminuir-los-residuos-durante-las-fiestas-de-fin-de-ano\/\" \/>\n<meta property=\"og:locale\" content=\"es_ES\" \/>\n<meta property=\"og:type\" content=\"article\" \/>\n<meta property=\"og:title\" content=\"Claves para disminuir los residuos durante las fiestas de fin de a\u00f1o &#8211; QUEBAKAN.COM 2026: Noticias, Eventos, Conciertos y mucho m\u00e1s....\" \/>\n<meta property=\"og:description\" content=\"Cortes\u00eda Tetra Pak: Desarma, escurre y deposita: tres pasos simples de Tetra Pak para darle una nueva vida a los envases y cuidar el planeta. En diciembre, la recolecci\u00f3n de residuos en Ecuador aumenta hasta un 10 % respecto a otros meses del a\u00f1o Se estima que la generaci\u00f3n mundial de residuos podr\u00eda alcanzar 3.800 [&hellip;]\" \/>\n<meta property=\"og:url\" content=\"https:\/\/www.quebakan.com\/v15\/claves-para-disminuir-los-residuos-durante-las-fiestas-de-fin-de-ano\/\" \/>\n<meta property=\"og:site_name\" content=\"QUEBAKAN.COM 2026: Noticias, Eventos, Conciertos y mucho m\u00e1s....\" \/>\n<meta property=\"article:publisher\" content=\"http:\/\/www.facebook.com\/quebakan\" \/>\n<meta property=\"article:published_time\" content=\"2025-12-16T19:33:57+00:00\" \/>\n<meta property=\"og:image\" content=\"https:\/\/www.quebakan.com\/v15\/wp-content\/uploads\/2025\/12\/Tetra-Pak-11-feb-2021-18-1.jpg\" \/>\n\t<meta property=\"og:image:width\" content=\"560\" \/>\n\t<meta property=\"og:image:height\" content=\"700\" \/>\n\t<meta property=\"og:image:type\" content=\"image\/jpeg\" \/>\n<meta name=\"author\" content=\"Erick Villafuerte\" \/>\n<meta name=\"twitter:card\" content=\"summary_large_image\" \/>\n<meta name=\"twitter:creator\" content=\"@quebakanec\" \/>\n<meta name=\"twitter:site\" content=\"@quebakanec\" \/>\n<meta name=\"twitter:label1\" content=\"Escrito por\" \/>\n\t<meta name=\"twitter:data1\" content=\"Erick Villafuerte\" \/>\n\t<meta name=\"twitter:label2\" content=\"Tiempo de lectura\" \/>\n\t<meta name=\"twitter:data2\" content=\"5 minutos\" \/>\n<script type=\"application\/ld+json\" class=\"yoast-schema-graph\">{\"@context\":\"https:\\\/\\\/schema.org\",\"@graph\":[{\"@type\":\"Article\",\"@id\":\"https:\\\/\\\/www.quebakan.com\\\/v15\\\/claves-para-disminuir-los-residuos-durante-las-fiestas-de-fin-de-ano\\\/#article\",\"isPartOf\":{\"@id\":\"https:\\\/\\\/www.quebakan.com\\\/v15\\\/claves-para-disminuir-los-residuos-durante-las-fiestas-de-fin-de-ano\\\/\"},\"author\":{\"name\":\"Erick Villafuerte\",\"@id\":\"https:\\\/\\\/www.quebakan.com\\\/v15\\\/#\\\/schema\\\/person\\\/d90fa9f9cfa81eb8ace9811e5b7b9118\"},\"headline\":\"Claves para disminuir los residuos durante las fiestas de fin de a\u00f1o\",\"datePublished\":\"2025-12-16T19:33:57+00:00\",\"mainEntityOfPage\":{\"@id\":\"https:\\\/\\\/www.quebakan.com\\\/v15\\\/claves-para-disminuir-los-residuos-durante-las-fiestas-de-fin-de-ano\\\/\"},\"wordCount\":867,\"publisher\":{\"@id\":\"https:\\\/\\\/www.quebakan.com\\\/v15\\\/#organization\"},\"image\":{\"@id\":\"https:\\\/\\\/www.quebakan.com\\\/v15\\\/claves-para-disminuir-los-residuos-durante-las-fiestas-de-fin-de-ano\\\/#primaryimage\"},\"thumbnailUrl\":\"https:\\\/\\\/www.quebakan.com\\\/v15\\\/wp-content\\\/uploads\\\/2025\\\/12\\\/Tetra-Pak-11-feb-2021-18-1.jpg\",\"articleSection\":[\"Noticias\"],\"inLanguage\":\"es\"},{\"@type\":\"WebPage\",\"@id\":\"https:\\\/\\\/www.quebakan.com\\\/v15\\\/claves-para-disminuir-los-residuos-durante-las-fiestas-de-fin-de-ano\\\/\",\"url\":\"https:\\\/\\\/www.quebakan.com\\\/v15\\\/claves-para-disminuir-los-residuos-durante-las-fiestas-de-fin-de-ano\\\/\",\"name\":\"Claves para disminuir los residuos durante las fiestas de fin de a\u00f1o &#8211; QUEBAKAN.COM 2026: Noticias, Eventos, Conciertos y mucho m\u00e1s....\",\"isPartOf\":{\"@id\":\"https:\\\/\\\/www.quebakan.com\\\/v15\\\/#website\"},\"primaryImageOfPage\":{\"@id\":\"https:\\\/\\\/www.quebakan.com\\\/v15\\\/claves-para-disminuir-los-residuos-durante-las-fiestas-de-fin-de-ano\\\/#primaryimage\"},\"image\":{\"@id\":\"https:\\\/\\\/www.quebakan.com\\\/v15\\\/claves-para-disminuir-los-residuos-durante-las-fiestas-de-fin-de-ano\\\/#primaryimage\"},\"thumbnailUrl\":\"https:\\\/\\\/www.quebakan.com\\\/v15\\\/wp-content\\\/uploads\\\/2025\\\/12\\\/Tetra-Pak-11-feb-2021-18-1.jpg\",\"datePublished\":\"2025-12-16T19:33:57+00:00\",\"breadcrumb\":{\"@id\":\"https:\\\/\\\/www.quebakan.com\\\/v15\\\/claves-para-disminuir-los-residuos-durante-las-fiestas-de-fin-de-ano\\\/#breadcrumb\"},\"inLanguage\":\"es\",\"potentialAction\":[{\"@type\":\"ReadAction\",\"target\":[\"https:\\\/\\\/www.quebakan.com\\\/v15\\\/claves-para-disminuir-los-residuos-durante-las-fiestas-de-fin-de-ano\\\/\"]}]},{\"@type\":\"ImageObject\",\"inLanguage\":\"es\",\"@id\":\"https:\\\/\\\/www.quebakan.com\\\/v15\\\/claves-para-disminuir-los-residuos-durante-las-fiestas-de-fin-de-ano\\\/#primaryimage\",\"url\":\"https:\\\/\\\/www.quebakan.com\\\/v15\\\/wp-content\\\/uploads\\\/2025\\\/12\\\/Tetra-Pak-11-feb-2021-18-1.jpg\",\"contentUrl\":\"https:\\\/\\\/www.quebakan.com\\\/v15\\\/wp-content\\\/uploads\\\/2025\\\/12\\\/Tetra-Pak-11-feb-2021-18-1.jpg\",\"width\":560,\"height\":700},{\"@type\":\"BreadcrumbList\",\"@id\":\"https:\\\/\\\/www.quebakan.com\\\/v15\\\/claves-para-disminuir-los-residuos-durante-las-fiestas-de-fin-de-ano\\\/#breadcrumb\",\"itemListElement\":[{\"@type\":\"ListItem\",\"position\":1,\"name\":\"Portada\",\"item\":\"https:\\\/\\\/www.quebakan.com\\\/v15\\\/\"},{\"@type\":\"ListItem\",\"position\":2,\"name\":\"Claves para disminuir los residuos durante las fiestas de fin de a\u00f1o\"}]},{\"@type\":\"WebSite\",\"@id\":\"https:\\\/\\\/www.quebakan.com\\\/v15\\\/#website\",\"url\":\"https:\\\/\\\/www.quebakan.com\\\/v15\\\/\",\"name\":\"QUEBAKAN\",\"description\":\"..\",\"publisher\":{\"@id\":\"https:\\\/\\\/www.quebakan.com\\\/v15\\\/#organization\"},\"potentialAction\":[{\"@type\":\"SearchAction\",\"target\":{\"@type\":\"EntryPoint\",\"urlTemplate\":\"https:\\\/\\\/www.quebakan.com\\\/v15\\\/?s={search_term_string}\"},\"query-input\":{\"@type\":\"PropertyValueSpecification\",\"valueRequired\":true,\"valueName\":\"search_term_string\"}}],\"inLanguage\":\"es\"},{\"@type\":\"Organization\",\"@id\":\"https:\\\/\\\/www.quebakan.com\\\/v15\\\/#organization\",\"name\":\"Quebakan.com\",\"url\":\"https:\\\/\\\/www.quebakan.com\\\/v15\\\/\",\"logo\":{\"@type\":\"ImageObject\",\"inLanguage\":\"es\",\"@id\":\"https:\\\/\\\/www.quebakan.com\\\/v15\\\/#\\\/schema\\\/logo\\\/image\\\/\",\"url\":\"https:\\\/\\\/www.quebakan.com\\\/v15\\\/wp-content\\\/uploads\\\/2023\\\/07\\\/logoquebakanenero2021.jpg\",\"contentUrl\":\"https:\\\/\\\/www.quebakan.com\\\/v15\\\/wp-content\\\/uploads\\\/2023\\\/07\\\/logoquebakanenero2021.jpg\",\"width\":1920,\"height\":1080,\"caption\":\"Quebakan.com\"},\"image\":{\"@id\":\"https:\\\/\\\/www.quebakan.com\\\/v15\\\/#\\\/schema\\\/logo\\\/image\\\/\"},\"sameAs\":[\"http:\\\/\\\/www.facebook.com\\\/quebakan\",\"https:\\\/\\\/x.com\\\/quebakanec\",\"http:\\\/\\\/www.instagram.com\\\/quebakan\",\"http:\\\/\\\/www.youtube.com\\\/quebakan1\"]},{\"@type\":\"Person\",\"@id\":\"https:\\\/\\\/www.quebakan.com\\\/v15\\\/#\\\/schema\\\/person\\\/d90fa9f9cfa81eb8ace9811e5b7b9118\",\"name\":\"Erick Villafuerte\",\"image\":{\"@type\":\"ImageObject\",\"inLanguage\":\"es\",\"@id\":\"https:\\\/\\\/www.quebakan.com\\\/v15\\\/wp-content\\\/uploads\\\/avatars\\\/4\\\/1731297654-bpfull.png\",\"url\":\"https:\\\/\\\/www.quebakan.com\\\/v15\\\/wp-content\\\/uploads\\\/avatars\\\/4\\\/1731297654-bpfull.png\",\"contentUrl\":\"https:\\\/\\\/www.quebakan.com\\\/v15\\\/wp-content\\\/uploads\\\/avatars\\\/4\\\/1731297654-bpfull.png\",\"caption\":\"Erick Villafuerte\"}}]}<\/script>\n<!-- \/ Yoast SEO plugin. -->","yoast_head_json":{"title":"Claves para disminuir los residuos durante las fiestas de fin de a\u00f1o &#8211; QUEBAKAN.COM 2026: Noticias, Eventos, Conciertos y mucho m\u00e1s....","robots":{"index":"index","follow":"follow","max-snippet":"max-snippet:-1","max-image-preview":"max-image-preview:large","max-video-preview":"max-video-preview:-1"},"canonical":"https:\/\/www.quebakan.com\/v15\/claves-para-disminuir-los-residuos-durante-las-fiestas-de-fin-de-ano\/","og_locale":"es_ES","og_type":"article","og_title":"Claves para disminuir los residuos durante las fiestas de fin de a\u00f1o &#8211; QUEBAKAN.COM 2026: Noticias, Eventos, Conciertos y mucho m\u00e1s....","og_description":"Cortes\u00eda Tetra Pak: Desarma, escurre y deposita: tres pasos simples de Tetra Pak para darle una nueva vida a los envases y cuidar el planeta. En diciembre, la recolecci\u00f3n de residuos en Ecuador aumenta hasta un 10 % respecto a otros meses del a\u00f1o Se estima que la generaci\u00f3n mundial de residuos podr\u00eda alcanzar 3.800 [&hellip;]","og_url":"https:\/\/www.quebakan.com\/v15\/claves-para-disminuir-los-residuos-durante-las-fiestas-de-fin-de-ano\/","og_site_name":"QUEBAKAN.COM 2026: Noticias, Eventos, Conciertos y mucho m\u00e1s....","article_publisher":"http:\/\/www.facebook.com\/quebakan","article_published_time":"2025-12-16T19:33:57+00:00","og_image":[{"width":560,"height":700,"url":"https:\/\/www.quebakan.com\/v15\/wp-content\/uploads\/2025\/12\/Tetra-Pak-11-feb-2021-18-1.jpg","type":"image\/jpeg"}],"author":"Erick Villafuerte","twitter_card":"summary_large_image","twitter_creator":"@quebakanec","twitter_site":"@quebakanec","twitter_misc":{"Escrito por":"Erick Villafuerte","Tiempo de lectura":"5 minutos"},"schema":{"@context":"https:\/\/schema.org","@graph":[{"@type":"Article","@id":"https:\/\/www.quebakan.com\/v15\/claves-para-disminuir-los-residuos-durante-las-fiestas-de-fin-de-ano\/#article","isPartOf":{"@id":"https:\/\/www.quebakan.com\/v15\/claves-para-disminuir-los-residuos-durante-las-fiestas-de-fin-de-ano\/"},"author":{"name":"Erick Villafuerte","@id":"https:\/\/www.quebakan.com\/v15\/#\/schema\/person\/d90fa9f9cfa81eb8ace9811e5b7b9118"},"headline":"Claves para disminuir los residuos durante las fiestas de fin de a\u00f1o","datePublished":"2025-12-16T19:33:57+00:00","mainEntityOfPage":{"@id":"https:\/\/www.quebakan.com\/v15\/claves-para-disminuir-los-residuos-durante-las-fiestas-de-fin-de-ano\/"},"wordCount":867,"publisher":{"@id":"https:\/\/www.quebakan.com\/v15\/#organization"},"image":{"@id":"https:\/\/www.quebakan.com\/v15\/claves-para-disminuir-los-residuos-durante-las-fiestas-de-fin-de-ano\/#primaryimage"},"thumbnailUrl":"https:\/\/www.quebakan.com\/v15\/wp-content\/uploads\/2025\/12\/Tetra-Pak-11-feb-2021-18-1.jpg","articleSection":["Noticias"],"inLanguage":"es"},{"@type":"WebPage","@id":"https:\/\/www.quebakan.com\/v15\/claves-para-disminuir-los-residuos-durante-las-fiestas-de-fin-de-ano\/","url":"https:\/\/www.quebakan.com\/v15\/claves-para-disminuir-los-residuos-durante-las-fiestas-de-fin-de-ano\/","name":"Claves para disminuir los residuos durante las fiestas de fin de a\u00f1o &#8211; QUEBAKAN.COM 2026: Noticias, Eventos, Conciertos y mucho m\u00e1s....","isPartOf":{"@id":"https:\/\/www.quebakan.com\/v15\/#website"},"primaryImageOfPage":{"@id":"https:\/\/www.quebakan.com\/v15\/claves-para-disminuir-los-residuos-durante-las-fiestas-de-fin-de-ano\/#primaryimage"},"image":{"@id":"https:\/\/www.quebakan.com\/v15\/claves-para-disminuir-los-residuos-durante-las-fiestas-de-fin-de-ano\/#primaryimage"},"thumbnailUrl":"https:\/\/www.quebakan.com\/v15\/wp-content\/uploads\/2025\/12\/Tetra-Pak-11-feb-2021-18-1.jpg","datePublished":"2025-12-16T19:33:57+00:00","breadcrumb":{"@id":"https:\/\/www.quebakan.com\/v15\/claves-para-disminuir-los-residuos-durante-las-fiestas-de-fin-de-ano\/#breadcrumb"},"inLanguage":"es","potentialAction":[{"@type":"ReadAction","target":["https:\/\/www.quebakan.com\/v15\/claves-para-disminuir-los-residuos-durante-las-fiestas-de-fin-de-ano\/"]}]},{"@type":"ImageObject","inLanguage":"es","@id":"https:\/\/www.quebakan.com\/v15\/claves-para-disminuir-los-residuos-durante-las-fiestas-de-fin-de-ano\/#primaryimage","url":"https:\/\/www.quebakan.com\/v15\/wp-content\/uploads\/2025\/12\/Tetra-Pak-11-feb-2021-18-1.jpg","contentUrl":"https:\/\/www.quebakan.com\/v15\/wp-content\/uploads\/2025\/12\/Tetra-Pak-11-feb-2021-18-1.jpg","width":560,"height":700},{"@type":"BreadcrumbList","@id":"https:\/\/www.quebakan.com\/v15\/claves-para-disminuir-los-residuos-durante-las-fiestas-de-fin-de-ano\/#breadcrumb","itemListElement":[{"@type":"ListItem","position":1,"name":"Portada","item":"https:\/\/www.quebakan.com\/v15\/"},{"@type":"ListItem","position":2,"name":"Claves para disminuir los residuos durante las fiestas de fin de a\u00f1o"}]},{"@type":"WebSite","@id":"https:\/\/www.quebakan.com\/v15\/#website","url":"https:\/\/www.quebakan.com\/v15\/","name":"QUEBAKAN","description":"..","publisher":{"@id":"https:\/\/www.quebakan.com\/v15\/#organization"},"potentialAction":[{"@type":"SearchAction","target":{"@type":"EntryPoint","urlTemplate":"https:\/\/www.quebakan.com\/v15\/?s={search_term_string}"},"query-input":{"@type":"PropertyValueSpecification","valueRequired":true,"valueName":"search_term_string"}}],"inLanguage":"es"},{"@type":"Organization","@id":"https:\/\/www.quebakan.com\/v15\/#organization","name":"Quebakan.com","url":"https:\/\/www.quebakan.com\/v15\/","logo":{"@type":"ImageObject","inLanguage":"es","@id":"https:\/\/www.quebakan.com\/v15\/#\/schema\/logo\/image\/","url":"https:\/\/www.quebakan.com\/v15\/wp-content\/uploads\/2023\/07\/logoquebakanenero2021.jpg","contentUrl":"https:\/\/www.quebakan.com\/v15\/wp-content\/uploads\/2023\/07\/logoquebakanenero2021.jpg","width":1920,"height":1080,"caption":"Quebakan.com"},"image":{"@id":"https:\/\/www.quebakan.com\/v15\/#\/schema\/logo\/image\/"},"sameAs":["http:\/\/www.facebook.com\/quebakan","https:\/\/x.com\/quebakanec","http:\/\/www.instagram.com\/quebakan","http:\/\/www.youtube.com\/quebakan1"]},{"@type":"Person","@id":"https:\/\/www.quebakan.com\/v15\/#\/schema\/person\/d90fa9f9cfa81eb8ace9811e5b7b9118","name":"Erick Villafuerte","image":{"@type":"ImageObject","inLanguage":"es","@id":"https:\/\/www.quebakan.com\/v15\/wp-content\/uploads\/avatars\/4\/1731297654-bpfull.png","url":"https:\/\/www.quebakan.com\/v15\/wp-content\/uploads\/avatars\/4\/1731297654-bpfull.png","contentUrl":"https:\/\/www.quebakan.com\/v15\/wp-content\/uploads\/avatars\/4\/1731297654-bpfull.png","caption":"Erick Villafuerte"}}]}},"_links":{"self":[{"href":"https:\/\/www.quebakan.com\/v15\/wp-json\/wp\/v2\/posts\/138485","targetHints":{"allow":["GET"]}}],"collection":[{"href":"https:\/\/www.quebakan.com\/v15\/wp-json\/wp\/v2\/posts"}],"about":[{"href":"https:\/\/www.quebakan.com\/v15\/wp-json\/wp\/v2\/types\/post"}],"author":[{"embeddable":true,"href":"https:\/\/www.quebakan.com\/v15\/wp-json\/wp\/v2\/users\/4"}],"replies":[{"embeddable":true,"href":"https:\/\/www.quebakan.com\/v15\/wp-json\/wp\/v2\/comments?post=138485"}],"version-history":[{"count":1,"href":"https:\/\/www.quebakan.com\/v15\/wp-json\/wp\/v2\/posts\/138485\/revisions"}],"predecessor-version":[{"id":138487,"href":"https:\/\/www.quebakan.com\/v15\/wp-json\/wp\/v2\/posts\/138485\/revisions\/138487"}],"wp:featuredmedia":[{"embeddable":true,"href":"https:\/\/www.quebakan.com\/v15\/wp-json\/wp\/v2\/media\/138486"}],"wp:attachment":[{"href":"https:\/\/www.quebakan.com\/v15\/wp-json\/wp\/v2\/media?parent=138485"}],"wp:term":[{"taxonomy":"category","embeddable":true,"href":"https:\/\/www.quebakan.com\/v15\/wp-json\/wp\/v2\/categories?post=138485"},{"taxonomy":"post_tag","embeddable":true,"href":"https:\/\/www.quebakan.com\/v15\/wp-json\/wp\/v2\/tags?post=138485"}],"curies":[{"name":"wp","href":"https:\/\/api.w.org\/{rel}","templated":true}]}}