{"id":138941,"date":"2026-01-09T00:04:43","date_gmt":"2026-01-09T05:04:43","guid":{"rendered":"https:\/\/www.quebakan.com\/v15\/?p=138941"},"modified":"2026-01-09T00:04:43","modified_gmt":"2026-01-09T05:04:43","slug":"compra-inteligente-como-aprovechar-las-rebajas-para-armar-un-closet-funcional-todo-el-ano","status":"publish","type":"post","link":"https:\/\/www.quebakan.com\/v15\/compra-inteligente-como-aprovechar-las-rebajas-para-armar-un-closet-funcional-todo-el-ano\/","title":{"rendered":"Compra inteligente: c\u00f3mo aprovechar las rebajas para armar un cl\u00f3set funcional todo el a\u00f1o"},"content":{"rendered":"<p><img fetchpriority=\"high\" decoding=\"async\" class=\"aligncenter size-full wp-image-138942\" src=\"https:\/\/www.quebakan.com\/v15\/wp-content\/uploads\/2026\/01\/etafashionrebajas.jpg\" alt=\"\" width=\"521\" height=\"626\" \/><\/p>\n<p style=\"text-align: justify;\"><span style=\"color: #000000;\"><strong>Ecuador, enero de 2026.-<\/strong> Arranca la temporada perfecta para renovar el cl\u00f3set con intenci\u00f3n, pensando no solo en tendencias, sino en prendas que acompa\u00f1en el d\u00eda a d\u00eda durante todo el a\u00f1o. Con esta idea, ETAFASHION te brinda una gu\u00eda inteligente de compra, invitando a planificar mejor las rebajas y transformar cada compra en una inversi\u00f3n \u00fatil y funcional, porque cuando llegan las rebajas, no se trata solo de comprar m\u00e1s, sino de comprar mejor.<\/span><\/p>\n<p style=\"text-align: justify;\"><span style=\"color: #000000;\">En esta temporada de rebajas, ETAFASHION refuerza su propuesta de <strong>value for money<\/strong>, ofreciendo opciones que permiten optimizar el presupuesto sin renunciar al estilo ni a la calidad. Con prendas, calzado y accesorios a precios accesibles, la marca invita a sus clientes a hacer que su dinero rinda m\u00e1s, encontrando alternativas vers\u00e1tiles y actuales que se adaptan a distintas necesidades y momentos del d\u00eda.<\/span><\/p>\n<p style=\"text-align: justify;\"><span style=\"color: #000000;\">La temporada de rebajas inicia el 26 de diciembre de 2025 y se extender\u00e1 durante todo el primer mes de 2026, con mercader\u00eda seleccionada desde el 20% hasta el 60% de descuento, incluyendo rebajas de hasta el 60% OFF y precios especiales desde $5,99, convirti\u00e9ndose en el momento ideal para planificar, elegir con intenci\u00f3n y aprovechar al m\u00e1ximo cada compra.<\/span><\/p>\n<p style=\"text-align: justify;\"><span style=\"color: #000000;\">Recuerda que no te puedes perder el gran sorteo de 4 autos Renault hasta el 18 de enero, en el que cada cliente recibe un cup\u00f3n por cada $30 en productos participantes, los primeros ya tienen ganador. El sorteo incorpora una selecci\u00f3n especial de marcas GOLD, entre las que destacan: Samsung, Infinix, Xiaomi, Samy, Astra, Jason Wu, Karma&amp;Beauty, Navigare, Taxi, August 1810, Honor, Circus Kids, Lebelle, Just Jeans, Nicki Marcs, Sport Navigare, Executive Club y Hugs&amp;Kisses. Cada compra de estas marcas suma oportunidades para ganar, y quienes paguen con Cr\u00e9dito Directo Planeta duplicar\u00e1n autom\u00e1ticamente sus cupones, incrementando sus posibilidades.<\/span><\/p>\n<p style=\"text-align: justify;\"><span style=\"color: #000000;\">A estos beneficios se suma Cr\u00e9dito Directo Planeta, que facilita acceder a la temporada de rebajas de manera c\u00f3moda. Adem\u00e1s, la mercader\u00eda que ya cuenta con porcentaje de descuento recibe un 10% adicional pagando con esta forma de pago, reforzando el compromiso de la marca por ofrecer opciones accesibles y convenientes.<\/span><\/p>\n<p style=\"text-align: justify;\"><span style=\"color: #000000;\">Con esta propuesta, ETAFASHION invita a vivir las rebajas desde una mirada diferente: no solo como una oportunidad de ahorro, sino como una forma de construir un cl\u00f3set funcional, vers\u00e1til y preparado para acompa\u00f1ar cada momento del a\u00f1o.<\/span><\/p>\n","protected":false},"excerpt":{"rendered":"<p>Ecuador, enero de 2026.- Arranca la temporada perfecta para renovar el cl\u00f3set con intenci\u00f3n, pensando no solo en tendencias, sino en prendas que acompa\u00f1en el d\u00eda a d\u00eda durante todo el a\u00f1o. Con esta idea, ETAFASHION te brinda una gu\u00eda inteligente de compra, invitando a planificar mejor las rebajas y transformar cada compra en una [&hellip;]<\/p>\n","protected":false},"author":4,"featured_media":138942,"comment_status":"closed","ping_status":"closed","sticky":false,"template":"","format":"standard","meta":{"_bbp_topic_count":0,"_bbp_reply_count":0,"_bbp_total_topic_count":0,"_bbp_total_reply_count":0,"_bbp_voice_count":0,"_bbp_anonymous_reply_count":0,"_bbp_topic_count_hidden":0,"_bbp_reply_count_hidden":0,"_bbp_forum_subforum_count":0,"buzzeditor_post_format":"","footnotes":""},"categories":[2],"tags":[],"class_list":["post-138941","post","type-post","status-publish","format-standard","has-post-thumbnail","hentry","category-noticias"],"yoast_head":"<!-- This site is optimized with the Yoast SEO plugin v27.5 - https:\/\/yoast.com\/product\/yoast-seo-wordpress\/ -->\n<title>Compra inteligente: c\u00f3mo aprovechar las rebajas para armar un cl\u00f3set funcional todo el a\u00f1o &#8211; QUEBAKAN.COM 2026: Noticias, Eventos, Conciertos y mucho m\u00e1s....<\/title>\n<meta name=\"robots\" content=\"index, follow, max-snippet:-1, max-image-preview:large, max-video-preview:-1\" \/>\n<link rel=\"canonical\" href=\"https:\/\/www.quebakan.com\/v15\/compra-inteligente-como-aprovechar-las-rebajas-para-armar-un-closet-funcional-todo-el-ano\/\" \/>\n<meta property=\"og:locale\" content=\"es_ES\" \/>\n<meta property=\"og:type\" content=\"article\" \/>\n<meta property=\"og:title\" content=\"Compra inteligente: c\u00f3mo aprovechar las rebajas para armar un cl\u00f3set funcional todo el a\u00f1o &#8211; QUEBAKAN.COM 2026: Noticias, Eventos, Conciertos y mucho m\u00e1s....\" \/>\n<meta property=\"og:description\" content=\"Ecuador, enero de 2026.- Arranca la temporada perfecta para renovar el cl\u00f3set con intenci\u00f3n, pensando no solo en tendencias, sino en prendas que acompa\u00f1en el d\u00eda a d\u00eda durante todo el a\u00f1o. Con esta idea, ETAFASHION te brinda una gu\u00eda inteligente de compra, invitando a planificar mejor las rebajas y transformar cada compra en una [&hellip;]\" \/>\n<meta property=\"og:url\" content=\"https:\/\/www.quebakan.com\/v15\/compra-inteligente-como-aprovechar-las-rebajas-para-armar-un-closet-funcional-todo-el-ano\/\" \/>\n<meta property=\"og:site_name\" content=\"QUEBAKAN.COM 2026: Noticias, Eventos, Conciertos y mucho m\u00e1s....\" \/>\n<meta property=\"article:publisher\" content=\"http:\/\/www.facebook.com\/quebakan\" \/>\n<meta property=\"article:published_time\" content=\"2026-01-09T05:04:43+00:00\" \/>\n<meta property=\"og:image\" content=\"https:\/\/www.quebakan.com\/v15\/wp-content\/uploads\/2026\/01\/etafashionrebajas.jpg\" \/>\n\t<meta property=\"og:image:width\" content=\"521\" \/>\n\t<meta property=\"og:image:height\" content=\"626\" \/>\n\t<meta property=\"og:image:type\" content=\"image\/jpeg\" \/>\n<meta name=\"author\" content=\"Erick Villafuerte\" \/>\n<meta name=\"twitter:card\" content=\"summary_large_image\" \/>\n<meta name=\"twitter:creator\" content=\"@quebakanec\" \/>\n<meta name=\"twitter:site\" content=\"@quebakanec\" \/>\n<meta name=\"twitter:label1\" content=\"Escrito por\" \/>\n\t<meta name=\"twitter:data1\" content=\"Erick Villafuerte\" \/>\n\t<meta name=\"twitter:label2\" content=\"Tiempo de lectura\" \/>\n\t<meta name=\"twitter:data2\" content=\"3 minutos\" \/>\n<script type=\"application\/ld+json\" class=\"yoast-schema-graph\">{\"@context\":\"https:\\\/\\\/schema.org\",\"@graph\":[{\"@type\":\"Article\",\"@id\":\"https:\\\/\\\/www.quebakan.com\\\/v15\\\/compra-inteligente-como-aprovechar-las-rebajas-para-armar-un-closet-funcional-todo-el-ano\\\/#article\",\"isPartOf\":{\"@id\":\"https:\\\/\\\/www.quebakan.com\\\/v15\\\/compra-inteligente-como-aprovechar-las-rebajas-para-armar-un-closet-funcional-todo-el-ano\\\/\"},\"author\":{\"name\":\"Erick Villafuerte\",\"@id\":\"https:\\\/\\\/www.quebakan.com\\\/v15\\\/#\\\/schema\\\/person\\\/d90fa9f9cfa81eb8ace9811e5b7b9118\"},\"headline\":\"Compra inteligente: c\u00f3mo aprovechar las rebajas para armar un cl\u00f3set funcional todo el a\u00f1o\",\"datePublished\":\"2026-01-09T05:04:43+00:00\",\"mainEntityOfPage\":{\"@id\":\"https:\\\/\\\/www.quebakan.com\\\/v15\\\/compra-inteligente-como-aprovechar-las-rebajas-para-armar-un-closet-funcional-todo-el-ano\\\/\"},\"wordCount\":425,\"publisher\":{\"@id\":\"https:\\\/\\\/www.quebakan.com\\\/v15\\\/#organization\"},\"image\":{\"@id\":\"https:\\\/\\\/www.quebakan.com\\\/v15\\\/compra-inteligente-como-aprovechar-las-rebajas-para-armar-un-closet-funcional-todo-el-ano\\\/#primaryimage\"},\"thumbnailUrl\":\"https:\\\/\\\/www.quebakan.com\\\/v15\\\/wp-content\\\/uploads\\\/2026\\\/01\\\/etafashionrebajas.jpg\",\"articleSection\":[\"Noticias\"],\"inLanguage\":\"es\"},{\"@type\":\"WebPage\",\"@id\":\"https:\\\/\\\/www.quebakan.com\\\/v15\\\/compra-inteligente-como-aprovechar-las-rebajas-para-armar-un-closet-funcional-todo-el-ano\\\/\",\"url\":\"https:\\\/\\\/www.quebakan.com\\\/v15\\\/compra-inteligente-como-aprovechar-las-rebajas-para-armar-un-closet-funcional-todo-el-ano\\\/\",\"name\":\"Compra inteligente: c\u00f3mo aprovechar las rebajas para armar un cl\u00f3set funcional todo el a\u00f1o &#8211; QUEBAKAN.COM 2026: Noticias, Eventos, Conciertos y mucho m\u00e1s....\",\"isPartOf\":{\"@id\":\"https:\\\/\\\/www.quebakan.com\\\/v15\\\/#website\"},\"primaryImageOfPage\":{\"@id\":\"https:\\\/\\\/www.quebakan.com\\\/v15\\\/compra-inteligente-como-aprovechar-las-rebajas-para-armar-un-closet-funcional-todo-el-ano\\\/#primaryimage\"},\"image\":{\"@id\":\"https:\\\/\\\/www.quebakan.com\\\/v15\\\/compra-inteligente-como-aprovechar-las-rebajas-para-armar-un-closet-funcional-todo-el-ano\\\/#primaryimage\"},\"thumbnailUrl\":\"https:\\\/\\\/www.quebakan.com\\\/v15\\\/wp-content\\\/uploads\\\/2026\\\/01\\\/etafashionrebajas.jpg\",\"datePublished\":\"2026-01-09T05:04:43+00:00\",\"breadcrumb\":{\"@id\":\"https:\\\/\\\/www.quebakan.com\\\/v15\\\/compra-inteligente-como-aprovechar-las-rebajas-para-armar-un-closet-funcional-todo-el-ano\\\/#breadcrumb\"},\"inLanguage\":\"es\",\"potentialAction\":[{\"@type\":\"ReadAction\",\"target\":[\"https:\\\/\\\/www.quebakan.com\\\/v15\\\/compra-inteligente-como-aprovechar-las-rebajas-para-armar-un-closet-funcional-todo-el-ano\\\/\"]}]},{\"@type\":\"ImageObject\",\"inLanguage\":\"es\",\"@id\":\"https:\\\/\\\/www.quebakan.com\\\/v15\\\/compra-inteligente-como-aprovechar-las-rebajas-para-armar-un-closet-funcional-todo-el-ano\\\/#primaryimage\",\"url\":\"https:\\\/\\\/www.quebakan.com\\\/v15\\\/wp-content\\\/uploads\\\/2026\\\/01\\\/etafashionrebajas.jpg\",\"contentUrl\":\"https:\\\/\\\/www.quebakan.com\\\/v15\\\/wp-content\\\/uploads\\\/2026\\\/01\\\/etafashionrebajas.jpg\",\"width\":521,\"height\":626},{\"@type\":\"BreadcrumbList\",\"@id\":\"https:\\\/\\\/www.quebakan.com\\\/v15\\\/compra-inteligente-como-aprovechar-las-rebajas-para-armar-un-closet-funcional-todo-el-ano\\\/#breadcrumb\",\"itemListElement\":[{\"@type\":\"ListItem\",\"position\":1,\"name\":\"Portada\",\"item\":\"https:\\\/\\\/www.quebakan.com\\\/v15\\\/\"},{\"@type\":\"ListItem\",\"position\":2,\"name\":\"Compra inteligente: c\u00f3mo aprovechar las rebajas para armar un cl\u00f3set funcional todo el a\u00f1o\"}]},{\"@type\":\"WebSite\",\"@id\":\"https:\\\/\\\/www.quebakan.com\\\/v15\\\/#website\",\"url\":\"https:\\\/\\\/www.quebakan.com\\\/v15\\\/\",\"name\":\"QUEBAKAN\",\"description\":\"..\",\"publisher\":{\"@id\":\"https:\\\/\\\/www.quebakan.com\\\/v15\\\/#organization\"},\"potentialAction\":[{\"@type\":\"SearchAction\",\"target\":{\"@type\":\"EntryPoint\",\"urlTemplate\":\"https:\\\/\\\/www.quebakan.com\\\/v15\\\/?s={search_term_string}\"},\"query-input\":{\"@type\":\"PropertyValueSpecification\",\"valueRequired\":true,\"valueName\":\"search_term_string\"}}],\"inLanguage\":\"es\"},{\"@type\":\"Organization\",\"@id\":\"https:\\\/\\\/www.quebakan.com\\\/v15\\\/#organization\",\"name\":\"Quebakan.com\",\"url\":\"https:\\\/\\\/www.quebakan.com\\\/v15\\\/\",\"logo\":{\"@type\":\"ImageObject\",\"inLanguage\":\"es\",\"@id\":\"https:\\\/\\\/www.quebakan.com\\\/v15\\\/#\\\/schema\\\/logo\\\/image\\\/\",\"url\":\"https:\\\/\\\/www.quebakan.com\\\/v15\\\/wp-content\\\/uploads\\\/2023\\\/07\\\/logoquebakanenero2021.jpg\",\"contentUrl\":\"https:\\\/\\\/www.quebakan.com\\\/v15\\\/wp-content\\\/uploads\\\/2023\\\/07\\\/logoquebakanenero2021.jpg\",\"width\":1920,\"height\":1080,\"caption\":\"Quebakan.com\"},\"image\":{\"@id\":\"https:\\\/\\\/www.quebakan.com\\\/v15\\\/#\\\/schema\\\/logo\\\/image\\\/\"},\"sameAs\":[\"http:\\\/\\\/www.facebook.com\\\/quebakan\",\"https:\\\/\\\/x.com\\\/quebakanec\",\"http:\\\/\\\/www.instagram.com\\\/quebakan\",\"http:\\\/\\\/www.youtube.com\\\/quebakan1\"]},{\"@type\":\"Person\",\"@id\":\"https:\\\/\\\/www.quebakan.com\\\/v15\\\/#\\\/schema\\\/person\\\/d90fa9f9cfa81eb8ace9811e5b7b9118\",\"name\":\"Erick Villafuerte\",\"image\":{\"@type\":\"ImageObject\",\"inLanguage\":\"es\",\"@id\":\"https:\\\/\\\/www.quebakan.com\\\/v15\\\/wp-content\\\/uploads\\\/avatars\\\/4\\\/1731297654-bpfull.png\",\"url\":\"https:\\\/\\\/www.quebakan.com\\\/v15\\\/wp-content\\\/uploads\\\/avatars\\\/4\\\/1731297654-bpfull.png\",\"contentUrl\":\"https:\\\/\\\/www.quebakan.com\\\/v15\\\/wp-content\\\/uploads\\\/avatars\\\/4\\\/1731297654-bpfull.png\",\"caption\":\"Erick Villafuerte\"}}]}<\/script>\n<!-- \/ Yoast SEO plugin. -->","yoast_head_json":{"title":"Compra inteligente: c\u00f3mo aprovechar las rebajas para armar un cl\u00f3set funcional todo el a\u00f1o &#8211; QUEBAKAN.COM 2026: Noticias, Eventos, Conciertos y mucho m\u00e1s....","robots":{"index":"index","follow":"follow","max-snippet":"max-snippet:-1","max-image-preview":"max-image-preview:large","max-video-preview":"max-video-preview:-1"},"canonical":"https:\/\/www.quebakan.com\/v15\/compra-inteligente-como-aprovechar-las-rebajas-para-armar-un-closet-funcional-todo-el-ano\/","og_locale":"es_ES","og_type":"article","og_title":"Compra inteligente: c\u00f3mo aprovechar las rebajas para armar un cl\u00f3set funcional todo el a\u00f1o &#8211; QUEBAKAN.COM 2026: Noticias, Eventos, Conciertos y mucho m\u00e1s....","og_description":"Ecuador, enero de 2026.- Arranca la temporada perfecta para renovar el cl\u00f3set con intenci\u00f3n, pensando no solo en tendencias, sino en prendas que acompa\u00f1en el d\u00eda a d\u00eda durante todo el a\u00f1o. Con esta idea, ETAFASHION te brinda una gu\u00eda inteligente de compra, invitando a planificar mejor las rebajas y transformar cada compra en una [&hellip;]","og_url":"https:\/\/www.quebakan.com\/v15\/compra-inteligente-como-aprovechar-las-rebajas-para-armar-un-closet-funcional-todo-el-ano\/","og_site_name":"QUEBAKAN.COM 2026: Noticias, Eventos, Conciertos y mucho m\u00e1s....","article_publisher":"http:\/\/www.facebook.com\/quebakan","article_published_time":"2026-01-09T05:04:43+00:00","og_image":[{"width":521,"height":626,"url":"https:\/\/www.quebakan.com\/v15\/wp-content\/uploads\/2026\/01\/etafashionrebajas.jpg","type":"image\/jpeg"}],"author":"Erick Villafuerte","twitter_card":"summary_large_image","twitter_creator":"@quebakanec","twitter_site":"@quebakanec","twitter_misc":{"Escrito por":"Erick Villafuerte","Tiempo de lectura":"3 minutos"},"schema":{"@context":"https:\/\/schema.org","@graph":[{"@type":"Article","@id":"https:\/\/www.quebakan.com\/v15\/compra-inteligente-como-aprovechar-las-rebajas-para-armar-un-closet-funcional-todo-el-ano\/#article","isPartOf":{"@id":"https:\/\/www.quebakan.com\/v15\/compra-inteligente-como-aprovechar-las-rebajas-para-armar-un-closet-funcional-todo-el-ano\/"},"author":{"name":"Erick Villafuerte","@id":"https:\/\/www.quebakan.com\/v15\/#\/schema\/person\/d90fa9f9cfa81eb8ace9811e5b7b9118"},"headline":"Compra inteligente: c\u00f3mo aprovechar las rebajas para armar un cl\u00f3set funcional todo el a\u00f1o","datePublished":"2026-01-09T05:04:43+00:00","mainEntityOfPage":{"@id":"https:\/\/www.quebakan.com\/v15\/compra-inteligente-como-aprovechar-las-rebajas-para-armar-un-closet-funcional-todo-el-ano\/"},"wordCount":425,"publisher":{"@id":"https:\/\/www.quebakan.com\/v15\/#organization"},"image":{"@id":"https:\/\/www.quebakan.com\/v15\/compra-inteligente-como-aprovechar-las-rebajas-para-armar-un-closet-funcional-todo-el-ano\/#primaryimage"},"thumbnailUrl":"https:\/\/www.quebakan.com\/v15\/wp-content\/uploads\/2026\/01\/etafashionrebajas.jpg","articleSection":["Noticias"],"inLanguage":"es"},{"@type":"WebPage","@id":"https:\/\/www.quebakan.com\/v15\/compra-inteligente-como-aprovechar-las-rebajas-para-armar-un-closet-funcional-todo-el-ano\/","url":"https:\/\/www.quebakan.com\/v15\/compra-inteligente-como-aprovechar-las-rebajas-para-armar-un-closet-funcional-todo-el-ano\/","name":"Compra inteligente: c\u00f3mo aprovechar las rebajas para armar un cl\u00f3set funcional todo el a\u00f1o &#8211; QUEBAKAN.COM 2026: Noticias, Eventos, Conciertos y mucho m\u00e1s....","isPartOf":{"@id":"https:\/\/www.quebakan.com\/v15\/#website"},"primaryImageOfPage":{"@id":"https:\/\/www.quebakan.com\/v15\/compra-inteligente-como-aprovechar-las-rebajas-para-armar-un-closet-funcional-todo-el-ano\/#primaryimage"},"image":{"@id":"https:\/\/www.quebakan.com\/v15\/compra-inteligente-como-aprovechar-las-rebajas-para-armar-un-closet-funcional-todo-el-ano\/#primaryimage"},"thumbnailUrl":"https:\/\/www.quebakan.com\/v15\/wp-content\/uploads\/2026\/01\/etafashionrebajas.jpg","datePublished":"2026-01-09T05:04:43+00:00","breadcrumb":{"@id":"https:\/\/www.quebakan.com\/v15\/compra-inteligente-como-aprovechar-las-rebajas-para-armar-un-closet-funcional-todo-el-ano\/#breadcrumb"},"inLanguage":"es","potentialAction":[{"@type":"ReadAction","target":["https:\/\/www.quebakan.com\/v15\/compra-inteligente-como-aprovechar-las-rebajas-para-armar-un-closet-funcional-todo-el-ano\/"]}]},{"@type":"ImageObject","inLanguage":"es","@id":"https:\/\/www.quebakan.com\/v15\/compra-inteligente-como-aprovechar-las-rebajas-para-armar-un-closet-funcional-todo-el-ano\/#primaryimage","url":"https:\/\/www.quebakan.com\/v15\/wp-content\/uploads\/2026\/01\/etafashionrebajas.jpg","contentUrl":"https:\/\/www.quebakan.com\/v15\/wp-content\/uploads\/2026\/01\/etafashionrebajas.jpg","width":521,"height":626},{"@type":"BreadcrumbList","@id":"https:\/\/www.quebakan.com\/v15\/compra-inteligente-como-aprovechar-las-rebajas-para-armar-un-closet-funcional-todo-el-ano\/#breadcrumb","itemListElement":[{"@type":"ListItem","position":1,"name":"Portada","item":"https:\/\/www.quebakan.com\/v15\/"},{"@type":"ListItem","position":2,"name":"Compra inteligente: c\u00f3mo aprovechar las rebajas para armar un cl\u00f3set funcional todo el a\u00f1o"}]},{"@type":"WebSite","@id":"https:\/\/www.quebakan.com\/v15\/#website","url":"https:\/\/www.quebakan.com\/v15\/","name":"QUEBAKAN","description":"..","publisher":{"@id":"https:\/\/www.quebakan.com\/v15\/#organization"},"potentialAction":[{"@type":"SearchAction","target":{"@type":"EntryPoint","urlTemplate":"https:\/\/www.quebakan.com\/v15\/?s={search_term_string}"},"query-input":{"@type":"PropertyValueSpecification","valueRequired":true,"valueName":"search_term_string"}}],"inLanguage":"es"},{"@type":"Organization","@id":"https:\/\/www.quebakan.com\/v15\/#organization","name":"Quebakan.com","url":"https:\/\/www.quebakan.com\/v15\/","logo":{"@type":"ImageObject","inLanguage":"es","@id":"https:\/\/www.quebakan.com\/v15\/#\/schema\/logo\/image\/","url":"https:\/\/www.quebakan.com\/v15\/wp-content\/uploads\/2023\/07\/logoquebakanenero2021.jpg","contentUrl":"https:\/\/www.quebakan.com\/v15\/wp-content\/uploads\/2023\/07\/logoquebakanenero2021.jpg","width":1920,"height":1080,"caption":"Quebakan.com"},"image":{"@id":"https:\/\/www.quebakan.com\/v15\/#\/schema\/logo\/image\/"},"sameAs":["http:\/\/www.facebook.com\/quebakan","https:\/\/x.com\/quebakanec","http:\/\/www.instagram.com\/quebakan","http:\/\/www.youtube.com\/quebakan1"]},{"@type":"Person","@id":"https:\/\/www.quebakan.com\/v15\/#\/schema\/person\/d90fa9f9cfa81eb8ace9811e5b7b9118","name":"Erick Villafuerte","image":{"@type":"ImageObject","inLanguage":"es","@id":"https:\/\/www.quebakan.com\/v15\/wp-content\/uploads\/avatars\/4\/1731297654-bpfull.png","url":"https:\/\/www.quebakan.com\/v15\/wp-content\/uploads\/avatars\/4\/1731297654-bpfull.png","contentUrl":"https:\/\/www.quebakan.com\/v15\/wp-content\/uploads\/avatars\/4\/1731297654-bpfull.png","caption":"Erick Villafuerte"}}]}},"_links":{"self":[{"href":"https:\/\/www.quebakan.com\/v15\/wp-json\/wp\/v2\/posts\/138941","targetHints":{"allow":["GET"]}}],"collection":[{"href":"https:\/\/www.quebakan.com\/v15\/wp-json\/wp\/v2\/posts"}],"about":[{"href":"https:\/\/www.quebakan.com\/v15\/wp-json\/wp\/v2\/types\/post"}],"author":[{"embeddable":true,"href":"https:\/\/www.quebakan.com\/v15\/wp-json\/wp\/v2\/users\/4"}],"replies":[{"embeddable":true,"href":"https:\/\/www.quebakan.com\/v15\/wp-json\/wp\/v2\/comments?post=138941"}],"version-history":[{"count":1,"href":"https:\/\/www.quebakan.com\/v15\/wp-json\/wp\/v2\/posts\/138941\/revisions"}],"predecessor-version":[{"id":138943,"href":"https:\/\/www.quebakan.com\/v15\/wp-json\/wp\/v2\/posts\/138941\/revisions\/138943"}],"wp:featuredmedia":[{"embeddable":true,"href":"https:\/\/www.quebakan.com\/v15\/wp-json\/wp\/v2\/media\/138942"}],"wp:attachment":[{"href":"https:\/\/www.quebakan.com\/v15\/wp-json\/wp\/v2\/media?parent=138941"}],"wp:term":[{"taxonomy":"category","embeddable":true,"href":"https:\/\/www.quebakan.com\/v15\/wp-json\/wp\/v2\/categories?post=138941"},{"taxonomy":"post_tag","embeddable":true,"href":"https:\/\/www.quebakan.com\/v15\/wp-json\/wp\/v2\/tags?post=138941"}],"curies":[{"name":"wp","href":"https:\/\/api.w.org\/{rel}","templated":true}]}}