{"id":139220,"date":"2026-01-21T23:13:57","date_gmt":"2026-01-22T04:13:57","guid":{"rendered":"https:\/\/www.quebakan.com\/v15\/?p=139220"},"modified":"2026-01-21T23:13:57","modified_gmt":"2026-01-22T04:13:57","slug":"alerta-extincion-llega-a-cines-ecuatorianos-con-una-amenaza-invisible-y-tension-imparable","status":"publish","type":"post","link":"https:\/\/www.quebakan.com\/v15\/alerta-extincion-llega-a-cines-ecuatorianos-con-una-amenaza-invisible-y-tension-imparable\/","title":{"rendered":"Alerta Extinci\u00f3n llega a cines ecuatorianos con una amenaza invisible y tensi\u00f3n imparable"},"content":{"rendered":"<p><img fetchpriority=\"high\" decoding=\"async\" class=\"aligncenter size-full wp-image-139221\" src=\"https:\/\/www.quebakan.com\/v15\/wp-content\/uploads\/2026\/01\/Cold-Storage-Stills-Press-Photos-3720x2475-COLD-STORAGE-TEASER-LAUNCH-LIAM.jpg\" alt=\"\" width=\"700\" height=\"466\" \/><\/p>\n<p style=\"text-align: justify;\"><span style=\"color: #000000;\"><strong>Quito, enero del 2026<\/strong>.- Una amenaza invisible y una carrera contrarreloj marcan el eje de Alerta Extinci\u00f3n, el nuevo thriller de ciencia ficci\u00f3n que se estrena en los cines ecuatorianos el 29 de enero. El filme combina acci\u00f3n, terror y humor negro en una propuesta intensa y vertiginosa.<\/span><\/p>\n<p style=\"text-align: justify;\"><span style=\"color: #000000;\">La pel\u00edcula marca el regreso a la pantalla de Joe Keery, actor que ha ganado notoriedad internacional por su participaci\u00f3n en la exitosa serie Stranger Things, consolid\u00e1ndose como uno de los rostros m\u00e1s reconocidos de su generaci\u00f3n. Junto a \u00e9l, completan el elenco Georgina Campbell y Liam Neeson, bajo la direcci\u00f3n de Jonny Campbell y con guion de David Koepp, responsable de t\u00edtulos ic\u00f3nicos como Jurassic Park, Spider-Man y Misi\u00f3n: Imposible.<\/span><\/p>\n<p style=\"text-align: justify;\"><span style=\"color: #000000;\">La historia se desarrolla cuando un peligroso hongo mutante escapa de una instalaci\u00f3n gubernamental secreta, poniendo en riesgo a la humanidad. En medio del caos, dos j\u00f3venes empleados, Travis (Teacake) y Naomi, que cubren el turno nocturno en un centro de almacenamiento, se ven obligados a enfrentar una amenaza que se propaga r\u00e1pidamente, con la ayuda de Robert, un experimentado agente especializado en bioterrorismo. Lo que comienza como una noche rutinaria se transforma en una lucha desesperada por la supervivencia.<\/span><\/p>\n<p style=\"text-align: justify;\"><span style=\"color: #000000;\">M\u00e1s all\u00e1 de su premisa de alto impacto, Alerta Extinci\u00f3n destaca por su mezcla de g\u00e9neros y su ritmo implacable. La pel\u00edcula combina elementos de ciencia ficci\u00f3n, terror corporal y comedia irreverente, apostando por una narrativa \u00e1gil que mantiene la tensi\u00f3n de principio a fin. Inspirada en conceptos cient\u00edficos reales, la historia potencia una sensaci\u00f3n de peligro cercano y veros\u00edmil.<\/span><\/p>\n<p style=\"text-align: justify;\"><span style=\"color: #000000;\">\u201cAlerta Extinci\u00f3n tiene una irreverencia en la misma l\u00ednea. Adem\u00e1s, posee una atm\u00f3sfera y un estilo que me resultaron incre\u00edblemente gratificantes. Todos buscan hacer algo \u00fanico, pero en este caso, realmente creo que lo logramos. Siempre me ha atra\u00eddo lo impredecible, y lo que hemos conseguido tiene una diversi\u00f3n genuina que surge de forma org\u00e1nica\u201d, menciona Jonny Campbell, director de la cinta.<\/span><\/p>\n<p style=\"text-align: justify;\"><span style=\"color: #000000;\">Rodada en locaciones de Marruecos y Roma, la producci\u00f3n apuesta por escenarios reales y una combinaci\u00f3n de efectos pr\u00e1cticos, maquillaje y animatr\u00f3nicos para construir un universo visual tangible y perturbador. Esta elecci\u00f3n refuerza el tono f\u00edsico y visceral de la cinta, alej\u00e1ndola del exceso de efectos digitales.<\/span><\/p>\n<p style=\"text-align: justify;\"><span style=\"color: #000000;\">Con actuaciones carism\u00e1ticas, una propuesta audaz y un enfoque que recupera el esp\u00edritu del cine de g\u00e9nero cl\u00e1sico desde una mirada contempor\u00e1nea, Alerta Extinci\u00f3n se perfila como una de las pel\u00edculas m\u00e1s intensas y comentadas dentro del thriller de ciencia ficci\u00f3n, ideal para quienes buscan adrenalina, tensi\u00f3n y una experiencia cinematogr\u00e1fica diferente.<\/span><\/p>\n<p style=\"text-align: justify;\"><span style=\"color: #000000;\">Para m\u00e1s informaci\u00f3n visita: <a style=\"color: #000000;\" href=\"https:\/\/www.youtube.com\/watch?v=gCdBSrwyQHU\">https:\/\/www.youtube.com\/watch?v=gCdBSrwyQHU<\/a>\u00a0<\/span><\/p>\n<p><img decoding=\"async\" class=\"aligncenter size-full wp-image-139222\" src=\"https:\/\/www.quebakan.com\/v15\/wp-content\/uploads\/2026\/01\/Cold-Storage-Stills-Press-Photos-First-Look-5000x3327-COLD-STORAGE-First-look-STUDIOCANAL-SAS-Reiner-Bajo.jpg\" alt=\"\" width=\"700\" height=\"466\" \/><\/p>\n<p>&nbsp;<\/p>\n<p><img decoding=\"async\" class=\"aligncenter size-full wp-image-139223\" src=\"https:\/\/www.quebakan.com\/v15\/wp-content\/uploads\/2026\/01\/Cold-Storage-Stills-Press-Photos-1600x1065-COLD-STORAGE-TEASER-LAUNCH-JOE-GEORGINA.jpg\" alt=\"\" width=\"700\" height=\"466\" \/><\/p>\n","protected":false},"excerpt":{"rendered":"<p>Quito, enero del 2026.- Una amenaza invisible y una carrera contrarreloj marcan el eje de Alerta Extinci\u00f3n, el nuevo thriller de ciencia ficci\u00f3n que se estrena en los cines ecuatorianos el 29 de enero. El filme combina acci\u00f3n, terror y humor negro en una propuesta intensa y vertiginosa. La pel\u00edcula marca el regreso a la [&hellip;]<\/p>\n","protected":false},"author":4,"featured_media":139221,"comment_status":"closed","ping_status":"closed","sticky":false,"template":"","format":"standard","meta":{"_bbp_topic_count":0,"_bbp_reply_count":0,"_bbp_total_topic_count":0,"_bbp_total_reply_count":0,"_bbp_voice_count":0,"_bbp_anonymous_reply_count":0,"_bbp_topic_count_hidden":0,"_bbp_reply_count_hidden":0,"_bbp_forum_subforum_count":0,"buzzeditor_post_format":"","footnotes":""},"categories":[2],"tags":[],"class_list":["post-139220","post","type-post","status-publish","format-standard","has-post-thumbnail","hentry","category-noticias"],"yoast_head":"<!-- This site is optimized with the Yoast SEO plugin v27.5 - https:\/\/yoast.com\/product\/yoast-seo-wordpress\/ -->\n<title>Alerta Extinci\u00f3n llega a cines ecuatorianos con una amenaza invisible y tensi\u00f3n imparable &#8211; QUEBAKAN.COM 2026: Noticias, Eventos, Conciertos y mucho m\u00e1s....<\/title>\n<meta name=\"robots\" content=\"index, follow, max-snippet:-1, max-image-preview:large, max-video-preview:-1\" \/>\n<link rel=\"canonical\" href=\"https:\/\/www.quebakan.com\/v15\/alerta-extincion-llega-a-cines-ecuatorianos-con-una-amenaza-invisible-y-tension-imparable\/\" \/>\n<meta property=\"og:locale\" content=\"es_ES\" \/>\n<meta property=\"og:type\" content=\"article\" \/>\n<meta property=\"og:title\" content=\"Alerta Extinci\u00f3n llega a cines ecuatorianos con una amenaza invisible y tensi\u00f3n imparable &#8211; QUEBAKAN.COM 2026: Noticias, Eventos, Conciertos y mucho m\u00e1s....\" \/>\n<meta property=\"og:description\" content=\"Quito, enero del 2026.- Una amenaza invisible y una carrera contrarreloj marcan el eje de Alerta Extinci\u00f3n, el nuevo thriller de ciencia ficci\u00f3n que se estrena en los cines ecuatorianos el 29 de enero. El filme combina acci\u00f3n, terror y humor negro en una propuesta intensa y vertiginosa. La pel\u00edcula marca el regreso a la [&hellip;]\" \/>\n<meta property=\"og:url\" content=\"https:\/\/www.quebakan.com\/v15\/alerta-extincion-llega-a-cines-ecuatorianos-con-una-amenaza-invisible-y-tension-imparable\/\" \/>\n<meta property=\"og:site_name\" content=\"QUEBAKAN.COM 2026: Noticias, Eventos, Conciertos y mucho m\u00e1s....\" \/>\n<meta property=\"article:publisher\" content=\"http:\/\/www.facebook.com\/quebakan\" \/>\n<meta property=\"article:published_time\" content=\"2026-01-22T04:13:57+00:00\" \/>\n<meta property=\"og:image\" content=\"https:\/\/www.quebakan.com\/v15\/wp-content\/uploads\/2026\/01\/Cold-Storage-Stills-Press-Photos-3720x2475-COLD-STORAGE-TEASER-LAUNCH-LIAM.jpg\" \/>\n\t<meta property=\"og:image:width\" content=\"700\" \/>\n\t<meta property=\"og:image:height\" content=\"466\" \/>\n\t<meta property=\"og:image:type\" content=\"image\/jpeg\" \/>\n<meta name=\"author\" content=\"Erick Villafuerte\" \/>\n<meta name=\"twitter:card\" content=\"summary_large_image\" \/>\n<meta name=\"twitter:creator\" content=\"@quebakanec\" \/>\n<meta name=\"twitter:site\" content=\"@quebakanec\" \/>\n<meta name=\"twitter:label1\" content=\"Escrito por\" \/>\n\t<meta name=\"twitter:data1\" content=\"Erick Villafuerte\" \/>\n\t<meta name=\"twitter:label2\" content=\"Tiempo de lectura\" \/>\n\t<meta name=\"twitter:data2\" content=\"3 minutos\" \/>\n<script type=\"application\/ld+json\" class=\"yoast-schema-graph\">{\"@context\":\"https:\\\/\\\/schema.org\",\"@graph\":[{\"@type\":\"Article\",\"@id\":\"https:\\\/\\\/www.quebakan.com\\\/v15\\\/alerta-extincion-llega-a-cines-ecuatorianos-con-una-amenaza-invisible-y-tension-imparable\\\/#article\",\"isPartOf\":{\"@id\":\"https:\\\/\\\/www.quebakan.com\\\/v15\\\/alerta-extincion-llega-a-cines-ecuatorianos-con-una-amenaza-invisible-y-tension-imparable\\\/\"},\"author\":{\"name\":\"Erick Villafuerte\",\"@id\":\"https:\\\/\\\/www.quebakan.com\\\/v15\\\/#\\\/schema\\\/person\\\/d90fa9f9cfa81eb8ace9811e5b7b9118\"},\"headline\":\"Alerta Extinci\u00f3n llega a cines ecuatorianos con una amenaza invisible y tensi\u00f3n imparable\",\"datePublished\":\"2026-01-22T04:13:57+00:00\",\"mainEntityOfPage\":{\"@id\":\"https:\\\/\\\/www.quebakan.com\\\/v15\\\/alerta-extincion-llega-a-cines-ecuatorianos-con-una-amenaza-invisible-y-tension-imparable\\\/\"},\"wordCount\":498,\"publisher\":{\"@id\":\"https:\\\/\\\/www.quebakan.com\\\/v15\\\/#organization\"},\"image\":{\"@id\":\"https:\\\/\\\/www.quebakan.com\\\/v15\\\/alerta-extincion-llega-a-cines-ecuatorianos-con-una-amenaza-invisible-y-tension-imparable\\\/#primaryimage\"},\"thumbnailUrl\":\"https:\\\/\\\/www.quebakan.com\\\/v15\\\/wp-content\\\/uploads\\\/2026\\\/01\\\/Cold-Storage-Stills-Press-Photos-3720x2475-COLD-STORAGE-TEASER-LAUNCH-LIAM.jpg\",\"articleSection\":[\"Noticias\"],\"inLanguage\":\"es\"},{\"@type\":\"WebPage\",\"@id\":\"https:\\\/\\\/www.quebakan.com\\\/v15\\\/alerta-extincion-llega-a-cines-ecuatorianos-con-una-amenaza-invisible-y-tension-imparable\\\/\",\"url\":\"https:\\\/\\\/www.quebakan.com\\\/v15\\\/alerta-extincion-llega-a-cines-ecuatorianos-con-una-amenaza-invisible-y-tension-imparable\\\/\",\"name\":\"Alerta Extinci\u00f3n llega a cines ecuatorianos con una amenaza invisible y tensi\u00f3n imparable &#8211; QUEBAKAN.COM 2026: Noticias, Eventos, Conciertos y mucho m\u00e1s....\",\"isPartOf\":{\"@id\":\"https:\\\/\\\/www.quebakan.com\\\/v15\\\/#website\"},\"primaryImageOfPage\":{\"@id\":\"https:\\\/\\\/www.quebakan.com\\\/v15\\\/alerta-extincion-llega-a-cines-ecuatorianos-con-una-amenaza-invisible-y-tension-imparable\\\/#primaryimage\"},\"image\":{\"@id\":\"https:\\\/\\\/www.quebakan.com\\\/v15\\\/alerta-extincion-llega-a-cines-ecuatorianos-con-una-amenaza-invisible-y-tension-imparable\\\/#primaryimage\"},\"thumbnailUrl\":\"https:\\\/\\\/www.quebakan.com\\\/v15\\\/wp-content\\\/uploads\\\/2026\\\/01\\\/Cold-Storage-Stills-Press-Photos-3720x2475-COLD-STORAGE-TEASER-LAUNCH-LIAM.jpg\",\"datePublished\":\"2026-01-22T04:13:57+00:00\",\"breadcrumb\":{\"@id\":\"https:\\\/\\\/www.quebakan.com\\\/v15\\\/alerta-extincion-llega-a-cines-ecuatorianos-con-una-amenaza-invisible-y-tension-imparable\\\/#breadcrumb\"},\"inLanguage\":\"es\",\"potentialAction\":[{\"@type\":\"ReadAction\",\"target\":[\"https:\\\/\\\/www.quebakan.com\\\/v15\\\/alerta-extincion-llega-a-cines-ecuatorianos-con-una-amenaza-invisible-y-tension-imparable\\\/\"]}]},{\"@type\":\"ImageObject\",\"inLanguage\":\"es\",\"@id\":\"https:\\\/\\\/www.quebakan.com\\\/v15\\\/alerta-extincion-llega-a-cines-ecuatorianos-con-una-amenaza-invisible-y-tension-imparable\\\/#primaryimage\",\"url\":\"https:\\\/\\\/www.quebakan.com\\\/v15\\\/wp-content\\\/uploads\\\/2026\\\/01\\\/Cold-Storage-Stills-Press-Photos-3720x2475-COLD-STORAGE-TEASER-LAUNCH-LIAM.jpg\",\"contentUrl\":\"https:\\\/\\\/www.quebakan.com\\\/v15\\\/wp-content\\\/uploads\\\/2026\\\/01\\\/Cold-Storage-Stills-Press-Photos-3720x2475-COLD-STORAGE-TEASER-LAUNCH-LIAM.jpg\",\"width\":700,\"height\":466},{\"@type\":\"BreadcrumbList\",\"@id\":\"https:\\\/\\\/www.quebakan.com\\\/v15\\\/alerta-extincion-llega-a-cines-ecuatorianos-con-una-amenaza-invisible-y-tension-imparable\\\/#breadcrumb\",\"itemListElement\":[{\"@type\":\"ListItem\",\"position\":1,\"name\":\"Portada\",\"item\":\"https:\\\/\\\/www.quebakan.com\\\/v15\\\/\"},{\"@type\":\"ListItem\",\"position\":2,\"name\":\"Alerta Extinci\u00f3n llega a cines ecuatorianos con una amenaza invisible y tensi\u00f3n imparable\"}]},{\"@type\":\"WebSite\",\"@id\":\"https:\\\/\\\/www.quebakan.com\\\/v15\\\/#website\",\"url\":\"https:\\\/\\\/www.quebakan.com\\\/v15\\\/\",\"name\":\"QUEBAKAN\",\"description\":\"..\",\"publisher\":{\"@id\":\"https:\\\/\\\/www.quebakan.com\\\/v15\\\/#organization\"},\"potentialAction\":[{\"@type\":\"SearchAction\",\"target\":{\"@type\":\"EntryPoint\",\"urlTemplate\":\"https:\\\/\\\/www.quebakan.com\\\/v15\\\/?s={search_term_string}\"},\"query-input\":{\"@type\":\"PropertyValueSpecification\",\"valueRequired\":true,\"valueName\":\"search_term_string\"}}],\"inLanguage\":\"es\"},{\"@type\":\"Organization\",\"@id\":\"https:\\\/\\\/www.quebakan.com\\\/v15\\\/#organization\",\"name\":\"Quebakan.com\",\"url\":\"https:\\\/\\\/www.quebakan.com\\\/v15\\\/\",\"logo\":{\"@type\":\"ImageObject\",\"inLanguage\":\"es\",\"@id\":\"https:\\\/\\\/www.quebakan.com\\\/v15\\\/#\\\/schema\\\/logo\\\/image\\\/\",\"url\":\"https:\\\/\\\/www.quebakan.com\\\/v15\\\/wp-content\\\/uploads\\\/2023\\\/07\\\/logoquebakanenero2021.jpg\",\"contentUrl\":\"https:\\\/\\\/www.quebakan.com\\\/v15\\\/wp-content\\\/uploads\\\/2023\\\/07\\\/logoquebakanenero2021.jpg\",\"width\":1920,\"height\":1080,\"caption\":\"Quebakan.com\"},\"image\":{\"@id\":\"https:\\\/\\\/www.quebakan.com\\\/v15\\\/#\\\/schema\\\/logo\\\/image\\\/\"},\"sameAs\":[\"http:\\\/\\\/www.facebook.com\\\/quebakan\",\"https:\\\/\\\/x.com\\\/quebakanec\",\"http:\\\/\\\/www.instagram.com\\\/quebakan\",\"http:\\\/\\\/www.youtube.com\\\/quebakan1\"]},{\"@type\":\"Person\",\"@id\":\"https:\\\/\\\/www.quebakan.com\\\/v15\\\/#\\\/schema\\\/person\\\/d90fa9f9cfa81eb8ace9811e5b7b9118\",\"name\":\"Erick Villafuerte\",\"image\":{\"@type\":\"ImageObject\",\"inLanguage\":\"es\",\"@id\":\"https:\\\/\\\/www.quebakan.com\\\/v15\\\/wp-content\\\/uploads\\\/avatars\\\/4\\\/1731297654-bpfull.png\",\"url\":\"https:\\\/\\\/www.quebakan.com\\\/v15\\\/wp-content\\\/uploads\\\/avatars\\\/4\\\/1731297654-bpfull.png\",\"contentUrl\":\"https:\\\/\\\/www.quebakan.com\\\/v15\\\/wp-content\\\/uploads\\\/avatars\\\/4\\\/1731297654-bpfull.png\",\"caption\":\"Erick Villafuerte\"}}]}<\/script>\n<!-- \/ Yoast SEO plugin. -->","yoast_head_json":{"title":"Alerta Extinci\u00f3n llega a cines ecuatorianos con una amenaza invisible y tensi\u00f3n imparable &#8211; QUEBAKAN.COM 2026: Noticias, Eventos, Conciertos y mucho m\u00e1s....","robots":{"index":"index","follow":"follow","max-snippet":"max-snippet:-1","max-image-preview":"max-image-preview:large","max-video-preview":"max-video-preview:-1"},"canonical":"https:\/\/www.quebakan.com\/v15\/alerta-extincion-llega-a-cines-ecuatorianos-con-una-amenaza-invisible-y-tension-imparable\/","og_locale":"es_ES","og_type":"article","og_title":"Alerta Extinci\u00f3n llega a cines ecuatorianos con una amenaza invisible y tensi\u00f3n imparable &#8211; QUEBAKAN.COM 2026: Noticias, Eventos, Conciertos y mucho m\u00e1s....","og_description":"Quito, enero del 2026.- Una amenaza invisible y una carrera contrarreloj marcan el eje de Alerta Extinci\u00f3n, el nuevo thriller de ciencia ficci\u00f3n que se estrena en los cines ecuatorianos el 29 de enero. El filme combina acci\u00f3n, terror y humor negro en una propuesta intensa y vertiginosa. La pel\u00edcula marca el regreso a la [&hellip;]","og_url":"https:\/\/www.quebakan.com\/v15\/alerta-extincion-llega-a-cines-ecuatorianos-con-una-amenaza-invisible-y-tension-imparable\/","og_site_name":"QUEBAKAN.COM 2026: Noticias, Eventos, Conciertos y mucho m\u00e1s....","article_publisher":"http:\/\/www.facebook.com\/quebakan","article_published_time":"2026-01-22T04:13:57+00:00","og_image":[{"width":700,"height":466,"url":"https:\/\/www.quebakan.com\/v15\/wp-content\/uploads\/2026\/01\/Cold-Storage-Stills-Press-Photos-3720x2475-COLD-STORAGE-TEASER-LAUNCH-LIAM.jpg","type":"image\/jpeg"}],"author":"Erick Villafuerte","twitter_card":"summary_large_image","twitter_creator":"@quebakanec","twitter_site":"@quebakanec","twitter_misc":{"Escrito por":"Erick Villafuerte","Tiempo de lectura":"3 minutos"},"schema":{"@context":"https:\/\/schema.org","@graph":[{"@type":"Article","@id":"https:\/\/www.quebakan.com\/v15\/alerta-extincion-llega-a-cines-ecuatorianos-con-una-amenaza-invisible-y-tension-imparable\/#article","isPartOf":{"@id":"https:\/\/www.quebakan.com\/v15\/alerta-extincion-llega-a-cines-ecuatorianos-con-una-amenaza-invisible-y-tension-imparable\/"},"author":{"name":"Erick Villafuerte","@id":"https:\/\/www.quebakan.com\/v15\/#\/schema\/person\/d90fa9f9cfa81eb8ace9811e5b7b9118"},"headline":"Alerta Extinci\u00f3n llega a cines ecuatorianos con una amenaza invisible y tensi\u00f3n imparable","datePublished":"2026-01-22T04:13:57+00:00","mainEntityOfPage":{"@id":"https:\/\/www.quebakan.com\/v15\/alerta-extincion-llega-a-cines-ecuatorianos-con-una-amenaza-invisible-y-tension-imparable\/"},"wordCount":498,"publisher":{"@id":"https:\/\/www.quebakan.com\/v15\/#organization"},"image":{"@id":"https:\/\/www.quebakan.com\/v15\/alerta-extincion-llega-a-cines-ecuatorianos-con-una-amenaza-invisible-y-tension-imparable\/#primaryimage"},"thumbnailUrl":"https:\/\/www.quebakan.com\/v15\/wp-content\/uploads\/2026\/01\/Cold-Storage-Stills-Press-Photos-3720x2475-COLD-STORAGE-TEASER-LAUNCH-LIAM.jpg","articleSection":["Noticias"],"inLanguage":"es"},{"@type":"WebPage","@id":"https:\/\/www.quebakan.com\/v15\/alerta-extincion-llega-a-cines-ecuatorianos-con-una-amenaza-invisible-y-tension-imparable\/","url":"https:\/\/www.quebakan.com\/v15\/alerta-extincion-llega-a-cines-ecuatorianos-con-una-amenaza-invisible-y-tension-imparable\/","name":"Alerta Extinci\u00f3n llega a cines ecuatorianos con una amenaza invisible y tensi\u00f3n imparable &#8211; QUEBAKAN.COM 2026: Noticias, Eventos, Conciertos y mucho m\u00e1s....","isPartOf":{"@id":"https:\/\/www.quebakan.com\/v15\/#website"},"primaryImageOfPage":{"@id":"https:\/\/www.quebakan.com\/v15\/alerta-extincion-llega-a-cines-ecuatorianos-con-una-amenaza-invisible-y-tension-imparable\/#primaryimage"},"image":{"@id":"https:\/\/www.quebakan.com\/v15\/alerta-extincion-llega-a-cines-ecuatorianos-con-una-amenaza-invisible-y-tension-imparable\/#primaryimage"},"thumbnailUrl":"https:\/\/www.quebakan.com\/v15\/wp-content\/uploads\/2026\/01\/Cold-Storage-Stills-Press-Photos-3720x2475-COLD-STORAGE-TEASER-LAUNCH-LIAM.jpg","datePublished":"2026-01-22T04:13:57+00:00","breadcrumb":{"@id":"https:\/\/www.quebakan.com\/v15\/alerta-extincion-llega-a-cines-ecuatorianos-con-una-amenaza-invisible-y-tension-imparable\/#breadcrumb"},"inLanguage":"es","potentialAction":[{"@type":"ReadAction","target":["https:\/\/www.quebakan.com\/v15\/alerta-extincion-llega-a-cines-ecuatorianos-con-una-amenaza-invisible-y-tension-imparable\/"]}]},{"@type":"ImageObject","inLanguage":"es","@id":"https:\/\/www.quebakan.com\/v15\/alerta-extincion-llega-a-cines-ecuatorianos-con-una-amenaza-invisible-y-tension-imparable\/#primaryimage","url":"https:\/\/www.quebakan.com\/v15\/wp-content\/uploads\/2026\/01\/Cold-Storage-Stills-Press-Photos-3720x2475-COLD-STORAGE-TEASER-LAUNCH-LIAM.jpg","contentUrl":"https:\/\/www.quebakan.com\/v15\/wp-content\/uploads\/2026\/01\/Cold-Storage-Stills-Press-Photos-3720x2475-COLD-STORAGE-TEASER-LAUNCH-LIAM.jpg","width":700,"height":466},{"@type":"BreadcrumbList","@id":"https:\/\/www.quebakan.com\/v15\/alerta-extincion-llega-a-cines-ecuatorianos-con-una-amenaza-invisible-y-tension-imparable\/#breadcrumb","itemListElement":[{"@type":"ListItem","position":1,"name":"Portada","item":"https:\/\/www.quebakan.com\/v15\/"},{"@type":"ListItem","position":2,"name":"Alerta Extinci\u00f3n llega a cines ecuatorianos con una amenaza invisible y tensi\u00f3n imparable"}]},{"@type":"WebSite","@id":"https:\/\/www.quebakan.com\/v15\/#website","url":"https:\/\/www.quebakan.com\/v15\/","name":"QUEBAKAN","description":"..","publisher":{"@id":"https:\/\/www.quebakan.com\/v15\/#organization"},"potentialAction":[{"@type":"SearchAction","target":{"@type":"EntryPoint","urlTemplate":"https:\/\/www.quebakan.com\/v15\/?s={search_term_string}"},"query-input":{"@type":"PropertyValueSpecification","valueRequired":true,"valueName":"search_term_string"}}],"inLanguage":"es"},{"@type":"Organization","@id":"https:\/\/www.quebakan.com\/v15\/#organization","name":"Quebakan.com","url":"https:\/\/www.quebakan.com\/v15\/","logo":{"@type":"ImageObject","inLanguage":"es","@id":"https:\/\/www.quebakan.com\/v15\/#\/schema\/logo\/image\/","url":"https:\/\/www.quebakan.com\/v15\/wp-content\/uploads\/2023\/07\/logoquebakanenero2021.jpg","contentUrl":"https:\/\/www.quebakan.com\/v15\/wp-content\/uploads\/2023\/07\/logoquebakanenero2021.jpg","width":1920,"height":1080,"caption":"Quebakan.com"},"image":{"@id":"https:\/\/www.quebakan.com\/v15\/#\/schema\/logo\/image\/"},"sameAs":["http:\/\/www.facebook.com\/quebakan","https:\/\/x.com\/quebakanec","http:\/\/www.instagram.com\/quebakan","http:\/\/www.youtube.com\/quebakan1"]},{"@type":"Person","@id":"https:\/\/www.quebakan.com\/v15\/#\/schema\/person\/d90fa9f9cfa81eb8ace9811e5b7b9118","name":"Erick Villafuerte","image":{"@type":"ImageObject","inLanguage":"es","@id":"https:\/\/www.quebakan.com\/v15\/wp-content\/uploads\/avatars\/4\/1731297654-bpfull.png","url":"https:\/\/www.quebakan.com\/v15\/wp-content\/uploads\/avatars\/4\/1731297654-bpfull.png","contentUrl":"https:\/\/www.quebakan.com\/v15\/wp-content\/uploads\/avatars\/4\/1731297654-bpfull.png","caption":"Erick Villafuerte"}}]}},"_links":{"self":[{"href":"https:\/\/www.quebakan.com\/v15\/wp-json\/wp\/v2\/posts\/139220","targetHints":{"allow":["GET"]}}],"collection":[{"href":"https:\/\/www.quebakan.com\/v15\/wp-json\/wp\/v2\/posts"}],"about":[{"href":"https:\/\/www.quebakan.com\/v15\/wp-json\/wp\/v2\/types\/post"}],"author":[{"embeddable":true,"href":"https:\/\/www.quebakan.com\/v15\/wp-json\/wp\/v2\/users\/4"}],"replies":[{"embeddable":true,"href":"https:\/\/www.quebakan.com\/v15\/wp-json\/wp\/v2\/comments?post=139220"}],"version-history":[{"count":1,"href":"https:\/\/www.quebakan.com\/v15\/wp-json\/wp\/v2\/posts\/139220\/revisions"}],"predecessor-version":[{"id":139224,"href":"https:\/\/www.quebakan.com\/v15\/wp-json\/wp\/v2\/posts\/139220\/revisions\/139224"}],"wp:featuredmedia":[{"embeddable":true,"href":"https:\/\/www.quebakan.com\/v15\/wp-json\/wp\/v2\/media\/139221"}],"wp:attachment":[{"href":"https:\/\/www.quebakan.com\/v15\/wp-json\/wp\/v2\/media?parent=139220"}],"wp:term":[{"taxonomy":"category","embeddable":true,"href":"https:\/\/www.quebakan.com\/v15\/wp-json\/wp\/v2\/categories?post=139220"},{"taxonomy":"post_tag","embeddable":true,"href":"https:\/\/www.quebakan.com\/v15\/wp-json\/wp\/v2\/tags?post=139220"}],"curies":[{"name":"wp","href":"https:\/\/api.w.org\/{rel}","templated":true}]}}