{"id":139228,"date":"2026-01-21T23:54:15","date_gmt":"2026-01-22T04:54:15","guid":{"rendered":"https:\/\/www.quebakan.com\/v15\/?p=139228"},"modified":"2026-01-21T23:54:15","modified_gmt":"2026-01-22T04:54:15","slug":"policentro-presenta-a-los-ganadores-de-su-promocion-navidena","status":"publish","type":"post","link":"https:\/\/www.quebakan.com\/v15\/policentro-presenta-a-los-ganadores-de-su-promocion-navidena\/","title":{"rendered":"POLICENTRO PRESENTA A LOS GANADORES DE SU PROMOCI\u00d3N NAVIDE\u00d1A"},"content":{"rendered":"<p dir=\"ltr\" style=\"text-align: justify;\"><span style=\"color: #000000;\">Policentro presenta a los ganadores correspondientes al\u00a0segundo y tercer concurso\u00a0de su promoci\u00f3n navide\u00f1a\u00a0\u201cVive una dulce Navidad\u201d, realizados como parte del cierre de las actividades de la temporada.<\/span><\/p>\n<p dir=\"ltr\" style=\"text-align: justify;\"><span style=\"color: #000000;\">El\u00a0segundo sorteo\u00a0se realiz\u00f3 el\u00a015 de diciembre, y sus finalistas participaron posteriormente en el\u00a0concurso desarrollado el 19 de diciembre, durante la din\u00e1mica efectuada en la tradicional\u00a0caja gigante de galletas, donde se revelaron los premios. De igual forma, el\u00a0tercer y \u00faltimo concurso\u00a0se llev\u00f3 a cabo el\u00a0lunes 12 de enero, jornada en la que se conocieron a los ganadores finales.<\/span><\/p>\n<p dir=\"ltr\" style=\"text-align: justify;\"><span style=\"color: #000000;\">En ambos concursos participaron\u00a0cinco finalistas por jornada, quienes, conforme a la mec\u00e1nica establecida,\u00a0resultaron ganadores.<\/span><\/p>\n<p dir=\"ltr\" style=\"text-align: justify;\"><strong><span style=\"color: #000000;\">Ganadores del segundo concurso:<\/span><\/strong><\/p>\n<p dir=\"ltr\" style=\"text-align: justify;\"><strong><span style=\"color: #000000;\">Premios de 10.000 Polid\u00f3lares<\/span><\/strong><\/p>\n<ul style=\"text-align: justify;\">\n<li dir=\"ltr\">\n<p dir=\"ltr\" role=\"presentation\"><span style=\"color: #000000;\">Jos\u00e9 Morante<\/span><\/p>\n<\/li>\n<li dir=\"ltr\">\n<p dir=\"ltr\" role=\"presentation\"><span style=\"color: #000000;\">Patricio Navarro<\/span><\/p>\n<\/li>\n<\/ul>\n<p dir=\"ltr\" style=\"text-align: justify;\"><strong><span style=\"color: #000000;\">Premios de 1.000 Polid\u00f3lares<\/span><\/strong><\/p>\n<ul style=\"text-align: justify;\">\n<li dir=\"ltr\">\n<p dir=\"ltr\" role=\"presentation\"><span style=\"color: #000000;\">Jennifer Tama<\/span><\/p>\n<\/li>\n<li dir=\"ltr\">\n<p dir=\"ltr\" role=\"presentation\"><span style=\"color: #000000;\">Alberto Salmon<\/span><\/p>\n<\/li>\n<li dir=\"ltr\">\n<p dir=\"ltr\" role=\"presentation\"><span style=\"color: #000000;\">Jessica Franco<\/span><\/p>\n<\/li>\n<\/ul>\n<p dir=\"ltr\" style=\"text-align: justify;\"><strong><span style=\"color: #000000;\">Ganadores del tercer concurso<\/span><\/strong><\/p>\n<div style=\"text-align: justify;\"><span style=\"color: #000000;\">Premios de 10.000 Polid\u00f3lares<\/span><\/div>\n<ul style=\"text-align: justify;\">\n<li dir=\"ltr\">\n<p dir=\"ltr\" role=\"presentation\"><span style=\"color: #000000;\">Neptario Manjarres\u00a0<\/span><\/p>\n<\/li>\n<li dir=\"ltr\">\n<p dir=\"ltr\" role=\"presentation\"><span style=\"color: #000000;\">Karla Da Silva (Representada por Kevin Cevallos)<\/span><\/p>\n<\/li>\n<\/ul>\n<p dir=\"ltr\" style=\"text-align: justify;\"><strong><span style=\"color: #000000;\">Premios de 1.000 Polid\u00f3lares<\/span><\/strong><\/p>\n<ul style=\"text-align: justify;\">\n<li dir=\"ltr\">\n<p dir=\"ltr\" role=\"presentation\"><span style=\"color: #000000;\">Ivonne Prado<\/span><\/p>\n<\/li>\n<li dir=\"ltr\">\n<p dir=\"ltr\" role=\"presentation\"><span style=\"color: #000000;\">Janina Gavilanes<\/span><\/p>\n<\/li>\n<li dir=\"ltr\">\n<p dir=\"ltr\" role=\"presentation\"><span style=\"color: #000000;\">Sara Tobar<\/span><\/p>\n<\/li>\n<\/ul>\n<p dir=\"ltr\" style=\"text-align: justify;\"><span style=\"color: #000000;\">Con estos resultados, Policentro concluye la etapa de concursos de su promoci\u00f3n navide\u00f1a, desarrollada durante diciembre y enero como parte de su agenda.<\/span><\/p>\n<p dir=\"ltr\">\n<p dir=\"ltr\"><img fetchpriority=\"high\" decoding=\"async\" class=\"aligncenter size-full wp-image-139229\" src=\"https:\/\/www.quebakan.com\/v15\/wp-content\/uploads\/2026\/01\/segundos-ganadores-policentro-6-1.jpg\" alt=\"\" width=\"700\" height=\"499\" srcset=\"https:\/\/www.quebakan.com\/v15\/wp-content\/uploads\/2026\/01\/segundos-ganadores-policentro-6-1.jpg 700w, https:\/\/www.quebakan.com\/v15\/wp-content\/uploads\/2026\/01\/segundos-ganadores-policentro-6-1-120x86.jpg 120w, https:\/\/www.quebakan.com\/v15\/wp-content\/uploads\/2026\/01\/segundos-ganadores-policentro-6-1-350x250.jpg 350w\" sizes=\"(max-width: 700px) 100vw, 700px\" \/><\/p>\n<p dir=\"ltr\">\n<p dir=\"ltr\"><img decoding=\"async\" class=\"aligncenter size-full wp-image-139230\" src=\"https:\/\/www.quebakan.com\/v15\/wp-content\/uploads\/2026\/01\/Tercer-concurso-Policentro.jpg\" alt=\"\" width=\"700\" height=\"463\" \/><\/p>\n","protected":false},"excerpt":{"rendered":"<p>Policentro presenta a los ganadores correspondientes al\u00a0segundo y tercer concurso\u00a0de su promoci\u00f3n navide\u00f1a\u00a0\u201cVive una dulce Navidad\u201d, realizados como parte del cierre de las actividades de la temporada. El\u00a0segundo sorteo\u00a0se realiz\u00f3 el\u00a015 de diciembre, y sus finalistas participaron posteriormente en el\u00a0concurso desarrollado el 19 de diciembre, durante la din\u00e1mica efectuada en la tradicional\u00a0caja gigante de galletas, [&hellip;]<\/p>\n","protected":false},"author":4,"featured_media":139229,"comment_status":"closed","ping_status":"closed","sticky":false,"template":"","format":"standard","meta":{"_bbp_topic_count":0,"_bbp_reply_count":0,"_bbp_total_topic_count":0,"_bbp_total_reply_count":0,"_bbp_voice_count":0,"_bbp_anonymous_reply_count":0,"_bbp_topic_count_hidden":0,"_bbp_reply_count_hidden":0,"_bbp_forum_subforum_count":0,"buzzeditor_post_format":"","footnotes":""},"categories":[2],"tags":[],"class_list":["post-139228","post","type-post","status-publish","format-standard","has-post-thumbnail","hentry","category-noticias"],"yoast_head":"<!-- This site is optimized with the Yoast SEO plugin v27.5 - https:\/\/yoast.com\/product\/yoast-seo-wordpress\/ -->\n<title>POLICENTRO PRESENTA A LOS GANADORES DE SU PROMOCI\u00d3N NAVIDE\u00d1A &#8211; QUEBAKAN.COM 2026: Noticias, Eventos, Conciertos y mucho m\u00e1s....<\/title>\n<meta name=\"robots\" content=\"index, follow, max-snippet:-1, max-image-preview:large, max-video-preview:-1\" \/>\n<link rel=\"canonical\" href=\"https:\/\/www.quebakan.com\/v15\/policentro-presenta-a-los-ganadores-de-su-promocion-navidena\/\" \/>\n<meta property=\"og:locale\" content=\"es_ES\" \/>\n<meta property=\"og:type\" content=\"article\" \/>\n<meta property=\"og:title\" content=\"POLICENTRO PRESENTA A LOS GANADORES DE SU PROMOCI\u00d3N NAVIDE\u00d1A &#8211; QUEBAKAN.COM 2026: Noticias, Eventos, Conciertos y mucho m\u00e1s....\" \/>\n<meta property=\"og:description\" content=\"Policentro presenta a los ganadores correspondientes al\u00a0segundo y tercer concurso\u00a0de su promoci\u00f3n navide\u00f1a\u00a0\u201cVive una dulce Navidad\u201d, realizados como parte del cierre de las actividades de la temporada. El\u00a0segundo sorteo\u00a0se realiz\u00f3 el\u00a015 de diciembre, y sus finalistas participaron posteriormente en el\u00a0concurso desarrollado el 19 de diciembre, durante la din\u00e1mica efectuada en la tradicional\u00a0caja gigante de galletas, [&hellip;]\" \/>\n<meta property=\"og:url\" content=\"https:\/\/www.quebakan.com\/v15\/policentro-presenta-a-los-ganadores-de-su-promocion-navidena\/\" \/>\n<meta property=\"og:site_name\" content=\"QUEBAKAN.COM 2026: Noticias, Eventos, Conciertos y mucho m\u00e1s....\" \/>\n<meta property=\"article:publisher\" content=\"http:\/\/www.facebook.com\/quebakan\" \/>\n<meta property=\"article:published_time\" content=\"2026-01-22T04:54:15+00:00\" \/>\n<meta property=\"og:image\" content=\"https:\/\/www.quebakan.com\/v15\/wp-content\/uploads\/2026\/01\/segundos-ganadores-policentro-6-1.jpg\" \/>\n\t<meta property=\"og:image:width\" content=\"700\" \/>\n\t<meta property=\"og:image:height\" content=\"499\" \/>\n\t<meta property=\"og:image:type\" content=\"image\/jpeg\" \/>\n<meta name=\"author\" content=\"Erick Villafuerte\" \/>\n<meta name=\"twitter:card\" content=\"summary_large_image\" \/>\n<meta name=\"twitter:creator\" content=\"@quebakanec\" \/>\n<meta name=\"twitter:site\" content=\"@quebakanec\" \/>\n<meta name=\"twitter:label1\" content=\"Escrito por\" \/>\n\t<meta name=\"twitter:data1\" content=\"Erick Villafuerte\" \/>\n\t<meta name=\"twitter:label2\" content=\"Tiempo de lectura\" \/>\n\t<meta name=\"twitter:data2\" content=\"2 minutos\" \/>\n<script type=\"application\/ld+json\" class=\"yoast-schema-graph\">{\"@context\":\"https:\\\/\\\/schema.org\",\"@graph\":[{\"@type\":\"Article\",\"@id\":\"https:\\\/\\\/www.quebakan.com\\\/v15\\\/policentro-presenta-a-los-ganadores-de-su-promocion-navidena\\\/#article\",\"isPartOf\":{\"@id\":\"https:\\\/\\\/www.quebakan.com\\\/v15\\\/policentro-presenta-a-los-ganadores-de-su-promocion-navidena\\\/\"},\"author\":{\"name\":\"Erick Villafuerte\",\"@id\":\"https:\\\/\\\/www.quebakan.com\\\/v15\\\/#\\\/schema\\\/person\\\/d90fa9f9cfa81eb8ace9811e5b7b9118\"},\"headline\":\"POLICENTRO PRESENTA A LOS GANADORES DE SU PROMOCI\u00d3N NAVIDE\u00d1A\",\"datePublished\":\"2026-01-22T04:54:15+00:00\",\"mainEntityOfPage\":{\"@id\":\"https:\\\/\\\/www.quebakan.com\\\/v15\\\/policentro-presenta-a-los-ganadores-de-su-promocion-navidena\\\/\"},\"wordCount\":197,\"publisher\":{\"@id\":\"https:\\\/\\\/www.quebakan.com\\\/v15\\\/#organization\"},\"image\":{\"@id\":\"https:\\\/\\\/www.quebakan.com\\\/v15\\\/policentro-presenta-a-los-ganadores-de-su-promocion-navidena\\\/#primaryimage\"},\"thumbnailUrl\":\"https:\\\/\\\/www.quebakan.com\\\/v15\\\/wp-content\\\/uploads\\\/2026\\\/01\\\/segundos-ganadores-policentro-6-1.jpg\",\"articleSection\":[\"Noticias\"],\"inLanguage\":\"es\"},{\"@type\":\"WebPage\",\"@id\":\"https:\\\/\\\/www.quebakan.com\\\/v15\\\/policentro-presenta-a-los-ganadores-de-su-promocion-navidena\\\/\",\"url\":\"https:\\\/\\\/www.quebakan.com\\\/v15\\\/policentro-presenta-a-los-ganadores-de-su-promocion-navidena\\\/\",\"name\":\"POLICENTRO PRESENTA A LOS GANADORES DE SU PROMOCI\u00d3N NAVIDE\u00d1A &#8211; QUEBAKAN.COM 2026: Noticias, Eventos, Conciertos y mucho m\u00e1s....\",\"isPartOf\":{\"@id\":\"https:\\\/\\\/www.quebakan.com\\\/v15\\\/#website\"},\"primaryImageOfPage\":{\"@id\":\"https:\\\/\\\/www.quebakan.com\\\/v15\\\/policentro-presenta-a-los-ganadores-de-su-promocion-navidena\\\/#primaryimage\"},\"image\":{\"@id\":\"https:\\\/\\\/www.quebakan.com\\\/v15\\\/policentro-presenta-a-los-ganadores-de-su-promocion-navidena\\\/#primaryimage\"},\"thumbnailUrl\":\"https:\\\/\\\/www.quebakan.com\\\/v15\\\/wp-content\\\/uploads\\\/2026\\\/01\\\/segundos-ganadores-policentro-6-1.jpg\",\"datePublished\":\"2026-01-22T04:54:15+00:00\",\"breadcrumb\":{\"@id\":\"https:\\\/\\\/www.quebakan.com\\\/v15\\\/policentro-presenta-a-los-ganadores-de-su-promocion-navidena\\\/#breadcrumb\"},\"inLanguage\":\"es\",\"potentialAction\":[{\"@type\":\"ReadAction\",\"target\":[\"https:\\\/\\\/www.quebakan.com\\\/v15\\\/policentro-presenta-a-los-ganadores-de-su-promocion-navidena\\\/\"]}]},{\"@type\":\"ImageObject\",\"inLanguage\":\"es\",\"@id\":\"https:\\\/\\\/www.quebakan.com\\\/v15\\\/policentro-presenta-a-los-ganadores-de-su-promocion-navidena\\\/#primaryimage\",\"url\":\"https:\\\/\\\/www.quebakan.com\\\/v15\\\/wp-content\\\/uploads\\\/2026\\\/01\\\/segundos-ganadores-policentro-6-1.jpg\",\"contentUrl\":\"https:\\\/\\\/www.quebakan.com\\\/v15\\\/wp-content\\\/uploads\\\/2026\\\/01\\\/segundos-ganadores-policentro-6-1.jpg\",\"width\":700,\"height\":499},{\"@type\":\"BreadcrumbList\",\"@id\":\"https:\\\/\\\/www.quebakan.com\\\/v15\\\/policentro-presenta-a-los-ganadores-de-su-promocion-navidena\\\/#breadcrumb\",\"itemListElement\":[{\"@type\":\"ListItem\",\"position\":1,\"name\":\"Portada\",\"item\":\"https:\\\/\\\/www.quebakan.com\\\/v15\\\/\"},{\"@type\":\"ListItem\",\"position\":2,\"name\":\"POLICENTRO PRESENTA A LOS GANADORES DE SU PROMOCI\u00d3N NAVIDE\u00d1A\"}]},{\"@type\":\"WebSite\",\"@id\":\"https:\\\/\\\/www.quebakan.com\\\/v15\\\/#website\",\"url\":\"https:\\\/\\\/www.quebakan.com\\\/v15\\\/\",\"name\":\"QUEBAKAN\",\"description\":\"..\",\"publisher\":{\"@id\":\"https:\\\/\\\/www.quebakan.com\\\/v15\\\/#organization\"},\"potentialAction\":[{\"@type\":\"SearchAction\",\"target\":{\"@type\":\"EntryPoint\",\"urlTemplate\":\"https:\\\/\\\/www.quebakan.com\\\/v15\\\/?s={search_term_string}\"},\"query-input\":{\"@type\":\"PropertyValueSpecification\",\"valueRequired\":true,\"valueName\":\"search_term_string\"}}],\"inLanguage\":\"es\"},{\"@type\":\"Organization\",\"@id\":\"https:\\\/\\\/www.quebakan.com\\\/v15\\\/#organization\",\"name\":\"Quebakan.com\",\"url\":\"https:\\\/\\\/www.quebakan.com\\\/v15\\\/\",\"logo\":{\"@type\":\"ImageObject\",\"inLanguage\":\"es\",\"@id\":\"https:\\\/\\\/www.quebakan.com\\\/v15\\\/#\\\/schema\\\/logo\\\/image\\\/\",\"url\":\"https:\\\/\\\/www.quebakan.com\\\/v15\\\/wp-content\\\/uploads\\\/2023\\\/07\\\/logoquebakanenero2021.jpg\",\"contentUrl\":\"https:\\\/\\\/www.quebakan.com\\\/v15\\\/wp-content\\\/uploads\\\/2023\\\/07\\\/logoquebakanenero2021.jpg\",\"width\":1920,\"height\":1080,\"caption\":\"Quebakan.com\"},\"image\":{\"@id\":\"https:\\\/\\\/www.quebakan.com\\\/v15\\\/#\\\/schema\\\/logo\\\/image\\\/\"},\"sameAs\":[\"http:\\\/\\\/www.facebook.com\\\/quebakan\",\"https:\\\/\\\/x.com\\\/quebakanec\",\"http:\\\/\\\/www.instagram.com\\\/quebakan\",\"http:\\\/\\\/www.youtube.com\\\/quebakan1\"]},{\"@type\":\"Person\",\"@id\":\"https:\\\/\\\/www.quebakan.com\\\/v15\\\/#\\\/schema\\\/person\\\/d90fa9f9cfa81eb8ace9811e5b7b9118\",\"name\":\"Erick Villafuerte\",\"image\":{\"@type\":\"ImageObject\",\"inLanguage\":\"es\",\"@id\":\"https:\\\/\\\/www.quebakan.com\\\/v15\\\/wp-content\\\/uploads\\\/avatars\\\/4\\\/1731297654-bpfull.png\",\"url\":\"https:\\\/\\\/www.quebakan.com\\\/v15\\\/wp-content\\\/uploads\\\/avatars\\\/4\\\/1731297654-bpfull.png\",\"contentUrl\":\"https:\\\/\\\/www.quebakan.com\\\/v15\\\/wp-content\\\/uploads\\\/avatars\\\/4\\\/1731297654-bpfull.png\",\"caption\":\"Erick Villafuerte\"}}]}<\/script>\n<!-- \/ Yoast SEO plugin. -->","yoast_head_json":{"title":"POLICENTRO PRESENTA A LOS GANADORES DE SU PROMOCI\u00d3N NAVIDE\u00d1A &#8211; QUEBAKAN.COM 2026: Noticias, Eventos, Conciertos y mucho m\u00e1s....","robots":{"index":"index","follow":"follow","max-snippet":"max-snippet:-1","max-image-preview":"max-image-preview:large","max-video-preview":"max-video-preview:-1"},"canonical":"https:\/\/www.quebakan.com\/v15\/policentro-presenta-a-los-ganadores-de-su-promocion-navidena\/","og_locale":"es_ES","og_type":"article","og_title":"POLICENTRO PRESENTA A LOS GANADORES DE SU PROMOCI\u00d3N NAVIDE\u00d1A &#8211; QUEBAKAN.COM 2026: Noticias, Eventos, Conciertos y mucho m\u00e1s....","og_description":"Policentro presenta a los ganadores correspondientes al\u00a0segundo y tercer concurso\u00a0de su promoci\u00f3n navide\u00f1a\u00a0\u201cVive una dulce Navidad\u201d, realizados como parte del cierre de las actividades de la temporada. El\u00a0segundo sorteo\u00a0se realiz\u00f3 el\u00a015 de diciembre, y sus finalistas participaron posteriormente en el\u00a0concurso desarrollado el 19 de diciembre, durante la din\u00e1mica efectuada en la tradicional\u00a0caja gigante de galletas, [&hellip;]","og_url":"https:\/\/www.quebakan.com\/v15\/policentro-presenta-a-los-ganadores-de-su-promocion-navidena\/","og_site_name":"QUEBAKAN.COM 2026: Noticias, Eventos, Conciertos y mucho m\u00e1s....","article_publisher":"http:\/\/www.facebook.com\/quebakan","article_published_time":"2026-01-22T04:54:15+00:00","og_image":[{"width":700,"height":499,"url":"https:\/\/www.quebakan.com\/v15\/wp-content\/uploads\/2026\/01\/segundos-ganadores-policentro-6-1.jpg","type":"image\/jpeg"}],"author":"Erick Villafuerte","twitter_card":"summary_large_image","twitter_creator":"@quebakanec","twitter_site":"@quebakanec","twitter_misc":{"Escrito por":"Erick Villafuerte","Tiempo de lectura":"2 minutos"},"schema":{"@context":"https:\/\/schema.org","@graph":[{"@type":"Article","@id":"https:\/\/www.quebakan.com\/v15\/policentro-presenta-a-los-ganadores-de-su-promocion-navidena\/#article","isPartOf":{"@id":"https:\/\/www.quebakan.com\/v15\/policentro-presenta-a-los-ganadores-de-su-promocion-navidena\/"},"author":{"name":"Erick Villafuerte","@id":"https:\/\/www.quebakan.com\/v15\/#\/schema\/person\/d90fa9f9cfa81eb8ace9811e5b7b9118"},"headline":"POLICENTRO PRESENTA A LOS GANADORES DE SU PROMOCI\u00d3N NAVIDE\u00d1A","datePublished":"2026-01-22T04:54:15+00:00","mainEntityOfPage":{"@id":"https:\/\/www.quebakan.com\/v15\/policentro-presenta-a-los-ganadores-de-su-promocion-navidena\/"},"wordCount":197,"publisher":{"@id":"https:\/\/www.quebakan.com\/v15\/#organization"},"image":{"@id":"https:\/\/www.quebakan.com\/v15\/policentro-presenta-a-los-ganadores-de-su-promocion-navidena\/#primaryimage"},"thumbnailUrl":"https:\/\/www.quebakan.com\/v15\/wp-content\/uploads\/2026\/01\/segundos-ganadores-policentro-6-1.jpg","articleSection":["Noticias"],"inLanguage":"es"},{"@type":"WebPage","@id":"https:\/\/www.quebakan.com\/v15\/policentro-presenta-a-los-ganadores-de-su-promocion-navidena\/","url":"https:\/\/www.quebakan.com\/v15\/policentro-presenta-a-los-ganadores-de-su-promocion-navidena\/","name":"POLICENTRO PRESENTA A LOS GANADORES DE SU PROMOCI\u00d3N NAVIDE\u00d1A &#8211; QUEBAKAN.COM 2026: Noticias, Eventos, Conciertos y mucho m\u00e1s....","isPartOf":{"@id":"https:\/\/www.quebakan.com\/v15\/#website"},"primaryImageOfPage":{"@id":"https:\/\/www.quebakan.com\/v15\/policentro-presenta-a-los-ganadores-de-su-promocion-navidena\/#primaryimage"},"image":{"@id":"https:\/\/www.quebakan.com\/v15\/policentro-presenta-a-los-ganadores-de-su-promocion-navidena\/#primaryimage"},"thumbnailUrl":"https:\/\/www.quebakan.com\/v15\/wp-content\/uploads\/2026\/01\/segundos-ganadores-policentro-6-1.jpg","datePublished":"2026-01-22T04:54:15+00:00","breadcrumb":{"@id":"https:\/\/www.quebakan.com\/v15\/policentro-presenta-a-los-ganadores-de-su-promocion-navidena\/#breadcrumb"},"inLanguage":"es","potentialAction":[{"@type":"ReadAction","target":["https:\/\/www.quebakan.com\/v15\/policentro-presenta-a-los-ganadores-de-su-promocion-navidena\/"]}]},{"@type":"ImageObject","inLanguage":"es","@id":"https:\/\/www.quebakan.com\/v15\/policentro-presenta-a-los-ganadores-de-su-promocion-navidena\/#primaryimage","url":"https:\/\/www.quebakan.com\/v15\/wp-content\/uploads\/2026\/01\/segundos-ganadores-policentro-6-1.jpg","contentUrl":"https:\/\/www.quebakan.com\/v15\/wp-content\/uploads\/2026\/01\/segundos-ganadores-policentro-6-1.jpg","width":700,"height":499},{"@type":"BreadcrumbList","@id":"https:\/\/www.quebakan.com\/v15\/policentro-presenta-a-los-ganadores-de-su-promocion-navidena\/#breadcrumb","itemListElement":[{"@type":"ListItem","position":1,"name":"Portada","item":"https:\/\/www.quebakan.com\/v15\/"},{"@type":"ListItem","position":2,"name":"POLICENTRO PRESENTA A LOS GANADORES DE SU PROMOCI\u00d3N NAVIDE\u00d1A"}]},{"@type":"WebSite","@id":"https:\/\/www.quebakan.com\/v15\/#website","url":"https:\/\/www.quebakan.com\/v15\/","name":"QUEBAKAN","description":"..","publisher":{"@id":"https:\/\/www.quebakan.com\/v15\/#organization"},"potentialAction":[{"@type":"SearchAction","target":{"@type":"EntryPoint","urlTemplate":"https:\/\/www.quebakan.com\/v15\/?s={search_term_string}"},"query-input":{"@type":"PropertyValueSpecification","valueRequired":true,"valueName":"search_term_string"}}],"inLanguage":"es"},{"@type":"Organization","@id":"https:\/\/www.quebakan.com\/v15\/#organization","name":"Quebakan.com","url":"https:\/\/www.quebakan.com\/v15\/","logo":{"@type":"ImageObject","inLanguage":"es","@id":"https:\/\/www.quebakan.com\/v15\/#\/schema\/logo\/image\/","url":"https:\/\/www.quebakan.com\/v15\/wp-content\/uploads\/2023\/07\/logoquebakanenero2021.jpg","contentUrl":"https:\/\/www.quebakan.com\/v15\/wp-content\/uploads\/2023\/07\/logoquebakanenero2021.jpg","width":1920,"height":1080,"caption":"Quebakan.com"},"image":{"@id":"https:\/\/www.quebakan.com\/v15\/#\/schema\/logo\/image\/"},"sameAs":["http:\/\/www.facebook.com\/quebakan","https:\/\/x.com\/quebakanec","http:\/\/www.instagram.com\/quebakan","http:\/\/www.youtube.com\/quebakan1"]},{"@type":"Person","@id":"https:\/\/www.quebakan.com\/v15\/#\/schema\/person\/d90fa9f9cfa81eb8ace9811e5b7b9118","name":"Erick Villafuerte","image":{"@type":"ImageObject","inLanguage":"es","@id":"https:\/\/www.quebakan.com\/v15\/wp-content\/uploads\/avatars\/4\/1731297654-bpfull.png","url":"https:\/\/www.quebakan.com\/v15\/wp-content\/uploads\/avatars\/4\/1731297654-bpfull.png","contentUrl":"https:\/\/www.quebakan.com\/v15\/wp-content\/uploads\/avatars\/4\/1731297654-bpfull.png","caption":"Erick Villafuerte"}}]}},"_links":{"self":[{"href":"https:\/\/www.quebakan.com\/v15\/wp-json\/wp\/v2\/posts\/139228","targetHints":{"allow":["GET"]}}],"collection":[{"href":"https:\/\/www.quebakan.com\/v15\/wp-json\/wp\/v2\/posts"}],"about":[{"href":"https:\/\/www.quebakan.com\/v15\/wp-json\/wp\/v2\/types\/post"}],"author":[{"embeddable":true,"href":"https:\/\/www.quebakan.com\/v15\/wp-json\/wp\/v2\/users\/4"}],"replies":[{"embeddable":true,"href":"https:\/\/www.quebakan.com\/v15\/wp-json\/wp\/v2\/comments?post=139228"}],"version-history":[{"count":1,"href":"https:\/\/www.quebakan.com\/v15\/wp-json\/wp\/v2\/posts\/139228\/revisions"}],"predecessor-version":[{"id":139231,"href":"https:\/\/www.quebakan.com\/v15\/wp-json\/wp\/v2\/posts\/139228\/revisions\/139231"}],"wp:featuredmedia":[{"embeddable":true,"href":"https:\/\/www.quebakan.com\/v15\/wp-json\/wp\/v2\/media\/139229"}],"wp:attachment":[{"href":"https:\/\/www.quebakan.com\/v15\/wp-json\/wp\/v2\/media?parent=139228"}],"wp:term":[{"taxonomy":"category","embeddable":true,"href":"https:\/\/www.quebakan.com\/v15\/wp-json\/wp\/v2\/categories?post=139228"},{"taxonomy":"post_tag","embeddable":true,"href":"https:\/\/www.quebakan.com\/v15\/wp-json\/wp\/v2\/tags?post=139228"}],"curies":[{"name":"wp","href":"https:\/\/api.w.org\/{rel}","templated":true}]}}