{"id":139241,"date":"2026-01-22T00:21:06","date_gmt":"2026-01-22T05:21:06","guid":{"rendered":"https:\/\/www.quebakan.com\/v15\/?p=139241"},"modified":"2026-01-22T00:21:06","modified_gmt":"2026-01-22T05:21:06","slug":"la-fibra-un-aliado-clave-para-la-digestion-la-saciedad-y-la-salud-metabolica","status":"publish","type":"post","link":"https:\/\/www.quebakan.com\/v15\/la-fibra-un-aliado-clave-para-la-digestion-la-saciedad-y-la-salud-metabolica\/","title":{"rendered":"La fibra: un aliado clave para la  digesti\u00f3n, la saciedad y la salud metab\u00f3lica"},"content":{"rendered":"<p><img fetchpriority=\"high\" decoding=\"async\" class=\"aligncenter size-full wp-image-139242\" src=\"https:\/\/www.quebakan.com\/v15\/wp-content\/uploads\/2026\/01\/Preparacio\u0301n-Avena.jpg\" alt=\"\" width=\"700\" height=\"422\" \/><\/p>\n<p style=\"text-align: justify;\"><span style=\"color: #000000;\">Peque\u00f1os ajustes en la alimentaci\u00f3n cotidiana pueden generar impactos significativos en la salud. Uno de ellos es la incorporaci\u00f3n regular de fibra, un nutriente que, aunque muchas veces pasa desapercibido, cumple un rol clave en la digesti\u00f3n, la sensaci\u00f3n de saciedad y el equilibrio metab\u00f3lico.<\/span><\/p>\n<p style=\"text-align: justify;\"><span style=\"color: #000000;\">En la pr\u00e1ctica, estos cambios no siempre se perciben de inmediato. Sin embargo, con el tiempo, el cuerpo comienza a responder: digestiones m\u00e1s ligeras, menos pesadez y niveles de energ\u00eda m\u00e1s estables a lo largo del d\u00eda. La fibra no solo acompa\u00f1a el funcionamiento del sistema digestivo, sino que tambi\u00e9n influye en la forma en que el organismo regula el az\u00facar y las grasas en la sangre.<\/span><\/p>\n<p style=\"text-align: justify;\"><span style=\"color: #000000;\">La fibra se encuentra exclusivamente en alimentos de origen vegetal y se caracteriza por no ser digerida por el cuerpo. Precisamente ah\u00ed radica su valor. \u201c<em>Al avanzar por el sistema digestivo, la fibra ayuda a que el intestino funcione mejor y favorece un tr\u00e1nsito regular. Adem\u00e1s, hace que la absorci\u00f3n de los az\u00facares sea m\u00e1s lenta y gradual, lo que contribuye a un mejor control de la glucosa en sangre<\/em>\u201d, explica Mar\u00eda Bel\u00e9n Andrade, nutricionista cl\u00ednica de Moderna Alimentos.<\/span><\/p>\n<p style=\"text-align: justify;\"><span style=\"color: #000000;\">Con esta base clara, la experta destaca 3 beneficios del consumo frecuente de fibra en diversas presentaciones:<\/span><\/p>\n<ul style=\"text-align: justify;\">\n<li><span style=\"color: #000000;\"><strong>Digesti\u00f3n m\u00e1s regular.<\/strong> El estre\u00f1imiento es com\u00fan y, muchas veces, se normaliza. Una ingesta adecuada de fibra favorece el tr\u00e1nsito intestinal y la eliminaci\u00f3n de desechos, lo que suele traducirse en menos pesadez y m\u00e1s bienestar.<\/span><\/li>\n<li><span style=\"color: #000000;\"><strong>Saciedad que dura.<\/strong> La fibra hace que la comida se digiera m\u00e1s lento. As\u00ed, los carbohidratos entran poco a poco al cuerpo y el az\u00facar en la sangre no sube ni baja de repente. Eso ayuda a generar energ\u00eda m\u00e1s pareja y a que el hambre o los antojos no aparezcan tan r\u00e1pido.<\/span><\/li>\n<li><span style=\"color: #000000;\"><strong>Apoyo metab\u00f3lico.<\/strong> Este nutriente ayuda a que el cuerpo maneje mejor el colesterol, los triglic\u00e9ridos y el az\u00facar en la sangre. En especial, al mezclarse con l\u00edquidos, se vuelve como una \u201cgelatina\u201d dentro del intestino y eso hace que el cuerpo absorba las grasas y el az\u00facar m\u00e1s despacio, ayudando a mantener niveles m\u00e1s estables.<\/span><\/li>\n<\/ul>\n<p style=\"text-align: justify;\"><span style=\"color: #000000;\"><strong>Entonces, \u00bfcu\u00e1ndo es ideal consumir fibra?<\/strong><\/span><\/p>\n<p style=\"text-align: justify;\"><span style=\"color: #000000;\">Aunque se puede incorporarla en distintas comidas, el <strong>desayuno<\/strong> suele ser el momento m\u00e1s pr\u00e1ctico para empezar, especialmente cuando el tiempo es corto y se necesita una opci\u00f3n f\u00e1cil de sostener. En ese contexto, la avena funciona como una base vers\u00e1til puesto que se adapta a preparaciones r\u00e1pidas y combina bien con frutas, semillas, l\u00e1cteos o prote\u00ednas.<\/span><\/p>\n<p style=\"text-align: justify;\"><span style=\"color: #000000;\">Desde esta l\u00f3gica, productos como <strong>Avena Ya<\/strong> pueden integrarse como un apoyo cotidiano, al aportar fibra soluble de manera pr\u00e1ctica y vers\u00e1til, sin exigir cambios dr\u00e1sticos en la rutina. Su valor est\u00e1 en que se adapta con facilidad a distintos estilos de vida y momentos del d\u00eda, ayudando a sostener decisiones m\u00e1s equilibradas a partir de peque\u00f1os h\u00e1bitos consistentes, con una opci\u00f3n simple que acompa\u00f1a el ritmo real de las personas.<\/span><\/p>\n<p style=\"text-align: justify;\"><span style=\"color: #000000;\">\u201c<em>Cuando la fibra se incluye desde temprano, es m\u00e1s f\u00e1cil llegar a la cantidad diaria recomendada. Y si se combina con prote\u00edna y grasas saludables, el desayuno no solo llena, tambi\u00e9n ayuda a mantener la glucosa m\u00e1s estable durante la ma\u00f1ana<\/em>\u201d, a\u00f1ade Andrade.<\/span><\/p>\n<p style=\"text-align: justify;\"><span style=\"color: #000000;\">En la pr\u00e1ctica, estas combinaciones funcionan porque siguen una f\u00f3rmula f\u00e1cil de aplicar: <strong>fibra soluble (avena) + volumen y micronutrientes (fruta) + grasas saludables y fibra extra (semillas) + prote\u00edna (huevos o suplemento)<\/strong>. As\u00ed, el desayuno no se queda solo en una preparaci\u00f3n r\u00e1pida, sino que se convierte en una base que acompa\u00f1a mejor el resto del d\u00eda.<\/span><\/p>\n<p style=\"text-align: justify;\"><span style=\"color: #000000;\"><strong>La experta recomienda varias ideas r\u00e1pidas con Avena Ya:<\/strong><\/span><\/p>\n<p style=\"text-align: justify;\"><span style=\"color: #000000;\"><strong>Avena Ya + fruta + semillas (ch\u00eda o linaza) + 2 huevos.<\/strong><\/span><\/p>\n<p style=\"text-align: justify;\"><span style=\"color: #000000;\">Esta combinaci\u00f3n es perfecta, ya que la avena aporta fibra soluble; la fruta suma volumen y nutrientes; las semillas a\u00f1aden fibra extra y grasas saludables; y los huevos aportan prote\u00edna para que la saciedad dure m\u00e1s.<\/span><\/p>\n<p style=\"text-align: justify;\"><span style=\"color: #000000;\"><strong>Waffles o pancakes de avena con fruta y una prote\u00edna adicional.<\/strong><\/span><\/p>\n<p style=\"text-align: justify;\"><span style=\"color: #000000;\">Mantienen la misma base de fibra, pero en un formato diferente, ideal para variar sin complicarse. La prote\u00edna adicional refuerza la saciedad y ayuda a sostener energ\u00eda durante la ma\u00f1ana.<\/span><\/p>\n<p style=\"text-align: justify;\"><span style=\"color: #000000;\"><strong>Avena trasnochada (overnight) con suplemento de prote\u00edna.<\/strong><\/span><\/p>\n<p style=\"text-align: justify;\"><span style=\"color: #000000;\">Es una opci\u00f3n pr\u00e1ctica para dejar lista la noche anterior. La fibra de la avena y la prote\u00edna trabajan en conjunto para que el desayuno sea m\u00e1s estable y consistente, incluso en d\u00edas con poco tiempo.<\/span><\/p>\n<p style=\"text-align: justify;\"><span style=\"color: #000000;\">M\u00e1s que \u201ccompensar\u201d un d\u00eda o buscar cambios dr\u00e1sticos, la fibra funciona mejor cuando se vuelve h\u00e1bito. Por eso, entender qu\u00e9 es y por qu\u00e9 importa ayuda a tomar decisiones m\u00e1s consistentes. La fibra aporta beneficios concretos para la digesti\u00f3n, la saciedad y el metabolismo, pero su efecto se potencia cuando se consume con regularidad. Elegir opciones pr\u00e1cticas como <strong>Avena Ya<\/strong>, que aporta fibra soluble y se adapta a preparaciones r\u00e1pidas, facilita que el h\u00e1bito sea sostenible en el tiempo.<\/span><\/p>\n<p><img decoding=\"async\" class=\"aligncenter size-full wp-image-139243\" src=\"https:\/\/www.quebakan.com\/v15\/wp-content\/uploads\/2026\/01\/Desayuno.jpg\" alt=\"\" width=\"463\" height=\"700\" \/><\/p>\n","protected":false},"excerpt":{"rendered":"<p>Peque\u00f1os ajustes en la alimentaci\u00f3n cotidiana pueden generar impactos significativos en la salud. Uno de ellos es la incorporaci\u00f3n regular de fibra, un nutriente que, aunque muchas veces pasa desapercibido, cumple un rol clave en la digesti\u00f3n, la sensaci\u00f3n de saciedad y el equilibrio metab\u00f3lico. En la pr\u00e1ctica, estos cambios no siempre se perciben de [&hellip;]<\/p>\n","protected":false},"author":4,"featured_media":139243,"comment_status":"closed","ping_status":"closed","sticky":false,"template":"","format":"standard","meta":{"_bbp_topic_count":0,"_bbp_reply_count":0,"_bbp_total_topic_count":0,"_bbp_total_reply_count":0,"_bbp_voice_count":0,"_bbp_anonymous_reply_count":0,"_bbp_topic_count_hidden":0,"_bbp_reply_count_hidden":0,"_bbp_forum_subforum_count":0,"buzzeditor_post_format":"","footnotes":""},"categories":[2],"tags":[],"class_list":["post-139241","post","type-post","status-publish","format-standard","has-post-thumbnail","hentry","category-noticias"],"yoast_head":"<!-- This site is optimized with the Yoast SEO plugin v27.5 - https:\/\/yoast.com\/product\/yoast-seo-wordpress\/ -->\n<title>La fibra: un aliado clave para la digesti\u00f3n, la saciedad y la salud metab\u00f3lica &#8211; QUEBAKAN.COM 2026: Noticias, Eventos, Conciertos y mucho m\u00e1s....<\/title>\n<meta name=\"robots\" content=\"index, follow, max-snippet:-1, max-image-preview:large, max-video-preview:-1\" \/>\n<link rel=\"canonical\" href=\"https:\/\/www.quebakan.com\/v15\/la-fibra-un-aliado-clave-para-la-digestion-la-saciedad-y-la-salud-metabolica\/\" \/>\n<meta property=\"og:locale\" content=\"es_ES\" \/>\n<meta property=\"og:type\" content=\"article\" \/>\n<meta property=\"og:title\" content=\"La fibra: un aliado clave para la digesti\u00f3n, la saciedad y la salud metab\u00f3lica &#8211; QUEBAKAN.COM 2026: Noticias, Eventos, Conciertos y mucho m\u00e1s....\" \/>\n<meta property=\"og:description\" content=\"Peque\u00f1os ajustes en la alimentaci\u00f3n cotidiana pueden generar impactos significativos en la salud. Uno de ellos es la incorporaci\u00f3n regular de fibra, un nutriente que, aunque muchas veces pasa desapercibido, cumple un rol clave en la digesti\u00f3n, la sensaci\u00f3n de saciedad y el equilibrio metab\u00f3lico. En la pr\u00e1ctica, estos cambios no siempre se perciben de [&hellip;]\" \/>\n<meta property=\"og:url\" content=\"https:\/\/www.quebakan.com\/v15\/la-fibra-un-aliado-clave-para-la-digestion-la-saciedad-y-la-salud-metabolica\/\" \/>\n<meta property=\"og:site_name\" content=\"QUEBAKAN.COM 2026: Noticias, Eventos, Conciertos y mucho m\u00e1s....\" \/>\n<meta property=\"article:publisher\" content=\"http:\/\/www.facebook.com\/quebakan\" \/>\n<meta property=\"article:published_time\" content=\"2026-01-22T05:21:06+00:00\" \/>\n<meta property=\"og:image\" content=\"https:\/\/www.quebakan.com\/v15\/wp-content\/uploads\/2026\/01\/Desayuno.jpg\" \/>\n\t<meta property=\"og:image:width\" content=\"463\" \/>\n\t<meta property=\"og:image:height\" content=\"700\" \/>\n\t<meta property=\"og:image:type\" content=\"image\/jpeg\" \/>\n<meta name=\"author\" content=\"Erick Villafuerte\" \/>\n<meta name=\"twitter:card\" content=\"summary_large_image\" \/>\n<meta name=\"twitter:creator\" content=\"@quebakanec\" \/>\n<meta name=\"twitter:site\" content=\"@quebakanec\" \/>\n<meta name=\"twitter:label1\" content=\"Escrito por\" \/>\n\t<meta name=\"twitter:data1\" content=\"Erick Villafuerte\" \/>\n\t<meta name=\"twitter:label2\" content=\"Tiempo de lectura\" \/>\n\t<meta name=\"twitter:data2\" content=\"5 minutos\" \/>\n<script type=\"application\/ld+json\" class=\"yoast-schema-graph\">{\"@context\":\"https:\\\/\\\/schema.org\",\"@graph\":[{\"@type\":\"Article\",\"@id\":\"https:\\\/\\\/www.quebakan.com\\\/v15\\\/la-fibra-un-aliado-clave-para-la-digestion-la-saciedad-y-la-salud-metabolica\\\/#article\",\"isPartOf\":{\"@id\":\"https:\\\/\\\/www.quebakan.com\\\/v15\\\/la-fibra-un-aliado-clave-para-la-digestion-la-saciedad-y-la-salud-metabolica\\\/\"},\"author\":{\"name\":\"Erick Villafuerte\",\"@id\":\"https:\\\/\\\/www.quebakan.com\\\/v15\\\/#\\\/schema\\\/person\\\/d90fa9f9cfa81eb8ace9811e5b7b9118\"},\"headline\":\"La fibra: un aliado clave para la digesti\u00f3n, la saciedad y la salud metab\u00f3lica\",\"datePublished\":\"2026-01-22T05:21:06+00:00\",\"mainEntityOfPage\":{\"@id\":\"https:\\\/\\\/www.quebakan.com\\\/v15\\\/la-fibra-un-aliado-clave-para-la-digestion-la-saciedad-y-la-salud-metabolica\\\/\"},\"wordCount\":916,\"publisher\":{\"@id\":\"https:\\\/\\\/www.quebakan.com\\\/v15\\\/#organization\"},\"image\":{\"@id\":\"https:\\\/\\\/www.quebakan.com\\\/v15\\\/la-fibra-un-aliado-clave-para-la-digestion-la-saciedad-y-la-salud-metabolica\\\/#primaryimage\"},\"thumbnailUrl\":\"https:\\\/\\\/www.quebakan.com\\\/v15\\\/wp-content\\\/uploads\\\/2026\\\/01\\\/Desayuno.jpg\",\"articleSection\":[\"Noticias\"],\"inLanguage\":\"es\"},{\"@type\":\"WebPage\",\"@id\":\"https:\\\/\\\/www.quebakan.com\\\/v15\\\/la-fibra-un-aliado-clave-para-la-digestion-la-saciedad-y-la-salud-metabolica\\\/\",\"url\":\"https:\\\/\\\/www.quebakan.com\\\/v15\\\/la-fibra-un-aliado-clave-para-la-digestion-la-saciedad-y-la-salud-metabolica\\\/\",\"name\":\"La fibra: un aliado clave para la digesti\u00f3n, la saciedad y la salud metab\u00f3lica &#8211; QUEBAKAN.COM 2026: Noticias, Eventos, Conciertos y mucho m\u00e1s....\",\"isPartOf\":{\"@id\":\"https:\\\/\\\/www.quebakan.com\\\/v15\\\/#website\"},\"primaryImageOfPage\":{\"@id\":\"https:\\\/\\\/www.quebakan.com\\\/v15\\\/la-fibra-un-aliado-clave-para-la-digestion-la-saciedad-y-la-salud-metabolica\\\/#primaryimage\"},\"image\":{\"@id\":\"https:\\\/\\\/www.quebakan.com\\\/v15\\\/la-fibra-un-aliado-clave-para-la-digestion-la-saciedad-y-la-salud-metabolica\\\/#primaryimage\"},\"thumbnailUrl\":\"https:\\\/\\\/www.quebakan.com\\\/v15\\\/wp-content\\\/uploads\\\/2026\\\/01\\\/Desayuno.jpg\",\"datePublished\":\"2026-01-22T05:21:06+00:00\",\"breadcrumb\":{\"@id\":\"https:\\\/\\\/www.quebakan.com\\\/v15\\\/la-fibra-un-aliado-clave-para-la-digestion-la-saciedad-y-la-salud-metabolica\\\/#breadcrumb\"},\"inLanguage\":\"es\",\"potentialAction\":[{\"@type\":\"ReadAction\",\"target\":[\"https:\\\/\\\/www.quebakan.com\\\/v15\\\/la-fibra-un-aliado-clave-para-la-digestion-la-saciedad-y-la-salud-metabolica\\\/\"]}]},{\"@type\":\"ImageObject\",\"inLanguage\":\"es\",\"@id\":\"https:\\\/\\\/www.quebakan.com\\\/v15\\\/la-fibra-un-aliado-clave-para-la-digestion-la-saciedad-y-la-salud-metabolica\\\/#primaryimage\",\"url\":\"https:\\\/\\\/www.quebakan.com\\\/v15\\\/wp-content\\\/uploads\\\/2026\\\/01\\\/Desayuno.jpg\",\"contentUrl\":\"https:\\\/\\\/www.quebakan.com\\\/v15\\\/wp-content\\\/uploads\\\/2026\\\/01\\\/Desayuno.jpg\",\"width\":463,\"height\":700},{\"@type\":\"BreadcrumbList\",\"@id\":\"https:\\\/\\\/www.quebakan.com\\\/v15\\\/la-fibra-un-aliado-clave-para-la-digestion-la-saciedad-y-la-salud-metabolica\\\/#breadcrumb\",\"itemListElement\":[{\"@type\":\"ListItem\",\"position\":1,\"name\":\"Portada\",\"item\":\"https:\\\/\\\/www.quebakan.com\\\/v15\\\/\"},{\"@type\":\"ListItem\",\"position\":2,\"name\":\"La fibra: un aliado clave para la digesti\u00f3n, la saciedad y la salud metab\u00f3lica\"}]},{\"@type\":\"WebSite\",\"@id\":\"https:\\\/\\\/www.quebakan.com\\\/v15\\\/#website\",\"url\":\"https:\\\/\\\/www.quebakan.com\\\/v15\\\/\",\"name\":\"QUEBAKAN\",\"description\":\"..\",\"publisher\":{\"@id\":\"https:\\\/\\\/www.quebakan.com\\\/v15\\\/#organization\"},\"potentialAction\":[{\"@type\":\"SearchAction\",\"target\":{\"@type\":\"EntryPoint\",\"urlTemplate\":\"https:\\\/\\\/www.quebakan.com\\\/v15\\\/?s={search_term_string}\"},\"query-input\":{\"@type\":\"PropertyValueSpecification\",\"valueRequired\":true,\"valueName\":\"search_term_string\"}}],\"inLanguage\":\"es\"},{\"@type\":\"Organization\",\"@id\":\"https:\\\/\\\/www.quebakan.com\\\/v15\\\/#organization\",\"name\":\"Quebakan.com\",\"url\":\"https:\\\/\\\/www.quebakan.com\\\/v15\\\/\",\"logo\":{\"@type\":\"ImageObject\",\"inLanguage\":\"es\",\"@id\":\"https:\\\/\\\/www.quebakan.com\\\/v15\\\/#\\\/schema\\\/logo\\\/image\\\/\",\"url\":\"https:\\\/\\\/www.quebakan.com\\\/v15\\\/wp-content\\\/uploads\\\/2023\\\/07\\\/logoquebakanenero2021.jpg\",\"contentUrl\":\"https:\\\/\\\/www.quebakan.com\\\/v15\\\/wp-content\\\/uploads\\\/2023\\\/07\\\/logoquebakanenero2021.jpg\",\"width\":1920,\"height\":1080,\"caption\":\"Quebakan.com\"},\"image\":{\"@id\":\"https:\\\/\\\/www.quebakan.com\\\/v15\\\/#\\\/schema\\\/logo\\\/image\\\/\"},\"sameAs\":[\"http:\\\/\\\/www.facebook.com\\\/quebakan\",\"https:\\\/\\\/x.com\\\/quebakanec\",\"http:\\\/\\\/www.instagram.com\\\/quebakan\",\"http:\\\/\\\/www.youtube.com\\\/quebakan1\"]},{\"@type\":\"Person\",\"@id\":\"https:\\\/\\\/www.quebakan.com\\\/v15\\\/#\\\/schema\\\/person\\\/d90fa9f9cfa81eb8ace9811e5b7b9118\",\"name\":\"Erick Villafuerte\",\"image\":{\"@type\":\"ImageObject\",\"inLanguage\":\"es\",\"@id\":\"https:\\\/\\\/www.quebakan.com\\\/v15\\\/wp-content\\\/uploads\\\/avatars\\\/4\\\/1731297654-bpfull.png\",\"url\":\"https:\\\/\\\/www.quebakan.com\\\/v15\\\/wp-content\\\/uploads\\\/avatars\\\/4\\\/1731297654-bpfull.png\",\"contentUrl\":\"https:\\\/\\\/www.quebakan.com\\\/v15\\\/wp-content\\\/uploads\\\/avatars\\\/4\\\/1731297654-bpfull.png\",\"caption\":\"Erick Villafuerte\"}}]}<\/script>\n<!-- \/ Yoast SEO plugin. -->","yoast_head_json":{"title":"La fibra: un aliado clave para la digesti\u00f3n, la saciedad y la salud metab\u00f3lica &#8211; QUEBAKAN.COM 2026: Noticias, Eventos, Conciertos y mucho m\u00e1s....","robots":{"index":"index","follow":"follow","max-snippet":"max-snippet:-1","max-image-preview":"max-image-preview:large","max-video-preview":"max-video-preview:-1"},"canonical":"https:\/\/www.quebakan.com\/v15\/la-fibra-un-aliado-clave-para-la-digestion-la-saciedad-y-la-salud-metabolica\/","og_locale":"es_ES","og_type":"article","og_title":"La fibra: un aliado clave para la digesti\u00f3n, la saciedad y la salud metab\u00f3lica &#8211; QUEBAKAN.COM 2026: Noticias, Eventos, Conciertos y mucho m\u00e1s....","og_description":"Peque\u00f1os ajustes en la alimentaci\u00f3n cotidiana pueden generar impactos significativos en la salud. Uno de ellos es la incorporaci\u00f3n regular de fibra, un nutriente que, aunque muchas veces pasa desapercibido, cumple un rol clave en la digesti\u00f3n, la sensaci\u00f3n de saciedad y el equilibrio metab\u00f3lico. En la pr\u00e1ctica, estos cambios no siempre se perciben de [&hellip;]","og_url":"https:\/\/www.quebakan.com\/v15\/la-fibra-un-aliado-clave-para-la-digestion-la-saciedad-y-la-salud-metabolica\/","og_site_name":"QUEBAKAN.COM 2026: Noticias, Eventos, Conciertos y mucho m\u00e1s....","article_publisher":"http:\/\/www.facebook.com\/quebakan","article_published_time":"2026-01-22T05:21:06+00:00","og_image":[{"width":463,"height":700,"url":"https:\/\/www.quebakan.com\/v15\/wp-content\/uploads\/2026\/01\/Desayuno.jpg","type":"image\/jpeg"}],"author":"Erick Villafuerte","twitter_card":"summary_large_image","twitter_creator":"@quebakanec","twitter_site":"@quebakanec","twitter_misc":{"Escrito por":"Erick Villafuerte","Tiempo de lectura":"5 minutos"},"schema":{"@context":"https:\/\/schema.org","@graph":[{"@type":"Article","@id":"https:\/\/www.quebakan.com\/v15\/la-fibra-un-aliado-clave-para-la-digestion-la-saciedad-y-la-salud-metabolica\/#article","isPartOf":{"@id":"https:\/\/www.quebakan.com\/v15\/la-fibra-un-aliado-clave-para-la-digestion-la-saciedad-y-la-salud-metabolica\/"},"author":{"name":"Erick Villafuerte","@id":"https:\/\/www.quebakan.com\/v15\/#\/schema\/person\/d90fa9f9cfa81eb8ace9811e5b7b9118"},"headline":"La fibra: un aliado clave para la digesti\u00f3n, la saciedad y la salud metab\u00f3lica","datePublished":"2026-01-22T05:21:06+00:00","mainEntityOfPage":{"@id":"https:\/\/www.quebakan.com\/v15\/la-fibra-un-aliado-clave-para-la-digestion-la-saciedad-y-la-salud-metabolica\/"},"wordCount":916,"publisher":{"@id":"https:\/\/www.quebakan.com\/v15\/#organization"},"image":{"@id":"https:\/\/www.quebakan.com\/v15\/la-fibra-un-aliado-clave-para-la-digestion-la-saciedad-y-la-salud-metabolica\/#primaryimage"},"thumbnailUrl":"https:\/\/www.quebakan.com\/v15\/wp-content\/uploads\/2026\/01\/Desayuno.jpg","articleSection":["Noticias"],"inLanguage":"es"},{"@type":"WebPage","@id":"https:\/\/www.quebakan.com\/v15\/la-fibra-un-aliado-clave-para-la-digestion-la-saciedad-y-la-salud-metabolica\/","url":"https:\/\/www.quebakan.com\/v15\/la-fibra-un-aliado-clave-para-la-digestion-la-saciedad-y-la-salud-metabolica\/","name":"La fibra: un aliado clave para la digesti\u00f3n, la saciedad y la salud metab\u00f3lica &#8211; QUEBAKAN.COM 2026: Noticias, Eventos, Conciertos y mucho m\u00e1s....","isPartOf":{"@id":"https:\/\/www.quebakan.com\/v15\/#website"},"primaryImageOfPage":{"@id":"https:\/\/www.quebakan.com\/v15\/la-fibra-un-aliado-clave-para-la-digestion-la-saciedad-y-la-salud-metabolica\/#primaryimage"},"image":{"@id":"https:\/\/www.quebakan.com\/v15\/la-fibra-un-aliado-clave-para-la-digestion-la-saciedad-y-la-salud-metabolica\/#primaryimage"},"thumbnailUrl":"https:\/\/www.quebakan.com\/v15\/wp-content\/uploads\/2026\/01\/Desayuno.jpg","datePublished":"2026-01-22T05:21:06+00:00","breadcrumb":{"@id":"https:\/\/www.quebakan.com\/v15\/la-fibra-un-aliado-clave-para-la-digestion-la-saciedad-y-la-salud-metabolica\/#breadcrumb"},"inLanguage":"es","potentialAction":[{"@type":"ReadAction","target":["https:\/\/www.quebakan.com\/v15\/la-fibra-un-aliado-clave-para-la-digestion-la-saciedad-y-la-salud-metabolica\/"]}]},{"@type":"ImageObject","inLanguage":"es","@id":"https:\/\/www.quebakan.com\/v15\/la-fibra-un-aliado-clave-para-la-digestion-la-saciedad-y-la-salud-metabolica\/#primaryimage","url":"https:\/\/www.quebakan.com\/v15\/wp-content\/uploads\/2026\/01\/Desayuno.jpg","contentUrl":"https:\/\/www.quebakan.com\/v15\/wp-content\/uploads\/2026\/01\/Desayuno.jpg","width":463,"height":700},{"@type":"BreadcrumbList","@id":"https:\/\/www.quebakan.com\/v15\/la-fibra-un-aliado-clave-para-la-digestion-la-saciedad-y-la-salud-metabolica\/#breadcrumb","itemListElement":[{"@type":"ListItem","position":1,"name":"Portada","item":"https:\/\/www.quebakan.com\/v15\/"},{"@type":"ListItem","position":2,"name":"La fibra: un aliado clave para la digesti\u00f3n, la saciedad y la salud metab\u00f3lica"}]},{"@type":"WebSite","@id":"https:\/\/www.quebakan.com\/v15\/#website","url":"https:\/\/www.quebakan.com\/v15\/","name":"QUEBAKAN","description":"..","publisher":{"@id":"https:\/\/www.quebakan.com\/v15\/#organization"},"potentialAction":[{"@type":"SearchAction","target":{"@type":"EntryPoint","urlTemplate":"https:\/\/www.quebakan.com\/v15\/?s={search_term_string}"},"query-input":{"@type":"PropertyValueSpecification","valueRequired":true,"valueName":"search_term_string"}}],"inLanguage":"es"},{"@type":"Organization","@id":"https:\/\/www.quebakan.com\/v15\/#organization","name":"Quebakan.com","url":"https:\/\/www.quebakan.com\/v15\/","logo":{"@type":"ImageObject","inLanguage":"es","@id":"https:\/\/www.quebakan.com\/v15\/#\/schema\/logo\/image\/","url":"https:\/\/www.quebakan.com\/v15\/wp-content\/uploads\/2023\/07\/logoquebakanenero2021.jpg","contentUrl":"https:\/\/www.quebakan.com\/v15\/wp-content\/uploads\/2023\/07\/logoquebakanenero2021.jpg","width":1920,"height":1080,"caption":"Quebakan.com"},"image":{"@id":"https:\/\/www.quebakan.com\/v15\/#\/schema\/logo\/image\/"},"sameAs":["http:\/\/www.facebook.com\/quebakan","https:\/\/x.com\/quebakanec","http:\/\/www.instagram.com\/quebakan","http:\/\/www.youtube.com\/quebakan1"]},{"@type":"Person","@id":"https:\/\/www.quebakan.com\/v15\/#\/schema\/person\/d90fa9f9cfa81eb8ace9811e5b7b9118","name":"Erick Villafuerte","image":{"@type":"ImageObject","inLanguage":"es","@id":"https:\/\/www.quebakan.com\/v15\/wp-content\/uploads\/avatars\/4\/1731297654-bpfull.png","url":"https:\/\/www.quebakan.com\/v15\/wp-content\/uploads\/avatars\/4\/1731297654-bpfull.png","contentUrl":"https:\/\/www.quebakan.com\/v15\/wp-content\/uploads\/avatars\/4\/1731297654-bpfull.png","caption":"Erick Villafuerte"}}]}},"_links":{"self":[{"href":"https:\/\/www.quebakan.com\/v15\/wp-json\/wp\/v2\/posts\/139241","targetHints":{"allow":["GET"]}}],"collection":[{"href":"https:\/\/www.quebakan.com\/v15\/wp-json\/wp\/v2\/posts"}],"about":[{"href":"https:\/\/www.quebakan.com\/v15\/wp-json\/wp\/v2\/types\/post"}],"author":[{"embeddable":true,"href":"https:\/\/www.quebakan.com\/v15\/wp-json\/wp\/v2\/users\/4"}],"replies":[{"embeddable":true,"href":"https:\/\/www.quebakan.com\/v15\/wp-json\/wp\/v2\/comments?post=139241"}],"version-history":[{"count":1,"href":"https:\/\/www.quebakan.com\/v15\/wp-json\/wp\/v2\/posts\/139241\/revisions"}],"predecessor-version":[{"id":139244,"href":"https:\/\/www.quebakan.com\/v15\/wp-json\/wp\/v2\/posts\/139241\/revisions\/139244"}],"wp:featuredmedia":[{"embeddable":true,"href":"https:\/\/www.quebakan.com\/v15\/wp-json\/wp\/v2\/media\/139243"}],"wp:attachment":[{"href":"https:\/\/www.quebakan.com\/v15\/wp-json\/wp\/v2\/media?parent=139241"}],"wp:term":[{"taxonomy":"category","embeddable":true,"href":"https:\/\/www.quebakan.com\/v15\/wp-json\/wp\/v2\/categories?post=139241"},{"taxonomy":"post_tag","embeddable":true,"href":"https:\/\/www.quebakan.com\/v15\/wp-json\/wp\/v2\/tags?post=139241"}],"curies":[{"name":"wp","href":"https:\/\/api.w.org\/{rel}","templated":true}]}}