{"id":139248,"date":"2026-01-22T00:38:07","date_gmt":"2026-01-22T05:38:07","guid":{"rendered":"https:\/\/www.quebakan.com\/v15\/?p=139248"},"modified":"2026-01-22T00:38:07","modified_gmt":"2026-01-22T05:38:07","slug":"5-claves-para-fortalecer-la-piel-y-sostener-el-bienestar-en-el-inicio-del-2026","status":"publish","type":"post","link":"https:\/\/www.quebakan.com\/v15\/5-claves-para-fortalecer-la-piel-y-sostener-el-bienestar-en-el-inicio-del-2026\/","title":{"rendered":"5 claves para fortalecer la piel y sostener el bienestar en el inicio del 2026"},"content":{"rendered":"<p><img fetchpriority=\"high\" decoding=\"async\" class=\"aligncenter size-full wp-image-139249\" src=\"https:\/\/www.quebakan.com\/v15\/wp-content\/uploads\/2026\/01\/260119_Contenido-AVON_-Enero.jpg\" alt=\"\" width=\"560\" height=\"700\" \/><\/p>\n<ul>\n<li style=\"text-align: justify;\"><span style=\"color: #000000;\"><em>Con el ritmo del a\u00f1o ya en marcha, enero es el momento ideal para ajustar h\u00e1bitos y consolidar una rutina de cuidado de la piel simple, efectiva y consciente.<\/em><\/span><\/li>\n<\/ul>\n<p style=\"text-align: justify;\"><span style=\"color: #000000;\"><strong>Quito, enero de 2026.<\/strong> Con el a\u00f1o ya en marcha, muchas personas comienzan a retomar rutinas, horarios y h\u00e1bitos m\u00e1s estables. En este proceso, la piel suele reflejar la necesidad de atenci\u00f3n: sensaci\u00f3n de resequedad, menor luminosidad o cansancio tanto en el rostro como en el cuerpo. M\u00e1s que pensar en cambios dr\u00e1sticos, este momento invita a fortalecer h\u00e1bitos b\u00e1sicos y constantes que acompa\u00f1en su equilibrio natural.<\/span><\/p>\n<p style=\"text-align: justify;\"><span style=\"color: #000000;\">Enero nos invita a empezar de nuevo, y nuestra piel no es la excepci\u00f3n. Es el momento de devolverle su equilibrio, hidratarla y nutrirla con consciencia, convirtiendo cada gesto de cuidado en un peque\u00f1o ritual que nos llene de energ\u00eda para este 2026<\/span><\/p>\n<p style=\"text-align: justify;\"><span style=\"color: #000000;\">Desde su experiencia en bienestar y cuidado de la piel, <strong>Avon comparte una gu\u00eda pr\u00e1ctica para consolidar una rutina simple y efectiva durante las primeras semanas del a\u00f1o<\/strong>, priorizando la calidad de los productos y la constancia en su aplicaci\u00f3n.<\/span><\/p>\n<p style=\"text-align: justify;\"><strong><span style=\"color: #000000;\">1.\u00a0\u00a0\u00a0\u00a0 Limpieza diaria: la base de una piel equilibrada<\/span><\/strong><\/p>\n<p style=\"text-align: justify;\"><span style=\"color: #000000;\">La limpieza sigue siendo el primer paso para mantener la piel en buen estado. Retirar maquillaje, impurezas y residuos acumulados durante el d\u00eda permite que la piel se sienta fresca y preparada para recibir hidrataci\u00f3n y tratamiento.<\/span><\/p>\n<p style=\"text-align: justify;\"><span style=\"color: #000000;\">Peque\u00f1os h\u00e1bitos hacen una gran diferencia: optar por agua tibia, secar el rostro con toques suaves y retirar el maquillaje antes de dormir. En esta etapa, elegir f\u00f3rmulas que limpian eficazmente sin resecar es clave para mantener una piel equilibrada. El limpiador bif\u00e1sico de la l\u00ednea Anew elimina hasta 12 horas de maquillaje y brinda hidrataci\u00f3n inmediata gracias a su vitamina E y antioxidantes. Para potenciar este momento, las mascarillas nutritivas de Avon Care ayudan a reforzar la suavidad y la sensaci\u00f3n de confort en la piel.<\/span><\/p>\n<p style=\"text-align: justify;\"><strong><span style=\"color: #000000;\">2.\u00a0\u00a0\u00a0\u00a0 El aliado clave para una piel revitalizada<\/span><\/strong><\/p>\n<p style=\"text-align: justify;\"><span style=\"color: #000000;\">Enero invita a replantear el cuidado facial y a elegir productos bien formulados que respondan de verdad a lo que la piel necesita. Cuando se priorizan f\u00f3rmulas de calidad, la piel recupera su vitalidad, se ve m\u00e1s descansada y luminosa, y refleja un bienestar que se nota a simple vista.<\/span><\/p>\n<p style=\"text-align: justify;\"><span style=\"color: #000000;\">En este punto, incorporar un s\u00e9rum puede marcar una diferencia sutil pero efectiva en la apariencia de la piel. La l\u00ednea de Anew ofrece opciones dise\u00f1adas para hidratar y revitalizar, con texturas ligeras y de r\u00e1pida absorci\u00f3n que se integran de forma natural entre la limpieza y la crema hidratante. Sus f\u00f3rmulas est\u00e1n pensadas para apoyar el col\u00e1geno dual y aportar activos que acompa\u00f1an el proceso natural de recuperaci\u00f3n de la piel, sin a\u00f1adir sensaci\u00f3n de pesadez.<\/span><\/p>\n<p style=\"text-align: justify;\"><span style=\"color: #000000;\">Para potenciar este paso, basta aplicar unas pocas gotas sobre el rostro limpio, distribuirlas suavemente con las manos y permitir que la piel las absorba antes de continuar con la crema hidratante.<\/span><\/p>\n<p style=\"text-align: justify;\"><strong><span style=\"color: #000000;\">3.\u00a0\u00a0\u00a0\u00a0 Hidrataci\u00f3n consciente para el d\u00eda y la noche<\/span><\/strong><\/p>\n<p style=\"text-align: justify;\"><span style=\"color: #000000;\">La hidrataci\u00f3n sigue siendo uno de los pilares del cuidado diario. Muchas personas buscan texturas c\u00f3modas que acompa\u00f1en la piel a lo largo del d\u00eda y f\u00f3rmulas m\u00e1s envolventes para la noche. Dentro de este tipo de rutinas, la l\u00ednea Anew de Avon incorporan tecnolog\u00edas como Protinol&#x2122;, pensadas para acompa\u00f1ar el cuidado diario y aportar una sensaci\u00f3n progresiva de firmeza e hidrataci\u00f3n.<\/span><\/p>\n<p style=\"text-align: justify;\"><span style=\"color: #000000;\">La l\u00ednea Anew se convierte en una aliada clave de la rutina diaria, con distintas opciones de crema como Reversalist, Ultimate y Platinum, cada una disponible en versiones de d\u00eda y de noche y formuladas para trabajar en sinton\u00eda con los ritmos naturales de la piel. Durante el d\u00eda, ayudan a hidratar y proteger; por la noche, acompa\u00f1an su proceso de regeneraci\u00f3n. Gracias a su tecnolog\u00eda exclusiva con Protinol&#x2122;, este cuidado continuo contribuye a una piel m\u00e1s suave, fresca y revitalizada, perceptible desde el primer despertar.<\/span><\/p>\n<p style=\"text-align: justify;\"><span style=\"color: #000000;\">Un tip pr\u00e1ctico que potencia la hidrataci\u00f3n es aplicar la crema con masajes suaves, desde el centro del rostro hacia afuera y sin presionar. Este gesto favorece una mejor distribuci\u00f3n del producto y convierte la rutina en un momento de pausa consciente.<\/span><\/p>\n<p style=\"text-align: justify;\"><strong><span style=\"color: #000000;\">4.\u00a0\u00a0\u00a0\u00a0 El cuerpo tambi\u00e9n necesita atenci\u00f3n<\/span><\/strong><\/p>\n<p style=\"text-align: justify;\"><span style=\"color: #000000;\">La hidrataci\u00f3n corporal es clave para el bienestar diario y para que la piel se sienta c\u00f3moda y luminosa. Aplicar crema despu\u00e9s de la ducha, poner especial atenci\u00f3n en las zonas m\u00e1s secas y transformar ese instante en un ritual cotidiano de cuidado ayuda a que la piel mantenga su suavidad, elasticidad y una sensaci\u00f3n de confort que acompa\u00f1a durante todo el d\u00eda.<\/span><\/p>\n<p style=\"text-align: justify;\"><span style=\"color: #000000;\">Incorporar una crema corporal a la rutina diaria va m\u00e1s all\u00e1 de lo est\u00e9tico: es una forma sencilla de reconectar con el autocuidado y el bienestar. Texturas agradables y aromas suaves convierten este gesto en un momento placentero que se integra con naturalidad al d\u00eda a d\u00eda. En este contexto, la nueva crema corporal de A<strong>von Care con Aceite de Jojoba y Manteca de Karit\u00e9 <\/strong>ofrece una humectaci\u00f3n reconfortante de hasta 48 horas, enriquecida con vitamina E y de r\u00e1pida absorci\u00f3n, acompa\u00f1ando la piel con confort y suavidad durante todo el d\u00eda.<\/span><\/p>\n<p style=\"text-align: justify;\"><strong><span style=\"color: #000000;\">5.\u00a0\u00a0\u00a0\u00a0 La noche, un momento para reconectar<\/span><\/strong><\/p>\n<p style=\"text-align: justify;\"><span style=\"color: #000000;\">El final del d\u00eda marca una pausa necesaria: un espacio para bajar el ritmo y volver a conectar con uno mismo. En t\u00e9rminos de cuidado de la piel, la noche es tambi\u00e9n una oportunidad para poner atenci\u00f3n en zonas delicadas que requieren un cuidado constante, como el contorno de ojos, clave tanto en la rutina de d\u00eda como de noche.<\/span><\/p>\n<p style=\"text-align: justify;\"><span style=\"color: #000000;\">Incorporar el contorno de ojos en la rutina nocturna se convierte en un gesto simple pero significativo de autocuidado. Aplicarlo con el dedo anular, mediante peque\u00f1os toques y sin arrastrar la piel, ayuda a relajar la zona y preparar la mirada para el descanso.<\/span><\/p>\n<p style=\"text-align: justify;\"><span style=\"color: #000000;\">En este momento, el contorno de ojos de la l\u00ednea Anew se integra de forma natural, gracias a su capacidad de difuminar e iluminar instant\u00e1neamente el \u00e1rea del contorno, suavizando visiblemente la apariencia de l\u00edneas finas y arrugas, y dejando una sensaci\u00f3n de mirada m\u00e1s luminosa y descansada antes de dormir.<\/span><\/p>\n<p style=\"text-align: justify;\"><strong><span style=\"color: #000000;\">Empezar el a\u00f1o cuid\u00e1ndose<\/span><\/strong><\/p>\n<p style=\"text-align: justify;\"><span style=\"color: #000000;\">El bienestar de la piel no depende solo de los productos. Mantenerse hidratado, descansar mejor, llevar una alimentaci\u00f3n equilibrada y tomarse pausas durante el d\u00eda tambi\u00e9n influyen en c\u00f3mo se siente y se ve la piel, potenciando los resultados de cualquier rutina cosm\u00e9tica.<\/span><\/p>\n<p style=\"text-align: justify;\"><span style=\"color: #000000;\">M\u00e1s all\u00e1 de tendencias o rutinas complejas, el cuidado de la piel se construye con constancia, conocimiento y productos que se integran al d\u00eda a d\u00eda. <strong>Desde su experiencia en ciencia cosm\u00e9tica y bienestar, Avon acompa\u00f1a a las personas en la construcci\u00f3n de h\u00e1bitos simples y efectivos<\/strong>, ayudando a sostener el equilibrio de la piel y el bienestar cotidiano durante todo el 2026.<\/span><\/p>\n","protected":false},"excerpt":{"rendered":"<p>Con el ritmo del a\u00f1o ya en marcha, enero es el momento ideal para ajustar h\u00e1bitos y consolidar una rutina de cuidado de la piel simple, efectiva y consciente. Quito, enero de 2026. Con el a\u00f1o ya en marcha, muchas personas comienzan a retomar rutinas, horarios y h\u00e1bitos m\u00e1s estables. En este proceso, la piel [&hellip;]<\/p>\n","protected":false},"author":4,"featured_media":139249,"comment_status":"closed","ping_status":"closed","sticky":false,"template":"","format":"standard","meta":{"_bbp_topic_count":0,"_bbp_reply_count":0,"_bbp_total_topic_count":0,"_bbp_total_reply_count":0,"_bbp_voice_count":0,"_bbp_anonymous_reply_count":0,"_bbp_topic_count_hidden":0,"_bbp_reply_count_hidden":0,"_bbp_forum_subforum_count":0,"buzzeditor_post_format":"","footnotes":""},"categories":[2],"tags":[],"class_list":["post-139248","post","type-post","status-publish","format-standard","has-post-thumbnail","hentry","category-noticias"],"yoast_head":"<!-- This site is optimized with the Yoast SEO plugin v27.5 - https:\/\/yoast.com\/product\/yoast-seo-wordpress\/ -->\n<title>5 claves para fortalecer la piel y sostener el bienestar en el inicio del 2026 &#8211; QUEBAKAN.COM 2026: Noticias, Eventos, Conciertos y mucho m\u00e1s....<\/title>\n<meta name=\"robots\" content=\"index, follow, max-snippet:-1, max-image-preview:large, max-video-preview:-1\" \/>\n<link rel=\"canonical\" href=\"https:\/\/www.quebakan.com\/v15\/5-claves-para-fortalecer-la-piel-y-sostener-el-bienestar-en-el-inicio-del-2026\/\" \/>\n<meta property=\"og:locale\" content=\"es_ES\" \/>\n<meta property=\"og:type\" content=\"article\" \/>\n<meta property=\"og:title\" content=\"5 claves para fortalecer la piel y sostener el bienestar en el inicio del 2026 &#8211; QUEBAKAN.COM 2026: Noticias, Eventos, Conciertos y mucho m\u00e1s....\" \/>\n<meta property=\"og:description\" content=\"Con el ritmo del a\u00f1o ya en marcha, enero es el momento ideal para ajustar h\u00e1bitos y consolidar una rutina de cuidado de la piel simple, efectiva y consciente. Quito, enero de 2026. Con el a\u00f1o ya en marcha, muchas personas comienzan a retomar rutinas, horarios y h\u00e1bitos m\u00e1s estables. En este proceso, la piel [&hellip;]\" \/>\n<meta property=\"og:url\" content=\"https:\/\/www.quebakan.com\/v15\/5-claves-para-fortalecer-la-piel-y-sostener-el-bienestar-en-el-inicio-del-2026\/\" \/>\n<meta property=\"og:site_name\" content=\"QUEBAKAN.COM 2026: Noticias, Eventos, Conciertos y mucho m\u00e1s....\" \/>\n<meta property=\"article:publisher\" content=\"http:\/\/www.facebook.com\/quebakan\" \/>\n<meta property=\"article:published_time\" content=\"2026-01-22T05:38:07+00:00\" \/>\n<meta property=\"og:image\" content=\"https:\/\/www.quebakan.com\/v15\/wp-content\/uploads\/2026\/01\/260119_Contenido-AVON_-Enero.jpg\" \/>\n\t<meta property=\"og:image:width\" content=\"560\" \/>\n\t<meta property=\"og:image:height\" content=\"700\" \/>\n\t<meta property=\"og:image:type\" content=\"image\/jpeg\" \/>\n<meta name=\"author\" content=\"Erick Villafuerte\" \/>\n<meta name=\"twitter:card\" content=\"summary_large_image\" \/>\n<meta name=\"twitter:creator\" content=\"@quebakanec\" \/>\n<meta name=\"twitter:site\" content=\"@quebakanec\" \/>\n<meta name=\"twitter:label1\" content=\"Escrito por\" \/>\n\t<meta name=\"twitter:data1\" content=\"Erick Villafuerte\" \/>\n\t<meta name=\"twitter:label2\" content=\"Tiempo de lectura\" \/>\n\t<meta name=\"twitter:data2\" content=\"6 minutos\" \/>\n<script type=\"application\/ld+json\" class=\"yoast-schema-graph\">{\"@context\":\"https:\\\/\\\/schema.org\",\"@graph\":[{\"@type\":\"Article\",\"@id\":\"https:\\\/\\\/www.quebakan.com\\\/v15\\\/5-claves-para-fortalecer-la-piel-y-sostener-el-bienestar-en-el-inicio-del-2026\\\/#article\",\"isPartOf\":{\"@id\":\"https:\\\/\\\/www.quebakan.com\\\/v15\\\/5-claves-para-fortalecer-la-piel-y-sostener-el-bienestar-en-el-inicio-del-2026\\\/\"},\"author\":{\"name\":\"Erick Villafuerte\",\"@id\":\"https:\\\/\\\/www.quebakan.com\\\/v15\\\/#\\\/schema\\\/person\\\/d90fa9f9cfa81eb8ace9811e5b7b9118\"},\"headline\":\"5 claves para fortalecer la piel y sostener el bienestar en el inicio del 2026\",\"datePublished\":\"2026-01-22T05:38:07+00:00\",\"mainEntityOfPage\":{\"@id\":\"https:\\\/\\\/www.quebakan.com\\\/v15\\\/5-claves-para-fortalecer-la-piel-y-sostener-el-bienestar-en-el-inicio-del-2026\\\/\"},\"wordCount\":1226,\"publisher\":{\"@id\":\"https:\\\/\\\/www.quebakan.com\\\/v15\\\/#organization\"},\"image\":{\"@id\":\"https:\\\/\\\/www.quebakan.com\\\/v15\\\/5-claves-para-fortalecer-la-piel-y-sostener-el-bienestar-en-el-inicio-del-2026\\\/#primaryimage\"},\"thumbnailUrl\":\"https:\\\/\\\/www.quebakan.com\\\/v15\\\/wp-content\\\/uploads\\\/2026\\\/01\\\/260119_Contenido-AVON_-Enero.jpg\",\"articleSection\":[\"Noticias\"],\"inLanguage\":\"es\"},{\"@type\":\"WebPage\",\"@id\":\"https:\\\/\\\/www.quebakan.com\\\/v15\\\/5-claves-para-fortalecer-la-piel-y-sostener-el-bienestar-en-el-inicio-del-2026\\\/\",\"url\":\"https:\\\/\\\/www.quebakan.com\\\/v15\\\/5-claves-para-fortalecer-la-piel-y-sostener-el-bienestar-en-el-inicio-del-2026\\\/\",\"name\":\"5 claves para fortalecer la piel y sostener el bienestar en el inicio del 2026 &#8211; QUEBAKAN.COM 2026: Noticias, Eventos, Conciertos y mucho m\u00e1s....\",\"isPartOf\":{\"@id\":\"https:\\\/\\\/www.quebakan.com\\\/v15\\\/#website\"},\"primaryImageOfPage\":{\"@id\":\"https:\\\/\\\/www.quebakan.com\\\/v15\\\/5-claves-para-fortalecer-la-piel-y-sostener-el-bienestar-en-el-inicio-del-2026\\\/#primaryimage\"},\"image\":{\"@id\":\"https:\\\/\\\/www.quebakan.com\\\/v15\\\/5-claves-para-fortalecer-la-piel-y-sostener-el-bienestar-en-el-inicio-del-2026\\\/#primaryimage\"},\"thumbnailUrl\":\"https:\\\/\\\/www.quebakan.com\\\/v15\\\/wp-content\\\/uploads\\\/2026\\\/01\\\/260119_Contenido-AVON_-Enero.jpg\",\"datePublished\":\"2026-01-22T05:38:07+00:00\",\"breadcrumb\":{\"@id\":\"https:\\\/\\\/www.quebakan.com\\\/v15\\\/5-claves-para-fortalecer-la-piel-y-sostener-el-bienestar-en-el-inicio-del-2026\\\/#breadcrumb\"},\"inLanguage\":\"es\",\"potentialAction\":[{\"@type\":\"ReadAction\",\"target\":[\"https:\\\/\\\/www.quebakan.com\\\/v15\\\/5-claves-para-fortalecer-la-piel-y-sostener-el-bienestar-en-el-inicio-del-2026\\\/\"]}]},{\"@type\":\"ImageObject\",\"inLanguage\":\"es\",\"@id\":\"https:\\\/\\\/www.quebakan.com\\\/v15\\\/5-claves-para-fortalecer-la-piel-y-sostener-el-bienestar-en-el-inicio-del-2026\\\/#primaryimage\",\"url\":\"https:\\\/\\\/www.quebakan.com\\\/v15\\\/wp-content\\\/uploads\\\/2026\\\/01\\\/260119_Contenido-AVON_-Enero.jpg\",\"contentUrl\":\"https:\\\/\\\/www.quebakan.com\\\/v15\\\/wp-content\\\/uploads\\\/2026\\\/01\\\/260119_Contenido-AVON_-Enero.jpg\",\"width\":560,\"height\":700},{\"@type\":\"BreadcrumbList\",\"@id\":\"https:\\\/\\\/www.quebakan.com\\\/v15\\\/5-claves-para-fortalecer-la-piel-y-sostener-el-bienestar-en-el-inicio-del-2026\\\/#breadcrumb\",\"itemListElement\":[{\"@type\":\"ListItem\",\"position\":1,\"name\":\"Portada\",\"item\":\"https:\\\/\\\/www.quebakan.com\\\/v15\\\/\"},{\"@type\":\"ListItem\",\"position\":2,\"name\":\"5 claves para fortalecer la piel y sostener el bienestar en el inicio del 2026\"}]},{\"@type\":\"WebSite\",\"@id\":\"https:\\\/\\\/www.quebakan.com\\\/v15\\\/#website\",\"url\":\"https:\\\/\\\/www.quebakan.com\\\/v15\\\/\",\"name\":\"QUEBAKAN\",\"description\":\"..\",\"publisher\":{\"@id\":\"https:\\\/\\\/www.quebakan.com\\\/v15\\\/#organization\"},\"potentialAction\":[{\"@type\":\"SearchAction\",\"target\":{\"@type\":\"EntryPoint\",\"urlTemplate\":\"https:\\\/\\\/www.quebakan.com\\\/v15\\\/?s={search_term_string}\"},\"query-input\":{\"@type\":\"PropertyValueSpecification\",\"valueRequired\":true,\"valueName\":\"search_term_string\"}}],\"inLanguage\":\"es\"},{\"@type\":\"Organization\",\"@id\":\"https:\\\/\\\/www.quebakan.com\\\/v15\\\/#organization\",\"name\":\"Quebakan.com\",\"url\":\"https:\\\/\\\/www.quebakan.com\\\/v15\\\/\",\"logo\":{\"@type\":\"ImageObject\",\"inLanguage\":\"es\",\"@id\":\"https:\\\/\\\/www.quebakan.com\\\/v15\\\/#\\\/schema\\\/logo\\\/image\\\/\",\"url\":\"https:\\\/\\\/www.quebakan.com\\\/v15\\\/wp-content\\\/uploads\\\/2023\\\/07\\\/logoquebakanenero2021.jpg\",\"contentUrl\":\"https:\\\/\\\/www.quebakan.com\\\/v15\\\/wp-content\\\/uploads\\\/2023\\\/07\\\/logoquebakanenero2021.jpg\",\"width\":1920,\"height\":1080,\"caption\":\"Quebakan.com\"},\"image\":{\"@id\":\"https:\\\/\\\/www.quebakan.com\\\/v15\\\/#\\\/schema\\\/logo\\\/image\\\/\"},\"sameAs\":[\"http:\\\/\\\/www.facebook.com\\\/quebakan\",\"https:\\\/\\\/x.com\\\/quebakanec\",\"http:\\\/\\\/www.instagram.com\\\/quebakan\",\"http:\\\/\\\/www.youtube.com\\\/quebakan1\"]},{\"@type\":\"Person\",\"@id\":\"https:\\\/\\\/www.quebakan.com\\\/v15\\\/#\\\/schema\\\/person\\\/d90fa9f9cfa81eb8ace9811e5b7b9118\",\"name\":\"Erick Villafuerte\",\"image\":{\"@type\":\"ImageObject\",\"inLanguage\":\"es\",\"@id\":\"https:\\\/\\\/www.quebakan.com\\\/v15\\\/wp-content\\\/uploads\\\/avatars\\\/4\\\/1731297654-bpfull.png\",\"url\":\"https:\\\/\\\/www.quebakan.com\\\/v15\\\/wp-content\\\/uploads\\\/avatars\\\/4\\\/1731297654-bpfull.png\",\"contentUrl\":\"https:\\\/\\\/www.quebakan.com\\\/v15\\\/wp-content\\\/uploads\\\/avatars\\\/4\\\/1731297654-bpfull.png\",\"caption\":\"Erick Villafuerte\"}}]}<\/script>\n<!-- \/ Yoast SEO plugin. -->","yoast_head_json":{"title":"5 claves para fortalecer la piel y sostener el bienestar en el inicio del 2026 &#8211; QUEBAKAN.COM 2026: Noticias, Eventos, Conciertos y mucho m\u00e1s....","robots":{"index":"index","follow":"follow","max-snippet":"max-snippet:-1","max-image-preview":"max-image-preview:large","max-video-preview":"max-video-preview:-1"},"canonical":"https:\/\/www.quebakan.com\/v15\/5-claves-para-fortalecer-la-piel-y-sostener-el-bienestar-en-el-inicio-del-2026\/","og_locale":"es_ES","og_type":"article","og_title":"5 claves para fortalecer la piel y sostener el bienestar en el inicio del 2026 &#8211; QUEBAKAN.COM 2026: Noticias, Eventos, Conciertos y mucho m\u00e1s....","og_description":"Con el ritmo del a\u00f1o ya en marcha, enero es el momento ideal para ajustar h\u00e1bitos y consolidar una rutina de cuidado de la piel simple, efectiva y consciente. Quito, enero de 2026. Con el a\u00f1o ya en marcha, muchas personas comienzan a retomar rutinas, horarios y h\u00e1bitos m\u00e1s estables. En este proceso, la piel [&hellip;]","og_url":"https:\/\/www.quebakan.com\/v15\/5-claves-para-fortalecer-la-piel-y-sostener-el-bienestar-en-el-inicio-del-2026\/","og_site_name":"QUEBAKAN.COM 2026: Noticias, Eventos, Conciertos y mucho m\u00e1s....","article_publisher":"http:\/\/www.facebook.com\/quebakan","article_published_time":"2026-01-22T05:38:07+00:00","og_image":[{"width":560,"height":700,"url":"https:\/\/www.quebakan.com\/v15\/wp-content\/uploads\/2026\/01\/260119_Contenido-AVON_-Enero.jpg","type":"image\/jpeg"}],"author":"Erick Villafuerte","twitter_card":"summary_large_image","twitter_creator":"@quebakanec","twitter_site":"@quebakanec","twitter_misc":{"Escrito por":"Erick Villafuerte","Tiempo de lectura":"6 minutos"},"schema":{"@context":"https:\/\/schema.org","@graph":[{"@type":"Article","@id":"https:\/\/www.quebakan.com\/v15\/5-claves-para-fortalecer-la-piel-y-sostener-el-bienestar-en-el-inicio-del-2026\/#article","isPartOf":{"@id":"https:\/\/www.quebakan.com\/v15\/5-claves-para-fortalecer-la-piel-y-sostener-el-bienestar-en-el-inicio-del-2026\/"},"author":{"name":"Erick Villafuerte","@id":"https:\/\/www.quebakan.com\/v15\/#\/schema\/person\/d90fa9f9cfa81eb8ace9811e5b7b9118"},"headline":"5 claves para fortalecer la piel y sostener el bienestar en el inicio del 2026","datePublished":"2026-01-22T05:38:07+00:00","mainEntityOfPage":{"@id":"https:\/\/www.quebakan.com\/v15\/5-claves-para-fortalecer-la-piel-y-sostener-el-bienestar-en-el-inicio-del-2026\/"},"wordCount":1226,"publisher":{"@id":"https:\/\/www.quebakan.com\/v15\/#organization"},"image":{"@id":"https:\/\/www.quebakan.com\/v15\/5-claves-para-fortalecer-la-piel-y-sostener-el-bienestar-en-el-inicio-del-2026\/#primaryimage"},"thumbnailUrl":"https:\/\/www.quebakan.com\/v15\/wp-content\/uploads\/2026\/01\/260119_Contenido-AVON_-Enero.jpg","articleSection":["Noticias"],"inLanguage":"es"},{"@type":"WebPage","@id":"https:\/\/www.quebakan.com\/v15\/5-claves-para-fortalecer-la-piel-y-sostener-el-bienestar-en-el-inicio-del-2026\/","url":"https:\/\/www.quebakan.com\/v15\/5-claves-para-fortalecer-la-piel-y-sostener-el-bienestar-en-el-inicio-del-2026\/","name":"5 claves para fortalecer la piel y sostener el bienestar en el inicio del 2026 &#8211; QUEBAKAN.COM 2026: Noticias, Eventos, Conciertos y mucho m\u00e1s....","isPartOf":{"@id":"https:\/\/www.quebakan.com\/v15\/#website"},"primaryImageOfPage":{"@id":"https:\/\/www.quebakan.com\/v15\/5-claves-para-fortalecer-la-piel-y-sostener-el-bienestar-en-el-inicio-del-2026\/#primaryimage"},"image":{"@id":"https:\/\/www.quebakan.com\/v15\/5-claves-para-fortalecer-la-piel-y-sostener-el-bienestar-en-el-inicio-del-2026\/#primaryimage"},"thumbnailUrl":"https:\/\/www.quebakan.com\/v15\/wp-content\/uploads\/2026\/01\/260119_Contenido-AVON_-Enero.jpg","datePublished":"2026-01-22T05:38:07+00:00","breadcrumb":{"@id":"https:\/\/www.quebakan.com\/v15\/5-claves-para-fortalecer-la-piel-y-sostener-el-bienestar-en-el-inicio-del-2026\/#breadcrumb"},"inLanguage":"es","potentialAction":[{"@type":"ReadAction","target":["https:\/\/www.quebakan.com\/v15\/5-claves-para-fortalecer-la-piel-y-sostener-el-bienestar-en-el-inicio-del-2026\/"]}]},{"@type":"ImageObject","inLanguage":"es","@id":"https:\/\/www.quebakan.com\/v15\/5-claves-para-fortalecer-la-piel-y-sostener-el-bienestar-en-el-inicio-del-2026\/#primaryimage","url":"https:\/\/www.quebakan.com\/v15\/wp-content\/uploads\/2026\/01\/260119_Contenido-AVON_-Enero.jpg","contentUrl":"https:\/\/www.quebakan.com\/v15\/wp-content\/uploads\/2026\/01\/260119_Contenido-AVON_-Enero.jpg","width":560,"height":700},{"@type":"BreadcrumbList","@id":"https:\/\/www.quebakan.com\/v15\/5-claves-para-fortalecer-la-piel-y-sostener-el-bienestar-en-el-inicio-del-2026\/#breadcrumb","itemListElement":[{"@type":"ListItem","position":1,"name":"Portada","item":"https:\/\/www.quebakan.com\/v15\/"},{"@type":"ListItem","position":2,"name":"5 claves para fortalecer la piel y sostener el bienestar en el inicio del 2026"}]},{"@type":"WebSite","@id":"https:\/\/www.quebakan.com\/v15\/#website","url":"https:\/\/www.quebakan.com\/v15\/","name":"QUEBAKAN","description":"..","publisher":{"@id":"https:\/\/www.quebakan.com\/v15\/#organization"},"potentialAction":[{"@type":"SearchAction","target":{"@type":"EntryPoint","urlTemplate":"https:\/\/www.quebakan.com\/v15\/?s={search_term_string}"},"query-input":{"@type":"PropertyValueSpecification","valueRequired":true,"valueName":"search_term_string"}}],"inLanguage":"es"},{"@type":"Organization","@id":"https:\/\/www.quebakan.com\/v15\/#organization","name":"Quebakan.com","url":"https:\/\/www.quebakan.com\/v15\/","logo":{"@type":"ImageObject","inLanguage":"es","@id":"https:\/\/www.quebakan.com\/v15\/#\/schema\/logo\/image\/","url":"https:\/\/www.quebakan.com\/v15\/wp-content\/uploads\/2023\/07\/logoquebakanenero2021.jpg","contentUrl":"https:\/\/www.quebakan.com\/v15\/wp-content\/uploads\/2023\/07\/logoquebakanenero2021.jpg","width":1920,"height":1080,"caption":"Quebakan.com"},"image":{"@id":"https:\/\/www.quebakan.com\/v15\/#\/schema\/logo\/image\/"},"sameAs":["http:\/\/www.facebook.com\/quebakan","https:\/\/x.com\/quebakanec","http:\/\/www.instagram.com\/quebakan","http:\/\/www.youtube.com\/quebakan1"]},{"@type":"Person","@id":"https:\/\/www.quebakan.com\/v15\/#\/schema\/person\/d90fa9f9cfa81eb8ace9811e5b7b9118","name":"Erick Villafuerte","image":{"@type":"ImageObject","inLanguage":"es","@id":"https:\/\/www.quebakan.com\/v15\/wp-content\/uploads\/avatars\/4\/1731297654-bpfull.png","url":"https:\/\/www.quebakan.com\/v15\/wp-content\/uploads\/avatars\/4\/1731297654-bpfull.png","contentUrl":"https:\/\/www.quebakan.com\/v15\/wp-content\/uploads\/avatars\/4\/1731297654-bpfull.png","caption":"Erick Villafuerte"}}]}},"_links":{"self":[{"href":"https:\/\/www.quebakan.com\/v15\/wp-json\/wp\/v2\/posts\/139248","targetHints":{"allow":["GET"]}}],"collection":[{"href":"https:\/\/www.quebakan.com\/v15\/wp-json\/wp\/v2\/posts"}],"about":[{"href":"https:\/\/www.quebakan.com\/v15\/wp-json\/wp\/v2\/types\/post"}],"author":[{"embeddable":true,"href":"https:\/\/www.quebakan.com\/v15\/wp-json\/wp\/v2\/users\/4"}],"replies":[{"embeddable":true,"href":"https:\/\/www.quebakan.com\/v15\/wp-json\/wp\/v2\/comments?post=139248"}],"version-history":[{"count":1,"href":"https:\/\/www.quebakan.com\/v15\/wp-json\/wp\/v2\/posts\/139248\/revisions"}],"predecessor-version":[{"id":139250,"href":"https:\/\/www.quebakan.com\/v15\/wp-json\/wp\/v2\/posts\/139248\/revisions\/139250"}],"wp:featuredmedia":[{"embeddable":true,"href":"https:\/\/www.quebakan.com\/v15\/wp-json\/wp\/v2\/media\/139249"}],"wp:attachment":[{"href":"https:\/\/www.quebakan.com\/v15\/wp-json\/wp\/v2\/media?parent=139248"}],"wp:term":[{"taxonomy":"category","embeddable":true,"href":"https:\/\/www.quebakan.com\/v15\/wp-json\/wp\/v2\/categories?post=139248"},{"taxonomy":"post_tag","embeddable":true,"href":"https:\/\/www.quebakan.com\/v15\/wp-json\/wp\/v2\/tags?post=139248"}],"curies":[{"name":"wp","href":"https:\/\/api.w.org\/{rel}","templated":true}]}}