{"id":139251,"date":"2026-01-22T00:54:11","date_gmt":"2026-01-22T05:54:11","guid":{"rendered":"https:\/\/www.quebakan.com\/v15\/?p=139251"},"modified":"2026-01-22T00:54:11","modified_gmt":"2026-01-22T05:54:11","slug":"vitapro-consolida-una-vision-de-futuro-para-una-acuicultura-en-transformacion","status":"publish","type":"post","link":"https:\/\/www.quebakan.com\/v15\/vitapro-consolida-una-vision-de-futuro-para-una-acuicultura-en-transformacion\/","title":{"rendered":"Vitapro consolida una visi\u00f3n de futuro para una acuicultura en transformaci\u00f3n"},"content":{"rendered":"<p><img fetchpriority=\"high\" decoding=\"async\" class=\"aligncenter size-full wp-image-139252\" src=\"https:\/\/www.quebakan.com\/v15\/wp-content\/uploads\/2026\/01\/Vitapro.jpg\" alt=\"\" width=\"700\" height=\"466\" \/><\/p>\n<p style=\"text-align: justify;\"><span style=\"color: #000000;\"><strong>Guayaquil, enero de\u00a02026.\u2013<\/strong>\u00a0 Vitapro\u00a0presenta la evoluci\u00f3n de su identidad institucional junto con una visi\u00f3n de futuro que reafirma su compromiso con el desarrollo sostenible de la acuicultura. Esta actualizaci\u00f3n refleja c\u00f3mo la compa\u00f1\u00eda proyecta su rol en la industria y consolida una mirada de largo plazo alineada a los desaf\u00edos productivos, sociales y ambientales del sector.\u00a0<\/span><\/p>\n<p style=\"text-align: justify;\"><span style=\"color: #000000;\">Este proceso se articula desde su prop\u00f3sito corporativo,\u00a0<em>\u201cTransformar la acuicultura. Nutrir el ma\u00f1ana\u201d<\/em>, que orienta su estrategia, su cultura organizacional y su forma de relacionarse con la industria, los productores, los aliados y el entorno, integrando criterios ambientales y sociales en la toma de decisiones del negocio.<\/span><\/p>\n<p style=\"text-align: justify;\"><span style=\"color: #000000;\"><em>\u201cLa acuicultura se va posicionando como una de las fuentes de prote\u00edna m\u00e1s sostenibles del mundo. Acompa\u00f1ar su transformaci\u00f3n y su crecimiento para alimentar a una poblaci\u00f3n creciente es, para nosotros, una misi\u00f3n inquebrantable. Nuestra visi\u00f3n de largo plazo es seguir aportando conocimiento, sostenibilidad y competitividad para fortalecer el desarrollo de los productos acu\u00edcolas y de la industria en su conjunto<\/em><strong>\u201d<\/strong>, se\u00f1al\u00f3\u00a0Fabricio Vargas,\u00a0CEO de\u00a0Vitapro.\u00a0<\/span><\/p>\n<p style=\"text-align: justify;\"><span style=\"color: #000000;\"><strong>Un ecosistema de marcas al servicio de la industria<\/strong>\u00a0<\/span><\/p>\n<p style=\"text-align: justify;\"><span style=\"color: #000000;\">Vitapro\u00a0desarrolla su propuesta de valor a trav\u00e9s de sus marcas\u00a0Nicovita\u00a0y\u00a0Salmofood, referentes en nutrici\u00f3n para camar\u00f3n y salm\u00f3nidos en los principales pa\u00edses productivos del mercado global. Ambas marcas se han consolidado como aliados estrat\u00e9gicos de los productores en contextos altamente competitivos, siendo Ecuador el primer exportador de camar\u00f3n del mundo y Chile el segundo productor m\u00e1s grande a nivel global en salm\u00f3nidos.\u00a0<\/span><\/p>\n<p style=\"text-align: justify;\"><span style=\"color: #000000;\">Desde estos mercados l\u00edderes,\u00a0las marcas\u00a0acompa\u00f1an a los productores con soluciones nutricionales de alto desempe\u00f1o, soporte t\u00e9cnico especializado y conocimiento aplicado a los desaf\u00edos productivos actuales, promoviendo pr\u00e1cticas m\u00e1s eficientes y responsables en el uso de ingredientes marinos y vegetales.\u00a0<\/span><\/p>\n<p style=\"text-align: justify;\"><span style=\"color: #000000;\"><strong>Innovaci\u00f3n, sostenibilidad y v\u00ednculo con el entorno<\/strong>\u00a0<\/span><\/p>\n<p style=\"text-align: justify;\"><span style=\"color: #000000;\">La evoluci\u00f3n de la identidad de\u00a0la compa\u00f1\u00eda\u00a0viene acompa\u00f1ada de una visi\u00f3n de sostenibilidad entendida de forma integral. La compa\u00f1\u00eda impulsa soluciones nutricionales m\u00e1s eficientes y responsables, el desarrollo de innovaci\u00f3n aplicada y la transferencia de conocimiento, fortaleciendo la resiliencia productiva frente a condiciones ambientales cambiantes.\u00a0<\/span><\/p>\n<p style=\"text-align: justify;\"><span style=\"color: #000000;\">De manera complementaria,\u00a0desde la organizaci\u00f3n se\u00a0mantiene un trabajo activo con las comunidades cercanas a sus centros de operaci\u00f3n, enfocado en la generaci\u00f3n de capacidades, el desarrollo local y la creaci\u00f3n de oportunidades, priorizando la contrataci\u00f3n local, la diversidad y la inclusi\u00f3n en sus equipos de trabajo.\u00a0<\/span><\/p>\n<p style=\"text-align: justify;\"><span style=\"color: #000000;\">Este enfoque se enmarca en una gesti\u00f3n alineada a est\u00e1ndares internacionales de sostenibilidad, transparencia y evaluaci\u00f3n de impacto, integrando el desempe\u00f1o del negocio con su responsabilidad social y ambiental.\u00a0<\/span><\/p>\n<p style=\"text-align: justify;\"><span style=\"color: #000000;\">Con esta evoluci\u00f3n,\u00a0Vitapro\u00a0reafirma su compromiso de acompa\u00f1ar el crecimiento y la transformaci\u00f3n de la acuicultura desde la cercan\u00eda, la especializaci\u00f3n t\u00e9cnica y una mirada de largo plazo, consolidando su rol como aliado estrat\u00e9gico de la industria en un contexto de desaf\u00edos crecientes a nivel global.\u00a0<\/span><\/p>\n<p><img decoding=\"async\" class=\"aligncenter size-full wp-image-139253\" src=\"https:\/\/www.quebakan.com\/v15\/wp-content\/uploads\/2026\/01\/Vitapro-2.jpg\" alt=\"\" width=\"700\" height=\"466\" \/><\/p>\n","protected":false},"excerpt":{"rendered":"<p>Guayaquil, enero de\u00a02026.\u2013\u00a0 Vitapro\u00a0presenta la evoluci\u00f3n de su identidad institucional junto con una visi\u00f3n de futuro que reafirma su compromiso con el desarrollo sostenible de la acuicultura. Esta actualizaci\u00f3n refleja c\u00f3mo la compa\u00f1\u00eda proyecta su rol en la industria y consolida una mirada de largo plazo alineada a los desaf\u00edos productivos, sociales y ambientales del [&hellip;]<\/p>\n","protected":false},"author":4,"featured_media":139252,"comment_status":"closed","ping_status":"closed","sticky":false,"template":"","format":"standard","meta":{"_bbp_topic_count":0,"_bbp_reply_count":0,"_bbp_total_topic_count":0,"_bbp_total_reply_count":0,"_bbp_voice_count":0,"_bbp_anonymous_reply_count":0,"_bbp_topic_count_hidden":0,"_bbp_reply_count_hidden":0,"_bbp_forum_subforum_count":0,"buzzeditor_post_format":"","footnotes":""},"categories":[2],"tags":[],"class_list":["post-139251","post","type-post","status-publish","format-standard","has-post-thumbnail","hentry","category-noticias"],"yoast_head":"<!-- This site is optimized with the Yoast SEO plugin v27.5 - https:\/\/yoast.com\/product\/yoast-seo-wordpress\/ -->\n<title>Vitapro consolida una visi\u00f3n de futuro para una acuicultura en transformaci\u00f3n &#8211; QUEBAKAN.COM 2026: Noticias, Eventos, Conciertos y mucho m\u00e1s....<\/title>\n<meta name=\"robots\" content=\"index, follow, max-snippet:-1, max-image-preview:large, max-video-preview:-1\" \/>\n<link rel=\"canonical\" href=\"https:\/\/www.quebakan.com\/v15\/vitapro-consolida-una-vision-de-futuro-para-una-acuicultura-en-transformacion\/\" \/>\n<meta property=\"og:locale\" content=\"es_ES\" \/>\n<meta property=\"og:type\" content=\"article\" \/>\n<meta property=\"og:title\" content=\"Vitapro consolida una visi\u00f3n de futuro para una acuicultura en transformaci\u00f3n &#8211; QUEBAKAN.COM 2026: Noticias, Eventos, Conciertos y mucho m\u00e1s....\" \/>\n<meta property=\"og:description\" content=\"Guayaquil, enero de\u00a02026.\u2013\u00a0 Vitapro\u00a0presenta la evoluci\u00f3n de su identidad institucional junto con una visi\u00f3n de futuro que reafirma su compromiso con el desarrollo sostenible de la acuicultura. Esta actualizaci\u00f3n refleja c\u00f3mo la compa\u00f1\u00eda proyecta su rol en la industria y consolida una mirada de largo plazo alineada a los desaf\u00edos productivos, sociales y ambientales del [&hellip;]\" \/>\n<meta property=\"og:url\" content=\"https:\/\/www.quebakan.com\/v15\/vitapro-consolida-una-vision-de-futuro-para-una-acuicultura-en-transformacion\/\" \/>\n<meta property=\"og:site_name\" content=\"QUEBAKAN.COM 2026: Noticias, Eventos, Conciertos y mucho m\u00e1s....\" \/>\n<meta property=\"article:publisher\" content=\"http:\/\/www.facebook.com\/quebakan\" \/>\n<meta property=\"article:published_time\" content=\"2026-01-22T05:54:11+00:00\" \/>\n<meta property=\"og:image\" content=\"https:\/\/www.quebakan.com\/v15\/wp-content\/uploads\/2026\/01\/Vitapro.jpg\" \/>\n\t<meta property=\"og:image:width\" content=\"700\" \/>\n\t<meta property=\"og:image:height\" content=\"466\" \/>\n\t<meta property=\"og:image:type\" content=\"image\/jpeg\" \/>\n<meta name=\"author\" content=\"Erick Villafuerte\" \/>\n<meta name=\"twitter:card\" content=\"summary_large_image\" \/>\n<meta name=\"twitter:creator\" content=\"@quebakanec\" \/>\n<meta name=\"twitter:site\" content=\"@quebakanec\" \/>\n<meta name=\"twitter:label1\" content=\"Escrito por\" \/>\n\t<meta name=\"twitter:data1\" content=\"Erick Villafuerte\" \/>\n\t<meta name=\"twitter:label2\" content=\"Tiempo de lectura\" \/>\n\t<meta name=\"twitter:data2\" content=\"3 minutos\" \/>\n<script type=\"application\/ld+json\" class=\"yoast-schema-graph\">{\"@context\":\"https:\\\/\\\/schema.org\",\"@graph\":[{\"@type\":\"Article\",\"@id\":\"https:\\\/\\\/www.quebakan.com\\\/v15\\\/vitapro-consolida-una-vision-de-futuro-para-una-acuicultura-en-transformacion\\\/#article\",\"isPartOf\":{\"@id\":\"https:\\\/\\\/www.quebakan.com\\\/v15\\\/vitapro-consolida-una-vision-de-futuro-para-una-acuicultura-en-transformacion\\\/\"},\"author\":{\"name\":\"Erick Villafuerte\",\"@id\":\"https:\\\/\\\/www.quebakan.com\\\/v15\\\/#\\\/schema\\\/person\\\/d90fa9f9cfa81eb8ace9811e5b7b9118\"},\"headline\":\"Vitapro consolida una visi\u00f3n de futuro para una acuicultura en transformaci\u00f3n\",\"datePublished\":\"2026-01-22T05:54:11+00:00\",\"mainEntityOfPage\":{\"@id\":\"https:\\\/\\\/www.quebakan.com\\\/v15\\\/vitapro-consolida-una-vision-de-futuro-para-una-acuicultura-en-transformacion\\\/\"},\"wordCount\":538,\"publisher\":{\"@id\":\"https:\\\/\\\/www.quebakan.com\\\/v15\\\/#organization\"},\"image\":{\"@id\":\"https:\\\/\\\/www.quebakan.com\\\/v15\\\/vitapro-consolida-una-vision-de-futuro-para-una-acuicultura-en-transformacion\\\/#primaryimage\"},\"thumbnailUrl\":\"https:\\\/\\\/www.quebakan.com\\\/v15\\\/wp-content\\\/uploads\\\/2026\\\/01\\\/Vitapro.jpg\",\"articleSection\":[\"Noticias\"],\"inLanguage\":\"es\"},{\"@type\":\"WebPage\",\"@id\":\"https:\\\/\\\/www.quebakan.com\\\/v15\\\/vitapro-consolida-una-vision-de-futuro-para-una-acuicultura-en-transformacion\\\/\",\"url\":\"https:\\\/\\\/www.quebakan.com\\\/v15\\\/vitapro-consolida-una-vision-de-futuro-para-una-acuicultura-en-transformacion\\\/\",\"name\":\"Vitapro consolida una visi\u00f3n de futuro para una acuicultura en transformaci\u00f3n &#8211; QUEBAKAN.COM 2026: Noticias, Eventos, Conciertos y mucho m\u00e1s....\",\"isPartOf\":{\"@id\":\"https:\\\/\\\/www.quebakan.com\\\/v15\\\/#website\"},\"primaryImageOfPage\":{\"@id\":\"https:\\\/\\\/www.quebakan.com\\\/v15\\\/vitapro-consolida-una-vision-de-futuro-para-una-acuicultura-en-transformacion\\\/#primaryimage\"},\"image\":{\"@id\":\"https:\\\/\\\/www.quebakan.com\\\/v15\\\/vitapro-consolida-una-vision-de-futuro-para-una-acuicultura-en-transformacion\\\/#primaryimage\"},\"thumbnailUrl\":\"https:\\\/\\\/www.quebakan.com\\\/v15\\\/wp-content\\\/uploads\\\/2026\\\/01\\\/Vitapro.jpg\",\"datePublished\":\"2026-01-22T05:54:11+00:00\",\"breadcrumb\":{\"@id\":\"https:\\\/\\\/www.quebakan.com\\\/v15\\\/vitapro-consolida-una-vision-de-futuro-para-una-acuicultura-en-transformacion\\\/#breadcrumb\"},\"inLanguage\":\"es\",\"potentialAction\":[{\"@type\":\"ReadAction\",\"target\":[\"https:\\\/\\\/www.quebakan.com\\\/v15\\\/vitapro-consolida-una-vision-de-futuro-para-una-acuicultura-en-transformacion\\\/\"]}]},{\"@type\":\"ImageObject\",\"inLanguage\":\"es\",\"@id\":\"https:\\\/\\\/www.quebakan.com\\\/v15\\\/vitapro-consolida-una-vision-de-futuro-para-una-acuicultura-en-transformacion\\\/#primaryimage\",\"url\":\"https:\\\/\\\/www.quebakan.com\\\/v15\\\/wp-content\\\/uploads\\\/2026\\\/01\\\/Vitapro.jpg\",\"contentUrl\":\"https:\\\/\\\/www.quebakan.com\\\/v15\\\/wp-content\\\/uploads\\\/2026\\\/01\\\/Vitapro.jpg\",\"width\":700,\"height\":466},{\"@type\":\"BreadcrumbList\",\"@id\":\"https:\\\/\\\/www.quebakan.com\\\/v15\\\/vitapro-consolida-una-vision-de-futuro-para-una-acuicultura-en-transformacion\\\/#breadcrumb\",\"itemListElement\":[{\"@type\":\"ListItem\",\"position\":1,\"name\":\"Portada\",\"item\":\"https:\\\/\\\/www.quebakan.com\\\/v15\\\/\"},{\"@type\":\"ListItem\",\"position\":2,\"name\":\"Vitapro consolida una visi\u00f3n de futuro para una acuicultura en transformaci\u00f3n\"}]},{\"@type\":\"WebSite\",\"@id\":\"https:\\\/\\\/www.quebakan.com\\\/v15\\\/#website\",\"url\":\"https:\\\/\\\/www.quebakan.com\\\/v15\\\/\",\"name\":\"QUEBAKAN\",\"description\":\"..\",\"publisher\":{\"@id\":\"https:\\\/\\\/www.quebakan.com\\\/v15\\\/#organization\"},\"potentialAction\":[{\"@type\":\"SearchAction\",\"target\":{\"@type\":\"EntryPoint\",\"urlTemplate\":\"https:\\\/\\\/www.quebakan.com\\\/v15\\\/?s={search_term_string}\"},\"query-input\":{\"@type\":\"PropertyValueSpecification\",\"valueRequired\":true,\"valueName\":\"search_term_string\"}}],\"inLanguage\":\"es\"},{\"@type\":\"Organization\",\"@id\":\"https:\\\/\\\/www.quebakan.com\\\/v15\\\/#organization\",\"name\":\"Quebakan.com\",\"url\":\"https:\\\/\\\/www.quebakan.com\\\/v15\\\/\",\"logo\":{\"@type\":\"ImageObject\",\"inLanguage\":\"es\",\"@id\":\"https:\\\/\\\/www.quebakan.com\\\/v15\\\/#\\\/schema\\\/logo\\\/image\\\/\",\"url\":\"https:\\\/\\\/www.quebakan.com\\\/v15\\\/wp-content\\\/uploads\\\/2023\\\/07\\\/logoquebakanenero2021.jpg\",\"contentUrl\":\"https:\\\/\\\/www.quebakan.com\\\/v15\\\/wp-content\\\/uploads\\\/2023\\\/07\\\/logoquebakanenero2021.jpg\",\"width\":1920,\"height\":1080,\"caption\":\"Quebakan.com\"},\"image\":{\"@id\":\"https:\\\/\\\/www.quebakan.com\\\/v15\\\/#\\\/schema\\\/logo\\\/image\\\/\"},\"sameAs\":[\"http:\\\/\\\/www.facebook.com\\\/quebakan\",\"https:\\\/\\\/x.com\\\/quebakanec\",\"http:\\\/\\\/www.instagram.com\\\/quebakan\",\"http:\\\/\\\/www.youtube.com\\\/quebakan1\"]},{\"@type\":\"Person\",\"@id\":\"https:\\\/\\\/www.quebakan.com\\\/v15\\\/#\\\/schema\\\/person\\\/d90fa9f9cfa81eb8ace9811e5b7b9118\",\"name\":\"Erick Villafuerte\",\"image\":{\"@type\":\"ImageObject\",\"inLanguage\":\"es\",\"@id\":\"https:\\\/\\\/www.quebakan.com\\\/v15\\\/wp-content\\\/uploads\\\/avatars\\\/4\\\/1731297654-bpfull.png\",\"url\":\"https:\\\/\\\/www.quebakan.com\\\/v15\\\/wp-content\\\/uploads\\\/avatars\\\/4\\\/1731297654-bpfull.png\",\"contentUrl\":\"https:\\\/\\\/www.quebakan.com\\\/v15\\\/wp-content\\\/uploads\\\/avatars\\\/4\\\/1731297654-bpfull.png\",\"caption\":\"Erick Villafuerte\"}}]}<\/script>\n<!-- \/ Yoast SEO plugin. -->","yoast_head_json":{"title":"Vitapro consolida una visi\u00f3n de futuro para una acuicultura en transformaci\u00f3n &#8211; QUEBAKAN.COM 2026: Noticias, Eventos, Conciertos y mucho m\u00e1s....","robots":{"index":"index","follow":"follow","max-snippet":"max-snippet:-1","max-image-preview":"max-image-preview:large","max-video-preview":"max-video-preview:-1"},"canonical":"https:\/\/www.quebakan.com\/v15\/vitapro-consolida-una-vision-de-futuro-para-una-acuicultura-en-transformacion\/","og_locale":"es_ES","og_type":"article","og_title":"Vitapro consolida una visi\u00f3n de futuro para una acuicultura en transformaci\u00f3n &#8211; QUEBAKAN.COM 2026: Noticias, Eventos, Conciertos y mucho m\u00e1s....","og_description":"Guayaquil, enero de\u00a02026.\u2013\u00a0 Vitapro\u00a0presenta la evoluci\u00f3n de su identidad institucional junto con una visi\u00f3n de futuro que reafirma su compromiso con el desarrollo sostenible de la acuicultura. Esta actualizaci\u00f3n refleja c\u00f3mo la compa\u00f1\u00eda proyecta su rol en la industria y consolida una mirada de largo plazo alineada a los desaf\u00edos productivos, sociales y ambientales del [&hellip;]","og_url":"https:\/\/www.quebakan.com\/v15\/vitapro-consolida-una-vision-de-futuro-para-una-acuicultura-en-transformacion\/","og_site_name":"QUEBAKAN.COM 2026: Noticias, Eventos, Conciertos y mucho m\u00e1s....","article_publisher":"http:\/\/www.facebook.com\/quebakan","article_published_time":"2026-01-22T05:54:11+00:00","og_image":[{"width":700,"height":466,"url":"https:\/\/www.quebakan.com\/v15\/wp-content\/uploads\/2026\/01\/Vitapro.jpg","type":"image\/jpeg"}],"author":"Erick Villafuerte","twitter_card":"summary_large_image","twitter_creator":"@quebakanec","twitter_site":"@quebakanec","twitter_misc":{"Escrito por":"Erick Villafuerte","Tiempo de lectura":"3 minutos"},"schema":{"@context":"https:\/\/schema.org","@graph":[{"@type":"Article","@id":"https:\/\/www.quebakan.com\/v15\/vitapro-consolida-una-vision-de-futuro-para-una-acuicultura-en-transformacion\/#article","isPartOf":{"@id":"https:\/\/www.quebakan.com\/v15\/vitapro-consolida-una-vision-de-futuro-para-una-acuicultura-en-transformacion\/"},"author":{"name":"Erick Villafuerte","@id":"https:\/\/www.quebakan.com\/v15\/#\/schema\/person\/d90fa9f9cfa81eb8ace9811e5b7b9118"},"headline":"Vitapro consolida una visi\u00f3n de futuro para una acuicultura en transformaci\u00f3n","datePublished":"2026-01-22T05:54:11+00:00","mainEntityOfPage":{"@id":"https:\/\/www.quebakan.com\/v15\/vitapro-consolida-una-vision-de-futuro-para-una-acuicultura-en-transformacion\/"},"wordCount":538,"publisher":{"@id":"https:\/\/www.quebakan.com\/v15\/#organization"},"image":{"@id":"https:\/\/www.quebakan.com\/v15\/vitapro-consolida-una-vision-de-futuro-para-una-acuicultura-en-transformacion\/#primaryimage"},"thumbnailUrl":"https:\/\/www.quebakan.com\/v15\/wp-content\/uploads\/2026\/01\/Vitapro.jpg","articleSection":["Noticias"],"inLanguage":"es"},{"@type":"WebPage","@id":"https:\/\/www.quebakan.com\/v15\/vitapro-consolida-una-vision-de-futuro-para-una-acuicultura-en-transformacion\/","url":"https:\/\/www.quebakan.com\/v15\/vitapro-consolida-una-vision-de-futuro-para-una-acuicultura-en-transformacion\/","name":"Vitapro consolida una visi\u00f3n de futuro para una acuicultura en transformaci\u00f3n &#8211; QUEBAKAN.COM 2026: Noticias, Eventos, Conciertos y mucho m\u00e1s....","isPartOf":{"@id":"https:\/\/www.quebakan.com\/v15\/#website"},"primaryImageOfPage":{"@id":"https:\/\/www.quebakan.com\/v15\/vitapro-consolida-una-vision-de-futuro-para-una-acuicultura-en-transformacion\/#primaryimage"},"image":{"@id":"https:\/\/www.quebakan.com\/v15\/vitapro-consolida-una-vision-de-futuro-para-una-acuicultura-en-transformacion\/#primaryimage"},"thumbnailUrl":"https:\/\/www.quebakan.com\/v15\/wp-content\/uploads\/2026\/01\/Vitapro.jpg","datePublished":"2026-01-22T05:54:11+00:00","breadcrumb":{"@id":"https:\/\/www.quebakan.com\/v15\/vitapro-consolida-una-vision-de-futuro-para-una-acuicultura-en-transformacion\/#breadcrumb"},"inLanguage":"es","potentialAction":[{"@type":"ReadAction","target":["https:\/\/www.quebakan.com\/v15\/vitapro-consolida-una-vision-de-futuro-para-una-acuicultura-en-transformacion\/"]}]},{"@type":"ImageObject","inLanguage":"es","@id":"https:\/\/www.quebakan.com\/v15\/vitapro-consolida-una-vision-de-futuro-para-una-acuicultura-en-transformacion\/#primaryimage","url":"https:\/\/www.quebakan.com\/v15\/wp-content\/uploads\/2026\/01\/Vitapro.jpg","contentUrl":"https:\/\/www.quebakan.com\/v15\/wp-content\/uploads\/2026\/01\/Vitapro.jpg","width":700,"height":466},{"@type":"BreadcrumbList","@id":"https:\/\/www.quebakan.com\/v15\/vitapro-consolida-una-vision-de-futuro-para-una-acuicultura-en-transformacion\/#breadcrumb","itemListElement":[{"@type":"ListItem","position":1,"name":"Portada","item":"https:\/\/www.quebakan.com\/v15\/"},{"@type":"ListItem","position":2,"name":"Vitapro consolida una visi\u00f3n de futuro para una acuicultura en transformaci\u00f3n"}]},{"@type":"WebSite","@id":"https:\/\/www.quebakan.com\/v15\/#website","url":"https:\/\/www.quebakan.com\/v15\/","name":"QUEBAKAN","description":"..","publisher":{"@id":"https:\/\/www.quebakan.com\/v15\/#organization"},"potentialAction":[{"@type":"SearchAction","target":{"@type":"EntryPoint","urlTemplate":"https:\/\/www.quebakan.com\/v15\/?s={search_term_string}"},"query-input":{"@type":"PropertyValueSpecification","valueRequired":true,"valueName":"search_term_string"}}],"inLanguage":"es"},{"@type":"Organization","@id":"https:\/\/www.quebakan.com\/v15\/#organization","name":"Quebakan.com","url":"https:\/\/www.quebakan.com\/v15\/","logo":{"@type":"ImageObject","inLanguage":"es","@id":"https:\/\/www.quebakan.com\/v15\/#\/schema\/logo\/image\/","url":"https:\/\/www.quebakan.com\/v15\/wp-content\/uploads\/2023\/07\/logoquebakanenero2021.jpg","contentUrl":"https:\/\/www.quebakan.com\/v15\/wp-content\/uploads\/2023\/07\/logoquebakanenero2021.jpg","width":1920,"height":1080,"caption":"Quebakan.com"},"image":{"@id":"https:\/\/www.quebakan.com\/v15\/#\/schema\/logo\/image\/"},"sameAs":["http:\/\/www.facebook.com\/quebakan","https:\/\/x.com\/quebakanec","http:\/\/www.instagram.com\/quebakan","http:\/\/www.youtube.com\/quebakan1"]},{"@type":"Person","@id":"https:\/\/www.quebakan.com\/v15\/#\/schema\/person\/d90fa9f9cfa81eb8ace9811e5b7b9118","name":"Erick Villafuerte","image":{"@type":"ImageObject","inLanguage":"es","@id":"https:\/\/www.quebakan.com\/v15\/wp-content\/uploads\/avatars\/4\/1731297654-bpfull.png","url":"https:\/\/www.quebakan.com\/v15\/wp-content\/uploads\/avatars\/4\/1731297654-bpfull.png","contentUrl":"https:\/\/www.quebakan.com\/v15\/wp-content\/uploads\/avatars\/4\/1731297654-bpfull.png","caption":"Erick Villafuerte"}}]}},"_links":{"self":[{"href":"https:\/\/www.quebakan.com\/v15\/wp-json\/wp\/v2\/posts\/139251","targetHints":{"allow":["GET"]}}],"collection":[{"href":"https:\/\/www.quebakan.com\/v15\/wp-json\/wp\/v2\/posts"}],"about":[{"href":"https:\/\/www.quebakan.com\/v15\/wp-json\/wp\/v2\/types\/post"}],"author":[{"embeddable":true,"href":"https:\/\/www.quebakan.com\/v15\/wp-json\/wp\/v2\/users\/4"}],"replies":[{"embeddable":true,"href":"https:\/\/www.quebakan.com\/v15\/wp-json\/wp\/v2\/comments?post=139251"}],"version-history":[{"count":1,"href":"https:\/\/www.quebakan.com\/v15\/wp-json\/wp\/v2\/posts\/139251\/revisions"}],"predecessor-version":[{"id":139254,"href":"https:\/\/www.quebakan.com\/v15\/wp-json\/wp\/v2\/posts\/139251\/revisions\/139254"}],"wp:featuredmedia":[{"embeddable":true,"href":"https:\/\/www.quebakan.com\/v15\/wp-json\/wp\/v2\/media\/139252"}],"wp:attachment":[{"href":"https:\/\/www.quebakan.com\/v15\/wp-json\/wp\/v2\/media?parent=139251"}],"wp:term":[{"taxonomy":"category","embeddable":true,"href":"https:\/\/www.quebakan.com\/v15\/wp-json\/wp\/v2\/categories?post=139251"},{"taxonomy":"post_tag","embeddable":true,"href":"https:\/\/www.quebakan.com\/v15\/wp-json\/wp\/v2\/tags?post=139251"}],"curies":[{"name":"wp","href":"https:\/\/api.w.org\/{rel}","templated":true}]}}