{"id":139255,"date":"2026-01-22T01:12:42","date_gmt":"2026-01-22T06:12:42","guid":{"rendered":"https:\/\/www.quebakan.com\/v15\/?p=139255"},"modified":"2026-01-22T01:12:42","modified_gmt":"2026-01-22T06:12:42","slug":"aleteo-mitchel-el-titan-abre-la-era-de-ranchocoleta-con-sabor-costeno-baile-y-raices-caribenas","status":"publish","type":"post","link":"https:\/\/www.quebakan.com\/v15\/aleteo-mitchel-el-titan-abre-la-era-de-ranchocoleta-con-sabor-costeno-baile-y-raices-caribenas\/","title":{"rendered":"\u201cAleteo\u201d: Mitchel El Tit\u00e1n abre la era de RanchoColeta con sabor coste\u00f1o, baile y ra\u00edces caribe\u00f1as"},"content":{"rendered":"<p dir=\"ltr\"><img fetchpriority=\"high\" decoding=\"async\" class=\"aligncenter size-full wp-image-139256\" src=\"https:\/\/www.quebakan.com\/v15\/wp-content\/uploads\/2026\/01\/Foto-535.jpg\" alt=\"\" width=\"467\" height=\"700\" \/><\/p>\n<p dir=\"ltr\" style=\"text-align: justify;\"><span style=\"color: #000000;\">El 2026 arranca con fuerza para el artista colombiano\u00a0Mitchel El Tit\u00e1n, quien presenta\u00a0\u201cAleteo\u201d, el primer lanzamiento de su nuevo EP\u00a0Ranchacoleta, un proyecto que rescata la esencia de las verbenas, los patios rumberos y la cultura musical que ha marcado generaciones en la costa Caribe.<\/span><\/p>\n<p dir=\"ltr\" style=\"text-align: justify;\"><strong><span style=\"color: #000000;\">Un sonido que nace de la rumba y del barrio<\/span><\/strong><\/p>\n<p dir=\"ltr\" style=\"text-align: justify;\"><span style=\"color: #000000;\">La inspiraci\u00f3n de \u201cAleteo\u201d surge de las rumbas tradicionales de la ciudad, aquellos espacios donde el baile, los amigos y el sabor caribe\u00f1o se mezclan hasta convertirse en identidad. En colaboraci\u00f3n con\u00a0Jam Esmeral, productor y rapero, Mitchel decidi\u00f3 crear una rancha que capturara el esp\u00edritu de esas noches de m\u00fasica, sudor y alegr\u00eda colectiva. As\u00ed naci\u00f3 este tema que abre un nuevo cap\u00edtulo en su carrera.<\/span><\/p>\n<p dir=\"ltr\" style=\"text-align: justify;\"><strong><span style=\"color: #000000;\">\u00bfQu\u00e9 es el \u201cAleteo\u201d? Un movimiento, un ritmo, una energ\u00eda<\/span><\/strong><\/p>\n<p dir=\"ltr\" style=\"text-align: justify;\"><span style=\"color: #000000;\">En la costa, \u201cAleteo\u201d es una palabra llena de vida. Se usa para describir sonidos con fuerza, m\u00fasica con golpe y ambientes cargados de baile y sabrosura. Es el concepto perfecto para retratar lo que ocurre en una fiesta coste\u00f1a: cuerpos que se acercan, el ritmo que gu\u00eda, la alegr\u00eda que une y la m\u00fasica que convierte a todos en un solo movimiento.<\/span><\/p>\n<p dir=\"ltr\" style=\"text-align: justify;\"><strong><span style=\"color: #000000;\">Ranchacoleta: un EP para la gente, desde la jerga y el coraz\u00f3n coste\u00f1o<\/span><\/strong><\/p>\n<p dir=\"ltr\" style=\"text-align: justify;\"><span style=\"color: #000000;\">Ranchacoleta\u00a0fue creado para que la gente se vea reflejada, para que quien lo escuche sienta el barrio, su d\u00eda a d\u00eda y ese lenguaje \u00fanico de la costa Caribe. Mitchel mezcla la rancha con fusiones africanas, vallenato, tambora y otros ritmos que representan la riqueza musical de su tierra, logrando un sonido fresco, aut\u00e9ntico y profundamente local.<\/span><\/p>\n<p dir=\"ltr\" style=\"text-align: justify;\"><strong><span style=\"color: #000000;\">Visuales que cuentan historias reales<\/span><\/strong><\/p>\n<p dir=\"ltr\" style=\"text-align: justify;\"><span style=\"color: #000000;\">Todos los videoclips del EP fueron grabados en\u00a0Rec Creativos, bajo la producci\u00f3n de\u00a0GyH Producciones. En el video de \u201cAleteo\u201d, se recrea el ambiente t\u00edpico de una verbena: el pick up sonando fuerte, la cerveza fr\u00eda, el domin\u00f3 en la mesa y la camarader\u00eda entre amigos. El baile, la alegr\u00eda y el esp\u00edritu de fiesta son los protagonistas visuales de este lanzamiento.<\/span><\/p>\n<p dir=\"ltr\" style=\"text-align: justify;\"><strong><span style=\"color: #000000;\">Mitchel El Tit\u00e1n: un compositor que vuelve a sus ra\u00edces<\/span><\/strong><\/p>\n<p dir=\"ltr\" style=\"text-align: justify;\"><span style=\"color: #000000;\">Mitchel se define ante todo como\u00a0compositor. Su m\u00fasica busca transmitir emociones, estados y vivencias cotidianas. Aunque se mueve dentro de lo urbano, mantiene una identidad clara: la de un artista que encuentra en el ritmo y la esencia de su tierra su mayor motor creativo.<\/span><\/p>\n<p dir=\"ltr\" style=\"text-align: justify;\"><span style=\"color: #000000;\">\u201cEste lanzamiento representa volver a mis ra\u00edces, regresar a la alegr\u00eda que se vive en el baile y ofrecer m\u00fasica que transmita sabor y buena vibra. Es una etapa que quiero disfrutar y compartir\u201d, afirma El Tit\u00e1n.<\/span><\/p>\n<p dir=\"ltr\" style=\"text-align: justify;\"><strong><span style=\"color: #000000;\">Sobre el artista<\/span><\/strong><\/p>\n<p dir=\"ltr\" style=\"text-align: justify;\"><span style=\"color: #000000;\">Su nombre de pila es\u00a0Mitchel De Jes\u00fas Ar\u00e9valo Peralta, conocido art\u00edsticamente como\u00a0Mitchel El Tit\u00e1n. El apodo nace de su paso por el grupo musical\u00a0The Clan Family, con el que form\u00f3 su escuela art\u00edstica. Inspirado por la mitolog\u00eda y por el orgullo de provenir de una \u201cciudad de Titanes\u201d \u2014tierra del Pibe Valderrama, Falcao y Carlos Vives\u2014 adopt\u00f3 un nombre que refleja fuerza y grandeza.<\/span><\/p>\n<p dir=\"ltr\" style=\"text-align: justify;\"><span style=\"color: #000000;\">Para Mitchel, la m\u00fasica es una llama interna que nunca se apaga: \u201cestar en el estudio, escuchar ritmos y proponer ideas es la dosis diaria que me hace sentir completo\u201d, comenta.<\/span><\/p>\n<h3 dir=\"ltr\" style=\"text-align: justify;\"><span style=\"color: #000000;\">Un 2026 cargado de m\u00fasica<\/span><\/h3>\n<p dir=\"ltr\" style=\"text-align: justify;\"><span style=\"color: #000000;\">Con\u00a0Ranchacoleta, Mitchel apost\u00f3 por un lanzamiento escalonado para mantener la conexi\u00f3n con su p\u00fablico.<\/span><\/p>\n<ul style=\"text-align: justify;\">\n<li dir=\"ltr\">\n<p dir=\"ltr\" role=\"presentation\"><span style=\"color: #000000;\">Aleteo abre oficialmente el EP.<\/span><\/p>\n<\/li>\n<li dir=\"ltr\">\n<p dir=\"ltr\" role=\"presentation\"><span style=\"color: #000000;\">Modo Avi\u00f3n llega el 5 de febrero.<\/span><\/p>\n<\/li>\n<li dir=\"ltr\">\n<p dir=\"ltr\" role=\"presentation\"><span style=\"color: #000000;\">Luego seguir\u00e1n Si a Todo, Llega roDallega y Nota en High, cada semana, fortaleciendo la expectativa y el alcance del proyecto.<\/span><\/p>\n<\/li>\n<\/ul>\n<h3 dir=\"ltr\" style=\"text-align: justify;\"><span style=\"color: #000000;\">Redes Sociales<\/span><\/h3>\n<p dir=\"ltr\" style=\"text-align: justify;\"><span style=\"color: #000000;\">Instagram:\u00a0@mitchelltitan<\/span><br \/>\n<span style=\"color: #000000;\">Facebook:\u00a0@mitchelleltitan<\/span><br \/>\n<span style=\"color: #000000;\">Plataformas digitales:\u00a0Mitchel El Tit\u00e1n\u00a0(Spotify, Apple Music, YouTube)<\/span><\/p>\n<p dir=\"ltr\"><img decoding=\"async\" class=\"aligncenter size-full wp-image-139257\" src=\"https:\/\/www.quebakan.com\/v15\/wp-content\/uploads\/2026\/01\/Foto-695-1.jpg\" alt=\"\" width=\"700\" height=\"467\" \/><\/p>\n<p dir=\"ltr\">\n<p dir=\"ltr\"><img decoding=\"async\" class=\"aligncenter size-full wp-image-139258\" src=\"https:\/\/www.quebakan.com\/v15\/wp-content\/uploads\/2026\/01\/Foto-7.jpg\" alt=\"\" width=\"467\" height=\"700\" \/><\/p>\n","protected":false},"excerpt":{"rendered":"<p>El 2026 arranca con fuerza para el artista colombiano\u00a0Mitchel El Tit\u00e1n, quien presenta\u00a0\u201cAleteo\u201d, el primer lanzamiento de su nuevo EP\u00a0Ranchacoleta, un proyecto que rescata la esencia de las verbenas, los patios rumberos y la cultura musical que ha marcado generaciones en la costa Caribe. Un sonido que nace de la rumba y del barrio La [&hellip;]<\/p>\n","protected":false},"author":4,"featured_media":139257,"comment_status":"closed","ping_status":"closed","sticky":false,"template":"","format":"standard","meta":{"_bbp_topic_count":0,"_bbp_reply_count":0,"_bbp_total_topic_count":0,"_bbp_total_reply_count":0,"_bbp_voice_count":0,"_bbp_anonymous_reply_count":0,"_bbp_topic_count_hidden":0,"_bbp_reply_count_hidden":0,"_bbp_forum_subforum_count":0,"buzzeditor_post_format":"","footnotes":""},"categories":[332],"tags":[],"class_list":["post-139255","post","type-post","status-publish","format-standard","has-post-thumbnail","hentry","category-musica"],"yoast_head":"<!-- This site is optimized with the Yoast SEO plugin v27.5 - https:\/\/yoast.com\/product\/yoast-seo-wordpress\/ -->\n<title>\u201cAleteo\u201d: Mitchel El Tit\u00e1n abre la era de RanchoColeta con sabor coste\u00f1o, baile y ra\u00edces caribe\u00f1as &#8211; QUEBAKAN.COM 2026: Noticias, Eventos, Conciertos y mucho m\u00e1s....<\/title>\n<meta name=\"robots\" content=\"index, follow, max-snippet:-1, max-image-preview:large, max-video-preview:-1\" \/>\n<link rel=\"canonical\" href=\"https:\/\/www.quebakan.com\/v15\/aleteo-mitchel-el-titan-abre-la-era-de-ranchocoleta-con-sabor-costeno-baile-y-raices-caribenas\/\" \/>\n<meta property=\"og:locale\" content=\"es_ES\" \/>\n<meta property=\"og:type\" content=\"article\" \/>\n<meta property=\"og:title\" content=\"\u201cAleteo\u201d: Mitchel El Tit\u00e1n abre la era de RanchoColeta con sabor coste\u00f1o, baile y ra\u00edces caribe\u00f1as &#8211; QUEBAKAN.COM 2026: Noticias, Eventos, Conciertos y mucho m\u00e1s....\" \/>\n<meta property=\"og:description\" content=\"El 2026 arranca con fuerza para el artista colombiano\u00a0Mitchel El Tit\u00e1n, quien presenta\u00a0\u201cAleteo\u201d, el primer lanzamiento de su nuevo EP\u00a0Ranchacoleta, un proyecto que rescata la esencia de las verbenas, los patios rumberos y la cultura musical que ha marcado generaciones en la costa Caribe. Un sonido que nace de la rumba y del barrio La [&hellip;]\" \/>\n<meta property=\"og:url\" content=\"https:\/\/www.quebakan.com\/v15\/aleteo-mitchel-el-titan-abre-la-era-de-ranchocoleta-con-sabor-costeno-baile-y-raices-caribenas\/\" \/>\n<meta property=\"og:site_name\" content=\"QUEBAKAN.COM 2026: Noticias, Eventos, Conciertos y mucho m\u00e1s....\" \/>\n<meta property=\"article:publisher\" content=\"http:\/\/www.facebook.com\/quebakan\" \/>\n<meta property=\"article:published_time\" content=\"2026-01-22T06:12:42+00:00\" \/>\n<meta property=\"og:image\" content=\"https:\/\/www.quebakan.com\/v15\/wp-content\/uploads\/2026\/01\/Foto-695-1.jpg\" \/>\n\t<meta property=\"og:image:width\" content=\"700\" \/>\n\t<meta property=\"og:image:height\" content=\"467\" \/>\n\t<meta property=\"og:image:type\" content=\"image\/jpeg\" \/>\n<meta name=\"author\" content=\"Erick Villafuerte\" \/>\n<meta name=\"twitter:card\" content=\"summary_large_image\" \/>\n<meta name=\"twitter:creator\" content=\"@quebakanec\" \/>\n<meta name=\"twitter:site\" content=\"@quebakanec\" \/>\n<meta name=\"twitter:label1\" content=\"Escrito por\" \/>\n\t<meta name=\"twitter:data1\" content=\"Erick Villafuerte\" \/>\n\t<meta name=\"twitter:label2\" content=\"Tiempo de lectura\" \/>\n\t<meta name=\"twitter:data2\" content=\"4 minutos\" \/>\n<script type=\"application\/ld+json\" class=\"yoast-schema-graph\">{\"@context\":\"https:\\\/\\\/schema.org\",\"@graph\":[{\"@type\":\"Article\",\"@id\":\"https:\\\/\\\/www.quebakan.com\\\/v15\\\/aleteo-mitchel-el-titan-abre-la-era-de-ranchocoleta-con-sabor-costeno-baile-y-raices-caribenas\\\/#article\",\"isPartOf\":{\"@id\":\"https:\\\/\\\/www.quebakan.com\\\/v15\\\/aleteo-mitchel-el-titan-abre-la-era-de-ranchocoleta-con-sabor-costeno-baile-y-raices-caribenas\\\/\"},\"author\":{\"name\":\"Erick Villafuerte\",\"@id\":\"https:\\\/\\\/www.quebakan.com\\\/v15\\\/#\\\/schema\\\/person\\\/d90fa9f9cfa81eb8ace9811e5b7b9118\"},\"headline\":\"\u201cAleteo\u201d: Mitchel El Tit\u00e1n abre la era de RanchoColeta con sabor coste\u00f1o, baile y ra\u00edces caribe\u00f1as\",\"datePublished\":\"2026-01-22T06:12:42+00:00\",\"mainEntityOfPage\":{\"@id\":\"https:\\\/\\\/www.quebakan.com\\\/v15\\\/aleteo-mitchel-el-titan-abre-la-era-de-ranchocoleta-con-sabor-costeno-baile-y-raices-caribenas\\\/\"},\"wordCount\":660,\"publisher\":{\"@id\":\"https:\\\/\\\/www.quebakan.com\\\/v15\\\/#organization\"},\"image\":{\"@id\":\"https:\\\/\\\/www.quebakan.com\\\/v15\\\/aleteo-mitchel-el-titan-abre-la-era-de-ranchocoleta-con-sabor-costeno-baile-y-raices-caribenas\\\/#primaryimage\"},\"thumbnailUrl\":\"https:\\\/\\\/www.quebakan.com\\\/v15\\\/wp-content\\\/uploads\\\/2026\\\/01\\\/Foto-695-1.jpg\",\"articleSection\":[\"M\u00fasica\"],\"inLanguage\":\"es\"},{\"@type\":\"WebPage\",\"@id\":\"https:\\\/\\\/www.quebakan.com\\\/v15\\\/aleteo-mitchel-el-titan-abre-la-era-de-ranchocoleta-con-sabor-costeno-baile-y-raices-caribenas\\\/\",\"url\":\"https:\\\/\\\/www.quebakan.com\\\/v15\\\/aleteo-mitchel-el-titan-abre-la-era-de-ranchocoleta-con-sabor-costeno-baile-y-raices-caribenas\\\/\",\"name\":\"\u201cAleteo\u201d: Mitchel El Tit\u00e1n abre la era de RanchoColeta con sabor coste\u00f1o, baile y ra\u00edces caribe\u00f1as &#8211; QUEBAKAN.COM 2026: Noticias, Eventos, Conciertos y mucho m\u00e1s....\",\"isPartOf\":{\"@id\":\"https:\\\/\\\/www.quebakan.com\\\/v15\\\/#website\"},\"primaryImageOfPage\":{\"@id\":\"https:\\\/\\\/www.quebakan.com\\\/v15\\\/aleteo-mitchel-el-titan-abre-la-era-de-ranchocoleta-con-sabor-costeno-baile-y-raices-caribenas\\\/#primaryimage\"},\"image\":{\"@id\":\"https:\\\/\\\/www.quebakan.com\\\/v15\\\/aleteo-mitchel-el-titan-abre-la-era-de-ranchocoleta-con-sabor-costeno-baile-y-raices-caribenas\\\/#primaryimage\"},\"thumbnailUrl\":\"https:\\\/\\\/www.quebakan.com\\\/v15\\\/wp-content\\\/uploads\\\/2026\\\/01\\\/Foto-695-1.jpg\",\"datePublished\":\"2026-01-22T06:12:42+00:00\",\"breadcrumb\":{\"@id\":\"https:\\\/\\\/www.quebakan.com\\\/v15\\\/aleteo-mitchel-el-titan-abre-la-era-de-ranchocoleta-con-sabor-costeno-baile-y-raices-caribenas\\\/#breadcrumb\"},\"inLanguage\":\"es\",\"potentialAction\":[{\"@type\":\"ReadAction\",\"target\":[\"https:\\\/\\\/www.quebakan.com\\\/v15\\\/aleteo-mitchel-el-titan-abre-la-era-de-ranchocoleta-con-sabor-costeno-baile-y-raices-caribenas\\\/\"]}]},{\"@type\":\"ImageObject\",\"inLanguage\":\"es\",\"@id\":\"https:\\\/\\\/www.quebakan.com\\\/v15\\\/aleteo-mitchel-el-titan-abre-la-era-de-ranchocoleta-con-sabor-costeno-baile-y-raices-caribenas\\\/#primaryimage\",\"url\":\"https:\\\/\\\/www.quebakan.com\\\/v15\\\/wp-content\\\/uploads\\\/2026\\\/01\\\/Foto-695-1.jpg\",\"contentUrl\":\"https:\\\/\\\/www.quebakan.com\\\/v15\\\/wp-content\\\/uploads\\\/2026\\\/01\\\/Foto-695-1.jpg\",\"width\":700,\"height\":467},{\"@type\":\"BreadcrumbList\",\"@id\":\"https:\\\/\\\/www.quebakan.com\\\/v15\\\/aleteo-mitchel-el-titan-abre-la-era-de-ranchocoleta-con-sabor-costeno-baile-y-raices-caribenas\\\/#breadcrumb\",\"itemListElement\":[{\"@type\":\"ListItem\",\"position\":1,\"name\":\"Portada\",\"item\":\"https:\\\/\\\/www.quebakan.com\\\/v15\\\/\"},{\"@type\":\"ListItem\",\"position\":2,\"name\":\"\u201cAleteo\u201d: Mitchel El Tit\u00e1n abre la era de RanchoColeta con sabor coste\u00f1o, baile y ra\u00edces caribe\u00f1as\"}]},{\"@type\":\"WebSite\",\"@id\":\"https:\\\/\\\/www.quebakan.com\\\/v15\\\/#website\",\"url\":\"https:\\\/\\\/www.quebakan.com\\\/v15\\\/\",\"name\":\"QUEBAKAN\",\"description\":\"..\",\"publisher\":{\"@id\":\"https:\\\/\\\/www.quebakan.com\\\/v15\\\/#organization\"},\"potentialAction\":[{\"@type\":\"SearchAction\",\"target\":{\"@type\":\"EntryPoint\",\"urlTemplate\":\"https:\\\/\\\/www.quebakan.com\\\/v15\\\/?s={search_term_string}\"},\"query-input\":{\"@type\":\"PropertyValueSpecification\",\"valueRequired\":true,\"valueName\":\"search_term_string\"}}],\"inLanguage\":\"es\"},{\"@type\":\"Organization\",\"@id\":\"https:\\\/\\\/www.quebakan.com\\\/v15\\\/#organization\",\"name\":\"Quebakan.com\",\"url\":\"https:\\\/\\\/www.quebakan.com\\\/v15\\\/\",\"logo\":{\"@type\":\"ImageObject\",\"inLanguage\":\"es\",\"@id\":\"https:\\\/\\\/www.quebakan.com\\\/v15\\\/#\\\/schema\\\/logo\\\/image\\\/\",\"url\":\"https:\\\/\\\/www.quebakan.com\\\/v15\\\/wp-content\\\/uploads\\\/2023\\\/07\\\/logoquebakanenero2021.jpg\",\"contentUrl\":\"https:\\\/\\\/www.quebakan.com\\\/v15\\\/wp-content\\\/uploads\\\/2023\\\/07\\\/logoquebakanenero2021.jpg\",\"width\":1920,\"height\":1080,\"caption\":\"Quebakan.com\"},\"image\":{\"@id\":\"https:\\\/\\\/www.quebakan.com\\\/v15\\\/#\\\/schema\\\/logo\\\/image\\\/\"},\"sameAs\":[\"http:\\\/\\\/www.facebook.com\\\/quebakan\",\"https:\\\/\\\/x.com\\\/quebakanec\",\"http:\\\/\\\/www.instagram.com\\\/quebakan\",\"http:\\\/\\\/www.youtube.com\\\/quebakan1\"]},{\"@type\":\"Person\",\"@id\":\"https:\\\/\\\/www.quebakan.com\\\/v15\\\/#\\\/schema\\\/person\\\/d90fa9f9cfa81eb8ace9811e5b7b9118\",\"name\":\"Erick Villafuerte\",\"image\":{\"@type\":\"ImageObject\",\"inLanguage\":\"es\",\"@id\":\"https:\\\/\\\/www.quebakan.com\\\/v15\\\/wp-content\\\/uploads\\\/avatars\\\/4\\\/1731297654-bpfull.png\",\"url\":\"https:\\\/\\\/www.quebakan.com\\\/v15\\\/wp-content\\\/uploads\\\/avatars\\\/4\\\/1731297654-bpfull.png\",\"contentUrl\":\"https:\\\/\\\/www.quebakan.com\\\/v15\\\/wp-content\\\/uploads\\\/avatars\\\/4\\\/1731297654-bpfull.png\",\"caption\":\"Erick Villafuerte\"}}]}<\/script>\n<!-- \/ Yoast SEO plugin. -->","yoast_head_json":{"title":"\u201cAleteo\u201d: Mitchel El Tit\u00e1n abre la era de RanchoColeta con sabor coste\u00f1o, baile y ra\u00edces caribe\u00f1as &#8211; QUEBAKAN.COM 2026: Noticias, Eventos, Conciertos y mucho m\u00e1s....","robots":{"index":"index","follow":"follow","max-snippet":"max-snippet:-1","max-image-preview":"max-image-preview:large","max-video-preview":"max-video-preview:-1"},"canonical":"https:\/\/www.quebakan.com\/v15\/aleteo-mitchel-el-titan-abre-la-era-de-ranchocoleta-con-sabor-costeno-baile-y-raices-caribenas\/","og_locale":"es_ES","og_type":"article","og_title":"\u201cAleteo\u201d: Mitchel El Tit\u00e1n abre la era de RanchoColeta con sabor coste\u00f1o, baile y ra\u00edces caribe\u00f1as &#8211; QUEBAKAN.COM 2026: Noticias, Eventos, Conciertos y mucho m\u00e1s....","og_description":"El 2026 arranca con fuerza para el artista colombiano\u00a0Mitchel El Tit\u00e1n, quien presenta\u00a0\u201cAleteo\u201d, el primer lanzamiento de su nuevo EP\u00a0Ranchacoleta, un proyecto que rescata la esencia de las verbenas, los patios rumberos y la cultura musical que ha marcado generaciones en la costa Caribe. Un sonido que nace de la rumba y del barrio La [&hellip;]","og_url":"https:\/\/www.quebakan.com\/v15\/aleteo-mitchel-el-titan-abre-la-era-de-ranchocoleta-con-sabor-costeno-baile-y-raices-caribenas\/","og_site_name":"QUEBAKAN.COM 2026: Noticias, Eventos, Conciertos y mucho m\u00e1s....","article_publisher":"http:\/\/www.facebook.com\/quebakan","article_published_time":"2026-01-22T06:12:42+00:00","og_image":[{"width":700,"height":467,"url":"https:\/\/www.quebakan.com\/v15\/wp-content\/uploads\/2026\/01\/Foto-695-1.jpg","type":"image\/jpeg"}],"author":"Erick Villafuerte","twitter_card":"summary_large_image","twitter_creator":"@quebakanec","twitter_site":"@quebakanec","twitter_misc":{"Escrito por":"Erick Villafuerte","Tiempo de lectura":"4 minutos"},"schema":{"@context":"https:\/\/schema.org","@graph":[{"@type":"Article","@id":"https:\/\/www.quebakan.com\/v15\/aleteo-mitchel-el-titan-abre-la-era-de-ranchocoleta-con-sabor-costeno-baile-y-raices-caribenas\/#article","isPartOf":{"@id":"https:\/\/www.quebakan.com\/v15\/aleteo-mitchel-el-titan-abre-la-era-de-ranchocoleta-con-sabor-costeno-baile-y-raices-caribenas\/"},"author":{"name":"Erick Villafuerte","@id":"https:\/\/www.quebakan.com\/v15\/#\/schema\/person\/d90fa9f9cfa81eb8ace9811e5b7b9118"},"headline":"\u201cAleteo\u201d: Mitchel El Tit\u00e1n abre la era de RanchoColeta con sabor coste\u00f1o, baile y ra\u00edces caribe\u00f1as","datePublished":"2026-01-22T06:12:42+00:00","mainEntityOfPage":{"@id":"https:\/\/www.quebakan.com\/v15\/aleteo-mitchel-el-titan-abre-la-era-de-ranchocoleta-con-sabor-costeno-baile-y-raices-caribenas\/"},"wordCount":660,"publisher":{"@id":"https:\/\/www.quebakan.com\/v15\/#organization"},"image":{"@id":"https:\/\/www.quebakan.com\/v15\/aleteo-mitchel-el-titan-abre-la-era-de-ranchocoleta-con-sabor-costeno-baile-y-raices-caribenas\/#primaryimage"},"thumbnailUrl":"https:\/\/www.quebakan.com\/v15\/wp-content\/uploads\/2026\/01\/Foto-695-1.jpg","articleSection":["M\u00fasica"],"inLanguage":"es"},{"@type":"WebPage","@id":"https:\/\/www.quebakan.com\/v15\/aleteo-mitchel-el-titan-abre-la-era-de-ranchocoleta-con-sabor-costeno-baile-y-raices-caribenas\/","url":"https:\/\/www.quebakan.com\/v15\/aleteo-mitchel-el-titan-abre-la-era-de-ranchocoleta-con-sabor-costeno-baile-y-raices-caribenas\/","name":"\u201cAleteo\u201d: Mitchel El Tit\u00e1n abre la era de RanchoColeta con sabor coste\u00f1o, baile y ra\u00edces caribe\u00f1as &#8211; QUEBAKAN.COM 2026: Noticias, Eventos, Conciertos y mucho m\u00e1s....","isPartOf":{"@id":"https:\/\/www.quebakan.com\/v15\/#website"},"primaryImageOfPage":{"@id":"https:\/\/www.quebakan.com\/v15\/aleteo-mitchel-el-titan-abre-la-era-de-ranchocoleta-con-sabor-costeno-baile-y-raices-caribenas\/#primaryimage"},"image":{"@id":"https:\/\/www.quebakan.com\/v15\/aleteo-mitchel-el-titan-abre-la-era-de-ranchocoleta-con-sabor-costeno-baile-y-raices-caribenas\/#primaryimage"},"thumbnailUrl":"https:\/\/www.quebakan.com\/v15\/wp-content\/uploads\/2026\/01\/Foto-695-1.jpg","datePublished":"2026-01-22T06:12:42+00:00","breadcrumb":{"@id":"https:\/\/www.quebakan.com\/v15\/aleteo-mitchel-el-titan-abre-la-era-de-ranchocoleta-con-sabor-costeno-baile-y-raices-caribenas\/#breadcrumb"},"inLanguage":"es","potentialAction":[{"@type":"ReadAction","target":["https:\/\/www.quebakan.com\/v15\/aleteo-mitchel-el-titan-abre-la-era-de-ranchocoleta-con-sabor-costeno-baile-y-raices-caribenas\/"]}]},{"@type":"ImageObject","inLanguage":"es","@id":"https:\/\/www.quebakan.com\/v15\/aleteo-mitchel-el-titan-abre-la-era-de-ranchocoleta-con-sabor-costeno-baile-y-raices-caribenas\/#primaryimage","url":"https:\/\/www.quebakan.com\/v15\/wp-content\/uploads\/2026\/01\/Foto-695-1.jpg","contentUrl":"https:\/\/www.quebakan.com\/v15\/wp-content\/uploads\/2026\/01\/Foto-695-1.jpg","width":700,"height":467},{"@type":"BreadcrumbList","@id":"https:\/\/www.quebakan.com\/v15\/aleteo-mitchel-el-titan-abre-la-era-de-ranchocoleta-con-sabor-costeno-baile-y-raices-caribenas\/#breadcrumb","itemListElement":[{"@type":"ListItem","position":1,"name":"Portada","item":"https:\/\/www.quebakan.com\/v15\/"},{"@type":"ListItem","position":2,"name":"\u201cAleteo\u201d: Mitchel El Tit\u00e1n abre la era de RanchoColeta con sabor coste\u00f1o, baile y ra\u00edces caribe\u00f1as"}]},{"@type":"WebSite","@id":"https:\/\/www.quebakan.com\/v15\/#website","url":"https:\/\/www.quebakan.com\/v15\/","name":"QUEBAKAN","description":"..","publisher":{"@id":"https:\/\/www.quebakan.com\/v15\/#organization"},"potentialAction":[{"@type":"SearchAction","target":{"@type":"EntryPoint","urlTemplate":"https:\/\/www.quebakan.com\/v15\/?s={search_term_string}"},"query-input":{"@type":"PropertyValueSpecification","valueRequired":true,"valueName":"search_term_string"}}],"inLanguage":"es"},{"@type":"Organization","@id":"https:\/\/www.quebakan.com\/v15\/#organization","name":"Quebakan.com","url":"https:\/\/www.quebakan.com\/v15\/","logo":{"@type":"ImageObject","inLanguage":"es","@id":"https:\/\/www.quebakan.com\/v15\/#\/schema\/logo\/image\/","url":"https:\/\/www.quebakan.com\/v15\/wp-content\/uploads\/2023\/07\/logoquebakanenero2021.jpg","contentUrl":"https:\/\/www.quebakan.com\/v15\/wp-content\/uploads\/2023\/07\/logoquebakanenero2021.jpg","width":1920,"height":1080,"caption":"Quebakan.com"},"image":{"@id":"https:\/\/www.quebakan.com\/v15\/#\/schema\/logo\/image\/"},"sameAs":["http:\/\/www.facebook.com\/quebakan","https:\/\/x.com\/quebakanec","http:\/\/www.instagram.com\/quebakan","http:\/\/www.youtube.com\/quebakan1"]},{"@type":"Person","@id":"https:\/\/www.quebakan.com\/v15\/#\/schema\/person\/d90fa9f9cfa81eb8ace9811e5b7b9118","name":"Erick Villafuerte","image":{"@type":"ImageObject","inLanguage":"es","@id":"https:\/\/www.quebakan.com\/v15\/wp-content\/uploads\/avatars\/4\/1731297654-bpfull.png","url":"https:\/\/www.quebakan.com\/v15\/wp-content\/uploads\/avatars\/4\/1731297654-bpfull.png","contentUrl":"https:\/\/www.quebakan.com\/v15\/wp-content\/uploads\/avatars\/4\/1731297654-bpfull.png","caption":"Erick Villafuerte"}}]}},"_links":{"self":[{"href":"https:\/\/www.quebakan.com\/v15\/wp-json\/wp\/v2\/posts\/139255","targetHints":{"allow":["GET"]}}],"collection":[{"href":"https:\/\/www.quebakan.com\/v15\/wp-json\/wp\/v2\/posts"}],"about":[{"href":"https:\/\/www.quebakan.com\/v15\/wp-json\/wp\/v2\/types\/post"}],"author":[{"embeddable":true,"href":"https:\/\/www.quebakan.com\/v15\/wp-json\/wp\/v2\/users\/4"}],"replies":[{"embeddable":true,"href":"https:\/\/www.quebakan.com\/v15\/wp-json\/wp\/v2\/comments?post=139255"}],"version-history":[{"count":1,"href":"https:\/\/www.quebakan.com\/v15\/wp-json\/wp\/v2\/posts\/139255\/revisions"}],"predecessor-version":[{"id":139259,"href":"https:\/\/www.quebakan.com\/v15\/wp-json\/wp\/v2\/posts\/139255\/revisions\/139259"}],"wp:featuredmedia":[{"embeddable":true,"href":"https:\/\/www.quebakan.com\/v15\/wp-json\/wp\/v2\/media\/139257"}],"wp:attachment":[{"href":"https:\/\/www.quebakan.com\/v15\/wp-json\/wp\/v2\/media?parent=139255"}],"wp:term":[{"taxonomy":"category","embeddable":true,"href":"https:\/\/www.quebakan.com\/v15\/wp-json\/wp\/v2\/categories?post=139255"},{"taxonomy":"post_tag","embeddable":true,"href":"https:\/\/www.quebakan.com\/v15\/wp-json\/wp\/v2\/tags?post=139255"}],"curies":[{"name":"wp","href":"https:\/\/api.w.org\/{rel}","templated":true}]}}