{"id":139260,"date":"2026-01-22T01:37:48","date_gmt":"2026-01-22T06:37:48","guid":{"rendered":"https:\/\/www.quebakan.com\/v15\/?p=139260"},"modified":"2026-01-22T01:37:48","modified_gmt":"2026-01-22T06:37:48","slug":"llegaron-a-ecuador-edgebuds-los-audifonos-klip-xtreme-con-cancelacion-de-ruido-activa","status":"publish","type":"post","link":"https:\/\/www.quebakan.com\/v15\/llegaron-a-ecuador-edgebuds-los-audifonos-klip-xtreme-con-cancelacion-de-ruido-activa\/","title":{"rendered":"Llegaron a Ecuador EdgeBuds , los aud\u00edfonos Klip Xtreme con Cancelaci\u00f3n de Ruido Activa"},"content":{"rendered":"<p align=\"center\"><img fetchpriority=\"high\" decoding=\"async\" class=\"aligncenter size-full wp-image-139261\" src=\"https:\/\/www.quebakan.com\/v15\/wp-content\/uploads\/2026\/01\/Klip_Xtreme_KTE-755WH_caracterisiticas.jpg\" alt=\"\" width=\"700\" height=\"394\" \/><\/p>\n<p class=\"x_MsoNormal\" style=\"text-align: justify;\" align=\"center\"><span style=\"color: #000000;\"><i><span lang=\"ES\" data-olk-copy-source=\"MessageBody\">La marca anunci\u00f3 el lanzamiento de sus aud\u00edfonos TWS con tecnolog\u00eda de Cancelaci\u00f3n de Ruido Activa (ANC) y micr\u00f3fono con cancelaci\u00f3n de ruido ambiental. Los EdgeBuds KTE-755 se destacan tambi\u00e9n por brindar una autonom\u00eda de 22 horas de reproducci\u00f3n y potentes drivers de 13 mm para una experiencia de audio superior. Adem\u00e1s, gracias a su clasificaci\u00f3n IPX4, son resistentes al agua.<\/span><\/i><\/span><\/p>\n<p class=\"x_MsoNormal\" style=\"text-align: justify;\"><span lang=\"ES\" style=\"color: #000000;\">Guayaquil, 20 de enero de 2026. Klip Xtreme, la marca de audio, accesorios y productos perif\u00e9ricos de tecnolog\u00eda, anunci\u00f3 el lanzamiento de EdgeBuds KTE-755, sus nuevos aud\u00edfonos inal\u00e1mbricos Bluetooth v5.4 con Cancelaci\u00f3n de Ruido Activa (ANC).<\/span><\/p>\n<p class=\"x_MsoNormal\" style=\"text-align: justify;\"><span lang=\"ES\" style=\"color: #000000;\">\u201cLos EdgeBuds de Klip Xtreme integran tecnolog\u00eda de Cancelaci\u00f3n de Ruido Activa con un \u00edndice de reducci\u00f3n de ruido (NRR) de 25 dB, lo que permite a los usuarios sumergirse en su m\u00fasica favorita sin interferencias, incluso en ambientes ruidosos. Pueden activar el modo ANC cuando quieren bloquear completamente los sonidos externos, como en el transporte p\u00fablico o espacios concurridos; o cambiar al modo Transparencia cuando necesitan mantenerse alerta a lo que sucede a su alrededor, por ejemplo, al caminar por la calle o en una conversaci\u00f3n casual, sin necesidad de quitarse los auriculares\u201d, destac\u00f3\u00a0<b>Carolina Freile, Territory Manager para Ecuador, Colombia y Venezuela de Klip Xtreme y Xtech<\/b>.<\/span><\/p>\n<p class=\"x_MsoNormal\" style=\"text-align: justify;\"><span lang=\"ES\" style=\"color: #000000;\">La ejecutiva agreg\u00f3: \u201cAdem\u00e1s de la cancelaci\u00f3n activa de ruido para el usuario, los EdgeBuds cuentan con micr\u00f3fono con Cancelaci\u00f3n de Ruido Ambiental (ENC) que alcanza hasta 35 dB de reducci\u00f3n de ruido, garantizando que la voz se transmita con claridad cristalina durante llamadas importantes, conferencias o reuniones virtuales, incluso en los entornos m\u00e1s bulliciosos. Esta caracter\u00edstica es especialmente valiosa en el contexto actual donde el trabajo h\u00edbrido y las comunicaciones remotas son fundamentales\u201d.<\/span><\/p>\n<p class=\"x_MsoNormal\" style=\"text-align: justify;\"><span lang=\"ES\" style=\"color: #000000;\">Aptos para cualquier estilo, los Klip Xtreme Edgebuds est\u00e1n disponibles en tres versiones de color: blanco (KTE-755WH), negro (KTE-755BK) y gris (KTE-755GR). Adem\u00e1s, integran potentes microaltavoces de 13 mm que ofrecen un amplio rango de frecuencias bajas, medias y altas, proporcionando un sonido de alta calidad con la profundidad, brillo y claridad necesarios para percibir incluso los detalles m\u00e1s sutiles de las canciones favoritas del usuario.<\/span><\/p>\n<p class=\"x_MsoNormal\" style=\"text-align: justify;\"><span lang=\"ES\" style=\"color: #000000;\">Sus funcionalidades se habilitan a trav\u00e9s de tecnolog\u00eda Smart Touch, que permite un control conveniente con configuraci\u00f3n de audio de un solo toque desde los auriculares, contestar o colgar llamadas, ajustar el volumen y habilitar la funcionalidad de manos libres usando los asistentes de voz Google o Siri.<\/span><\/p>\n<p class=\"x_MsoNormal\" style=\"text-align: justify;\"><span lang=\"ES\" style=\"color: #000000;\">\u201cLos EdgeBuds se integran a la amplia familia de auriculares con tecnolog\u00eda TWS de Klip Xtreme, que permite que se conecten autom\u00e1ticamente al dispositivo fuente cuando se remueven del estuche de carga, y transmitir de forma separada el canal izquierdo y el derecho para conseguir un sonido est\u00e9reo de calidad. La tecnolog\u00eda Bluetooth v5.4 de \u00faltima generaci\u00f3n posibilita una transmisi\u00f3n inal\u00e1mbrica perfecta con un alcance de hasta 10 metros\u201d, afirm\u00f3\u00a0<b>Carolina Freile<\/b>, quien destac\u00f3: \u201cSu estuche de carga incluye pantalla LED que muestra el nivel de bater\u00eda y el estado de carga en tiempo real de cada aud\u00edfono, y posee capacidad para cuatro ciclos de carga completos, brindando hasta 22 horas de autonom\u00eda total. Esto significa 5,5 horas de funcionamiento continuo de los aud\u00edfonos, multiplicadas por cuatro ciclos completos de recarga\u201d.<\/span><\/p>\n<p class=\"x_MsoNormal\" style=\"text-align: justify;\"><span lang=\"ES\" style=\"color: #000000;\">La ejecutiva tambi\u00e9n resalt\u00f3 la versatilidad del producto: \u201cGracias a su clasificaci\u00f3n IPX4, los EdgeBuds son resistentes al agua, lo cual los hace perfectos para hacer ejercicio o continuar disfrutando de la m\u00fasica incluso bajo la lluvia. Las puntas de silicona proporcionan un ajuste seguro y c\u00f3modo que tambi\u00e9n ayuda a bloquear el ruido de forma pasiva, complementando la tecnolog\u00eda ANC\u201d.<\/span><\/p>\n<p class=\"x_MsoNormal\" style=\"text-align: justify;\"><span lang=\"ES\" style=\"color: #000000;\">\u201cCon este lanzamiento, Klip Xtreme confirma una vez m\u00e1s su compromiso con la innovaci\u00f3n en el creciente mercado de wearables, ofreciendo una experiencia de audio personalizada que permite a los usuarios desconectarse del ruido exterior y conectarse verdaderamente con su mundo sonoro\u201d, concluy\u00f3\u00a0<b>Carolina Freile<\/b>.<\/span><\/p>\n<p class=\"x_MsoNormal\" style=\"text-align: justify;\"><span style=\"color: #000000;\"><b><span lang=\"ES\">Precio y disponibilidad de los EdgeBuds de Klip Xtreme<\/span><\/b><\/span><\/p>\n<p class=\"x_MsoNormal\" style=\"text-align: justify;\"><span lang=\"ES\" style=\"color: #000000;\">Los aud\u00edfonos Klip Xtreme EdgeBuds KTE-755 tienen un precio sugerido de venta al p\u00fablico de USD $36 d\u00f3lares<\/span><\/p>\n<p class=\"x_MsoNormal\" style=\"text-align: justify;\"><span lang=\"ES\" style=\"color: #000000;\">Los usuarios pueden encontrarlos en Etafashion, Sukasa y Super Pa-co, entre otras tiendas del pa\u00eds.<\/span><\/p>\n<p class=\"x_MsoNormal\" style=\"text-align: justify;\"><span style=\"color: #000000;\"><b><span lang=\"ES\">Caracter\u00edsticas de los aud\u00edfonos Klip Xtreme EdgeBuds KTE-755<\/span><\/b><\/span><\/p>\n<p class=\"x_MsoNormal\" style=\"text-align: justify;\"><span lang=\"ES\" style=\"color: #000000;\">Tipo: Aud\u00edfonos TWS con ANC y ENC<\/span><\/p>\n<p class=\"x_MsoNormal\" style=\"text-align: justify;\"><span lang=\"ES\" style=\"color: #000000;\">Factor de forma: Aud\u00edfonos intraaurales TWS<\/span><\/p>\n<p class=\"x_MsoNormal\" style=\"text-align: justify;\"><span lang=\"ES\" style=\"color: #000000;\">Chipset: AC7003D4<\/span><\/p>\n<p class=\"x_MsoNormal\" style=\"text-align: justify;\"><span lang=\"ES\" style=\"color: #000000;\">Caracter\u00edsticas y funciones especiales: Cancelaci\u00f3n activa de ruido (ANC) y modo Transparencia | Micr\u00f3fono integrado con tecnolog\u00eda de cancelaci\u00f3n de ruido ambiental (ENC) | Bot\u00f3n multifunci\u00f3n Smart Touch | Compatible con Siri y Google assistant | Estuche de carga con pantalla LED que indica el nivel de bater\u00eda | Indicadores LED de estado en cada aud\u00edfono | Clasificaci\u00f3n de resistencia al agua IPX4<\/span><\/p>\n<p class=\"x_MsoNormal\" style=\"text-align: justify;\"><span lang=\"ES\" style=\"color: #000000;\">Colores: blanco (KTE-755WH), negro (KTE-755BK) y gris (KTE-755GR)<\/span><\/p>\n<p class=\"x_MsoNormal\" style=\"text-align: justify;\"><span style=\"color: #000000;\"><i><span lang=\"ES\">Parlante<\/span><\/i><\/span><\/p>\n<p class=\"x_MsoNormal\" style=\"text-align: justify;\"><span lang=\"ES\" style=\"color: #000000;\">Tama\u00f1o del controlador: 13 mm<\/span><\/p>\n<p class=\"x_MsoNormal\" style=\"text-align: justify;\"><span lang=\"ES\" style=\"color: #000000;\">Impedancia: 32\u03a9<\/span><\/p>\n<p class=\"x_MsoNormal\" style=\"text-align: justify;\"><span lang=\"ES\" style=\"color: #000000;\">Potencia nominal: 3mW<\/span><\/p>\n<p class=\"x_MsoNormal\" style=\"text-align: justify;\"><span lang=\"ES\" style=\"color: #000000;\">Potencia m\u00e1xima: 5mW<\/span><\/p>\n<p class=\"x_MsoNormal\" style=\"text-align: justify;\"><span lang=\"ES\" style=\"color: #000000;\">Respuesta de frecuencia: 20Hz-20kHz<\/span><\/p>\n<p class=\"x_MsoNormal\" style=\"text-align: justify;\"><span lang=\"ES\" style=\"color: #000000;\">Sensibilidad: 118\u00b11,5dB<\/span><\/p>\n<p class=\"x_MsoNormal\" style=\"text-align: justify;\"><span lang=\"ES\" style=\"color: #000000;\">THD: \u22642,5%<\/span><\/p>\n<p class=\"x_MsoNormal\" style=\"text-align: justify;\"><span lang=\"ES\" style=\"color: #000000;\">Control de volumen: Incluido<\/span><\/p>\n<p class=\"x_MsoNormal\" style=\"text-align: justify;\"><span style=\"color: #000000;\"><i><span lang=\"ES\">Micr\u00f3fono<\/span><\/i><\/span><\/p>\n<p class=\"x_MsoNormal\" style=\"text-align: justify;\"><span lang=\"ES\" style=\"color: #000000;\">Directividad: Omnidireccional<\/span><\/p>\n<p class=\"x_MsoNormal\" style=\"text-align: justify;\"><span lang=\"ES\" style=\"color: #000000;\">Respuesta de frecuencia 50Hz-10kHz<\/span><\/p>\n<p class=\"x_MsoNormal\" style=\"text-align: justify;\"><span lang=\"ES\" style=\"color: #000000;\">Impedancia: 2.2K\u03a9<\/span><\/p>\n<p class=\"x_MsoNormal\" style=\"text-align: justify;\"><span lang=\"ES\" style=\"color: #000000;\">Sensibilidad: -42dB +-3dB<\/span><\/p>\n<p class=\"x_MsoNormal\" style=\"text-align: justify;\"><span style=\"color: #000000;\"><i><span lang=\"ES\">Conectividad<\/span><\/i><\/span><\/p>\n<p class=\"x_MsoNormal\" style=\"text-align: justify;\"><span lang=\"ES\" style=\"color: #000000;\">Tipo de conexi\u00f3n: Inal\u00e1mbrica compatible con Bluetooth\u00ae<\/span><\/p>\n<p class=\"x_MsoNormal\" style=\"text-align: justify;\"><span lang=\"ES\" style=\"color: #000000;\">Versi\u00f3n BT: V5.4<\/span><\/p>\n<p class=\"x_MsoNormal\" style=\"text-align: justify;\"><span lang=\"ES\" style=\"color: #000000;\">Modo de decodificaci\u00f3n BT: Admite decodificaci\u00f3n de audio MP2, MP3, WMA, APE, FLAC, AAC, MP4, M4A, WAV, AIF, AIFC<\/span><\/p>\n<p class=\"x_MsoNormal\" style=\"text-align: justify;\"><span lang=\"ES\" style=\"color: #000000;\">Perfiles admitidos: Admitidos a2dp\\avctp\\avdtp\\avrcp\\hfp\\spp\\smp\\att\\gap\\ gatt fcomm\\sdp\\l2cap<\/span><\/p>\n<p class=\"x_MsoNormal\" style=\"text-align: justify;\"><span lang=\"ES\" style=\"color: #000000;\">Frecuencia de RF inal\u00e1mbrica: 2.4GHz-2.480GHz<\/span><\/p>\n<p class=\"x_MsoNormal\" style=\"text-align: justify;\"><span lang=\"ES\" style=\"color: #000000;\">Alcance inal\u00e1mbrico: hasta 10 metros (en \u00e1rea libre de obst\u00e1culos e interferencias y dentro de la l\u00ednea de visi\u00f3n entre los dispositivo)<\/span><\/p>\n<p class=\"x_MsoNormal\" style=\"text-align: justify;\"><span style=\"color: #000000;\"><i><span lang=\"ES\">Bater\u00eda<\/span><\/i><\/span><\/p>\n<p class=\"x_MsoNormal\" style=\"text-align: justify;\"><span lang=\"ES\" style=\"color: #000000;\">Tipo de bater\u00eda (material): Bater\u00eda de litio<\/span><\/p>\n<p class=\"x_MsoNormal\" style=\"text-align: justify;\"><span lang=\"ES\" style=\"color: #000000;\">Capacidad de la bater\u00eda del estuche de carga: 300mAh<\/span><\/p>\n<p class=\"x_MsoNormal\" style=\"text-align: justify;\"><span lang=\"ES\" style=\"color: #000000;\">Capacidad de la bater\u00eda de los aud\u00edfonos: 35mAh<\/span><\/p>\n<p class=\"x_MsoNormal\" style=\"text-align: justify;\"><span lang=\"ES\" style=\"color: #000000;\">Tipo de conexi\u00f3n de carga: USB-C<\/span><\/p>\n<p class=\"x_MsoNormal\" style=\"text-align: justify;\"><span lang=\"ES\" style=\"color: #000000;\">Velocidad de carga con cable: 5V\/0.5A<\/span><\/p>\n<p class=\"x_MsoNormal\" style=\"text-align: justify;\"><span lang=\"ES\" style=\"color: #000000;\">Tiempo de carga total del estuche de carga + aud\u00edfonos: 3 h<\/span><\/p>\n<p class=\"x_MsoNormal\" style=\"text-align: justify;\"><span lang=\"ES\" style=\"color: #000000;\">Tiempo de carga de la bater\u00eda solo de los aud\u00edfonos: 1,5 h<\/span><\/p>\n<p class=\"x_MsoNormal\" style=\"text-align: justify;\"><span lang=\"ES\" style=\"color: #000000;\">Tiempo de carga de la bater\u00eda solo del estuche de carga: 1,5 h<\/span><\/p>\n<p class=\"x_MsoNormal\" style=\"text-align: justify;\"><span lang=\"ES\" style=\"color: #000000;\">Ciclos de carga del estuche antes de que se agote la bater\u00eda: 4 ciclos<\/span><\/p>\n<p class=\"x_MsoNormal\" style=\"text-align: justify;\"><span lang=\"ES\" style=\"color: #000000;\">Tiempo de funcionamiento de la bater\u00eda por ciclo al 50% del volumen (con ANC activado): Up to 5 h (1)<\/span><\/p>\n<p class=\"x_MsoNormal\" style=\"text-align: justify;\"><span lang=\"ES\" style=\"color: #000000;\">Tiempo de funcionamiento de la bater\u00eda por ciclo al 50% del volumen (con ANC desactivado): Hasta 5.5 h (1)<\/span><\/p>\n<p class=\"x_MsoNormal\" style=\"text-align: justify;\"><span lang=\"ES\" style=\"color: #000000;\">Tiempo de funcionamiento total de los aud\u00edfonos al 50% (incluidos los ciclos) (con ANC desactivado): 22 h (2)<\/span><\/p>\n<p class=\"x_MsoNormal\" style=\"text-align: justify;\"><span lang=\"ES\" style=\"color: #000000;\">Tiempo de funcionamiento total de los aud\u00edfonos al 50% (incluidos los ciclos) (con ANC activado): 20 h<\/span><\/p>\n<p class=\"x_MsoNormal\" style=\"text-align: justify;\"><span lang=\"ES\" style=\"color: #000000;\">Tiempo de funcionamiento total de los aud\u00edfonos al 100% (incluidos los ciclos): 18 h<\/span><\/p>\n<p class=\"x_MsoNormal\" style=\"text-align: justify;\"><span style=\"color: #000000;\"><i><span lang=\"ES\">Informaci\u00f3n adicional<\/span><\/i><\/span><\/p>\n<p class=\"x_MsoNormal\" style=\"text-align: justify;\"><span lang=\"ES\" style=\"color: #000000;\">Dimensiones del producto: 6,2 x 2,4 x 4,5 cm<\/span><\/p>\n<p class=\"x_MsoNormal\" style=\"text-align: justify;\"><span lang=\"ES\" style=\"color: #000000;\">Peso del producto: 35 g<\/span><\/p>\n<p class=\"x_MsoNormal\" style=\"text-align: justify;\"><span lang=\"ES\" style=\"color: #000000;\">Tipo y longitud del cable de carga: Cable de carga USB-C de 50 cm<\/span><\/p>\n<p class=\"x_MsoNormal\" style=\"text-align: justify;\"><span lang=\"ES\" style=\"color: #000000;\">Contenido del paquete: Aud\u00edfonos TWS con estuche de carga | Puntas de silicona de repuesto (tallas S &amp; L) | Cable de carga USB-C | Manual de usuario<\/span><\/p>\n<p class=\"x_MsoNormal\" style=\"text-align: justify;\"><span lang=\"ES\" style=\"color: #000000;\">Garant\u00eda: 1 a\u00f1o<\/span><\/p>\n<p class=\"x_MsoNormal\" style=\"text-align: justify;\"><span lang=\"ES\" style=\"color: #000000;\">1. Depende del nivel de volumen y del tipo de m\u00fasica que se reproduce<\/span><\/p>\n<p class=\"x_MsoNormal\" style=\"text-align: justify;\"><span lang=\"ES\" style=\"color: #000000;\">2. El tiempo de reproducci\u00f3n de la bater\u00eda puede durar 5 h por ciclo de carga para un estimado total de 20 h combinadas con ANC activada, y 5,5 h por carga para un estimado total de 22 h con ANC desactivada.<\/span><\/p>\n<p><img decoding=\"async\" class=\"aligncenter size-full wp-image-139262\" src=\"https:\/\/www.quebakan.com\/v15\/wp-content\/uploads\/2026\/01\/Klip_Xtreme_KTE-755WH_colores2.jpg\" alt=\"\" width=\"700\" height=\"394\" \/><\/p>\n<p>&nbsp;<\/p>\n<p><img decoding=\"async\" class=\"aligncenter size-full wp-image-139263\" src=\"https:\/\/www.quebakan.com\/v15\/wp-content\/uploads\/2026\/01\/Klip_Xtreme_KTE-755WH_1.jpg\" alt=\"\" width=\"700\" height=\"394\" \/><\/p>\n<p>&nbsp;<\/p>\n<p><img loading=\"lazy\" decoding=\"async\" class=\"aligncenter size-full wp-image-139264\" src=\"https:\/\/www.quebakan.com\/v15\/wp-content\/uploads\/2026\/01\/Klip_Xtreme_KTE-755WH_detalles.jpg\" alt=\"\" width=\"700\" height=\"394\" \/><\/p>\n","protected":false},"excerpt":{"rendered":"<p>La marca anunci\u00f3 el lanzamiento de sus aud\u00edfonos TWS con tecnolog\u00eda de Cancelaci\u00f3n de Ruido Activa (ANC) y micr\u00f3fono con cancelaci\u00f3n de ruido ambiental. Los EdgeBuds KTE-755 se destacan tambi\u00e9n por brindar una autonom\u00eda de 22 horas de reproducci\u00f3n y potentes drivers de 13 mm para una experiencia de audio superior. Adem\u00e1s, gracias a su [&hellip;]<\/p>\n","protected":false},"author":4,"featured_media":139263,"comment_status":"closed","ping_status":"closed","sticky":false,"template":"","format":"standard","meta":{"_bbp_topic_count":0,"_bbp_reply_count":0,"_bbp_total_topic_count":0,"_bbp_total_reply_count":0,"_bbp_voice_count":0,"_bbp_anonymous_reply_count":0,"_bbp_topic_count_hidden":0,"_bbp_reply_count_hidden":0,"_bbp_forum_subforum_count":0,"buzzeditor_post_format":"","footnotes":""},"categories":[2],"tags":[],"class_list":["post-139260","post","type-post","status-publish","format-standard","has-post-thumbnail","hentry","category-noticias"],"yoast_head":"<!-- This site is optimized with the Yoast SEO plugin v27.5 - https:\/\/yoast.com\/product\/yoast-seo-wordpress\/ -->\n<title>Llegaron a Ecuador EdgeBuds , los aud\u00edfonos Klip Xtreme con Cancelaci\u00f3n de Ruido Activa &#8211; QUEBAKAN.COM 2026: Noticias, Eventos, Conciertos y mucho m\u00e1s....<\/title>\n<meta name=\"robots\" content=\"index, follow, max-snippet:-1, max-image-preview:large, max-video-preview:-1\" \/>\n<link rel=\"canonical\" href=\"https:\/\/www.quebakan.com\/v15\/llegaron-a-ecuador-edgebuds-los-audifonos-klip-xtreme-con-cancelacion-de-ruido-activa\/\" \/>\n<meta property=\"og:locale\" content=\"es_ES\" \/>\n<meta property=\"og:type\" content=\"article\" \/>\n<meta property=\"og:title\" content=\"Llegaron a Ecuador EdgeBuds , los aud\u00edfonos Klip Xtreme con Cancelaci\u00f3n de Ruido Activa &#8211; QUEBAKAN.COM 2026: Noticias, Eventos, Conciertos y mucho m\u00e1s....\" \/>\n<meta property=\"og:description\" content=\"La marca anunci\u00f3 el lanzamiento de sus aud\u00edfonos TWS con tecnolog\u00eda de Cancelaci\u00f3n de Ruido Activa (ANC) y micr\u00f3fono con cancelaci\u00f3n de ruido ambiental. Los EdgeBuds KTE-755 se destacan tambi\u00e9n por brindar una autonom\u00eda de 22 horas de reproducci\u00f3n y potentes drivers de 13 mm para una experiencia de audio superior. Adem\u00e1s, gracias a su [&hellip;]\" \/>\n<meta property=\"og:url\" content=\"https:\/\/www.quebakan.com\/v15\/llegaron-a-ecuador-edgebuds-los-audifonos-klip-xtreme-con-cancelacion-de-ruido-activa\/\" \/>\n<meta property=\"og:site_name\" content=\"QUEBAKAN.COM 2026: Noticias, Eventos, Conciertos y mucho m\u00e1s....\" \/>\n<meta property=\"article:publisher\" content=\"http:\/\/www.facebook.com\/quebakan\" \/>\n<meta property=\"article:published_time\" content=\"2026-01-22T06:37:48+00:00\" \/>\n<meta property=\"og:image\" content=\"https:\/\/www.quebakan.com\/v15\/wp-content\/uploads\/2026\/01\/Klip_Xtreme_KTE-755WH_1.jpg\" \/>\n\t<meta property=\"og:image:width\" content=\"700\" \/>\n\t<meta property=\"og:image:height\" content=\"394\" \/>\n\t<meta property=\"og:image:type\" content=\"image\/jpeg\" \/>\n<meta name=\"author\" content=\"Erick Villafuerte\" \/>\n<meta name=\"twitter:card\" content=\"summary_large_image\" \/>\n<meta name=\"twitter:creator\" content=\"@quebakanec\" \/>\n<meta name=\"twitter:site\" content=\"@quebakanec\" \/>\n<meta name=\"twitter:label1\" content=\"Escrito por\" \/>\n\t<meta name=\"twitter:data1\" content=\"Erick Villafuerte\" \/>\n\t<meta name=\"twitter:label2\" content=\"Tiempo de lectura\" \/>\n\t<meta name=\"twitter:data2\" content=\"7 minutos\" \/>\n<script type=\"application\/ld+json\" class=\"yoast-schema-graph\">{\"@context\":\"https:\\\/\\\/schema.org\",\"@graph\":[{\"@type\":\"Article\",\"@id\":\"https:\\\/\\\/www.quebakan.com\\\/v15\\\/llegaron-a-ecuador-edgebuds-los-audifonos-klip-xtreme-con-cancelacion-de-ruido-activa\\\/#article\",\"isPartOf\":{\"@id\":\"https:\\\/\\\/www.quebakan.com\\\/v15\\\/llegaron-a-ecuador-edgebuds-los-audifonos-klip-xtreme-con-cancelacion-de-ruido-activa\\\/\"},\"author\":{\"name\":\"Erick Villafuerte\",\"@id\":\"https:\\\/\\\/www.quebakan.com\\\/v15\\\/#\\\/schema\\\/person\\\/d90fa9f9cfa81eb8ace9811e5b7b9118\"},\"headline\":\"Llegaron a Ecuador EdgeBuds , los aud\u00edfonos Klip Xtreme con Cancelaci\u00f3n de Ruido Activa\",\"datePublished\":\"2026-01-22T06:37:48+00:00\",\"mainEntityOfPage\":{\"@id\":\"https:\\\/\\\/www.quebakan.com\\\/v15\\\/llegaron-a-ecuador-edgebuds-los-audifonos-klip-xtreme-con-cancelacion-de-ruido-activa\\\/\"},\"wordCount\":1259,\"publisher\":{\"@id\":\"https:\\\/\\\/www.quebakan.com\\\/v15\\\/#organization\"},\"image\":{\"@id\":\"https:\\\/\\\/www.quebakan.com\\\/v15\\\/llegaron-a-ecuador-edgebuds-los-audifonos-klip-xtreme-con-cancelacion-de-ruido-activa\\\/#primaryimage\"},\"thumbnailUrl\":\"https:\\\/\\\/www.quebakan.com\\\/v15\\\/wp-content\\\/uploads\\\/2026\\\/01\\\/Klip_Xtreme_KTE-755WH_1.jpg\",\"articleSection\":[\"Noticias\"],\"inLanguage\":\"es\"},{\"@type\":\"WebPage\",\"@id\":\"https:\\\/\\\/www.quebakan.com\\\/v15\\\/llegaron-a-ecuador-edgebuds-los-audifonos-klip-xtreme-con-cancelacion-de-ruido-activa\\\/\",\"url\":\"https:\\\/\\\/www.quebakan.com\\\/v15\\\/llegaron-a-ecuador-edgebuds-los-audifonos-klip-xtreme-con-cancelacion-de-ruido-activa\\\/\",\"name\":\"Llegaron a Ecuador EdgeBuds , los aud\u00edfonos Klip Xtreme con Cancelaci\u00f3n de Ruido Activa &#8211; QUEBAKAN.COM 2026: Noticias, Eventos, Conciertos y mucho m\u00e1s....\",\"isPartOf\":{\"@id\":\"https:\\\/\\\/www.quebakan.com\\\/v15\\\/#website\"},\"primaryImageOfPage\":{\"@id\":\"https:\\\/\\\/www.quebakan.com\\\/v15\\\/llegaron-a-ecuador-edgebuds-los-audifonos-klip-xtreme-con-cancelacion-de-ruido-activa\\\/#primaryimage\"},\"image\":{\"@id\":\"https:\\\/\\\/www.quebakan.com\\\/v15\\\/llegaron-a-ecuador-edgebuds-los-audifonos-klip-xtreme-con-cancelacion-de-ruido-activa\\\/#primaryimage\"},\"thumbnailUrl\":\"https:\\\/\\\/www.quebakan.com\\\/v15\\\/wp-content\\\/uploads\\\/2026\\\/01\\\/Klip_Xtreme_KTE-755WH_1.jpg\",\"datePublished\":\"2026-01-22T06:37:48+00:00\",\"breadcrumb\":{\"@id\":\"https:\\\/\\\/www.quebakan.com\\\/v15\\\/llegaron-a-ecuador-edgebuds-los-audifonos-klip-xtreme-con-cancelacion-de-ruido-activa\\\/#breadcrumb\"},\"inLanguage\":\"es\",\"potentialAction\":[{\"@type\":\"ReadAction\",\"target\":[\"https:\\\/\\\/www.quebakan.com\\\/v15\\\/llegaron-a-ecuador-edgebuds-los-audifonos-klip-xtreme-con-cancelacion-de-ruido-activa\\\/\"]}]},{\"@type\":\"ImageObject\",\"inLanguage\":\"es\",\"@id\":\"https:\\\/\\\/www.quebakan.com\\\/v15\\\/llegaron-a-ecuador-edgebuds-los-audifonos-klip-xtreme-con-cancelacion-de-ruido-activa\\\/#primaryimage\",\"url\":\"https:\\\/\\\/www.quebakan.com\\\/v15\\\/wp-content\\\/uploads\\\/2026\\\/01\\\/Klip_Xtreme_KTE-755WH_1.jpg\",\"contentUrl\":\"https:\\\/\\\/www.quebakan.com\\\/v15\\\/wp-content\\\/uploads\\\/2026\\\/01\\\/Klip_Xtreme_KTE-755WH_1.jpg\",\"width\":700,\"height\":394},{\"@type\":\"BreadcrumbList\",\"@id\":\"https:\\\/\\\/www.quebakan.com\\\/v15\\\/llegaron-a-ecuador-edgebuds-los-audifonos-klip-xtreme-con-cancelacion-de-ruido-activa\\\/#breadcrumb\",\"itemListElement\":[{\"@type\":\"ListItem\",\"position\":1,\"name\":\"Portada\",\"item\":\"https:\\\/\\\/www.quebakan.com\\\/v15\\\/\"},{\"@type\":\"ListItem\",\"position\":2,\"name\":\"Llegaron a Ecuador EdgeBuds , los aud\u00edfonos Klip Xtreme con Cancelaci\u00f3n de Ruido Activa\"}]},{\"@type\":\"WebSite\",\"@id\":\"https:\\\/\\\/www.quebakan.com\\\/v15\\\/#website\",\"url\":\"https:\\\/\\\/www.quebakan.com\\\/v15\\\/\",\"name\":\"QUEBAKAN\",\"description\":\"..\",\"publisher\":{\"@id\":\"https:\\\/\\\/www.quebakan.com\\\/v15\\\/#organization\"},\"potentialAction\":[{\"@type\":\"SearchAction\",\"target\":{\"@type\":\"EntryPoint\",\"urlTemplate\":\"https:\\\/\\\/www.quebakan.com\\\/v15\\\/?s={search_term_string}\"},\"query-input\":{\"@type\":\"PropertyValueSpecification\",\"valueRequired\":true,\"valueName\":\"search_term_string\"}}],\"inLanguage\":\"es\"},{\"@type\":\"Organization\",\"@id\":\"https:\\\/\\\/www.quebakan.com\\\/v15\\\/#organization\",\"name\":\"Quebakan.com\",\"url\":\"https:\\\/\\\/www.quebakan.com\\\/v15\\\/\",\"logo\":{\"@type\":\"ImageObject\",\"inLanguage\":\"es\",\"@id\":\"https:\\\/\\\/www.quebakan.com\\\/v15\\\/#\\\/schema\\\/logo\\\/image\\\/\",\"url\":\"https:\\\/\\\/www.quebakan.com\\\/v15\\\/wp-content\\\/uploads\\\/2023\\\/07\\\/logoquebakanenero2021.jpg\",\"contentUrl\":\"https:\\\/\\\/www.quebakan.com\\\/v15\\\/wp-content\\\/uploads\\\/2023\\\/07\\\/logoquebakanenero2021.jpg\",\"width\":1920,\"height\":1080,\"caption\":\"Quebakan.com\"},\"image\":{\"@id\":\"https:\\\/\\\/www.quebakan.com\\\/v15\\\/#\\\/schema\\\/logo\\\/image\\\/\"},\"sameAs\":[\"http:\\\/\\\/www.facebook.com\\\/quebakan\",\"https:\\\/\\\/x.com\\\/quebakanec\",\"http:\\\/\\\/www.instagram.com\\\/quebakan\",\"http:\\\/\\\/www.youtube.com\\\/quebakan1\"]},{\"@type\":\"Person\",\"@id\":\"https:\\\/\\\/www.quebakan.com\\\/v15\\\/#\\\/schema\\\/person\\\/d90fa9f9cfa81eb8ace9811e5b7b9118\",\"name\":\"Erick Villafuerte\",\"image\":{\"@type\":\"ImageObject\",\"inLanguage\":\"es\",\"@id\":\"https:\\\/\\\/www.quebakan.com\\\/v15\\\/wp-content\\\/uploads\\\/avatars\\\/4\\\/1731297654-bpfull.png\",\"url\":\"https:\\\/\\\/www.quebakan.com\\\/v15\\\/wp-content\\\/uploads\\\/avatars\\\/4\\\/1731297654-bpfull.png\",\"contentUrl\":\"https:\\\/\\\/www.quebakan.com\\\/v15\\\/wp-content\\\/uploads\\\/avatars\\\/4\\\/1731297654-bpfull.png\",\"caption\":\"Erick Villafuerte\"}}]}<\/script>\n<!-- \/ Yoast SEO plugin. -->","yoast_head_json":{"title":"Llegaron a Ecuador EdgeBuds , los aud\u00edfonos Klip Xtreme con Cancelaci\u00f3n de Ruido Activa &#8211; QUEBAKAN.COM 2026: Noticias, Eventos, Conciertos y mucho m\u00e1s....","robots":{"index":"index","follow":"follow","max-snippet":"max-snippet:-1","max-image-preview":"max-image-preview:large","max-video-preview":"max-video-preview:-1"},"canonical":"https:\/\/www.quebakan.com\/v15\/llegaron-a-ecuador-edgebuds-los-audifonos-klip-xtreme-con-cancelacion-de-ruido-activa\/","og_locale":"es_ES","og_type":"article","og_title":"Llegaron a Ecuador EdgeBuds , los aud\u00edfonos Klip Xtreme con Cancelaci\u00f3n de Ruido Activa &#8211; QUEBAKAN.COM 2026: Noticias, Eventos, Conciertos y mucho m\u00e1s....","og_description":"La marca anunci\u00f3 el lanzamiento de sus aud\u00edfonos TWS con tecnolog\u00eda de Cancelaci\u00f3n de Ruido Activa (ANC) y micr\u00f3fono con cancelaci\u00f3n de ruido ambiental. Los EdgeBuds KTE-755 se destacan tambi\u00e9n por brindar una autonom\u00eda de 22 horas de reproducci\u00f3n y potentes drivers de 13 mm para una experiencia de audio superior. Adem\u00e1s, gracias a su [&hellip;]","og_url":"https:\/\/www.quebakan.com\/v15\/llegaron-a-ecuador-edgebuds-los-audifonos-klip-xtreme-con-cancelacion-de-ruido-activa\/","og_site_name":"QUEBAKAN.COM 2026: Noticias, Eventos, Conciertos y mucho m\u00e1s....","article_publisher":"http:\/\/www.facebook.com\/quebakan","article_published_time":"2026-01-22T06:37:48+00:00","og_image":[{"width":700,"height":394,"url":"https:\/\/www.quebakan.com\/v15\/wp-content\/uploads\/2026\/01\/Klip_Xtreme_KTE-755WH_1.jpg","type":"image\/jpeg"}],"author":"Erick Villafuerte","twitter_card":"summary_large_image","twitter_creator":"@quebakanec","twitter_site":"@quebakanec","twitter_misc":{"Escrito por":"Erick Villafuerte","Tiempo de lectura":"7 minutos"},"schema":{"@context":"https:\/\/schema.org","@graph":[{"@type":"Article","@id":"https:\/\/www.quebakan.com\/v15\/llegaron-a-ecuador-edgebuds-los-audifonos-klip-xtreme-con-cancelacion-de-ruido-activa\/#article","isPartOf":{"@id":"https:\/\/www.quebakan.com\/v15\/llegaron-a-ecuador-edgebuds-los-audifonos-klip-xtreme-con-cancelacion-de-ruido-activa\/"},"author":{"name":"Erick Villafuerte","@id":"https:\/\/www.quebakan.com\/v15\/#\/schema\/person\/d90fa9f9cfa81eb8ace9811e5b7b9118"},"headline":"Llegaron a Ecuador EdgeBuds , los aud\u00edfonos Klip Xtreme con Cancelaci\u00f3n de Ruido Activa","datePublished":"2026-01-22T06:37:48+00:00","mainEntityOfPage":{"@id":"https:\/\/www.quebakan.com\/v15\/llegaron-a-ecuador-edgebuds-los-audifonos-klip-xtreme-con-cancelacion-de-ruido-activa\/"},"wordCount":1259,"publisher":{"@id":"https:\/\/www.quebakan.com\/v15\/#organization"},"image":{"@id":"https:\/\/www.quebakan.com\/v15\/llegaron-a-ecuador-edgebuds-los-audifonos-klip-xtreme-con-cancelacion-de-ruido-activa\/#primaryimage"},"thumbnailUrl":"https:\/\/www.quebakan.com\/v15\/wp-content\/uploads\/2026\/01\/Klip_Xtreme_KTE-755WH_1.jpg","articleSection":["Noticias"],"inLanguage":"es"},{"@type":"WebPage","@id":"https:\/\/www.quebakan.com\/v15\/llegaron-a-ecuador-edgebuds-los-audifonos-klip-xtreme-con-cancelacion-de-ruido-activa\/","url":"https:\/\/www.quebakan.com\/v15\/llegaron-a-ecuador-edgebuds-los-audifonos-klip-xtreme-con-cancelacion-de-ruido-activa\/","name":"Llegaron a Ecuador EdgeBuds , los aud\u00edfonos Klip Xtreme con Cancelaci\u00f3n de Ruido Activa &#8211; QUEBAKAN.COM 2026: Noticias, Eventos, Conciertos y mucho m\u00e1s....","isPartOf":{"@id":"https:\/\/www.quebakan.com\/v15\/#website"},"primaryImageOfPage":{"@id":"https:\/\/www.quebakan.com\/v15\/llegaron-a-ecuador-edgebuds-los-audifonos-klip-xtreme-con-cancelacion-de-ruido-activa\/#primaryimage"},"image":{"@id":"https:\/\/www.quebakan.com\/v15\/llegaron-a-ecuador-edgebuds-los-audifonos-klip-xtreme-con-cancelacion-de-ruido-activa\/#primaryimage"},"thumbnailUrl":"https:\/\/www.quebakan.com\/v15\/wp-content\/uploads\/2026\/01\/Klip_Xtreme_KTE-755WH_1.jpg","datePublished":"2026-01-22T06:37:48+00:00","breadcrumb":{"@id":"https:\/\/www.quebakan.com\/v15\/llegaron-a-ecuador-edgebuds-los-audifonos-klip-xtreme-con-cancelacion-de-ruido-activa\/#breadcrumb"},"inLanguage":"es","potentialAction":[{"@type":"ReadAction","target":["https:\/\/www.quebakan.com\/v15\/llegaron-a-ecuador-edgebuds-los-audifonos-klip-xtreme-con-cancelacion-de-ruido-activa\/"]}]},{"@type":"ImageObject","inLanguage":"es","@id":"https:\/\/www.quebakan.com\/v15\/llegaron-a-ecuador-edgebuds-los-audifonos-klip-xtreme-con-cancelacion-de-ruido-activa\/#primaryimage","url":"https:\/\/www.quebakan.com\/v15\/wp-content\/uploads\/2026\/01\/Klip_Xtreme_KTE-755WH_1.jpg","contentUrl":"https:\/\/www.quebakan.com\/v15\/wp-content\/uploads\/2026\/01\/Klip_Xtreme_KTE-755WH_1.jpg","width":700,"height":394},{"@type":"BreadcrumbList","@id":"https:\/\/www.quebakan.com\/v15\/llegaron-a-ecuador-edgebuds-los-audifonos-klip-xtreme-con-cancelacion-de-ruido-activa\/#breadcrumb","itemListElement":[{"@type":"ListItem","position":1,"name":"Portada","item":"https:\/\/www.quebakan.com\/v15\/"},{"@type":"ListItem","position":2,"name":"Llegaron a Ecuador EdgeBuds , los aud\u00edfonos Klip Xtreme con Cancelaci\u00f3n de Ruido Activa"}]},{"@type":"WebSite","@id":"https:\/\/www.quebakan.com\/v15\/#website","url":"https:\/\/www.quebakan.com\/v15\/","name":"QUEBAKAN","description":"..","publisher":{"@id":"https:\/\/www.quebakan.com\/v15\/#organization"},"potentialAction":[{"@type":"SearchAction","target":{"@type":"EntryPoint","urlTemplate":"https:\/\/www.quebakan.com\/v15\/?s={search_term_string}"},"query-input":{"@type":"PropertyValueSpecification","valueRequired":true,"valueName":"search_term_string"}}],"inLanguage":"es"},{"@type":"Organization","@id":"https:\/\/www.quebakan.com\/v15\/#organization","name":"Quebakan.com","url":"https:\/\/www.quebakan.com\/v15\/","logo":{"@type":"ImageObject","inLanguage":"es","@id":"https:\/\/www.quebakan.com\/v15\/#\/schema\/logo\/image\/","url":"https:\/\/www.quebakan.com\/v15\/wp-content\/uploads\/2023\/07\/logoquebakanenero2021.jpg","contentUrl":"https:\/\/www.quebakan.com\/v15\/wp-content\/uploads\/2023\/07\/logoquebakanenero2021.jpg","width":1920,"height":1080,"caption":"Quebakan.com"},"image":{"@id":"https:\/\/www.quebakan.com\/v15\/#\/schema\/logo\/image\/"},"sameAs":["http:\/\/www.facebook.com\/quebakan","https:\/\/x.com\/quebakanec","http:\/\/www.instagram.com\/quebakan","http:\/\/www.youtube.com\/quebakan1"]},{"@type":"Person","@id":"https:\/\/www.quebakan.com\/v15\/#\/schema\/person\/d90fa9f9cfa81eb8ace9811e5b7b9118","name":"Erick Villafuerte","image":{"@type":"ImageObject","inLanguage":"es","@id":"https:\/\/www.quebakan.com\/v15\/wp-content\/uploads\/avatars\/4\/1731297654-bpfull.png","url":"https:\/\/www.quebakan.com\/v15\/wp-content\/uploads\/avatars\/4\/1731297654-bpfull.png","contentUrl":"https:\/\/www.quebakan.com\/v15\/wp-content\/uploads\/avatars\/4\/1731297654-bpfull.png","caption":"Erick Villafuerte"}}]}},"_links":{"self":[{"href":"https:\/\/www.quebakan.com\/v15\/wp-json\/wp\/v2\/posts\/139260","targetHints":{"allow":["GET"]}}],"collection":[{"href":"https:\/\/www.quebakan.com\/v15\/wp-json\/wp\/v2\/posts"}],"about":[{"href":"https:\/\/www.quebakan.com\/v15\/wp-json\/wp\/v2\/types\/post"}],"author":[{"embeddable":true,"href":"https:\/\/www.quebakan.com\/v15\/wp-json\/wp\/v2\/users\/4"}],"replies":[{"embeddable":true,"href":"https:\/\/www.quebakan.com\/v15\/wp-json\/wp\/v2\/comments?post=139260"}],"version-history":[{"count":1,"href":"https:\/\/www.quebakan.com\/v15\/wp-json\/wp\/v2\/posts\/139260\/revisions"}],"predecessor-version":[{"id":139265,"href":"https:\/\/www.quebakan.com\/v15\/wp-json\/wp\/v2\/posts\/139260\/revisions\/139265"}],"wp:featuredmedia":[{"embeddable":true,"href":"https:\/\/www.quebakan.com\/v15\/wp-json\/wp\/v2\/media\/139263"}],"wp:attachment":[{"href":"https:\/\/www.quebakan.com\/v15\/wp-json\/wp\/v2\/media?parent=139260"}],"wp:term":[{"taxonomy":"category","embeddable":true,"href":"https:\/\/www.quebakan.com\/v15\/wp-json\/wp\/v2\/categories?post=139260"},{"taxonomy":"post_tag","embeddable":true,"href":"https:\/\/www.quebakan.com\/v15\/wp-json\/wp\/v2\/tags?post=139260"}],"curies":[{"name":"wp","href":"https:\/\/api.w.org\/{rel}","templated":true}]}}