{"id":139266,"date":"2026-01-22T02:06:47","date_gmt":"2026-01-22T07:06:47","guid":{"rendered":"https:\/\/www.quebakan.com\/v15\/?p=139266"},"modified":"2026-01-22T02:06:47","modified_gmt":"2026-01-22T07:06:47","slug":"la-federacion-nacional-de-contadores-del-ecuador-renueva-su-directiva-y-traza-una-hoja-de-ruta-para-la-modernizacion-de-la-profesion","status":"publish","type":"post","link":"https:\/\/www.quebakan.com\/v15\/la-federacion-nacional-de-contadores-del-ecuador-renueva-su-directiva-y-traza-una-hoja-de-ruta-para-la-modernizacion-de-la-profesion\/","title":{"rendered":"La Federaci\u00f3n Nacional de Contadores del Ecuador renueva su directiva y traza una hoja de ruta para la modernizaci\u00f3n de la profesi\u00f3n"},"content":{"rendered":"<p><img fetchpriority=\"high\" decoding=\"async\" class=\"aligncenter size-full wp-image-139267\" src=\"https:\/\/www.quebakan.com\/v15\/wp-content\/uploads\/2026\/01\/Discurso-Presidente.jpg\" alt=\"\" width=\"700\" height=\"462\" \/><\/p>\n<p style=\"text-align: justify;\"><span style=\"color: #000000;\"><strong><em>En la foto:<\/em><\/strong><em> Marco Antonio Daqui, presidente de la Federaci\u00f3n Nacional de Contadores del Ecuador (FNCE) para el per\u00edodo 2026\u20132027 en su primer discurso.<\/em><\/span><\/p>\n<p style=\"text-align: justify;\"><span style=\"color: #000000;\"><strong>Ecuador, enero 2026.- <\/strong>La Federaci\u00f3n Nacional de Contadores del Ecuador (FNCE) inicia una nueva etapa de fortalecimiento institucional con la posesi\u00f3n de su directiva para el per\u00edodo 2026\u20132027, liderada por Marco Antonio Daqui Janeta, Mag\u00edster y Contador P\u00fablico Autorizado (CPA), profesional con amplia trayectoria acad\u00e9mica, t\u00e9cnica y gremial.<\/span><\/p>\n<p style=\"text-align: justify;\"><span style=\"color: #000000;\">La renovaci\u00f3n del directorio marca un hito en la evoluci\u00f3n del gremio contable ecuatoriano, con una visi\u00f3n orientada a consolidar una profesi\u00f3n \u00e9tica, moderna y alineada con est\u00e1ndares internacionales, en un contexto de crecientes exigencias en transparencia, sostenibilidad y transformaci\u00f3n digital.<\/span><\/p>\n<p style=\"text-align: justify;\"><span style=\"color: #000000;\"><em>\u201cHoy asumimos una responsabilidad que trasciende a una nueva administraci\u00f3n, con el deber de honrar y proyectar la confianza p\u00fablica que la sociedad deposita en nuestra profesi\u00f3n\u201d<\/em>, afirm\u00f3 Marco Antonio Daqui durante su intervenci\u00f3n oficial.<\/span><\/p>\n<p style=\"text-align: justify;\"><span style=\"color: #000000;\">El nuevo presidente de la FNCE es representante de la provincia de Chimborazo y cuenta con una s\u00f3lida formaci\u00f3n acad\u00e9mica en contabilidad y auditor\u00eda, as\u00ed como certificaciones internacionales en NIIF, NICSP, control interno y sostenibilidad. Su trayectoria incluye participaci\u00f3n activa en organismos gremiales nacionales e interamericanos, as\u00ed como la presentaci\u00f3n de investigaciones t\u00e9cnicas en conferencias interamericanas de contabilidad.<\/span><\/p>\n<p style=\"text-align: justify;\"><span style=\"color: #000000;\">La directiva se integra adem\u00e1s por representantes de diversos colegios provinciales, garantizando una gobernanza plural, colegiada y territorial, que fortalece la articulaci\u00f3n nacional del gremio: Marco Antonio Daqui Janeta, Presidente; Ana Cristina Vinueza Garz\u00f3n, Vicepresidente; Eugenio Patricio Ram\u00edrez Lozano, Secretario; Luis Idri\u00e1n Estrella Silva, Tesorero; Jorge \u00c9dison Becerra Molina, Primer Vocal Principal; Carlos Enrique Basantes Rodr\u00edguez, Segundo Vocal Principal; Jos\u00e9 Miguel Jaramillo Largo, Tercer Vocal Principal; Rosa Elena Aguilar Cruz, Cuarto Vocal Principal; Miriam Yesenia Vera Velasco, Quinto Vocal Principal; as\u00ed como por Jhonny Mauricio Coronel S\u00e1nchez, Primer Vocal Suplente; Cristian Bernab\u00e9 C\u00e1ceres Santacruz, Segundo Vocal Suplente; Jenne del Consuelo Rosero Quiroz, Tercer Vocal Suplente; Xavier Edmundo Ter\u00e1n Idrovo, Cuarto Vocal Suplente; y Gladys Concepci\u00f3n Campoverde Vega, Quinto Vocal Suplente, reflejando una representaci\u00f3n t\u00e9cnica, plural y de alcance nacional.<\/span><\/p>\n<p><img decoding=\"async\" class=\"aligncenter size-full wp-image-139268\" src=\"https:\/\/www.quebakan.com\/v15\/wp-content\/uploads\/2026\/01\/Juramento-Directorio.jpg\" alt=\"\" width=\"700\" height=\"462\" \/><\/p>\n<p style=\"text-align: justify;\"><span style=\"color: #000000;\"><strong><em>En la foto:<\/em><\/strong><em> Miembros de la nueva directiva para el per\u00edodo 2026\u20132027.<\/em><\/span><\/p>\n<p style=\"text-align: justify;\"><span style=\"color: #000000;\">Durante su discurso, Daqui deline\u00f3 las principales orientaciones estrat\u00e9gicas que guiar\u00e1n la gesti\u00f3n de la FNCE, concebidas como una br\u00fajula institucional para el futuro de la profesi\u00f3n contable en el pa\u00eds:<\/span><\/p>\n<ul style=\"text-align: justify;\">\n<li><span style=\"color: #000000;\">Fortalecimiento y modernizaci\u00f3n institucional de la FNCE<\/span><\/li>\n<li><span style=\"color: #000000;\">Actualizaci\u00f3n normativa de los colegios provinciales<\/span><\/li>\n<li><span style=\"color: #000000;\">Alianzas estrat\u00e9gicas con organismos nacionales y multilaterales<\/span><\/li>\n<li><span style=\"color: #000000;\">Modernizaci\u00f3n de la Ley de Contadores<\/span><\/li>\n<li><span style=\"color: #000000;\">Ruta hacia la membres\u00eda en la IFAC<\/span><\/li>\n<li><span style=\"color: #000000;\">Impulso a la actualizaci\u00f3n del Informe ROSC del Ecuador<\/span><\/li>\n<\/ul>\n<p style=\"text-align: justify;\"><span style=\"color: #000000;\"><em>\u201cNuestro prop\u00f3sito es consolidar la profesi\u00f3n contable ecuatoriana bajo un marco unificado, \u00e9tico y de clase mundial, fortaleciendo nuestra voz y nuestra capacidad de servir al pa\u00eds desde la transparencia, la calidad y la sostenibilidad\u201d<\/em>, se\u00f1al\u00f3 el presidente de la FNCE.<\/span><\/p>\n<p style=\"text-align: justify;\"><span style=\"color: #000000;\">La FNCE, reconocida como el m\u00e1ximo organismo representativo del gremio contable en el pa\u00eds conforme a la Ley de Contadores, reafirm\u00f3 su rol como garante de la \u00e9tica profesional, la calidad t\u00e9cnica y la defensa del libre ejercicio de la profesi\u00f3n.<\/span><\/p>\n<p style=\"text-align: justify;\"><span style=\"color: #000000;\">En este nuevo per\u00edodo, la federaci\u00f3n convoca a reguladores, universidades, gremios, sector p\u00fablico y organismos multilaterales a trabajar de manera conjunta en la modernizaci\u00f3n del ecosistema contable nacional. <em>\u201cLa contabilidad no es solo n\u00fameros; es el lenguaje de la confianza y la arquitectura del futuro que queremos construir\u201d<\/em>, enfatiz\u00f3 Daqui, destacando adem\u00e1s el rol de las nuevas generaciones en este proceso de transformaci\u00f3n.<\/span><\/p>\n<p style=\"text-align: justify;\"><span style=\"color: #000000;\">Con esta nueva directiva, la FNCE proyecta una agenda ambiciosa y responsable, orientada a elevar los est\u00e1ndares de la profesi\u00f3n y a fortalecer su contribuci\u00f3n al desarrollo econ\u00f3mico, la transparencia y la sostenibilidad del Ecuador.<\/span><\/p>\n","protected":false},"excerpt":{"rendered":"<p>En la foto: Marco Antonio Daqui, presidente de la Federaci\u00f3n Nacional de Contadores del Ecuador (FNCE) para el per\u00edodo 2026\u20132027 en su primer discurso. Ecuador, enero 2026.- La Federaci\u00f3n Nacional de Contadores del Ecuador (FNCE) inicia una nueva etapa de fortalecimiento institucional con la posesi\u00f3n de su directiva para el per\u00edodo 2026\u20132027, liderada por Marco [&hellip;]<\/p>\n","protected":false},"author":4,"featured_media":139268,"comment_status":"closed","ping_status":"closed","sticky":false,"template":"","format":"standard","meta":{"_bbp_topic_count":0,"_bbp_reply_count":0,"_bbp_total_topic_count":0,"_bbp_total_reply_count":0,"_bbp_voice_count":0,"_bbp_anonymous_reply_count":0,"_bbp_topic_count_hidden":0,"_bbp_reply_count_hidden":0,"_bbp_forum_subforum_count":0,"buzzeditor_post_format":"","footnotes":""},"categories":[2],"tags":[],"class_list":["post-139266","post","type-post","status-publish","format-standard","has-post-thumbnail","hentry","category-noticias"],"yoast_head":"<!-- This site is optimized with the Yoast SEO plugin v27.5 - https:\/\/yoast.com\/product\/yoast-seo-wordpress\/ -->\n<title>La Federaci\u00f3n Nacional de Contadores del Ecuador renueva su directiva y traza una hoja de ruta para la modernizaci\u00f3n de la profesi\u00f3n &#8211; QUEBAKAN.COM 2026: Noticias, Eventos, Conciertos y mucho m\u00e1s....<\/title>\n<meta name=\"robots\" content=\"index, follow, max-snippet:-1, max-image-preview:large, max-video-preview:-1\" \/>\n<link rel=\"canonical\" href=\"https:\/\/www.quebakan.com\/v15\/la-federacion-nacional-de-contadores-del-ecuador-renueva-su-directiva-y-traza-una-hoja-de-ruta-para-la-modernizacion-de-la-profesion\/\" \/>\n<meta property=\"og:locale\" content=\"es_ES\" \/>\n<meta property=\"og:type\" content=\"article\" \/>\n<meta property=\"og:title\" content=\"La Federaci\u00f3n Nacional de Contadores del Ecuador renueva su directiva y traza una hoja de ruta para la modernizaci\u00f3n de la profesi\u00f3n &#8211; QUEBAKAN.COM 2026: Noticias, Eventos, Conciertos y mucho m\u00e1s....\" \/>\n<meta property=\"og:description\" content=\"En la foto: Marco Antonio Daqui, presidente de la Federaci\u00f3n Nacional de Contadores del Ecuador (FNCE) para el per\u00edodo 2026\u20132027 en su primer discurso. Ecuador, enero 2026.- La Federaci\u00f3n Nacional de Contadores del Ecuador (FNCE) inicia una nueva etapa de fortalecimiento institucional con la posesi\u00f3n de su directiva para el per\u00edodo 2026\u20132027, liderada por Marco [&hellip;]\" \/>\n<meta property=\"og:url\" content=\"https:\/\/www.quebakan.com\/v15\/la-federacion-nacional-de-contadores-del-ecuador-renueva-su-directiva-y-traza-una-hoja-de-ruta-para-la-modernizacion-de-la-profesion\/\" \/>\n<meta property=\"og:site_name\" content=\"QUEBAKAN.COM 2026: Noticias, Eventos, Conciertos y mucho m\u00e1s....\" \/>\n<meta property=\"article:publisher\" content=\"http:\/\/www.facebook.com\/quebakan\" \/>\n<meta property=\"article:published_time\" content=\"2026-01-22T07:06:47+00:00\" \/>\n<meta property=\"og:image\" content=\"https:\/\/www.quebakan.com\/v15\/wp-content\/uploads\/2026\/01\/Juramento-Directorio.jpg\" \/>\n\t<meta property=\"og:image:width\" content=\"700\" \/>\n\t<meta property=\"og:image:height\" content=\"462\" \/>\n\t<meta property=\"og:image:type\" content=\"image\/jpeg\" \/>\n<meta name=\"author\" content=\"Erick Villafuerte\" \/>\n<meta name=\"twitter:card\" content=\"summary_large_image\" \/>\n<meta name=\"twitter:creator\" content=\"@quebakanec\" \/>\n<meta name=\"twitter:site\" content=\"@quebakanec\" \/>\n<meta name=\"twitter:label1\" content=\"Escrito por\" \/>\n\t<meta name=\"twitter:data1\" content=\"Erick Villafuerte\" \/>\n\t<meta name=\"twitter:label2\" content=\"Tiempo de lectura\" \/>\n\t<meta name=\"twitter:data2\" content=\"4 minutos\" \/>\n<script type=\"application\/ld+json\" class=\"yoast-schema-graph\">{\"@context\":\"https:\\\/\\\/schema.org\",\"@graph\":[{\"@type\":\"Article\",\"@id\":\"https:\\\/\\\/www.quebakan.com\\\/v15\\\/la-federacion-nacional-de-contadores-del-ecuador-renueva-su-directiva-y-traza-una-hoja-de-ruta-para-la-modernizacion-de-la-profesion\\\/#article\",\"isPartOf\":{\"@id\":\"https:\\\/\\\/www.quebakan.com\\\/v15\\\/la-federacion-nacional-de-contadores-del-ecuador-renueva-su-directiva-y-traza-una-hoja-de-ruta-para-la-modernizacion-de-la-profesion\\\/\"},\"author\":{\"name\":\"Erick Villafuerte\",\"@id\":\"https:\\\/\\\/www.quebakan.com\\\/v15\\\/#\\\/schema\\\/person\\\/d90fa9f9cfa81eb8ace9811e5b7b9118\"},\"headline\":\"La Federaci\u00f3n Nacional de Contadores del Ecuador renueva su directiva y traza una hoja de ruta para la modernizaci\u00f3n de la profesi\u00f3n\",\"datePublished\":\"2026-01-22T07:06:47+00:00\",\"mainEntityOfPage\":{\"@id\":\"https:\\\/\\\/www.quebakan.com\\\/v15\\\/la-federacion-nacional-de-contadores-del-ecuador-renueva-su-directiva-y-traza-una-hoja-de-ruta-para-la-modernizacion-de-la-profesion\\\/\"},\"wordCount\":692,\"publisher\":{\"@id\":\"https:\\\/\\\/www.quebakan.com\\\/v15\\\/#organization\"},\"image\":{\"@id\":\"https:\\\/\\\/www.quebakan.com\\\/v15\\\/la-federacion-nacional-de-contadores-del-ecuador-renueva-su-directiva-y-traza-una-hoja-de-ruta-para-la-modernizacion-de-la-profesion\\\/#primaryimage\"},\"thumbnailUrl\":\"https:\\\/\\\/www.quebakan.com\\\/v15\\\/wp-content\\\/uploads\\\/2026\\\/01\\\/Juramento-Directorio.jpg\",\"articleSection\":[\"Noticias\"],\"inLanguage\":\"es\"},{\"@type\":\"WebPage\",\"@id\":\"https:\\\/\\\/www.quebakan.com\\\/v15\\\/la-federacion-nacional-de-contadores-del-ecuador-renueva-su-directiva-y-traza-una-hoja-de-ruta-para-la-modernizacion-de-la-profesion\\\/\",\"url\":\"https:\\\/\\\/www.quebakan.com\\\/v15\\\/la-federacion-nacional-de-contadores-del-ecuador-renueva-su-directiva-y-traza-una-hoja-de-ruta-para-la-modernizacion-de-la-profesion\\\/\",\"name\":\"La Federaci\u00f3n Nacional de Contadores del Ecuador renueva su directiva y traza una hoja de ruta para la modernizaci\u00f3n de la profesi\u00f3n &#8211; QUEBAKAN.COM 2026: Noticias, Eventos, Conciertos y mucho m\u00e1s....\",\"isPartOf\":{\"@id\":\"https:\\\/\\\/www.quebakan.com\\\/v15\\\/#website\"},\"primaryImageOfPage\":{\"@id\":\"https:\\\/\\\/www.quebakan.com\\\/v15\\\/la-federacion-nacional-de-contadores-del-ecuador-renueva-su-directiva-y-traza-una-hoja-de-ruta-para-la-modernizacion-de-la-profesion\\\/#primaryimage\"},\"image\":{\"@id\":\"https:\\\/\\\/www.quebakan.com\\\/v15\\\/la-federacion-nacional-de-contadores-del-ecuador-renueva-su-directiva-y-traza-una-hoja-de-ruta-para-la-modernizacion-de-la-profesion\\\/#primaryimage\"},\"thumbnailUrl\":\"https:\\\/\\\/www.quebakan.com\\\/v15\\\/wp-content\\\/uploads\\\/2026\\\/01\\\/Juramento-Directorio.jpg\",\"datePublished\":\"2026-01-22T07:06:47+00:00\",\"breadcrumb\":{\"@id\":\"https:\\\/\\\/www.quebakan.com\\\/v15\\\/la-federacion-nacional-de-contadores-del-ecuador-renueva-su-directiva-y-traza-una-hoja-de-ruta-para-la-modernizacion-de-la-profesion\\\/#breadcrumb\"},\"inLanguage\":\"es\",\"potentialAction\":[{\"@type\":\"ReadAction\",\"target\":[\"https:\\\/\\\/www.quebakan.com\\\/v15\\\/la-federacion-nacional-de-contadores-del-ecuador-renueva-su-directiva-y-traza-una-hoja-de-ruta-para-la-modernizacion-de-la-profesion\\\/\"]}]},{\"@type\":\"ImageObject\",\"inLanguage\":\"es\",\"@id\":\"https:\\\/\\\/www.quebakan.com\\\/v15\\\/la-federacion-nacional-de-contadores-del-ecuador-renueva-su-directiva-y-traza-una-hoja-de-ruta-para-la-modernizacion-de-la-profesion\\\/#primaryimage\",\"url\":\"https:\\\/\\\/www.quebakan.com\\\/v15\\\/wp-content\\\/uploads\\\/2026\\\/01\\\/Juramento-Directorio.jpg\",\"contentUrl\":\"https:\\\/\\\/www.quebakan.com\\\/v15\\\/wp-content\\\/uploads\\\/2026\\\/01\\\/Juramento-Directorio.jpg\",\"width\":700,\"height\":462},{\"@type\":\"BreadcrumbList\",\"@id\":\"https:\\\/\\\/www.quebakan.com\\\/v15\\\/la-federacion-nacional-de-contadores-del-ecuador-renueva-su-directiva-y-traza-una-hoja-de-ruta-para-la-modernizacion-de-la-profesion\\\/#breadcrumb\",\"itemListElement\":[{\"@type\":\"ListItem\",\"position\":1,\"name\":\"Portada\",\"item\":\"https:\\\/\\\/www.quebakan.com\\\/v15\\\/\"},{\"@type\":\"ListItem\",\"position\":2,\"name\":\"La Federaci\u00f3n Nacional de Contadores del Ecuador renueva su directiva y traza una hoja de ruta para la modernizaci\u00f3n de la profesi\u00f3n\"}]},{\"@type\":\"WebSite\",\"@id\":\"https:\\\/\\\/www.quebakan.com\\\/v15\\\/#website\",\"url\":\"https:\\\/\\\/www.quebakan.com\\\/v15\\\/\",\"name\":\"QUEBAKAN\",\"description\":\"..\",\"publisher\":{\"@id\":\"https:\\\/\\\/www.quebakan.com\\\/v15\\\/#organization\"},\"potentialAction\":[{\"@type\":\"SearchAction\",\"target\":{\"@type\":\"EntryPoint\",\"urlTemplate\":\"https:\\\/\\\/www.quebakan.com\\\/v15\\\/?s={search_term_string}\"},\"query-input\":{\"@type\":\"PropertyValueSpecification\",\"valueRequired\":true,\"valueName\":\"search_term_string\"}}],\"inLanguage\":\"es\"},{\"@type\":\"Organization\",\"@id\":\"https:\\\/\\\/www.quebakan.com\\\/v15\\\/#organization\",\"name\":\"Quebakan.com\",\"url\":\"https:\\\/\\\/www.quebakan.com\\\/v15\\\/\",\"logo\":{\"@type\":\"ImageObject\",\"inLanguage\":\"es\",\"@id\":\"https:\\\/\\\/www.quebakan.com\\\/v15\\\/#\\\/schema\\\/logo\\\/image\\\/\",\"url\":\"https:\\\/\\\/www.quebakan.com\\\/v15\\\/wp-content\\\/uploads\\\/2023\\\/07\\\/logoquebakanenero2021.jpg\",\"contentUrl\":\"https:\\\/\\\/www.quebakan.com\\\/v15\\\/wp-content\\\/uploads\\\/2023\\\/07\\\/logoquebakanenero2021.jpg\",\"width\":1920,\"height\":1080,\"caption\":\"Quebakan.com\"},\"image\":{\"@id\":\"https:\\\/\\\/www.quebakan.com\\\/v15\\\/#\\\/schema\\\/logo\\\/image\\\/\"},\"sameAs\":[\"http:\\\/\\\/www.facebook.com\\\/quebakan\",\"https:\\\/\\\/x.com\\\/quebakanec\",\"http:\\\/\\\/www.instagram.com\\\/quebakan\",\"http:\\\/\\\/www.youtube.com\\\/quebakan1\"]},{\"@type\":\"Person\",\"@id\":\"https:\\\/\\\/www.quebakan.com\\\/v15\\\/#\\\/schema\\\/person\\\/d90fa9f9cfa81eb8ace9811e5b7b9118\",\"name\":\"Erick Villafuerte\",\"image\":{\"@type\":\"ImageObject\",\"inLanguage\":\"es\",\"@id\":\"https:\\\/\\\/www.quebakan.com\\\/v15\\\/wp-content\\\/uploads\\\/avatars\\\/4\\\/1731297654-bpfull.png\",\"url\":\"https:\\\/\\\/www.quebakan.com\\\/v15\\\/wp-content\\\/uploads\\\/avatars\\\/4\\\/1731297654-bpfull.png\",\"contentUrl\":\"https:\\\/\\\/www.quebakan.com\\\/v15\\\/wp-content\\\/uploads\\\/avatars\\\/4\\\/1731297654-bpfull.png\",\"caption\":\"Erick Villafuerte\"}}]}<\/script>\n<!-- \/ Yoast SEO plugin. -->","yoast_head_json":{"title":"La Federaci\u00f3n Nacional de Contadores del Ecuador renueva su directiva y traza una hoja de ruta para la modernizaci\u00f3n de la profesi\u00f3n &#8211; QUEBAKAN.COM 2026: Noticias, Eventos, Conciertos y mucho m\u00e1s....","robots":{"index":"index","follow":"follow","max-snippet":"max-snippet:-1","max-image-preview":"max-image-preview:large","max-video-preview":"max-video-preview:-1"},"canonical":"https:\/\/www.quebakan.com\/v15\/la-federacion-nacional-de-contadores-del-ecuador-renueva-su-directiva-y-traza-una-hoja-de-ruta-para-la-modernizacion-de-la-profesion\/","og_locale":"es_ES","og_type":"article","og_title":"La Federaci\u00f3n Nacional de Contadores del Ecuador renueva su directiva y traza una hoja de ruta para la modernizaci\u00f3n de la profesi\u00f3n &#8211; QUEBAKAN.COM 2026: Noticias, Eventos, Conciertos y mucho m\u00e1s....","og_description":"En la foto: Marco Antonio Daqui, presidente de la Federaci\u00f3n Nacional de Contadores del Ecuador (FNCE) para el per\u00edodo 2026\u20132027 en su primer discurso. Ecuador, enero 2026.- La Federaci\u00f3n Nacional de Contadores del Ecuador (FNCE) inicia una nueva etapa de fortalecimiento institucional con la posesi\u00f3n de su directiva para el per\u00edodo 2026\u20132027, liderada por Marco [&hellip;]","og_url":"https:\/\/www.quebakan.com\/v15\/la-federacion-nacional-de-contadores-del-ecuador-renueva-su-directiva-y-traza-una-hoja-de-ruta-para-la-modernizacion-de-la-profesion\/","og_site_name":"QUEBAKAN.COM 2026: Noticias, Eventos, Conciertos y mucho m\u00e1s....","article_publisher":"http:\/\/www.facebook.com\/quebakan","article_published_time":"2026-01-22T07:06:47+00:00","og_image":[{"width":700,"height":462,"url":"https:\/\/www.quebakan.com\/v15\/wp-content\/uploads\/2026\/01\/Juramento-Directorio.jpg","type":"image\/jpeg"}],"author":"Erick Villafuerte","twitter_card":"summary_large_image","twitter_creator":"@quebakanec","twitter_site":"@quebakanec","twitter_misc":{"Escrito por":"Erick Villafuerte","Tiempo de lectura":"4 minutos"},"schema":{"@context":"https:\/\/schema.org","@graph":[{"@type":"Article","@id":"https:\/\/www.quebakan.com\/v15\/la-federacion-nacional-de-contadores-del-ecuador-renueva-su-directiva-y-traza-una-hoja-de-ruta-para-la-modernizacion-de-la-profesion\/#article","isPartOf":{"@id":"https:\/\/www.quebakan.com\/v15\/la-federacion-nacional-de-contadores-del-ecuador-renueva-su-directiva-y-traza-una-hoja-de-ruta-para-la-modernizacion-de-la-profesion\/"},"author":{"name":"Erick Villafuerte","@id":"https:\/\/www.quebakan.com\/v15\/#\/schema\/person\/d90fa9f9cfa81eb8ace9811e5b7b9118"},"headline":"La Federaci\u00f3n Nacional de Contadores del Ecuador renueva su directiva y traza una hoja de ruta para la modernizaci\u00f3n de la profesi\u00f3n","datePublished":"2026-01-22T07:06:47+00:00","mainEntityOfPage":{"@id":"https:\/\/www.quebakan.com\/v15\/la-federacion-nacional-de-contadores-del-ecuador-renueva-su-directiva-y-traza-una-hoja-de-ruta-para-la-modernizacion-de-la-profesion\/"},"wordCount":692,"publisher":{"@id":"https:\/\/www.quebakan.com\/v15\/#organization"},"image":{"@id":"https:\/\/www.quebakan.com\/v15\/la-federacion-nacional-de-contadores-del-ecuador-renueva-su-directiva-y-traza-una-hoja-de-ruta-para-la-modernizacion-de-la-profesion\/#primaryimage"},"thumbnailUrl":"https:\/\/www.quebakan.com\/v15\/wp-content\/uploads\/2026\/01\/Juramento-Directorio.jpg","articleSection":["Noticias"],"inLanguage":"es"},{"@type":"WebPage","@id":"https:\/\/www.quebakan.com\/v15\/la-federacion-nacional-de-contadores-del-ecuador-renueva-su-directiva-y-traza-una-hoja-de-ruta-para-la-modernizacion-de-la-profesion\/","url":"https:\/\/www.quebakan.com\/v15\/la-federacion-nacional-de-contadores-del-ecuador-renueva-su-directiva-y-traza-una-hoja-de-ruta-para-la-modernizacion-de-la-profesion\/","name":"La Federaci\u00f3n Nacional de Contadores del Ecuador renueva su directiva y traza una hoja de ruta para la modernizaci\u00f3n de la profesi\u00f3n &#8211; QUEBAKAN.COM 2026: Noticias, Eventos, Conciertos y mucho m\u00e1s....","isPartOf":{"@id":"https:\/\/www.quebakan.com\/v15\/#website"},"primaryImageOfPage":{"@id":"https:\/\/www.quebakan.com\/v15\/la-federacion-nacional-de-contadores-del-ecuador-renueva-su-directiva-y-traza-una-hoja-de-ruta-para-la-modernizacion-de-la-profesion\/#primaryimage"},"image":{"@id":"https:\/\/www.quebakan.com\/v15\/la-federacion-nacional-de-contadores-del-ecuador-renueva-su-directiva-y-traza-una-hoja-de-ruta-para-la-modernizacion-de-la-profesion\/#primaryimage"},"thumbnailUrl":"https:\/\/www.quebakan.com\/v15\/wp-content\/uploads\/2026\/01\/Juramento-Directorio.jpg","datePublished":"2026-01-22T07:06:47+00:00","breadcrumb":{"@id":"https:\/\/www.quebakan.com\/v15\/la-federacion-nacional-de-contadores-del-ecuador-renueva-su-directiva-y-traza-una-hoja-de-ruta-para-la-modernizacion-de-la-profesion\/#breadcrumb"},"inLanguage":"es","potentialAction":[{"@type":"ReadAction","target":["https:\/\/www.quebakan.com\/v15\/la-federacion-nacional-de-contadores-del-ecuador-renueva-su-directiva-y-traza-una-hoja-de-ruta-para-la-modernizacion-de-la-profesion\/"]}]},{"@type":"ImageObject","inLanguage":"es","@id":"https:\/\/www.quebakan.com\/v15\/la-federacion-nacional-de-contadores-del-ecuador-renueva-su-directiva-y-traza-una-hoja-de-ruta-para-la-modernizacion-de-la-profesion\/#primaryimage","url":"https:\/\/www.quebakan.com\/v15\/wp-content\/uploads\/2026\/01\/Juramento-Directorio.jpg","contentUrl":"https:\/\/www.quebakan.com\/v15\/wp-content\/uploads\/2026\/01\/Juramento-Directorio.jpg","width":700,"height":462},{"@type":"BreadcrumbList","@id":"https:\/\/www.quebakan.com\/v15\/la-federacion-nacional-de-contadores-del-ecuador-renueva-su-directiva-y-traza-una-hoja-de-ruta-para-la-modernizacion-de-la-profesion\/#breadcrumb","itemListElement":[{"@type":"ListItem","position":1,"name":"Portada","item":"https:\/\/www.quebakan.com\/v15\/"},{"@type":"ListItem","position":2,"name":"La Federaci\u00f3n Nacional de Contadores del Ecuador renueva su directiva y traza una hoja de ruta para la modernizaci\u00f3n de la profesi\u00f3n"}]},{"@type":"WebSite","@id":"https:\/\/www.quebakan.com\/v15\/#website","url":"https:\/\/www.quebakan.com\/v15\/","name":"QUEBAKAN","description":"..","publisher":{"@id":"https:\/\/www.quebakan.com\/v15\/#organization"},"potentialAction":[{"@type":"SearchAction","target":{"@type":"EntryPoint","urlTemplate":"https:\/\/www.quebakan.com\/v15\/?s={search_term_string}"},"query-input":{"@type":"PropertyValueSpecification","valueRequired":true,"valueName":"search_term_string"}}],"inLanguage":"es"},{"@type":"Organization","@id":"https:\/\/www.quebakan.com\/v15\/#organization","name":"Quebakan.com","url":"https:\/\/www.quebakan.com\/v15\/","logo":{"@type":"ImageObject","inLanguage":"es","@id":"https:\/\/www.quebakan.com\/v15\/#\/schema\/logo\/image\/","url":"https:\/\/www.quebakan.com\/v15\/wp-content\/uploads\/2023\/07\/logoquebakanenero2021.jpg","contentUrl":"https:\/\/www.quebakan.com\/v15\/wp-content\/uploads\/2023\/07\/logoquebakanenero2021.jpg","width":1920,"height":1080,"caption":"Quebakan.com"},"image":{"@id":"https:\/\/www.quebakan.com\/v15\/#\/schema\/logo\/image\/"},"sameAs":["http:\/\/www.facebook.com\/quebakan","https:\/\/x.com\/quebakanec","http:\/\/www.instagram.com\/quebakan","http:\/\/www.youtube.com\/quebakan1"]},{"@type":"Person","@id":"https:\/\/www.quebakan.com\/v15\/#\/schema\/person\/d90fa9f9cfa81eb8ace9811e5b7b9118","name":"Erick Villafuerte","image":{"@type":"ImageObject","inLanguage":"es","@id":"https:\/\/www.quebakan.com\/v15\/wp-content\/uploads\/avatars\/4\/1731297654-bpfull.png","url":"https:\/\/www.quebakan.com\/v15\/wp-content\/uploads\/avatars\/4\/1731297654-bpfull.png","contentUrl":"https:\/\/www.quebakan.com\/v15\/wp-content\/uploads\/avatars\/4\/1731297654-bpfull.png","caption":"Erick Villafuerte"}}]}},"_links":{"self":[{"href":"https:\/\/www.quebakan.com\/v15\/wp-json\/wp\/v2\/posts\/139266","targetHints":{"allow":["GET"]}}],"collection":[{"href":"https:\/\/www.quebakan.com\/v15\/wp-json\/wp\/v2\/posts"}],"about":[{"href":"https:\/\/www.quebakan.com\/v15\/wp-json\/wp\/v2\/types\/post"}],"author":[{"embeddable":true,"href":"https:\/\/www.quebakan.com\/v15\/wp-json\/wp\/v2\/users\/4"}],"replies":[{"embeddable":true,"href":"https:\/\/www.quebakan.com\/v15\/wp-json\/wp\/v2\/comments?post=139266"}],"version-history":[{"count":1,"href":"https:\/\/www.quebakan.com\/v15\/wp-json\/wp\/v2\/posts\/139266\/revisions"}],"predecessor-version":[{"id":139269,"href":"https:\/\/www.quebakan.com\/v15\/wp-json\/wp\/v2\/posts\/139266\/revisions\/139269"}],"wp:featuredmedia":[{"embeddable":true,"href":"https:\/\/www.quebakan.com\/v15\/wp-json\/wp\/v2\/media\/139268"}],"wp:attachment":[{"href":"https:\/\/www.quebakan.com\/v15\/wp-json\/wp\/v2\/media?parent=139266"}],"wp:term":[{"taxonomy":"category","embeddable":true,"href":"https:\/\/www.quebakan.com\/v15\/wp-json\/wp\/v2\/categories?post=139266"},{"taxonomy":"post_tag","embeddable":true,"href":"https:\/\/www.quebakan.com\/v15\/wp-json\/wp\/v2\/tags?post=139266"}],"curies":[{"name":"wp","href":"https:\/\/api.w.org\/{rel}","templated":true}]}}