{"id":139270,"date":"2026-01-22T11:41:24","date_gmt":"2026-01-22T16:41:24","guid":{"rendered":"https:\/\/www.quebakan.com\/v15\/?p=139270"},"modified":"2026-01-22T11:41:24","modified_gmt":"2026-01-22T16:41:24","slug":"tercer-mundo-anuncia-las-fechas-de-su-tour-siempre-te-ame","status":"publish","type":"post","link":"https:\/\/www.quebakan.com\/v15\/tercer-mundo-anuncia-las-fechas-de-su-tour-siempre-te-ame\/","title":{"rendered":"Tercer Mundo anuncia las fechas de su tour \u201cSIEMPRE TE AM\u00c9\u201d"},"content":{"rendered":"<p><img fetchpriority=\"high\" decoding=\"async\" class=\"aligncenter size-full wp-image-139271\" src=\"https:\/\/www.quebakan.com\/v15\/wp-content\/uploads\/2026\/01\/flyertercermundo.jpg\" alt=\"\" width=\"572\" height=\"715\" \/><\/p>\n<p style=\"text-align: justify;\"><strong><span style=\"color: #000000;\">La nueva gira de conciertos llegar\u00e1 a Quito, Guayaquil, Portoviejo en el mes de Febrero 2026 por San Valent\u00edn<\/span><\/strong><br \/>\n<span style=\"color: #000000;\">M\u00c1S CIUDADES POR ANUNCIAR \u2026<\/span><\/p>\n<p style=\"text-align: justify;\"><span style=\"color: #000000;\"><strong>Quito, 14 de enero de 2026:<\/strong> La banda m\u00e1s famosa de Ecuador, Los TercerMundo inicia el 2026 con el anuncio de su gira de conciertos Tour \u201cSIEMPRE TE AM\u00c9\u201d por San Valent\u00edn, con 3 ciudades confirmadas: Quito 11 de febrero, Guayaquil 12 y Portoviejo 13 de febrero de 2026,<\/span><br \/>\n<span style=\"color: #000000;\">con m\u00e1s fechas por anunciar.<\/span><\/p>\n<p style=\"text-align: justify;\"><span style=\"color: #000000;\">Los TercerMundo vienen de un 2025 potente donde visitaron m\u00e1s de 13 ciudades del pa\u00eds durante su gira de conciertos \u201c\u00cdNTIMOS TOUR\u201d con 23 fechas \u201csold out\u201d y del lanzamiento del single \u201cValimos\u201d una canci\u00f3n de despecho\u2026 Varias giras promocionales, viajes, colaboraciones con marcas y m\u00e1s, que les permitieron volver a encontrarse muy de cerca con su p\u00fablico.<\/span><\/p>\n<p style=\"text-align: justify;\"><span style=\"color: #000000;\">\u201cSIEMPRE TE AM\u00c9\u201d Tour ya a la venta a trav\u00e9s de Meet 2 Go. Compra tus entradas en la Primera Preventa en https:\/\/www.meet2go.com\/tour\/siempreteametour en la siguientes localidades:<\/span><br \/>\n<span style=\"color: #000000;\">&#8211; Quito, Teatro San Gabriel, 11 de febrero:<\/span><br \/>\n<span style=\"color: #000000;\">\u201cCorazones Rotos\u201d (\u00danica preventa) filas A-C: $60<\/span><br \/>\n<span style=\"color: #000000;\">\u201cSi Dijeras\u201d: $30<\/span><br \/>\n<span style=\"color: #000000;\">\u201cTarjetitas\u201d $20<\/span><br \/>\n<span style=\"color: #000000;\">\u201c\u00cdntimos Tercer Mundo\u201d: $50 (incluye una botella de vino por pareja)<\/span><br \/>\n<span style=\"color: #000000;\">Link: https:\/\/www.meet2go.com\/ev\/toursanvalentintercermundo<\/span><br \/>\n<span style=\"color: #000000;\">&#8211; Guayaquil, Food Garden Samborond\u00f3n, 12 de febrero:<\/span><\/p>\n<p style=\"text-align: justify;\"><span style=\"color: #000000;\">\u201cCorazones Rotos\u201d: $30<\/span><br \/>\n<span style=\"color: #000000;\">\u201cSi dijeras\u201d: $20<\/span><br \/>\n<span style=\"color: #000000;\">\u201cTarjetitas\u201d (segundo piso) : $20<\/span><br \/>\n<span style=\"color: #000000;\">Link: https:\/\/www.meet2go.com\/ev\/tercermundosamborondon<\/span><\/p>\n<p style=\"text-align: justify;\"><span style=\"color: #000000;\">&#8211; Portoviejo, UMAMI, 14 de febrero<\/span><br \/>\n<span style=\"color: #000000;\">Directamente en UNAMI : https:\/\/www.instagram.com\/umami_portoviejo\/<\/span><br \/>\n<span style=\"color: #000000;\">San Valentin, junto a la banda que te ha acompa\u00f1ado en todas tus historias de amor. Vive una noche inolvidable y experiencial. \u201c\u00a1TE QUEREMOS VER!\u201d ..TERCERMUNDO.<\/span><\/p>\n<p style=\"text-align: justify;\"><span style=\"color: #000000;\">Entre tanto, escucha la PLAYLIST de San Valent\u00edn que TercerMundo ha preparado para ti:<\/span><br \/>\n<span style=\"color: #000000;\">https:\/\/bit.ly\/TERCERMUNDOSANVALENTIN<\/span><br \/>\n<span style=\"color: #000000;\">Un evento bajo la producci\u00f3n de @180producciones<\/span><br \/>\n<span style=\"color: #000000;\">Sigue a TercerMundo en Redes Sociales:<\/span><br \/>\n<span style=\"color: #000000;\">https:\/\/www.instagram.com\/lostercermundo<\/span><br \/>\n<span style=\"color: #000000;\">http:\/\/youtube.com\/lostercermundo<\/span><br \/>\n<span style=\"color: #000000;\">P\u00e1gina web: https:\/\/lostercermundo.com\/<\/span><\/p>\n","protected":false},"excerpt":{"rendered":"<p>La nueva gira de conciertos llegar\u00e1 a Quito, Guayaquil, Portoviejo en el mes de Febrero 2026 por San Valent\u00edn M\u00c1S CIUDADES POR ANUNCIAR \u2026 Quito, 14 de enero de 2026: La banda m\u00e1s famosa de Ecuador, Los TercerMundo inicia el 2026 con el anuncio de su gira de conciertos Tour \u201cSIEMPRE TE AM\u00c9\u201d por San [&hellip;]<\/p>\n","protected":false},"author":4,"featured_media":139271,"comment_status":"closed","ping_status":"closed","sticky":false,"template":"","format":"standard","meta":{"_bbp_topic_count":0,"_bbp_reply_count":0,"_bbp_total_topic_count":0,"_bbp_total_reply_count":0,"_bbp_voice_count":0,"_bbp_anonymous_reply_count":0,"_bbp_topic_count_hidden":0,"_bbp_reply_count_hidden":0,"_bbp_forum_subforum_count":0,"buzzeditor_post_format":"","footnotes":""},"categories":[3],"tags":[],"class_list":["post-139270","post","type-post","status-publish","format-standard","has-post-thumbnail","hentry","category-eventos"],"yoast_head":"<!-- This site is optimized with the Yoast SEO plugin v27.5 - https:\/\/yoast.com\/product\/yoast-seo-wordpress\/ -->\n<title>Tercer Mundo anuncia las fechas de su tour \u201cSIEMPRE TE AM\u00c9\u201d &#8211; QUEBAKAN.COM 2026: Noticias, Eventos, Conciertos y mucho m\u00e1s....<\/title>\n<meta name=\"robots\" content=\"index, follow, max-snippet:-1, max-image-preview:large, max-video-preview:-1\" \/>\n<link rel=\"canonical\" href=\"https:\/\/www.quebakan.com\/v15\/tercer-mundo-anuncia-las-fechas-de-su-tour-siempre-te-ame\/\" \/>\n<meta property=\"og:locale\" content=\"es_ES\" \/>\n<meta property=\"og:type\" content=\"article\" \/>\n<meta property=\"og:title\" content=\"Tercer Mundo anuncia las fechas de su tour \u201cSIEMPRE TE AM\u00c9\u201d &#8211; QUEBAKAN.COM 2026: Noticias, Eventos, Conciertos y mucho m\u00e1s....\" \/>\n<meta property=\"og:description\" content=\"La nueva gira de conciertos llegar\u00e1 a Quito, Guayaquil, Portoviejo en el mes de Febrero 2026 por San Valent\u00edn M\u00c1S CIUDADES POR ANUNCIAR \u2026 Quito, 14 de enero de 2026: La banda m\u00e1s famosa de Ecuador, Los TercerMundo inicia el 2026 con el anuncio de su gira de conciertos Tour \u201cSIEMPRE TE AM\u00c9\u201d por San [&hellip;]\" \/>\n<meta property=\"og:url\" content=\"https:\/\/www.quebakan.com\/v15\/tercer-mundo-anuncia-las-fechas-de-su-tour-siempre-te-ame\/\" \/>\n<meta property=\"og:site_name\" content=\"QUEBAKAN.COM 2026: Noticias, Eventos, Conciertos y mucho m\u00e1s....\" \/>\n<meta property=\"article:publisher\" content=\"http:\/\/www.facebook.com\/quebakan\" \/>\n<meta property=\"article:published_time\" content=\"2026-01-22T16:41:24+00:00\" \/>\n<meta property=\"og:image\" content=\"https:\/\/www.quebakan.com\/v15\/wp-content\/uploads\/2026\/01\/flyertercermundo.jpg\" \/>\n\t<meta property=\"og:image:width\" content=\"572\" \/>\n\t<meta property=\"og:image:height\" content=\"715\" \/>\n\t<meta property=\"og:image:type\" content=\"image\/jpeg\" \/>\n<meta name=\"author\" content=\"Erick Villafuerte\" \/>\n<meta name=\"twitter:card\" content=\"summary_large_image\" \/>\n<meta name=\"twitter:creator\" content=\"@quebakanec\" \/>\n<meta name=\"twitter:site\" content=\"@quebakanec\" \/>\n<meta name=\"twitter:label1\" content=\"Escrito por\" \/>\n\t<meta name=\"twitter:data1\" content=\"Erick Villafuerte\" \/>\n\t<meta name=\"twitter:label2\" content=\"Tiempo de lectura\" \/>\n\t<meta name=\"twitter:data2\" content=\"2 minutos\" \/>\n<script type=\"application\/ld+json\" class=\"yoast-schema-graph\">{\"@context\":\"https:\\\/\\\/schema.org\",\"@graph\":[{\"@type\":\"Article\",\"@id\":\"https:\\\/\\\/www.quebakan.com\\\/v15\\\/tercer-mundo-anuncia-las-fechas-de-su-tour-siempre-te-ame\\\/#article\",\"isPartOf\":{\"@id\":\"https:\\\/\\\/www.quebakan.com\\\/v15\\\/tercer-mundo-anuncia-las-fechas-de-su-tour-siempre-te-ame\\\/\"},\"author\":{\"name\":\"Erick Villafuerte\",\"@id\":\"https:\\\/\\\/www.quebakan.com\\\/v15\\\/#\\\/schema\\\/person\\\/d90fa9f9cfa81eb8ace9811e5b7b9118\"},\"headline\":\"Tercer Mundo anuncia las fechas de su tour \u201cSIEMPRE TE AM\u00c9\u201d\",\"datePublished\":\"2026-01-22T16:41:24+00:00\",\"mainEntityOfPage\":{\"@id\":\"https:\\\/\\\/www.quebakan.com\\\/v15\\\/tercer-mundo-anuncia-las-fechas-de-su-tour-siempre-te-ame\\\/\"},\"wordCount\":323,\"publisher\":{\"@id\":\"https:\\\/\\\/www.quebakan.com\\\/v15\\\/#organization\"},\"image\":{\"@id\":\"https:\\\/\\\/www.quebakan.com\\\/v15\\\/tercer-mundo-anuncia-las-fechas-de-su-tour-siempre-te-ame\\\/#primaryimage\"},\"thumbnailUrl\":\"https:\\\/\\\/www.quebakan.com\\\/v15\\\/wp-content\\\/uploads\\\/2026\\\/01\\\/flyertercermundo.jpg\",\"articleSection\":[\"Eventos\"],\"inLanguage\":\"es\"},{\"@type\":\"WebPage\",\"@id\":\"https:\\\/\\\/www.quebakan.com\\\/v15\\\/tercer-mundo-anuncia-las-fechas-de-su-tour-siempre-te-ame\\\/\",\"url\":\"https:\\\/\\\/www.quebakan.com\\\/v15\\\/tercer-mundo-anuncia-las-fechas-de-su-tour-siempre-te-ame\\\/\",\"name\":\"Tercer Mundo anuncia las fechas de su tour \u201cSIEMPRE TE AM\u00c9\u201d &#8211; QUEBAKAN.COM 2026: Noticias, Eventos, Conciertos y mucho m\u00e1s....\",\"isPartOf\":{\"@id\":\"https:\\\/\\\/www.quebakan.com\\\/v15\\\/#website\"},\"primaryImageOfPage\":{\"@id\":\"https:\\\/\\\/www.quebakan.com\\\/v15\\\/tercer-mundo-anuncia-las-fechas-de-su-tour-siempre-te-ame\\\/#primaryimage\"},\"image\":{\"@id\":\"https:\\\/\\\/www.quebakan.com\\\/v15\\\/tercer-mundo-anuncia-las-fechas-de-su-tour-siempre-te-ame\\\/#primaryimage\"},\"thumbnailUrl\":\"https:\\\/\\\/www.quebakan.com\\\/v15\\\/wp-content\\\/uploads\\\/2026\\\/01\\\/flyertercermundo.jpg\",\"datePublished\":\"2026-01-22T16:41:24+00:00\",\"breadcrumb\":{\"@id\":\"https:\\\/\\\/www.quebakan.com\\\/v15\\\/tercer-mundo-anuncia-las-fechas-de-su-tour-siempre-te-ame\\\/#breadcrumb\"},\"inLanguage\":\"es\",\"potentialAction\":[{\"@type\":\"ReadAction\",\"target\":[\"https:\\\/\\\/www.quebakan.com\\\/v15\\\/tercer-mundo-anuncia-las-fechas-de-su-tour-siempre-te-ame\\\/\"]}]},{\"@type\":\"ImageObject\",\"inLanguage\":\"es\",\"@id\":\"https:\\\/\\\/www.quebakan.com\\\/v15\\\/tercer-mundo-anuncia-las-fechas-de-su-tour-siempre-te-ame\\\/#primaryimage\",\"url\":\"https:\\\/\\\/www.quebakan.com\\\/v15\\\/wp-content\\\/uploads\\\/2026\\\/01\\\/flyertercermundo.jpg\",\"contentUrl\":\"https:\\\/\\\/www.quebakan.com\\\/v15\\\/wp-content\\\/uploads\\\/2026\\\/01\\\/flyertercermundo.jpg\",\"width\":572,\"height\":715},{\"@type\":\"BreadcrumbList\",\"@id\":\"https:\\\/\\\/www.quebakan.com\\\/v15\\\/tercer-mundo-anuncia-las-fechas-de-su-tour-siempre-te-ame\\\/#breadcrumb\",\"itemListElement\":[{\"@type\":\"ListItem\",\"position\":1,\"name\":\"Portada\",\"item\":\"https:\\\/\\\/www.quebakan.com\\\/v15\\\/\"},{\"@type\":\"ListItem\",\"position\":2,\"name\":\"Tercer Mundo anuncia las fechas de su tour \u201cSIEMPRE TE AM\u00c9\u201d\"}]},{\"@type\":\"WebSite\",\"@id\":\"https:\\\/\\\/www.quebakan.com\\\/v15\\\/#website\",\"url\":\"https:\\\/\\\/www.quebakan.com\\\/v15\\\/\",\"name\":\"QUEBAKAN\",\"description\":\"..\",\"publisher\":{\"@id\":\"https:\\\/\\\/www.quebakan.com\\\/v15\\\/#organization\"},\"potentialAction\":[{\"@type\":\"SearchAction\",\"target\":{\"@type\":\"EntryPoint\",\"urlTemplate\":\"https:\\\/\\\/www.quebakan.com\\\/v15\\\/?s={search_term_string}\"},\"query-input\":{\"@type\":\"PropertyValueSpecification\",\"valueRequired\":true,\"valueName\":\"search_term_string\"}}],\"inLanguage\":\"es\"},{\"@type\":\"Organization\",\"@id\":\"https:\\\/\\\/www.quebakan.com\\\/v15\\\/#organization\",\"name\":\"Quebakan.com\",\"url\":\"https:\\\/\\\/www.quebakan.com\\\/v15\\\/\",\"logo\":{\"@type\":\"ImageObject\",\"inLanguage\":\"es\",\"@id\":\"https:\\\/\\\/www.quebakan.com\\\/v15\\\/#\\\/schema\\\/logo\\\/image\\\/\",\"url\":\"https:\\\/\\\/www.quebakan.com\\\/v15\\\/wp-content\\\/uploads\\\/2023\\\/07\\\/logoquebakanenero2021.jpg\",\"contentUrl\":\"https:\\\/\\\/www.quebakan.com\\\/v15\\\/wp-content\\\/uploads\\\/2023\\\/07\\\/logoquebakanenero2021.jpg\",\"width\":1920,\"height\":1080,\"caption\":\"Quebakan.com\"},\"image\":{\"@id\":\"https:\\\/\\\/www.quebakan.com\\\/v15\\\/#\\\/schema\\\/logo\\\/image\\\/\"},\"sameAs\":[\"http:\\\/\\\/www.facebook.com\\\/quebakan\",\"https:\\\/\\\/x.com\\\/quebakanec\",\"http:\\\/\\\/www.instagram.com\\\/quebakan\",\"http:\\\/\\\/www.youtube.com\\\/quebakan1\"]},{\"@type\":\"Person\",\"@id\":\"https:\\\/\\\/www.quebakan.com\\\/v15\\\/#\\\/schema\\\/person\\\/d90fa9f9cfa81eb8ace9811e5b7b9118\",\"name\":\"Erick Villafuerte\",\"image\":{\"@type\":\"ImageObject\",\"inLanguage\":\"es\",\"@id\":\"https:\\\/\\\/www.quebakan.com\\\/v15\\\/wp-content\\\/uploads\\\/avatars\\\/4\\\/1731297654-bpfull.png\",\"url\":\"https:\\\/\\\/www.quebakan.com\\\/v15\\\/wp-content\\\/uploads\\\/avatars\\\/4\\\/1731297654-bpfull.png\",\"contentUrl\":\"https:\\\/\\\/www.quebakan.com\\\/v15\\\/wp-content\\\/uploads\\\/avatars\\\/4\\\/1731297654-bpfull.png\",\"caption\":\"Erick Villafuerte\"}}]}<\/script>\n<!-- \/ Yoast SEO plugin. -->","yoast_head_json":{"title":"Tercer Mundo anuncia las fechas de su tour \u201cSIEMPRE TE AM\u00c9\u201d &#8211; QUEBAKAN.COM 2026: Noticias, Eventos, Conciertos y mucho m\u00e1s....","robots":{"index":"index","follow":"follow","max-snippet":"max-snippet:-1","max-image-preview":"max-image-preview:large","max-video-preview":"max-video-preview:-1"},"canonical":"https:\/\/www.quebakan.com\/v15\/tercer-mundo-anuncia-las-fechas-de-su-tour-siempre-te-ame\/","og_locale":"es_ES","og_type":"article","og_title":"Tercer Mundo anuncia las fechas de su tour \u201cSIEMPRE TE AM\u00c9\u201d &#8211; QUEBAKAN.COM 2026: Noticias, Eventos, Conciertos y mucho m\u00e1s....","og_description":"La nueva gira de conciertos llegar\u00e1 a Quito, Guayaquil, Portoviejo en el mes de Febrero 2026 por San Valent\u00edn M\u00c1S CIUDADES POR ANUNCIAR \u2026 Quito, 14 de enero de 2026: La banda m\u00e1s famosa de Ecuador, Los TercerMundo inicia el 2026 con el anuncio de su gira de conciertos Tour \u201cSIEMPRE TE AM\u00c9\u201d por San [&hellip;]","og_url":"https:\/\/www.quebakan.com\/v15\/tercer-mundo-anuncia-las-fechas-de-su-tour-siempre-te-ame\/","og_site_name":"QUEBAKAN.COM 2026: Noticias, Eventos, Conciertos y mucho m\u00e1s....","article_publisher":"http:\/\/www.facebook.com\/quebakan","article_published_time":"2026-01-22T16:41:24+00:00","og_image":[{"width":572,"height":715,"url":"https:\/\/www.quebakan.com\/v15\/wp-content\/uploads\/2026\/01\/flyertercermundo.jpg","type":"image\/jpeg"}],"author":"Erick Villafuerte","twitter_card":"summary_large_image","twitter_creator":"@quebakanec","twitter_site":"@quebakanec","twitter_misc":{"Escrito por":"Erick Villafuerte","Tiempo de lectura":"2 minutos"},"schema":{"@context":"https:\/\/schema.org","@graph":[{"@type":"Article","@id":"https:\/\/www.quebakan.com\/v15\/tercer-mundo-anuncia-las-fechas-de-su-tour-siempre-te-ame\/#article","isPartOf":{"@id":"https:\/\/www.quebakan.com\/v15\/tercer-mundo-anuncia-las-fechas-de-su-tour-siempre-te-ame\/"},"author":{"name":"Erick Villafuerte","@id":"https:\/\/www.quebakan.com\/v15\/#\/schema\/person\/d90fa9f9cfa81eb8ace9811e5b7b9118"},"headline":"Tercer Mundo anuncia las fechas de su tour \u201cSIEMPRE TE AM\u00c9\u201d","datePublished":"2026-01-22T16:41:24+00:00","mainEntityOfPage":{"@id":"https:\/\/www.quebakan.com\/v15\/tercer-mundo-anuncia-las-fechas-de-su-tour-siempre-te-ame\/"},"wordCount":323,"publisher":{"@id":"https:\/\/www.quebakan.com\/v15\/#organization"},"image":{"@id":"https:\/\/www.quebakan.com\/v15\/tercer-mundo-anuncia-las-fechas-de-su-tour-siempre-te-ame\/#primaryimage"},"thumbnailUrl":"https:\/\/www.quebakan.com\/v15\/wp-content\/uploads\/2026\/01\/flyertercermundo.jpg","articleSection":["Eventos"],"inLanguage":"es"},{"@type":"WebPage","@id":"https:\/\/www.quebakan.com\/v15\/tercer-mundo-anuncia-las-fechas-de-su-tour-siempre-te-ame\/","url":"https:\/\/www.quebakan.com\/v15\/tercer-mundo-anuncia-las-fechas-de-su-tour-siempre-te-ame\/","name":"Tercer Mundo anuncia las fechas de su tour \u201cSIEMPRE TE AM\u00c9\u201d &#8211; QUEBAKAN.COM 2026: Noticias, Eventos, Conciertos y mucho m\u00e1s....","isPartOf":{"@id":"https:\/\/www.quebakan.com\/v15\/#website"},"primaryImageOfPage":{"@id":"https:\/\/www.quebakan.com\/v15\/tercer-mundo-anuncia-las-fechas-de-su-tour-siempre-te-ame\/#primaryimage"},"image":{"@id":"https:\/\/www.quebakan.com\/v15\/tercer-mundo-anuncia-las-fechas-de-su-tour-siempre-te-ame\/#primaryimage"},"thumbnailUrl":"https:\/\/www.quebakan.com\/v15\/wp-content\/uploads\/2026\/01\/flyertercermundo.jpg","datePublished":"2026-01-22T16:41:24+00:00","breadcrumb":{"@id":"https:\/\/www.quebakan.com\/v15\/tercer-mundo-anuncia-las-fechas-de-su-tour-siempre-te-ame\/#breadcrumb"},"inLanguage":"es","potentialAction":[{"@type":"ReadAction","target":["https:\/\/www.quebakan.com\/v15\/tercer-mundo-anuncia-las-fechas-de-su-tour-siempre-te-ame\/"]}]},{"@type":"ImageObject","inLanguage":"es","@id":"https:\/\/www.quebakan.com\/v15\/tercer-mundo-anuncia-las-fechas-de-su-tour-siempre-te-ame\/#primaryimage","url":"https:\/\/www.quebakan.com\/v15\/wp-content\/uploads\/2026\/01\/flyertercermundo.jpg","contentUrl":"https:\/\/www.quebakan.com\/v15\/wp-content\/uploads\/2026\/01\/flyertercermundo.jpg","width":572,"height":715},{"@type":"BreadcrumbList","@id":"https:\/\/www.quebakan.com\/v15\/tercer-mundo-anuncia-las-fechas-de-su-tour-siempre-te-ame\/#breadcrumb","itemListElement":[{"@type":"ListItem","position":1,"name":"Portada","item":"https:\/\/www.quebakan.com\/v15\/"},{"@type":"ListItem","position":2,"name":"Tercer Mundo anuncia las fechas de su tour \u201cSIEMPRE TE AM\u00c9\u201d"}]},{"@type":"WebSite","@id":"https:\/\/www.quebakan.com\/v15\/#website","url":"https:\/\/www.quebakan.com\/v15\/","name":"QUEBAKAN","description":"..","publisher":{"@id":"https:\/\/www.quebakan.com\/v15\/#organization"},"potentialAction":[{"@type":"SearchAction","target":{"@type":"EntryPoint","urlTemplate":"https:\/\/www.quebakan.com\/v15\/?s={search_term_string}"},"query-input":{"@type":"PropertyValueSpecification","valueRequired":true,"valueName":"search_term_string"}}],"inLanguage":"es"},{"@type":"Organization","@id":"https:\/\/www.quebakan.com\/v15\/#organization","name":"Quebakan.com","url":"https:\/\/www.quebakan.com\/v15\/","logo":{"@type":"ImageObject","inLanguage":"es","@id":"https:\/\/www.quebakan.com\/v15\/#\/schema\/logo\/image\/","url":"https:\/\/www.quebakan.com\/v15\/wp-content\/uploads\/2023\/07\/logoquebakanenero2021.jpg","contentUrl":"https:\/\/www.quebakan.com\/v15\/wp-content\/uploads\/2023\/07\/logoquebakanenero2021.jpg","width":1920,"height":1080,"caption":"Quebakan.com"},"image":{"@id":"https:\/\/www.quebakan.com\/v15\/#\/schema\/logo\/image\/"},"sameAs":["http:\/\/www.facebook.com\/quebakan","https:\/\/x.com\/quebakanec","http:\/\/www.instagram.com\/quebakan","http:\/\/www.youtube.com\/quebakan1"]},{"@type":"Person","@id":"https:\/\/www.quebakan.com\/v15\/#\/schema\/person\/d90fa9f9cfa81eb8ace9811e5b7b9118","name":"Erick Villafuerte","image":{"@type":"ImageObject","inLanguage":"es","@id":"https:\/\/www.quebakan.com\/v15\/wp-content\/uploads\/avatars\/4\/1731297654-bpfull.png","url":"https:\/\/www.quebakan.com\/v15\/wp-content\/uploads\/avatars\/4\/1731297654-bpfull.png","contentUrl":"https:\/\/www.quebakan.com\/v15\/wp-content\/uploads\/avatars\/4\/1731297654-bpfull.png","caption":"Erick Villafuerte"}}]}},"_links":{"self":[{"href":"https:\/\/www.quebakan.com\/v15\/wp-json\/wp\/v2\/posts\/139270","targetHints":{"allow":["GET"]}}],"collection":[{"href":"https:\/\/www.quebakan.com\/v15\/wp-json\/wp\/v2\/posts"}],"about":[{"href":"https:\/\/www.quebakan.com\/v15\/wp-json\/wp\/v2\/types\/post"}],"author":[{"embeddable":true,"href":"https:\/\/www.quebakan.com\/v15\/wp-json\/wp\/v2\/users\/4"}],"replies":[{"embeddable":true,"href":"https:\/\/www.quebakan.com\/v15\/wp-json\/wp\/v2\/comments?post=139270"}],"version-history":[{"count":1,"href":"https:\/\/www.quebakan.com\/v15\/wp-json\/wp\/v2\/posts\/139270\/revisions"}],"predecessor-version":[{"id":139272,"href":"https:\/\/www.quebakan.com\/v15\/wp-json\/wp\/v2\/posts\/139270\/revisions\/139272"}],"wp:featuredmedia":[{"embeddable":true,"href":"https:\/\/www.quebakan.com\/v15\/wp-json\/wp\/v2\/media\/139271"}],"wp:attachment":[{"href":"https:\/\/www.quebakan.com\/v15\/wp-json\/wp\/v2\/media?parent=139270"}],"wp:term":[{"taxonomy":"category","embeddable":true,"href":"https:\/\/www.quebakan.com\/v15\/wp-json\/wp\/v2\/categories?post=139270"},{"taxonomy":"post_tag","embeddable":true,"href":"https:\/\/www.quebakan.com\/v15\/wp-json\/wp\/v2\/tags?post=139270"}],"curies":[{"name":"wp","href":"https:\/\/api.w.org\/{rel}","templated":true}]}}