{"id":139273,"date":"2026-01-22T12:31:38","date_gmt":"2026-01-22T17:31:38","guid":{"rendered":"https:\/\/www.quebakan.com\/v15\/?p=139273"},"modified":"2026-01-22T12:39:27","modified_gmt":"2026-01-22T17:39:27","slug":"donde-ver-a-ecuador-en-la-copa-america-de-futsal-que-comienza-el-sabado","status":"publish","type":"post","link":"https:\/\/www.quebakan.com\/v15\/donde-ver-a-ecuador-en-la-copa-america-de-futsal-que-comienza-el-sabado\/","title":{"rendered":"\u00bfD\u00f3nde ver a Ecuador en la Copa Am\u00e9rica de Futsal que comienza el s\u00e1bado?"},"content":{"rendered":"<p><img decoding=\"async\" class=\"aligncenter  wp-image-139274\" src=\"https:\/\/www.quebakan.com\/v15\/wp-content\/uploads\/2026\/01\/dgo4.jpg\" alt=\"\" width=\"611\" height=\"55\" \/><\/p>\n<p style=\"text-align: justify;\"><span style=\"color: #000000;\"><em>DSPORTS transmitir\u00e1 en vivo todos los partidos del torneo desde Paraguay. Adem\u00e1s, los encuentros estar\u00e1n disponibles en la plataforma streaming DGO.<\/em><\/span><\/p>\n<p style=\"text-align: justify;\"><span style=\"color: #000000;\"><strong>Quito, 22 de enero de 2026 \u2013<\/strong> Diez selecciones del continente ir\u00e1n por la gloria a partir del s\u00e1bado al disputar la CONMEBOL Copa Am\u00e9rica Futsal 2026 que se jugar\u00e1 en Paraguay hasta el 1 de febrero, con la transmisi\u00f3n de todos los partidos en exclusiva por DSPORTS. \u00a0<\/span><\/p>\n<p style=\"text-align: justify;\"><span style=\"color: #000000;\">El estadio COP Arena-Oscar Harrison ubicado en la ciudad de Luque albergar\u00e1 los partidos que disputar\u00e1n las diez selecciones en la 15\u00b0 edici\u00f3n del torneo continental de futsal, una disciplina que viene en franco crecimiento en audiencias en todo el mundo. \u00a0<\/span><\/p>\n<p style=\"text-align: justify;\"><span style=\"color: #000000;\">El anfitri\u00f3n Paraguay encabeza el grupo A donde lo acompa\u00f1ar\u00e1n Argentina, Per\u00fa, Uruguay y Ecuador. Mientras que Brasil, Bolivia, Chile, Colombia y Venezuela conformar\u00e1n el grupo B.<\/span><\/p>\n<p style=\"text-align: justify;\"><span style=\"color: #000000;\">Todos los partidos ser\u00e1n transmitidos en vivo, en directo y en exclusiva a trav\u00e9s de la se\u00f1al deportiva DSPORTS en los canales 613\/1613HD. Adem\u00e1s, los 27 encuentros estar\u00e1n disponibles en DGO, la plataforma de streaming de DIRECTV.<\/span><\/p>\n<p style=\"text-align: justify;\"><span style=\"color: #000000;\"><strong><u>CALENDARIO DE PARTIDOS CONMEBOL COPA AM\u00c9RICA DE FUTSAL 2026<\/u><\/strong><\/span><\/p>\n<table style=\"height: 1438px;\" width=\"825\">\n<tbody>\n<tr>\n<td colspan=\"7\" width=\"567\"><span style=\"color: #000000;\"><strong>TODA LA COPA AM\u00c9RICA DE FUTSAL EN DIRECTV Y DGO<\/strong><\/span><\/td>\n<\/tr>\n<tr>\n<td colspan=\"7\" width=\"567\"><span style=\"color: #000000;\"><strong>FASE DE GRUPOS<\/strong><\/span><\/td>\n<\/tr>\n<tr>\n<td width=\"85\"><span style=\"color: #000000;\"><strong>DIA<\/strong><\/span><\/td>\n<td width=\"51\"><span style=\"color: #000000;\"><strong>HORA<\/strong><\/span><\/td>\n<td colspan=\"3\" width=\"201\"><span style=\"color: #000000;\"><strong>PARTIDO<\/strong><\/span><\/td>\n<td width=\"120\"><span style=\"color: #000000;\"><strong>TRANSMISI\u00d3N TV PAGA<\/strong><\/span><\/td>\n<td width=\"110\"><span style=\"color: #000000;\"><strong>STREAMING<\/strong><\/span><\/td>\n<\/tr>\n<tr>\n<td rowspan=\"4\" width=\"85\"><span style=\"color: #000000;\">S\u00e1bado 24<\/span><\/td>\n<td width=\"51\"><span style=\"color: #000000;\">10:00<\/span><\/td>\n<td width=\"85\"><span style=\"color: #000000;\">Bolivia<\/span><\/td>\n<td width=\"30\"><span style=\"color: #000000;\">vs.<\/span><\/td>\n<td width=\"85\"><span style=\"color: #000000;\">Chile<\/span><\/td>\n<td rowspan=\"20\" width=\"120\"><span style=\"color: #000000;\">DSPORTS + (Ca.613\/ 1613 HD)<\/span><\/td>\n<td rowspan=\"20\" width=\"110\"><span style=\"color: #000000;\">DGO<\/span><\/td>\n<\/tr>\n<tr>\n<td width=\"51\"><span style=\"color: #000000;\">12:30<\/span><\/td>\n<td width=\"85\"><span style=\"color: #000000;\">Brasil<\/span><\/td>\n<td width=\"30\"><span style=\"color: #000000;\">vs.<\/span><\/td>\n<td width=\"85\"><span style=\"color: #000000;\">Colombia<\/span><\/td>\n<\/tr>\n<tr>\n<td width=\"51\"><span style=\"color: #000000;\">15:00<\/span><\/td>\n<td width=\"85\"><span style=\"color: #000000;\">Ecuador<\/span><\/td>\n<td width=\"30\"><span style=\"color: #000000;\">vs.<\/span><\/td>\n<td width=\"85\"><span style=\"color: #000000;\">Uruguay<\/span><\/td>\n<\/tr>\n<tr>\n<td width=\"51\"><span style=\"color: #000000;\">17:30<\/span><\/td>\n<td width=\"85\"><span style=\"color: #000000;\">Paraguay<\/span><\/td>\n<td width=\"30\"><span style=\"color: #000000;\">vs.<\/span><\/td>\n<td width=\"85\"><span style=\"color: #000000;\">Peru<\/span><\/td>\n<\/tr>\n<tr>\n<td rowspan=\"4\" width=\"85\"><span style=\"color: #000000;\">Domingo 25<\/span><\/td>\n<td width=\"51\"><span style=\"color: #000000;\">10:00<\/span><\/td>\n<td width=\"85\"><span style=\"color: #000000;\">Colombia<\/span><\/td>\n<td width=\"30\"><span style=\"color: #000000;\">vs.<\/span><\/td>\n<td width=\"85\"><span style=\"color: #000000;\">Venezuela<\/span><\/td>\n<\/tr>\n<tr>\n<td width=\"51\"><span style=\"color: #000000;\">12:30<\/span><\/td>\n<td width=\"85\"><span style=\"color: #000000;\">Bolivia<\/span><\/td>\n<td width=\"30\"><span style=\"color: #000000;\">vs.<\/span><\/td>\n<td width=\"85\"><span style=\"color: #000000;\">Brasil<\/span><\/td>\n<\/tr>\n<tr>\n<td width=\"51\"><span style=\"color: #000000;\">15:00<\/span><\/td>\n<td width=\"85\"><span style=\"color: #000000;\">Peru<\/span><\/td>\n<td width=\"30\"><span style=\"color: #000000;\">vs.<\/span><\/td>\n<td width=\"85\"><span style=\"color: #000000;\">Argentina<\/span><\/td>\n<\/tr>\n<tr>\n<td width=\"51\"><span style=\"color: #000000;\">17:30<\/span><\/td>\n<td width=\"85\"><span style=\"color: #000000;\">Ecuador<\/span><\/td>\n<td width=\"30\"><span style=\"color: #000000;\">vs.<\/span><\/td>\n<td width=\"85\"><span style=\"color: #000000;\">Paraguay<\/span><\/td>\n<\/tr>\n<tr>\n<td rowspan=\"4\" width=\"85\"><span style=\"color: #000000;\">Lunes 26<\/span><\/td>\n<td width=\"51\"><span style=\"color: #000000;\">10:00<\/span><\/td>\n<td width=\"85\"><span style=\"color: #000000;\">Colombia<\/span><\/td>\n<td width=\"30\"><span style=\"color: #000000;\">vs.<\/span><\/td>\n<td width=\"85\"><span style=\"color: #000000;\">Bolivia<\/span><\/td>\n<\/tr>\n<tr>\n<td width=\"51\"><span style=\"color: #000000;\">12:30<\/span><\/td>\n<td width=\"85\"><span style=\"color: #000000;\">Venezuela<\/span><\/td>\n<td width=\"30\"><span style=\"color: #000000;\">vs.<\/span><\/td>\n<td width=\"85\"><span style=\"color: #000000;\">Chile<\/span><\/td>\n<\/tr>\n<tr>\n<td width=\"51\"><span style=\"color: #000000;\">15:00<\/span><\/td>\n<td width=\"85\"><span style=\"color: #000000;\">Peru<\/span><\/td>\n<td width=\"30\"><span style=\"color: #000000;\">vs.<\/span><\/td>\n<td width=\"85\"><span style=\"color: #000000;\">Ecuador<\/span><\/td>\n<\/tr>\n<tr>\n<td width=\"51\"><span style=\"color: #000000;\">17:30<\/span><\/td>\n<td width=\"85\"><span style=\"color: #000000;\">Argentina<\/span><\/td>\n<td width=\"30\"><span style=\"color: #000000;\">vs.<\/span><\/td>\n<td width=\"85\"><span style=\"color: #000000;\">Uruguay<\/span><\/td>\n<\/tr>\n<tr>\n<td rowspan=\"4\" width=\"85\"><span style=\"color: #000000;\">Mi\u00e9rcoles 28<\/span><\/td>\n<td width=\"51\"><span style=\"color: #000000;\">10:00<\/span><\/td>\n<td width=\"85\"><span style=\"color: #000000;\">Venezuela<\/span><\/td>\n<td width=\"30\"><span style=\"color: #000000;\">vs.<\/span><\/td>\n<td width=\"85\"><span style=\"color: #000000;\">Bolivia<\/span><\/td>\n<\/tr>\n<tr>\n<td width=\"51\"><span style=\"color: #000000;\">12:30<\/span><\/td>\n<td width=\"85\"><span style=\"color: #000000;\">Chile<\/span><\/td>\n<td width=\"30\"><span style=\"color: #000000;\">vs.<\/span><\/td>\n<td width=\"85\"><span style=\"color: #000000;\">Brasil<\/span><\/td>\n<\/tr>\n<tr>\n<td width=\"51\"><span style=\"color: #000000;\">15:00<\/span><\/td>\n<td width=\"85\"><span style=\"color: #000000;\">Argentina<\/span><\/td>\n<td width=\"30\"><span style=\"color: #000000;\">vs.<\/span><\/td>\n<td width=\"85\"><span style=\"color: #000000;\">Ecuador<\/span><\/td>\n<\/tr>\n<tr>\n<td width=\"51\"><span style=\"color: #000000;\">17:30<\/span><\/td>\n<td width=\"85\"><span style=\"color: #000000;\">Uruguay<\/span><\/td>\n<td width=\"30\"><span style=\"color: #000000;\">vs.<\/span><\/td>\n<td width=\"85\"><span style=\"color: #000000;\">Paraguay<\/span><\/td>\n<\/tr>\n<tr>\n<td rowspan=\"4\" width=\"85\"><span style=\"color: #000000;\">Jueves 29<\/span><\/td>\n<td width=\"51\"><span style=\"color: #000000;\">10:00<\/span><\/td>\n<td width=\"85\"><span style=\"color: #000000;\">Chile<\/span><\/td>\n<td width=\"30\"><span style=\"color: #000000;\">vs.<\/span><\/td>\n<td width=\"85\"><span style=\"color: #000000;\">Colombia<\/span><\/td>\n<\/tr>\n<tr>\n<td width=\"51\"><span style=\"color: #000000;\">12:30<\/span><\/td>\n<td width=\"85\"><span style=\"color: #000000;\">Brasil<\/span><\/td>\n<td width=\"30\"><span style=\"color: #000000;\">vs.<\/span><\/td>\n<td width=\"85\"><span style=\"color: #000000;\">Venezuela<\/span><\/td>\n<\/tr>\n<tr>\n<td width=\"51\"><span style=\"color: #000000;\">15:00<\/span><\/td>\n<td width=\"85\"><span style=\"color: #000000;\">Uruguay<\/span><\/td>\n<td width=\"30\"><span style=\"color: #000000;\">vs.<\/span><\/td>\n<td width=\"85\"><span style=\"color: #000000;\">Peru<\/span><\/td>\n<\/tr>\n<tr>\n<td width=\"51\"><span style=\"color: #000000;\">17:30<\/span><\/td>\n<td width=\"85\"><span style=\"color: #000000;\">Paraguay<\/span><\/td>\n<td width=\"30\"><span style=\"color: #000000;\">vs.<\/span><\/td>\n<td width=\"85\"><span style=\"color: #000000;\">Argentina<\/span><\/td>\n<\/tr>\n<\/tbody>\n<\/table>\n<p style=\"text-align: justify;\"><span style=\"color: #000000;\"><em>\u00a0<\/em><\/span><\/p>\n","protected":false},"excerpt":{"rendered":"<p>DSPORTS transmitir\u00e1 en vivo todos los partidos del torneo desde Paraguay. Adem\u00e1s, los encuentros estar\u00e1n disponibles en la plataforma streaming DGO. Quito, 22 de enero de 2026 \u2013 Diez selecciones del continente ir\u00e1n por la gloria a partir del s\u00e1bado al disputar la CONMEBOL Copa Am\u00e9rica Futsal 2026 que se jugar\u00e1 en Paraguay hasta el [&hellip;]<\/p>\n","protected":false},"author":4,"featured_media":139274,"comment_status":"closed","ping_status":"closed","sticky":false,"template":"","format":"standard","meta":{"_bbp_topic_count":0,"_bbp_reply_count":0,"_bbp_total_topic_count":0,"_bbp_total_reply_count":0,"_bbp_voice_count":0,"_bbp_anonymous_reply_count":0,"_bbp_topic_count_hidden":0,"_bbp_reply_count_hidden":0,"_bbp_forum_subforum_count":0,"buzzeditor_post_format":"","footnotes":""},"categories":[2],"tags":[],"class_list":["post-139273","post","type-post","status-publish","format-standard","has-post-thumbnail","hentry","category-noticias"],"yoast_head":"<!-- This site is optimized with the Yoast SEO plugin v27.5 - https:\/\/yoast.com\/product\/yoast-seo-wordpress\/ -->\n<title>\u00bfD\u00f3nde ver a Ecuador en la Copa Am\u00e9rica de Futsal que comienza el s\u00e1bado? &#8211; QUEBAKAN.COM 2026: Noticias, Eventos, Conciertos y mucho m\u00e1s....<\/title>\n<meta name=\"robots\" content=\"index, follow, max-snippet:-1, max-image-preview:large, max-video-preview:-1\" \/>\n<link rel=\"canonical\" href=\"https:\/\/www.quebakan.com\/v15\/donde-ver-a-ecuador-en-la-copa-america-de-futsal-que-comienza-el-sabado\/\" \/>\n<meta property=\"og:locale\" content=\"es_ES\" \/>\n<meta property=\"og:type\" content=\"article\" \/>\n<meta property=\"og:title\" content=\"\u00bfD\u00f3nde ver a Ecuador en la Copa Am\u00e9rica de Futsal que comienza el s\u00e1bado? &#8211; QUEBAKAN.COM 2026: Noticias, Eventos, Conciertos y mucho m\u00e1s....\" \/>\n<meta property=\"og:description\" content=\"DSPORTS transmitir\u00e1 en vivo todos los partidos del torneo desde Paraguay. Adem\u00e1s, los encuentros estar\u00e1n disponibles en la plataforma streaming DGO. Quito, 22 de enero de 2026 \u2013 Diez selecciones del continente ir\u00e1n por la gloria a partir del s\u00e1bado al disputar la CONMEBOL Copa Am\u00e9rica Futsal 2026 que se jugar\u00e1 en Paraguay hasta el [&hellip;]\" \/>\n<meta property=\"og:url\" content=\"https:\/\/www.quebakan.com\/v15\/donde-ver-a-ecuador-en-la-copa-america-de-futsal-que-comienza-el-sabado\/\" \/>\n<meta property=\"og:site_name\" content=\"QUEBAKAN.COM 2026: Noticias, Eventos, Conciertos y mucho m\u00e1s....\" \/>\n<meta property=\"article:publisher\" content=\"http:\/\/www.facebook.com\/quebakan\" \/>\n<meta property=\"article:published_time\" content=\"2026-01-22T17:31:38+00:00\" \/>\n<meta property=\"article:modified_time\" content=\"2026-01-22T17:39:27+00:00\" \/>\n<meta property=\"og:image\" content=\"https:\/\/www.quebakan.com\/v15\/wp-content\/uploads\/2026\/01\/dgo4.jpg\" \/>\n\t<meta property=\"og:image:width\" content=\"567\" \/>\n\t<meta property=\"og:image:height\" content=\"51\" \/>\n\t<meta property=\"og:image:type\" content=\"image\/jpeg\" \/>\n<meta name=\"author\" content=\"Erick Villafuerte\" \/>\n<meta name=\"twitter:card\" content=\"summary_large_image\" \/>\n<meta name=\"twitter:creator\" content=\"@quebakanec\" \/>\n<meta name=\"twitter:site\" content=\"@quebakanec\" \/>\n<meta name=\"twitter:label1\" content=\"Escrito por\" \/>\n\t<meta name=\"twitter:data1\" content=\"Erick Villafuerte\" \/>\n\t<meta name=\"twitter:label2\" content=\"Tiempo de lectura\" \/>\n\t<meta name=\"twitter:data2\" content=\"2 minutos\" \/>\n<script type=\"application\/ld+json\" class=\"yoast-schema-graph\">{\"@context\":\"https:\\\/\\\/schema.org\",\"@graph\":[{\"@type\":\"Article\",\"@id\":\"https:\\\/\\\/www.quebakan.com\\\/v15\\\/donde-ver-a-ecuador-en-la-copa-america-de-futsal-que-comienza-el-sabado\\\/#article\",\"isPartOf\":{\"@id\":\"https:\\\/\\\/www.quebakan.com\\\/v15\\\/donde-ver-a-ecuador-en-la-copa-america-de-futsal-que-comienza-el-sabado\\\/\"},\"author\":{\"name\":\"Erick Villafuerte\",\"@id\":\"https:\\\/\\\/www.quebakan.com\\\/v15\\\/#\\\/schema\\\/person\\\/d90fa9f9cfa81eb8ace9811e5b7b9118\"},\"headline\":\"\u00bfD\u00f3nde ver a Ecuador en la Copa Am\u00e9rica de Futsal que comienza el s\u00e1bado?\",\"datePublished\":\"2026-01-22T17:31:38+00:00\",\"dateModified\":\"2026-01-22T17:39:27+00:00\",\"mainEntityOfPage\":{\"@id\":\"https:\\\/\\\/www.quebakan.com\\\/v15\\\/donde-ver-a-ecuador-en-la-copa-america-de-futsal-que-comienza-el-sabado\\\/\"},\"wordCount\":303,\"publisher\":{\"@id\":\"https:\\\/\\\/www.quebakan.com\\\/v15\\\/#organization\"},\"image\":{\"@id\":\"https:\\\/\\\/www.quebakan.com\\\/v15\\\/donde-ver-a-ecuador-en-la-copa-america-de-futsal-que-comienza-el-sabado\\\/#primaryimage\"},\"thumbnailUrl\":\"https:\\\/\\\/www.quebakan.com\\\/v15\\\/wp-content\\\/uploads\\\/2026\\\/01\\\/dgo4.jpg\",\"articleSection\":[\"Noticias\"],\"inLanguage\":\"es\"},{\"@type\":\"WebPage\",\"@id\":\"https:\\\/\\\/www.quebakan.com\\\/v15\\\/donde-ver-a-ecuador-en-la-copa-america-de-futsal-que-comienza-el-sabado\\\/\",\"url\":\"https:\\\/\\\/www.quebakan.com\\\/v15\\\/donde-ver-a-ecuador-en-la-copa-america-de-futsal-que-comienza-el-sabado\\\/\",\"name\":\"\u00bfD\u00f3nde ver a Ecuador en la Copa Am\u00e9rica de Futsal que comienza el s\u00e1bado? &#8211; QUEBAKAN.COM 2026: Noticias, Eventos, Conciertos y mucho m\u00e1s....\",\"isPartOf\":{\"@id\":\"https:\\\/\\\/www.quebakan.com\\\/v15\\\/#website\"},\"primaryImageOfPage\":{\"@id\":\"https:\\\/\\\/www.quebakan.com\\\/v15\\\/donde-ver-a-ecuador-en-la-copa-america-de-futsal-que-comienza-el-sabado\\\/#primaryimage\"},\"image\":{\"@id\":\"https:\\\/\\\/www.quebakan.com\\\/v15\\\/donde-ver-a-ecuador-en-la-copa-america-de-futsal-que-comienza-el-sabado\\\/#primaryimage\"},\"thumbnailUrl\":\"https:\\\/\\\/www.quebakan.com\\\/v15\\\/wp-content\\\/uploads\\\/2026\\\/01\\\/dgo4.jpg\",\"datePublished\":\"2026-01-22T17:31:38+00:00\",\"dateModified\":\"2026-01-22T17:39:27+00:00\",\"breadcrumb\":{\"@id\":\"https:\\\/\\\/www.quebakan.com\\\/v15\\\/donde-ver-a-ecuador-en-la-copa-america-de-futsal-que-comienza-el-sabado\\\/#breadcrumb\"},\"inLanguage\":\"es\",\"potentialAction\":[{\"@type\":\"ReadAction\",\"target\":[\"https:\\\/\\\/www.quebakan.com\\\/v15\\\/donde-ver-a-ecuador-en-la-copa-america-de-futsal-que-comienza-el-sabado\\\/\"]}]},{\"@type\":\"ImageObject\",\"inLanguage\":\"es\",\"@id\":\"https:\\\/\\\/www.quebakan.com\\\/v15\\\/donde-ver-a-ecuador-en-la-copa-america-de-futsal-que-comienza-el-sabado\\\/#primaryimage\",\"url\":\"https:\\\/\\\/www.quebakan.com\\\/v15\\\/wp-content\\\/uploads\\\/2026\\\/01\\\/dgo4.jpg\",\"contentUrl\":\"https:\\\/\\\/www.quebakan.com\\\/v15\\\/wp-content\\\/uploads\\\/2026\\\/01\\\/dgo4.jpg\",\"width\":567,\"height\":51},{\"@type\":\"BreadcrumbList\",\"@id\":\"https:\\\/\\\/www.quebakan.com\\\/v15\\\/donde-ver-a-ecuador-en-la-copa-america-de-futsal-que-comienza-el-sabado\\\/#breadcrumb\",\"itemListElement\":[{\"@type\":\"ListItem\",\"position\":1,\"name\":\"Portada\",\"item\":\"https:\\\/\\\/www.quebakan.com\\\/v15\\\/\"},{\"@type\":\"ListItem\",\"position\":2,\"name\":\"\u00bfD\u00f3nde ver a Ecuador en la Copa Am\u00e9rica de Futsal que comienza el s\u00e1bado?\"}]},{\"@type\":\"WebSite\",\"@id\":\"https:\\\/\\\/www.quebakan.com\\\/v15\\\/#website\",\"url\":\"https:\\\/\\\/www.quebakan.com\\\/v15\\\/\",\"name\":\"QUEBAKAN\",\"description\":\"..\",\"publisher\":{\"@id\":\"https:\\\/\\\/www.quebakan.com\\\/v15\\\/#organization\"},\"potentialAction\":[{\"@type\":\"SearchAction\",\"target\":{\"@type\":\"EntryPoint\",\"urlTemplate\":\"https:\\\/\\\/www.quebakan.com\\\/v15\\\/?s={search_term_string}\"},\"query-input\":{\"@type\":\"PropertyValueSpecification\",\"valueRequired\":true,\"valueName\":\"search_term_string\"}}],\"inLanguage\":\"es\"},{\"@type\":\"Organization\",\"@id\":\"https:\\\/\\\/www.quebakan.com\\\/v15\\\/#organization\",\"name\":\"Quebakan.com\",\"url\":\"https:\\\/\\\/www.quebakan.com\\\/v15\\\/\",\"logo\":{\"@type\":\"ImageObject\",\"inLanguage\":\"es\",\"@id\":\"https:\\\/\\\/www.quebakan.com\\\/v15\\\/#\\\/schema\\\/logo\\\/image\\\/\",\"url\":\"https:\\\/\\\/www.quebakan.com\\\/v15\\\/wp-content\\\/uploads\\\/2023\\\/07\\\/logoquebakanenero2021.jpg\",\"contentUrl\":\"https:\\\/\\\/www.quebakan.com\\\/v15\\\/wp-content\\\/uploads\\\/2023\\\/07\\\/logoquebakanenero2021.jpg\",\"width\":1920,\"height\":1080,\"caption\":\"Quebakan.com\"},\"image\":{\"@id\":\"https:\\\/\\\/www.quebakan.com\\\/v15\\\/#\\\/schema\\\/logo\\\/image\\\/\"},\"sameAs\":[\"http:\\\/\\\/www.facebook.com\\\/quebakan\",\"https:\\\/\\\/x.com\\\/quebakanec\",\"http:\\\/\\\/www.instagram.com\\\/quebakan\",\"http:\\\/\\\/www.youtube.com\\\/quebakan1\"]},{\"@type\":\"Person\",\"@id\":\"https:\\\/\\\/www.quebakan.com\\\/v15\\\/#\\\/schema\\\/person\\\/d90fa9f9cfa81eb8ace9811e5b7b9118\",\"name\":\"Erick Villafuerte\",\"image\":{\"@type\":\"ImageObject\",\"inLanguage\":\"es\",\"@id\":\"https:\\\/\\\/www.quebakan.com\\\/v15\\\/wp-content\\\/uploads\\\/avatars\\\/4\\\/1731297654-bpfull.png\",\"url\":\"https:\\\/\\\/www.quebakan.com\\\/v15\\\/wp-content\\\/uploads\\\/avatars\\\/4\\\/1731297654-bpfull.png\",\"contentUrl\":\"https:\\\/\\\/www.quebakan.com\\\/v15\\\/wp-content\\\/uploads\\\/avatars\\\/4\\\/1731297654-bpfull.png\",\"caption\":\"Erick Villafuerte\"}}]}<\/script>\n<!-- \/ Yoast SEO plugin. -->","yoast_head_json":{"title":"\u00bfD\u00f3nde ver a Ecuador en la Copa Am\u00e9rica de Futsal que comienza el s\u00e1bado? &#8211; QUEBAKAN.COM 2026: Noticias, Eventos, Conciertos y mucho m\u00e1s....","robots":{"index":"index","follow":"follow","max-snippet":"max-snippet:-1","max-image-preview":"max-image-preview:large","max-video-preview":"max-video-preview:-1"},"canonical":"https:\/\/www.quebakan.com\/v15\/donde-ver-a-ecuador-en-la-copa-america-de-futsal-que-comienza-el-sabado\/","og_locale":"es_ES","og_type":"article","og_title":"\u00bfD\u00f3nde ver a Ecuador en la Copa Am\u00e9rica de Futsal que comienza el s\u00e1bado? &#8211; QUEBAKAN.COM 2026: Noticias, Eventos, Conciertos y mucho m\u00e1s....","og_description":"DSPORTS transmitir\u00e1 en vivo todos los partidos del torneo desde Paraguay. Adem\u00e1s, los encuentros estar\u00e1n disponibles en la plataforma streaming DGO. Quito, 22 de enero de 2026 \u2013 Diez selecciones del continente ir\u00e1n por la gloria a partir del s\u00e1bado al disputar la CONMEBOL Copa Am\u00e9rica Futsal 2026 que se jugar\u00e1 en Paraguay hasta el [&hellip;]","og_url":"https:\/\/www.quebakan.com\/v15\/donde-ver-a-ecuador-en-la-copa-america-de-futsal-que-comienza-el-sabado\/","og_site_name":"QUEBAKAN.COM 2026: Noticias, Eventos, Conciertos y mucho m\u00e1s....","article_publisher":"http:\/\/www.facebook.com\/quebakan","article_published_time":"2026-01-22T17:31:38+00:00","article_modified_time":"2026-01-22T17:39:27+00:00","og_image":[{"width":567,"height":51,"url":"https:\/\/www.quebakan.com\/v15\/wp-content\/uploads\/2026\/01\/dgo4.jpg","type":"image\/jpeg"}],"author":"Erick Villafuerte","twitter_card":"summary_large_image","twitter_creator":"@quebakanec","twitter_site":"@quebakanec","twitter_misc":{"Escrito por":"Erick Villafuerte","Tiempo de lectura":"2 minutos"},"schema":{"@context":"https:\/\/schema.org","@graph":[{"@type":"Article","@id":"https:\/\/www.quebakan.com\/v15\/donde-ver-a-ecuador-en-la-copa-america-de-futsal-que-comienza-el-sabado\/#article","isPartOf":{"@id":"https:\/\/www.quebakan.com\/v15\/donde-ver-a-ecuador-en-la-copa-america-de-futsal-que-comienza-el-sabado\/"},"author":{"name":"Erick Villafuerte","@id":"https:\/\/www.quebakan.com\/v15\/#\/schema\/person\/d90fa9f9cfa81eb8ace9811e5b7b9118"},"headline":"\u00bfD\u00f3nde ver a Ecuador en la Copa Am\u00e9rica de Futsal que comienza el s\u00e1bado?","datePublished":"2026-01-22T17:31:38+00:00","dateModified":"2026-01-22T17:39:27+00:00","mainEntityOfPage":{"@id":"https:\/\/www.quebakan.com\/v15\/donde-ver-a-ecuador-en-la-copa-america-de-futsal-que-comienza-el-sabado\/"},"wordCount":303,"publisher":{"@id":"https:\/\/www.quebakan.com\/v15\/#organization"},"image":{"@id":"https:\/\/www.quebakan.com\/v15\/donde-ver-a-ecuador-en-la-copa-america-de-futsal-que-comienza-el-sabado\/#primaryimage"},"thumbnailUrl":"https:\/\/www.quebakan.com\/v15\/wp-content\/uploads\/2026\/01\/dgo4.jpg","articleSection":["Noticias"],"inLanguage":"es"},{"@type":"WebPage","@id":"https:\/\/www.quebakan.com\/v15\/donde-ver-a-ecuador-en-la-copa-america-de-futsal-que-comienza-el-sabado\/","url":"https:\/\/www.quebakan.com\/v15\/donde-ver-a-ecuador-en-la-copa-america-de-futsal-que-comienza-el-sabado\/","name":"\u00bfD\u00f3nde ver a Ecuador en la Copa Am\u00e9rica de Futsal que comienza el s\u00e1bado? &#8211; QUEBAKAN.COM 2026: Noticias, Eventos, Conciertos y mucho m\u00e1s....","isPartOf":{"@id":"https:\/\/www.quebakan.com\/v15\/#website"},"primaryImageOfPage":{"@id":"https:\/\/www.quebakan.com\/v15\/donde-ver-a-ecuador-en-la-copa-america-de-futsal-que-comienza-el-sabado\/#primaryimage"},"image":{"@id":"https:\/\/www.quebakan.com\/v15\/donde-ver-a-ecuador-en-la-copa-america-de-futsal-que-comienza-el-sabado\/#primaryimage"},"thumbnailUrl":"https:\/\/www.quebakan.com\/v15\/wp-content\/uploads\/2026\/01\/dgo4.jpg","datePublished":"2026-01-22T17:31:38+00:00","dateModified":"2026-01-22T17:39:27+00:00","breadcrumb":{"@id":"https:\/\/www.quebakan.com\/v15\/donde-ver-a-ecuador-en-la-copa-america-de-futsal-que-comienza-el-sabado\/#breadcrumb"},"inLanguage":"es","potentialAction":[{"@type":"ReadAction","target":["https:\/\/www.quebakan.com\/v15\/donde-ver-a-ecuador-en-la-copa-america-de-futsal-que-comienza-el-sabado\/"]}]},{"@type":"ImageObject","inLanguage":"es","@id":"https:\/\/www.quebakan.com\/v15\/donde-ver-a-ecuador-en-la-copa-america-de-futsal-que-comienza-el-sabado\/#primaryimage","url":"https:\/\/www.quebakan.com\/v15\/wp-content\/uploads\/2026\/01\/dgo4.jpg","contentUrl":"https:\/\/www.quebakan.com\/v15\/wp-content\/uploads\/2026\/01\/dgo4.jpg","width":567,"height":51},{"@type":"BreadcrumbList","@id":"https:\/\/www.quebakan.com\/v15\/donde-ver-a-ecuador-en-la-copa-america-de-futsal-que-comienza-el-sabado\/#breadcrumb","itemListElement":[{"@type":"ListItem","position":1,"name":"Portada","item":"https:\/\/www.quebakan.com\/v15\/"},{"@type":"ListItem","position":2,"name":"\u00bfD\u00f3nde ver a Ecuador en la Copa Am\u00e9rica de Futsal que comienza el s\u00e1bado?"}]},{"@type":"WebSite","@id":"https:\/\/www.quebakan.com\/v15\/#website","url":"https:\/\/www.quebakan.com\/v15\/","name":"QUEBAKAN","description":"..","publisher":{"@id":"https:\/\/www.quebakan.com\/v15\/#organization"},"potentialAction":[{"@type":"SearchAction","target":{"@type":"EntryPoint","urlTemplate":"https:\/\/www.quebakan.com\/v15\/?s={search_term_string}"},"query-input":{"@type":"PropertyValueSpecification","valueRequired":true,"valueName":"search_term_string"}}],"inLanguage":"es"},{"@type":"Organization","@id":"https:\/\/www.quebakan.com\/v15\/#organization","name":"Quebakan.com","url":"https:\/\/www.quebakan.com\/v15\/","logo":{"@type":"ImageObject","inLanguage":"es","@id":"https:\/\/www.quebakan.com\/v15\/#\/schema\/logo\/image\/","url":"https:\/\/www.quebakan.com\/v15\/wp-content\/uploads\/2023\/07\/logoquebakanenero2021.jpg","contentUrl":"https:\/\/www.quebakan.com\/v15\/wp-content\/uploads\/2023\/07\/logoquebakanenero2021.jpg","width":1920,"height":1080,"caption":"Quebakan.com"},"image":{"@id":"https:\/\/www.quebakan.com\/v15\/#\/schema\/logo\/image\/"},"sameAs":["http:\/\/www.facebook.com\/quebakan","https:\/\/x.com\/quebakanec","http:\/\/www.instagram.com\/quebakan","http:\/\/www.youtube.com\/quebakan1"]},{"@type":"Person","@id":"https:\/\/www.quebakan.com\/v15\/#\/schema\/person\/d90fa9f9cfa81eb8ace9811e5b7b9118","name":"Erick Villafuerte","image":{"@type":"ImageObject","inLanguage":"es","@id":"https:\/\/www.quebakan.com\/v15\/wp-content\/uploads\/avatars\/4\/1731297654-bpfull.png","url":"https:\/\/www.quebakan.com\/v15\/wp-content\/uploads\/avatars\/4\/1731297654-bpfull.png","contentUrl":"https:\/\/www.quebakan.com\/v15\/wp-content\/uploads\/avatars\/4\/1731297654-bpfull.png","caption":"Erick Villafuerte"}}]}},"_links":{"self":[{"href":"https:\/\/www.quebakan.com\/v15\/wp-json\/wp\/v2\/posts\/139273","targetHints":{"allow":["GET"]}}],"collection":[{"href":"https:\/\/www.quebakan.com\/v15\/wp-json\/wp\/v2\/posts"}],"about":[{"href":"https:\/\/www.quebakan.com\/v15\/wp-json\/wp\/v2\/types\/post"}],"author":[{"embeddable":true,"href":"https:\/\/www.quebakan.com\/v15\/wp-json\/wp\/v2\/users\/4"}],"replies":[{"embeddable":true,"href":"https:\/\/www.quebakan.com\/v15\/wp-json\/wp\/v2\/comments?post=139273"}],"version-history":[{"count":3,"href":"https:\/\/www.quebakan.com\/v15\/wp-json\/wp\/v2\/posts\/139273\/revisions"}],"predecessor-version":[{"id":139277,"href":"https:\/\/www.quebakan.com\/v15\/wp-json\/wp\/v2\/posts\/139273\/revisions\/139277"}],"wp:featuredmedia":[{"embeddable":true,"href":"https:\/\/www.quebakan.com\/v15\/wp-json\/wp\/v2\/media\/139274"}],"wp:attachment":[{"href":"https:\/\/www.quebakan.com\/v15\/wp-json\/wp\/v2\/media?parent=139273"}],"wp:term":[{"taxonomy":"category","embeddable":true,"href":"https:\/\/www.quebakan.com\/v15\/wp-json\/wp\/v2\/categories?post=139273"},{"taxonomy":"post_tag","embeddable":true,"href":"https:\/\/www.quebakan.com\/v15\/wp-json\/wp\/v2\/tags?post=139273"}],"curies":[{"name":"wp","href":"https:\/\/api.w.org\/{rel}","templated":true}]}}