{"id":139289,"date":"2026-01-23T13:24:11","date_gmt":"2026-01-23T18:24:11","guid":{"rendered":"https:\/\/www.quebakan.com\/v15\/?p=139289"},"modified":"2026-01-23T13:24:11","modified_gmt":"2026-01-23T18:24:11","slug":"ecuador-avanza-en-su-consolidacion-como-hub-de-innovacion-y-marketing-en-latinoamerica","status":"publish","type":"post","link":"https:\/\/www.quebakan.com\/v15\/ecuador-avanza-en-su-consolidacion-como-hub-de-innovacion-y-marketing-en-latinoamerica\/","title":{"rendered":"Ecuador avanza en su consolidaci\u00f3n como hub de innovaci\u00f3n y marketing en Latinoam\u00e9rica"},"content":{"rendered":"<p><img fetchpriority=\"high\" decoding=\"async\" class=\"aligncenter size-full wp-image-139290\" src=\"https:\/\/www.quebakan.com\/v15\/wp-content\/uploads\/2026\/01\/IMG_20250521_171902.jpg\" alt=\"\" width=\"700\" height=\"525\" \/><\/p>\n<p style=\"text-align: justify;\"><span style=\"color: #000000;\"><strong><em>Ecuador, enero del 2026.-<\/em><\/strong> Ecuador est\u00e1 emergiendo como uno de los mercados m\u00e1s din\u00e1micos en innovaci\u00f3n, tecnolog\u00eda y marketing en Am\u00e9rica Latina, impulsado por una s\u00f3lida expansi\u00f3n digital, el crecimiento del comercio electr\u00f3nico y una adopci\u00f3n acelerada de tecnolog\u00edas disruptivas que fortalecen la competitividad del pa\u00eds.<\/span><\/p>\n<p style=\"text-align: justify;\"><span style=\"color: #000000;\">Para inicios de 2025, seg\u00fan el Informe Digital 2025 de DataReportal, Ecuador registr\u00f3 una penetraci\u00f3n de internet del 83,7% de la poblaci\u00f3n, con 15,2 millones de usuarios conectados, posicion\u00e1ndose entre los pa\u00edses l\u00edderes de la regi\u00f3n en acceso digital y base tecnol\u00f3gica. Adem\u00e1s, el 74% de la poblaci\u00f3n ecuatoriana est\u00e1 activa en redes sociales, evidenciando un ecosistema digital robusto y cada vez m\u00e1s estrat\u00e9gico para las marcas y anunciantes.<\/span><\/p>\n<p style=\"text-align: justify;\"><span style=\"color: #000000;\">Este entorno digital impulsa directamente el crecimiento del marketing y el comercio digital; en 2025, Emedia Monitor destac\u00f3 que el gasto en publicidad digital en Ecuador alcanz\u00f3 aproximadamente USD 210 millones, con un crecimiento sostenido de manera anual y una marcada preferencia por estrategias m\u00f3viles, que concentran el 78% del gasto total en publicidad digital.<\/span><\/p>\n<p style=\"text-align: justify;\"><span style=\"color: #000000;\">El avance tecnol\u00f3gico tambi\u00e9n se refleja en la adopci\u00f3n de inteligencia artificial (IA); de acuerdo con estudios recientes de WEF y HubSpot, el 87 % de los profesionales en Ecuador ya utiliza herramientas de IA de forma regular u ocasional, y se estima que alrededor del 40 % de las empresas ecuatorianas estar\u00e1n usando IA activamente para finales de 2025, especialmente en \u00e1reas como marketing, an\u00e1lisis de datos y automatizaci\u00f3n de procesos.<\/span><\/p>\n<p style=\"text-align: justify;\"><span style=\"color: #000000;\">Estas tendencias fueron confirmadas en WebCongress Ecuador, el evento m\u00e1s importante del pa\u00eds en innovaci\u00f3n y marketing digital. En su edici\u00f3n 2025, el congreso reuni\u00f3 a 1.330 asistentes y 40 conferencistas nacionales e internacionales, y gener\u00f3 m\u00e1s de 11,3 millones de impresiones en redes sociales y 4,8 millones de visualizaciones, reflejando el creciente inter\u00e9s de la industria por la transformaci\u00f3n digital y el marketing basado en resultados. Este tipo de encuentros busca conectar talento, empresas y oportunidades de inversi\u00f3n, reforzando la posici\u00f3n de Ecuador como un ecosistema atractivo para la industria.<\/span><\/p>\n<p style=\"text-align: justify;\"><span style=\"color: #000000;\">Esta evoluci\u00f3n evidencia una tendencia clara hacia la consolidaci\u00f3n digital. De acuerdo con el informe Digital 2026 de DataReportal, hacia finales de 2025 Ecuador experiment\u00f3 un crecimiento significativo en el acceso a internet y en el uso activo de redes sociales, reafirmando estos canales como pilares del ecosistema digital del pa\u00eds. Este avance se proyecta como un indicador clave del fortalecimiento y expansi\u00f3n digital durante 2026 impulsando oportunidades de negocio, competitividad y desarrollo sostenible en el pa\u00eds.<\/span><\/p>\n","protected":false},"excerpt":{"rendered":"<p>Ecuador, enero del 2026.- Ecuador est\u00e1 emergiendo como uno de los mercados m\u00e1s din\u00e1micos en innovaci\u00f3n, tecnolog\u00eda y marketing en Am\u00e9rica Latina, impulsado por una s\u00f3lida expansi\u00f3n digital, el crecimiento del comercio electr\u00f3nico y una adopci\u00f3n acelerada de tecnolog\u00edas disruptivas que fortalecen la competitividad del pa\u00eds. Para inicios de 2025, seg\u00fan el Informe Digital 2025 [&hellip;]<\/p>\n","protected":false},"author":4,"featured_media":139290,"comment_status":"closed","ping_status":"closed","sticky":false,"template":"","format":"standard","meta":{"_bbp_topic_count":0,"_bbp_reply_count":0,"_bbp_total_topic_count":0,"_bbp_total_reply_count":0,"_bbp_voice_count":0,"_bbp_anonymous_reply_count":0,"_bbp_topic_count_hidden":0,"_bbp_reply_count_hidden":0,"_bbp_forum_subforum_count":0,"buzzeditor_post_format":"","footnotes":""},"categories":[2],"tags":[],"class_list":["post-139289","post","type-post","status-publish","format-standard","has-post-thumbnail","hentry","category-noticias"],"yoast_head":"<!-- This site is optimized with the Yoast SEO plugin v27.5 - https:\/\/yoast.com\/product\/yoast-seo-wordpress\/ -->\n<title>Ecuador avanza en su consolidaci\u00f3n como hub de innovaci\u00f3n y marketing en Latinoam\u00e9rica &#8211; QUEBAKAN.COM 2026: Noticias, Eventos, Conciertos y mucho m\u00e1s....<\/title>\n<meta name=\"robots\" content=\"index, follow, max-snippet:-1, max-image-preview:large, max-video-preview:-1\" \/>\n<link rel=\"canonical\" href=\"https:\/\/www.quebakan.com\/v15\/ecuador-avanza-en-su-consolidacion-como-hub-de-innovacion-y-marketing-en-latinoamerica\/\" \/>\n<meta property=\"og:locale\" content=\"es_ES\" \/>\n<meta property=\"og:type\" content=\"article\" \/>\n<meta property=\"og:title\" content=\"Ecuador avanza en su consolidaci\u00f3n como hub de innovaci\u00f3n y marketing en Latinoam\u00e9rica &#8211; QUEBAKAN.COM 2026: Noticias, Eventos, Conciertos y mucho m\u00e1s....\" \/>\n<meta property=\"og:description\" content=\"Ecuador, enero del 2026.- Ecuador est\u00e1 emergiendo como uno de los mercados m\u00e1s din\u00e1micos en innovaci\u00f3n, tecnolog\u00eda y marketing en Am\u00e9rica Latina, impulsado por una s\u00f3lida expansi\u00f3n digital, el crecimiento del comercio electr\u00f3nico y una adopci\u00f3n acelerada de tecnolog\u00edas disruptivas que fortalecen la competitividad del pa\u00eds. Para inicios de 2025, seg\u00fan el Informe Digital 2025 [&hellip;]\" \/>\n<meta property=\"og:url\" content=\"https:\/\/www.quebakan.com\/v15\/ecuador-avanza-en-su-consolidacion-como-hub-de-innovacion-y-marketing-en-latinoamerica\/\" \/>\n<meta property=\"og:site_name\" content=\"QUEBAKAN.COM 2026: Noticias, Eventos, Conciertos y mucho m\u00e1s....\" \/>\n<meta property=\"article:publisher\" content=\"http:\/\/www.facebook.com\/quebakan\" \/>\n<meta property=\"article:published_time\" content=\"2026-01-23T18:24:11+00:00\" \/>\n<meta property=\"og:image\" content=\"https:\/\/www.quebakan.com\/v15\/wp-content\/uploads\/2026\/01\/IMG_20250521_171902.jpg\" \/>\n\t<meta property=\"og:image:width\" content=\"700\" \/>\n\t<meta property=\"og:image:height\" content=\"525\" \/>\n\t<meta property=\"og:image:type\" content=\"image\/jpeg\" \/>\n<meta name=\"author\" content=\"Erick Villafuerte\" \/>\n<meta name=\"twitter:card\" content=\"summary_large_image\" \/>\n<meta name=\"twitter:creator\" content=\"@quebakanec\" \/>\n<meta name=\"twitter:site\" content=\"@quebakanec\" \/>\n<meta name=\"twitter:label1\" content=\"Escrito por\" \/>\n\t<meta name=\"twitter:data1\" content=\"Erick Villafuerte\" \/>\n\t<meta name=\"twitter:label2\" content=\"Tiempo de lectura\" \/>\n\t<meta name=\"twitter:data2\" content=\"3 minutos\" \/>\n<script type=\"application\/ld+json\" class=\"yoast-schema-graph\">{\"@context\":\"https:\\\/\\\/schema.org\",\"@graph\":[{\"@type\":\"Article\",\"@id\":\"https:\\\/\\\/www.quebakan.com\\\/v15\\\/ecuador-avanza-en-su-consolidacion-como-hub-de-innovacion-y-marketing-en-latinoamerica\\\/#article\",\"isPartOf\":{\"@id\":\"https:\\\/\\\/www.quebakan.com\\\/v15\\\/ecuador-avanza-en-su-consolidacion-como-hub-de-innovacion-y-marketing-en-latinoamerica\\\/\"},\"author\":{\"name\":\"Erick Villafuerte\",\"@id\":\"https:\\\/\\\/www.quebakan.com\\\/v15\\\/#\\\/schema\\\/person\\\/d90fa9f9cfa81eb8ace9811e5b7b9118\"},\"headline\":\"Ecuador avanza en su consolidaci\u00f3n como hub de innovaci\u00f3n y marketing en Latinoam\u00e9rica\",\"datePublished\":\"2026-01-23T18:24:11+00:00\",\"mainEntityOfPage\":{\"@id\":\"https:\\\/\\\/www.quebakan.com\\\/v15\\\/ecuador-avanza-en-su-consolidacion-como-hub-de-innovacion-y-marketing-en-latinoamerica\\\/\"},\"wordCount\":449,\"publisher\":{\"@id\":\"https:\\\/\\\/www.quebakan.com\\\/v15\\\/#organization\"},\"image\":{\"@id\":\"https:\\\/\\\/www.quebakan.com\\\/v15\\\/ecuador-avanza-en-su-consolidacion-como-hub-de-innovacion-y-marketing-en-latinoamerica\\\/#primaryimage\"},\"thumbnailUrl\":\"https:\\\/\\\/www.quebakan.com\\\/v15\\\/wp-content\\\/uploads\\\/2026\\\/01\\\/IMG_20250521_171902.jpg\",\"articleSection\":[\"Noticias\"],\"inLanguage\":\"es\"},{\"@type\":\"WebPage\",\"@id\":\"https:\\\/\\\/www.quebakan.com\\\/v15\\\/ecuador-avanza-en-su-consolidacion-como-hub-de-innovacion-y-marketing-en-latinoamerica\\\/\",\"url\":\"https:\\\/\\\/www.quebakan.com\\\/v15\\\/ecuador-avanza-en-su-consolidacion-como-hub-de-innovacion-y-marketing-en-latinoamerica\\\/\",\"name\":\"Ecuador avanza en su consolidaci\u00f3n como hub de innovaci\u00f3n y marketing en Latinoam\u00e9rica &#8211; QUEBAKAN.COM 2026: Noticias, Eventos, Conciertos y mucho m\u00e1s....\",\"isPartOf\":{\"@id\":\"https:\\\/\\\/www.quebakan.com\\\/v15\\\/#website\"},\"primaryImageOfPage\":{\"@id\":\"https:\\\/\\\/www.quebakan.com\\\/v15\\\/ecuador-avanza-en-su-consolidacion-como-hub-de-innovacion-y-marketing-en-latinoamerica\\\/#primaryimage\"},\"image\":{\"@id\":\"https:\\\/\\\/www.quebakan.com\\\/v15\\\/ecuador-avanza-en-su-consolidacion-como-hub-de-innovacion-y-marketing-en-latinoamerica\\\/#primaryimage\"},\"thumbnailUrl\":\"https:\\\/\\\/www.quebakan.com\\\/v15\\\/wp-content\\\/uploads\\\/2026\\\/01\\\/IMG_20250521_171902.jpg\",\"datePublished\":\"2026-01-23T18:24:11+00:00\",\"breadcrumb\":{\"@id\":\"https:\\\/\\\/www.quebakan.com\\\/v15\\\/ecuador-avanza-en-su-consolidacion-como-hub-de-innovacion-y-marketing-en-latinoamerica\\\/#breadcrumb\"},\"inLanguage\":\"es\",\"potentialAction\":[{\"@type\":\"ReadAction\",\"target\":[\"https:\\\/\\\/www.quebakan.com\\\/v15\\\/ecuador-avanza-en-su-consolidacion-como-hub-de-innovacion-y-marketing-en-latinoamerica\\\/\"]}]},{\"@type\":\"ImageObject\",\"inLanguage\":\"es\",\"@id\":\"https:\\\/\\\/www.quebakan.com\\\/v15\\\/ecuador-avanza-en-su-consolidacion-como-hub-de-innovacion-y-marketing-en-latinoamerica\\\/#primaryimage\",\"url\":\"https:\\\/\\\/www.quebakan.com\\\/v15\\\/wp-content\\\/uploads\\\/2026\\\/01\\\/IMG_20250521_171902.jpg\",\"contentUrl\":\"https:\\\/\\\/www.quebakan.com\\\/v15\\\/wp-content\\\/uploads\\\/2026\\\/01\\\/IMG_20250521_171902.jpg\",\"width\":700,\"height\":525},{\"@type\":\"BreadcrumbList\",\"@id\":\"https:\\\/\\\/www.quebakan.com\\\/v15\\\/ecuador-avanza-en-su-consolidacion-como-hub-de-innovacion-y-marketing-en-latinoamerica\\\/#breadcrumb\",\"itemListElement\":[{\"@type\":\"ListItem\",\"position\":1,\"name\":\"Portada\",\"item\":\"https:\\\/\\\/www.quebakan.com\\\/v15\\\/\"},{\"@type\":\"ListItem\",\"position\":2,\"name\":\"Ecuador avanza en su consolidaci\u00f3n como hub de innovaci\u00f3n y marketing en Latinoam\u00e9rica\"}]},{\"@type\":\"WebSite\",\"@id\":\"https:\\\/\\\/www.quebakan.com\\\/v15\\\/#website\",\"url\":\"https:\\\/\\\/www.quebakan.com\\\/v15\\\/\",\"name\":\"QUEBAKAN\",\"description\":\"..\",\"publisher\":{\"@id\":\"https:\\\/\\\/www.quebakan.com\\\/v15\\\/#organization\"},\"potentialAction\":[{\"@type\":\"SearchAction\",\"target\":{\"@type\":\"EntryPoint\",\"urlTemplate\":\"https:\\\/\\\/www.quebakan.com\\\/v15\\\/?s={search_term_string}\"},\"query-input\":{\"@type\":\"PropertyValueSpecification\",\"valueRequired\":true,\"valueName\":\"search_term_string\"}}],\"inLanguage\":\"es\"},{\"@type\":\"Organization\",\"@id\":\"https:\\\/\\\/www.quebakan.com\\\/v15\\\/#organization\",\"name\":\"Quebakan.com\",\"url\":\"https:\\\/\\\/www.quebakan.com\\\/v15\\\/\",\"logo\":{\"@type\":\"ImageObject\",\"inLanguage\":\"es\",\"@id\":\"https:\\\/\\\/www.quebakan.com\\\/v15\\\/#\\\/schema\\\/logo\\\/image\\\/\",\"url\":\"https:\\\/\\\/www.quebakan.com\\\/v15\\\/wp-content\\\/uploads\\\/2023\\\/07\\\/logoquebakanenero2021.jpg\",\"contentUrl\":\"https:\\\/\\\/www.quebakan.com\\\/v15\\\/wp-content\\\/uploads\\\/2023\\\/07\\\/logoquebakanenero2021.jpg\",\"width\":1920,\"height\":1080,\"caption\":\"Quebakan.com\"},\"image\":{\"@id\":\"https:\\\/\\\/www.quebakan.com\\\/v15\\\/#\\\/schema\\\/logo\\\/image\\\/\"},\"sameAs\":[\"http:\\\/\\\/www.facebook.com\\\/quebakan\",\"https:\\\/\\\/x.com\\\/quebakanec\",\"http:\\\/\\\/www.instagram.com\\\/quebakan\",\"http:\\\/\\\/www.youtube.com\\\/quebakan1\"]},{\"@type\":\"Person\",\"@id\":\"https:\\\/\\\/www.quebakan.com\\\/v15\\\/#\\\/schema\\\/person\\\/d90fa9f9cfa81eb8ace9811e5b7b9118\",\"name\":\"Erick Villafuerte\",\"image\":{\"@type\":\"ImageObject\",\"inLanguage\":\"es\",\"@id\":\"https:\\\/\\\/www.quebakan.com\\\/v15\\\/wp-content\\\/uploads\\\/avatars\\\/4\\\/1731297654-bpfull.png\",\"url\":\"https:\\\/\\\/www.quebakan.com\\\/v15\\\/wp-content\\\/uploads\\\/avatars\\\/4\\\/1731297654-bpfull.png\",\"contentUrl\":\"https:\\\/\\\/www.quebakan.com\\\/v15\\\/wp-content\\\/uploads\\\/avatars\\\/4\\\/1731297654-bpfull.png\",\"caption\":\"Erick Villafuerte\"}}]}<\/script>\n<!-- \/ Yoast SEO plugin. -->","yoast_head_json":{"title":"Ecuador avanza en su consolidaci\u00f3n como hub de innovaci\u00f3n y marketing en Latinoam\u00e9rica &#8211; QUEBAKAN.COM 2026: Noticias, Eventos, Conciertos y mucho m\u00e1s....","robots":{"index":"index","follow":"follow","max-snippet":"max-snippet:-1","max-image-preview":"max-image-preview:large","max-video-preview":"max-video-preview:-1"},"canonical":"https:\/\/www.quebakan.com\/v15\/ecuador-avanza-en-su-consolidacion-como-hub-de-innovacion-y-marketing-en-latinoamerica\/","og_locale":"es_ES","og_type":"article","og_title":"Ecuador avanza en su consolidaci\u00f3n como hub de innovaci\u00f3n y marketing en Latinoam\u00e9rica &#8211; QUEBAKAN.COM 2026: Noticias, Eventos, Conciertos y mucho m\u00e1s....","og_description":"Ecuador, enero del 2026.- Ecuador est\u00e1 emergiendo como uno de los mercados m\u00e1s din\u00e1micos en innovaci\u00f3n, tecnolog\u00eda y marketing en Am\u00e9rica Latina, impulsado por una s\u00f3lida expansi\u00f3n digital, el crecimiento del comercio electr\u00f3nico y una adopci\u00f3n acelerada de tecnolog\u00edas disruptivas que fortalecen la competitividad del pa\u00eds. Para inicios de 2025, seg\u00fan el Informe Digital 2025 [&hellip;]","og_url":"https:\/\/www.quebakan.com\/v15\/ecuador-avanza-en-su-consolidacion-como-hub-de-innovacion-y-marketing-en-latinoamerica\/","og_site_name":"QUEBAKAN.COM 2026: Noticias, Eventos, Conciertos y mucho m\u00e1s....","article_publisher":"http:\/\/www.facebook.com\/quebakan","article_published_time":"2026-01-23T18:24:11+00:00","og_image":[{"width":700,"height":525,"url":"https:\/\/www.quebakan.com\/v15\/wp-content\/uploads\/2026\/01\/IMG_20250521_171902.jpg","type":"image\/jpeg"}],"author":"Erick Villafuerte","twitter_card":"summary_large_image","twitter_creator":"@quebakanec","twitter_site":"@quebakanec","twitter_misc":{"Escrito por":"Erick Villafuerte","Tiempo de lectura":"3 minutos"},"schema":{"@context":"https:\/\/schema.org","@graph":[{"@type":"Article","@id":"https:\/\/www.quebakan.com\/v15\/ecuador-avanza-en-su-consolidacion-como-hub-de-innovacion-y-marketing-en-latinoamerica\/#article","isPartOf":{"@id":"https:\/\/www.quebakan.com\/v15\/ecuador-avanza-en-su-consolidacion-como-hub-de-innovacion-y-marketing-en-latinoamerica\/"},"author":{"name":"Erick Villafuerte","@id":"https:\/\/www.quebakan.com\/v15\/#\/schema\/person\/d90fa9f9cfa81eb8ace9811e5b7b9118"},"headline":"Ecuador avanza en su consolidaci\u00f3n como hub de innovaci\u00f3n y marketing en Latinoam\u00e9rica","datePublished":"2026-01-23T18:24:11+00:00","mainEntityOfPage":{"@id":"https:\/\/www.quebakan.com\/v15\/ecuador-avanza-en-su-consolidacion-como-hub-de-innovacion-y-marketing-en-latinoamerica\/"},"wordCount":449,"publisher":{"@id":"https:\/\/www.quebakan.com\/v15\/#organization"},"image":{"@id":"https:\/\/www.quebakan.com\/v15\/ecuador-avanza-en-su-consolidacion-como-hub-de-innovacion-y-marketing-en-latinoamerica\/#primaryimage"},"thumbnailUrl":"https:\/\/www.quebakan.com\/v15\/wp-content\/uploads\/2026\/01\/IMG_20250521_171902.jpg","articleSection":["Noticias"],"inLanguage":"es"},{"@type":"WebPage","@id":"https:\/\/www.quebakan.com\/v15\/ecuador-avanza-en-su-consolidacion-como-hub-de-innovacion-y-marketing-en-latinoamerica\/","url":"https:\/\/www.quebakan.com\/v15\/ecuador-avanza-en-su-consolidacion-como-hub-de-innovacion-y-marketing-en-latinoamerica\/","name":"Ecuador avanza en su consolidaci\u00f3n como hub de innovaci\u00f3n y marketing en Latinoam\u00e9rica &#8211; QUEBAKAN.COM 2026: Noticias, Eventos, Conciertos y mucho m\u00e1s....","isPartOf":{"@id":"https:\/\/www.quebakan.com\/v15\/#website"},"primaryImageOfPage":{"@id":"https:\/\/www.quebakan.com\/v15\/ecuador-avanza-en-su-consolidacion-como-hub-de-innovacion-y-marketing-en-latinoamerica\/#primaryimage"},"image":{"@id":"https:\/\/www.quebakan.com\/v15\/ecuador-avanza-en-su-consolidacion-como-hub-de-innovacion-y-marketing-en-latinoamerica\/#primaryimage"},"thumbnailUrl":"https:\/\/www.quebakan.com\/v15\/wp-content\/uploads\/2026\/01\/IMG_20250521_171902.jpg","datePublished":"2026-01-23T18:24:11+00:00","breadcrumb":{"@id":"https:\/\/www.quebakan.com\/v15\/ecuador-avanza-en-su-consolidacion-como-hub-de-innovacion-y-marketing-en-latinoamerica\/#breadcrumb"},"inLanguage":"es","potentialAction":[{"@type":"ReadAction","target":["https:\/\/www.quebakan.com\/v15\/ecuador-avanza-en-su-consolidacion-como-hub-de-innovacion-y-marketing-en-latinoamerica\/"]}]},{"@type":"ImageObject","inLanguage":"es","@id":"https:\/\/www.quebakan.com\/v15\/ecuador-avanza-en-su-consolidacion-como-hub-de-innovacion-y-marketing-en-latinoamerica\/#primaryimage","url":"https:\/\/www.quebakan.com\/v15\/wp-content\/uploads\/2026\/01\/IMG_20250521_171902.jpg","contentUrl":"https:\/\/www.quebakan.com\/v15\/wp-content\/uploads\/2026\/01\/IMG_20250521_171902.jpg","width":700,"height":525},{"@type":"BreadcrumbList","@id":"https:\/\/www.quebakan.com\/v15\/ecuador-avanza-en-su-consolidacion-como-hub-de-innovacion-y-marketing-en-latinoamerica\/#breadcrumb","itemListElement":[{"@type":"ListItem","position":1,"name":"Portada","item":"https:\/\/www.quebakan.com\/v15\/"},{"@type":"ListItem","position":2,"name":"Ecuador avanza en su consolidaci\u00f3n como hub de innovaci\u00f3n y marketing en Latinoam\u00e9rica"}]},{"@type":"WebSite","@id":"https:\/\/www.quebakan.com\/v15\/#website","url":"https:\/\/www.quebakan.com\/v15\/","name":"QUEBAKAN","description":"..","publisher":{"@id":"https:\/\/www.quebakan.com\/v15\/#organization"},"potentialAction":[{"@type":"SearchAction","target":{"@type":"EntryPoint","urlTemplate":"https:\/\/www.quebakan.com\/v15\/?s={search_term_string}"},"query-input":{"@type":"PropertyValueSpecification","valueRequired":true,"valueName":"search_term_string"}}],"inLanguage":"es"},{"@type":"Organization","@id":"https:\/\/www.quebakan.com\/v15\/#organization","name":"Quebakan.com","url":"https:\/\/www.quebakan.com\/v15\/","logo":{"@type":"ImageObject","inLanguage":"es","@id":"https:\/\/www.quebakan.com\/v15\/#\/schema\/logo\/image\/","url":"https:\/\/www.quebakan.com\/v15\/wp-content\/uploads\/2023\/07\/logoquebakanenero2021.jpg","contentUrl":"https:\/\/www.quebakan.com\/v15\/wp-content\/uploads\/2023\/07\/logoquebakanenero2021.jpg","width":1920,"height":1080,"caption":"Quebakan.com"},"image":{"@id":"https:\/\/www.quebakan.com\/v15\/#\/schema\/logo\/image\/"},"sameAs":["http:\/\/www.facebook.com\/quebakan","https:\/\/x.com\/quebakanec","http:\/\/www.instagram.com\/quebakan","http:\/\/www.youtube.com\/quebakan1"]},{"@type":"Person","@id":"https:\/\/www.quebakan.com\/v15\/#\/schema\/person\/d90fa9f9cfa81eb8ace9811e5b7b9118","name":"Erick Villafuerte","image":{"@type":"ImageObject","inLanguage":"es","@id":"https:\/\/www.quebakan.com\/v15\/wp-content\/uploads\/avatars\/4\/1731297654-bpfull.png","url":"https:\/\/www.quebakan.com\/v15\/wp-content\/uploads\/avatars\/4\/1731297654-bpfull.png","contentUrl":"https:\/\/www.quebakan.com\/v15\/wp-content\/uploads\/avatars\/4\/1731297654-bpfull.png","caption":"Erick Villafuerte"}}]}},"_links":{"self":[{"href":"https:\/\/www.quebakan.com\/v15\/wp-json\/wp\/v2\/posts\/139289","targetHints":{"allow":["GET"]}}],"collection":[{"href":"https:\/\/www.quebakan.com\/v15\/wp-json\/wp\/v2\/posts"}],"about":[{"href":"https:\/\/www.quebakan.com\/v15\/wp-json\/wp\/v2\/types\/post"}],"author":[{"embeddable":true,"href":"https:\/\/www.quebakan.com\/v15\/wp-json\/wp\/v2\/users\/4"}],"replies":[{"embeddable":true,"href":"https:\/\/www.quebakan.com\/v15\/wp-json\/wp\/v2\/comments?post=139289"}],"version-history":[{"count":2,"href":"https:\/\/www.quebakan.com\/v15\/wp-json\/wp\/v2\/posts\/139289\/revisions"}],"predecessor-version":[{"id":139292,"href":"https:\/\/www.quebakan.com\/v15\/wp-json\/wp\/v2\/posts\/139289\/revisions\/139292"}],"wp:featuredmedia":[{"embeddable":true,"href":"https:\/\/www.quebakan.com\/v15\/wp-json\/wp\/v2\/media\/139290"}],"wp:attachment":[{"href":"https:\/\/www.quebakan.com\/v15\/wp-json\/wp\/v2\/media?parent=139289"}],"wp:term":[{"taxonomy":"category","embeddable":true,"href":"https:\/\/www.quebakan.com\/v15\/wp-json\/wp\/v2\/categories?post=139289"},{"taxonomy":"post_tag","embeddable":true,"href":"https:\/\/www.quebakan.com\/v15\/wp-json\/wp\/v2\/tags?post=139289"}],"curies":[{"name":"wp","href":"https:\/\/api.w.org\/{rel}","templated":true}]}}