{"id":139293,"date":"2026-01-23T13:28:24","date_gmt":"2026-01-23T18:28:24","guid":{"rendered":"https:\/\/www.quebakan.com\/v15\/?p=139293"},"modified":"2026-01-23T13:28:24","modified_gmt":"2026-01-23T18:28:24","slug":"mg-motor-inaugura-nueva-agencia-junto-a-unimotor-y-fortalece-su-presencia-en-el-sur-de-guayaquil","status":"publish","type":"post","link":"https:\/\/www.quebakan.com\/v15\/mg-motor-inaugura-nueva-agencia-junto-a-unimotor-y-fortalece-su-presencia-en-el-sur-de-guayaquil\/","title":{"rendered":"MG Motor inaugura nueva agencia junto a Unimotor y fortalece su presencia en el sur de Guayaquil"},"content":{"rendered":"<div><img fetchpriority=\"high\" decoding=\"async\" class=\"aligncenter size-full wp-image-139294\" src=\"https:\/\/www.quebakan.com\/v15\/wp-content\/uploads\/2026\/01\/MG-Motor-fortalece-su-presencia-en-el-sur-de-Guayaquil-junto-a-Unimotor.jpg\" alt=\"\" width=\"700\" height=\"525\" \/><\/div>\n<div><\/div>\n<div class=\"x_gmail_default\" style=\"text-align: justify;\"><span style=\"color: #000000;\"><i><strong>De izquierda a derecha:<\/strong> Santiago Merch\u00e1n, Gerente de Ventas Wholesale de Induwagen; Daniel Wiener, Gerente General de Induwagen; Ver\u00f3nica V\u00e1ldez, Gerente Comercial de Unimotors; y Federico Monroy, Presidente de Unimotors.<\/i><\/span><\/div>\n<div><\/div>\n<div>\n<div class=\"x_gmail_default\" style=\"text-align: justify;\"><span style=\"color: #000000;\">MG Motor inaugur\u00f3 oficialmente una nueva agencia en el sur de Guayaquil, junto a Unimotor, como parte de su plan de expansi\u00f3n en Ecuador. La apertura refuerza la presencia de la marca en una zona estrat\u00e9gica de la ciudad y se enmarca dentro de un objetivo claro de crecimiento: triplicar sus ventas en el mercado ecuatoriano.<\/span><\/div>\n<p style=\"text-align: justify;\"><span style=\"color: #000000;\">La nueva agencia est\u00e1 ubicada en la Av. Eloy Alfaro y Garc\u00eda Goyena y busca acercar la oferta de MG Motor a m\u00e1s clientes, con un espacio moderno enfocado en atenci\u00f3n comercial y exhibici\u00f3n de veh\u00edculos. Durante el evento se realiz\u00f3 el corte de cinta con la participaci\u00f3n de directivos de la marca, aliados estrat\u00e9gicos y clientes.<\/span><\/p>\n<p style=\"text-align: justify;\"><span style=\"color: #000000;\">\u201cEsta apertura confirma que seguimos apostando por Ecuador. Estamos ampliando nuestra red para estar m\u00e1s cerca de los clientes, generar empleo y ofrecer soluciones de movilidad modernas y accesibles\u201d, se\u00f1al\u00f3 Daniel Wiener, Gerente General de MG Motor Ecuador.<\/span><\/p>\n<p style=\"text-align: justify;\"><span style=\"color: #000000;\">La alianza con Unimotor fortalece la red de concesionarios de la marca y responde a la creciente demanda del mercado en el sur de Guayaquil. Unimotor cuenta con cinco a\u00f1os de trayectoria en el sur de la ciudad, consolid\u00e1ndose como un actor clave en la atenci\u00f3n automotriz de esta zona. La agencia permitir\u00e1 a los clientes conocer de primera mano el portafolio de MG Motor, que incluye SUVs, hatchbacks y modelos h\u00edbridos, adem\u00e1s de ofrecer servicios de mantenimiento, repuestos y colisiones, operando como taller autorizado de la marca.<\/span><\/p>\n<p style=\"text-align: justify;\"><span style=\"color: #000000;\"><b><u>Expansi\u00f3n de la red MG en Ecuador<\/u><\/b><\/span><\/p>\n<p style=\"text-align: justify;\"><span style=\"color: #000000;\">La apertura de esta nueva agencia forma parte de una estrategia sostenida de crecimiento que MG Motor viene ejecutando a nivel nacional, enfocada en mejorar la experiencia del cliente y ampliar su presencia en zonas estrat\u00e9gicas.<\/span><\/p>\n<p style=\"text-align: justify;\"><span style=\"color: #000000;\">Con una red en constante crecimiento y una oferta cada vez m\u00e1s competitiva en tecnolog\u00eda y precio, MG Motor contin\u00faa consolid\u00e1ndose como una de las marcas con mayor proyecci\u00f3n en el mercado automotriz ecuatoriano.<\/span><\/p>\n<p style=\"text-align: justify;\"><span style=\"color: #000000;\"><b><u>MG Motor en Ecuador<\/u><\/b><\/span><\/p>\n<p style=\"text-align: justify;\"><span style=\"color: #000000;\">MG Motor cuenta con m\u00e1s de 100 a\u00f1os de historia y actualmente forma parte de SAIC Motor, uno de los mayores fabricantes de veh\u00edculos del mundo, con presencia en m\u00e1s de 80 pa\u00edses.<\/span><\/p>\n<p style=\"text-align: justify;\"><span style=\"color: #000000;\">En Ecuador, la marca es representada oficialmente por Induwagen S.A., empresa del grupo Inducorp.<\/span><\/p>\n<\/div>\n","protected":false},"excerpt":{"rendered":"<p>De izquierda a derecha: Santiago Merch\u00e1n, Gerente de Ventas Wholesale de Induwagen; Daniel Wiener, Gerente General de Induwagen; Ver\u00f3nica V\u00e1ldez, Gerente Comercial de Unimotors; y Federico Monroy, Presidente de Unimotors. MG Motor inaugur\u00f3 oficialmente una nueva agencia en el sur de Guayaquil, junto a Unimotor, como parte de su plan de expansi\u00f3n en Ecuador. La [&hellip;]<\/p>\n","protected":false},"author":4,"featured_media":139294,"comment_status":"closed","ping_status":"closed","sticky":false,"template":"","format":"standard","meta":{"_bbp_topic_count":0,"_bbp_reply_count":0,"_bbp_total_topic_count":0,"_bbp_total_reply_count":0,"_bbp_voice_count":0,"_bbp_anonymous_reply_count":0,"_bbp_topic_count_hidden":0,"_bbp_reply_count_hidden":0,"_bbp_forum_subforum_count":0,"buzzeditor_post_format":"","footnotes":""},"categories":[2],"tags":[],"class_list":["post-139293","post","type-post","status-publish","format-standard","has-post-thumbnail","hentry","category-noticias"],"yoast_head":"<!-- This site is optimized with the Yoast SEO plugin v27.5 - https:\/\/yoast.com\/product\/yoast-seo-wordpress\/ -->\n<title>MG Motor inaugura nueva agencia junto a Unimotor y fortalece su presencia en el sur de Guayaquil &#8211; QUEBAKAN.COM 2026: Noticias, Eventos, Conciertos y mucho m\u00e1s....<\/title>\n<meta name=\"robots\" content=\"index, follow, max-snippet:-1, max-image-preview:large, max-video-preview:-1\" \/>\n<link rel=\"canonical\" href=\"https:\/\/www.quebakan.com\/v15\/mg-motor-inaugura-nueva-agencia-junto-a-unimotor-y-fortalece-su-presencia-en-el-sur-de-guayaquil\/\" \/>\n<meta property=\"og:locale\" content=\"es_ES\" \/>\n<meta property=\"og:type\" content=\"article\" \/>\n<meta property=\"og:title\" content=\"MG Motor inaugura nueva agencia junto a Unimotor y fortalece su presencia en el sur de Guayaquil &#8211; QUEBAKAN.COM 2026: Noticias, Eventos, Conciertos y mucho m\u00e1s....\" \/>\n<meta property=\"og:description\" content=\"De izquierda a derecha: Santiago Merch\u00e1n, Gerente de Ventas Wholesale de Induwagen; Daniel Wiener, Gerente General de Induwagen; Ver\u00f3nica V\u00e1ldez, Gerente Comercial de Unimotors; y Federico Monroy, Presidente de Unimotors. MG Motor inaugur\u00f3 oficialmente una nueva agencia en el sur de Guayaquil, junto a Unimotor, como parte de su plan de expansi\u00f3n en Ecuador. La [&hellip;]\" \/>\n<meta property=\"og:url\" content=\"https:\/\/www.quebakan.com\/v15\/mg-motor-inaugura-nueva-agencia-junto-a-unimotor-y-fortalece-su-presencia-en-el-sur-de-guayaquil\/\" \/>\n<meta property=\"og:site_name\" content=\"QUEBAKAN.COM 2026: Noticias, Eventos, Conciertos y mucho m\u00e1s....\" \/>\n<meta property=\"article:publisher\" content=\"http:\/\/www.facebook.com\/quebakan\" \/>\n<meta property=\"article:published_time\" content=\"2026-01-23T18:28:24+00:00\" \/>\n<meta property=\"og:image\" content=\"https:\/\/www.quebakan.com\/v15\/wp-content\/uploads\/2026\/01\/MG-Motor-fortalece-su-presencia-en-el-sur-de-Guayaquil-junto-a-Unimotor.jpg\" \/>\n\t<meta property=\"og:image:width\" content=\"700\" \/>\n\t<meta property=\"og:image:height\" content=\"525\" \/>\n\t<meta property=\"og:image:type\" content=\"image\/jpeg\" \/>\n<meta name=\"author\" content=\"Erick Villafuerte\" \/>\n<meta name=\"twitter:card\" content=\"summary_large_image\" \/>\n<meta name=\"twitter:creator\" content=\"@quebakanec\" \/>\n<meta name=\"twitter:site\" content=\"@quebakanec\" \/>\n<meta name=\"twitter:label1\" content=\"Escrito por\" \/>\n\t<meta name=\"twitter:data1\" content=\"Erick Villafuerte\" \/>\n\t<meta name=\"twitter:label2\" content=\"Tiempo de lectura\" \/>\n\t<meta name=\"twitter:data2\" content=\"3 minutos\" \/>\n<script type=\"application\/ld+json\" class=\"yoast-schema-graph\">{\"@context\":\"https:\\\/\\\/schema.org\",\"@graph\":[{\"@type\":\"Article\",\"@id\":\"https:\\\/\\\/www.quebakan.com\\\/v15\\\/mg-motor-inaugura-nueva-agencia-junto-a-unimotor-y-fortalece-su-presencia-en-el-sur-de-guayaquil\\\/#article\",\"isPartOf\":{\"@id\":\"https:\\\/\\\/www.quebakan.com\\\/v15\\\/mg-motor-inaugura-nueva-agencia-junto-a-unimotor-y-fortalece-su-presencia-en-el-sur-de-guayaquil\\\/\"},\"author\":{\"name\":\"Erick Villafuerte\",\"@id\":\"https:\\\/\\\/www.quebakan.com\\\/v15\\\/#\\\/schema\\\/person\\\/d90fa9f9cfa81eb8ace9811e5b7b9118\"},\"headline\":\"MG Motor inaugura nueva agencia junto a Unimotor y fortalece su presencia en el sur de Guayaquil\",\"datePublished\":\"2026-01-23T18:28:24+00:00\",\"mainEntityOfPage\":{\"@id\":\"https:\\\/\\\/www.quebakan.com\\\/v15\\\/mg-motor-inaugura-nueva-agencia-junto-a-unimotor-y-fortalece-su-presencia-en-el-sur-de-guayaquil\\\/\"},\"wordCount\":444,\"publisher\":{\"@id\":\"https:\\\/\\\/www.quebakan.com\\\/v15\\\/#organization\"},\"image\":{\"@id\":\"https:\\\/\\\/www.quebakan.com\\\/v15\\\/mg-motor-inaugura-nueva-agencia-junto-a-unimotor-y-fortalece-su-presencia-en-el-sur-de-guayaquil\\\/#primaryimage\"},\"thumbnailUrl\":\"https:\\\/\\\/www.quebakan.com\\\/v15\\\/wp-content\\\/uploads\\\/2026\\\/01\\\/MG-Motor-fortalece-su-presencia-en-el-sur-de-Guayaquil-junto-a-Unimotor.jpg\",\"articleSection\":[\"Noticias\"],\"inLanguage\":\"es\"},{\"@type\":\"WebPage\",\"@id\":\"https:\\\/\\\/www.quebakan.com\\\/v15\\\/mg-motor-inaugura-nueva-agencia-junto-a-unimotor-y-fortalece-su-presencia-en-el-sur-de-guayaquil\\\/\",\"url\":\"https:\\\/\\\/www.quebakan.com\\\/v15\\\/mg-motor-inaugura-nueva-agencia-junto-a-unimotor-y-fortalece-su-presencia-en-el-sur-de-guayaquil\\\/\",\"name\":\"MG Motor inaugura nueva agencia junto a Unimotor y fortalece su presencia en el sur de Guayaquil &#8211; QUEBAKAN.COM 2026: Noticias, Eventos, Conciertos y mucho m\u00e1s....\",\"isPartOf\":{\"@id\":\"https:\\\/\\\/www.quebakan.com\\\/v15\\\/#website\"},\"primaryImageOfPage\":{\"@id\":\"https:\\\/\\\/www.quebakan.com\\\/v15\\\/mg-motor-inaugura-nueva-agencia-junto-a-unimotor-y-fortalece-su-presencia-en-el-sur-de-guayaquil\\\/#primaryimage\"},\"image\":{\"@id\":\"https:\\\/\\\/www.quebakan.com\\\/v15\\\/mg-motor-inaugura-nueva-agencia-junto-a-unimotor-y-fortalece-su-presencia-en-el-sur-de-guayaquil\\\/#primaryimage\"},\"thumbnailUrl\":\"https:\\\/\\\/www.quebakan.com\\\/v15\\\/wp-content\\\/uploads\\\/2026\\\/01\\\/MG-Motor-fortalece-su-presencia-en-el-sur-de-Guayaquil-junto-a-Unimotor.jpg\",\"datePublished\":\"2026-01-23T18:28:24+00:00\",\"breadcrumb\":{\"@id\":\"https:\\\/\\\/www.quebakan.com\\\/v15\\\/mg-motor-inaugura-nueva-agencia-junto-a-unimotor-y-fortalece-su-presencia-en-el-sur-de-guayaquil\\\/#breadcrumb\"},\"inLanguage\":\"es\",\"potentialAction\":[{\"@type\":\"ReadAction\",\"target\":[\"https:\\\/\\\/www.quebakan.com\\\/v15\\\/mg-motor-inaugura-nueva-agencia-junto-a-unimotor-y-fortalece-su-presencia-en-el-sur-de-guayaquil\\\/\"]}]},{\"@type\":\"ImageObject\",\"inLanguage\":\"es\",\"@id\":\"https:\\\/\\\/www.quebakan.com\\\/v15\\\/mg-motor-inaugura-nueva-agencia-junto-a-unimotor-y-fortalece-su-presencia-en-el-sur-de-guayaquil\\\/#primaryimage\",\"url\":\"https:\\\/\\\/www.quebakan.com\\\/v15\\\/wp-content\\\/uploads\\\/2026\\\/01\\\/MG-Motor-fortalece-su-presencia-en-el-sur-de-Guayaquil-junto-a-Unimotor.jpg\",\"contentUrl\":\"https:\\\/\\\/www.quebakan.com\\\/v15\\\/wp-content\\\/uploads\\\/2026\\\/01\\\/MG-Motor-fortalece-su-presencia-en-el-sur-de-Guayaquil-junto-a-Unimotor.jpg\",\"width\":700,\"height\":525},{\"@type\":\"BreadcrumbList\",\"@id\":\"https:\\\/\\\/www.quebakan.com\\\/v15\\\/mg-motor-inaugura-nueva-agencia-junto-a-unimotor-y-fortalece-su-presencia-en-el-sur-de-guayaquil\\\/#breadcrumb\",\"itemListElement\":[{\"@type\":\"ListItem\",\"position\":1,\"name\":\"Portada\",\"item\":\"https:\\\/\\\/www.quebakan.com\\\/v15\\\/\"},{\"@type\":\"ListItem\",\"position\":2,\"name\":\"MG Motor inaugura nueva agencia junto a Unimotor y fortalece su presencia en el sur de Guayaquil\"}]},{\"@type\":\"WebSite\",\"@id\":\"https:\\\/\\\/www.quebakan.com\\\/v15\\\/#website\",\"url\":\"https:\\\/\\\/www.quebakan.com\\\/v15\\\/\",\"name\":\"QUEBAKAN\",\"description\":\"..\",\"publisher\":{\"@id\":\"https:\\\/\\\/www.quebakan.com\\\/v15\\\/#organization\"},\"potentialAction\":[{\"@type\":\"SearchAction\",\"target\":{\"@type\":\"EntryPoint\",\"urlTemplate\":\"https:\\\/\\\/www.quebakan.com\\\/v15\\\/?s={search_term_string}\"},\"query-input\":{\"@type\":\"PropertyValueSpecification\",\"valueRequired\":true,\"valueName\":\"search_term_string\"}}],\"inLanguage\":\"es\"},{\"@type\":\"Organization\",\"@id\":\"https:\\\/\\\/www.quebakan.com\\\/v15\\\/#organization\",\"name\":\"Quebakan.com\",\"url\":\"https:\\\/\\\/www.quebakan.com\\\/v15\\\/\",\"logo\":{\"@type\":\"ImageObject\",\"inLanguage\":\"es\",\"@id\":\"https:\\\/\\\/www.quebakan.com\\\/v15\\\/#\\\/schema\\\/logo\\\/image\\\/\",\"url\":\"https:\\\/\\\/www.quebakan.com\\\/v15\\\/wp-content\\\/uploads\\\/2023\\\/07\\\/logoquebakanenero2021.jpg\",\"contentUrl\":\"https:\\\/\\\/www.quebakan.com\\\/v15\\\/wp-content\\\/uploads\\\/2023\\\/07\\\/logoquebakanenero2021.jpg\",\"width\":1920,\"height\":1080,\"caption\":\"Quebakan.com\"},\"image\":{\"@id\":\"https:\\\/\\\/www.quebakan.com\\\/v15\\\/#\\\/schema\\\/logo\\\/image\\\/\"},\"sameAs\":[\"http:\\\/\\\/www.facebook.com\\\/quebakan\",\"https:\\\/\\\/x.com\\\/quebakanec\",\"http:\\\/\\\/www.instagram.com\\\/quebakan\",\"http:\\\/\\\/www.youtube.com\\\/quebakan1\"]},{\"@type\":\"Person\",\"@id\":\"https:\\\/\\\/www.quebakan.com\\\/v15\\\/#\\\/schema\\\/person\\\/d90fa9f9cfa81eb8ace9811e5b7b9118\",\"name\":\"Erick Villafuerte\",\"image\":{\"@type\":\"ImageObject\",\"inLanguage\":\"es\",\"@id\":\"https:\\\/\\\/www.quebakan.com\\\/v15\\\/wp-content\\\/uploads\\\/avatars\\\/4\\\/1731297654-bpfull.png\",\"url\":\"https:\\\/\\\/www.quebakan.com\\\/v15\\\/wp-content\\\/uploads\\\/avatars\\\/4\\\/1731297654-bpfull.png\",\"contentUrl\":\"https:\\\/\\\/www.quebakan.com\\\/v15\\\/wp-content\\\/uploads\\\/avatars\\\/4\\\/1731297654-bpfull.png\",\"caption\":\"Erick Villafuerte\"}}]}<\/script>\n<!-- \/ Yoast SEO plugin. -->","yoast_head_json":{"title":"MG Motor inaugura nueva agencia junto a Unimotor y fortalece su presencia en el sur de Guayaquil &#8211; QUEBAKAN.COM 2026: Noticias, Eventos, Conciertos y mucho m\u00e1s....","robots":{"index":"index","follow":"follow","max-snippet":"max-snippet:-1","max-image-preview":"max-image-preview:large","max-video-preview":"max-video-preview:-1"},"canonical":"https:\/\/www.quebakan.com\/v15\/mg-motor-inaugura-nueva-agencia-junto-a-unimotor-y-fortalece-su-presencia-en-el-sur-de-guayaquil\/","og_locale":"es_ES","og_type":"article","og_title":"MG Motor inaugura nueva agencia junto a Unimotor y fortalece su presencia en el sur de Guayaquil &#8211; QUEBAKAN.COM 2026: Noticias, Eventos, Conciertos y mucho m\u00e1s....","og_description":"De izquierda a derecha: Santiago Merch\u00e1n, Gerente de Ventas Wholesale de Induwagen; Daniel Wiener, Gerente General de Induwagen; Ver\u00f3nica V\u00e1ldez, Gerente Comercial de Unimotors; y Federico Monroy, Presidente de Unimotors. MG Motor inaugur\u00f3 oficialmente una nueva agencia en el sur de Guayaquil, junto a Unimotor, como parte de su plan de expansi\u00f3n en Ecuador. La [&hellip;]","og_url":"https:\/\/www.quebakan.com\/v15\/mg-motor-inaugura-nueva-agencia-junto-a-unimotor-y-fortalece-su-presencia-en-el-sur-de-guayaquil\/","og_site_name":"QUEBAKAN.COM 2026: Noticias, Eventos, Conciertos y mucho m\u00e1s....","article_publisher":"http:\/\/www.facebook.com\/quebakan","article_published_time":"2026-01-23T18:28:24+00:00","og_image":[{"width":700,"height":525,"url":"https:\/\/www.quebakan.com\/v15\/wp-content\/uploads\/2026\/01\/MG-Motor-fortalece-su-presencia-en-el-sur-de-Guayaquil-junto-a-Unimotor.jpg","type":"image\/jpeg"}],"author":"Erick Villafuerte","twitter_card":"summary_large_image","twitter_creator":"@quebakanec","twitter_site":"@quebakanec","twitter_misc":{"Escrito por":"Erick Villafuerte","Tiempo de lectura":"3 minutos"},"schema":{"@context":"https:\/\/schema.org","@graph":[{"@type":"Article","@id":"https:\/\/www.quebakan.com\/v15\/mg-motor-inaugura-nueva-agencia-junto-a-unimotor-y-fortalece-su-presencia-en-el-sur-de-guayaquil\/#article","isPartOf":{"@id":"https:\/\/www.quebakan.com\/v15\/mg-motor-inaugura-nueva-agencia-junto-a-unimotor-y-fortalece-su-presencia-en-el-sur-de-guayaquil\/"},"author":{"name":"Erick Villafuerte","@id":"https:\/\/www.quebakan.com\/v15\/#\/schema\/person\/d90fa9f9cfa81eb8ace9811e5b7b9118"},"headline":"MG Motor inaugura nueva agencia junto a Unimotor y fortalece su presencia en el sur de Guayaquil","datePublished":"2026-01-23T18:28:24+00:00","mainEntityOfPage":{"@id":"https:\/\/www.quebakan.com\/v15\/mg-motor-inaugura-nueva-agencia-junto-a-unimotor-y-fortalece-su-presencia-en-el-sur-de-guayaquil\/"},"wordCount":444,"publisher":{"@id":"https:\/\/www.quebakan.com\/v15\/#organization"},"image":{"@id":"https:\/\/www.quebakan.com\/v15\/mg-motor-inaugura-nueva-agencia-junto-a-unimotor-y-fortalece-su-presencia-en-el-sur-de-guayaquil\/#primaryimage"},"thumbnailUrl":"https:\/\/www.quebakan.com\/v15\/wp-content\/uploads\/2026\/01\/MG-Motor-fortalece-su-presencia-en-el-sur-de-Guayaquil-junto-a-Unimotor.jpg","articleSection":["Noticias"],"inLanguage":"es"},{"@type":"WebPage","@id":"https:\/\/www.quebakan.com\/v15\/mg-motor-inaugura-nueva-agencia-junto-a-unimotor-y-fortalece-su-presencia-en-el-sur-de-guayaquil\/","url":"https:\/\/www.quebakan.com\/v15\/mg-motor-inaugura-nueva-agencia-junto-a-unimotor-y-fortalece-su-presencia-en-el-sur-de-guayaquil\/","name":"MG Motor inaugura nueva agencia junto a Unimotor y fortalece su presencia en el sur de Guayaquil &#8211; QUEBAKAN.COM 2026: Noticias, Eventos, Conciertos y mucho m\u00e1s....","isPartOf":{"@id":"https:\/\/www.quebakan.com\/v15\/#website"},"primaryImageOfPage":{"@id":"https:\/\/www.quebakan.com\/v15\/mg-motor-inaugura-nueva-agencia-junto-a-unimotor-y-fortalece-su-presencia-en-el-sur-de-guayaquil\/#primaryimage"},"image":{"@id":"https:\/\/www.quebakan.com\/v15\/mg-motor-inaugura-nueva-agencia-junto-a-unimotor-y-fortalece-su-presencia-en-el-sur-de-guayaquil\/#primaryimage"},"thumbnailUrl":"https:\/\/www.quebakan.com\/v15\/wp-content\/uploads\/2026\/01\/MG-Motor-fortalece-su-presencia-en-el-sur-de-Guayaquil-junto-a-Unimotor.jpg","datePublished":"2026-01-23T18:28:24+00:00","breadcrumb":{"@id":"https:\/\/www.quebakan.com\/v15\/mg-motor-inaugura-nueva-agencia-junto-a-unimotor-y-fortalece-su-presencia-en-el-sur-de-guayaquil\/#breadcrumb"},"inLanguage":"es","potentialAction":[{"@type":"ReadAction","target":["https:\/\/www.quebakan.com\/v15\/mg-motor-inaugura-nueva-agencia-junto-a-unimotor-y-fortalece-su-presencia-en-el-sur-de-guayaquil\/"]}]},{"@type":"ImageObject","inLanguage":"es","@id":"https:\/\/www.quebakan.com\/v15\/mg-motor-inaugura-nueva-agencia-junto-a-unimotor-y-fortalece-su-presencia-en-el-sur-de-guayaquil\/#primaryimage","url":"https:\/\/www.quebakan.com\/v15\/wp-content\/uploads\/2026\/01\/MG-Motor-fortalece-su-presencia-en-el-sur-de-Guayaquil-junto-a-Unimotor.jpg","contentUrl":"https:\/\/www.quebakan.com\/v15\/wp-content\/uploads\/2026\/01\/MG-Motor-fortalece-su-presencia-en-el-sur-de-Guayaquil-junto-a-Unimotor.jpg","width":700,"height":525},{"@type":"BreadcrumbList","@id":"https:\/\/www.quebakan.com\/v15\/mg-motor-inaugura-nueva-agencia-junto-a-unimotor-y-fortalece-su-presencia-en-el-sur-de-guayaquil\/#breadcrumb","itemListElement":[{"@type":"ListItem","position":1,"name":"Portada","item":"https:\/\/www.quebakan.com\/v15\/"},{"@type":"ListItem","position":2,"name":"MG Motor inaugura nueva agencia junto a Unimotor y fortalece su presencia en el sur de Guayaquil"}]},{"@type":"WebSite","@id":"https:\/\/www.quebakan.com\/v15\/#website","url":"https:\/\/www.quebakan.com\/v15\/","name":"QUEBAKAN","description":"..","publisher":{"@id":"https:\/\/www.quebakan.com\/v15\/#organization"},"potentialAction":[{"@type":"SearchAction","target":{"@type":"EntryPoint","urlTemplate":"https:\/\/www.quebakan.com\/v15\/?s={search_term_string}"},"query-input":{"@type":"PropertyValueSpecification","valueRequired":true,"valueName":"search_term_string"}}],"inLanguage":"es"},{"@type":"Organization","@id":"https:\/\/www.quebakan.com\/v15\/#organization","name":"Quebakan.com","url":"https:\/\/www.quebakan.com\/v15\/","logo":{"@type":"ImageObject","inLanguage":"es","@id":"https:\/\/www.quebakan.com\/v15\/#\/schema\/logo\/image\/","url":"https:\/\/www.quebakan.com\/v15\/wp-content\/uploads\/2023\/07\/logoquebakanenero2021.jpg","contentUrl":"https:\/\/www.quebakan.com\/v15\/wp-content\/uploads\/2023\/07\/logoquebakanenero2021.jpg","width":1920,"height":1080,"caption":"Quebakan.com"},"image":{"@id":"https:\/\/www.quebakan.com\/v15\/#\/schema\/logo\/image\/"},"sameAs":["http:\/\/www.facebook.com\/quebakan","https:\/\/x.com\/quebakanec","http:\/\/www.instagram.com\/quebakan","http:\/\/www.youtube.com\/quebakan1"]},{"@type":"Person","@id":"https:\/\/www.quebakan.com\/v15\/#\/schema\/person\/d90fa9f9cfa81eb8ace9811e5b7b9118","name":"Erick Villafuerte","image":{"@type":"ImageObject","inLanguage":"es","@id":"https:\/\/www.quebakan.com\/v15\/wp-content\/uploads\/avatars\/4\/1731297654-bpfull.png","url":"https:\/\/www.quebakan.com\/v15\/wp-content\/uploads\/avatars\/4\/1731297654-bpfull.png","contentUrl":"https:\/\/www.quebakan.com\/v15\/wp-content\/uploads\/avatars\/4\/1731297654-bpfull.png","caption":"Erick Villafuerte"}}]}},"_links":{"self":[{"href":"https:\/\/www.quebakan.com\/v15\/wp-json\/wp\/v2\/posts\/139293","targetHints":{"allow":["GET"]}}],"collection":[{"href":"https:\/\/www.quebakan.com\/v15\/wp-json\/wp\/v2\/posts"}],"about":[{"href":"https:\/\/www.quebakan.com\/v15\/wp-json\/wp\/v2\/types\/post"}],"author":[{"embeddable":true,"href":"https:\/\/www.quebakan.com\/v15\/wp-json\/wp\/v2\/users\/4"}],"replies":[{"embeddable":true,"href":"https:\/\/www.quebakan.com\/v15\/wp-json\/wp\/v2\/comments?post=139293"}],"version-history":[{"count":1,"href":"https:\/\/www.quebakan.com\/v15\/wp-json\/wp\/v2\/posts\/139293\/revisions"}],"predecessor-version":[{"id":139295,"href":"https:\/\/www.quebakan.com\/v15\/wp-json\/wp\/v2\/posts\/139293\/revisions\/139295"}],"wp:featuredmedia":[{"embeddable":true,"href":"https:\/\/www.quebakan.com\/v15\/wp-json\/wp\/v2\/media\/139294"}],"wp:attachment":[{"href":"https:\/\/www.quebakan.com\/v15\/wp-json\/wp\/v2\/media?parent=139293"}],"wp:term":[{"taxonomy":"category","embeddable":true,"href":"https:\/\/www.quebakan.com\/v15\/wp-json\/wp\/v2\/categories?post=139293"},{"taxonomy":"post_tag","embeddable":true,"href":"https:\/\/www.quebakan.com\/v15\/wp-json\/wp\/v2\/tags?post=139293"}],"curies":[{"name":"wp","href":"https:\/\/api.w.org\/{rel}","templated":true}]}}