{"id":139302,"date":"2026-01-23T13:51:36","date_gmt":"2026-01-23T18:51:36","guid":{"rendered":"https:\/\/www.quebakan.com\/v15\/?p=139302"},"modified":"2026-01-23T13:51:36","modified_gmt":"2026-01-23T18:51:36","slug":"fortalece-arca-continental-ecuador-su-compromiso-con-la-reduccion-de-emisiones-de-co2","status":"publish","type":"post","link":"https:\/\/www.quebakan.com\/v15\/fortalece-arca-continental-ecuador-su-compromiso-con-la-reduccion-de-emisiones-de-co2\/","title":{"rendered":"Fortalece Arca Continental Ecuador su compromiso con la reducci\u00f3n de emisiones de CO2"},"content":{"rendered":"<p><img fetchpriority=\"high\" decoding=\"async\" class=\"aligncenter size-full wp-image-139303\" src=\"https:\/\/www.quebakan.com\/v15\/wp-content\/uploads\/2026\/01\/Planta-ACE.jpg\" alt=\"\" width=\"700\" height=\"467\" \/><\/p>\n<ul>\n<li style=\"text-align: justify;\"><span style=\"color: #000000;\"><em>La compa\u00f1\u00eda impulsa un modelo integral de Acci\u00f3n Clim\u00e1tica, que incluye: eficiencia energ\u00e9tica, uso de energ\u00eda renovable, reducci\u00f3n de emisiones a lo largo de la cadena de valor y medidas de adaptaci\u00f3n al cambio clim\u00e1tico<\/em><\/span><\/li>\n<\/ul>\n<p style=\"text-align: justify;\"><span style=\"color: #000000;\"><strong>Quito, enero de 2026. &#8211;<\/strong> En el marco del D\u00eda Mundial por la Reducci\u00f3n de las Emisiones de CO2, que se conmemora cada 28 de enero con el objetivo de sensibilizar sobre los riesgos del cambio clim\u00e1tico, Arca Continental Ecuador, grupo empresarial integrado por AC Bebidas, Tonicorp e Inalecsa, reafirma su compromiso con el planeta mediante la implementaci\u00f3n de modelos de producci\u00f3n responsables y sostenibles, alineados y validados por los Objetivos Basados en Ciencia (Science Based Targets initiative \u2013 SBTi).<\/span><\/p>\n<p style=\"text-align: justify;\"><span style=\"color: #000000;\">Arca Continental implementa un modelo de negocio sostenible que pone a las personas y al planeta en el centro de sus acciones. En este sentido, trabaja sobre un modelo integral de Acci\u00f3n Clim\u00e1tica, que incluye: eficiencia energ\u00e9tica, uso de energ\u00eda renovable, reducci\u00f3n de emisiones a lo largo de la cadena de valor y medidas de adaptaci\u00f3n al cambio clim\u00e1tico.<\/span><\/p>\n<p style=\"text-align: justify;\"><span style=\"color: #000000;\">Alineado con este enfoque de descarbonizaci\u00f3n, la empresa fomenta el uso de fuentes de energ\u00eda alternativas y renovables mediante la colaboraci\u00f3n con proveedores y partes interesadas clave. Adem\u00e1s, se enfoca en disminuir el uso de materiales e ingredientes en la elaboraci\u00f3n de productos finales, optimizando recursos y aline\u00e1ndolos con los principios de la econom\u00eda circular. Este compromiso incluye la certificaci\u00f3n de ingredientes sostenibles y la mejora de la infraestructura existente para asegurar practicas responsables y amigables con el medio ambiente.<\/span><\/p>\n<p style=\"text-align: justify;\"><span style=\"color: #000000;\">Asimismo, como parte de este compromiso, Arca Continental ha adoptado acciones concretas para reducir su impacto ambiental. Entre ellas, se destaca su adhesi\u00f3n a la iniciativa Science Based Targets (SBTi), que promueve la reducci\u00f3n de emisiones de acuerdo con criterios cient\u00edficos. Esto significa que la organizaci\u00f3n contribuye activamente a limitar el calentamiento global y asume p\u00fablicamente que sus metas de reducci\u00f3n de huella de carbono son serias, medibles y validadas por organismos internacionales.<\/span><\/p>\n<p style=\"text-align: justify;\"><span style=\"color: #000000;\"><em>\u201cDesde la compa\u00f1\u00eda promovemos la econom\u00eda circular a lo largo de toda nuestra cadena de valor, adoptando buenas pr\u00e1cticas industriales e impulsando el desarrollo integral de las comunidades donde operamos. En <\/em><em>Arca Continental fortalecemos nuestro compromiso de continuar implementando iniciativas que contribuyan a la construcci\u00f3n de un futuro m\u00e1s sostenible\u201d, destac\u00f3 Sof\u00eda Sierra, Gerente de Comunicaci\u00f3n y Sostenibilidad de Arca Continental.<\/em><\/span><\/p>\n<p style=\"text-align: justify;\"><span style=\"color: #000000;\">En Ecuador, la empresa ha implementado estrategias ambientales significativas, entre las que destaca el plan de aceleraci\u00f3n de la retornabilidad, dise\u00f1ado para mitigar el impacto ambiental y promover la responsabilidad compartida del cuidado del planeta entre los consumidores.\u00a0 Actualmente, el 41% del portafolio de gaseosas se comercializa en envases retornables, los cuales cuentan con un largo ciclo de vida, permitiendo su reutilizaci\u00f3n hasta 25 veces antes de ser reciclados y transformados en materia prima secundaria para nuevos envases. Este modelo contribuye a reducir el uso de recursos no renovables y a la disminuci\u00f3n de emisiones asociadas a la producci\u00f3n.<\/span><\/p>\n<p style=\"text-align: justify;\"><span style=\"color: #000000;\">Con estas y otras iniciativas alineadas con su modelo de negocio sostenible, Arca Continental Ecuador reafirma su compromiso de generar valor compartido y de aportar activamente a los esfuerzos globales para reducir las emisiones de CO2 y mitigar los efectos del cambio clim\u00e1tico, consolid\u00e1ndose como un actor clave en la construcci\u00f3n de un futuro m\u00e1s responsable y sostenible.<\/span><\/p>\n","protected":false},"excerpt":{"rendered":"<p>La compa\u00f1\u00eda impulsa un modelo integral de Acci\u00f3n Clim\u00e1tica, que incluye: eficiencia energ\u00e9tica, uso de energ\u00eda renovable, reducci\u00f3n de emisiones a lo largo de la cadena de valor y medidas de adaptaci\u00f3n al cambio clim\u00e1tico Quito, enero de 2026. &#8211; En el marco del D\u00eda Mundial por la Reducci\u00f3n de las Emisiones de CO2, que [&hellip;]<\/p>\n","protected":false},"author":4,"featured_media":139303,"comment_status":"closed","ping_status":"closed","sticky":false,"template":"","format":"standard","meta":{"_bbp_topic_count":0,"_bbp_reply_count":0,"_bbp_total_topic_count":0,"_bbp_total_reply_count":0,"_bbp_voice_count":0,"_bbp_anonymous_reply_count":0,"_bbp_topic_count_hidden":0,"_bbp_reply_count_hidden":0,"_bbp_forum_subforum_count":0,"buzzeditor_post_format":"","footnotes":""},"categories":[2],"tags":[],"class_list":["post-139302","post","type-post","status-publish","format-standard","has-post-thumbnail","hentry","category-noticias"],"yoast_head":"<!-- This site is optimized with the Yoast SEO plugin v27.5 - https:\/\/yoast.com\/product\/yoast-seo-wordpress\/ -->\n<title>Fortalece Arca Continental Ecuador su compromiso con la reducci\u00f3n de emisiones de CO2 &#8211; QUEBAKAN.COM 2026: Noticias, Eventos, Conciertos y mucho m\u00e1s....<\/title>\n<meta name=\"robots\" content=\"index, follow, max-snippet:-1, max-image-preview:large, max-video-preview:-1\" \/>\n<link rel=\"canonical\" href=\"https:\/\/www.quebakan.com\/v15\/fortalece-arca-continental-ecuador-su-compromiso-con-la-reduccion-de-emisiones-de-co2\/\" \/>\n<meta property=\"og:locale\" content=\"es_ES\" \/>\n<meta property=\"og:type\" content=\"article\" \/>\n<meta property=\"og:title\" content=\"Fortalece Arca Continental Ecuador su compromiso con la reducci\u00f3n de emisiones de CO2 &#8211; QUEBAKAN.COM 2026: Noticias, Eventos, Conciertos y mucho m\u00e1s....\" \/>\n<meta property=\"og:description\" content=\"La compa\u00f1\u00eda impulsa un modelo integral de Acci\u00f3n Clim\u00e1tica, que incluye: eficiencia energ\u00e9tica, uso de energ\u00eda renovable, reducci\u00f3n de emisiones a lo largo de la cadena de valor y medidas de adaptaci\u00f3n al cambio clim\u00e1tico Quito, enero de 2026. &#8211; En el marco del D\u00eda Mundial por la Reducci\u00f3n de las Emisiones de CO2, que [&hellip;]\" \/>\n<meta property=\"og:url\" content=\"https:\/\/www.quebakan.com\/v15\/fortalece-arca-continental-ecuador-su-compromiso-con-la-reduccion-de-emisiones-de-co2\/\" \/>\n<meta property=\"og:site_name\" content=\"QUEBAKAN.COM 2026: Noticias, Eventos, Conciertos y mucho m\u00e1s....\" \/>\n<meta property=\"article:publisher\" content=\"http:\/\/www.facebook.com\/quebakan\" \/>\n<meta property=\"article:published_time\" content=\"2026-01-23T18:51:36+00:00\" \/>\n<meta property=\"og:image\" content=\"https:\/\/www.quebakan.com\/v15\/wp-content\/uploads\/2026\/01\/Planta-ACE.jpg\" \/>\n\t<meta property=\"og:image:width\" content=\"700\" \/>\n\t<meta property=\"og:image:height\" content=\"467\" \/>\n\t<meta property=\"og:image:type\" content=\"image\/jpeg\" \/>\n<meta name=\"author\" content=\"Erick Villafuerte\" \/>\n<meta name=\"twitter:card\" content=\"summary_large_image\" \/>\n<meta name=\"twitter:creator\" content=\"@quebakanec\" \/>\n<meta name=\"twitter:site\" content=\"@quebakanec\" \/>\n<meta name=\"twitter:label1\" content=\"Escrito por\" \/>\n\t<meta name=\"twitter:data1\" content=\"Erick Villafuerte\" \/>\n\t<meta name=\"twitter:label2\" content=\"Tiempo de lectura\" \/>\n\t<meta name=\"twitter:data2\" content=\"3 minutos\" \/>\n<script type=\"application\/ld+json\" class=\"yoast-schema-graph\">{\"@context\":\"https:\\\/\\\/schema.org\",\"@graph\":[{\"@type\":\"Article\",\"@id\":\"https:\\\/\\\/www.quebakan.com\\\/v15\\\/fortalece-arca-continental-ecuador-su-compromiso-con-la-reduccion-de-emisiones-de-co2\\\/#article\",\"isPartOf\":{\"@id\":\"https:\\\/\\\/www.quebakan.com\\\/v15\\\/fortalece-arca-continental-ecuador-su-compromiso-con-la-reduccion-de-emisiones-de-co2\\\/\"},\"author\":{\"name\":\"Erick Villafuerte\",\"@id\":\"https:\\\/\\\/www.quebakan.com\\\/v15\\\/#\\\/schema\\\/person\\\/d90fa9f9cfa81eb8ace9811e5b7b9118\"},\"headline\":\"Fortalece Arca Continental Ecuador su compromiso con la reducci\u00f3n de emisiones de CO2\",\"datePublished\":\"2026-01-23T18:51:36+00:00\",\"mainEntityOfPage\":{\"@id\":\"https:\\\/\\\/www.quebakan.com\\\/v15\\\/fortalece-arca-continental-ecuador-su-compromiso-con-la-reduccion-de-emisiones-de-co2\\\/\"},\"wordCount\":604,\"publisher\":{\"@id\":\"https:\\\/\\\/www.quebakan.com\\\/v15\\\/#organization\"},\"image\":{\"@id\":\"https:\\\/\\\/www.quebakan.com\\\/v15\\\/fortalece-arca-continental-ecuador-su-compromiso-con-la-reduccion-de-emisiones-de-co2\\\/#primaryimage\"},\"thumbnailUrl\":\"https:\\\/\\\/www.quebakan.com\\\/v15\\\/wp-content\\\/uploads\\\/2026\\\/01\\\/Planta-ACE.jpg\",\"articleSection\":[\"Noticias\"],\"inLanguage\":\"es\"},{\"@type\":\"WebPage\",\"@id\":\"https:\\\/\\\/www.quebakan.com\\\/v15\\\/fortalece-arca-continental-ecuador-su-compromiso-con-la-reduccion-de-emisiones-de-co2\\\/\",\"url\":\"https:\\\/\\\/www.quebakan.com\\\/v15\\\/fortalece-arca-continental-ecuador-su-compromiso-con-la-reduccion-de-emisiones-de-co2\\\/\",\"name\":\"Fortalece Arca Continental Ecuador su compromiso con la reducci\u00f3n de emisiones de CO2 &#8211; QUEBAKAN.COM 2026: Noticias, Eventos, Conciertos y mucho m\u00e1s....\",\"isPartOf\":{\"@id\":\"https:\\\/\\\/www.quebakan.com\\\/v15\\\/#website\"},\"primaryImageOfPage\":{\"@id\":\"https:\\\/\\\/www.quebakan.com\\\/v15\\\/fortalece-arca-continental-ecuador-su-compromiso-con-la-reduccion-de-emisiones-de-co2\\\/#primaryimage\"},\"image\":{\"@id\":\"https:\\\/\\\/www.quebakan.com\\\/v15\\\/fortalece-arca-continental-ecuador-su-compromiso-con-la-reduccion-de-emisiones-de-co2\\\/#primaryimage\"},\"thumbnailUrl\":\"https:\\\/\\\/www.quebakan.com\\\/v15\\\/wp-content\\\/uploads\\\/2026\\\/01\\\/Planta-ACE.jpg\",\"datePublished\":\"2026-01-23T18:51:36+00:00\",\"breadcrumb\":{\"@id\":\"https:\\\/\\\/www.quebakan.com\\\/v15\\\/fortalece-arca-continental-ecuador-su-compromiso-con-la-reduccion-de-emisiones-de-co2\\\/#breadcrumb\"},\"inLanguage\":\"es\",\"potentialAction\":[{\"@type\":\"ReadAction\",\"target\":[\"https:\\\/\\\/www.quebakan.com\\\/v15\\\/fortalece-arca-continental-ecuador-su-compromiso-con-la-reduccion-de-emisiones-de-co2\\\/\"]}]},{\"@type\":\"ImageObject\",\"inLanguage\":\"es\",\"@id\":\"https:\\\/\\\/www.quebakan.com\\\/v15\\\/fortalece-arca-continental-ecuador-su-compromiso-con-la-reduccion-de-emisiones-de-co2\\\/#primaryimage\",\"url\":\"https:\\\/\\\/www.quebakan.com\\\/v15\\\/wp-content\\\/uploads\\\/2026\\\/01\\\/Planta-ACE.jpg\",\"contentUrl\":\"https:\\\/\\\/www.quebakan.com\\\/v15\\\/wp-content\\\/uploads\\\/2026\\\/01\\\/Planta-ACE.jpg\",\"width\":700,\"height\":467},{\"@type\":\"BreadcrumbList\",\"@id\":\"https:\\\/\\\/www.quebakan.com\\\/v15\\\/fortalece-arca-continental-ecuador-su-compromiso-con-la-reduccion-de-emisiones-de-co2\\\/#breadcrumb\",\"itemListElement\":[{\"@type\":\"ListItem\",\"position\":1,\"name\":\"Portada\",\"item\":\"https:\\\/\\\/www.quebakan.com\\\/v15\\\/\"},{\"@type\":\"ListItem\",\"position\":2,\"name\":\"Fortalece Arca Continental Ecuador su compromiso con la reducci\u00f3n de emisiones de CO2\"}]},{\"@type\":\"WebSite\",\"@id\":\"https:\\\/\\\/www.quebakan.com\\\/v15\\\/#website\",\"url\":\"https:\\\/\\\/www.quebakan.com\\\/v15\\\/\",\"name\":\"QUEBAKAN\",\"description\":\"..\",\"publisher\":{\"@id\":\"https:\\\/\\\/www.quebakan.com\\\/v15\\\/#organization\"},\"potentialAction\":[{\"@type\":\"SearchAction\",\"target\":{\"@type\":\"EntryPoint\",\"urlTemplate\":\"https:\\\/\\\/www.quebakan.com\\\/v15\\\/?s={search_term_string}\"},\"query-input\":{\"@type\":\"PropertyValueSpecification\",\"valueRequired\":true,\"valueName\":\"search_term_string\"}}],\"inLanguage\":\"es\"},{\"@type\":\"Organization\",\"@id\":\"https:\\\/\\\/www.quebakan.com\\\/v15\\\/#organization\",\"name\":\"Quebakan.com\",\"url\":\"https:\\\/\\\/www.quebakan.com\\\/v15\\\/\",\"logo\":{\"@type\":\"ImageObject\",\"inLanguage\":\"es\",\"@id\":\"https:\\\/\\\/www.quebakan.com\\\/v15\\\/#\\\/schema\\\/logo\\\/image\\\/\",\"url\":\"https:\\\/\\\/www.quebakan.com\\\/v15\\\/wp-content\\\/uploads\\\/2023\\\/07\\\/logoquebakanenero2021.jpg\",\"contentUrl\":\"https:\\\/\\\/www.quebakan.com\\\/v15\\\/wp-content\\\/uploads\\\/2023\\\/07\\\/logoquebakanenero2021.jpg\",\"width\":1920,\"height\":1080,\"caption\":\"Quebakan.com\"},\"image\":{\"@id\":\"https:\\\/\\\/www.quebakan.com\\\/v15\\\/#\\\/schema\\\/logo\\\/image\\\/\"},\"sameAs\":[\"http:\\\/\\\/www.facebook.com\\\/quebakan\",\"https:\\\/\\\/x.com\\\/quebakanec\",\"http:\\\/\\\/www.instagram.com\\\/quebakan\",\"http:\\\/\\\/www.youtube.com\\\/quebakan1\"]},{\"@type\":\"Person\",\"@id\":\"https:\\\/\\\/www.quebakan.com\\\/v15\\\/#\\\/schema\\\/person\\\/d90fa9f9cfa81eb8ace9811e5b7b9118\",\"name\":\"Erick Villafuerte\",\"image\":{\"@type\":\"ImageObject\",\"inLanguage\":\"es\",\"@id\":\"https:\\\/\\\/www.quebakan.com\\\/v15\\\/wp-content\\\/uploads\\\/avatars\\\/4\\\/1731297654-bpfull.png\",\"url\":\"https:\\\/\\\/www.quebakan.com\\\/v15\\\/wp-content\\\/uploads\\\/avatars\\\/4\\\/1731297654-bpfull.png\",\"contentUrl\":\"https:\\\/\\\/www.quebakan.com\\\/v15\\\/wp-content\\\/uploads\\\/avatars\\\/4\\\/1731297654-bpfull.png\",\"caption\":\"Erick Villafuerte\"}}]}<\/script>\n<!-- \/ Yoast SEO plugin. -->","yoast_head_json":{"title":"Fortalece Arca Continental Ecuador su compromiso con la reducci\u00f3n de emisiones de CO2 &#8211; QUEBAKAN.COM 2026: Noticias, Eventos, Conciertos y mucho m\u00e1s....","robots":{"index":"index","follow":"follow","max-snippet":"max-snippet:-1","max-image-preview":"max-image-preview:large","max-video-preview":"max-video-preview:-1"},"canonical":"https:\/\/www.quebakan.com\/v15\/fortalece-arca-continental-ecuador-su-compromiso-con-la-reduccion-de-emisiones-de-co2\/","og_locale":"es_ES","og_type":"article","og_title":"Fortalece Arca Continental Ecuador su compromiso con la reducci\u00f3n de emisiones de CO2 &#8211; QUEBAKAN.COM 2026: Noticias, Eventos, Conciertos y mucho m\u00e1s....","og_description":"La compa\u00f1\u00eda impulsa un modelo integral de Acci\u00f3n Clim\u00e1tica, que incluye: eficiencia energ\u00e9tica, uso de energ\u00eda renovable, reducci\u00f3n de emisiones a lo largo de la cadena de valor y medidas de adaptaci\u00f3n al cambio clim\u00e1tico Quito, enero de 2026. &#8211; En el marco del D\u00eda Mundial por la Reducci\u00f3n de las Emisiones de CO2, que [&hellip;]","og_url":"https:\/\/www.quebakan.com\/v15\/fortalece-arca-continental-ecuador-su-compromiso-con-la-reduccion-de-emisiones-de-co2\/","og_site_name":"QUEBAKAN.COM 2026: Noticias, Eventos, Conciertos y mucho m\u00e1s....","article_publisher":"http:\/\/www.facebook.com\/quebakan","article_published_time":"2026-01-23T18:51:36+00:00","og_image":[{"width":700,"height":467,"url":"https:\/\/www.quebakan.com\/v15\/wp-content\/uploads\/2026\/01\/Planta-ACE.jpg","type":"image\/jpeg"}],"author":"Erick Villafuerte","twitter_card":"summary_large_image","twitter_creator":"@quebakanec","twitter_site":"@quebakanec","twitter_misc":{"Escrito por":"Erick Villafuerte","Tiempo de lectura":"3 minutos"},"schema":{"@context":"https:\/\/schema.org","@graph":[{"@type":"Article","@id":"https:\/\/www.quebakan.com\/v15\/fortalece-arca-continental-ecuador-su-compromiso-con-la-reduccion-de-emisiones-de-co2\/#article","isPartOf":{"@id":"https:\/\/www.quebakan.com\/v15\/fortalece-arca-continental-ecuador-su-compromiso-con-la-reduccion-de-emisiones-de-co2\/"},"author":{"name":"Erick Villafuerte","@id":"https:\/\/www.quebakan.com\/v15\/#\/schema\/person\/d90fa9f9cfa81eb8ace9811e5b7b9118"},"headline":"Fortalece Arca Continental Ecuador su compromiso con la reducci\u00f3n de emisiones de CO2","datePublished":"2026-01-23T18:51:36+00:00","mainEntityOfPage":{"@id":"https:\/\/www.quebakan.com\/v15\/fortalece-arca-continental-ecuador-su-compromiso-con-la-reduccion-de-emisiones-de-co2\/"},"wordCount":604,"publisher":{"@id":"https:\/\/www.quebakan.com\/v15\/#organization"},"image":{"@id":"https:\/\/www.quebakan.com\/v15\/fortalece-arca-continental-ecuador-su-compromiso-con-la-reduccion-de-emisiones-de-co2\/#primaryimage"},"thumbnailUrl":"https:\/\/www.quebakan.com\/v15\/wp-content\/uploads\/2026\/01\/Planta-ACE.jpg","articleSection":["Noticias"],"inLanguage":"es"},{"@type":"WebPage","@id":"https:\/\/www.quebakan.com\/v15\/fortalece-arca-continental-ecuador-su-compromiso-con-la-reduccion-de-emisiones-de-co2\/","url":"https:\/\/www.quebakan.com\/v15\/fortalece-arca-continental-ecuador-su-compromiso-con-la-reduccion-de-emisiones-de-co2\/","name":"Fortalece Arca Continental Ecuador su compromiso con la reducci\u00f3n de emisiones de CO2 &#8211; QUEBAKAN.COM 2026: Noticias, Eventos, Conciertos y mucho m\u00e1s....","isPartOf":{"@id":"https:\/\/www.quebakan.com\/v15\/#website"},"primaryImageOfPage":{"@id":"https:\/\/www.quebakan.com\/v15\/fortalece-arca-continental-ecuador-su-compromiso-con-la-reduccion-de-emisiones-de-co2\/#primaryimage"},"image":{"@id":"https:\/\/www.quebakan.com\/v15\/fortalece-arca-continental-ecuador-su-compromiso-con-la-reduccion-de-emisiones-de-co2\/#primaryimage"},"thumbnailUrl":"https:\/\/www.quebakan.com\/v15\/wp-content\/uploads\/2026\/01\/Planta-ACE.jpg","datePublished":"2026-01-23T18:51:36+00:00","breadcrumb":{"@id":"https:\/\/www.quebakan.com\/v15\/fortalece-arca-continental-ecuador-su-compromiso-con-la-reduccion-de-emisiones-de-co2\/#breadcrumb"},"inLanguage":"es","potentialAction":[{"@type":"ReadAction","target":["https:\/\/www.quebakan.com\/v15\/fortalece-arca-continental-ecuador-su-compromiso-con-la-reduccion-de-emisiones-de-co2\/"]}]},{"@type":"ImageObject","inLanguage":"es","@id":"https:\/\/www.quebakan.com\/v15\/fortalece-arca-continental-ecuador-su-compromiso-con-la-reduccion-de-emisiones-de-co2\/#primaryimage","url":"https:\/\/www.quebakan.com\/v15\/wp-content\/uploads\/2026\/01\/Planta-ACE.jpg","contentUrl":"https:\/\/www.quebakan.com\/v15\/wp-content\/uploads\/2026\/01\/Planta-ACE.jpg","width":700,"height":467},{"@type":"BreadcrumbList","@id":"https:\/\/www.quebakan.com\/v15\/fortalece-arca-continental-ecuador-su-compromiso-con-la-reduccion-de-emisiones-de-co2\/#breadcrumb","itemListElement":[{"@type":"ListItem","position":1,"name":"Portada","item":"https:\/\/www.quebakan.com\/v15\/"},{"@type":"ListItem","position":2,"name":"Fortalece Arca Continental Ecuador su compromiso con la reducci\u00f3n de emisiones de CO2"}]},{"@type":"WebSite","@id":"https:\/\/www.quebakan.com\/v15\/#website","url":"https:\/\/www.quebakan.com\/v15\/","name":"QUEBAKAN","description":"..","publisher":{"@id":"https:\/\/www.quebakan.com\/v15\/#organization"},"potentialAction":[{"@type":"SearchAction","target":{"@type":"EntryPoint","urlTemplate":"https:\/\/www.quebakan.com\/v15\/?s={search_term_string}"},"query-input":{"@type":"PropertyValueSpecification","valueRequired":true,"valueName":"search_term_string"}}],"inLanguage":"es"},{"@type":"Organization","@id":"https:\/\/www.quebakan.com\/v15\/#organization","name":"Quebakan.com","url":"https:\/\/www.quebakan.com\/v15\/","logo":{"@type":"ImageObject","inLanguage":"es","@id":"https:\/\/www.quebakan.com\/v15\/#\/schema\/logo\/image\/","url":"https:\/\/www.quebakan.com\/v15\/wp-content\/uploads\/2023\/07\/logoquebakanenero2021.jpg","contentUrl":"https:\/\/www.quebakan.com\/v15\/wp-content\/uploads\/2023\/07\/logoquebakanenero2021.jpg","width":1920,"height":1080,"caption":"Quebakan.com"},"image":{"@id":"https:\/\/www.quebakan.com\/v15\/#\/schema\/logo\/image\/"},"sameAs":["http:\/\/www.facebook.com\/quebakan","https:\/\/x.com\/quebakanec","http:\/\/www.instagram.com\/quebakan","http:\/\/www.youtube.com\/quebakan1"]},{"@type":"Person","@id":"https:\/\/www.quebakan.com\/v15\/#\/schema\/person\/d90fa9f9cfa81eb8ace9811e5b7b9118","name":"Erick Villafuerte","image":{"@type":"ImageObject","inLanguage":"es","@id":"https:\/\/www.quebakan.com\/v15\/wp-content\/uploads\/avatars\/4\/1731297654-bpfull.png","url":"https:\/\/www.quebakan.com\/v15\/wp-content\/uploads\/avatars\/4\/1731297654-bpfull.png","contentUrl":"https:\/\/www.quebakan.com\/v15\/wp-content\/uploads\/avatars\/4\/1731297654-bpfull.png","caption":"Erick Villafuerte"}}]}},"_links":{"self":[{"href":"https:\/\/www.quebakan.com\/v15\/wp-json\/wp\/v2\/posts\/139302","targetHints":{"allow":["GET"]}}],"collection":[{"href":"https:\/\/www.quebakan.com\/v15\/wp-json\/wp\/v2\/posts"}],"about":[{"href":"https:\/\/www.quebakan.com\/v15\/wp-json\/wp\/v2\/types\/post"}],"author":[{"embeddable":true,"href":"https:\/\/www.quebakan.com\/v15\/wp-json\/wp\/v2\/users\/4"}],"replies":[{"embeddable":true,"href":"https:\/\/www.quebakan.com\/v15\/wp-json\/wp\/v2\/comments?post=139302"}],"version-history":[{"count":1,"href":"https:\/\/www.quebakan.com\/v15\/wp-json\/wp\/v2\/posts\/139302\/revisions"}],"predecessor-version":[{"id":139304,"href":"https:\/\/www.quebakan.com\/v15\/wp-json\/wp\/v2\/posts\/139302\/revisions\/139304"}],"wp:featuredmedia":[{"embeddable":true,"href":"https:\/\/www.quebakan.com\/v15\/wp-json\/wp\/v2\/media\/139303"}],"wp:attachment":[{"href":"https:\/\/www.quebakan.com\/v15\/wp-json\/wp\/v2\/media?parent=139302"}],"wp:term":[{"taxonomy":"category","embeddable":true,"href":"https:\/\/www.quebakan.com\/v15\/wp-json\/wp\/v2\/categories?post=139302"},{"taxonomy":"post_tag","embeddable":true,"href":"https:\/\/www.quebakan.com\/v15\/wp-json\/wp\/v2\/tags?post=139302"}],"curies":[{"name":"wp","href":"https:\/\/api.w.org\/{rel}","templated":true}]}}