{"id":139309,"date":"2026-01-23T17:19:34","date_gmt":"2026-01-23T22:19:34","guid":{"rendered":"https:\/\/www.quebakan.com\/v15\/?p=139309"},"modified":"2026-01-23T17:29:36","modified_gmt":"2026-01-23T22:29:36","slug":"el-reciclaje-de-metales-emerge-como-respuesta-clave-a-los-desafios-ambientales-y-economicos-en-ecuador","status":"publish","type":"post","link":"https:\/\/www.quebakan.com\/v15\/el-reciclaje-de-metales-emerge-como-respuesta-clave-a-los-desafios-ambientales-y-economicos-en-ecuador\/","title":{"rendered":"EL RECICLAJE DE METALES EMERGE COMO RESPUESTA CLAVE A LOS DESAF\u00cdOS AMBIENTALES Y ECON\u00d3MICOS  EN ECUADOR \u200b"},"content":{"rendered":"<p><img fetchpriority=\"high\" decoding=\"async\" class=\"aligncenter size-full wp-image-139310\" src=\"https:\/\/www.quebakan.com\/v15\/wp-content\/uploads\/2026\/01\/attachmen12313.jpg\" alt=\"\" width=\"700\" height=\"467\" \/><\/p>\n<p style=\"text-align: justify;\"><span style=\"color: #000000;\">De acuerdo con el an\u00e1lisis reciente de J.P. Morgan Private Bank, Am\u00e9rica Latina se <\/span><span style=\"color: #000000;\">consolida como una regi\u00f3n estrat\u00e9gica para el suministro de metales esenciales, como <\/span><span style=\"color: #000000;\">cobre, bronce, hierro, oro, plata, entre otros; que impulsan industrias clave como la <\/span><span style=\"color: #000000;\">inteligencia artificial, la transici\u00f3n energ\u00e9tica y la digitalizaci\u00f3n industrial. El creciente <\/span><span style=\"color: #000000;\">inter\u00e9s global por estos recursos ha puesto sobre la mesa un desaf\u00edo central: c\u00f3mo <\/span><span style=\"color: #000000;\">garantizar su disponibilidad de forma sostenible en un contexto de alta demanda y <\/span><span style=\"color: #000000;\">presi\u00f3n sobre los ecosistemas.<\/span><\/p>\n<p style=\"text-align: justify;\"><span style=\"color: #000000;\">Desde Grupo Mario Bravo (GMB), este escenario marca un punto de inflexi\u00f3n y <\/span><span style=\"color: #000000;\">oportunidad para la industria ecuatoriana. M\u00e1s all\u00e1 de la extracci\u00f3n de materias primas, <\/span><span style=\"color: #000000;\">la regi\u00f3n enfrenta la oportunidad de fortalecer modelos productivos basados en la <\/span><span style=\"color: #000000;\">econom\u00eda circular, donde el reciclaje de metales adquiere un rol estrat\u00e9gico para <\/span><span style=\"color: #000000;\">reducir la dependencia de recursos v\u00edrgenes y reforzar las cadenas de valor.<\/span><\/p>\n<p style=\"text-align: justify;\"><span style=\"color: #000000;\">\u201cHoy no se trata solo de cu\u00e1nto metal produce la regi\u00f3n, sino de c\u00f3mo se lo gestiona y se lo <\/span><span style=\"color: #000000;\">reintegra al sistema productivo\u201d, se\u00f1ala Byron Bravo, Presidente de GMB, al destacar <\/span><span style=\"color: #000000;\">que el reciclaje met\u00e1lico permite responder a los retos ambientales y, al mismo tiempo, <\/span><span style=\"color: #000000;\">a las exigencias del mercado global.<\/span><\/p>\n<p style=\"text-align: justify;\"><span style=\"color: #000000;\">En este contexto, Recynter, empresa que forma parte de GMB, especializada en <\/span><span style=\"color: #000000;\">reciclaje de metales ferrosos, no ferrosos y chatarra electr\u00f3nica, se posiciona como un <\/span><span style=\"color: #000000;\">actor clave en la transformaci\u00f3n industrial. Su modelo combina tecnolog\u00edas avanzadas <\/span><span style=\"color: #000000;\">de recuperaci\u00f3n de metales con herramientas digitales que permiten clasificar, <\/span><span style=\"color: #000000;\">procesar y preparar materiales de acuerdo con las aleaciones, medidas y densidades <\/span><span style=\"color: #000000;\">que demandan clientes internacionales.<\/span><\/p>\n<p style=\"text-align: justify;\"><span style=\"color: #000000;\">La operaci\u00f3n de Recynter incorpora procesos como separaci\u00f3n magn\u00e9tica, trituraci\u00f3n <\/span><span style=\"color: #000000;\">industrial, compactaci\u00f3n, corte y an\u00e1lisis por rayos X (espectrometr\u00eda), garantizando <\/span><span style=\"color: #000000;\">una clasificaci\u00f3n precisa y maximizando el valor del material reciclado. A esto se suma <\/span><span style=\"color: #000000;\">el uso de Big Data, anal\u00edtica y plataformas de gesti\u00f3n digital, que optimizan la <\/span><span style=\"color: #000000;\">trazabilidad de los residuos y permiten a los clientes monitorear el cumplimiento de sus <\/span><span style=\"color: #000000;\">objetivos de sostenibilidad.<\/span><\/p>\n<p style=\"text-align: justify;\"><span style=\"color: #000000;\">Para Bravo, esta combinaci\u00f3n tecnol\u00f3gica responde a una visi\u00f3n de largo plazo: \u201cEl <\/span><span style=\"color: #000000;\">reciclaje de metales no es \u00fanicamente una acci\u00f3n ambiental; es una decisi\u00f3n estrat\u00e9gica que <\/span><span style=\"color: #000000;\">impulsa eficiencia, innovaci\u00f3n y competitividad industrial en un mercado cada vez m\u00e1s <\/span><span style=\"color: #000000;\">exigente\u201d.<\/span><br \/>\n<span style=\"color: #000000;\">Recynter respalda la calidad de su producto final a trav\u00e9s de tres pilares: cumplimiento <\/span><span style=\"color: #000000;\">regulatorio y documental, est\u00e1ndares t\u00e9cnicos exigidos por el mercado y controles <\/span><span style=\"color: #000000;\">internos de calidad en cada etapa del proceso.<\/span><\/p>\n<p style=\"text-align: justify;\"><span style=\"color: #000000;\">Este enfoque se refleja tambi\u00e9n en cifras concretas. Seg\u00fan datos internos del Grupo <\/span><span style=\"color: #000000;\">Mario Bravo, la compa\u00f1\u00eda recicla actualmente m\u00e1s de 140.000 toneladas de materiales <\/span><span style=\"color: #000000;\">al a\u00f1o, de las cuales 30.000 toneladas corresponden exclusivamente a metales, <\/span><span style=\"color: #000000;\">gestionadas a trav\u00e9s de Recynter. Esta operaci\u00f3n ha permitido evitar que m\u00e1s de <\/span><span style=\"color: #000000;\">600.000 toneladas de residuos reciclables lleguen a rellenos sanitarios en los \u00faltimos <\/span><span style=\"color: #000000;\">cinco a\u00f1os, consolidando a GMB como uno de los principales actores de la econom\u00eda <\/span><span style=\"color: #000000;\">circular en Ecuador.<\/span><\/p>\n<p style=\"text-align: justify;\"><span style=\"color: #000000;\">Como parte de su estrategia de crecimiento, GMB realiz\u00f3 una inversi\u00f3n aproximada <\/span><span style=\"color: #000000;\">de USD 3 millones destinada a la ampliaci\u00f3n y adecuaci\u00f3n de su infraestructura <\/span><span style=\"color: #000000;\">operativa en la ciudad de Quito, fortaleciendo un espacio de 15.000 m\u00b2 para <\/span><span style=\"color: #000000;\">incrementar su capacidad de almacenamiento y operaci\u00f3n en la regi\u00f3n Sierra, en <\/span><span style=\"color: #000000;\">respuesta a la creciente demanda de metales reciclados en mercados internacionales, <\/span><span style=\"color: #000000;\">con el apoyo de Metalking, su exportadora.<\/span><\/p>\n<p style=\"text-align: justify;\"><span style=\"color: #000000;\">En un contexto donde Am\u00e9rica Latina se perfila como proveedor clave de metales para <\/span><span style=\"color: #000000;\">el futuro tecnol\u00f3gico, GMB y Recynter coinciden en que el reciclaje es determinante <\/span><span style=\"color: #000000;\">para que la regi\u00f3n avance hacia un modelo industrial m\u00e1s sostenible, competitivo y <\/span><span style=\"color: #000000;\">alineado con las exigencias globales. El desaf\u00edo ya no es solo producir m\u00e1s, sino <\/span><span style=\"color: #000000;\">producir mejor, cerrando el ciclo de los materiales y generando valor econ\u00f3mico, <\/span><span style=\"color: #000000;\">ambiental y social.<\/span><\/p>\n","protected":false},"excerpt":{"rendered":"<p>De acuerdo con el an\u00e1lisis reciente de J.P. Morgan Private Bank, Am\u00e9rica Latina se consolida como una regi\u00f3n estrat\u00e9gica para el suministro de metales esenciales, como cobre, bronce, hierro, oro, plata, entre otros; que impulsan industrias clave como la inteligencia artificial, la transici\u00f3n energ\u00e9tica y la digitalizaci\u00f3n industrial. El creciente inter\u00e9s global por estos recursos [&hellip;]<\/p>\n","protected":false},"author":4,"featured_media":139310,"comment_status":"closed","ping_status":"closed","sticky":false,"template":"","format":"standard","meta":{"_bbp_topic_count":0,"_bbp_reply_count":0,"_bbp_total_topic_count":0,"_bbp_total_reply_count":0,"_bbp_voice_count":0,"_bbp_anonymous_reply_count":0,"_bbp_topic_count_hidden":0,"_bbp_reply_count_hidden":0,"_bbp_forum_subforum_count":0,"buzzeditor_post_format":"","footnotes":""},"categories":[2],"tags":[],"class_list":["post-139309","post","type-post","status-publish","format-standard","has-post-thumbnail","hentry","category-noticias"],"yoast_head":"<!-- This site is optimized with the Yoast SEO plugin v27.5 - https:\/\/yoast.com\/product\/yoast-seo-wordpress\/ -->\n<title>EL RECICLAJE DE METALES EMERGE COMO RESPUESTA CLAVE A LOS DESAF\u00cdOS AMBIENTALES Y ECON\u00d3MICOS EN ECUADOR \u200b &#8211; QUEBAKAN.COM 2026: Noticias, Eventos, Conciertos y mucho m\u00e1s....<\/title>\n<meta name=\"robots\" content=\"index, follow, max-snippet:-1, max-image-preview:large, max-video-preview:-1\" \/>\n<link rel=\"canonical\" href=\"https:\/\/www.quebakan.com\/v15\/el-reciclaje-de-metales-emerge-como-respuesta-clave-a-los-desafios-ambientales-y-economicos-en-ecuador\/\" \/>\n<meta property=\"og:locale\" content=\"es_ES\" \/>\n<meta property=\"og:type\" content=\"article\" \/>\n<meta property=\"og:title\" content=\"EL RECICLAJE DE METALES EMERGE COMO RESPUESTA CLAVE A LOS DESAF\u00cdOS AMBIENTALES Y ECON\u00d3MICOS EN ECUADOR \u200b &#8211; QUEBAKAN.COM 2026: Noticias, Eventos, Conciertos y mucho m\u00e1s....\" \/>\n<meta property=\"og:description\" content=\"De acuerdo con el an\u00e1lisis reciente de J.P. Morgan Private Bank, Am\u00e9rica Latina se consolida como una regi\u00f3n estrat\u00e9gica para el suministro de metales esenciales, como cobre, bronce, hierro, oro, plata, entre otros; que impulsan industrias clave como la inteligencia artificial, la transici\u00f3n energ\u00e9tica y la digitalizaci\u00f3n industrial. El creciente inter\u00e9s global por estos recursos [&hellip;]\" \/>\n<meta property=\"og:url\" content=\"https:\/\/www.quebakan.com\/v15\/el-reciclaje-de-metales-emerge-como-respuesta-clave-a-los-desafios-ambientales-y-economicos-en-ecuador\/\" \/>\n<meta property=\"og:site_name\" content=\"QUEBAKAN.COM 2026: Noticias, Eventos, Conciertos y mucho m\u00e1s....\" \/>\n<meta property=\"article:publisher\" content=\"http:\/\/www.facebook.com\/quebakan\" \/>\n<meta property=\"article:published_time\" content=\"2026-01-23T22:19:34+00:00\" \/>\n<meta property=\"article:modified_time\" content=\"2026-01-23T22:29:36+00:00\" \/>\n<meta property=\"og:image\" content=\"https:\/\/www.quebakan.com\/v15\/wp-content\/uploads\/2026\/01\/attachmen12313.jpg\" \/>\n\t<meta property=\"og:image:width\" content=\"700\" \/>\n\t<meta property=\"og:image:height\" content=\"467\" \/>\n\t<meta property=\"og:image:type\" content=\"image\/jpeg\" \/>\n<meta name=\"author\" content=\"Erick Villafuerte\" \/>\n<meta name=\"twitter:card\" content=\"summary_large_image\" \/>\n<meta name=\"twitter:creator\" content=\"@quebakanec\" \/>\n<meta name=\"twitter:site\" content=\"@quebakanec\" \/>\n<meta name=\"twitter:label1\" content=\"Escrito por\" \/>\n\t<meta name=\"twitter:data1\" content=\"Erick Villafuerte\" \/>\n\t<meta name=\"twitter:label2\" content=\"Tiempo de lectura\" \/>\n\t<meta name=\"twitter:data2\" content=\"4 minutos\" \/>\n<script type=\"application\/ld+json\" class=\"yoast-schema-graph\">{\"@context\":\"https:\\\/\\\/schema.org\",\"@graph\":[{\"@type\":\"Article\",\"@id\":\"https:\\\/\\\/www.quebakan.com\\\/v15\\\/el-reciclaje-de-metales-emerge-como-respuesta-clave-a-los-desafios-ambientales-y-economicos-en-ecuador\\\/#article\",\"isPartOf\":{\"@id\":\"https:\\\/\\\/www.quebakan.com\\\/v15\\\/el-reciclaje-de-metales-emerge-como-respuesta-clave-a-los-desafios-ambientales-y-economicos-en-ecuador\\\/\"},\"author\":{\"name\":\"Erick Villafuerte\",\"@id\":\"https:\\\/\\\/www.quebakan.com\\\/v15\\\/#\\\/schema\\\/person\\\/d90fa9f9cfa81eb8ace9811e5b7b9118\"},\"headline\":\"EL RECICLAJE DE METALES EMERGE COMO RESPUESTA CLAVE A LOS DESAF\u00cdOS AMBIENTALES Y ECON\u00d3MICOS EN ECUADOR \u200b\",\"datePublished\":\"2026-01-23T22:19:34+00:00\",\"dateModified\":\"2026-01-23T22:29:36+00:00\",\"mainEntityOfPage\":{\"@id\":\"https:\\\/\\\/www.quebakan.com\\\/v15\\\/el-reciclaje-de-metales-emerge-como-respuesta-clave-a-los-desafios-ambientales-y-economicos-en-ecuador\\\/\"},\"wordCount\":694,\"publisher\":{\"@id\":\"https:\\\/\\\/www.quebakan.com\\\/v15\\\/#organization\"},\"image\":{\"@id\":\"https:\\\/\\\/www.quebakan.com\\\/v15\\\/el-reciclaje-de-metales-emerge-como-respuesta-clave-a-los-desafios-ambientales-y-economicos-en-ecuador\\\/#primaryimage\"},\"thumbnailUrl\":\"https:\\\/\\\/www.quebakan.com\\\/v15\\\/wp-content\\\/uploads\\\/2026\\\/01\\\/attachmen12313.jpg\",\"articleSection\":[\"Noticias\"],\"inLanguage\":\"es\"},{\"@type\":\"WebPage\",\"@id\":\"https:\\\/\\\/www.quebakan.com\\\/v15\\\/el-reciclaje-de-metales-emerge-como-respuesta-clave-a-los-desafios-ambientales-y-economicos-en-ecuador\\\/\",\"url\":\"https:\\\/\\\/www.quebakan.com\\\/v15\\\/el-reciclaje-de-metales-emerge-como-respuesta-clave-a-los-desafios-ambientales-y-economicos-en-ecuador\\\/\",\"name\":\"EL RECICLAJE DE METALES EMERGE COMO RESPUESTA CLAVE A LOS DESAF\u00cdOS AMBIENTALES Y ECON\u00d3MICOS EN ECUADOR \u200b &#8211; QUEBAKAN.COM 2026: Noticias, Eventos, Conciertos y mucho m\u00e1s....\",\"isPartOf\":{\"@id\":\"https:\\\/\\\/www.quebakan.com\\\/v15\\\/#website\"},\"primaryImageOfPage\":{\"@id\":\"https:\\\/\\\/www.quebakan.com\\\/v15\\\/el-reciclaje-de-metales-emerge-como-respuesta-clave-a-los-desafios-ambientales-y-economicos-en-ecuador\\\/#primaryimage\"},\"image\":{\"@id\":\"https:\\\/\\\/www.quebakan.com\\\/v15\\\/el-reciclaje-de-metales-emerge-como-respuesta-clave-a-los-desafios-ambientales-y-economicos-en-ecuador\\\/#primaryimage\"},\"thumbnailUrl\":\"https:\\\/\\\/www.quebakan.com\\\/v15\\\/wp-content\\\/uploads\\\/2026\\\/01\\\/attachmen12313.jpg\",\"datePublished\":\"2026-01-23T22:19:34+00:00\",\"dateModified\":\"2026-01-23T22:29:36+00:00\",\"breadcrumb\":{\"@id\":\"https:\\\/\\\/www.quebakan.com\\\/v15\\\/el-reciclaje-de-metales-emerge-como-respuesta-clave-a-los-desafios-ambientales-y-economicos-en-ecuador\\\/#breadcrumb\"},\"inLanguage\":\"es\",\"potentialAction\":[{\"@type\":\"ReadAction\",\"target\":[\"https:\\\/\\\/www.quebakan.com\\\/v15\\\/el-reciclaje-de-metales-emerge-como-respuesta-clave-a-los-desafios-ambientales-y-economicos-en-ecuador\\\/\"]}]},{\"@type\":\"ImageObject\",\"inLanguage\":\"es\",\"@id\":\"https:\\\/\\\/www.quebakan.com\\\/v15\\\/el-reciclaje-de-metales-emerge-como-respuesta-clave-a-los-desafios-ambientales-y-economicos-en-ecuador\\\/#primaryimage\",\"url\":\"https:\\\/\\\/www.quebakan.com\\\/v15\\\/wp-content\\\/uploads\\\/2026\\\/01\\\/attachmen12313.jpg\",\"contentUrl\":\"https:\\\/\\\/www.quebakan.com\\\/v15\\\/wp-content\\\/uploads\\\/2026\\\/01\\\/attachmen12313.jpg\",\"width\":700,\"height\":467},{\"@type\":\"BreadcrumbList\",\"@id\":\"https:\\\/\\\/www.quebakan.com\\\/v15\\\/el-reciclaje-de-metales-emerge-como-respuesta-clave-a-los-desafios-ambientales-y-economicos-en-ecuador\\\/#breadcrumb\",\"itemListElement\":[{\"@type\":\"ListItem\",\"position\":1,\"name\":\"Portada\",\"item\":\"https:\\\/\\\/www.quebakan.com\\\/v15\\\/\"},{\"@type\":\"ListItem\",\"position\":2,\"name\":\"EL RECICLAJE DE METALES EMERGE COMO RESPUESTA CLAVE A LOS DESAF\u00cdOS AMBIENTALES Y ECON\u00d3MICOS EN ECUADOR \u200b\"}]},{\"@type\":\"WebSite\",\"@id\":\"https:\\\/\\\/www.quebakan.com\\\/v15\\\/#website\",\"url\":\"https:\\\/\\\/www.quebakan.com\\\/v15\\\/\",\"name\":\"QUEBAKAN\",\"description\":\"..\",\"publisher\":{\"@id\":\"https:\\\/\\\/www.quebakan.com\\\/v15\\\/#organization\"},\"potentialAction\":[{\"@type\":\"SearchAction\",\"target\":{\"@type\":\"EntryPoint\",\"urlTemplate\":\"https:\\\/\\\/www.quebakan.com\\\/v15\\\/?s={search_term_string}\"},\"query-input\":{\"@type\":\"PropertyValueSpecification\",\"valueRequired\":true,\"valueName\":\"search_term_string\"}}],\"inLanguage\":\"es\"},{\"@type\":\"Organization\",\"@id\":\"https:\\\/\\\/www.quebakan.com\\\/v15\\\/#organization\",\"name\":\"Quebakan.com\",\"url\":\"https:\\\/\\\/www.quebakan.com\\\/v15\\\/\",\"logo\":{\"@type\":\"ImageObject\",\"inLanguage\":\"es\",\"@id\":\"https:\\\/\\\/www.quebakan.com\\\/v15\\\/#\\\/schema\\\/logo\\\/image\\\/\",\"url\":\"https:\\\/\\\/www.quebakan.com\\\/v15\\\/wp-content\\\/uploads\\\/2023\\\/07\\\/logoquebakanenero2021.jpg\",\"contentUrl\":\"https:\\\/\\\/www.quebakan.com\\\/v15\\\/wp-content\\\/uploads\\\/2023\\\/07\\\/logoquebakanenero2021.jpg\",\"width\":1920,\"height\":1080,\"caption\":\"Quebakan.com\"},\"image\":{\"@id\":\"https:\\\/\\\/www.quebakan.com\\\/v15\\\/#\\\/schema\\\/logo\\\/image\\\/\"},\"sameAs\":[\"http:\\\/\\\/www.facebook.com\\\/quebakan\",\"https:\\\/\\\/x.com\\\/quebakanec\",\"http:\\\/\\\/www.instagram.com\\\/quebakan\",\"http:\\\/\\\/www.youtube.com\\\/quebakan1\"]},{\"@type\":\"Person\",\"@id\":\"https:\\\/\\\/www.quebakan.com\\\/v15\\\/#\\\/schema\\\/person\\\/d90fa9f9cfa81eb8ace9811e5b7b9118\",\"name\":\"Erick Villafuerte\",\"image\":{\"@type\":\"ImageObject\",\"inLanguage\":\"es\",\"@id\":\"https:\\\/\\\/www.quebakan.com\\\/v15\\\/wp-content\\\/uploads\\\/avatars\\\/4\\\/1731297654-bpfull.png\",\"url\":\"https:\\\/\\\/www.quebakan.com\\\/v15\\\/wp-content\\\/uploads\\\/avatars\\\/4\\\/1731297654-bpfull.png\",\"contentUrl\":\"https:\\\/\\\/www.quebakan.com\\\/v15\\\/wp-content\\\/uploads\\\/avatars\\\/4\\\/1731297654-bpfull.png\",\"caption\":\"Erick Villafuerte\"}}]}<\/script>\n<!-- \/ Yoast SEO plugin. -->","yoast_head_json":{"title":"EL RECICLAJE DE METALES EMERGE COMO RESPUESTA CLAVE A LOS DESAF\u00cdOS AMBIENTALES Y ECON\u00d3MICOS EN ECUADOR \u200b &#8211; QUEBAKAN.COM 2026: Noticias, Eventos, Conciertos y mucho m\u00e1s....","robots":{"index":"index","follow":"follow","max-snippet":"max-snippet:-1","max-image-preview":"max-image-preview:large","max-video-preview":"max-video-preview:-1"},"canonical":"https:\/\/www.quebakan.com\/v15\/el-reciclaje-de-metales-emerge-como-respuesta-clave-a-los-desafios-ambientales-y-economicos-en-ecuador\/","og_locale":"es_ES","og_type":"article","og_title":"EL RECICLAJE DE METALES EMERGE COMO RESPUESTA CLAVE A LOS DESAF\u00cdOS AMBIENTALES Y ECON\u00d3MICOS EN ECUADOR \u200b &#8211; QUEBAKAN.COM 2026: Noticias, Eventos, Conciertos y mucho m\u00e1s....","og_description":"De acuerdo con el an\u00e1lisis reciente de J.P. Morgan Private Bank, Am\u00e9rica Latina se consolida como una regi\u00f3n estrat\u00e9gica para el suministro de metales esenciales, como cobre, bronce, hierro, oro, plata, entre otros; que impulsan industrias clave como la inteligencia artificial, la transici\u00f3n energ\u00e9tica y la digitalizaci\u00f3n industrial. El creciente inter\u00e9s global por estos recursos [&hellip;]","og_url":"https:\/\/www.quebakan.com\/v15\/el-reciclaje-de-metales-emerge-como-respuesta-clave-a-los-desafios-ambientales-y-economicos-en-ecuador\/","og_site_name":"QUEBAKAN.COM 2026: Noticias, Eventos, Conciertos y mucho m\u00e1s....","article_publisher":"http:\/\/www.facebook.com\/quebakan","article_published_time":"2026-01-23T22:19:34+00:00","article_modified_time":"2026-01-23T22:29:36+00:00","og_image":[{"width":700,"height":467,"url":"https:\/\/www.quebakan.com\/v15\/wp-content\/uploads\/2026\/01\/attachmen12313.jpg","type":"image\/jpeg"}],"author":"Erick Villafuerte","twitter_card":"summary_large_image","twitter_creator":"@quebakanec","twitter_site":"@quebakanec","twitter_misc":{"Escrito por":"Erick Villafuerte","Tiempo de lectura":"4 minutos"},"schema":{"@context":"https:\/\/schema.org","@graph":[{"@type":"Article","@id":"https:\/\/www.quebakan.com\/v15\/el-reciclaje-de-metales-emerge-como-respuesta-clave-a-los-desafios-ambientales-y-economicos-en-ecuador\/#article","isPartOf":{"@id":"https:\/\/www.quebakan.com\/v15\/el-reciclaje-de-metales-emerge-como-respuesta-clave-a-los-desafios-ambientales-y-economicos-en-ecuador\/"},"author":{"name":"Erick Villafuerte","@id":"https:\/\/www.quebakan.com\/v15\/#\/schema\/person\/d90fa9f9cfa81eb8ace9811e5b7b9118"},"headline":"EL RECICLAJE DE METALES EMERGE COMO RESPUESTA CLAVE A LOS DESAF\u00cdOS AMBIENTALES Y ECON\u00d3MICOS EN ECUADOR \u200b","datePublished":"2026-01-23T22:19:34+00:00","dateModified":"2026-01-23T22:29:36+00:00","mainEntityOfPage":{"@id":"https:\/\/www.quebakan.com\/v15\/el-reciclaje-de-metales-emerge-como-respuesta-clave-a-los-desafios-ambientales-y-economicos-en-ecuador\/"},"wordCount":694,"publisher":{"@id":"https:\/\/www.quebakan.com\/v15\/#organization"},"image":{"@id":"https:\/\/www.quebakan.com\/v15\/el-reciclaje-de-metales-emerge-como-respuesta-clave-a-los-desafios-ambientales-y-economicos-en-ecuador\/#primaryimage"},"thumbnailUrl":"https:\/\/www.quebakan.com\/v15\/wp-content\/uploads\/2026\/01\/attachmen12313.jpg","articleSection":["Noticias"],"inLanguage":"es"},{"@type":"WebPage","@id":"https:\/\/www.quebakan.com\/v15\/el-reciclaje-de-metales-emerge-como-respuesta-clave-a-los-desafios-ambientales-y-economicos-en-ecuador\/","url":"https:\/\/www.quebakan.com\/v15\/el-reciclaje-de-metales-emerge-como-respuesta-clave-a-los-desafios-ambientales-y-economicos-en-ecuador\/","name":"EL RECICLAJE DE METALES EMERGE COMO RESPUESTA CLAVE A LOS DESAF\u00cdOS AMBIENTALES Y ECON\u00d3MICOS EN ECUADOR \u200b &#8211; QUEBAKAN.COM 2026: Noticias, Eventos, Conciertos y mucho m\u00e1s....","isPartOf":{"@id":"https:\/\/www.quebakan.com\/v15\/#website"},"primaryImageOfPage":{"@id":"https:\/\/www.quebakan.com\/v15\/el-reciclaje-de-metales-emerge-como-respuesta-clave-a-los-desafios-ambientales-y-economicos-en-ecuador\/#primaryimage"},"image":{"@id":"https:\/\/www.quebakan.com\/v15\/el-reciclaje-de-metales-emerge-como-respuesta-clave-a-los-desafios-ambientales-y-economicos-en-ecuador\/#primaryimage"},"thumbnailUrl":"https:\/\/www.quebakan.com\/v15\/wp-content\/uploads\/2026\/01\/attachmen12313.jpg","datePublished":"2026-01-23T22:19:34+00:00","dateModified":"2026-01-23T22:29:36+00:00","breadcrumb":{"@id":"https:\/\/www.quebakan.com\/v15\/el-reciclaje-de-metales-emerge-como-respuesta-clave-a-los-desafios-ambientales-y-economicos-en-ecuador\/#breadcrumb"},"inLanguage":"es","potentialAction":[{"@type":"ReadAction","target":["https:\/\/www.quebakan.com\/v15\/el-reciclaje-de-metales-emerge-como-respuesta-clave-a-los-desafios-ambientales-y-economicos-en-ecuador\/"]}]},{"@type":"ImageObject","inLanguage":"es","@id":"https:\/\/www.quebakan.com\/v15\/el-reciclaje-de-metales-emerge-como-respuesta-clave-a-los-desafios-ambientales-y-economicos-en-ecuador\/#primaryimage","url":"https:\/\/www.quebakan.com\/v15\/wp-content\/uploads\/2026\/01\/attachmen12313.jpg","contentUrl":"https:\/\/www.quebakan.com\/v15\/wp-content\/uploads\/2026\/01\/attachmen12313.jpg","width":700,"height":467},{"@type":"BreadcrumbList","@id":"https:\/\/www.quebakan.com\/v15\/el-reciclaje-de-metales-emerge-como-respuesta-clave-a-los-desafios-ambientales-y-economicos-en-ecuador\/#breadcrumb","itemListElement":[{"@type":"ListItem","position":1,"name":"Portada","item":"https:\/\/www.quebakan.com\/v15\/"},{"@type":"ListItem","position":2,"name":"EL RECICLAJE DE METALES EMERGE COMO RESPUESTA CLAVE A LOS DESAF\u00cdOS AMBIENTALES Y ECON\u00d3MICOS EN ECUADOR \u200b"}]},{"@type":"WebSite","@id":"https:\/\/www.quebakan.com\/v15\/#website","url":"https:\/\/www.quebakan.com\/v15\/","name":"QUEBAKAN","description":"..","publisher":{"@id":"https:\/\/www.quebakan.com\/v15\/#organization"},"potentialAction":[{"@type":"SearchAction","target":{"@type":"EntryPoint","urlTemplate":"https:\/\/www.quebakan.com\/v15\/?s={search_term_string}"},"query-input":{"@type":"PropertyValueSpecification","valueRequired":true,"valueName":"search_term_string"}}],"inLanguage":"es"},{"@type":"Organization","@id":"https:\/\/www.quebakan.com\/v15\/#organization","name":"Quebakan.com","url":"https:\/\/www.quebakan.com\/v15\/","logo":{"@type":"ImageObject","inLanguage":"es","@id":"https:\/\/www.quebakan.com\/v15\/#\/schema\/logo\/image\/","url":"https:\/\/www.quebakan.com\/v15\/wp-content\/uploads\/2023\/07\/logoquebakanenero2021.jpg","contentUrl":"https:\/\/www.quebakan.com\/v15\/wp-content\/uploads\/2023\/07\/logoquebakanenero2021.jpg","width":1920,"height":1080,"caption":"Quebakan.com"},"image":{"@id":"https:\/\/www.quebakan.com\/v15\/#\/schema\/logo\/image\/"},"sameAs":["http:\/\/www.facebook.com\/quebakan","https:\/\/x.com\/quebakanec","http:\/\/www.instagram.com\/quebakan","http:\/\/www.youtube.com\/quebakan1"]},{"@type":"Person","@id":"https:\/\/www.quebakan.com\/v15\/#\/schema\/person\/d90fa9f9cfa81eb8ace9811e5b7b9118","name":"Erick Villafuerte","image":{"@type":"ImageObject","inLanguage":"es","@id":"https:\/\/www.quebakan.com\/v15\/wp-content\/uploads\/avatars\/4\/1731297654-bpfull.png","url":"https:\/\/www.quebakan.com\/v15\/wp-content\/uploads\/avatars\/4\/1731297654-bpfull.png","contentUrl":"https:\/\/www.quebakan.com\/v15\/wp-content\/uploads\/avatars\/4\/1731297654-bpfull.png","caption":"Erick Villafuerte"}}]}},"_links":{"self":[{"href":"https:\/\/www.quebakan.com\/v15\/wp-json\/wp\/v2\/posts\/139309","targetHints":{"allow":["GET"]}}],"collection":[{"href":"https:\/\/www.quebakan.com\/v15\/wp-json\/wp\/v2\/posts"}],"about":[{"href":"https:\/\/www.quebakan.com\/v15\/wp-json\/wp\/v2\/types\/post"}],"author":[{"embeddable":true,"href":"https:\/\/www.quebakan.com\/v15\/wp-json\/wp\/v2\/users\/4"}],"replies":[{"embeddable":true,"href":"https:\/\/www.quebakan.com\/v15\/wp-json\/wp\/v2\/comments?post=139309"}],"version-history":[{"count":3,"href":"https:\/\/www.quebakan.com\/v15\/wp-json\/wp\/v2\/posts\/139309\/revisions"}],"predecessor-version":[{"id":139313,"href":"https:\/\/www.quebakan.com\/v15\/wp-json\/wp\/v2\/posts\/139309\/revisions\/139313"}],"wp:featuredmedia":[{"embeddable":true,"href":"https:\/\/www.quebakan.com\/v15\/wp-json\/wp\/v2\/media\/139310"}],"wp:attachment":[{"href":"https:\/\/www.quebakan.com\/v15\/wp-json\/wp\/v2\/media?parent=139309"}],"wp:term":[{"taxonomy":"category","embeddable":true,"href":"https:\/\/www.quebakan.com\/v15\/wp-json\/wp\/v2\/categories?post=139309"},{"taxonomy":"post_tag","embeddable":true,"href":"https:\/\/www.quebakan.com\/v15\/wp-json\/wp\/v2\/tags?post=139309"}],"curies":[{"name":"wp","href":"https:\/\/api.w.org\/{rel}","templated":true}]}}