{"id":139315,"date":"2026-01-24T23:19:43","date_gmt":"2026-01-25T04:19:43","guid":{"rendered":"https:\/\/www.quebakan.com\/v15\/?p=139315"},"modified":"2026-01-24T23:19:43","modified_gmt":"2026-01-25T04:19:43","slug":"implantes-personalizados-y-tecnologia-3d-llega-a-cuenca-azogues-y-loja","status":"publish","type":"post","link":"https:\/\/www.quebakan.com\/v15\/implantes-personalizados-y-tecnologia-3d-llega-a-cuenca-azogues-y-loja\/","title":{"rendered":"Implantes personalizados y tecnolog\u00eda 3D llega a Cuenca Azogues  y Loja"},"content":{"rendered":"<p style=\"text-align: justify;\"><span style=\"color: #000000;\"><strong>Cuenca, Ecuador \u2013 enero de 2026.-<\/strong> BEMART, empresa ecuatoriana especializada en tecnolog\u00eda m\u00e9dica de alta complejidad, inicia el a\u00f1o anunciando la ampliaci\u00f3n de su cobertura en el sur del pa\u00eds, con presencia en Cuenca, Azogues y Loja, y la apertura de oficinas administrativas en la ciudad de Cuenca.<\/span><\/p>\n<p style=\"text-align: justify;\"><span style=\"color: #000000;\">Este crecimiento forma parte de una estrategia orientada a acercar soluciones m\u00e9dicas innovadoras a m\u00e1s regiones del Ecuador, fortaleciendo un modelo que articula ingenier\u00eda avanzada, desarrolo cl\u00ednico y soporte t\u00e9cnico especializado, con el objetivo de mejorar la eficiencia y precisi\u00f3n de los procedimientos quir\u00fargicos. <\/span><\/p>\n<p style=\"text-align: justify;\"><span style=\"color: #000000;\">Bajo el liderazgo de su fundadora, Bel\u00e9n Mart\u00ednez, la compa\u00f1\u00eda se ha consolidado como un referente nacional en el dise\u00f1o y desarrolo de dispositivos m\u00e9dicos personalizados, con \u00e9nfasis en especialidades como neurocirug\u00eda, traumatolog\u00eda y columna pedi\u00e1trica. Desde Cuenca, se impulsar\u00e1n adem\u00e1s iniciativas de responsabilidad social que generen un impacto positivo en la comunidad local y regional. <\/span><\/p>\n<p style=\"text-align: justify;\"><span style=\"color: #000000;\">A trav\u00e9s de su operaci\u00f3n a nivel nacional, BEMART acompa\u00f1a cirug\u00edas de alta complejidad mediante el uso de tecnolog\u00eda de \u00faltima generaci\u00f3n y la fabricaci\u00f3n de implantes de titanio a la medida, dise\u00f1ados espec\u00edficamente seg\u00fan las necesidades de cada paciente. Este enfoque permite aportar mayor precisi\u00f3n en quir\u00f3fano y contribuir a mejores resultados cl\u00ednicos, beneficiando a pacientes en distintas ciudades del pa\u00eds.<\/span><\/p>\n<p style=\"text-align: justify;\"><span style=\"color: #000000;\">Actualmente, la organizaci\u00f3n cuenta con presencia en Quito, Guayaquil y Cuenca, brindando atenci\u00f3n a nivel nacional. En un sector tradicionalmente liderado por hombres, Bel\u00e9n Mart\u00ednez se posiciona como una figura destacada en la industria m\u00e9dica ecuatoriana, al integrar visi\u00f3n estrat\u00e9gica, innovaci\u00f3n tecnol\u00f3gica y liderazgo femenino.<\/span><\/p>\n<p style=\"text-align: justify;\"><span style=\"color: #000000;\">Con esta expansi\u00f3n, la empresa ratifica su compromiso con la modernizaci\u00f3n del sistema de salud ecuatoriano, demostrando que desde el pa\u00eds es posible desarrolar soluciones m\u00e9dicas de nivel internacional con impacto social sostenible.<\/span><\/p>\n","protected":false},"excerpt":{"rendered":"<p>Cuenca, Ecuador \u2013 enero de 2026.- BEMART, empresa ecuatoriana especializada en tecnolog\u00eda m\u00e9dica de alta complejidad, inicia el a\u00f1o anunciando la ampliaci\u00f3n de su cobertura en el sur del pa\u00eds, con presencia en Cuenca, Azogues y Loja, y la apertura de oficinas administrativas en la ciudad de Cuenca. Este crecimiento forma parte de una estrategia [&hellip;]<\/p>\n","protected":false},"author":4,"featured_media":0,"comment_status":"closed","ping_status":"closed","sticky":false,"template":"","format":"standard","meta":{"_bbp_topic_count":0,"_bbp_reply_count":0,"_bbp_total_topic_count":0,"_bbp_total_reply_count":0,"_bbp_voice_count":0,"_bbp_anonymous_reply_count":0,"_bbp_topic_count_hidden":0,"_bbp_reply_count_hidden":0,"_bbp_forum_subforum_count":0,"buzzeditor_post_format":"","footnotes":""},"categories":[2],"tags":[],"class_list":["post-139315","post","type-post","status-publish","format-standard","hentry","category-noticias"],"yoast_head":"<!-- This site is optimized with the Yoast SEO plugin v27.5 - https:\/\/yoast.com\/product\/yoast-seo-wordpress\/ -->\n<title>Implantes personalizados y tecnolog\u00eda 3D llega a Cuenca Azogues y Loja &#8211; QUEBAKAN.COM 2026: Noticias, Eventos, Conciertos y mucho m\u00e1s....<\/title>\n<meta name=\"robots\" content=\"index, follow, max-snippet:-1, max-image-preview:large, max-video-preview:-1\" \/>\n<link rel=\"canonical\" href=\"https:\/\/www.quebakan.com\/v15\/implantes-personalizados-y-tecnologia-3d-llega-a-cuenca-azogues-y-loja\/\" \/>\n<meta property=\"og:locale\" content=\"es_ES\" \/>\n<meta property=\"og:type\" content=\"article\" \/>\n<meta property=\"og:title\" content=\"Implantes personalizados y tecnolog\u00eda 3D llega a Cuenca Azogues y Loja &#8211; QUEBAKAN.COM 2026: Noticias, Eventos, Conciertos y mucho m\u00e1s....\" \/>\n<meta property=\"og:description\" content=\"Cuenca, Ecuador \u2013 enero de 2026.- BEMART, empresa ecuatoriana especializada en tecnolog\u00eda m\u00e9dica de alta complejidad, inicia el a\u00f1o anunciando la ampliaci\u00f3n de su cobertura en el sur del pa\u00eds, con presencia en Cuenca, Azogues y Loja, y la apertura de oficinas administrativas en la ciudad de Cuenca. Este crecimiento forma parte de una estrategia [&hellip;]\" \/>\n<meta property=\"og:url\" content=\"https:\/\/www.quebakan.com\/v15\/implantes-personalizados-y-tecnologia-3d-llega-a-cuenca-azogues-y-loja\/\" \/>\n<meta property=\"og:site_name\" content=\"QUEBAKAN.COM 2026: Noticias, Eventos, Conciertos y mucho m\u00e1s....\" \/>\n<meta property=\"article:publisher\" content=\"http:\/\/www.facebook.com\/quebakan\" \/>\n<meta property=\"article:published_time\" content=\"2026-01-25T04:19:43+00:00\" \/>\n<meta name=\"author\" content=\"Erick Villafuerte\" \/>\n<meta name=\"twitter:card\" content=\"summary_large_image\" \/>\n<meta name=\"twitter:creator\" content=\"@quebakanec\" \/>\n<meta name=\"twitter:site\" content=\"@quebakanec\" \/>\n<meta name=\"twitter:label1\" content=\"Escrito por\" \/>\n\t<meta name=\"twitter:data1\" content=\"Erick Villafuerte\" \/>\n\t<meta name=\"twitter:label2\" content=\"Tiempo de lectura\" \/>\n\t<meta name=\"twitter:data2\" content=\"2 minutos\" \/>\n<script type=\"application\/ld+json\" class=\"yoast-schema-graph\">{\"@context\":\"https:\\\/\\\/schema.org\",\"@graph\":[{\"@type\":\"Article\",\"@id\":\"https:\\\/\\\/www.quebakan.com\\\/v15\\\/implantes-personalizados-y-tecnologia-3d-llega-a-cuenca-azogues-y-loja\\\/#article\",\"isPartOf\":{\"@id\":\"https:\\\/\\\/www.quebakan.com\\\/v15\\\/implantes-personalizados-y-tecnologia-3d-llega-a-cuenca-azogues-y-loja\\\/\"},\"author\":{\"name\":\"Erick Villafuerte\",\"@id\":\"https:\\\/\\\/www.quebakan.com\\\/v15\\\/#\\\/schema\\\/person\\\/d90fa9f9cfa81eb8ace9811e5b7b9118\"},\"headline\":\"Implantes personalizados y tecnolog\u00eda 3D llega a Cuenca Azogues y Loja\",\"datePublished\":\"2026-01-25T04:19:43+00:00\",\"mainEntityOfPage\":{\"@id\":\"https:\\\/\\\/www.quebakan.com\\\/v15\\\/implantes-personalizados-y-tecnologia-3d-llega-a-cuenca-azogues-y-loja\\\/\"},\"wordCount\":348,\"publisher\":{\"@id\":\"https:\\\/\\\/www.quebakan.com\\\/v15\\\/#organization\"},\"articleSection\":[\"Noticias\"],\"inLanguage\":\"es\"},{\"@type\":\"WebPage\",\"@id\":\"https:\\\/\\\/www.quebakan.com\\\/v15\\\/implantes-personalizados-y-tecnologia-3d-llega-a-cuenca-azogues-y-loja\\\/\",\"url\":\"https:\\\/\\\/www.quebakan.com\\\/v15\\\/implantes-personalizados-y-tecnologia-3d-llega-a-cuenca-azogues-y-loja\\\/\",\"name\":\"Implantes personalizados y tecnolog\u00eda 3D llega a Cuenca Azogues y Loja &#8211; QUEBAKAN.COM 2026: Noticias, Eventos, Conciertos y mucho m\u00e1s....\",\"isPartOf\":{\"@id\":\"https:\\\/\\\/www.quebakan.com\\\/v15\\\/#website\"},\"datePublished\":\"2026-01-25T04:19:43+00:00\",\"breadcrumb\":{\"@id\":\"https:\\\/\\\/www.quebakan.com\\\/v15\\\/implantes-personalizados-y-tecnologia-3d-llega-a-cuenca-azogues-y-loja\\\/#breadcrumb\"},\"inLanguage\":\"es\",\"potentialAction\":[{\"@type\":\"ReadAction\",\"target\":[\"https:\\\/\\\/www.quebakan.com\\\/v15\\\/implantes-personalizados-y-tecnologia-3d-llega-a-cuenca-azogues-y-loja\\\/\"]}]},{\"@type\":\"BreadcrumbList\",\"@id\":\"https:\\\/\\\/www.quebakan.com\\\/v15\\\/implantes-personalizados-y-tecnologia-3d-llega-a-cuenca-azogues-y-loja\\\/#breadcrumb\",\"itemListElement\":[{\"@type\":\"ListItem\",\"position\":1,\"name\":\"Portada\",\"item\":\"https:\\\/\\\/www.quebakan.com\\\/v15\\\/\"},{\"@type\":\"ListItem\",\"position\":2,\"name\":\"Implantes personalizados y tecnolog\u00eda 3D llega a Cuenca Azogues y Loja\"}]},{\"@type\":\"WebSite\",\"@id\":\"https:\\\/\\\/www.quebakan.com\\\/v15\\\/#website\",\"url\":\"https:\\\/\\\/www.quebakan.com\\\/v15\\\/\",\"name\":\"QUEBAKAN\",\"description\":\"..\",\"publisher\":{\"@id\":\"https:\\\/\\\/www.quebakan.com\\\/v15\\\/#organization\"},\"potentialAction\":[{\"@type\":\"SearchAction\",\"target\":{\"@type\":\"EntryPoint\",\"urlTemplate\":\"https:\\\/\\\/www.quebakan.com\\\/v15\\\/?s={search_term_string}\"},\"query-input\":{\"@type\":\"PropertyValueSpecification\",\"valueRequired\":true,\"valueName\":\"search_term_string\"}}],\"inLanguage\":\"es\"},{\"@type\":\"Organization\",\"@id\":\"https:\\\/\\\/www.quebakan.com\\\/v15\\\/#organization\",\"name\":\"Quebakan.com\",\"url\":\"https:\\\/\\\/www.quebakan.com\\\/v15\\\/\",\"logo\":{\"@type\":\"ImageObject\",\"inLanguage\":\"es\",\"@id\":\"https:\\\/\\\/www.quebakan.com\\\/v15\\\/#\\\/schema\\\/logo\\\/image\\\/\",\"url\":\"https:\\\/\\\/www.quebakan.com\\\/v15\\\/wp-content\\\/uploads\\\/2023\\\/07\\\/logoquebakanenero2021.jpg\",\"contentUrl\":\"https:\\\/\\\/www.quebakan.com\\\/v15\\\/wp-content\\\/uploads\\\/2023\\\/07\\\/logoquebakanenero2021.jpg\",\"width\":1920,\"height\":1080,\"caption\":\"Quebakan.com\"},\"image\":{\"@id\":\"https:\\\/\\\/www.quebakan.com\\\/v15\\\/#\\\/schema\\\/logo\\\/image\\\/\"},\"sameAs\":[\"http:\\\/\\\/www.facebook.com\\\/quebakan\",\"https:\\\/\\\/x.com\\\/quebakanec\",\"http:\\\/\\\/www.instagram.com\\\/quebakan\",\"http:\\\/\\\/www.youtube.com\\\/quebakan1\"]},{\"@type\":\"Person\",\"@id\":\"https:\\\/\\\/www.quebakan.com\\\/v15\\\/#\\\/schema\\\/person\\\/d90fa9f9cfa81eb8ace9811e5b7b9118\",\"name\":\"Erick Villafuerte\",\"image\":{\"@type\":\"ImageObject\",\"inLanguage\":\"es\",\"@id\":\"https:\\\/\\\/www.quebakan.com\\\/v15\\\/wp-content\\\/uploads\\\/avatars\\\/4\\\/1731297654-bpfull.png\",\"url\":\"https:\\\/\\\/www.quebakan.com\\\/v15\\\/wp-content\\\/uploads\\\/avatars\\\/4\\\/1731297654-bpfull.png\",\"contentUrl\":\"https:\\\/\\\/www.quebakan.com\\\/v15\\\/wp-content\\\/uploads\\\/avatars\\\/4\\\/1731297654-bpfull.png\",\"caption\":\"Erick Villafuerte\"}}]}<\/script>\n<!-- \/ Yoast SEO plugin. -->","yoast_head_json":{"title":"Implantes personalizados y tecnolog\u00eda 3D llega a Cuenca Azogues y Loja &#8211; QUEBAKAN.COM 2026: Noticias, Eventos, Conciertos y mucho m\u00e1s....","robots":{"index":"index","follow":"follow","max-snippet":"max-snippet:-1","max-image-preview":"max-image-preview:large","max-video-preview":"max-video-preview:-1"},"canonical":"https:\/\/www.quebakan.com\/v15\/implantes-personalizados-y-tecnologia-3d-llega-a-cuenca-azogues-y-loja\/","og_locale":"es_ES","og_type":"article","og_title":"Implantes personalizados y tecnolog\u00eda 3D llega a Cuenca Azogues y Loja &#8211; QUEBAKAN.COM 2026: Noticias, Eventos, Conciertos y mucho m\u00e1s....","og_description":"Cuenca, Ecuador \u2013 enero de 2026.- BEMART, empresa ecuatoriana especializada en tecnolog\u00eda m\u00e9dica de alta complejidad, inicia el a\u00f1o anunciando la ampliaci\u00f3n de su cobertura en el sur del pa\u00eds, con presencia en Cuenca, Azogues y Loja, y la apertura de oficinas administrativas en la ciudad de Cuenca. Este crecimiento forma parte de una estrategia [&hellip;]","og_url":"https:\/\/www.quebakan.com\/v15\/implantes-personalizados-y-tecnologia-3d-llega-a-cuenca-azogues-y-loja\/","og_site_name":"QUEBAKAN.COM 2026: Noticias, Eventos, Conciertos y mucho m\u00e1s....","article_publisher":"http:\/\/www.facebook.com\/quebakan","article_published_time":"2026-01-25T04:19:43+00:00","author":"Erick Villafuerte","twitter_card":"summary_large_image","twitter_creator":"@quebakanec","twitter_site":"@quebakanec","twitter_misc":{"Escrito por":"Erick Villafuerte","Tiempo de lectura":"2 minutos"},"schema":{"@context":"https:\/\/schema.org","@graph":[{"@type":"Article","@id":"https:\/\/www.quebakan.com\/v15\/implantes-personalizados-y-tecnologia-3d-llega-a-cuenca-azogues-y-loja\/#article","isPartOf":{"@id":"https:\/\/www.quebakan.com\/v15\/implantes-personalizados-y-tecnologia-3d-llega-a-cuenca-azogues-y-loja\/"},"author":{"name":"Erick Villafuerte","@id":"https:\/\/www.quebakan.com\/v15\/#\/schema\/person\/d90fa9f9cfa81eb8ace9811e5b7b9118"},"headline":"Implantes personalizados y tecnolog\u00eda 3D llega a Cuenca Azogues y Loja","datePublished":"2026-01-25T04:19:43+00:00","mainEntityOfPage":{"@id":"https:\/\/www.quebakan.com\/v15\/implantes-personalizados-y-tecnologia-3d-llega-a-cuenca-azogues-y-loja\/"},"wordCount":348,"publisher":{"@id":"https:\/\/www.quebakan.com\/v15\/#organization"},"articleSection":["Noticias"],"inLanguage":"es"},{"@type":"WebPage","@id":"https:\/\/www.quebakan.com\/v15\/implantes-personalizados-y-tecnologia-3d-llega-a-cuenca-azogues-y-loja\/","url":"https:\/\/www.quebakan.com\/v15\/implantes-personalizados-y-tecnologia-3d-llega-a-cuenca-azogues-y-loja\/","name":"Implantes personalizados y tecnolog\u00eda 3D llega a Cuenca Azogues y Loja &#8211; QUEBAKAN.COM 2026: Noticias, Eventos, Conciertos y mucho m\u00e1s....","isPartOf":{"@id":"https:\/\/www.quebakan.com\/v15\/#website"},"datePublished":"2026-01-25T04:19:43+00:00","breadcrumb":{"@id":"https:\/\/www.quebakan.com\/v15\/implantes-personalizados-y-tecnologia-3d-llega-a-cuenca-azogues-y-loja\/#breadcrumb"},"inLanguage":"es","potentialAction":[{"@type":"ReadAction","target":["https:\/\/www.quebakan.com\/v15\/implantes-personalizados-y-tecnologia-3d-llega-a-cuenca-azogues-y-loja\/"]}]},{"@type":"BreadcrumbList","@id":"https:\/\/www.quebakan.com\/v15\/implantes-personalizados-y-tecnologia-3d-llega-a-cuenca-azogues-y-loja\/#breadcrumb","itemListElement":[{"@type":"ListItem","position":1,"name":"Portada","item":"https:\/\/www.quebakan.com\/v15\/"},{"@type":"ListItem","position":2,"name":"Implantes personalizados y tecnolog\u00eda 3D llega a Cuenca Azogues y Loja"}]},{"@type":"WebSite","@id":"https:\/\/www.quebakan.com\/v15\/#website","url":"https:\/\/www.quebakan.com\/v15\/","name":"QUEBAKAN","description":"..","publisher":{"@id":"https:\/\/www.quebakan.com\/v15\/#organization"},"potentialAction":[{"@type":"SearchAction","target":{"@type":"EntryPoint","urlTemplate":"https:\/\/www.quebakan.com\/v15\/?s={search_term_string}"},"query-input":{"@type":"PropertyValueSpecification","valueRequired":true,"valueName":"search_term_string"}}],"inLanguage":"es"},{"@type":"Organization","@id":"https:\/\/www.quebakan.com\/v15\/#organization","name":"Quebakan.com","url":"https:\/\/www.quebakan.com\/v15\/","logo":{"@type":"ImageObject","inLanguage":"es","@id":"https:\/\/www.quebakan.com\/v15\/#\/schema\/logo\/image\/","url":"https:\/\/www.quebakan.com\/v15\/wp-content\/uploads\/2023\/07\/logoquebakanenero2021.jpg","contentUrl":"https:\/\/www.quebakan.com\/v15\/wp-content\/uploads\/2023\/07\/logoquebakanenero2021.jpg","width":1920,"height":1080,"caption":"Quebakan.com"},"image":{"@id":"https:\/\/www.quebakan.com\/v15\/#\/schema\/logo\/image\/"},"sameAs":["http:\/\/www.facebook.com\/quebakan","https:\/\/x.com\/quebakanec","http:\/\/www.instagram.com\/quebakan","http:\/\/www.youtube.com\/quebakan1"]},{"@type":"Person","@id":"https:\/\/www.quebakan.com\/v15\/#\/schema\/person\/d90fa9f9cfa81eb8ace9811e5b7b9118","name":"Erick Villafuerte","image":{"@type":"ImageObject","inLanguage":"es","@id":"https:\/\/www.quebakan.com\/v15\/wp-content\/uploads\/avatars\/4\/1731297654-bpfull.png","url":"https:\/\/www.quebakan.com\/v15\/wp-content\/uploads\/avatars\/4\/1731297654-bpfull.png","contentUrl":"https:\/\/www.quebakan.com\/v15\/wp-content\/uploads\/avatars\/4\/1731297654-bpfull.png","caption":"Erick Villafuerte"}}]}},"_links":{"self":[{"href":"https:\/\/www.quebakan.com\/v15\/wp-json\/wp\/v2\/posts\/139315","targetHints":{"allow":["GET"]}}],"collection":[{"href":"https:\/\/www.quebakan.com\/v15\/wp-json\/wp\/v2\/posts"}],"about":[{"href":"https:\/\/www.quebakan.com\/v15\/wp-json\/wp\/v2\/types\/post"}],"author":[{"embeddable":true,"href":"https:\/\/www.quebakan.com\/v15\/wp-json\/wp\/v2\/users\/4"}],"replies":[{"embeddable":true,"href":"https:\/\/www.quebakan.com\/v15\/wp-json\/wp\/v2\/comments?post=139315"}],"version-history":[{"count":1,"href":"https:\/\/www.quebakan.com\/v15\/wp-json\/wp\/v2\/posts\/139315\/revisions"}],"predecessor-version":[{"id":139316,"href":"https:\/\/www.quebakan.com\/v15\/wp-json\/wp\/v2\/posts\/139315\/revisions\/139316"}],"wp:attachment":[{"href":"https:\/\/www.quebakan.com\/v15\/wp-json\/wp\/v2\/media?parent=139315"}],"wp:term":[{"taxonomy":"category","embeddable":true,"href":"https:\/\/www.quebakan.com\/v15\/wp-json\/wp\/v2\/categories?post=139315"},{"taxonomy":"post_tag","embeddable":true,"href":"https:\/\/www.quebakan.com\/v15\/wp-json\/wp\/v2\/tags?post=139315"}],"curies":[{"name":"wp","href":"https:\/\/api.w.org\/{rel}","templated":true}]}}