{"id":139336,"date":"2026-01-25T19:13:44","date_gmt":"2026-01-26T00:13:44","guid":{"rendered":"https:\/\/www.quebakan.com\/v15\/?p=139336"},"modified":"2026-01-25T19:13:44","modified_gmt":"2026-01-26T00:13:44","slug":"nando-orrala-la-voz-heredada-de-los-rios-que-busca-conquistar-escenarios-nacionales-e-internacionales","status":"publish","type":"post","link":"https:\/\/www.quebakan.com\/v15\/nando-orrala-la-voz-heredada-de-los-rios-que-busca-conquistar-escenarios-nacionales-e-internacionales\/","title":{"rendered":"Nando Orrala, la voz heredada de Los R\u00edos que busca conquistar escenarios nacionales e internacionales"},"content":{"rendered":"<div dir=\"auto\" data-olk-copy-source=\"MessageBody\"><img fetchpriority=\"high\" decoding=\"async\" class=\"aligncenter  wp-image-139337\" src=\"https:\/\/www.quebakan.com\/v15\/wp-content\/uploads\/2026\/01\/1002070966.jpg\" alt=\"\" width=\"579\" height=\"577\" srcset=\"https:\/\/www.quebakan.com\/v15\/wp-content\/uploads\/2026\/01\/1002070966.jpg 700w, https:\/\/www.quebakan.com\/v15\/wp-content\/uploads\/2026\/01\/1002070966-300x300.jpg 300w, https:\/\/www.quebakan.com\/v15\/wp-content\/uploads\/2026\/01\/1002070966-75x75.jpg 75w\" sizes=\"(max-width: 579px) 100vw, 579px\" \/><\/div>\n<div dir=\"auto\" data-olk-copy-source=\"MessageBody\"><\/div>\n<div dir=\"auto\" style=\"text-align: justify;\" data-olk-copy-source=\"MessageBody\"><span style=\"color: #000000;\">Fernando Stalin Orrala Rodr\u00edguez, conocido art\u00edsticamente como Nando Orrala, es una de las voces emergentes con mayor proyecci\u00f3n en la escena musical de la provincia de Los R\u00edos. Nacido el 31 de octubre de 1990 en el cant\u00f3n Babahoyo, el artista creci\u00f3 en la parroquia El Salto, rodeado de una familia profundamente ligada a la m\u00fasica, herencia que marcar\u00eda su destino desde muy temprana edad.<\/span><\/div>\n<div dir=\"auto\" style=\"text-align: justify;\"><\/div>\n<div dir=\"auto\" style=\"text-align: justify;\"><span style=\"color: #000000;\">Hijo de Ram\u00f3n Orrala y de Nancy Rodr\u00edguez, popularmente conocida como La Alondra de los R\u00edos, Nando no tard\u00f3 en demostrar su inclinaci\u00f3n natural por el arte. La m\u00fasica corre por sus venas y tambi\u00e9n se refleja en sus hermanos, Rey y Emely Orrala, quienes igualmente se dedican al canto.<\/span><\/div>\n<div dir=\"auto\" style=\"text-align: justify;\"><\/div>\n<div dir=\"auto\" style=\"text-align: justify;\"><span style=\"color: #000000;\">Sus primeras apariciones en escenarios se dieron en festivales de m\u00fasica nacional, donde interpretaba temas del inolvidable Julio Jaramillo, artista que reconoce como una de sus mayores influencias. Aquellas presentaciones marcaron el inicio de un camino que, a los 16 a\u00f1os, lo llev\u00f3 a dar un paso decisivo al crear su propio grupo musical llamado Sur-d3, proyecto con el que comenz\u00f3 a consolidar su identidad art\u00edstica.<\/span><\/div>\n<div dir=\"auto\" style=\"text-align: justify;\"><\/div>\n<div dir=\"auto\" style=\"text-align: justify;\"><span style=\"color: #000000;\">A lo largo de su carrera, Nando Orrala ha tenido la oportunidad de compartir escenarios con artistas de reconocida trayectoria, experiencias que le han permitido recibir consejos y fortalecer su crecimiento profesional. Su voz es ampliamente reconocida y cuenta con una base s\u00f3lida de seguidores que respaldan cada uno de sus proyectos y lo impulsan a seguir componiendo nuevas canciones.<\/span><\/div>\n<div dir=\"auto\" style=\"text-align: justify;\"><\/div>\n<div dir=\"auto\" style=\"text-align: justify;\"><span style=\"color: #000000;\">M\u00e1s all\u00e1 de su talento innato como cantante, Nando tambi\u00e9n se ha preparado profesionalmente en \u00e1reas complementarias a su carrera art\u00edstica. Es productor audiovisual y dise\u00f1ador gr\u00e1fico, habilidades que le permiten involucrarse de manera integral en sus producciones musicales.<\/span><\/div>\n<div dir=\"auto\" style=\"text-align: justify;\"><\/div>\n<div dir=\"auto\" style=\"text-align: justify;\"><span style=\"color: #000000;\">Actualmente, el cantante deposita grandes expectativas en su nueva producci\u00f3n Te dar\u00e9 un ma\u00f1ana con la firme convicci\u00f3n de que sus temas no solo conectar\u00e1n con su p\u00fablico fiel, sino que lograr\u00e1n trascender a nivel nacional e internacional, reafirmando que Nando Orrala es un nombre que empieza a abrirse paso con fuerza en la m\u00fasica ecuatoriana. Para el 2026 piensa plasmar su amor de padre en el tema A mi hija.<\/span><\/div>\n<div dir=\"auto\"><\/div>\n<div dir=\"auto\"><img decoding=\"async\" class=\"aligncenter size-full wp-image-139338\" src=\"https:\/\/www.quebakan.com\/v15\/wp-content\/uploads\/2026\/01\/1002070984.jpg\" alt=\"\" width=\"700\" height=\"700\" srcset=\"https:\/\/www.quebakan.com\/v15\/wp-content\/uploads\/2026\/01\/1002070984.jpg 700w, https:\/\/www.quebakan.com\/v15\/wp-content\/uploads\/2026\/01\/1002070984-300x300.jpg 300w, https:\/\/www.quebakan.com\/v15\/wp-content\/uploads\/2026\/01\/1002070984-75x75.jpg 75w\" sizes=\"(max-width: 700px) 100vw, 700px\" \/><\/div>\n","protected":false},"excerpt":{"rendered":"<p>Fernando Stalin Orrala Rodr\u00edguez, conocido art\u00edsticamente como Nando Orrala, es una de las voces emergentes con mayor proyecci\u00f3n en la escena musical de la provincia de Los R\u00edos. Nacido el 31 de octubre de 1990 en el cant\u00f3n Babahoyo, el artista creci\u00f3 en la parroquia El Salto, rodeado de una familia profundamente ligada a la [&hellip;]<\/p>\n","protected":false},"author":4,"featured_media":139337,"comment_status":"closed","ping_status":"closed","sticky":false,"template":"","format":"standard","meta":{"_bbp_topic_count":0,"_bbp_reply_count":0,"_bbp_total_topic_count":0,"_bbp_total_reply_count":0,"_bbp_voice_count":0,"_bbp_anonymous_reply_count":0,"_bbp_topic_count_hidden":0,"_bbp_reply_count_hidden":0,"_bbp_forum_subforum_count":0,"buzzeditor_post_format":"","footnotes":""},"categories":[2],"tags":[],"class_list":["post-139336","post","type-post","status-publish","format-standard","has-post-thumbnail","hentry","category-noticias"],"yoast_head":"<!-- This site is optimized with the Yoast SEO plugin v27.5 - https:\/\/yoast.com\/product\/yoast-seo-wordpress\/ -->\n<title>Nando Orrala, la voz heredada de Los R\u00edos que busca conquistar escenarios nacionales e internacionales &#8211; QUEBAKAN.COM 2026: Noticias, Eventos, Conciertos y mucho m\u00e1s....<\/title>\n<meta name=\"robots\" content=\"index, follow, max-snippet:-1, max-image-preview:large, max-video-preview:-1\" \/>\n<link rel=\"canonical\" href=\"https:\/\/www.quebakan.com\/v15\/nando-orrala-la-voz-heredada-de-los-rios-que-busca-conquistar-escenarios-nacionales-e-internacionales\/\" \/>\n<meta property=\"og:locale\" content=\"es_ES\" \/>\n<meta property=\"og:type\" content=\"article\" \/>\n<meta property=\"og:title\" content=\"Nando Orrala, la voz heredada de Los R\u00edos que busca conquistar escenarios nacionales e internacionales &#8211; QUEBAKAN.COM 2026: Noticias, Eventos, Conciertos y mucho m\u00e1s....\" \/>\n<meta property=\"og:description\" content=\"Fernando Stalin Orrala Rodr\u00edguez, conocido art\u00edsticamente como Nando Orrala, es una de las voces emergentes con mayor proyecci\u00f3n en la escena musical de la provincia de Los R\u00edos. Nacido el 31 de octubre de 1990 en el cant\u00f3n Babahoyo, el artista creci\u00f3 en la parroquia El Salto, rodeado de una familia profundamente ligada a la [&hellip;]\" \/>\n<meta property=\"og:url\" content=\"https:\/\/www.quebakan.com\/v15\/nando-orrala-la-voz-heredada-de-los-rios-que-busca-conquistar-escenarios-nacionales-e-internacionales\/\" \/>\n<meta property=\"og:site_name\" content=\"QUEBAKAN.COM 2026: Noticias, Eventos, Conciertos y mucho m\u00e1s....\" \/>\n<meta property=\"article:publisher\" content=\"http:\/\/www.facebook.com\/quebakan\" \/>\n<meta property=\"article:published_time\" content=\"2026-01-26T00:13:44+00:00\" \/>\n<meta property=\"og:image\" content=\"https:\/\/www.quebakan.com\/v15\/wp-content\/uploads\/2026\/01\/1002070966.jpg\" \/>\n\t<meta property=\"og:image:width\" content=\"700\" \/>\n\t<meta property=\"og:image:height\" content=\"698\" \/>\n\t<meta property=\"og:image:type\" content=\"image\/jpeg\" \/>\n<meta name=\"author\" content=\"Erick Villafuerte\" \/>\n<meta name=\"twitter:card\" content=\"summary_large_image\" \/>\n<meta name=\"twitter:creator\" content=\"@quebakanec\" \/>\n<meta name=\"twitter:site\" content=\"@quebakanec\" \/>\n<meta name=\"twitter:label1\" content=\"Escrito por\" \/>\n\t<meta name=\"twitter:data1\" content=\"Erick Villafuerte\" \/>\n\t<meta name=\"twitter:label2\" content=\"Tiempo de lectura\" \/>\n\t<meta name=\"twitter:data2\" content=\"3 minutos\" \/>\n<script type=\"application\/ld+json\" class=\"yoast-schema-graph\">{\"@context\":\"https:\\\/\\\/schema.org\",\"@graph\":[{\"@type\":\"Article\",\"@id\":\"https:\\\/\\\/www.quebakan.com\\\/v15\\\/nando-orrala-la-voz-heredada-de-los-rios-que-busca-conquistar-escenarios-nacionales-e-internacionales\\\/#article\",\"isPartOf\":{\"@id\":\"https:\\\/\\\/www.quebakan.com\\\/v15\\\/nando-orrala-la-voz-heredada-de-los-rios-que-busca-conquistar-escenarios-nacionales-e-internacionales\\\/\"},\"author\":{\"name\":\"Erick Villafuerte\",\"@id\":\"https:\\\/\\\/www.quebakan.com\\\/v15\\\/#\\\/schema\\\/person\\\/d90fa9f9cfa81eb8ace9811e5b7b9118\"},\"headline\":\"Nando Orrala, la voz heredada de Los R\u00edos que busca conquistar escenarios nacionales e internacionales\",\"datePublished\":\"2026-01-26T00:13:44+00:00\",\"mainEntityOfPage\":{\"@id\":\"https:\\\/\\\/www.quebakan.com\\\/v15\\\/nando-orrala-la-voz-heredada-de-los-rios-que-busca-conquistar-escenarios-nacionales-e-internacionales\\\/\"},\"wordCount\":392,\"publisher\":{\"@id\":\"https:\\\/\\\/www.quebakan.com\\\/v15\\\/#organization\"},\"image\":{\"@id\":\"https:\\\/\\\/www.quebakan.com\\\/v15\\\/nando-orrala-la-voz-heredada-de-los-rios-que-busca-conquistar-escenarios-nacionales-e-internacionales\\\/#primaryimage\"},\"thumbnailUrl\":\"https:\\\/\\\/www.quebakan.com\\\/v15\\\/wp-content\\\/uploads\\\/2026\\\/01\\\/1002070966.jpg\",\"articleSection\":[\"Noticias\"],\"inLanguage\":\"es\"},{\"@type\":\"WebPage\",\"@id\":\"https:\\\/\\\/www.quebakan.com\\\/v15\\\/nando-orrala-la-voz-heredada-de-los-rios-que-busca-conquistar-escenarios-nacionales-e-internacionales\\\/\",\"url\":\"https:\\\/\\\/www.quebakan.com\\\/v15\\\/nando-orrala-la-voz-heredada-de-los-rios-que-busca-conquistar-escenarios-nacionales-e-internacionales\\\/\",\"name\":\"Nando Orrala, la voz heredada de Los R\u00edos que busca conquistar escenarios nacionales e internacionales &#8211; QUEBAKAN.COM 2026: Noticias, Eventos, Conciertos y mucho m\u00e1s....\",\"isPartOf\":{\"@id\":\"https:\\\/\\\/www.quebakan.com\\\/v15\\\/#website\"},\"primaryImageOfPage\":{\"@id\":\"https:\\\/\\\/www.quebakan.com\\\/v15\\\/nando-orrala-la-voz-heredada-de-los-rios-que-busca-conquistar-escenarios-nacionales-e-internacionales\\\/#primaryimage\"},\"image\":{\"@id\":\"https:\\\/\\\/www.quebakan.com\\\/v15\\\/nando-orrala-la-voz-heredada-de-los-rios-que-busca-conquistar-escenarios-nacionales-e-internacionales\\\/#primaryimage\"},\"thumbnailUrl\":\"https:\\\/\\\/www.quebakan.com\\\/v15\\\/wp-content\\\/uploads\\\/2026\\\/01\\\/1002070966.jpg\",\"datePublished\":\"2026-01-26T00:13:44+00:00\",\"breadcrumb\":{\"@id\":\"https:\\\/\\\/www.quebakan.com\\\/v15\\\/nando-orrala-la-voz-heredada-de-los-rios-que-busca-conquistar-escenarios-nacionales-e-internacionales\\\/#breadcrumb\"},\"inLanguage\":\"es\",\"potentialAction\":[{\"@type\":\"ReadAction\",\"target\":[\"https:\\\/\\\/www.quebakan.com\\\/v15\\\/nando-orrala-la-voz-heredada-de-los-rios-que-busca-conquistar-escenarios-nacionales-e-internacionales\\\/\"]}]},{\"@type\":\"ImageObject\",\"inLanguage\":\"es\",\"@id\":\"https:\\\/\\\/www.quebakan.com\\\/v15\\\/nando-orrala-la-voz-heredada-de-los-rios-que-busca-conquistar-escenarios-nacionales-e-internacionales\\\/#primaryimage\",\"url\":\"https:\\\/\\\/www.quebakan.com\\\/v15\\\/wp-content\\\/uploads\\\/2026\\\/01\\\/1002070966.jpg\",\"contentUrl\":\"https:\\\/\\\/www.quebakan.com\\\/v15\\\/wp-content\\\/uploads\\\/2026\\\/01\\\/1002070966.jpg\",\"width\":700,\"height\":698},{\"@type\":\"BreadcrumbList\",\"@id\":\"https:\\\/\\\/www.quebakan.com\\\/v15\\\/nando-orrala-la-voz-heredada-de-los-rios-que-busca-conquistar-escenarios-nacionales-e-internacionales\\\/#breadcrumb\",\"itemListElement\":[{\"@type\":\"ListItem\",\"position\":1,\"name\":\"Portada\",\"item\":\"https:\\\/\\\/www.quebakan.com\\\/v15\\\/\"},{\"@type\":\"ListItem\",\"position\":2,\"name\":\"Nando Orrala, la voz heredada de Los R\u00edos que busca conquistar escenarios nacionales e internacionales\"}]},{\"@type\":\"WebSite\",\"@id\":\"https:\\\/\\\/www.quebakan.com\\\/v15\\\/#website\",\"url\":\"https:\\\/\\\/www.quebakan.com\\\/v15\\\/\",\"name\":\"QUEBAKAN\",\"description\":\"..\",\"publisher\":{\"@id\":\"https:\\\/\\\/www.quebakan.com\\\/v15\\\/#organization\"},\"potentialAction\":[{\"@type\":\"SearchAction\",\"target\":{\"@type\":\"EntryPoint\",\"urlTemplate\":\"https:\\\/\\\/www.quebakan.com\\\/v15\\\/?s={search_term_string}\"},\"query-input\":{\"@type\":\"PropertyValueSpecification\",\"valueRequired\":true,\"valueName\":\"search_term_string\"}}],\"inLanguage\":\"es\"},{\"@type\":\"Organization\",\"@id\":\"https:\\\/\\\/www.quebakan.com\\\/v15\\\/#organization\",\"name\":\"Quebakan.com\",\"url\":\"https:\\\/\\\/www.quebakan.com\\\/v15\\\/\",\"logo\":{\"@type\":\"ImageObject\",\"inLanguage\":\"es\",\"@id\":\"https:\\\/\\\/www.quebakan.com\\\/v15\\\/#\\\/schema\\\/logo\\\/image\\\/\",\"url\":\"https:\\\/\\\/www.quebakan.com\\\/v15\\\/wp-content\\\/uploads\\\/2023\\\/07\\\/logoquebakanenero2021.jpg\",\"contentUrl\":\"https:\\\/\\\/www.quebakan.com\\\/v15\\\/wp-content\\\/uploads\\\/2023\\\/07\\\/logoquebakanenero2021.jpg\",\"width\":1920,\"height\":1080,\"caption\":\"Quebakan.com\"},\"image\":{\"@id\":\"https:\\\/\\\/www.quebakan.com\\\/v15\\\/#\\\/schema\\\/logo\\\/image\\\/\"},\"sameAs\":[\"http:\\\/\\\/www.facebook.com\\\/quebakan\",\"https:\\\/\\\/x.com\\\/quebakanec\",\"http:\\\/\\\/www.instagram.com\\\/quebakan\",\"http:\\\/\\\/www.youtube.com\\\/quebakan1\"]},{\"@type\":\"Person\",\"@id\":\"https:\\\/\\\/www.quebakan.com\\\/v15\\\/#\\\/schema\\\/person\\\/d90fa9f9cfa81eb8ace9811e5b7b9118\",\"name\":\"Erick Villafuerte\",\"image\":{\"@type\":\"ImageObject\",\"inLanguage\":\"es\",\"@id\":\"https:\\\/\\\/www.quebakan.com\\\/v15\\\/wp-content\\\/uploads\\\/avatars\\\/4\\\/1731297654-bpfull.png\",\"url\":\"https:\\\/\\\/www.quebakan.com\\\/v15\\\/wp-content\\\/uploads\\\/avatars\\\/4\\\/1731297654-bpfull.png\",\"contentUrl\":\"https:\\\/\\\/www.quebakan.com\\\/v15\\\/wp-content\\\/uploads\\\/avatars\\\/4\\\/1731297654-bpfull.png\",\"caption\":\"Erick Villafuerte\"}}]}<\/script>\n<!-- \/ Yoast SEO plugin. -->","yoast_head_json":{"title":"Nando Orrala, la voz heredada de Los R\u00edos que busca conquistar escenarios nacionales e internacionales &#8211; QUEBAKAN.COM 2026: Noticias, Eventos, Conciertos y mucho m\u00e1s....","robots":{"index":"index","follow":"follow","max-snippet":"max-snippet:-1","max-image-preview":"max-image-preview:large","max-video-preview":"max-video-preview:-1"},"canonical":"https:\/\/www.quebakan.com\/v15\/nando-orrala-la-voz-heredada-de-los-rios-que-busca-conquistar-escenarios-nacionales-e-internacionales\/","og_locale":"es_ES","og_type":"article","og_title":"Nando Orrala, la voz heredada de Los R\u00edos que busca conquistar escenarios nacionales e internacionales &#8211; QUEBAKAN.COM 2026: Noticias, Eventos, Conciertos y mucho m\u00e1s....","og_description":"Fernando Stalin Orrala Rodr\u00edguez, conocido art\u00edsticamente como Nando Orrala, es una de las voces emergentes con mayor proyecci\u00f3n en la escena musical de la provincia de Los R\u00edos. Nacido el 31 de octubre de 1990 en el cant\u00f3n Babahoyo, el artista creci\u00f3 en la parroquia El Salto, rodeado de una familia profundamente ligada a la [&hellip;]","og_url":"https:\/\/www.quebakan.com\/v15\/nando-orrala-la-voz-heredada-de-los-rios-que-busca-conquistar-escenarios-nacionales-e-internacionales\/","og_site_name":"QUEBAKAN.COM 2026: Noticias, Eventos, Conciertos y mucho m\u00e1s....","article_publisher":"http:\/\/www.facebook.com\/quebakan","article_published_time":"2026-01-26T00:13:44+00:00","og_image":[{"width":700,"height":698,"url":"https:\/\/www.quebakan.com\/v15\/wp-content\/uploads\/2026\/01\/1002070966.jpg","type":"image\/jpeg"}],"author":"Erick Villafuerte","twitter_card":"summary_large_image","twitter_creator":"@quebakanec","twitter_site":"@quebakanec","twitter_misc":{"Escrito por":"Erick Villafuerte","Tiempo de lectura":"3 minutos"},"schema":{"@context":"https:\/\/schema.org","@graph":[{"@type":"Article","@id":"https:\/\/www.quebakan.com\/v15\/nando-orrala-la-voz-heredada-de-los-rios-que-busca-conquistar-escenarios-nacionales-e-internacionales\/#article","isPartOf":{"@id":"https:\/\/www.quebakan.com\/v15\/nando-orrala-la-voz-heredada-de-los-rios-que-busca-conquistar-escenarios-nacionales-e-internacionales\/"},"author":{"name":"Erick Villafuerte","@id":"https:\/\/www.quebakan.com\/v15\/#\/schema\/person\/d90fa9f9cfa81eb8ace9811e5b7b9118"},"headline":"Nando Orrala, la voz heredada de Los R\u00edos que busca conquistar escenarios nacionales e internacionales","datePublished":"2026-01-26T00:13:44+00:00","mainEntityOfPage":{"@id":"https:\/\/www.quebakan.com\/v15\/nando-orrala-la-voz-heredada-de-los-rios-que-busca-conquistar-escenarios-nacionales-e-internacionales\/"},"wordCount":392,"publisher":{"@id":"https:\/\/www.quebakan.com\/v15\/#organization"},"image":{"@id":"https:\/\/www.quebakan.com\/v15\/nando-orrala-la-voz-heredada-de-los-rios-que-busca-conquistar-escenarios-nacionales-e-internacionales\/#primaryimage"},"thumbnailUrl":"https:\/\/www.quebakan.com\/v15\/wp-content\/uploads\/2026\/01\/1002070966.jpg","articleSection":["Noticias"],"inLanguage":"es"},{"@type":"WebPage","@id":"https:\/\/www.quebakan.com\/v15\/nando-orrala-la-voz-heredada-de-los-rios-que-busca-conquistar-escenarios-nacionales-e-internacionales\/","url":"https:\/\/www.quebakan.com\/v15\/nando-orrala-la-voz-heredada-de-los-rios-que-busca-conquistar-escenarios-nacionales-e-internacionales\/","name":"Nando Orrala, la voz heredada de Los R\u00edos que busca conquistar escenarios nacionales e internacionales &#8211; QUEBAKAN.COM 2026: Noticias, Eventos, Conciertos y mucho m\u00e1s....","isPartOf":{"@id":"https:\/\/www.quebakan.com\/v15\/#website"},"primaryImageOfPage":{"@id":"https:\/\/www.quebakan.com\/v15\/nando-orrala-la-voz-heredada-de-los-rios-que-busca-conquistar-escenarios-nacionales-e-internacionales\/#primaryimage"},"image":{"@id":"https:\/\/www.quebakan.com\/v15\/nando-orrala-la-voz-heredada-de-los-rios-que-busca-conquistar-escenarios-nacionales-e-internacionales\/#primaryimage"},"thumbnailUrl":"https:\/\/www.quebakan.com\/v15\/wp-content\/uploads\/2026\/01\/1002070966.jpg","datePublished":"2026-01-26T00:13:44+00:00","breadcrumb":{"@id":"https:\/\/www.quebakan.com\/v15\/nando-orrala-la-voz-heredada-de-los-rios-que-busca-conquistar-escenarios-nacionales-e-internacionales\/#breadcrumb"},"inLanguage":"es","potentialAction":[{"@type":"ReadAction","target":["https:\/\/www.quebakan.com\/v15\/nando-orrala-la-voz-heredada-de-los-rios-que-busca-conquistar-escenarios-nacionales-e-internacionales\/"]}]},{"@type":"ImageObject","inLanguage":"es","@id":"https:\/\/www.quebakan.com\/v15\/nando-orrala-la-voz-heredada-de-los-rios-que-busca-conquistar-escenarios-nacionales-e-internacionales\/#primaryimage","url":"https:\/\/www.quebakan.com\/v15\/wp-content\/uploads\/2026\/01\/1002070966.jpg","contentUrl":"https:\/\/www.quebakan.com\/v15\/wp-content\/uploads\/2026\/01\/1002070966.jpg","width":700,"height":698},{"@type":"BreadcrumbList","@id":"https:\/\/www.quebakan.com\/v15\/nando-orrala-la-voz-heredada-de-los-rios-que-busca-conquistar-escenarios-nacionales-e-internacionales\/#breadcrumb","itemListElement":[{"@type":"ListItem","position":1,"name":"Portada","item":"https:\/\/www.quebakan.com\/v15\/"},{"@type":"ListItem","position":2,"name":"Nando Orrala, la voz heredada de Los R\u00edos que busca conquistar escenarios nacionales e internacionales"}]},{"@type":"WebSite","@id":"https:\/\/www.quebakan.com\/v15\/#website","url":"https:\/\/www.quebakan.com\/v15\/","name":"QUEBAKAN","description":"..","publisher":{"@id":"https:\/\/www.quebakan.com\/v15\/#organization"},"potentialAction":[{"@type":"SearchAction","target":{"@type":"EntryPoint","urlTemplate":"https:\/\/www.quebakan.com\/v15\/?s={search_term_string}"},"query-input":{"@type":"PropertyValueSpecification","valueRequired":true,"valueName":"search_term_string"}}],"inLanguage":"es"},{"@type":"Organization","@id":"https:\/\/www.quebakan.com\/v15\/#organization","name":"Quebakan.com","url":"https:\/\/www.quebakan.com\/v15\/","logo":{"@type":"ImageObject","inLanguage":"es","@id":"https:\/\/www.quebakan.com\/v15\/#\/schema\/logo\/image\/","url":"https:\/\/www.quebakan.com\/v15\/wp-content\/uploads\/2023\/07\/logoquebakanenero2021.jpg","contentUrl":"https:\/\/www.quebakan.com\/v15\/wp-content\/uploads\/2023\/07\/logoquebakanenero2021.jpg","width":1920,"height":1080,"caption":"Quebakan.com"},"image":{"@id":"https:\/\/www.quebakan.com\/v15\/#\/schema\/logo\/image\/"},"sameAs":["http:\/\/www.facebook.com\/quebakan","https:\/\/x.com\/quebakanec","http:\/\/www.instagram.com\/quebakan","http:\/\/www.youtube.com\/quebakan1"]},{"@type":"Person","@id":"https:\/\/www.quebakan.com\/v15\/#\/schema\/person\/d90fa9f9cfa81eb8ace9811e5b7b9118","name":"Erick Villafuerte","image":{"@type":"ImageObject","inLanguage":"es","@id":"https:\/\/www.quebakan.com\/v15\/wp-content\/uploads\/avatars\/4\/1731297654-bpfull.png","url":"https:\/\/www.quebakan.com\/v15\/wp-content\/uploads\/avatars\/4\/1731297654-bpfull.png","contentUrl":"https:\/\/www.quebakan.com\/v15\/wp-content\/uploads\/avatars\/4\/1731297654-bpfull.png","caption":"Erick Villafuerte"}}]}},"_links":{"self":[{"href":"https:\/\/www.quebakan.com\/v15\/wp-json\/wp\/v2\/posts\/139336","targetHints":{"allow":["GET"]}}],"collection":[{"href":"https:\/\/www.quebakan.com\/v15\/wp-json\/wp\/v2\/posts"}],"about":[{"href":"https:\/\/www.quebakan.com\/v15\/wp-json\/wp\/v2\/types\/post"}],"author":[{"embeddable":true,"href":"https:\/\/www.quebakan.com\/v15\/wp-json\/wp\/v2\/users\/4"}],"replies":[{"embeddable":true,"href":"https:\/\/www.quebakan.com\/v15\/wp-json\/wp\/v2\/comments?post=139336"}],"version-history":[{"count":1,"href":"https:\/\/www.quebakan.com\/v15\/wp-json\/wp\/v2\/posts\/139336\/revisions"}],"predecessor-version":[{"id":139339,"href":"https:\/\/www.quebakan.com\/v15\/wp-json\/wp\/v2\/posts\/139336\/revisions\/139339"}],"wp:featuredmedia":[{"embeddable":true,"href":"https:\/\/www.quebakan.com\/v15\/wp-json\/wp\/v2\/media\/139337"}],"wp:attachment":[{"href":"https:\/\/www.quebakan.com\/v15\/wp-json\/wp\/v2\/media?parent=139336"}],"wp:term":[{"taxonomy":"category","embeddable":true,"href":"https:\/\/www.quebakan.com\/v15\/wp-json\/wp\/v2\/categories?post=139336"},{"taxonomy":"post_tag","embeddable":true,"href":"https:\/\/www.quebakan.com\/v15\/wp-json\/wp\/v2\/tags?post=139336"}],"curies":[{"name":"wp","href":"https:\/\/api.w.org\/{rel}","templated":true}]}}