{"id":139351,"date":"2026-01-25T21:01:14","date_gmt":"2026-01-26T02:01:14","guid":{"rendered":"https:\/\/www.quebakan.com\/v15\/?p=139351"},"modified":"2026-01-25T21:01:14","modified_gmt":"2026-01-26T02:01:14","slug":"expoenergia-energy-summit-ecuador-2026-el-punto-de-inflexion-del-debate-energetico-nacional","status":"publish","type":"post","link":"https:\/\/www.quebakan.com\/v15\/expoenergia-energy-summit-ecuador-2026-el-punto-de-inflexion-del-debate-energetico-nacional\/","title":{"rendered":"ExpoEnerg\u00eda &#038; Energy Summit Ecuador 2026, el punto de inflexi\u00f3n del debate energ\u00e9tico nacional"},"content":{"rendered":"<p><img fetchpriority=\"high\" decoding=\"async\" class=\"aligncenter size-full wp-image-139352\" src=\"https:\/\/www.quebakan.com\/v15\/wp-content\/uploads\/2026\/01\/EMPRESARIAL.jpg\" alt=\"\" width=\"700\" height=\"525\" \/><\/p>\n<p style=\"text-align: justify;\"><span style=\"color: #000000;\"><strong><em>En la foto:<\/em><\/strong> <em>Jae Hyun Shim, embajador de la Rep\u00fablica de Corea; Jens Peter L\u00fctkenherm, embajador de la Rep\u00fablica Federal de Alemania; Eduardo Rosero, presidente de AEEREE; Ignez Tristao, representante en Ecuador del Banco Interamericano de Desarrollo; Andr\u00e9s Rebolledo, secretario general OLACDE y Rosa Alarc\u00f3n, directora de Coordinamos.<\/em><\/span><\/p>\n<ul style=\"text-align: justify;\">\n<li><span style=\"color: #000000;\"><em>El<\/em><em> encuentro m\u00e1s importante del pa\u00eds dedicado a energ\u00edas renovables, eficiencia energ\u00e9tica y sostenibilidad, consolid\u00e1ndose como la vitrina donde convergen innovaci\u00f3n, tecnolog\u00eda, proyectos y oportunidades de negocio.<\/em><\/span><\/li>\n<\/ul>\n<p style=\"text-align: justify;\"><span style=\"color: #000000;\"><strong>Quito, enero de 2026.<\/strong> \u2014 El debate energ\u00e9tico en el Ecuador ha dejado de ser un asunto exclusivamente t\u00e9cnico para convertirse en un tema de inter\u00e9s p\u00fablico, econ\u00f3mico y estrat\u00e9gico. Los apagones registrados entre 2024 y 2025, las restricciones operativas del sistema el\u00e9ctrico y su impacto directo en la producci\u00f3n, el empleo y la competitividad han puesto en evidencia una verdad inc\u00f3moda: el modelo energ\u00e9tico actual requiere una transformaci\u00f3n urgente, planificada y con visi\u00f3n de largo plazo.<\/span><\/p>\n<p style=\"text-align: justify;\"><span style=\"color: #000000;\">En este escenario, ExpoEnerg\u00eda &amp; Energy Summit Ecuador 2026 emerge como algo m\u00e1s que una feria sectorial: se proyecta como una plataforma pa\u00eds capaz de articular diagn\u00f3stico, soluciones t\u00e9cnicas, inversi\u00f3n y di\u00e1logo institucional en un momento decisivo para el futuro energ\u00e9tico nacional.<\/span><\/p>\n<p style=\"text-align: justify;\"><span style=\"color: #000000;\">El sistema el\u00e9ctrico ecuatoriano mantiene una alta dependencia de la generaci\u00f3n hidroel\u00e9ctrica \u2014entre el 70 % y 72 % de la matriz, seg\u00fan el Plan Maestro de Electricidad 2023\u20132032\u2014, lo que lo vuelve vulnerable frente a sequ\u00edas prolongadas, estiajes severos y eventos asociados al cambio clim\u00e1tico. Entre 2023 y 2024, el pa\u00eds enfrent\u00f3 racionamientos el\u00e9ctricos de varias horas diarias, resultado de una combinaci\u00f3n de baja hidrolog\u00eda, fallas t\u00e9cnicas en centrales estrat\u00e9gicas y p\u00e9rdidas t\u00e9cnicas y comerciales superiores al 15 % en las redes de transmisi\u00f3n y distribuci\u00f3n. A esto se suma una demanda el\u00e9ctrica creciente que no ha sido acompa\u00f1ada por una expansi\u00f3n equivalente de la oferta ni por una modernizaci\u00f3n suficiente del sistema.<\/span><\/p>\n<p style=\"text-align: justify;\"><span style=\"color: #000000;\">El debate se intensific\u00f3 a inicios de 2026 tras la sentencia de la Corte Constitucional relacionada con el sector el\u00e9ctrico, que reabri\u00f3 la discusi\u00f3n sobre el rol de la inversi\u00f3n privada, la delegaci\u00f3n de servicios y la necesidad de reglas claras para atraer capital, tecnolog\u00eda y conocimiento. En paralelo, el Gobierno ha hecho llamados p\u00fablicos a la autogeneraci\u00f3n privada y a la venta de excedentes al sistema nacional, reconociendo que la soluci\u00f3n no puede recaer exclusivamente en el Estado. Este giro marca un punto de inflexi\u00f3n: la transici\u00f3n energ\u00e9tica deja de ser aspiracional y se vuelve una necesidad econ\u00f3mica y de seguridad energ\u00e9tica.<\/span><\/p>\n<p style=\"text-align: justify;\"><span style=\"color: #000000;\">En este contexto, el Ecuador cuenta con ventajas estrat\u00e9gicas a\u00fan subaprovechadas: alto potencial solar y e\u00f3lico, capacidades t\u00e9cnicas locales en eficiencia energ\u00e9tica y generaci\u00f3n distribuida, y un inter\u00e9s creciente de la banca y organismos multilaterales por financiar proyectos verdes bajo condiciones de seguridad jur\u00eddica y planificaci\u00f3n.<\/span><\/p>\n<p style=\"text-align: justify;\"><span style=\"color: #000000;\">Es precisamente aqu\u00ed donde ExpoEnerg\u00eda &amp; Energy Summit Ecuador 2026, organizado por la Asociaci\u00f3n Ecuatoriana de Energ\u00edas Renovables y Eficiencia Energ\u00e9tica (AEEREE), adquiere relevancia estrat\u00e9gica. El evento integra una feria especializada en tecnolog\u00edas limpias, un summit de alto nivel sobre regulaci\u00f3n y financiamiento energ\u00e9tico, y una rueda de negocios orientada a convertir el di\u00e1logo en inversiones y alianzas concretas.<\/span><\/p>\n<p style=\"text-align: justify;\"><span style=\"color: #000000;\">Para Eduardo Rosero, presidente de AEEREE, el momento es clave: <em>\u201cEl pa\u00eds ya no puede seguir reaccionando a las crisis; necesitamos planificaci\u00f3n energ\u00e9tica de largo plazo, reglas claras y una verdadera articulaci\u00f3n p\u00fablico\u2013privada. ExpoEnerg\u00eda 2026 nace justamente para eso: para convertir la coyuntura en estrategia y las buenas intenciones en proyectos reales\u201d<\/em>.<\/span><\/p>\n<p style=\"text-align: justify;\"><span style=\"color: #000000;\">Rosero a\u00f1ade que el evento busca cambiar la narrativa del sector: <em>\u201cNo se trata solo de superar los apagones, sino de construir un sistema energ\u00e9tico resiliente, diversificado en varias teconolog\u00edas, competitivo y moderno que impulse la inversi\u00f3n, el empleo y la innovaci\u00f3n. La transici\u00f3n energ\u00e9tica es una oportunidad econ\u00f3mica, no un costo\u201d<\/em>.<\/span><\/p>\n<p style=\"text-align: justify;\"><span style=\"color: #000000;\">ExpoEnerg\u00eda 2026 se proyecta como un espacio leg\u00edtimo de encuentro entre reguladores, empresas, desarrolladores de proyectos, banca y cooperaci\u00f3n internacional, con el prop\u00f3sito de traducir la crisis energ\u00e9tica en hojas de ruta concretas y posicionar la transici\u00f3n energ\u00e9tica como un eje de competitividad y desarrollo.<\/span><\/p>\n<p style=\"text-align: justify;\"><span style=\"color: #000000;\">M\u00e1s que un evento, ExpoEnerg\u00eda &amp; Energy Summit Ecuador 2026 se presenta como una se\u00f1al de futuro en un momento en que el pa\u00eds redefine su modelo energ\u00e9tico, el rol del Estado y del sector privado. La energ\u00eda, hoy m\u00e1s que nunca, es seguridad nacional, productividad y desarrollo.<\/span><\/p>\n<p style=\"text-align: justify;\"><span style=\"color: #000000;\">\u00a0Para m\u00e1s informaci\u00f3n ingresar al site: <a style=\"color: #000000;\" href=\"http:\/\/www.expoenergia.ec\">www.expoenergia.ec<\/a><\/span><\/p>\n","protected":false},"excerpt":{"rendered":"<p>En la foto: Jae Hyun Shim, embajador de la Rep\u00fablica de Corea; Jens Peter L\u00fctkenherm, embajador de la Rep\u00fablica Federal de Alemania; Eduardo Rosero, presidente de AEEREE; Ignez Tristao, representante en Ecuador del Banco Interamericano de Desarrollo; Andr\u00e9s Rebolledo, secretario general OLACDE y Rosa Alarc\u00f3n, directora de Coordinamos. El encuentro m\u00e1s importante del pa\u00eds dedicado [&hellip;]<\/p>\n","protected":false},"author":4,"featured_media":139352,"comment_status":"closed","ping_status":"closed","sticky":false,"template":"","format":"standard","meta":{"_bbp_topic_count":0,"_bbp_reply_count":0,"_bbp_total_topic_count":0,"_bbp_total_reply_count":0,"_bbp_voice_count":0,"_bbp_anonymous_reply_count":0,"_bbp_topic_count_hidden":0,"_bbp_reply_count_hidden":0,"_bbp_forum_subforum_count":0,"buzzeditor_post_format":"","footnotes":""},"categories":[2],"tags":[],"class_list":["post-139351","post","type-post","status-publish","format-standard","has-post-thumbnail","hentry","category-noticias"],"yoast_head":"<!-- This site is optimized with the Yoast SEO plugin v27.5 - https:\/\/yoast.com\/product\/yoast-seo-wordpress\/ -->\n<title>ExpoEnerg\u00eda &amp; Energy Summit Ecuador 2026, el punto de inflexi\u00f3n del debate energ\u00e9tico nacional &#8211; QUEBAKAN.COM 2026: Noticias, Eventos, Conciertos y mucho m\u00e1s....<\/title>\n<meta name=\"robots\" content=\"index, follow, max-snippet:-1, max-image-preview:large, max-video-preview:-1\" \/>\n<link rel=\"canonical\" href=\"https:\/\/www.quebakan.com\/v15\/expoenergia-energy-summit-ecuador-2026-el-punto-de-inflexion-del-debate-energetico-nacional\/\" \/>\n<meta property=\"og:locale\" content=\"es_ES\" \/>\n<meta property=\"og:type\" content=\"article\" \/>\n<meta property=\"og:title\" content=\"ExpoEnerg\u00eda &amp; Energy Summit Ecuador 2026, el punto de inflexi\u00f3n del debate energ\u00e9tico nacional &#8211; QUEBAKAN.COM 2026: Noticias, Eventos, Conciertos y mucho m\u00e1s....\" \/>\n<meta property=\"og:description\" content=\"En la foto: Jae Hyun Shim, embajador de la Rep\u00fablica de Corea; Jens Peter L\u00fctkenherm, embajador de la Rep\u00fablica Federal de Alemania; Eduardo Rosero, presidente de AEEREE; Ignez Tristao, representante en Ecuador del Banco Interamericano de Desarrollo; Andr\u00e9s Rebolledo, secretario general OLACDE y Rosa Alarc\u00f3n, directora de Coordinamos. El encuentro m\u00e1s importante del pa\u00eds dedicado [&hellip;]\" \/>\n<meta property=\"og:url\" content=\"https:\/\/www.quebakan.com\/v15\/expoenergia-energy-summit-ecuador-2026-el-punto-de-inflexion-del-debate-energetico-nacional\/\" \/>\n<meta property=\"og:site_name\" content=\"QUEBAKAN.COM 2026: Noticias, Eventos, Conciertos y mucho m\u00e1s....\" \/>\n<meta property=\"article:publisher\" content=\"http:\/\/www.facebook.com\/quebakan\" \/>\n<meta property=\"article:published_time\" content=\"2026-01-26T02:01:14+00:00\" \/>\n<meta property=\"og:image\" content=\"https:\/\/www.quebakan.com\/v15\/wp-content\/uploads\/2026\/01\/EMPRESARIAL.jpg\" \/>\n\t<meta property=\"og:image:width\" content=\"700\" \/>\n\t<meta property=\"og:image:height\" content=\"525\" \/>\n\t<meta property=\"og:image:type\" content=\"image\/jpeg\" \/>\n<meta name=\"author\" content=\"Erick Villafuerte\" \/>\n<meta name=\"twitter:card\" content=\"summary_large_image\" \/>\n<meta name=\"twitter:creator\" content=\"@quebakanec\" \/>\n<meta name=\"twitter:site\" content=\"@quebakanec\" \/>\n<meta name=\"twitter:label1\" content=\"Escrito por\" \/>\n\t<meta name=\"twitter:data1\" content=\"Erick Villafuerte\" \/>\n\t<meta name=\"twitter:label2\" content=\"Tiempo de lectura\" \/>\n\t<meta name=\"twitter:data2\" content=\"4 minutos\" \/>\n<script type=\"application\/ld+json\" class=\"yoast-schema-graph\">{\"@context\":\"https:\\\/\\\/schema.org\",\"@graph\":[{\"@type\":\"Article\",\"@id\":\"https:\\\/\\\/www.quebakan.com\\\/v15\\\/expoenergia-energy-summit-ecuador-2026-el-punto-de-inflexion-del-debate-energetico-nacional\\\/#article\",\"isPartOf\":{\"@id\":\"https:\\\/\\\/www.quebakan.com\\\/v15\\\/expoenergia-energy-summit-ecuador-2026-el-punto-de-inflexion-del-debate-energetico-nacional\\\/\"},\"author\":{\"name\":\"Erick Villafuerte\",\"@id\":\"https:\\\/\\\/www.quebakan.com\\\/v15\\\/#\\\/schema\\\/person\\\/d90fa9f9cfa81eb8ace9811e5b7b9118\"},\"headline\":\"ExpoEnerg\u00eda &#038; Energy Summit Ecuador 2026, el punto de inflexi\u00f3n del debate energ\u00e9tico nacional\",\"datePublished\":\"2026-01-26T02:01:14+00:00\",\"mainEntityOfPage\":{\"@id\":\"https:\\\/\\\/www.quebakan.com\\\/v15\\\/expoenergia-energy-summit-ecuador-2026-el-punto-de-inflexion-del-debate-energetico-nacional\\\/\"},\"wordCount\":832,\"publisher\":{\"@id\":\"https:\\\/\\\/www.quebakan.com\\\/v15\\\/#organization\"},\"image\":{\"@id\":\"https:\\\/\\\/www.quebakan.com\\\/v15\\\/expoenergia-energy-summit-ecuador-2026-el-punto-de-inflexion-del-debate-energetico-nacional\\\/#primaryimage\"},\"thumbnailUrl\":\"https:\\\/\\\/www.quebakan.com\\\/v15\\\/wp-content\\\/uploads\\\/2026\\\/01\\\/EMPRESARIAL.jpg\",\"articleSection\":[\"Noticias\"],\"inLanguage\":\"es\"},{\"@type\":\"WebPage\",\"@id\":\"https:\\\/\\\/www.quebakan.com\\\/v15\\\/expoenergia-energy-summit-ecuador-2026-el-punto-de-inflexion-del-debate-energetico-nacional\\\/\",\"url\":\"https:\\\/\\\/www.quebakan.com\\\/v15\\\/expoenergia-energy-summit-ecuador-2026-el-punto-de-inflexion-del-debate-energetico-nacional\\\/\",\"name\":\"ExpoEnerg\u00eda & Energy Summit Ecuador 2026, el punto de inflexi\u00f3n del debate energ\u00e9tico nacional &#8211; QUEBAKAN.COM 2026: Noticias, Eventos, Conciertos y mucho m\u00e1s....\",\"isPartOf\":{\"@id\":\"https:\\\/\\\/www.quebakan.com\\\/v15\\\/#website\"},\"primaryImageOfPage\":{\"@id\":\"https:\\\/\\\/www.quebakan.com\\\/v15\\\/expoenergia-energy-summit-ecuador-2026-el-punto-de-inflexion-del-debate-energetico-nacional\\\/#primaryimage\"},\"image\":{\"@id\":\"https:\\\/\\\/www.quebakan.com\\\/v15\\\/expoenergia-energy-summit-ecuador-2026-el-punto-de-inflexion-del-debate-energetico-nacional\\\/#primaryimage\"},\"thumbnailUrl\":\"https:\\\/\\\/www.quebakan.com\\\/v15\\\/wp-content\\\/uploads\\\/2026\\\/01\\\/EMPRESARIAL.jpg\",\"datePublished\":\"2026-01-26T02:01:14+00:00\",\"breadcrumb\":{\"@id\":\"https:\\\/\\\/www.quebakan.com\\\/v15\\\/expoenergia-energy-summit-ecuador-2026-el-punto-de-inflexion-del-debate-energetico-nacional\\\/#breadcrumb\"},\"inLanguage\":\"es\",\"potentialAction\":[{\"@type\":\"ReadAction\",\"target\":[\"https:\\\/\\\/www.quebakan.com\\\/v15\\\/expoenergia-energy-summit-ecuador-2026-el-punto-de-inflexion-del-debate-energetico-nacional\\\/\"]}]},{\"@type\":\"ImageObject\",\"inLanguage\":\"es\",\"@id\":\"https:\\\/\\\/www.quebakan.com\\\/v15\\\/expoenergia-energy-summit-ecuador-2026-el-punto-de-inflexion-del-debate-energetico-nacional\\\/#primaryimage\",\"url\":\"https:\\\/\\\/www.quebakan.com\\\/v15\\\/wp-content\\\/uploads\\\/2026\\\/01\\\/EMPRESARIAL.jpg\",\"contentUrl\":\"https:\\\/\\\/www.quebakan.com\\\/v15\\\/wp-content\\\/uploads\\\/2026\\\/01\\\/EMPRESARIAL.jpg\",\"width\":700,\"height\":525},{\"@type\":\"BreadcrumbList\",\"@id\":\"https:\\\/\\\/www.quebakan.com\\\/v15\\\/expoenergia-energy-summit-ecuador-2026-el-punto-de-inflexion-del-debate-energetico-nacional\\\/#breadcrumb\",\"itemListElement\":[{\"@type\":\"ListItem\",\"position\":1,\"name\":\"Portada\",\"item\":\"https:\\\/\\\/www.quebakan.com\\\/v15\\\/\"},{\"@type\":\"ListItem\",\"position\":2,\"name\":\"ExpoEnerg\u00eda &#038; Energy Summit Ecuador 2026, el punto de inflexi\u00f3n del debate energ\u00e9tico nacional\"}]},{\"@type\":\"WebSite\",\"@id\":\"https:\\\/\\\/www.quebakan.com\\\/v15\\\/#website\",\"url\":\"https:\\\/\\\/www.quebakan.com\\\/v15\\\/\",\"name\":\"QUEBAKAN\",\"description\":\"..\",\"publisher\":{\"@id\":\"https:\\\/\\\/www.quebakan.com\\\/v15\\\/#organization\"},\"potentialAction\":[{\"@type\":\"SearchAction\",\"target\":{\"@type\":\"EntryPoint\",\"urlTemplate\":\"https:\\\/\\\/www.quebakan.com\\\/v15\\\/?s={search_term_string}\"},\"query-input\":{\"@type\":\"PropertyValueSpecification\",\"valueRequired\":true,\"valueName\":\"search_term_string\"}}],\"inLanguage\":\"es\"},{\"@type\":\"Organization\",\"@id\":\"https:\\\/\\\/www.quebakan.com\\\/v15\\\/#organization\",\"name\":\"Quebakan.com\",\"url\":\"https:\\\/\\\/www.quebakan.com\\\/v15\\\/\",\"logo\":{\"@type\":\"ImageObject\",\"inLanguage\":\"es\",\"@id\":\"https:\\\/\\\/www.quebakan.com\\\/v15\\\/#\\\/schema\\\/logo\\\/image\\\/\",\"url\":\"https:\\\/\\\/www.quebakan.com\\\/v15\\\/wp-content\\\/uploads\\\/2023\\\/07\\\/logoquebakanenero2021.jpg\",\"contentUrl\":\"https:\\\/\\\/www.quebakan.com\\\/v15\\\/wp-content\\\/uploads\\\/2023\\\/07\\\/logoquebakanenero2021.jpg\",\"width\":1920,\"height\":1080,\"caption\":\"Quebakan.com\"},\"image\":{\"@id\":\"https:\\\/\\\/www.quebakan.com\\\/v15\\\/#\\\/schema\\\/logo\\\/image\\\/\"},\"sameAs\":[\"http:\\\/\\\/www.facebook.com\\\/quebakan\",\"https:\\\/\\\/x.com\\\/quebakanec\",\"http:\\\/\\\/www.instagram.com\\\/quebakan\",\"http:\\\/\\\/www.youtube.com\\\/quebakan1\"]},{\"@type\":\"Person\",\"@id\":\"https:\\\/\\\/www.quebakan.com\\\/v15\\\/#\\\/schema\\\/person\\\/d90fa9f9cfa81eb8ace9811e5b7b9118\",\"name\":\"Erick Villafuerte\",\"image\":{\"@type\":\"ImageObject\",\"inLanguage\":\"es\",\"@id\":\"https:\\\/\\\/www.quebakan.com\\\/v15\\\/wp-content\\\/uploads\\\/avatars\\\/4\\\/1731297654-bpfull.png\",\"url\":\"https:\\\/\\\/www.quebakan.com\\\/v15\\\/wp-content\\\/uploads\\\/avatars\\\/4\\\/1731297654-bpfull.png\",\"contentUrl\":\"https:\\\/\\\/www.quebakan.com\\\/v15\\\/wp-content\\\/uploads\\\/avatars\\\/4\\\/1731297654-bpfull.png\",\"caption\":\"Erick Villafuerte\"}}]}<\/script>\n<!-- \/ Yoast SEO plugin. -->","yoast_head_json":{"title":"ExpoEnerg\u00eda & Energy Summit Ecuador 2026, el punto de inflexi\u00f3n del debate energ\u00e9tico nacional &#8211; QUEBAKAN.COM 2026: Noticias, Eventos, Conciertos y mucho m\u00e1s....","robots":{"index":"index","follow":"follow","max-snippet":"max-snippet:-1","max-image-preview":"max-image-preview:large","max-video-preview":"max-video-preview:-1"},"canonical":"https:\/\/www.quebakan.com\/v15\/expoenergia-energy-summit-ecuador-2026-el-punto-de-inflexion-del-debate-energetico-nacional\/","og_locale":"es_ES","og_type":"article","og_title":"ExpoEnerg\u00eda & Energy Summit Ecuador 2026, el punto de inflexi\u00f3n del debate energ\u00e9tico nacional &#8211; QUEBAKAN.COM 2026: Noticias, Eventos, Conciertos y mucho m\u00e1s....","og_description":"En la foto: Jae Hyun Shim, embajador de la Rep\u00fablica de Corea; Jens Peter L\u00fctkenherm, embajador de la Rep\u00fablica Federal de Alemania; Eduardo Rosero, presidente de AEEREE; Ignez Tristao, representante en Ecuador del Banco Interamericano de Desarrollo; Andr\u00e9s Rebolledo, secretario general OLACDE y Rosa Alarc\u00f3n, directora de Coordinamos. El encuentro m\u00e1s importante del pa\u00eds dedicado [&hellip;]","og_url":"https:\/\/www.quebakan.com\/v15\/expoenergia-energy-summit-ecuador-2026-el-punto-de-inflexion-del-debate-energetico-nacional\/","og_site_name":"QUEBAKAN.COM 2026: Noticias, Eventos, Conciertos y mucho m\u00e1s....","article_publisher":"http:\/\/www.facebook.com\/quebakan","article_published_time":"2026-01-26T02:01:14+00:00","og_image":[{"width":700,"height":525,"url":"https:\/\/www.quebakan.com\/v15\/wp-content\/uploads\/2026\/01\/EMPRESARIAL.jpg","type":"image\/jpeg"}],"author":"Erick Villafuerte","twitter_card":"summary_large_image","twitter_creator":"@quebakanec","twitter_site":"@quebakanec","twitter_misc":{"Escrito por":"Erick Villafuerte","Tiempo de lectura":"4 minutos"},"schema":{"@context":"https:\/\/schema.org","@graph":[{"@type":"Article","@id":"https:\/\/www.quebakan.com\/v15\/expoenergia-energy-summit-ecuador-2026-el-punto-de-inflexion-del-debate-energetico-nacional\/#article","isPartOf":{"@id":"https:\/\/www.quebakan.com\/v15\/expoenergia-energy-summit-ecuador-2026-el-punto-de-inflexion-del-debate-energetico-nacional\/"},"author":{"name":"Erick Villafuerte","@id":"https:\/\/www.quebakan.com\/v15\/#\/schema\/person\/d90fa9f9cfa81eb8ace9811e5b7b9118"},"headline":"ExpoEnerg\u00eda &#038; Energy Summit Ecuador 2026, el punto de inflexi\u00f3n del debate energ\u00e9tico nacional","datePublished":"2026-01-26T02:01:14+00:00","mainEntityOfPage":{"@id":"https:\/\/www.quebakan.com\/v15\/expoenergia-energy-summit-ecuador-2026-el-punto-de-inflexion-del-debate-energetico-nacional\/"},"wordCount":832,"publisher":{"@id":"https:\/\/www.quebakan.com\/v15\/#organization"},"image":{"@id":"https:\/\/www.quebakan.com\/v15\/expoenergia-energy-summit-ecuador-2026-el-punto-de-inflexion-del-debate-energetico-nacional\/#primaryimage"},"thumbnailUrl":"https:\/\/www.quebakan.com\/v15\/wp-content\/uploads\/2026\/01\/EMPRESARIAL.jpg","articleSection":["Noticias"],"inLanguage":"es"},{"@type":"WebPage","@id":"https:\/\/www.quebakan.com\/v15\/expoenergia-energy-summit-ecuador-2026-el-punto-de-inflexion-del-debate-energetico-nacional\/","url":"https:\/\/www.quebakan.com\/v15\/expoenergia-energy-summit-ecuador-2026-el-punto-de-inflexion-del-debate-energetico-nacional\/","name":"ExpoEnerg\u00eda & Energy Summit Ecuador 2026, el punto de inflexi\u00f3n del debate energ\u00e9tico nacional &#8211; QUEBAKAN.COM 2026: Noticias, Eventos, Conciertos y mucho m\u00e1s....","isPartOf":{"@id":"https:\/\/www.quebakan.com\/v15\/#website"},"primaryImageOfPage":{"@id":"https:\/\/www.quebakan.com\/v15\/expoenergia-energy-summit-ecuador-2026-el-punto-de-inflexion-del-debate-energetico-nacional\/#primaryimage"},"image":{"@id":"https:\/\/www.quebakan.com\/v15\/expoenergia-energy-summit-ecuador-2026-el-punto-de-inflexion-del-debate-energetico-nacional\/#primaryimage"},"thumbnailUrl":"https:\/\/www.quebakan.com\/v15\/wp-content\/uploads\/2026\/01\/EMPRESARIAL.jpg","datePublished":"2026-01-26T02:01:14+00:00","breadcrumb":{"@id":"https:\/\/www.quebakan.com\/v15\/expoenergia-energy-summit-ecuador-2026-el-punto-de-inflexion-del-debate-energetico-nacional\/#breadcrumb"},"inLanguage":"es","potentialAction":[{"@type":"ReadAction","target":["https:\/\/www.quebakan.com\/v15\/expoenergia-energy-summit-ecuador-2026-el-punto-de-inflexion-del-debate-energetico-nacional\/"]}]},{"@type":"ImageObject","inLanguage":"es","@id":"https:\/\/www.quebakan.com\/v15\/expoenergia-energy-summit-ecuador-2026-el-punto-de-inflexion-del-debate-energetico-nacional\/#primaryimage","url":"https:\/\/www.quebakan.com\/v15\/wp-content\/uploads\/2026\/01\/EMPRESARIAL.jpg","contentUrl":"https:\/\/www.quebakan.com\/v15\/wp-content\/uploads\/2026\/01\/EMPRESARIAL.jpg","width":700,"height":525},{"@type":"BreadcrumbList","@id":"https:\/\/www.quebakan.com\/v15\/expoenergia-energy-summit-ecuador-2026-el-punto-de-inflexion-del-debate-energetico-nacional\/#breadcrumb","itemListElement":[{"@type":"ListItem","position":1,"name":"Portada","item":"https:\/\/www.quebakan.com\/v15\/"},{"@type":"ListItem","position":2,"name":"ExpoEnerg\u00eda &#038; Energy Summit Ecuador 2026, el punto de inflexi\u00f3n del debate energ\u00e9tico nacional"}]},{"@type":"WebSite","@id":"https:\/\/www.quebakan.com\/v15\/#website","url":"https:\/\/www.quebakan.com\/v15\/","name":"QUEBAKAN","description":"..","publisher":{"@id":"https:\/\/www.quebakan.com\/v15\/#organization"},"potentialAction":[{"@type":"SearchAction","target":{"@type":"EntryPoint","urlTemplate":"https:\/\/www.quebakan.com\/v15\/?s={search_term_string}"},"query-input":{"@type":"PropertyValueSpecification","valueRequired":true,"valueName":"search_term_string"}}],"inLanguage":"es"},{"@type":"Organization","@id":"https:\/\/www.quebakan.com\/v15\/#organization","name":"Quebakan.com","url":"https:\/\/www.quebakan.com\/v15\/","logo":{"@type":"ImageObject","inLanguage":"es","@id":"https:\/\/www.quebakan.com\/v15\/#\/schema\/logo\/image\/","url":"https:\/\/www.quebakan.com\/v15\/wp-content\/uploads\/2023\/07\/logoquebakanenero2021.jpg","contentUrl":"https:\/\/www.quebakan.com\/v15\/wp-content\/uploads\/2023\/07\/logoquebakanenero2021.jpg","width":1920,"height":1080,"caption":"Quebakan.com"},"image":{"@id":"https:\/\/www.quebakan.com\/v15\/#\/schema\/logo\/image\/"},"sameAs":["http:\/\/www.facebook.com\/quebakan","https:\/\/x.com\/quebakanec","http:\/\/www.instagram.com\/quebakan","http:\/\/www.youtube.com\/quebakan1"]},{"@type":"Person","@id":"https:\/\/www.quebakan.com\/v15\/#\/schema\/person\/d90fa9f9cfa81eb8ace9811e5b7b9118","name":"Erick Villafuerte","image":{"@type":"ImageObject","inLanguage":"es","@id":"https:\/\/www.quebakan.com\/v15\/wp-content\/uploads\/avatars\/4\/1731297654-bpfull.png","url":"https:\/\/www.quebakan.com\/v15\/wp-content\/uploads\/avatars\/4\/1731297654-bpfull.png","contentUrl":"https:\/\/www.quebakan.com\/v15\/wp-content\/uploads\/avatars\/4\/1731297654-bpfull.png","caption":"Erick Villafuerte"}}]}},"_links":{"self":[{"href":"https:\/\/www.quebakan.com\/v15\/wp-json\/wp\/v2\/posts\/139351","targetHints":{"allow":["GET"]}}],"collection":[{"href":"https:\/\/www.quebakan.com\/v15\/wp-json\/wp\/v2\/posts"}],"about":[{"href":"https:\/\/www.quebakan.com\/v15\/wp-json\/wp\/v2\/types\/post"}],"author":[{"embeddable":true,"href":"https:\/\/www.quebakan.com\/v15\/wp-json\/wp\/v2\/users\/4"}],"replies":[{"embeddable":true,"href":"https:\/\/www.quebakan.com\/v15\/wp-json\/wp\/v2\/comments?post=139351"}],"version-history":[{"count":1,"href":"https:\/\/www.quebakan.com\/v15\/wp-json\/wp\/v2\/posts\/139351\/revisions"}],"predecessor-version":[{"id":139353,"href":"https:\/\/www.quebakan.com\/v15\/wp-json\/wp\/v2\/posts\/139351\/revisions\/139353"}],"wp:featuredmedia":[{"embeddable":true,"href":"https:\/\/www.quebakan.com\/v15\/wp-json\/wp\/v2\/media\/139352"}],"wp:attachment":[{"href":"https:\/\/www.quebakan.com\/v15\/wp-json\/wp\/v2\/media?parent=139351"}],"wp:term":[{"taxonomy":"category","embeddable":true,"href":"https:\/\/www.quebakan.com\/v15\/wp-json\/wp\/v2\/categories?post=139351"},{"taxonomy":"post_tag","embeddable":true,"href":"https:\/\/www.quebakan.com\/v15\/wp-json\/wp\/v2\/tags?post=139351"}],"curies":[{"name":"wp","href":"https:\/\/api.w.org\/{rel}","templated":true}]}}