{"id":139362,"date":"2026-01-25T21:11:09","date_gmt":"2026-01-26T02:11:09","guid":{"rendered":"https:\/\/www.quebakan.com\/v15\/?p=139362"},"modified":"2026-01-25T21:11:09","modified_gmt":"2026-01-26T02:11:09","slug":"hablo-por-primera-vez-la-familia-de-liam-el-nino-ecuatoriano-de-5-anos-detenido-por-el-ice-en-estados-unidos","status":"publish","type":"post","link":"https:\/\/www.quebakan.com\/v15\/hablo-por-primera-vez-la-familia-de-liam-el-nino-ecuatoriano-de-5-anos-detenido-por-el-ice-en-estados-unidos\/","title":{"rendered":"Habl\u00f3 por primera vez la familia de Liam, el ni\u00f1o ecuatoriano de 5 a\u00f1os detenido por el ICE en Estados Unidos"},"content":{"rendered":"<p><img fetchpriority=\"high\" decoding=\"async\" class=\"aligncenter size-full wp-image-139363\" src=\"https:\/\/www.quebakan.com\/v15\/wp-content\/uploads\/2026\/01\/Familia-de-Liam.jpg\" alt=\"\" width=\"700\" height=\"367\" \/><\/p>\n<p style=\"text-align: justify;\"><span style=\"color: #000000;\"><em>Los abuelos y dos t\u00edos del ni\u00f1o ecuatoriano hablaron por primera vez con la prensa en su casa del barrio La Planada, en Quito. \u00a0<\/em><\/span><\/p>\n<p style=\"text-align: justify;\"><span style=\"color: #000000;\"><a style=\"color: #000000;\" href=\"https:\/\/www.youtube.com\/watch?v=Rxbm5cA847s\"><em>VIDEO DE LA ENTREVISTA COMPLETA<\/em><\/a><\/span><\/p>\n<p style=\"text-align: justify;\"><span style=\"color: #000000;\"><strong>Quito, 23 de enero de 2026<\/strong> \u2014 La familia ecuatoriana del ni\u00f1o Liam Conejo Ramos de 5 a\u00f1os detenido junto a su padre en los Estados Unidos por ser presuntamente \u201cinmigrantes ilegales\u201d se mostr\u00f3 hoy consternada por la situaci\u00f3n y aclar\u00f3 que \u201cellos se encuentran en forma legal\u201d en el pa\u00eds norteamericano dado que hubo un pedido formal de asilo en diciembre de 2024.<\/span><\/p>\n<p style=\"text-align: justify;\"><span style=\"color: #000000;\">Adrian Alexander Conejo Arias y su hijo Liam estaban regresando a su casa en Minneapolis cuando fueron abordados por agentes federales del centro de Inmigraci\u00f3n y Control de Aduanas (ICE, por sus siglas en ingl\u00e9s) y trasladados en calidad de detenidos hasta el Centro Residencial Familiar del Sur de Texas en Dilley, Texas.<\/span><\/p>\n<p style=\"text-align: justify;\"><span style=\"color: #000000;\">Las im\u00e1genes de la detenci\u00f3n dieron la vuelta al mundo en pocas horas dada la sensibilidad que despert\u00f3 ver al ni\u00f1o de origen ecuatoriano siendo llevado por los agentes federales del ICE. Tras ello, la se\u00f1al latinoamericana de noticias DNEWS entrevist\u00f3 a la familia de los detenidos en el barrio La Planada, en Quito.<\/span><\/p>\n<p style=\"text-align: justify;\"><span style=\"color: #000000;\">Blanca, hermana del adulto detenido, coment\u00f3 que Pamela -madre del ni\u00f1o Liam- se encuentra embarazada y tuvo problemas de salud debido a la situaci\u00f3n de estr\u00e9s que le gener\u00f3 la detenci\u00f3n de su esposo e hijo menor, por lo que debi\u00f3 ser hospitalizada (mientras estaba acompa\u00f1ada de su otro hijo de 13 a\u00f1os). \u00a0\u00a0<\/span><\/p>\n<p style=\"text-align: justify;\"><span style=\"color: #000000;\">La mujer agreg\u00f3 que su hermano \u201ces un hombre trabajador\u201d que no ha tenido problemas con la ley en Ecuador y que \u201cno ha salido huyendo\u201d de Quito, sino solo buscando un futuro mejor para su familia en los Estados Unidos, porque en donde viv\u00eda antes ya no encontraba empleo.<\/span><\/p>\n<p style=\"text-align: justify;\"><span style=\"color: #000000;\">El operativo en el que los dos ciudadanos ecuatorianos fueron detenidos es parte de la campa\u00f1a de deportaci\u00f3n masiva de la administraci\u00f3n de Donald Trump est\u00e1 realizando en Minnesota y en todo el pa\u00eds.<\/span><\/p>\n<p style=\"text-align: justify;\"><span style=\"color: #000000;\">Manuel, hermano de Adri\u00e1n y t\u00edo de Liam, dijo que su familiar \u201cno tiene ning\u00fan antecedente penal\u201d en Ecuador y aclar\u00f3 que el mismo se encontraba residiendo en los Estados Unidos gracias a un permiso inmigratorio que le dio el propio gobierno estadounidense.<\/span><\/p>\n<p style=\"text-align: justify;\"><span style=\"color: #000000;\">\u201cAdri\u00e1n entr\u00f3 solicitando asilo a los Estados Unidos. Est\u00e1 legalmente, porque tengo entendido que estaba present\u00e1ndose peri\u00f3dicamente a las autoridades\u201d, dijo Manuel.<\/span><\/p>\n<p style=\"text-align: justify;\"><span style=\"color: #000000;\">Lucila Arias, madre de Adri\u00e1n y abuela de Liam, afirm\u00f3: \u201cEstamos muy tristes, estamos muy preocupados, llorando por mi nieto. Quiero que salgan mi hijo y mi nieto, que se vaya a reunir con mi nuerita y mi otro nieto\u201d.<\/span><\/p>\n<p style=\"text-align: justify;\"><span style=\"color: #000000;\">Jos\u00e9 Conejo, el padre de Adri\u00e1n y abuelo de Liam, neg\u00f3 que su hijo haya intentado huir cuando vio llegar a los agentes federales del ICE. \u00a0\u201cEst\u00e1n generando malos comentarios y \u00e9l nunca trat\u00f3 de huir, \u00e9l estuvo tranquilo. Entonces, hay testigos all\u00e1, muchos testigos de c\u00f3mo pasaron las cosas. Entonces, estos malos comentarios est\u00e1n saliendo dentro del gobierno de Estados Unidos\u201d, afirm\u00f3 Jos\u00e9.\u00a0<\/span><\/p>\n<p style=\"text-align: justify;\"><span style=\"color: #000000;\">Blanca afirm\u00f3 que su cu\u00f1ada est\u00e1 esperando en los Estados Unidos que un juez le d\u00e9 una cita para ver c\u00f3mo puede terminar la detenci\u00f3n de Adri\u00e1n y su hijo Liam. Asimismo, la mujer confirm\u00f3 que los detenidos ya cuentan con el patrocinio de un abogado, que fue conseguido con ayuda de las autoridades de la escuela a la que asiste Liam.<\/span><\/p>\n<p><img decoding=\"async\" class=\"aligncenter size-full wp-image-139364\" src=\"https:\/\/www.quebakan.com\/v15\/wp-content\/uploads\/2026\/01\/Manuel-tio-de-Liam.jpg\" alt=\"\" width=\"700\" height=\"374\" \/><\/p>\n<p>&nbsp;<\/p>\n<p><img decoding=\"async\" class=\"aligncenter size-full wp-image-139365\" src=\"https:\/\/www.quebakan.com\/v15\/wp-content\/uploads\/2026\/01\/Jose-Conejo-abuelo-de-Liam.jpg\" alt=\"\" width=\"700\" height=\"365\" \/><\/p>\n<p>&nbsp;<\/p>\n<p><img loading=\"lazy\" decoding=\"async\" class=\"aligncenter size-full wp-image-139366\" src=\"https:\/\/www.quebakan.com\/v15\/wp-content\/uploads\/2026\/01\/Blanca-tia-de-Liam.jpg\" alt=\"\" width=\"700\" height=\"377\" \/><\/p>\n","protected":false},"excerpt":{"rendered":"<p>Los abuelos y dos t\u00edos del ni\u00f1o ecuatoriano hablaron por primera vez con la prensa en su casa del barrio La Planada, en Quito. \u00a0 VIDEO DE LA ENTREVISTA COMPLETA Quito, 23 de enero de 2026 \u2014 La familia ecuatoriana del ni\u00f1o Liam Conejo Ramos de 5 a\u00f1os detenido junto a su padre en los [&hellip;]<\/p>\n","protected":false},"author":4,"featured_media":139363,"comment_status":"closed","ping_status":"closed","sticky":false,"template":"","format":"standard","meta":{"_bbp_topic_count":0,"_bbp_reply_count":0,"_bbp_total_topic_count":0,"_bbp_total_reply_count":0,"_bbp_voice_count":0,"_bbp_anonymous_reply_count":0,"_bbp_topic_count_hidden":0,"_bbp_reply_count_hidden":0,"_bbp_forum_subforum_count":0,"buzzeditor_post_format":"","footnotes":""},"categories":[2],"tags":[],"class_list":["post-139362","post","type-post","status-publish","format-standard","has-post-thumbnail","hentry","category-noticias"],"yoast_head":"<!-- This site is optimized with the Yoast SEO plugin v27.5 - https:\/\/yoast.com\/product\/yoast-seo-wordpress\/ -->\n<title>Habl\u00f3 por primera vez la familia de Liam, el ni\u00f1o ecuatoriano de 5 a\u00f1os detenido por el ICE en Estados Unidos &#8211; QUEBAKAN.COM 2026: Noticias, Eventos, Conciertos y mucho m\u00e1s....<\/title>\n<meta name=\"robots\" content=\"index, follow, max-snippet:-1, max-image-preview:large, max-video-preview:-1\" \/>\n<link rel=\"canonical\" href=\"https:\/\/www.quebakan.com\/v15\/hablo-por-primera-vez-la-familia-de-liam-el-nino-ecuatoriano-de-5-anos-detenido-por-el-ice-en-estados-unidos\/\" \/>\n<meta property=\"og:locale\" content=\"es_ES\" \/>\n<meta property=\"og:type\" content=\"article\" \/>\n<meta property=\"og:title\" content=\"Habl\u00f3 por primera vez la familia de Liam, el ni\u00f1o ecuatoriano de 5 a\u00f1os detenido por el ICE en Estados Unidos &#8211; QUEBAKAN.COM 2026: Noticias, Eventos, Conciertos y mucho m\u00e1s....\" \/>\n<meta property=\"og:description\" content=\"Los abuelos y dos t\u00edos del ni\u00f1o ecuatoriano hablaron por primera vez con la prensa en su casa del barrio La Planada, en Quito. \u00a0 VIDEO DE LA ENTREVISTA COMPLETA Quito, 23 de enero de 2026 \u2014 La familia ecuatoriana del ni\u00f1o Liam Conejo Ramos de 5 a\u00f1os detenido junto a su padre en los [&hellip;]\" \/>\n<meta property=\"og:url\" content=\"https:\/\/www.quebakan.com\/v15\/hablo-por-primera-vez-la-familia-de-liam-el-nino-ecuatoriano-de-5-anos-detenido-por-el-ice-en-estados-unidos\/\" \/>\n<meta property=\"og:site_name\" content=\"QUEBAKAN.COM 2026: Noticias, Eventos, Conciertos y mucho m\u00e1s....\" \/>\n<meta property=\"article:publisher\" content=\"http:\/\/www.facebook.com\/quebakan\" \/>\n<meta property=\"article:published_time\" content=\"2026-01-26T02:11:09+00:00\" \/>\n<meta property=\"og:image\" content=\"https:\/\/www.quebakan.com\/v15\/wp-content\/uploads\/2026\/01\/Familia-de-Liam.jpg\" \/>\n\t<meta property=\"og:image:width\" content=\"700\" \/>\n\t<meta property=\"og:image:height\" content=\"367\" \/>\n\t<meta property=\"og:image:type\" content=\"image\/jpeg\" \/>\n<meta name=\"author\" content=\"Erick Villafuerte\" \/>\n<meta name=\"twitter:card\" content=\"summary_large_image\" \/>\n<meta name=\"twitter:creator\" content=\"@quebakanec\" \/>\n<meta name=\"twitter:site\" content=\"@quebakanec\" \/>\n<meta name=\"twitter:label1\" content=\"Escrito por\" \/>\n\t<meta name=\"twitter:data1\" content=\"Erick Villafuerte\" \/>\n\t<meta name=\"twitter:label2\" content=\"Tiempo de lectura\" \/>\n\t<meta name=\"twitter:data2\" content=\"4 minutos\" \/>\n<script type=\"application\/ld+json\" class=\"yoast-schema-graph\">{\"@context\":\"https:\\\/\\\/schema.org\",\"@graph\":[{\"@type\":\"Article\",\"@id\":\"https:\\\/\\\/www.quebakan.com\\\/v15\\\/hablo-por-primera-vez-la-familia-de-liam-el-nino-ecuatoriano-de-5-anos-detenido-por-el-ice-en-estados-unidos\\\/#article\",\"isPartOf\":{\"@id\":\"https:\\\/\\\/www.quebakan.com\\\/v15\\\/hablo-por-primera-vez-la-familia-de-liam-el-nino-ecuatoriano-de-5-anos-detenido-por-el-ice-en-estados-unidos\\\/\"},\"author\":{\"name\":\"Erick Villafuerte\",\"@id\":\"https:\\\/\\\/www.quebakan.com\\\/v15\\\/#\\\/schema\\\/person\\\/d90fa9f9cfa81eb8ace9811e5b7b9118\"},\"headline\":\"Habl\u00f3 por primera vez la familia de Liam, el ni\u00f1o ecuatoriano de 5 a\u00f1os detenido por el ICE en Estados Unidos\",\"datePublished\":\"2026-01-26T02:11:09+00:00\",\"mainEntityOfPage\":{\"@id\":\"https:\\\/\\\/www.quebakan.com\\\/v15\\\/hablo-por-primera-vez-la-familia-de-liam-el-nino-ecuatoriano-de-5-anos-detenido-por-el-ice-en-estados-unidos\\\/\"},\"wordCount\":624,\"publisher\":{\"@id\":\"https:\\\/\\\/www.quebakan.com\\\/v15\\\/#organization\"},\"image\":{\"@id\":\"https:\\\/\\\/www.quebakan.com\\\/v15\\\/hablo-por-primera-vez-la-familia-de-liam-el-nino-ecuatoriano-de-5-anos-detenido-por-el-ice-en-estados-unidos\\\/#primaryimage\"},\"thumbnailUrl\":\"https:\\\/\\\/www.quebakan.com\\\/v15\\\/wp-content\\\/uploads\\\/2026\\\/01\\\/Familia-de-Liam.jpg\",\"articleSection\":[\"Noticias\"],\"inLanguage\":\"es\"},{\"@type\":\"WebPage\",\"@id\":\"https:\\\/\\\/www.quebakan.com\\\/v15\\\/hablo-por-primera-vez-la-familia-de-liam-el-nino-ecuatoriano-de-5-anos-detenido-por-el-ice-en-estados-unidos\\\/\",\"url\":\"https:\\\/\\\/www.quebakan.com\\\/v15\\\/hablo-por-primera-vez-la-familia-de-liam-el-nino-ecuatoriano-de-5-anos-detenido-por-el-ice-en-estados-unidos\\\/\",\"name\":\"Habl\u00f3 por primera vez la familia de Liam, el ni\u00f1o ecuatoriano de 5 a\u00f1os detenido por el ICE en Estados Unidos &#8211; QUEBAKAN.COM 2026: Noticias, Eventos, Conciertos y mucho m\u00e1s....\",\"isPartOf\":{\"@id\":\"https:\\\/\\\/www.quebakan.com\\\/v15\\\/#website\"},\"primaryImageOfPage\":{\"@id\":\"https:\\\/\\\/www.quebakan.com\\\/v15\\\/hablo-por-primera-vez-la-familia-de-liam-el-nino-ecuatoriano-de-5-anos-detenido-por-el-ice-en-estados-unidos\\\/#primaryimage\"},\"image\":{\"@id\":\"https:\\\/\\\/www.quebakan.com\\\/v15\\\/hablo-por-primera-vez-la-familia-de-liam-el-nino-ecuatoriano-de-5-anos-detenido-por-el-ice-en-estados-unidos\\\/#primaryimage\"},\"thumbnailUrl\":\"https:\\\/\\\/www.quebakan.com\\\/v15\\\/wp-content\\\/uploads\\\/2026\\\/01\\\/Familia-de-Liam.jpg\",\"datePublished\":\"2026-01-26T02:11:09+00:00\",\"breadcrumb\":{\"@id\":\"https:\\\/\\\/www.quebakan.com\\\/v15\\\/hablo-por-primera-vez-la-familia-de-liam-el-nino-ecuatoriano-de-5-anos-detenido-por-el-ice-en-estados-unidos\\\/#breadcrumb\"},\"inLanguage\":\"es\",\"potentialAction\":[{\"@type\":\"ReadAction\",\"target\":[\"https:\\\/\\\/www.quebakan.com\\\/v15\\\/hablo-por-primera-vez-la-familia-de-liam-el-nino-ecuatoriano-de-5-anos-detenido-por-el-ice-en-estados-unidos\\\/\"]}]},{\"@type\":\"ImageObject\",\"inLanguage\":\"es\",\"@id\":\"https:\\\/\\\/www.quebakan.com\\\/v15\\\/hablo-por-primera-vez-la-familia-de-liam-el-nino-ecuatoriano-de-5-anos-detenido-por-el-ice-en-estados-unidos\\\/#primaryimage\",\"url\":\"https:\\\/\\\/www.quebakan.com\\\/v15\\\/wp-content\\\/uploads\\\/2026\\\/01\\\/Familia-de-Liam.jpg\",\"contentUrl\":\"https:\\\/\\\/www.quebakan.com\\\/v15\\\/wp-content\\\/uploads\\\/2026\\\/01\\\/Familia-de-Liam.jpg\",\"width\":700,\"height\":367},{\"@type\":\"BreadcrumbList\",\"@id\":\"https:\\\/\\\/www.quebakan.com\\\/v15\\\/hablo-por-primera-vez-la-familia-de-liam-el-nino-ecuatoriano-de-5-anos-detenido-por-el-ice-en-estados-unidos\\\/#breadcrumb\",\"itemListElement\":[{\"@type\":\"ListItem\",\"position\":1,\"name\":\"Portada\",\"item\":\"https:\\\/\\\/www.quebakan.com\\\/v15\\\/\"},{\"@type\":\"ListItem\",\"position\":2,\"name\":\"Habl\u00f3 por primera vez la familia de Liam, el ni\u00f1o ecuatoriano de 5 a\u00f1os detenido por el ICE en Estados Unidos\"}]},{\"@type\":\"WebSite\",\"@id\":\"https:\\\/\\\/www.quebakan.com\\\/v15\\\/#website\",\"url\":\"https:\\\/\\\/www.quebakan.com\\\/v15\\\/\",\"name\":\"QUEBAKAN\",\"description\":\"..\",\"publisher\":{\"@id\":\"https:\\\/\\\/www.quebakan.com\\\/v15\\\/#organization\"},\"potentialAction\":[{\"@type\":\"SearchAction\",\"target\":{\"@type\":\"EntryPoint\",\"urlTemplate\":\"https:\\\/\\\/www.quebakan.com\\\/v15\\\/?s={search_term_string}\"},\"query-input\":{\"@type\":\"PropertyValueSpecification\",\"valueRequired\":true,\"valueName\":\"search_term_string\"}}],\"inLanguage\":\"es\"},{\"@type\":\"Organization\",\"@id\":\"https:\\\/\\\/www.quebakan.com\\\/v15\\\/#organization\",\"name\":\"Quebakan.com\",\"url\":\"https:\\\/\\\/www.quebakan.com\\\/v15\\\/\",\"logo\":{\"@type\":\"ImageObject\",\"inLanguage\":\"es\",\"@id\":\"https:\\\/\\\/www.quebakan.com\\\/v15\\\/#\\\/schema\\\/logo\\\/image\\\/\",\"url\":\"https:\\\/\\\/www.quebakan.com\\\/v15\\\/wp-content\\\/uploads\\\/2023\\\/07\\\/logoquebakanenero2021.jpg\",\"contentUrl\":\"https:\\\/\\\/www.quebakan.com\\\/v15\\\/wp-content\\\/uploads\\\/2023\\\/07\\\/logoquebakanenero2021.jpg\",\"width\":1920,\"height\":1080,\"caption\":\"Quebakan.com\"},\"image\":{\"@id\":\"https:\\\/\\\/www.quebakan.com\\\/v15\\\/#\\\/schema\\\/logo\\\/image\\\/\"},\"sameAs\":[\"http:\\\/\\\/www.facebook.com\\\/quebakan\",\"https:\\\/\\\/x.com\\\/quebakanec\",\"http:\\\/\\\/www.instagram.com\\\/quebakan\",\"http:\\\/\\\/www.youtube.com\\\/quebakan1\"]},{\"@type\":\"Person\",\"@id\":\"https:\\\/\\\/www.quebakan.com\\\/v15\\\/#\\\/schema\\\/person\\\/d90fa9f9cfa81eb8ace9811e5b7b9118\",\"name\":\"Erick Villafuerte\",\"image\":{\"@type\":\"ImageObject\",\"inLanguage\":\"es\",\"@id\":\"https:\\\/\\\/www.quebakan.com\\\/v15\\\/wp-content\\\/uploads\\\/avatars\\\/4\\\/1731297654-bpfull.png\",\"url\":\"https:\\\/\\\/www.quebakan.com\\\/v15\\\/wp-content\\\/uploads\\\/avatars\\\/4\\\/1731297654-bpfull.png\",\"contentUrl\":\"https:\\\/\\\/www.quebakan.com\\\/v15\\\/wp-content\\\/uploads\\\/avatars\\\/4\\\/1731297654-bpfull.png\",\"caption\":\"Erick Villafuerte\"}}]}<\/script>\n<!-- \/ Yoast SEO plugin. -->","yoast_head_json":{"title":"Habl\u00f3 por primera vez la familia de Liam, el ni\u00f1o ecuatoriano de 5 a\u00f1os detenido por el ICE en Estados Unidos &#8211; QUEBAKAN.COM 2026: Noticias, Eventos, Conciertos y mucho m\u00e1s....","robots":{"index":"index","follow":"follow","max-snippet":"max-snippet:-1","max-image-preview":"max-image-preview:large","max-video-preview":"max-video-preview:-1"},"canonical":"https:\/\/www.quebakan.com\/v15\/hablo-por-primera-vez-la-familia-de-liam-el-nino-ecuatoriano-de-5-anos-detenido-por-el-ice-en-estados-unidos\/","og_locale":"es_ES","og_type":"article","og_title":"Habl\u00f3 por primera vez la familia de Liam, el ni\u00f1o ecuatoriano de 5 a\u00f1os detenido por el ICE en Estados Unidos &#8211; QUEBAKAN.COM 2026: Noticias, Eventos, Conciertos y mucho m\u00e1s....","og_description":"Los abuelos y dos t\u00edos del ni\u00f1o ecuatoriano hablaron por primera vez con la prensa en su casa del barrio La Planada, en Quito. \u00a0 VIDEO DE LA ENTREVISTA COMPLETA Quito, 23 de enero de 2026 \u2014 La familia ecuatoriana del ni\u00f1o Liam Conejo Ramos de 5 a\u00f1os detenido junto a su padre en los [&hellip;]","og_url":"https:\/\/www.quebakan.com\/v15\/hablo-por-primera-vez-la-familia-de-liam-el-nino-ecuatoriano-de-5-anos-detenido-por-el-ice-en-estados-unidos\/","og_site_name":"QUEBAKAN.COM 2026: Noticias, Eventos, Conciertos y mucho m\u00e1s....","article_publisher":"http:\/\/www.facebook.com\/quebakan","article_published_time":"2026-01-26T02:11:09+00:00","og_image":[{"width":700,"height":367,"url":"https:\/\/www.quebakan.com\/v15\/wp-content\/uploads\/2026\/01\/Familia-de-Liam.jpg","type":"image\/jpeg"}],"author":"Erick Villafuerte","twitter_card":"summary_large_image","twitter_creator":"@quebakanec","twitter_site":"@quebakanec","twitter_misc":{"Escrito por":"Erick Villafuerte","Tiempo de lectura":"4 minutos"},"schema":{"@context":"https:\/\/schema.org","@graph":[{"@type":"Article","@id":"https:\/\/www.quebakan.com\/v15\/hablo-por-primera-vez-la-familia-de-liam-el-nino-ecuatoriano-de-5-anos-detenido-por-el-ice-en-estados-unidos\/#article","isPartOf":{"@id":"https:\/\/www.quebakan.com\/v15\/hablo-por-primera-vez-la-familia-de-liam-el-nino-ecuatoriano-de-5-anos-detenido-por-el-ice-en-estados-unidos\/"},"author":{"name":"Erick Villafuerte","@id":"https:\/\/www.quebakan.com\/v15\/#\/schema\/person\/d90fa9f9cfa81eb8ace9811e5b7b9118"},"headline":"Habl\u00f3 por primera vez la familia de Liam, el ni\u00f1o ecuatoriano de 5 a\u00f1os detenido por el ICE en Estados Unidos","datePublished":"2026-01-26T02:11:09+00:00","mainEntityOfPage":{"@id":"https:\/\/www.quebakan.com\/v15\/hablo-por-primera-vez-la-familia-de-liam-el-nino-ecuatoriano-de-5-anos-detenido-por-el-ice-en-estados-unidos\/"},"wordCount":624,"publisher":{"@id":"https:\/\/www.quebakan.com\/v15\/#organization"},"image":{"@id":"https:\/\/www.quebakan.com\/v15\/hablo-por-primera-vez-la-familia-de-liam-el-nino-ecuatoriano-de-5-anos-detenido-por-el-ice-en-estados-unidos\/#primaryimage"},"thumbnailUrl":"https:\/\/www.quebakan.com\/v15\/wp-content\/uploads\/2026\/01\/Familia-de-Liam.jpg","articleSection":["Noticias"],"inLanguage":"es"},{"@type":"WebPage","@id":"https:\/\/www.quebakan.com\/v15\/hablo-por-primera-vez-la-familia-de-liam-el-nino-ecuatoriano-de-5-anos-detenido-por-el-ice-en-estados-unidos\/","url":"https:\/\/www.quebakan.com\/v15\/hablo-por-primera-vez-la-familia-de-liam-el-nino-ecuatoriano-de-5-anos-detenido-por-el-ice-en-estados-unidos\/","name":"Habl\u00f3 por primera vez la familia de Liam, el ni\u00f1o ecuatoriano de 5 a\u00f1os detenido por el ICE en Estados Unidos &#8211; QUEBAKAN.COM 2026: Noticias, Eventos, Conciertos y mucho m\u00e1s....","isPartOf":{"@id":"https:\/\/www.quebakan.com\/v15\/#website"},"primaryImageOfPage":{"@id":"https:\/\/www.quebakan.com\/v15\/hablo-por-primera-vez-la-familia-de-liam-el-nino-ecuatoriano-de-5-anos-detenido-por-el-ice-en-estados-unidos\/#primaryimage"},"image":{"@id":"https:\/\/www.quebakan.com\/v15\/hablo-por-primera-vez-la-familia-de-liam-el-nino-ecuatoriano-de-5-anos-detenido-por-el-ice-en-estados-unidos\/#primaryimage"},"thumbnailUrl":"https:\/\/www.quebakan.com\/v15\/wp-content\/uploads\/2026\/01\/Familia-de-Liam.jpg","datePublished":"2026-01-26T02:11:09+00:00","breadcrumb":{"@id":"https:\/\/www.quebakan.com\/v15\/hablo-por-primera-vez-la-familia-de-liam-el-nino-ecuatoriano-de-5-anos-detenido-por-el-ice-en-estados-unidos\/#breadcrumb"},"inLanguage":"es","potentialAction":[{"@type":"ReadAction","target":["https:\/\/www.quebakan.com\/v15\/hablo-por-primera-vez-la-familia-de-liam-el-nino-ecuatoriano-de-5-anos-detenido-por-el-ice-en-estados-unidos\/"]}]},{"@type":"ImageObject","inLanguage":"es","@id":"https:\/\/www.quebakan.com\/v15\/hablo-por-primera-vez-la-familia-de-liam-el-nino-ecuatoriano-de-5-anos-detenido-por-el-ice-en-estados-unidos\/#primaryimage","url":"https:\/\/www.quebakan.com\/v15\/wp-content\/uploads\/2026\/01\/Familia-de-Liam.jpg","contentUrl":"https:\/\/www.quebakan.com\/v15\/wp-content\/uploads\/2026\/01\/Familia-de-Liam.jpg","width":700,"height":367},{"@type":"BreadcrumbList","@id":"https:\/\/www.quebakan.com\/v15\/hablo-por-primera-vez-la-familia-de-liam-el-nino-ecuatoriano-de-5-anos-detenido-por-el-ice-en-estados-unidos\/#breadcrumb","itemListElement":[{"@type":"ListItem","position":1,"name":"Portada","item":"https:\/\/www.quebakan.com\/v15\/"},{"@type":"ListItem","position":2,"name":"Habl\u00f3 por primera vez la familia de Liam, el ni\u00f1o ecuatoriano de 5 a\u00f1os detenido por el ICE en Estados Unidos"}]},{"@type":"WebSite","@id":"https:\/\/www.quebakan.com\/v15\/#website","url":"https:\/\/www.quebakan.com\/v15\/","name":"QUEBAKAN","description":"..","publisher":{"@id":"https:\/\/www.quebakan.com\/v15\/#organization"},"potentialAction":[{"@type":"SearchAction","target":{"@type":"EntryPoint","urlTemplate":"https:\/\/www.quebakan.com\/v15\/?s={search_term_string}"},"query-input":{"@type":"PropertyValueSpecification","valueRequired":true,"valueName":"search_term_string"}}],"inLanguage":"es"},{"@type":"Organization","@id":"https:\/\/www.quebakan.com\/v15\/#organization","name":"Quebakan.com","url":"https:\/\/www.quebakan.com\/v15\/","logo":{"@type":"ImageObject","inLanguage":"es","@id":"https:\/\/www.quebakan.com\/v15\/#\/schema\/logo\/image\/","url":"https:\/\/www.quebakan.com\/v15\/wp-content\/uploads\/2023\/07\/logoquebakanenero2021.jpg","contentUrl":"https:\/\/www.quebakan.com\/v15\/wp-content\/uploads\/2023\/07\/logoquebakanenero2021.jpg","width":1920,"height":1080,"caption":"Quebakan.com"},"image":{"@id":"https:\/\/www.quebakan.com\/v15\/#\/schema\/logo\/image\/"},"sameAs":["http:\/\/www.facebook.com\/quebakan","https:\/\/x.com\/quebakanec","http:\/\/www.instagram.com\/quebakan","http:\/\/www.youtube.com\/quebakan1"]},{"@type":"Person","@id":"https:\/\/www.quebakan.com\/v15\/#\/schema\/person\/d90fa9f9cfa81eb8ace9811e5b7b9118","name":"Erick Villafuerte","image":{"@type":"ImageObject","inLanguage":"es","@id":"https:\/\/www.quebakan.com\/v15\/wp-content\/uploads\/avatars\/4\/1731297654-bpfull.png","url":"https:\/\/www.quebakan.com\/v15\/wp-content\/uploads\/avatars\/4\/1731297654-bpfull.png","contentUrl":"https:\/\/www.quebakan.com\/v15\/wp-content\/uploads\/avatars\/4\/1731297654-bpfull.png","caption":"Erick Villafuerte"}}]}},"_links":{"self":[{"href":"https:\/\/www.quebakan.com\/v15\/wp-json\/wp\/v2\/posts\/139362","targetHints":{"allow":["GET"]}}],"collection":[{"href":"https:\/\/www.quebakan.com\/v15\/wp-json\/wp\/v2\/posts"}],"about":[{"href":"https:\/\/www.quebakan.com\/v15\/wp-json\/wp\/v2\/types\/post"}],"author":[{"embeddable":true,"href":"https:\/\/www.quebakan.com\/v15\/wp-json\/wp\/v2\/users\/4"}],"replies":[{"embeddable":true,"href":"https:\/\/www.quebakan.com\/v15\/wp-json\/wp\/v2\/comments?post=139362"}],"version-history":[{"count":1,"href":"https:\/\/www.quebakan.com\/v15\/wp-json\/wp\/v2\/posts\/139362\/revisions"}],"predecessor-version":[{"id":139367,"href":"https:\/\/www.quebakan.com\/v15\/wp-json\/wp\/v2\/posts\/139362\/revisions\/139367"}],"wp:featuredmedia":[{"embeddable":true,"href":"https:\/\/www.quebakan.com\/v15\/wp-json\/wp\/v2\/media\/139363"}],"wp:attachment":[{"href":"https:\/\/www.quebakan.com\/v15\/wp-json\/wp\/v2\/media?parent=139362"}],"wp:term":[{"taxonomy":"category","embeddable":true,"href":"https:\/\/www.quebakan.com\/v15\/wp-json\/wp\/v2\/categories?post=139362"},{"taxonomy":"post_tag","embeddable":true,"href":"https:\/\/www.quebakan.com\/v15\/wp-json\/wp\/v2\/tags?post=139362"}],"curies":[{"name":"wp","href":"https:\/\/api.w.org\/{rel}","templated":true}]}}