{"id":139373,"date":"2026-01-25T21:19:55","date_gmt":"2026-01-26T02:19:55","guid":{"rendered":"https:\/\/www.quebakan.com\/v15\/?p=139373"},"modified":"2026-01-25T21:19:55","modified_gmt":"2026-01-26T02:19:55","slug":"veris-quicentro-sur-amplia-su-oferta-de-salud-para-la-familia-con-nuevas-especialidades-pediatricas","status":"publish","type":"post","link":"https:\/\/www.quebakan.com\/v15\/veris-quicentro-sur-amplia-su-oferta-de-salud-para-la-familia-con-nuevas-especialidades-pediatricas\/","title":{"rendered":"Veris Quicentro Sur ampl\u00eda su oferta de salud para la familia  con nuevas especialidades pedi\u00e1tricas"},"content":{"rendered":"<p><img fetchpriority=\"high\" decoding=\"async\" class=\"aligncenter size-full wp-image-139374\" src=\"https:\/\/www.quebakan.com\/v15\/wp-content\/uploads\/2026\/01\/VERIS-QUICENTRO-SUR-4850.jpg\" alt=\"\" width=\"700\" height=\"467\" \/><\/p>\n<p style=\"text-align: justify;\"><span style=\"color: #000000;\">Central M\u00e9dica Veris ubicada dentro de centro comercial ahora tambi\u00e9n cuenta con traumatolog\u00eda y neumolog\u00eda pedi\u00e1tricas; atiende de lunes a domingo.<\/span><\/p>\n<p style=\"text-align: justify;\"><span style=\"color: #000000;\"><strong>Enero, 2026.-<\/strong> Grupo Veris S.A., l\u00edder en salud ambulatoria en Ecuador, incorpor\u00f3 nuevas especialidades pedi\u00e1tricas en su Central M\u00e9dica ubicada en el C.C. Quicentro Sur, con el prop\u00f3sito de ofrecer a las <strong>familias m\u00e1s opciones de atenci\u00f3n para ni\u00f1os y adolescentes<\/strong> en ese sector de la capital. Veris Quicentro Sur ahora tambi\u00e9n cuenta con traumatolog\u00eda y neumolog\u00eda pedi\u00e1tricas, dos especialidades clave enfocadas en cuidar la salud y promover el bienestar de los pacientes m\u00e1s peque\u00f1os.<\/span><\/p>\n<p style=\"text-align: justify;\"><span style=\"color: #000000;\">La <strong>traumatolog\u00eda pedi\u00e1trica<\/strong> se encarga del diagn\u00f3stico, tratamiento y seguimiento de lesiones y alteraciones del sistema \u00f3seo, articular y muscular, considerando que el cuerpo de los ni\u00f1os y adolescentes est\u00e1 en constante crecimiento, incluso con etapas de desarrollo acelerado. Por ello, las lesiones deben ser evaluadas por especialistas entrenados en poblaci\u00f3n pedi\u00e1trica para evitar secuelas a largo plazo. Entre los cuadros que <strong>se atender\u00e1n en Veris Quicentro Sur<\/strong> est\u00e1n los siguientes:<\/span><\/p>\n<ul style=\"text-align: justify;\">\n<li><span style=\"color: #000000;\">Fracturas infantiles y juveniles<\/span><\/li>\n<li><span style=\"color: #000000;\">Luxaciones y esguinces<\/span><\/li>\n<li><span style=\"color: #000000;\">Lesiones deportivas<\/span><\/li>\n<li><span style=\"color: #000000;\">Alteraciones en la marcha<\/span><\/li>\n<li><span style=\"color: #000000;\">Dolor \u00f3seo o articular persistente<\/span><\/li>\n<li><span style=\"color: #000000;\">Deformidades cong\u00e9nitas o adquiridas (pies planos, escoliosis, genu valgo o varo)<\/span><\/li>\n<li><span style=\"color: #000000;\">Traumatismos por ca\u00eddas o accidentes (escolares o deportivos).<\/span><\/li>\n<\/ul>\n<p style=\"text-align: justify;\"><span style=\"color: #000000;\">Por su parte, la <strong>neumolog\u00eda pedi\u00e1trica<\/strong> se enfoca en la prevenci\u00f3n, diagn\u00f3stico y tratamiento de las enfermedades del sistema respiratorio. En pa\u00edses tropicales como Ecuador, las infecciones virales y alergias son frecuentes y, de no tratarse oportunamente, pueden desencadenar enfermedades respiratorias m\u00e1s complejas. En el caso de los ni\u00f1os y adolescentes, es esencial contar con un diagn\u00f3stico preciso y un control adecuado para garantizar un desarrollo pulmonar saludable. <strong>Entre las patolog\u00edas que se abordar\u00e1n<\/strong> en Veris Quicentro Sur se encuentran:<\/span><\/p>\n<ul style=\"text-align: justify;\">\n<li><span style=\"color: #000000;\">Asma bronquial<\/span><\/li>\n<li><span style=\"color: #000000;\">Bronquitis<\/span><\/li>\n<li><span style=\"color: #000000;\">Neumon\u00eda<\/span><\/li>\n<li><span style=\"color: #000000;\">Tos cr\u00f3nica<\/span><\/li>\n<li><span style=\"color: #000000;\">Sibilancias recurrentes<\/span><\/li>\n<li><span style=\"color: #000000;\">Infecciones respiratorias frecuentes<\/span><\/li>\n<li><span style=\"color: #000000;\">Rinitis al\u00e9rgica y enfermedades asociadas<\/span><\/li>\n<li><span style=\"color: #000000;\">Trastornos respiratorios del sue\u00f1o<\/span><\/li>\n<li><span style=\"color: #000000;\">Seguimiento de ni\u00f1os que nacieron prematuros o adolecen enfermedades pulmonares cr\u00f3nicas.<\/span><\/li>\n<\/ul>\n<p style=\"text-align: justify;\"><span style=\"color: #000000;\"><em>\u201cVeris contin\u00faa fortaleciendo su portafolio de especialidades m\u00e9dicas con la incorporaci\u00f3n de traumatolog\u00eda y neumolog\u00eda pedi\u00e1tricas, reafirmando nuestro compromiso con la salud infantil en Ecuador. A todos nuestros pacientes, y desde luego con mayor cari\u00f1o a nuestros ni\u00f1os y adolescentes, buscamos ofrecerles una atenci\u00f3n oportuna, c\u00e1lida y humana, centrada en su bienestar. Esta ampliaci\u00f3n de nuestros servicios en Quicentro Sur es una muestra m\u00e1s de c\u00f3mo en Veris hacemos f\u00e1cil cuidarte\u201d, <\/em>afirm\u00f3 el <strong>presidente ejecutivo de Grupo Veris S.A., Jorge Wills<\/strong>.<\/span><\/p>\n<p style=\"text-align: justify;\"><span style=\"color: #000000;\">El <strong>horario de atenci\u00f3n<\/strong> de Veris Quicentro Sur es: de lunes a viernes, desde las 06:00 hasta las 20:00; s\u00e1bados, desde las 07:00 hasta la 19:00; y domingos y feriados, desde las 08:00 hasta las 19:00.<\/span><\/p>\n<p style=\"text-align: justify;\"><span style=\"color: #000000;\">Grupo Veris S.A. es un conglomerado conformado por Centrales M\u00e9dicas Veris, Centros M\u00e9dicos Convenientes ParaM\u00ed y Veris Urgencias Ambulatorias (VUA). Esta red independiente, la m\u00e1s amplia del pa\u00eds, est\u00e1 integrada por:<\/span><\/p>\n<ul style=\"text-align: justify;\">\n<li><span style=\"color: #000000;\">15 Centrales M\u00e9dicas Veris (ubicadas en Guayaquil, Quito y Cuenca);<\/span><\/li>\n<li><span style=\"color: #000000;\">6 Centros Convenientes ParaM\u00ed (Guayaquil, Dur\u00e1n, Daule y Quito);<\/span><\/li>\n<li><span style=\"color: #000000;\">1 VUA (Veris Urgencias Ambulatorias \u2013 en la ciudad de Guayaquil);<\/span><\/li>\n<li><span style=\"color: #000000;\">1 Central M\u00e9dica Virtual; y<\/span><\/li>\n<li><span style=\"color: #000000;\">8 sedes de laboratorio a nivel nacional.<\/span><\/li>\n<\/ul>\n<p style=\"text-align: justify;\"><span style=\"color: #000000;\">La red ofrece m\u00e1s de 36 especialidades m\u00e9dicas, entre ellas pediatr\u00eda, ginecolog\u00eda, cardiolog\u00eda, oftalmolog\u00eda y traumatolog\u00eda.<\/span><\/p>\n<p><img decoding=\"async\" class=\"aligncenter size-full wp-image-139375\" src=\"https:\/\/www.quebakan.com\/v15\/wp-content\/uploads\/2026\/01\/VERIS-QUICENTRO-SUR-4584.jpg\" alt=\"\" width=\"700\" height=\"467\" \/><\/p>\n<p>&nbsp;<\/p>\n<p><img decoding=\"async\" class=\"aligncenter size-full wp-image-139376\" src=\"https:\/\/www.quebakan.com\/v15\/wp-content\/uploads\/2026\/01\/VERIS-QUICENTRO-SUR-4632.jpg\" alt=\"\" width=\"700\" height=\"467\" \/><\/p>\n","protected":false},"excerpt":{"rendered":"<p>Central M\u00e9dica Veris ubicada dentro de centro comercial ahora tambi\u00e9n cuenta con traumatolog\u00eda y neumolog\u00eda pedi\u00e1tricas; atiende de lunes a domingo. Enero, 2026.- Grupo Veris S.A., l\u00edder en salud ambulatoria en Ecuador, incorpor\u00f3 nuevas especialidades pedi\u00e1tricas en su Central M\u00e9dica ubicada en el C.C. Quicentro Sur, con el prop\u00f3sito de ofrecer a las familias m\u00e1s [&hellip;]<\/p>\n","protected":false},"author":4,"featured_media":139374,"comment_status":"closed","ping_status":"closed","sticky":false,"template":"","format":"standard","meta":{"_bbp_topic_count":0,"_bbp_reply_count":0,"_bbp_total_topic_count":0,"_bbp_total_reply_count":0,"_bbp_voice_count":0,"_bbp_anonymous_reply_count":0,"_bbp_topic_count_hidden":0,"_bbp_reply_count_hidden":0,"_bbp_forum_subforum_count":0,"buzzeditor_post_format":"","footnotes":""},"categories":[2],"tags":[],"class_list":["post-139373","post","type-post","status-publish","format-standard","has-post-thumbnail","hentry","category-noticias"],"yoast_head":"<!-- This site is optimized with the Yoast SEO plugin v27.5 - https:\/\/yoast.com\/product\/yoast-seo-wordpress\/ -->\n<title>Veris Quicentro Sur ampl\u00eda su oferta de salud para la familia con nuevas especialidades pedi\u00e1tricas &#8211; QUEBAKAN.COM 2026: Noticias, Eventos, Conciertos y mucho m\u00e1s....<\/title>\n<meta name=\"robots\" content=\"index, follow, max-snippet:-1, max-image-preview:large, max-video-preview:-1\" \/>\n<link rel=\"canonical\" href=\"https:\/\/www.quebakan.com\/v15\/veris-quicentro-sur-amplia-su-oferta-de-salud-para-la-familia-con-nuevas-especialidades-pediatricas\/\" \/>\n<meta property=\"og:locale\" content=\"es_ES\" \/>\n<meta property=\"og:type\" content=\"article\" \/>\n<meta property=\"og:title\" content=\"Veris Quicentro Sur ampl\u00eda su oferta de salud para la familia con nuevas especialidades pedi\u00e1tricas &#8211; QUEBAKAN.COM 2026: Noticias, Eventos, Conciertos y mucho m\u00e1s....\" \/>\n<meta property=\"og:description\" content=\"Central M\u00e9dica Veris ubicada dentro de centro comercial ahora tambi\u00e9n cuenta con traumatolog\u00eda y neumolog\u00eda pedi\u00e1tricas; atiende de lunes a domingo. Enero, 2026.- Grupo Veris S.A., l\u00edder en salud ambulatoria en Ecuador, incorpor\u00f3 nuevas especialidades pedi\u00e1tricas en su Central M\u00e9dica ubicada en el C.C. Quicentro Sur, con el prop\u00f3sito de ofrecer a las familias m\u00e1s [&hellip;]\" \/>\n<meta property=\"og:url\" content=\"https:\/\/www.quebakan.com\/v15\/veris-quicentro-sur-amplia-su-oferta-de-salud-para-la-familia-con-nuevas-especialidades-pediatricas\/\" \/>\n<meta property=\"og:site_name\" content=\"QUEBAKAN.COM 2026: Noticias, Eventos, Conciertos y mucho m\u00e1s....\" \/>\n<meta property=\"article:publisher\" content=\"http:\/\/www.facebook.com\/quebakan\" \/>\n<meta property=\"article:published_time\" content=\"2026-01-26T02:19:55+00:00\" \/>\n<meta property=\"og:image\" content=\"https:\/\/www.quebakan.com\/v15\/wp-content\/uploads\/2026\/01\/VERIS-QUICENTRO-SUR-4850.jpg\" \/>\n\t<meta property=\"og:image:width\" content=\"700\" \/>\n\t<meta property=\"og:image:height\" content=\"467\" \/>\n\t<meta property=\"og:image:type\" content=\"image\/jpeg\" \/>\n<meta name=\"author\" content=\"Erick Villafuerte\" \/>\n<meta name=\"twitter:card\" content=\"summary_large_image\" \/>\n<meta name=\"twitter:creator\" content=\"@quebakanec\" \/>\n<meta name=\"twitter:site\" content=\"@quebakanec\" \/>\n<meta name=\"twitter:label1\" content=\"Escrito por\" \/>\n\t<meta name=\"twitter:data1\" content=\"Erick Villafuerte\" \/>\n\t<meta name=\"twitter:label2\" content=\"Tiempo de lectura\" \/>\n\t<meta name=\"twitter:data2\" content=\"4 minutos\" \/>\n<script type=\"application\/ld+json\" class=\"yoast-schema-graph\">{\"@context\":\"https:\\\/\\\/schema.org\",\"@graph\":[{\"@type\":\"Article\",\"@id\":\"https:\\\/\\\/www.quebakan.com\\\/v15\\\/veris-quicentro-sur-amplia-su-oferta-de-salud-para-la-familia-con-nuevas-especialidades-pediatricas\\\/#article\",\"isPartOf\":{\"@id\":\"https:\\\/\\\/www.quebakan.com\\\/v15\\\/veris-quicentro-sur-amplia-su-oferta-de-salud-para-la-familia-con-nuevas-especialidades-pediatricas\\\/\"},\"author\":{\"name\":\"Erick Villafuerte\",\"@id\":\"https:\\\/\\\/www.quebakan.com\\\/v15\\\/#\\\/schema\\\/person\\\/d90fa9f9cfa81eb8ace9811e5b7b9118\"},\"headline\":\"Veris Quicentro Sur ampl\u00eda su oferta de salud para la familia con nuevas especialidades pedi\u00e1tricas\",\"datePublished\":\"2026-01-26T02:19:55+00:00\",\"mainEntityOfPage\":{\"@id\":\"https:\\\/\\\/www.quebakan.com\\\/v15\\\/veris-quicentro-sur-amplia-su-oferta-de-salud-para-la-familia-con-nuevas-especialidades-pediatricas\\\/\"},\"wordCount\":604,\"publisher\":{\"@id\":\"https:\\\/\\\/www.quebakan.com\\\/v15\\\/#organization\"},\"image\":{\"@id\":\"https:\\\/\\\/www.quebakan.com\\\/v15\\\/veris-quicentro-sur-amplia-su-oferta-de-salud-para-la-familia-con-nuevas-especialidades-pediatricas\\\/#primaryimage\"},\"thumbnailUrl\":\"https:\\\/\\\/www.quebakan.com\\\/v15\\\/wp-content\\\/uploads\\\/2026\\\/01\\\/VERIS-QUICENTRO-SUR-4850.jpg\",\"articleSection\":[\"Noticias\"],\"inLanguage\":\"es\"},{\"@type\":\"WebPage\",\"@id\":\"https:\\\/\\\/www.quebakan.com\\\/v15\\\/veris-quicentro-sur-amplia-su-oferta-de-salud-para-la-familia-con-nuevas-especialidades-pediatricas\\\/\",\"url\":\"https:\\\/\\\/www.quebakan.com\\\/v15\\\/veris-quicentro-sur-amplia-su-oferta-de-salud-para-la-familia-con-nuevas-especialidades-pediatricas\\\/\",\"name\":\"Veris Quicentro Sur ampl\u00eda su oferta de salud para la familia con nuevas especialidades pedi\u00e1tricas &#8211; QUEBAKAN.COM 2026: Noticias, Eventos, Conciertos y mucho m\u00e1s....\",\"isPartOf\":{\"@id\":\"https:\\\/\\\/www.quebakan.com\\\/v15\\\/#website\"},\"primaryImageOfPage\":{\"@id\":\"https:\\\/\\\/www.quebakan.com\\\/v15\\\/veris-quicentro-sur-amplia-su-oferta-de-salud-para-la-familia-con-nuevas-especialidades-pediatricas\\\/#primaryimage\"},\"image\":{\"@id\":\"https:\\\/\\\/www.quebakan.com\\\/v15\\\/veris-quicentro-sur-amplia-su-oferta-de-salud-para-la-familia-con-nuevas-especialidades-pediatricas\\\/#primaryimage\"},\"thumbnailUrl\":\"https:\\\/\\\/www.quebakan.com\\\/v15\\\/wp-content\\\/uploads\\\/2026\\\/01\\\/VERIS-QUICENTRO-SUR-4850.jpg\",\"datePublished\":\"2026-01-26T02:19:55+00:00\",\"breadcrumb\":{\"@id\":\"https:\\\/\\\/www.quebakan.com\\\/v15\\\/veris-quicentro-sur-amplia-su-oferta-de-salud-para-la-familia-con-nuevas-especialidades-pediatricas\\\/#breadcrumb\"},\"inLanguage\":\"es\",\"potentialAction\":[{\"@type\":\"ReadAction\",\"target\":[\"https:\\\/\\\/www.quebakan.com\\\/v15\\\/veris-quicentro-sur-amplia-su-oferta-de-salud-para-la-familia-con-nuevas-especialidades-pediatricas\\\/\"]}]},{\"@type\":\"ImageObject\",\"inLanguage\":\"es\",\"@id\":\"https:\\\/\\\/www.quebakan.com\\\/v15\\\/veris-quicentro-sur-amplia-su-oferta-de-salud-para-la-familia-con-nuevas-especialidades-pediatricas\\\/#primaryimage\",\"url\":\"https:\\\/\\\/www.quebakan.com\\\/v15\\\/wp-content\\\/uploads\\\/2026\\\/01\\\/VERIS-QUICENTRO-SUR-4850.jpg\",\"contentUrl\":\"https:\\\/\\\/www.quebakan.com\\\/v15\\\/wp-content\\\/uploads\\\/2026\\\/01\\\/VERIS-QUICENTRO-SUR-4850.jpg\",\"width\":700,\"height\":467},{\"@type\":\"BreadcrumbList\",\"@id\":\"https:\\\/\\\/www.quebakan.com\\\/v15\\\/veris-quicentro-sur-amplia-su-oferta-de-salud-para-la-familia-con-nuevas-especialidades-pediatricas\\\/#breadcrumb\",\"itemListElement\":[{\"@type\":\"ListItem\",\"position\":1,\"name\":\"Portada\",\"item\":\"https:\\\/\\\/www.quebakan.com\\\/v15\\\/\"},{\"@type\":\"ListItem\",\"position\":2,\"name\":\"Veris Quicentro Sur ampl\u00eda su oferta de salud para la familia con nuevas especialidades pedi\u00e1tricas\"}]},{\"@type\":\"WebSite\",\"@id\":\"https:\\\/\\\/www.quebakan.com\\\/v15\\\/#website\",\"url\":\"https:\\\/\\\/www.quebakan.com\\\/v15\\\/\",\"name\":\"QUEBAKAN\",\"description\":\"..\",\"publisher\":{\"@id\":\"https:\\\/\\\/www.quebakan.com\\\/v15\\\/#organization\"},\"potentialAction\":[{\"@type\":\"SearchAction\",\"target\":{\"@type\":\"EntryPoint\",\"urlTemplate\":\"https:\\\/\\\/www.quebakan.com\\\/v15\\\/?s={search_term_string}\"},\"query-input\":{\"@type\":\"PropertyValueSpecification\",\"valueRequired\":true,\"valueName\":\"search_term_string\"}}],\"inLanguage\":\"es\"},{\"@type\":\"Organization\",\"@id\":\"https:\\\/\\\/www.quebakan.com\\\/v15\\\/#organization\",\"name\":\"Quebakan.com\",\"url\":\"https:\\\/\\\/www.quebakan.com\\\/v15\\\/\",\"logo\":{\"@type\":\"ImageObject\",\"inLanguage\":\"es\",\"@id\":\"https:\\\/\\\/www.quebakan.com\\\/v15\\\/#\\\/schema\\\/logo\\\/image\\\/\",\"url\":\"https:\\\/\\\/www.quebakan.com\\\/v15\\\/wp-content\\\/uploads\\\/2023\\\/07\\\/logoquebakanenero2021.jpg\",\"contentUrl\":\"https:\\\/\\\/www.quebakan.com\\\/v15\\\/wp-content\\\/uploads\\\/2023\\\/07\\\/logoquebakanenero2021.jpg\",\"width\":1920,\"height\":1080,\"caption\":\"Quebakan.com\"},\"image\":{\"@id\":\"https:\\\/\\\/www.quebakan.com\\\/v15\\\/#\\\/schema\\\/logo\\\/image\\\/\"},\"sameAs\":[\"http:\\\/\\\/www.facebook.com\\\/quebakan\",\"https:\\\/\\\/x.com\\\/quebakanec\",\"http:\\\/\\\/www.instagram.com\\\/quebakan\",\"http:\\\/\\\/www.youtube.com\\\/quebakan1\"]},{\"@type\":\"Person\",\"@id\":\"https:\\\/\\\/www.quebakan.com\\\/v15\\\/#\\\/schema\\\/person\\\/d90fa9f9cfa81eb8ace9811e5b7b9118\",\"name\":\"Erick Villafuerte\",\"image\":{\"@type\":\"ImageObject\",\"inLanguage\":\"es\",\"@id\":\"https:\\\/\\\/www.quebakan.com\\\/v15\\\/wp-content\\\/uploads\\\/avatars\\\/4\\\/1731297654-bpfull.png\",\"url\":\"https:\\\/\\\/www.quebakan.com\\\/v15\\\/wp-content\\\/uploads\\\/avatars\\\/4\\\/1731297654-bpfull.png\",\"contentUrl\":\"https:\\\/\\\/www.quebakan.com\\\/v15\\\/wp-content\\\/uploads\\\/avatars\\\/4\\\/1731297654-bpfull.png\",\"caption\":\"Erick Villafuerte\"}}]}<\/script>\n<!-- \/ Yoast SEO plugin. -->","yoast_head_json":{"title":"Veris Quicentro Sur ampl\u00eda su oferta de salud para la familia con nuevas especialidades pedi\u00e1tricas &#8211; QUEBAKAN.COM 2026: Noticias, Eventos, Conciertos y mucho m\u00e1s....","robots":{"index":"index","follow":"follow","max-snippet":"max-snippet:-1","max-image-preview":"max-image-preview:large","max-video-preview":"max-video-preview:-1"},"canonical":"https:\/\/www.quebakan.com\/v15\/veris-quicentro-sur-amplia-su-oferta-de-salud-para-la-familia-con-nuevas-especialidades-pediatricas\/","og_locale":"es_ES","og_type":"article","og_title":"Veris Quicentro Sur ampl\u00eda su oferta de salud para la familia con nuevas especialidades pedi\u00e1tricas &#8211; QUEBAKAN.COM 2026: Noticias, Eventos, Conciertos y mucho m\u00e1s....","og_description":"Central M\u00e9dica Veris ubicada dentro de centro comercial ahora tambi\u00e9n cuenta con traumatolog\u00eda y neumolog\u00eda pedi\u00e1tricas; atiende de lunes a domingo. Enero, 2026.- Grupo Veris S.A., l\u00edder en salud ambulatoria en Ecuador, incorpor\u00f3 nuevas especialidades pedi\u00e1tricas en su Central M\u00e9dica ubicada en el C.C. Quicentro Sur, con el prop\u00f3sito de ofrecer a las familias m\u00e1s [&hellip;]","og_url":"https:\/\/www.quebakan.com\/v15\/veris-quicentro-sur-amplia-su-oferta-de-salud-para-la-familia-con-nuevas-especialidades-pediatricas\/","og_site_name":"QUEBAKAN.COM 2026: Noticias, Eventos, Conciertos y mucho m\u00e1s....","article_publisher":"http:\/\/www.facebook.com\/quebakan","article_published_time":"2026-01-26T02:19:55+00:00","og_image":[{"width":700,"height":467,"url":"https:\/\/www.quebakan.com\/v15\/wp-content\/uploads\/2026\/01\/VERIS-QUICENTRO-SUR-4850.jpg","type":"image\/jpeg"}],"author":"Erick Villafuerte","twitter_card":"summary_large_image","twitter_creator":"@quebakanec","twitter_site":"@quebakanec","twitter_misc":{"Escrito por":"Erick Villafuerte","Tiempo de lectura":"4 minutos"},"schema":{"@context":"https:\/\/schema.org","@graph":[{"@type":"Article","@id":"https:\/\/www.quebakan.com\/v15\/veris-quicentro-sur-amplia-su-oferta-de-salud-para-la-familia-con-nuevas-especialidades-pediatricas\/#article","isPartOf":{"@id":"https:\/\/www.quebakan.com\/v15\/veris-quicentro-sur-amplia-su-oferta-de-salud-para-la-familia-con-nuevas-especialidades-pediatricas\/"},"author":{"name":"Erick Villafuerte","@id":"https:\/\/www.quebakan.com\/v15\/#\/schema\/person\/d90fa9f9cfa81eb8ace9811e5b7b9118"},"headline":"Veris Quicentro Sur ampl\u00eda su oferta de salud para la familia con nuevas especialidades pedi\u00e1tricas","datePublished":"2026-01-26T02:19:55+00:00","mainEntityOfPage":{"@id":"https:\/\/www.quebakan.com\/v15\/veris-quicentro-sur-amplia-su-oferta-de-salud-para-la-familia-con-nuevas-especialidades-pediatricas\/"},"wordCount":604,"publisher":{"@id":"https:\/\/www.quebakan.com\/v15\/#organization"},"image":{"@id":"https:\/\/www.quebakan.com\/v15\/veris-quicentro-sur-amplia-su-oferta-de-salud-para-la-familia-con-nuevas-especialidades-pediatricas\/#primaryimage"},"thumbnailUrl":"https:\/\/www.quebakan.com\/v15\/wp-content\/uploads\/2026\/01\/VERIS-QUICENTRO-SUR-4850.jpg","articleSection":["Noticias"],"inLanguage":"es"},{"@type":"WebPage","@id":"https:\/\/www.quebakan.com\/v15\/veris-quicentro-sur-amplia-su-oferta-de-salud-para-la-familia-con-nuevas-especialidades-pediatricas\/","url":"https:\/\/www.quebakan.com\/v15\/veris-quicentro-sur-amplia-su-oferta-de-salud-para-la-familia-con-nuevas-especialidades-pediatricas\/","name":"Veris Quicentro Sur ampl\u00eda su oferta de salud para la familia con nuevas especialidades pedi\u00e1tricas &#8211; QUEBAKAN.COM 2026: Noticias, Eventos, Conciertos y mucho m\u00e1s....","isPartOf":{"@id":"https:\/\/www.quebakan.com\/v15\/#website"},"primaryImageOfPage":{"@id":"https:\/\/www.quebakan.com\/v15\/veris-quicentro-sur-amplia-su-oferta-de-salud-para-la-familia-con-nuevas-especialidades-pediatricas\/#primaryimage"},"image":{"@id":"https:\/\/www.quebakan.com\/v15\/veris-quicentro-sur-amplia-su-oferta-de-salud-para-la-familia-con-nuevas-especialidades-pediatricas\/#primaryimage"},"thumbnailUrl":"https:\/\/www.quebakan.com\/v15\/wp-content\/uploads\/2026\/01\/VERIS-QUICENTRO-SUR-4850.jpg","datePublished":"2026-01-26T02:19:55+00:00","breadcrumb":{"@id":"https:\/\/www.quebakan.com\/v15\/veris-quicentro-sur-amplia-su-oferta-de-salud-para-la-familia-con-nuevas-especialidades-pediatricas\/#breadcrumb"},"inLanguage":"es","potentialAction":[{"@type":"ReadAction","target":["https:\/\/www.quebakan.com\/v15\/veris-quicentro-sur-amplia-su-oferta-de-salud-para-la-familia-con-nuevas-especialidades-pediatricas\/"]}]},{"@type":"ImageObject","inLanguage":"es","@id":"https:\/\/www.quebakan.com\/v15\/veris-quicentro-sur-amplia-su-oferta-de-salud-para-la-familia-con-nuevas-especialidades-pediatricas\/#primaryimage","url":"https:\/\/www.quebakan.com\/v15\/wp-content\/uploads\/2026\/01\/VERIS-QUICENTRO-SUR-4850.jpg","contentUrl":"https:\/\/www.quebakan.com\/v15\/wp-content\/uploads\/2026\/01\/VERIS-QUICENTRO-SUR-4850.jpg","width":700,"height":467},{"@type":"BreadcrumbList","@id":"https:\/\/www.quebakan.com\/v15\/veris-quicentro-sur-amplia-su-oferta-de-salud-para-la-familia-con-nuevas-especialidades-pediatricas\/#breadcrumb","itemListElement":[{"@type":"ListItem","position":1,"name":"Portada","item":"https:\/\/www.quebakan.com\/v15\/"},{"@type":"ListItem","position":2,"name":"Veris Quicentro Sur ampl\u00eda su oferta de salud para la familia con nuevas especialidades pedi\u00e1tricas"}]},{"@type":"WebSite","@id":"https:\/\/www.quebakan.com\/v15\/#website","url":"https:\/\/www.quebakan.com\/v15\/","name":"QUEBAKAN","description":"..","publisher":{"@id":"https:\/\/www.quebakan.com\/v15\/#organization"},"potentialAction":[{"@type":"SearchAction","target":{"@type":"EntryPoint","urlTemplate":"https:\/\/www.quebakan.com\/v15\/?s={search_term_string}"},"query-input":{"@type":"PropertyValueSpecification","valueRequired":true,"valueName":"search_term_string"}}],"inLanguage":"es"},{"@type":"Organization","@id":"https:\/\/www.quebakan.com\/v15\/#organization","name":"Quebakan.com","url":"https:\/\/www.quebakan.com\/v15\/","logo":{"@type":"ImageObject","inLanguage":"es","@id":"https:\/\/www.quebakan.com\/v15\/#\/schema\/logo\/image\/","url":"https:\/\/www.quebakan.com\/v15\/wp-content\/uploads\/2023\/07\/logoquebakanenero2021.jpg","contentUrl":"https:\/\/www.quebakan.com\/v15\/wp-content\/uploads\/2023\/07\/logoquebakanenero2021.jpg","width":1920,"height":1080,"caption":"Quebakan.com"},"image":{"@id":"https:\/\/www.quebakan.com\/v15\/#\/schema\/logo\/image\/"},"sameAs":["http:\/\/www.facebook.com\/quebakan","https:\/\/x.com\/quebakanec","http:\/\/www.instagram.com\/quebakan","http:\/\/www.youtube.com\/quebakan1"]},{"@type":"Person","@id":"https:\/\/www.quebakan.com\/v15\/#\/schema\/person\/d90fa9f9cfa81eb8ace9811e5b7b9118","name":"Erick Villafuerte","image":{"@type":"ImageObject","inLanguage":"es","@id":"https:\/\/www.quebakan.com\/v15\/wp-content\/uploads\/avatars\/4\/1731297654-bpfull.png","url":"https:\/\/www.quebakan.com\/v15\/wp-content\/uploads\/avatars\/4\/1731297654-bpfull.png","contentUrl":"https:\/\/www.quebakan.com\/v15\/wp-content\/uploads\/avatars\/4\/1731297654-bpfull.png","caption":"Erick Villafuerte"}}]}},"_links":{"self":[{"href":"https:\/\/www.quebakan.com\/v15\/wp-json\/wp\/v2\/posts\/139373","targetHints":{"allow":["GET"]}}],"collection":[{"href":"https:\/\/www.quebakan.com\/v15\/wp-json\/wp\/v2\/posts"}],"about":[{"href":"https:\/\/www.quebakan.com\/v15\/wp-json\/wp\/v2\/types\/post"}],"author":[{"embeddable":true,"href":"https:\/\/www.quebakan.com\/v15\/wp-json\/wp\/v2\/users\/4"}],"replies":[{"embeddable":true,"href":"https:\/\/www.quebakan.com\/v15\/wp-json\/wp\/v2\/comments?post=139373"}],"version-history":[{"count":1,"href":"https:\/\/www.quebakan.com\/v15\/wp-json\/wp\/v2\/posts\/139373\/revisions"}],"predecessor-version":[{"id":139377,"href":"https:\/\/www.quebakan.com\/v15\/wp-json\/wp\/v2\/posts\/139373\/revisions\/139377"}],"wp:featuredmedia":[{"embeddable":true,"href":"https:\/\/www.quebakan.com\/v15\/wp-json\/wp\/v2\/media\/139374"}],"wp:attachment":[{"href":"https:\/\/www.quebakan.com\/v15\/wp-json\/wp\/v2\/media?parent=139373"}],"wp:term":[{"taxonomy":"category","embeddable":true,"href":"https:\/\/www.quebakan.com\/v15\/wp-json\/wp\/v2\/categories?post=139373"},{"taxonomy":"post_tag","embeddable":true,"href":"https:\/\/www.quebakan.com\/v15\/wp-json\/wp\/v2\/tags?post=139373"}],"curies":[{"name":"wp","href":"https:\/\/api.w.org\/{rel}","templated":true}]}}