{"id":139452,"date":"2026-01-29T22:06:38","date_gmt":"2026-01-30T03:06:38","guid":{"rendered":"https:\/\/www.quebakan.com\/v15\/?p=139452"},"modified":"2026-01-29T22:06:38","modified_gmt":"2026-01-30T03:06:38","slug":"mall-del-norte-culmino-con-exito-su-campana-navidena","status":"publish","type":"post","link":"https:\/\/www.quebakan.com\/v15\/mall-del-norte-culmino-con-exito-su-campana-navidena\/","title":{"rendered":"MALL DEL NORTE CULMIN\u00d3 CON \u00c9XITO SU CAMPA\u00d1A NAVIDE\u00d1A"},"content":{"rendered":"<p><img fetchpriority=\"high\" decoding=\"async\" class=\"aligncenter size-full wp-image-139453\" src=\"https:\/\/www.quebakan.com\/v15\/wp-content\/uploads\/2026\/01\/GANADOR-MALL-DEL-NORTE_01.jpg\" alt=\"\" width=\"700\" height=\"523\" \/><\/p>\n<p style=\"text-align: justify;\"><span style=\"color: #000000;\"><strong>Mall del Norte <\/strong>finaliz\u00f3 exitosamente su campa\u00f1a navide\u00f1a \u201cSiente la Navidad en Mall del Polo Norte\u201d, una iniciativa que llen\u00f3 de alegr\u00eda, sorpresas y grandes premios a sus visitantes durante la temporada festiva.<\/span><\/p>\n<p style=\"text-align: justify;\"><span style=\"color: #000000;\">La campa\u00f1a se llev\u00f3 a cabo del 12 de noviembre de 2025 al 6 de enero de 2026 y tuvo como incentivo principal el sorteo de un autom\u00f3vil Jac JS8, cuyo ganador fue Jorge Villagomez, quien recibi\u00f3 su premio de manos de la gerente de marketing de Mall del Norte, Natalia Tamariz.<\/span><\/p>\n<p style=\"text-align: justify;\"><span style=\"color: #000000;\"><strong>Mall del Norte<\/strong> agradece a todos quienes formaron parte de esta campa\u00f1a, y reafirma su compromiso de premiar la preferencia de sus clientes, invit\u00e1ndolos a mantenerse atentos a las pr\u00f3ximas actividades, eventos y sorpresas que el centro comercial tiene preparadas a lo largo del a\u00f1o.<\/span><\/p>\n<p style=\"text-align: justify;\"><span style=\"color: #000000;\">Para m\u00e1s informaci\u00f3n y novedades, pueden seguir sus redes sociales oficiales: <span class=\"atwho-query\">@malldelnorte_gye.<\/span><\/span><\/p>\n","protected":false},"excerpt":{"rendered":"<p>Mall del Norte finaliz\u00f3 exitosamente su campa\u00f1a navide\u00f1a \u201cSiente la Navidad en Mall del Polo Norte\u201d, una iniciativa que llen\u00f3 de alegr\u00eda, sorpresas y grandes premios a sus visitantes durante la temporada festiva. La campa\u00f1a se llev\u00f3 a cabo del 12 de noviembre de 2025 al 6 de enero de 2026 y tuvo como incentivo [&hellip;]<\/p>\n","protected":false},"author":4,"featured_media":139453,"comment_status":"closed","ping_status":"closed","sticky":false,"template":"","format":"standard","meta":{"_bbp_topic_count":0,"_bbp_reply_count":0,"_bbp_total_topic_count":0,"_bbp_total_reply_count":0,"_bbp_voice_count":0,"_bbp_anonymous_reply_count":0,"_bbp_topic_count_hidden":0,"_bbp_reply_count_hidden":0,"_bbp_forum_subforum_count":0,"buzzeditor_post_format":"","footnotes":""},"categories":[2],"tags":[],"class_list":["post-139452","post","type-post","status-publish","format-standard","has-post-thumbnail","hentry","category-noticias"],"yoast_head":"<!-- This site is optimized with the Yoast SEO plugin v27.5 - https:\/\/yoast.com\/product\/yoast-seo-wordpress\/ -->\n<title>MALL DEL NORTE CULMIN\u00d3 CON \u00c9XITO SU CAMPA\u00d1A NAVIDE\u00d1A &#8211; QUEBAKAN.COM 2026: Noticias, Eventos, Conciertos y mucho m\u00e1s....<\/title>\n<meta name=\"robots\" content=\"index, follow, max-snippet:-1, max-image-preview:large, max-video-preview:-1\" \/>\n<link rel=\"canonical\" href=\"https:\/\/www.quebakan.com\/v15\/mall-del-norte-culmino-con-exito-su-campana-navidena\/\" \/>\n<meta property=\"og:locale\" content=\"es_ES\" \/>\n<meta property=\"og:type\" content=\"article\" \/>\n<meta property=\"og:title\" content=\"MALL DEL NORTE CULMIN\u00d3 CON \u00c9XITO SU CAMPA\u00d1A NAVIDE\u00d1A &#8211; QUEBAKAN.COM 2026: Noticias, Eventos, Conciertos y mucho m\u00e1s....\" \/>\n<meta property=\"og:description\" content=\"Mall del Norte finaliz\u00f3 exitosamente su campa\u00f1a navide\u00f1a \u201cSiente la Navidad en Mall del Polo Norte\u201d, una iniciativa que llen\u00f3 de alegr\u00eda, sorpresas y grandes premios a sus visitantes durante la temporada festiva. La campa\u00f1a se llev\u00f3 a cabo del 12 de noviembre de 2025 al 6 de enero de 2026 y tuvo como incentivo [&hellip;]\" \/>\n<meta property=\"og:url\" content=\"https:\/\/www.quebakan.com\/v15\/mall-del-norte-culmino-con-exito-su-campana-navidena\/\" \/>\n<meta property=\"og:site_name\" content=\"QUEBAKAN.COM 2026: Noticias, Eventos, Conciertos y mucho m\u00e1s....\" \/>\n<meta property=\"article:publisher\" content=\"http:\/\/www.facebook.com\/quebakan\" \/>\n<meta property=\"article:published_time\" content=\"2026-01-30T03:06:38+00:00\" \/>\n<meta property=\"og:image\" content=\"https:\/\/www.quebakan.com\/v15\/wp-content\/uploads\/2026\/01\/GANADOR-MALL-DEL-NORTE_01.jpg\" \/>\n\t<meta property=\"og:image:width\" content=\"700\" \/>\n\t<meta property=\"og:image:height\" content=\"523\" \/>\n\t<meta property=\"og:image:type\" content=\"image\/jpeg\" \/>\n<meta name=\"author\" content=\"Erick Villafuerte\" \/>\n<meta name=\"twitter:card\" content=\"summary_large_image\" \/>\n<meta name=\"twitter:creator\" content=\"@quebakanec\" \/>\n<meta name=\"twitter:site\" content=\"@quebakanec\" \/>\n<meta name=\"twitter:label1\" content=\"Escrito por\" \/>\n\t<meta name=\"twitter:data1\" content=\"Erick Villafuerte\" \/>\n\t<meta name=\"twitter:label2\" content=\"Tiempo de lectura\" \/>\n\t<meta name=\"twitter:data2\" content=\"2 minutos\" \/>\n<script type=\"application\/ld+json\" class=\"yoast-schema-graph\">{\"@context\":\"https:\\\/\\\/schema.org\",\"@graph\":[{\"@type\":\"Article\",\"@id\":\"https:\\\/\\\/www.quebakan.com\\\/v15\\\/mall-del-norte-culmino-con-exito-su-campana-navidena\\\/#article\",\"isPartOf\":{\"@id\":\"https:\\\/\\\/www.quebakan.com\\\/v15\\\/mall-del-norte-culmino-con-exito-su-campana-navidena\\\/\"},\"author\":{\"name\":\"Erick Villafuerte\",\"@id\":\"https:\\\/\\\/www.quebakan.com\\\/v15\\\/#\\\/schema\\\/person\\\/d90fa9f9cfa81eb8ace9811e5b7b9118\"},\"headline\":\"MALL DEL NORTE CULMIN\u00d3 CON \u00c9XITO SU CAMPA\u00d1A NAVIDE\u00d1A\",\"datePublished\":\"2026-01-30T03:06:38+00:00\",\"mainEntityOfPage\":{\"@id\":\"https:\\\/\\\/www.quebakan.com\\\/v15\\\/mall-del-norte-culmino-con-exito-su-campana-navidena\\\/\"},\"wordCount\":161,\"publisher\":{\"@id\":\"https:\\\/\\\/www.quebakan.com\\\/v15\\\/#organization\"},\"image\":{\"@id\":\"https:\\\/\\\/www.quebakan.com\\\/v15\\\/mall-del-norte-culmino-con-exito-su-campana-navidena\\\/#primaryimage\"},\"thumbnailUrl\":\"https:\\\/\\\/www.quebakan.com\\\/v15\\\/wp-content\\\/uploads\\\/2026\\\/01\\\/GANADOR-MALL-DEL-NORTE_01.jpg\",\"articleSection\":[\"Noticias\"],\"inLanguage\":\"es\"},{\"@type\":\"WebPage\",\"@id\":\"https:\\\/\\\/www.quebakan.com\\\/v15\\\/mall-del-norte-culmino-con-exito-su-campana-navidena\\\/\",\"url\":\"https:\\\/\\\/www.quebakan.com\\\/v15\\\/mall-del-norte-culmino-con-exito-su-campana-navidena\\\/\",\"name\":\"MALL DEL NORTE CULMIN\u00d3 CON \u00c9XITO SU CAMPA\u00d1A NAVIDE\u00d1A &#8211; QUEBAKAN.COM 2026: Noticias, Eventos, Conciertos y mucho m\u00e1s....\",\"isPartOf\":{\"@id\":\"https:\\\/\\\/www.quebakan.com\\\/v15\\\/#website\"},\"primaryImageOfPage\":{\"@id\":\"https:\\\/\\\/www.quebakan.com\\\/v15\\\/mall-del-norte-culmino-con-exito-su-campana-navidena\\\/#primaryimage\"},\"image\":{\"@id\":\"https:\\\/\\\/www.quebakan.com\\\/v15\\\/mall-del-norte-culmino-con-exito-su-campana-navidena\\\/#primaryimage\"},\"thumbnailUrl\":\"https:\\\/\\\/www.quebakan.com\\\/v15\\\/wp-content\\\/uploads\\\/2026\\\/01\\\/GANADOR-MALL-DEL-NORTE_01.jpg\",\"datePublished\":\"2026-01-30T03:06:38+00:00\",\"breadcrumb\":{\"@id\":\"https:\\\/\\\/www.quebakan.com\\\/v15\\\/mall-del-norte-culmino-con-exito-su-campana-navidena\\\/#breadcrumb\"},\"inLanguage\":\"es\",\"potentialAction\":[{\"@type\":\"ReadAction\",\"target\":[\"https:\\\/\\\/www.quebakan.com\\\/v15\\\/mall-del-norte-culmino-con-exito-su-campana-navidena\\\/\"]}]},{\"@type\":\"ImageObject\",\"inLanguage\":\"es\",\"@id\":\"https:\\\/\\\/www.quebakan.com\\\/v15\\\/mall-del-norte-culmino-con-exito-su-campana-navidena\\\/#primaryimage\",\"url\":\"https:\\\/\\\/www.quebakan.com\\\/v15\\\/wp-content\\\/uploads\\\/2026\\\/01\\\/GANADOR-MALL-DEL-NORTE_01.jpg\",\"contentUrl\":\"https:\\\/\\\/www.quebakan.com\\\/v15\\\/wp-content\\\/uploads\\\/2026\\\/01\\\/GANADOR-MALL-DEL-NORTE_01.jpg\",\"width\":700,\"height\":523},{\"@type\":\"BreadcrumbList\",\"@id\":\"https:\\\/\\\/www.quebakan.com\\\/v15\\\/mall-del-norte-culmino-con-exito-su-campana-navidena\\\/#breadcrumb\",\"itemListElement\":[{\"@type\":\"ListItem\",\"position\":1,\"name\":\"Portada\",\"item\":\"https:\\\/\\\/www.quebakan.com\\\/v15\\\/\"},{\"@type\":\"ListItem\",\"position\":2,\"name\":\"MALL DEL NORTE CULMIN\u00d3 CON \u00c9XITO SU CAMPA\u00d1A NAVIDE\u00d1A\"}]},{\"@type\":\"WebSite\",\"@id\":\"https:\\\/\\\/www.quebakan.com\\\/v15\\\/#website\",\"url\":\"https:\\\/\\\/www.quebakan.com\\\/v15\\\/\",\"name\":\"QUEBAKAN\",\"description\":\"..\",\"publisher\":{\"@id\":\"https:\\\/\\\/www.quebakan.com\\\/v15\\\/#organization\"},\"potentialAction\":[{\"@type\":\"SearchAction\",\"target\":{\"@type\":\"EntryPoint\",\"urlTemplate\":\"https:\\\/\\\/www.quebakan.com\\\/v15\\\/?s={search_term_string}\"},\"query-input\":{\"@type\":\"PropertyValueSpecification\",\"valueRequired\":true,\"valueName\":\"search_term_string\"}}],\"inLanguage\":\"es\"},{\"@type\":\"Organization\",\"@id\":\"https:\\\/\\\/www.quebakan.com\\\/v15\\\/#organization\",\"name\":\"Quebakan.com\",\"url\":\"https:\\\/\\\/www.quebakan.com\\\/v15\\\/\",\"logo\":{\"@type\":\"ImageObject\",\"inLanguage\":\"es\",\"@id\":\"https:\\\/\\\/www.quebakan.com\\\/v15\\\/#\\\/schema\\\/logo\\\/image\\\/\",\"url\":\"https:\\\/\\\/www.quebakan.com\\\/v15\\\/wp-content\\\/uploads\\\/2023\\\/07\\\/logoquebakanenero2021.jpg\",\"contentUrl\":\"https:\\\/\\\/www.quebakan.com\\\/v15\\\/wp-content\\\/uploads\\\/2023\\\/07\\\/logoquebakanenero2021.jpg\",\"width\":1920,\"height\":1080,\"caption\":\"Quebakan.com\"},\"image\":{\"@id\":\"https:\\\/\\\/www.quebakan.com\\\/v15\\\/#\\\/schema\\\/logo\\\/image\\\/\"},\"sameAs\":[\"http:\\\/\\\/www.facebook.com\\\/quebakan\",\"https:\\\/\\\/x.com\\\/quebakanec\",\"http:\\\/\\\/www.instagram.com\\\/quebakan\",\"http:\\\/\\\/www.youtube.com\\\/quebakan1\"]},{\"@type\":\"Person\",\"@id\":\"https:\\\/\\\/www.quebakan.com\\\/v15\\\/#\\\/schema\\\/person\\\/d90fa9f9cfa81eb8ace9811e5b7b9118\",\"name\":\"Erick Villafuerte\",\"image\":{\"@type\":\"ImageObject\",\"inLanguage\":\"es\",\"@id\":\"https:\\\/\\\/www.quebakan.com\\\/v15\\\/wp-content\\\/uploads\\\/avatars\\\/4\\\/1731297654-bpfull.png\",\"url\":\"https:\\\/\\\/www.quebakan.com\\\/v15\\\/wp-content\\\/uploads\\\/avatars\\\/4\\\/1731297654-bpfull.png\",\"contentUrl\":\"https:\\\/\\\/www.quebakan.com\\\/v15\\\/wp-content\\\/uploads\\\/avatars\\\/4\\\/1731297654-bpfull.png\",\"caption\":\"Erick Villafuerte\"}}]}<\/script>\n<!-- \/ Yoast SEO plugin. -->","yoast_head_json":{"title":"MALL DEL NORTE CULMIN\u00d3 CON \u00c9XITO SU CAMPA\u00d1A NAVIDE\u00d1A &#8211; QUEBAKAN.COM 2026: Noticias, Eventos, Conciertos y mucho m\u00e1s....","robots":{"index":"index","follow":"follow","max-snippet":"max-snippet:-1","max-image-preview":"max-image-preview:large","max-video-preview":"max-video-preview:-1"},"canonical":"https:\/\/www.quebakan.com\/v15\/mall-del-norte-culmino-con-exito-su-campana-navidena\/","og_locale":"es_ES","og_type":"article","og_title":"MALL DEL NORTE CULMIN\u00d3 CON \u00c9XITO SU CAMPA\u00d1A NAVIDE\u00d1A &#8211; QUEBAKAN.COM 2026: Noticias, Eventos, Conciertos y mucho m\u00e1s....","og_description":"Mall del Norte finaliz\u00f3 exitosamente su campa\u00f1a navide\u00f1a \u201cSiente la Navidad en Mall del Polo Norte\u201d, una iniciativa que llen\u00f3 de alegr\u00eda, sorpresas y grandes premios a sus visitantes durante la temporada festiva. La campa\u00f1a se llev\u00f3 a cabo del 12 de noviembre de 2025 al 6 de enero de 2026 y tuvo como incentivo [&hellip;]","og_url":"https:\/\/www.quebakan.com\/v15\/mall-del-norte-culmino-con-exito-su-campana-navidena\/","og_site_name":"QUEBAKAN.COM 2026: Noticias, Eventos, Conciertos y mucho m\u00e1s....","article_publisher":"http:\/\/www.facebook.com\/quebakan","article_published_time":"2026-01-30T03:06:38+00:00","og_image":[{"width":700,"height":523,"url":"https:\/\/www.quebakan.com\/v15\/wp-content\/uploads\/2026\/01\/GANADOR-MALL-DEL-NORTE_01.jpg","type":"image\/jpeg"}],"author":"Erick Villafuerte","twitter_card":"summary_large_image","twitter_creator":"@quebakanec","twitter_site":"@quebakanec","twitter_misc":{"Escrito por":"Erick Villafuerte","Tiempo de lectura":"2 minutos"},"schema":{"@context":"https:\/\/schema.org","@graph":[{"@type":"Article","@id":"https:\/\/www.quebakan.com\/v15\/mall-del-norte-culmino-con-exito-su-campana-navidena\/#article","isPartOf":{"@id":"https:\/\/www.quebakan.com\/v15\/mall-del-norte-culmino-con-exito-su-campana-navidena\/"},"author":{"name":"Erick Villafuerte","@id":"https:\/\/www.quebakan.com\/v15\/#\/schema\/person\/d90fa9f9cfa81eb8ace9811e5b7b9118"},"headline":"MALL DEL NORTE CULMIN\u00d3 CON \u00c9XITO SU CAMPA\u00d1A NAVIDE\u00d1A","datePublished":"2026-01-30T03:06:38+00:00","mainEntityOfPage":{"@id":"https:\/\/www.quebakan.com\/v15\/mall-del-norte-culmino-con-exito-su-campana-navidena\/"},"wordCount":161,"publisher":{"@id":"https:\/\/www.quebakan.com\/v15\/#organization"},"image":{"@id":"https:\/\/www.quebakan.com\/v15\/mall-del-norte-culmino-con-exito-su-campana-navidena\/#primaryimage"},"thumbnailUrl":"https:\/\/www.quebakan.com\/v15\/wp-content\/uploads\/2026\/01\/GANADOR-MALL-DEL-NORTE_01.jpg","articleSection":["Noticias"],"inLanguage":"es"},{"@type":"WebPage","@id":"https:\/\/www.quebakan.com\/v15\/mall-del-norte-culmino-con-exito-su-campana-navidena\/","url":"https:\/\/www.quebakan.com\/v15\/mall-del-norte-culmino-con-exito-su-campana-navidena\/","name":"MALL DEL NORTE CULMIN\u00d3 CON \u00c9XITO SU CAMPA\u00d1A NAVIDE\u00d1A &#8211; QUEBAKAN.COM 2026: Noticias, Eventos, Conciertos y mucho m\u00e1s....","isPartOf":{"@id":"https:\/\/www.quebakan.com\/v15\/#website"},"primaryImageOfPage":{"@id":"https:\/\/www.quebakan.com\/v15\/mall-del-norte-culmino-con-exito-su-campana-navidena\/#primaryimage"},"image":{"@id":"https:\/\/www.quebakan.com\/v15\/mall-del-norte-culmino-con-exito-su-campana-navidena\/#primaryimage"},"thumbnailUrl":"https:\/\/www.quebakan.com\/v15\/wp-content\/uploads\/2026\/01\/GANADOR-MALL-DEL-NORTE_01.jpg","datePublished":"2026-01-30T03:06:38+00:00","breadcrumb":{"@id":"https:\/\/www.quebakan.com\/v15\/mall-del-norte-culmino-con-exito-su-campana-navidena\/#breadcrumb"},"inLanguage":"es","potentialAction":[{"@type":"ReadAction","target":["https:\/\/www.quebakan.com\/v15\/mall-del-norte-culmino-con-exito-su-campana-navidena\/"]}]},{"@type":"ImageObject","inLanguage":"es","@id":"https:\/\/www.quebakan.com\/v15\/mall-del-norte-culmino-con-exito-su-campana-navidena\/#primaryimage","url":"https:\/\/www.quebakan.com\/v15\/wp-content\/uploads\/2026\/01\/GANADOR-MALL-DEL-NORTE_01.jpg","contentUrl":"https:\/\/www.quebakan.com\/v15\/wp-content\/uploads\/2026\/01\/GANADOR-MALL-DEL-NORTE_01.jpg","width":700,"height":523},{"@type":"BreadcrumbList","@id":"https:\/\/www.quebakan.com\/v15\/mall-del-norte-culmino-con-exito-su-campana-navidena\/#breadcrumb","itemListElement":[{"@type":"ListItem","position":1,"name":"Portada","item":"https:\/\/www.quebakan.com\/v15\/"},{"@type":"ListItem","position":2,"name":"MALL DEL NORTE CULMIN\u00d3 CON \u00c9XITO SU CAMPA\u00d1A NAVIDE\u00d1A"}]},{"@type":"WebSite","@id":"https:\/\/www.quebakan.com\/v15\/#website","url":"https:\/\/www.quebakan.com\/v15\/","name":"QUEBAKAN","description":"..","publisher":{"@id":"https:\/\/www.quebakan.com\/v15\/#organization"},"potentialAction":[{"@type":"SearchAction","target":{"@type":"EntryPoint","urlTemplate":"https:\/\/www.quebakan.com\/v15\/?s={search_term_string}"},"query-input":{"@type":"PropertyValueSpecification","valueRequired":true,"valueName":"search_term_string"}}],"inLanguage":"es"},{"@type":"Organization","@id":"https:\/\/www.quebakan.com\/v15\/#organization","name":"Quebakan.com","url":"https:\/\/www.quebakan.com\/v15\/","logo":{"@type":"ImageObject","inLanguage":"es","@id":"https:\/\/www.quebakan.com\/v15\/#\/schema\/logo\/image\/","url":"https:\/\/www.quebakan.com\/v15\/wp-content\/uploads\/2023\/07\/logoquebakanenero2021.jpg","contentUrl":"https:\/\/www.quebakan.com\/v15\/wp-content\/uploads\/2023\/07\/logoquebakanenero2021.jpg","width":1920,"height":1080,"caption":"Quebakan.com"},"image":{"@id":"https:\/\/www.quebakan.com\/v15\/#\/schema\/logo\/image\/"},"sameAs":["http:\/\/www.facebook.com\/quebakan","https:\/\/x.com\/quebakanec","http:\/\/www.instagram.com\/quebakan","http:\/\/www.youtube.com\/quebakan1"]},{"@type":"Person","@id":"https:\/\/www.quebakan.com\/v15\/#\/schema\/person\/d90fa9f9cfa81eb8ace9811e5b7b9118","name":"Erick Villafuerte","image":{"@type":"ImageObject","inLanguage":"es","@id":"https:\/\/www.quebakan.com\/v15\/wp-content\/uploads\/avatars\/4\/1731297654-bpfull.png","url":"https:\/\/www.quebakan.com\/v15\/wp-content\/uploads\/avatars\/4\/1731297654-bpfull.png","contentUrl":"https:\/\/www.quebakan.com\/v15\/wp-content\/uploads\/avatars\/4\/1731297654-bpfull.png","caption":"Erick Villafuerte"}}]}},"_links":{"self":[{"href":"https:\/\/www.quebakan.com\/v15\/wp-json\/wp\/v2\/posts\/139452","targetHints":{"allow":["GET"]}}],"collection":[{"href":"https:\/\/www.quebakan.com\/v15\/wp-json\/wp\/v2\/posts"}],"about":[{"href":"https:\/\/www.quebakan.com\/v15\/wp-json\/wp\/v2\/types\/post"}],"author":[{"embeddable":true,"href":"https:\/\/www.quebakan.com\/v15\/wp-json\/wp\/v2\/users\/4"}],"replies":[{"embeddable":true,"href":"https:\/\/www.quebakan.com\/v15\/wp-json\/wp\/v2\/comments?post=139452"}],"version-history":[{"count":1,"href":"https:\/\/www.quebakan.com\/v15\/wp-json\/wp\/v2\/posts\/139452\/revisions"}],"predecessor-version":[{"id":139454,"href":"https:\/\/www.quebakan.com\/v15\/wp-json\/wp\/v2\/posts\/139452\/revisions\/139454"}],"wp:featuredmedia":[{"embeddable":true,"href":"https:\/\/www.quebakan.com\/v15\/wp-json\/wp\/v2\/media\/139453"}],"wp:attachment":[{"href":"https:\/\/www.quebakan.com\/v15\/wp-json\/wp\/v2\/media?parent=139452"}],"wp:term":[{"taxonomy":"category","embeddable":true,"href":"https:\/\/www.quebakan.com\/v15\/wp-json\/wp\/v2\/categories?post=139452"},{"taxonomy":"post_tag","embeddable":true,"href":"https:\/\/www.quebakan.com\/v15\/wp-json\/wp\/v2\/tags?post=139452"}],"curies":[{"name":"wp","href":"https:\/\/api.w.org\/{rel}","templated":true}]}}