{"id":139455,"date":"2026-01-29T22:59:22","date_gmt":"2026-01-30T03:59:22","guid":{"rendered":"https:\/\/www.quebakan.com\/v15\/?p=139455"},"modified":"2026-01-29T22:59:22","modified_gmt":"2026-01-30T03:59:22","slug":"nestle-ecuador-impulsa-soluciones-sostenibles-para-mitigar-el-calentamiento-global","status":"publish","type":"post","link":"https:\/\/www.quebakan.com\/v15\/nestle-ecuador-impulsa-soluciones-sostenibles-para-mitigar-el-calentamiento-global\/","title":{"rendered":"Nestl\u00e9 Ecuador impulsa soluciones sostenibles para mitigar el calentamiento global"},"content":{"rendered":"<p><img fetchpriority=\"high\" decoding=\"async\" class=\"aligncenter size-full wp-image-139456\" src=\"https:\/\/www.quebakan.com\/v15\/wp-content\/uploads\/2026\/01\/1.-Apicultura.jpg\" alt=\"\" width=\"700\" height=\"467\" \/><\/p>\n<p style=\"text-align: center;\"><span style=\"color: #000000;\"><em>Pr\u00e1ctica de Apicultura-Plan Cacao<\/em><\/span><\/p>\n<p style=\"text-align: justify;\"><span style=\"color: #000000;\">Nestl\u00e9 impulsa una estrategia integral de Creaci\u00f3n de Valor Compartido que orienta sus acciones hacia un mismo objetivo: generar impacto positivo en las comunidades y en el planeta.<\/span><\/p>\n<p style=\"text-align: justify;\"><span style=\"color: #000000;\">En el marco del <strong>D\u00eda Mundial de la Acci\u00f3n Frente al Calentamiento Global<\/strong>, Nestl\u00e9 Ecuador reafirma su compromiso con una transici\u00f3n hacia sistemas alimentarios m\u00e1s sostenibles, en un contexto global donde el cambio clim\u00e1tico representa uno de los mayores desaf\u00edos para la agricultura y la seguridad alimentaria.<\/span><\/p>\n<p style=\"text-align: justify;\"><span style=\"color: #000000;\">El aumento de temperaturas, la variabilidad clim\u00e1tica y la degradaci\u00f3n del suelo est\u00e1n generando presiones crecientes sobre los productores locales, especialmente en zonas rurales donde el cacao es un pilar econ\u00f3mico y social. Frente a este escenario, Nestl\u00e9 Ecuador coloca al agro en el centro de su estrategia de sostenibilidad, impulsando modelos productivos que <strong>restauran ecosistemas, fortalecen la biodiversidad y generan resiliencia clim\u00e1tica<\/strong>. En ese camino se enmarca <strong>Plan Cacao<\/strong>, uno de los programas m\u00e1s emblem\u00e1ticos de la compa\u00f1\u00eda.<\/span><\/p>\n<p style=\"text-align: justify;\"><span style=\"color: #000000;\">Desde hace m\u00e1s de 15 a\u00f1os, el Plan Cacao de Nestl\u00e9 trabaja junto a <strong>7.500 agricultores de 11 provincias del pa\u00eds<\/strong>, promoviendo pr\u00e1cticas agr\u00edcolas que mejoran la productividad, garantizan la trazabilidad y reducen la vulnerabilidad frente al cambio clim\u00e1tico. Este programa se ha convertido en una plataforma clave para impulsar un modelo de producci\u00f3n sostenible que nace desde el origen.<\/span><\/p>\n<p style=\"text-align: justify;\"><span style=\"color: #000000;\">En el coraz\u00f3n de este esfuerzo est\u00e1 la <strong>agricultura regenerativa<\/strong>, un enfoque que va m\u00e1s all\u00e1 de reducir el impacto ambiental. Su objetivo es <strong>restaurar activamente la salud del suelo, fortalecer los ecosistemas y aumentar su capacidad de capturar carbono<\/strong>, convirti\u00e9ndolo en una herramienta estrat\u00e9gica para enfrentar el calentamiento global.<\/span><\/p>\n<p style=\"text-align: justify;\"><span style=\"color: #000000;\">La agricultura regenerativa permite transformar profundamente el sistema productivo. La recuperaci\u00f3n del suelo no solo reduce la dependencia de insumos , sino que incrementa la estabilidad de los rendimientos y la rentabilidad a largo plazo, especialmente en un entorno clim\u00e1tico cada vez m\u00e1s desafiante.<\/span><\/p>\n<p style=\"text-align: justify;\"><span style=\"color: #000000;\">En Ecuador, este enfoque se materializa a trav\u00e9s de una serie de pr\u00e1cticas que han mostrado resultados concretos en sostenibilidad, productividad y resiliencia:<\/span><\/p>\n<ul style=\"text-align: justify;\">\n<li><span style=\"color: #000000;\"><strong>Elaboraci\u00f3n de bioinsumos<\/strong> para reducir la dependencia de insumos qu\u00edmicos .<\/span><\/li>\n<li><span style=\"color: #000000;\"><strong>Lombricultura<\/strong>, que mejora la estructura y fertilidad del suelo.<\/span><\/li>\n<li><span style=\"color: #000000;\"><strong>Apicultura<\/strong>, clave para la polinizaci\u00f3n y la biodiversidad.<\/span><\/li>\n<li><span style=\"color: #000000;\"><strong>Diversificaci\u00f3n de cultivos<\/strong>, para fortalecer la estabilidad del sistema agr\u00edcola.<\/span><\/li>\n<li><span style=\"color: #000000;\"><strong>Capacitaci\u00f3n continua<\/strong>, permitiendo a los agricultores anticiparse a eventos clim\u00e1ticos extremos.<\/span><\/li>\n<li><span style=\"color: #000000;\"><strong>Uso eficiente del agua<\/strong>, un recurso vital para la adaptaci\u00f3n clim\u00e1tica.<\/span><\/li>\n<li><span style=\"color: #000000;\"><strong>Siembra de \u00e1rboles nativos<\/strong>, que ayuda a restaurar el entorno y aumentar la captura de carbono.<\/span><\/li>\n<li><span style=\"color: #000000;\"><strong>Manejo responsable de residuos<\/strong>, contribuyendo a una producci\u00f3n m\u00e1s eficiente y sostenible.<\/span><\/li>\n<\/ul>\n<p><img decoding=\"async\" class=\"aligncenter size-full wp-image-139457\" src=\"https:\/\/www.quebakan.com\/v15\/wp-content\/uploads\/2026\/01\/1.-Lombricultura.jpg\" alt=\"\" width=\"700\" height=\"467\" \/><\/p>\n<p style=\"text-align: center;\"><span style=\"color: #000000;\"><em>Pr\u00e1ctica de Lombricultura Plan Cacao<\/em><\/span><\/p>\n<p style=\"text-align: justify;\"><span style=\"color: #000000;\">Estas acciones fortalecen la resiliencia de las comunidades rurales, mejoran la productividad y permiten que los agricultores tengan sistemas m\u00e1s estables frente a fen\u00f3menos clim\u00e1ticos.<\/span><\/p>\n<p style=\"text-align: justify;\"><span style=\"color: #000000;\">El trabajo con los agricultores es clave para impulsar soluciones sostenibles desde el origen. En Nestl\u00e9 Ecuador creemos que el agro es parte fundamental de la respuesta frente al cambio clim\u00e1tico, y a trav\u00e9s de Plan Cacao promovemos pr\u00e1cticas que fortalecen los ecosistemas, mejoran la productividad y generan un impacto social y econ\u00f3mico sostenible\u201d,<\/span><br \/>\n<span style=\"color: #000000;\">afirma <strong>Ivonne Baidoo, Jefe Servicio Fomento Agropecuario de Nestl\u00e9 Ecuador<\/strong>.<\/span><\/p>\n<p style=\"text-align: justify;\"><span style=\"color: #000000;\">La apuesta de Nestl\u00e9 por la sostenibilidad no se limita a Plan Cacao, forma parte de una <strong>estrategia global robusta para reducir su impacto clim\u00e1tico<\/strong>, que integra todas las operaciones de la compa\u00f1\u00eda. Entre las principales l\u00edneas de acci\u00f3n se destacan:<\/span><\/p>\n<ul style=\"text-align: justify;\">\n<li><span style=\"color: #000000;\"><strong>Cero emisiones netas al 2050<\/strong>, como compromiso global de la compa\u00f1\u00eda.<\/span><\/li>\n<li><span style=\"color: #000000;\"><strong>Reducci\u00f3n de emisiones en f\u00e1bricas<\/strong>, a trav\u00e9s del uso creciente de energ\u00eda renovable y procesos m\u00e1s eficientes.<\/span><\/li>\n<li><span style=\"color: #000000;\"><strong>Optimizaci\u00f3n log\u00edstica<\/strong>, con rutas inteligentes, energ\u00edas m\u00e1s limpias y menor huella de transporte.<\/span><\/li>\n<li><span style=\"color: #000000;\"><strong>Gesti\u00f3n responsable del agua<\/strong>, con mejoras constantes en eficiencia h\u00eddrica.<\/span><\/li>\n<li><span style=\"color: #000000;\"><strong>Energ\u00eda renovable<\/strong>, impulsando la transici\u00f3n hacia fuentes m\u00e1s limpias en todas sus operaciones.<\/span><\/li>\n<\/ul>\n<p style=\"text-align: justify;\"><span style=\"color: #000000;\">Este enfoque integral refleja la ambici\u00f3n de Nestl\u00e9 de transformar sus cadenas de suministro, su operaci\u00f3n industrial y su relaci\u00f3n con los ecosistemas, aline\u00e1ndose con la meta de construir un futuro m\u00e1s sostenible para las pr\u00f3ximas generaciones.<\/span><\/p>\n","protected":false},"excerpt":{"rendered":"<p>Pr\u00e1ctica de Apicultura-Plan Cacao Nestl\u00e9 impulsa una estrategia integral de Creaci\u00f3n de Valor Compartido que orienta sus acciones hacia un mismo objetivo: generar impacto positivo en las comunidades y en el planeta. En el marco del D\u00eda Mundial de la Acci\u00f3n Frente al Calentamiento Global, Nestl\u00e9 Ecuador reafirma su compromiso con una transici\u00f3n hacia sistemas [&hellip;]<\/p>\n","protected":false},"author":4,"featured_media":139457,"comment_status":"closed","ping_status":"closed","sticky":false,"template":"","format":"standard","meta":{"_bbp_topic_count":0,"_bbp_reply_count":0,"_bbp_total_topic_count":0,"_bbp_total_reply_count":0,"_bbp_voice_count":0,"_bbp_anonymous_reply_count":0,"_bbp_topic_count_hidden":0,"_bbp_reply_count_hidden":0,"_bbp_forum_subforum_count":0,"buzzeditor_post_format":"","footnotes":""},"categories":[2],"tags":[],"class_list":["post-139455","post","type-post","status-publish","format-standard","has-post-thumbnail","hentry","category-noticias"],"yoast_head":"<!-- This site is optimized with the Yoast SEO plugin v27.5 - https:\/\/yoast.com\/product\/yoast-seo-wordpress\/ -->\n<title>Nestl\u00e9 Ecuador impulsa soluciones sostenibles para mitigar el calentamiento global &#8211; QUEBAKAN.COM 2026: Noticias, Eventos, Conciertos y mucho m\u00e1s....<\/title>\n<meta name=\"robots\" content=\"index, follow, max-snippet:-1, max-image-preview:large, max-video-preview:-1\" \/>\n<link rel=\"canonical\" href=\"https:\/\/www.quebakan.com\/v15\/nestle-ecuador-impulsa-soluciones-sostenibles-para-mitigar-el-calentamiento-global\/\" \/>\n<meta property=\"og:locale\" content=\"es_ES\" \/>\n<meta property=\"og:type\" content=\"article\" \/>\n<meta property=\"og:title\" content=\"Nestl\u00e9 Ecuador impulsa soluciones sostenibles para mitigar el calentamiento global &#8211; QUEBAKAN.COM 2026: Noticias, Eventos, Conciertos y mucho m\u00e1s....\" \/>\n<meta property=\"og:description\" content=\"Pr\u00e1ctica de Apicultura-Plan Cacao Nestl\u00e9 impulsa una estrategia integral de Creaci\u00f3n de Valor Compartido que orienta sus acciones hacia un mismo objetivo: generar impacto positivo en las comunidades y en el planeta. En el marco del D\u00eda Mundial de la Acci\u00f3n Frente al Calentamiento Global, Nestl\u00e9 Ecuador reafirma su compromiso con una transici\u00f3n hacia sistemas [&hellip;]\" \/>\n<meta property=\"og:url\" content=\"https:\/\/www.quebakan.com\/v15\/nestle-ecuador-impulsa-soluciones-sostenibles-para-mitigar-el-calentamiento-global\/\" \/>\n<meta property=\"og:site_name\" content=\"QUEBAKAN.COM 2026: Noticias, Eventos, Conciertos y mucho m\u00e1s....\" \/>\n<meta property=\"article:publisher\" content=\"http:\/\/www.facebook.com\/quebakan\" \/>\n<meta property=\"article:published_time\" content=\"2026-01-30T03:59:22+00:00\" \/>\n<meta property=\"og:image\" content=\"https:\/\/www.quebakan.com\/v15\/wp-content\/uploads\/2026\/01\/1.-Lombricultura.jpg\" \/>\n\t<meta property=\"og:image:width\" content=\"700\" \/>\n\t<meta property=\"og:image:height\" content=\"467\" \/>\n\t<meta property=\"og:image:type\" content=\"image\/jpeg\" \/>\n<meta name=\"author\" content=\"Erick Villafuerte\" \/>\n<meta name=\"twitter:card\" content=\"summary_large_image\" \/>\n<meta name=\"twitter:creator\" content=\"@quebakanec\" \/>\n<meta name=\"twitter:site\" content=\"@quebakanec\" \/>\n<meta name=\"twitter:label1\" content=\"Escrito por\" \/>\n\t<meta name=\"twitter:data1\" content=\"Erick Villafuerte\" \/>\n\t<meta name=\"twitter:label2\" content=\"Tiempo de lectura\" \/>\n\t<meta name=\"twitter:data2\" content=\"4 minutos\" \/>\n<script type=\"application\/ld+json\" class=\"yoast-schema-graph\">{\"@context\":\"https:\\\/\\\/schema.org\",\"@graph\":[{\"@type\":\"Article\",\"@id\":\"https:\\\/\\\/www.quebakan.com\\\/v15\\\/nestle-ecuador-impulsa-soluciones-sostenibles-para-mitigar-el-calentamiento-global\\\/#article\",\"isPartOf\":{\"@id\":\"https:\\\/\\\/www.quebakan.com\\\/v15\\\/nestle-ecuador-impulsa-soluciones-sostenibles-para-mitigar-el-calentamiento-global\\\/\"},\"author\":{\"name\":\"Erick Villafuerte\",\"@id\":\"https:\\\/\\\/www.quebakan.com\\\/v15\\\/#\\\/schema\\\/person\\\/d90fa9f9cfa81eb8ace9811e5b7b9118\"},\"headline\":\"Nestl\u00e9 Ecuador impulsa soluciones sostenibles para mitigar el calentamiento global\",\"datePublished\":\"2026-01-30T03:59:22+00:00\",\"mainEntityOfPage\":{\"@id\":\"https:\\\/\\\/www.quebakan.com\\\/v15\\\/nestle-ecuador-impulsa-soluciones-sostenibles-para-mitigar-el-calentamiento-global\\\/\"},\"wordCount\":739,\"publisher\":{\"@id\":\"https:\\\/\\\/www.quebakan.com\\\/v15\\\/#organization\"},\"image\":{\"@id\":\"https:\\\/\\\/www.quebakan.com\\\/v15\\\/nestle-ecuador-impulsa-soluciones-sostenibles-para-mitigar-el-calentamiento-global\\\/#primaryimage\"},\"thumbnailUrl\":\"https:\\\/\\\/www.quebakan.com\\\/v15\\\/wp-content\\\/uploads\\\/2026\\\/01\\\/1.-Lombricultura.jpg\",\"articleSection\":[\"Noticias\"],\"inLanguage\":\"es\"},{\"@type\":\"WebPage\",\"@id\":\"https:\\\/\\\/www.quebakan.com\\\/v15\\\/nestle-ecuador-impulsa-soluciones-sostenibles-para-mitigar-el-calentamiento-global\\\/\",\"url\":\"https:\\\/\\\/www.quebakan.com\\\/v15\\\/nestle-ecuador-impulsa-soluciones-sostenibles-para-mitigar-el-calentamiento-global\\\/\",\"name\":\"Nestl\u00e9 Ecuador impulsa soluciones sostenibles para mitigar el calentamiento global &#8211; QUEBAKAN.COM 2026: Noticias, Eventos, Conciertos y mucho m\u00e1s....\",\"isPartOf\":{\"@id\":\"https:\\\/\\\/www.quebakan.com\\\/v15\\\/#website\"},\"primaryImageOfPage\":{\"@id\":\"https:\\\/\\\/www.quebakan.com\\\/v15\\\/nestle-ecuador-impulsa-soluciones-sostenibles-para-mitigar-el-calentamiento-global\\\/#primaryimage\"},\"image\":{\"@id\":\"https:\\\/\\\/www.quebakan.com\\\/v15\\\/nestle-ecuador-impulsa-soluciones-sostenibles-para-mitigar-el-calentamiento-global\\\/#primaryimage\"},\"thumbnailUrl\":\"https:\\\/\\\/www.quebakan.com\\\/v15\\\/wp-content\\\/uploads\\\/2026\\\/01\\\/1.-Lombricultura.jpg\",\"datePublished\":\"2026-01-30T03:59:22+00:00\",\"breadcrumb\":{\"@id\":\"https:\\\/\\\/www.quebakan.com\\\/v15\\\/nestle-ecuador-impulsa-soluciones-sostenibles-para-mitigar-el-calentamiento-global\\\/#breadcrumb\"},\"inLanguage\":\"es\",\"potentialAction\":[{\"@type\":\"ReadAction\",\"target\":[\"https:\\\/\\\/www.quebakan.com\\\/v15\\\/nestle-ecuador-impulsa-soluciones-sostenibles-para-mitigar-el-calentamiento-global\\\/\"]}]},{\"@type\":\"ImageObject\",\"inLanguage\":\"es\",\"@id\":\"https:\\\/\\\/www.quebakan.com\\\/v15\\\/nestle-ecuador-impulsa-soluciones-sostenibles-para-mitigar-el-calentamiento-global\\\/#primaryimage\",\"url\":\"https:\\\/\\\/www.quebakan.com\\\/v15\\\/wp-content\\\/uploads\\\/2026\\\/01\\\/1.-Lombricultura.jpg\",\"contentUrl\":\"https:\\\/\\\/www.quebakan.com\\\/v15\\\/wp-content\\\/uploads\\\/2026\\\/01\\\/1.-Lombricultura.jpg\",\"width\":700,\"height\":467},{\"@type\":\"BreadcrumbList\",\"@id\":\"https:\\\/\\\/www.quebakan.com\\\/v15\\\/nestle-ecuador-impulsa-soluciones-sostenibles-para-mitigar-el-calentamiento-global\\\/#breadcrumb\",\"itemListElement\":[{\"@type\":\"ListItem\",\"position\":1,\"name\":\"Portada\",\"item\":\"https:\\\/\\\/www.quebakan.com\\\/v15\\\/\"},{\"@type\":\"ListItem\",\"position\":2,\"name\":\"Nestl\u00e9 Ecuador impulsa soluciones sostenibles para mitigar el calentamiento global\"}]},{\"@type\":\"WebSite\",\"@id\":\"https:\\\/\\\/www.quebakan.com\\\/v15\\\/#website\",\"url\":\"https:\\\/\\\/www.quebakan.com\\\/v15\\\/\",\"name\":\"QUEBAKAN\",\"description\":\"..\",\"publisher\":{\"@id\":\"https:\\\/\\\/www.quebakan.com\\\/v15\\\/#organization\"},\"potentialAction\":[{\"@type\":\"SearchAction\",\"target\":{\"@type\":\"EntryPoint\",\"urlTemplate\":\"https:\\\/\\\/www.quebakan.com\\\/v15\\\/?s={search_term_string}\"},\"query-input\":{\"@type\":\"PropertyValueSpecification\",\"valueRequired\":true,\"valueName\":\"search_term_string\"}}],\"inLanguage\":\"es\"},{\"@type\":\"Organization\",\"@id\":\"https:\\\/\\\/www.quebakan.com\\\/v15\\\/#organization\",\"name\":\"Quebakan.com\",\"url\":\"https:\\\/\\\/www.quebakan.com\\\/v15\\\/\",\"logo\":{\"@type\":\"ImageObject\",\"inLanguage\":\"es\",\"@id\":\"https:\\\/\\\/www.quebakan.com\\\/v15\\\/#\\\/schema\\\/logo\\\/image\\\/\",\"url\":\"https:\\\/\\\/www.quebakan.com\\\/v15\\\/wp-content\\\/uploads\\\/2023\\\/07\\\/logoquebakanenero2021.jpg\",\"contentUrl\":\"https:\\\/\\\/www.quebakan.com\\\/v15\\\/wp-content\\\/uploads\\\/2023\\\/07\\\/logoquebakanenero2021.jpg\",\"width\":1920,\"height\":1080,\"caption\":\"Quebakan.com\"},\"image\":{\"@id\":\"https:\\\/\\\/www.quebakan.com\\\/v15\\\/#\\\/schema\\\/logo\\\/image\\\/\"},\"sameAs\":[\"http:\\\/\\\/www.facebook.com\\\/quebakan\",\"https:\\\/\\\/x.com\\\/quebakanec\",\"http:\\\/\\\/www.instagram.com\\\/quebakan\",\"http:\\\/\\\/www.youtube.com\\\/quebakan1\"]},{\"@type\":\"Person\",\"@id\":\"https:\\\/\\\/www.quebakan.com\\\/v15\\\/#\\\/schema\\\/person\\\/d90fa9f9cfa81eb8ace9811e5b7b9118\",\"name\":\"Erick Villafuerte\",\"image\":{\"@type\":\"ImageObject\",\"inLanguage\":\"es\",\"@id\":\"https:\\\/\\\/www.quebakan.com\\\/v15\\\/wp-content\\\/uploads\\\/avatars\\\/4\\\/1731297654-bpfull.png\",\"url\":\"https:\\\/\\\/www.quebakan.com\\\/v15\\\/wp-content\\\/uploads\\\/avatars\\\/4\\\/1731297654-bpfull.png\",\"contentUrl\":\"https:\\\/\\\/www.quebakan.com\\\/v15\\\/wp-content\\\/uploads\\\/avatars\\\/4\\\/1731297654-bpfull.png\",\"caption\":\"Erick Villafuerte\"}}]}<\/script>\n<!-- \/ Yoast SEO plugin. -->","yoast_head_json":{"title":"Nestl\u00e9 Ecuador impulsa soluciones sostenibles para mitigar el calentamiento global &#8211; QUEBAKAN.COM 2026: Noticias, Eventos, Conciertos y mucho m\u00e1s....","robots":{"index":"index","follow":"follow","max-snippet":"max-snippet:-1","max-image-preview":"max-image-preview:large","max-video-preview":"max-video-preview:-1"},"canonical":"https:\/\/www.quebakan.com\/v15\/nestle-ecuador-impulsa-soluciones-sostenibles-para-mitigar-el-calentamiento-global\/","og_locale":"es_ES","og_type":"article","og_title":"Nestl\u00e9 Ecuador impulsa soluciones sostenibles para mitigar el calentamiento global &#8211; QUEBAKAN.COM 2026: Noticias, Eventos, Conciertos y mucho m\u00e1s....","og_description":"Pr\u00e1ctica de Apicultura-Plan Cacao Nestl\u00e9 impulsa una estrategia integral de Creaci\u00f3n de Valor Compartido que orienta sus acciones hacia un mismo objetivo: generar impacto positivo en las comunidades y en el planeta. En el marco del D\u00eda Mundial de la Acci\u00f3n Frente al Calentamiento Global, Nestl\u00e9 Ecuador reafirma su compromiso con una transici\u00f3n hacia sistemas [&hellip;]","og_url":"https:\/\/www.quebakan.com\/v15\/nestle-ecuador-impulsa-soluciones-sostenibles-para-mitigar-el-calentamiento-global\/","og_site_name":"QUEBAKAN.COM 2026: Noticias, Eventos, Conciertos y mucho m\u00e1s....","article_publisher":"http:\/\/www.facebook.com\/quebakan","article_published_time":"2026-01-30T03:59:22+00:00","og_image":[{"width":700,"height":467,"url":"https:\/\/www.quebakan.com\/v15\/wp-content\/uploads\/2026\/01\/1.-Lombricultura.jpg","type":"image\/jpeg"}],"author":"Erick Villafuerte","twitter_card":"summary_large_image","twitter_creator":"@quebakanec","twitter_site":"@quebakanec","twitter_misc":{"Escrito por":"Erick Villafuerte","Tiempo de lectura":"4 minutos"},"schema":{"@context":"https:\/\/schema.org","@graph":[{"@type":"Article","@id":"https:\/\/www.quebakan.com\/v15\/nestle-ecuador-impulsa-soluciones-sostenibles-para-mitigar-el-calentamiento-global\/#article","isPartOf":{"@id":"https:\/\/www.quebakan.com\/v15\/nestle-ecuador-impulsa-soluciones-sostenibles-para-mitigar-el-calentamiento-global\/"},"author":{"name":"Erick Villafuerte","@id":"https:\/\/www.quebakan.com\/v15\/#\/schema\/person\/d90fa9f9cfa81eb8ace9811e5b7b9118"},"headline":"Nestl\u00e9 Ecuador impulsa soluciones sostenibles para mitigar el calentamiento global","datePublished":"2026-01-30T03:59:22+00:00","mainEntityOfPage":{"@id":"https:\/\/www.quebakan.com\/v15\/nestle-ecuador-impulsa-soluciones-sostenibles-para-mitigar-el-calentamiento-global\/"},"wordCount":739,"publisher":{"@id":"https:\/\/www.quebakan.com\/v15\/#organization"},"image":{"@id":"https:\/\/www.quebakan.com\/v15\/nestle-ecuador-impulsa-soluciones-sostenibles-para-mitigar-el-calentamiento-global\/#primaryimage"},"thumbnailUrl":"https:\/\/www.quebakan.com\/v15\/wp-content\/uploads\/2026\/01\/1.-Lombricultura.jpg","articleSection":["Noticias"],"inLanguage":"es"},{"@type":"WebPage","@id":"https:\/\/www.quebakan.com\/v15\/nestle-ecuador-impulsa-soluciones-sostenibles-para-mitigar-el-calentamiento-global\/","url":"https:\/\/www.quebakan.com\/v15\/nestle-ecuador-impulsa-soluciones-sostenibles-para-mitigar-el-calentamiento-global\/","name":"Nestl\u00e9 Ecuador impulsa soluciones sostenibles para mitigar el calentamiento global &#8211; QUEBAKAN.COM 2026: Noticias, Eventos, Conciertos y mucho m\u00e1s....","isPartOf":{"@id":"https:\/\/www.quebakan.com\/v15\/#website"},"primaryImageOfPage":{"@id":"https:\/\/www.quebakan.com\/v15\/nestle-ecuador-impulsa-soluciones-sostenibles-para-mitigar-el-calentamiento-global\/#primaryimage"},"image":{"@id":"https:\/\/www.quebakan.com\/v15\/nestle-ecuador-impulsa-soluciones-sostenibles-para-mitigar-el-calentamiento-global\/#primaryimage"},"thumbnailUrl":"https:\/\/www.quebakan.com\/v15\/wp-content\/uploads\/2026\/01\/1.-Lombricultura.jpg","datePublished":"2026-01-30T03:59:22+00:00","breadcrumb":{"@id":"https:\/\/www.quebakan.com\/v15\/nestle-ecuador-impulsa-soluciones-sostenibles-para-mitigar-el-calentamiento-global\/#breadcrumb"},"inLanguage":"es","potentialAction":[{"@type":"ReadAction","target":["https:\/\/www.quebakan.com\/v15\/nestle-ecuador-impulsa-soluciones-sostenibles-para-mitigar-el-calentamiento-global\/"]}]},{"@type":"ImageObject","inLanguage":"es","@id":"https:\/\/www.quebakan.com\/v15\/nestle-ecuador-impulsa-soluciones-sostenibles-para-mitigar-el-calentamiento-global\/#primaryimage","url":"https:\/\/www.quebakan.com\/v15\/wp-content\/uploads\/2026\/01\/1.-Lombricultura.jpg","contentUrl":"https:\/\/www.quebakan.com\/v15\/wp-content\/uploads\/2026\/01\/1.-Lombricultura.jpg","width":700,"height":467},{"@type":"BreadcrumbList","@id":"https:\/\/www.quebakan.com\/v15\/nestle-ecuador-impulsa-soluciones-sostenibles-para-mitigar-el-calentamiento-global\/#breadcrumb","itemListElement":[{"@type":"ListItem","position":1,"name":"Portada","item":"https:\/\/www.quebakan.com\/v15\/"},{"@type":"ListItem","position":2,"name":"Nestl\u00e9 Ecuador impulsa soluciones sostenibles para mitigar el calentamiento global"}]},{"@type":"WebSite","@id":"https:\/\/www.quebakan.com\/v15\/#website","url":"https:\/\/www.quebakan.com\/v15\/","name":"QUEBAKAN","description":"..","publisher":{"@id":"https:\/\/www.quebakan.com\/v15\/#organization"},"potentialAction":[{"@type":"SearchAction","target":{"@type":"EntryPoint","urlTemplate":"https:\/\/www.quebakan.com\/v15\/?s={search_term_string}"},"query-input":{"@type":"PropertyValueSpecification","valueRequired":true,"valueName":"search_term_string"}}],"inLanguage":"es"},{"@type":"Organization","@id":"https:\/\/www.quebakan.com\/v15\/#organization","name":"Quebakan.com","url":"https:\/\/www.quebakan.com\/v15\/","logo":{"@type":"ImageObject","inLanguage":"es","@id":"https:\/\/www.quebakan.com\/v15\/#\/schema\/logo\/image\/","url":"https:\/\/www.quebakan.com\/v15\/wp-content\/uploads\/2023\/07\/logoquebakanenero2021.jpg","contentUrl":"https:\/\/www.quebakan.com\/v15\/wp-content\/uploads\/2023\/07\/logoquebakanenero2021.jpg","width":1920,"height":1080,"caption":"Quebakan.com"},"image":{"@id":"https:\/\/www.quebakan.com\/v15\/#\/schema\/logo\/image\/"},"sameAs":["http:\/\/www.facebook.com\/quebakan","https:\/\/x.com\/quebakanec","http:\/\/www.instagram.com\/quebakan","http:\/\/www.youtube.com\/quebakan1"]},{"@type":"Person","@id":"https:\/\/www.quebakan.com\/v15\/#\/schema\/person\/d90fa9f9cfa81eb8ace9811e5b7b9118","name":"Erick Villafuerte","image":{"@type":"ImageObject","inLanguage":"es","@id":"https:\/\/www.quebakan.com\/v15\/wp-content\/uploads\/avatars\/4\/1731297654-bpfull.png","url":"https:\/\/www.quebakan.com\/v15\/wp-content\/uploads\/avatars\/4\/1731297654-bpfull.png","contentUrl":"https:\/\/www.quebakan.com\/v15\/wp-content\/uploads\/avatars\/4\/1731297654-bpfull.png","caption":"Erick Villafuerte"}}]}},"_links":{"self":[{"href":"https:\/\/www.quebakan.com\/v15\/wp-json\/wp\/v2\/posts\/139455","targetHints":{"allow":["GET"]}}],"collection":[{"href":"https:\/\/www.quebakan.com\/v15\/wp-json\/wp\/v2\/posts"}],"about":[{"href":"https:\/\/www.quebakan.com\/v15\/wp-json\/wp\/v2\/types\/post"}],"author":[{"embeddable":true,"href":"https:\/\/www.quebakan.com\/v15\/wp-json\/wp\/v2\/users\/4"}],"replies":[{"embeddable":true,"href":"https:\/\/www.quebakan.com\/v15\/wp-json\/wp\/v2\/comments?post=139455"}],"version-history":[{"count":1,"href":"https:\/\/www.quebakan.com\/v15\/wp-json\/wp\/v2\/posts\/139455\/revisions"}],"predecessor-version":[{"id":139458,"href":"https:\/\/www.quebakan.com\/v15\/wp-json\/wp\/v2\/posts\/139455\/revisions\/139458"}],"wp:featuredmedia":[{"embeddable":true,"href":"https:\/\/www.quebakan.com\/v15\/wp-json\/wp\/v2\/media\/139457"}],"wp:attachment":[{"href":"https:\/\/www.quebakan.com\/v15\/wp-json\/wp\/v2\/media?parent=139455"}],"wp:term":[{"taxonomy":"category","embeddable":true,"href":"https:\/\/www.quebakan.com\/v15\/wp-json\/wp\/v2\/categories?post=139455"},{"taxonomy":"post_tag","embeddable":true,"href":"https:\/\/www.quebakan.com\/v15\/wp-json\/wp\/v2\/tags?post=139455"}],"curies":[{"name":"wp","href":"https:\/\/api.w.org\/{rel}","templated":true}]}}