{"id":139470,"date":"2026-01-30T00:09:06","date_gmt":"2026-01-30T05:09:06","guid":{"rendered":"https:\/\/www.quebakan.com\/v15\/?p=139470"},"modified":"2026-01-30T00:09:06","modified_gmt":"2026-01-30T05:09:06","slug":"avon-recibe-reconocimiento-por-su-compromiso-social-a-traves-del-programa-luzca-bien-sientase-mejor","status":"publish","type":"post","link":"https:\/\/www.quebakan.com\/v15\/avon-recibe-reconocimiento-por-su-compromiso-social-a-traves-del-programa-luzca-bien-sientase-mejor\/","title":{"rendered":"AVON recibe reconocimiento por su compromiso social a trav\u00e9s del programa \u201cLuzca Bien, Si\u00e9ntase Mejor\u201d"},"content":{"rendered":"<p><img fetchpriority=\"high\" decoding=\"async\" class=\"aligncenter size-full wp-image-139471\" src=\"https:\/\/www.quebakan.com\/v15\/wp-content\/uploads\/2026\/01\/260127_AVON_Procosmeticos.jpg\" alt=\"\" width=\"700\" height=\"467\" \/><\/p>\n<p style=\"text-align: justify;\"><span style=\"color: #000000;\"><strong>Pie de foto: Mar\u00eda Fernanda Le\u00f3n, Directora Ejecutiva de PROCOSM\u00c9TICOS y AEVD y Directora del programa <em>Luzca Bien, Si\u00e9ntase Mejor<\/em>; Gabriela Pe\u00f1aherrera, Gerente de Marketing de Natura &#8211; AVON; Carlos Cepeda, Vicepresidente del Directorio de PROCOSM\u00c9TICOS (Costa); y Andrea Mora, Coordinadora del programa <em>Luzca Bien, Si\u00e9ntase Mejor<\/em> y Administradora de PROCOSM\u00c9TICOS.<\/strong><\/span><\/p>\n<p style=\"text-align: justify;\"><span style=\"color: #000000;\"><strong>Quito, enero de 2026. <\/strong>AVON fue reconocida por <strong>PROCOSM\u00c9TICOS<\/strong> por su destacada y sostenida participaci\u00f3n en el programa <strong>\u201cLuzca Bien, Si\u00e9ntase Mejor\u201d<\/strong>, una iniciativa de alto impacto social orientada a fortalecer la autoestima y el bienestar emocional de mujeres que atraviesan tratamientos oncol\u00f3gicos. Este reconocimiento reafirma el compromiso hist\u00f3rico de la marca con la prevenci\u00f3n, el acompa\u00f1amiento y la sensibilizaci\u00f3n frente al c\u00e1ncer.<\/span><\/p>\n<p style=\"text-align: justify;\"><span style=\"color: #000000;\"><strong>\u201cLuzca Bien, Si\u00e9ntase Mejor\u201d<\/strong> es un programa de alcance internacional impulsado por la industria cosm\u00e9tica, que brinda talleres gratuitos de cuidado de la piel y automaquillaje a pacientes oncol\u00f3gicas. La iniciativa promueve el autocuidado como una herramienta de apoyo emocional, ayudando a las participantes a afrontar los cambios f\u00edsicos derivados de su tratamiento y a reconectarse con su imagen personal en un momento especialmente sensible.<\/span><\/p>\n<p style=\"text-align: justify;\"><span style=\"color: #000000;\">En Ecuador, el programa se desarrolla de manera ininterrumpida desde hace m\u00e1s de una d\u00e9cada y ha beneficiado a <strong>m\u00e1s de 10.000 personas<\/strong>, gracias al compromiso de empresas del sector, voluntarios especializados y aliados estrat\u00e9gicos, consolid\u00e1ndose como una de las principales iniciativas de responsabilidad social de la industria cosm\u00e9tica en el pa\u00eds.<\/span><\/p>\n<p style=\"text-align: justify;\"><span style=\"color: #000000;\">En este contexto, el reconocimiento otorgado a AVON destaca su rol como aliado estrat\u00e9gico del programa, a trav\u00e9s del aporte de productos de belleza y el acompa\u00f1amiento a los talleres, contribuyendo a que m\u00e1s mujeres refuercen su confianza, seguridad y bienestar emocional durante su proceso de tratamiento.<\/span><\/p>\n<p style=\"text-align: justify;\"><span style=\"color: #000000;\"><em>\u201cPara Avon, nuestro compromiso hist\u00f3rico es estar presentes cuando m\u00e1s lo necesitan. Desde esa convicci\u00f3n, entendemos que el bienestar emocional y la autoestima son fundamentales en los procesos de recuperaci\u00f3n, y que el maquillaje no impone est\u00e1ndares, sino que se convierte en una herramienta de expresi\u00f3n, seguridad y empoderamiento. Por eso, ser parte de Luzca Bien, Si\u00e9ntase Mejor reafirma nuestro prop\u00f3sito de acompa\u00f1arlas a trav\u00e9s de nuestras causas, porque estar para ellas, es ahora\u201d,<\/em> se\u00f1al\u00f3 <strong>Gabriela Pe\u00f1aherrera, Gerente Marketing de Avon.<\/strong><\/span><\/p>\n<p style=\"text-align: justify;\"><span style=\"color: #000000;\">La participaci\u00f3n de AVON en esta iniciativa se enmarca en su compromiso de largo plazo con la prevenci\u00f3n y lucha contra el c\u00e1ncer, una de las causas m\u00e1s relevantes de la marca a nivel global. A lo largo de los a\u00f1os, AVON ha impulsado acciones sostenidas de concienciaci\u00f3n, educaci\u00f3n y apoyo, con el objetivo de generar un impacto positivo y duradero en la vida de las mujeres y sus comunidades.<\/span><\/p>\n<p style=\"text-align: justify;\"><span style=\"color: #000000;\">Con esta distinci\u00f3n, AVON reafirma su liderazgo como una marca con prop\u00f3sito, comprometida no solo con la belleza, sino con iniciativas que promueven la salud, la autoestima y la resiliencia de las mujeres.<\/span><\/p>\n","protected":false},"excerpt":{"rendered":"<p>Pie de foto: Mar\u00eda Fernanda Le\u00f3n, Directora Ejecutiva de PROCOSM\u00c9TICOS y AEVD y Directora del programa Luzca Bien, Si\u00e9ntase Mejor; Gabriela Pe\u00f1aherrera, Gerente de Marketing de Natura &#8211; AVON; Carlos Cepeda, Vicepresidente del Directorio de PROCOSM\u00c9TICOS (Costa); y Andrea Mora, Coordinadora del programa Luzca Bien, Si\u00e9ntase Mejor y Administradora de PROCOSM\u00c9TICOS. Quito, enero de 2026. [&hellip;]<\/p>\n","protected":false},"author":4,"featured_media":139471,"comment_status":"closed","ping_status":"closed","sticky":false,"template":"","format":"standard","meta":{"_bbp_topic_count":0,"_bbp_reply_count":0,"_bbp_total_topic_count":0,"_bbp_total_reply_count":0,"_bbp_voice_count":0,"_bbp_anonymous_reply_count":0,"_bbp_topic_count_hidden":0,"_bbp_reply_count_hidden":0,"_bbp_forum_subforum_count":0,"buzzeditor_post_format":"","footnotes":""},"categories":[2],"tags":[],"class_list":["post-139470","post","type-post","status-publish","format-standard","has-post-thumbnail","hentry","category-noticias"],"yoast_head":"<!-- This site is optimized with the Yoast SEO plugin v27.5 - https:\/\/yoast.com\/product\/yoast-seo-wordpress\/ -->\n<title>AVON recibe reconocimiento por su compromiso social a trav\u00e9s del programa \u201cLuzca Bien, Si\u00e9ntase Mejor\u201d &#8211; QUEBAKAN.COM 2026: Noticias, Eventos, Conciertos y mucho m\u00e1s....<\/title>\n<meta name=\"robots\" content=\"index, follow, max-snippet:-1, max-image-preview:large, max-video-preview:-1\" \/>\n<link rel=\"canonical\" href=\"https:\/\/www.quebakan.com\/v15\/avon-recibe-reconocimiento-por-su-compromiso-social-a-traves-del-programa-luzca-bien-sientase-mejor\/\" \/>\n<meta property=\"og:locale\" content=\"es_ES\" \/>\n<meta property=\"og:type\" content=\"article\" \/>\n<meta property=\"og:title\" content=\"AVON recibe reconocimiento por su compromiso social a trav\u00e9s del programa \u201cLuzca Bien, Si\u00e9ntase Mejor\u201d &#8211; QUEBAKAN.COM 2026: Noticias, Eventos, Conciertos y mucho m\u00e1s....\" \/>\n<meta property=\"og:description\" content=\"Pie de foto: Mar\u00eda Fernanda Le\u00f3n, Directora Ejecutiva de PROCOSM\u00c9TICOS y AEVD y Directora del programa Luzca Bien, Si\u00e9ntase Mejor; Gabriela Pe\u00f1aherrera, Gerente de Marketing de Natura &#8211; AVON; Carlos Cepeda, Vicepresidente del Directorio de PROCOSM\u00c9TICOS (Costa); y Andrea Mora, Coordinadora del programa Luzca Bien, Si\u00e9ntase Mejor y Administradora de PROCOSM\u00c9TICOS. Quito, enero de 2026. [&hellip;]\" \/>\n<meta property=\"og:url\" content=\"https:\/\/www.quebakan.com\/v15\/avon-recibe-reconocimiento-por-su-compromiso-social-a-traves-del-programa-luzca-bien-sientase-mejor\/\" \/>\n<meta property=\"og:site_name\" content=\"QUEBAKAN.COM 2026: Noticias, Eventos, Conciertos y mucho m\u00e1s....\" \/>\n<meta property=\"article:publisher\" content=\"http:\/\/www.facebook.com\/quebakan\" \/>\n<meta property=\"article:published_time\" content=\"2026-01-30T05:09:06+00:00\" \/>\n<meta property=\"og:image\" content=\"https:\/\/www.quebakan.com\/v15\/wp-content\/uploads\/2026\/01\/260127_AVON_Procosmeticos.jpg\" \/>\n\t<meta property=\"og:image:width\" content=\"700\" \/>\n\t<meta property=\"og:image:height\" content=\"467\" \/>\n\t<meta property=\"og:image:type\" content=\"image\/jpeg\" \/>\n<meta name=\"author\" content=\"Erick Villafuerte\" \/>\n<meta name=\"twitter:card\" content=\"summary_large_image\" \/>\n<meta name=\"twitter:creator\" content=\"@quebakanec\" \/>\n<meta name=\"twitter:site\" content=\"@quebakanec\" \/>\n<meta name=\"twitter:label1\" content=\"Escrito por\" \/>\n\t<meta name=\"twitter:data1\" content=\"Erick Villafuerte\" \/>\n\t<meta name=\"twitter:label2\" content=\"Tiempo de lectura\" \/>\n\t<meta name=\"twitter:data2\" content=\"3 minutos\" \/>\n<script type=\"application\/ld+json\" class=\"yoast-schema-graph\">{\"@context\":\"https:\\\/\\\/schema.org\",\"@graph\":[{\"@type\":\"Article\",\"@id\":\"https:\\\/\\\/www.quebakan.com\\\/v15\\\/avon-recibe-reconocimiento-por-su-compromiso-social-a-traves-del-programa-luzca-bien-sientase-mejor\\\/#article\",\"isPartOf\":{\"@id\":\"https:\\\/\\\/www.quebakan.com\\\/v15\\\/avon-recibe-reconocimiento-por-su-compromiso-social-a-traves-del-programa-luzca-bien-sientase-mejor\\\/\"},\"author\":{\"name\":\"Erick Villafuerte\",\"@id\":\"https:\\\/\\\/www.quebakan.com\\\/v15\\\/#\\\/schema\\\/person\\\/d90fa9f9cfa81eb8ace9811e5b7b9118\"},\"headline\":\"AVON recibe reconocimiento por su compromiso social a trav\u00e9s del programa \u201cLuzca Bien, Si\u00e9ntase Mejor\u201d\",\"datePublished\":\"2026-01-30T05:09:06+00:00\",\"mainEntityOfPage\":{\"@id\":\"https:\\\/\\\/www.quebakan.com\\\/v15\\\/avon-recibe-reconocimiento-por-su-compromiso-social-a-traves-del-programa-luzca-bien-sientase-mejor\\\/\"},\"wordCount\":530,\"publisher\":{\"@id\":\"https:\\\/\\\/www.quebakan.com\\\/v15\\\/#organization\"},\"image\":{\"@id\":\"https:\\\/\\\/www.quebakan.com\\\/v15\\\/avon-recibe-reconocimiento-por-su-compromiso-social-a-traves-del-programa-luzca-bien-sientase-mejor\\\/#primaryimage\"},\"thumbnailUrl\":\"https:\\\/\\\/www.quebakan.com\\\/v15\\\/wp-content\\\/uploads\\\/2026\\\/01\\\/260127_AVON_Procosmeticos.jpg\",\"articleSection\":[\"Noticias\"],\"inLanguage\":\"es\"},{\"@type\":\"WebPage\",\"@id\":\"https:\\\/\\\/www.quebakan.com\\\/v15\\\/avon-recibe-reconocimiento-por-su-compromiso-social-a-traves-del-programa-luzca-bien-sientase-mejor\\\/\",\"url\":\"https:\\\/\\\/www.quebakan.com\\\/v15\\\/avon-recibe-reconocimiento-por-su-compromiso-social-a-traves-del-programa-luzca-bien-sientase-mejor\\\/\",\"name\":\"AVON recibe reconocimiento por su compromiso social a trav\u00e9s del programa \u201cLuzca Bien, Si\u00e9ntase Mejor\u201d &#8211; QUEBAKAN.COM 2026: Noticias, Eventos, Conciertos y mucho m\u00e1s....\",\"isPartOf\":{\"@id\":\"https:\\\/\\\/www.quebakan.com\\\/v15\\\/#website\"},\"primaryImageOfPage\":{\"@id\":\"https:\\\/\\\/www.quebakan.com\\\/v15\\\/avon-recibe-reconocimiento-por-su-compromiso-social-a-traves-del-programa-luzca-bien-sientase-mejor\\\/#primaryimage\"},\"image\":{\"@id\":\"https:\\\/\\\/www.quebakan.com\\\/v15\\\/avon-recibe-reconocimiento-por-su-compromiso-social-a-traves-del-programa-luzca-bien-sientase-mejor\\\/#primaryimage\"},\"thumbnailUrl\":\"https:\\\/\\\/www.quebakan.com\\\/v15\\\/wp-content\\\/uploads\\\/2026\\\/01\\\/260127_AVON_Procosmeticos.jpg\",\"datePublished\":\"2026-01-30T05:09:06+00:00\",\"breadcrumb\":{\"@id\":\"https:\\\/\\\/www.quebakan.com\\\/v15\\\/avon-recibe-reconocimiento-por-su-compromiso-social-a-traves-del-programa-luzca-bien-sientase-mejor\\\/#breadcrumb\"},\"inLanguage\":\"es\",\"potentialAction\":[{\"@type\":\"ReadAction\",\"target\":[\"https:\\\/\\\/www.quebakan.com\\\/v15\\\/avon-recibe-reconocimiento-por-su-compromiso-social-a-traves-del-programa-luzca-bien-sientase-mejor\\\/\"]}]},{\"@type\":\"ImageObject\",\"inLanguage\":\"es\",\"@id\":\"https:\\\/\\\/www.quebakan.com\\\/v15\\\/avon-recibe-reconocimiento-por-su-compromiso-social-a-traves-del-programa-luzca-bien-sientase-mejor\\\/#primaryimage\",\"url\":\"https:\\\/\\\/www.quebakan.com\\\/v15\\\/wp-content\\\/uploads\\\/2026\\\/01\\\/260127_AVON_Procosmeticos.jpg\",\"contentUrl\":\"https:\\\/\\\/www.quebakan.com\\\/v15\\\/wp-content\\\/uploads\\\/2026\\\/01\\\/260127_AVON_Procosmeticos.jpg\",\"width\":700,\"height\":467},{\"@type\":\"BreadcrumbList\",\"@id\":\"https:\\\/\\\/www.quebakan.com\\\/v15\\\/avon-recibe-reconocimiento-por-su-compromiso-social-a-traves-del-programa-luzca-bien-sientase-mejor\\\/#breadcrumb\",\"itemListElement\":[{\"@type\":\"ListItem\",\"position\":1,\"name\":\"Portada\",\"item\":\"https:\\\/\\\/www.quebakan.com\\\/v15\\\/\"},{\"@type\":\"ListItem\",\"position\":2,\"name\":\"AVON recibe reconocimiento por su compromiso social a trav\u00e9s del programa \u201cLuzca Bien, Si\u00e9ntase Mejor\u201d\"}]},{\"@type\":\"WebSite\",\"@id\":\"https:\\\/\\\/www.quebakan.com\\\/v15\\\/#website\",\"url\":\"https:\\\/\\\/www.quebakan.com\\\/v15\\\/\",\"name\":\"QUEBAKAN\",\"description\":\"..\",\"publisher\":{\"@id\":\"https:\\\/\\\/www.quebakan.com\\\/v15\\\/#organization\"},\"potentialAction\":[{\"@type\":\"SearchAction\",\"target\":{\"@type\":\"EntryPoint\",\"urlTemplate\":\"https:\\\/\\\/www.quebakan.com\\\/v15\\\/?s={search_term_string}\"},\"query-input\":{\"@type\":\"PropertyValueSpecification\",\"valueRequired\":true,\"valueName\":\"search_term_string\"}}],\"inLanguage\":\"es\"},{\"@type\":\"Organization\",\"@id\":\"https:\\\/\\\/www.quebakan.com\\\/v15\\\/#organization\",\"name\":\"Quebakan.com\",\"url\":\"https:\\\/\\\/www.quebakan.com\\\/v15\\\/\",\"logo\":{\"@type\":\"ImageObject\",\"inLanguage\":\"es\",\"@id\":\"https:\\\/\\\/www.quebakan.com\\\/v15\\\/#\\\/schema\\\/logo\\\/image\\\/\",\"url\":\"https:\\\/\\\/www.quebakan.com\\\/v15\\\/wp-content\\\/uploads\\\/2023\\\/07\\\/logoquebakanenero2021.jpg\",\"contentUrl\":\"https:\\\/\\\/www.quebakan.com\\\/v15\\\/wp-content\\\/uploads\\\/2023\\\/07\\\/logoquebakanenero2021.jpg\",\"width\":1920,\"height\":1080,\"caption\":\"Quebakan.com\"},\"image\":{\"@id\":\"https:\\\/\\\/www.quebakan.com\\\/v15\\\/#\\\/schema\\\/logo\\\/image\\\/\"},\"sameAs\":[\"http:\\\/\\\/www.facebook.com\\\/quebakan\",\"https:\\\/\\\/x.com\\\/quebakanec\",\"http:\\\/\\\/www.instagram.com\\\/quebakan\",\"http:\\\/\\\/www.youtube.com\\\/quebakan1\"]},{\"@type\":\"Person\",\"@id\":\"https:\\\/\\\/www.quebakan.com\\\/v15\\\/#\\\/schema\\\/person\\\/d90fa9f9cfa81eb8ace9811e5b7b9118\",\"name\":\"Erick Villafuerte\",\"image\":{\"@type\":\"ImageObject\",\"inLanguage\":\"es\",\"@id\":\"https:\\\/\\\/www.quebakan.com\\\/v15\\\/wp-content\\\/uploads\\\/avatars\\\/4\\\/1731297654-bpfull.png\",\"url\":\"https:\\\/\\\/www.quebakan.com\\\/v15\\\/wp-content\\\/uploads\\\/avatars\\\/4\\\/1731297654-bpfull.png\",\"contentUrl\":\"https:\\\/\\\/www.quebakan.com\\\/v15\\\/wp-content\\\/uploads\\\/avatars\\\/4\\\/1731297654-bpfull.png\",\"caption\":\"Erick Villafuerte\"}}]}<\/script>\n<!-- \/ Yoast SEO plugin. -->","yoast_head_json":{"title":"AVON recibe reconocimiento por su compromiso social a trav\u00e9s del programa \u201cLuzca Bien, Si\u00e9ntase Mejor\u201d &#8211; QUEBAKAN.COM 2026: Noticias, Eventos, Conciertos y mucho m\u00e1s....","robots":{"index":"index","follow":"follow","max-snippet":"max-snippet:-1","max-image-preview":"max-image-preview:large","max-video-preview":"max-video-preview:-1"},"canonical":"https:\/\/www.quebakan.com\/v15\/avon-recibe-reconocimiento-por-su-compromiso-social-a-traves-del-programa-luzca-bien-sientase-mejor\/","og_locale":"es_ES","og_type":"article","og_title":"AVON recibe reconocimiento por su compromiso social a trav\u00e9s del programa \u201cLuzca Bien, Si\u00e9ntase Mejor\u201d &#8211; QUEBAKAN.COM 2026: Noticias, Eventos, Conciertos y mucho m\u00e1s....","og_description":"Pie de foto: Mar\u00eda Fernanda Le\u00f3n, Directora Ejecutiva de PROCOSM\u00c9TICOS y AEVD y Directora del programa Luzca Bien, Si\u00e9ntase Mejor; Gabriela Pe\u00f1aherrera, Gerente de Marketing de Natura &#8211; AVON; Carlos Cepeda, Vicepresidente del Directorio de PROCOSM\u00c9TICOS (Costa); y Andrea Mora, Coordinadora del programa Luzca Bien, Si\u00e9ntase Mejor y Administradora de PROCOSM\u00c9TICOS. Quito, enero de 2026. [&hellip;]","og_url":"https:\/\/www.quebakan.com\/v15\/avon-recibe-reconocimiento-por-su-compromiso-social-a-traves-del-programa-luzca-bien-sientase-mejor\/","og_site_name":"QUEBAKAN.COM 2026: Noticias, Eventos, Conciertos y mucho m\u00e1s....","article_publisher":"http:\/\/www.facebook.com\/quebakan","article_published_time":"2026-01-30T05:09:06+00:00","og_image":[{"width":700,"height":467,"url":"https:\/\/www.quebakan.com\/v15\/wp-content\/uploads\/2026\/01\/260127_AVON_Procosmeticos.jpg","type":"image\/jpeg"}],"author":"Erick Villafuerte","twitter_card":"summary_large_image","twitter_creator":"@quebakanec","twitter_site":"@quebakanec","twitter_misc":{"Escrito por":"Erick Villafuerte","Tiempo de lectura":"3 minutos"},"schema":{"@context":"https:\/\/schema.org","@graph":[{"@type":"Article","@id":"https:\/\/www.quebakan.com\/v15\/avon-recibe-reconocimiento-por-su-compromiso-social-a-traves-del-programa-luzca-bien-sientase-mejor\/#article","isPartOf":{"@id":"https:\/\/www.quebakan.com\/v15\/avon-recibe-reconocimiento-por-su-compromiso-social-a-traves-del-programa-luzca-bien-sientase-mejor\/"},"author":{"name":"Erick Villafuerte","@id":"https:\/\/www.quebakan.com\/v15\/#\/schema\/person\/d90fa9f9cfa81eb8ace9811e5b7b9118"},"headline":"AVON recibe reconocimiento por su compromiso social a trav\u00e9s del programa \u201cLuzca Bien, Si\u00e9ntase Mejor\u201d","datePublished":"2026-01-30T05:09:06+00:00","mainEntityOfPage":{"@id":"https:\/\/www.quebakan.com\/v15\/avon-recibe-reconocimiento-por-su-compromiso-social-a-traves-del-programa-luzca-bien-sientase-mejor\/"},"wordCount":530,"publisher":{"@id":"https:\/\/www.quebakan.com\/v15\/#organization"},"image":{"@id":"https:\/\/www.quebakan.com\/v15\/avon-recibe-reconocimiento-por-su-compromiso-social-a-traves-del-programa-luzca-bien-sientase-mejor\/#primaryimage"},"thumbnailUrl":"https:\/\/www.quebakan.com\/v15\/wp-content\/uploads\/2026\/01\/260127_AVON_Procosmeticos.jpg","articleSection":["Noticias"],"inLanguage":"es"},{"@type":"WebPage","@id":"https:\/\/www.quebakan.com\/v15\/avon-recibe-reconocimiento-por-su-compromiso-social-a-traves-del-programa-luzca-bien-sientase-mejor\/","url":"https:\/\/www.quebakan.com\/v15\/avon-recibe-reconocimiento-por-su-compromiso-social-a-traves-del-programa-luzca-bien-sientase-mejor\/","name":"AVON recibe reconocimiento por su compromiso social a trav\u00e9s del programa \u201cLuzca Bien, Si\u00e9ntase Mejor\u201d &#8211; QUEBAKAN.COM 2026: Noticias, Eventos, Conciertos y mucho m\u00e1s....","isPartOf":{"@id":"https:\/\/www.quebakan.com\/v15\/#website"},"primaryImageOfPage":{"@id":"https:\/\/www.quebakan.com\/v15\/avon-recibe-reconocimiento-por-su-compromiso-social-a-traves-del-programa-luzca-bien-sientase-mejor\/#primaryimage"},"image":{"@id":"https:\/\/www.quebakan.com\/v15\/avon-recibe-reconocimiento-por-su-compromiso-social-a-traves-del-programa-luzca-bien-sientase-mejor\/#primaryimage"},"thumbnailUrl":"https:\/\/www.quebakan.com\/v15\/wp-content\/uploads\/2026\/01\/260127_AVON_Procosmeticos.jpg","datePublished":"2026-01-30T05:09:06+00:00","breadcrumb":{"@id":"https:\/\/www.quebakan.com\/v15\/avon-recibe-reconocimiento-por-su-compromiso-social-a-traves-del-programa-luzca-bien-sientase-mejor\/#breadcrumb"},"inLanguage":"es","potentialAction":[{"@type":"ReadAction","target":["https:\/\/www.quebakan.com\/v15\/avon-recibe-reconocimiento-por-su-compromiso-social-a-traves-del-programa-luzca-bien-sientase-mejor\/"]}]},{"@type":"ImageObject","inLanguage":"es","@id":"https:\/\/www.quebakan.com\/v15\/avon-recibe-reconocimiento-por-su-compromiso-social-a-traves-del-programa-luzca-bien-sientase-mejor\/#primaryimage","url":"https:\/\/www.quebakan.com\/v15\/wp-content\/uploads\/2026\/01\/260127_AVON_Procosmeticos.jpg","contentUrl":"https:\/\/www.quebakan.com\/v15\/wp-content\/uploads\/2026\/01\/260127_AVON_Procosmeticos.jpg","width":700,"height":467},{"@type":"BreadcrumbList","@id":"https:\/\/www.quebakan.com\/v15\/avon-recibe-reconocimiento-por-su-compromiso-social-a-traves-del-programa-luzca-bien-sientase-mejor\/#breadcrumb","itemListElement":[{"@type":"ListItem","position":1,"name":"Portada","item":"https:\/\/www.quebakan.com\/v15\/"},{"@type":"ListItem","position":2,"name":"AVON recibe reconocimiento por su compromiso social a trav\u00e9s del programa \u201cLuzca Bien, Si\u00e9ntase Mejor\u201d"}]},{"@type":"WebSite","@id":"https:\/\/www.quebakan.com\/v15\/#website","url":"https:\/\/www.quebakan.com\/v15\/","name":"QUEBAKAN","description":"..","publisher":{"@id":"https:\/\/www.quebakan.com\/v15\/#organization"},"potentialAction":[{"@type":"SearchAction","target":{"@type":"EntryPoint","urlTemplate":"https:\/\/www.quebakan.com\/v15\/?s={search_term_string}"},"query-input":{"@type":"PropertyValueSpecification","valueRequired":true,"valueName":"search_term_string"}}],"inLanguage":"es"},{"@type":"Organization","@id":"https:\/\/www.quebakan.com\/v15\/#organization","name":"Quebakan.com","url":"https:\/\/www.quebakan.com\/v15\/","logo":{"@type":"ImageObject","inLanguage":"es","@id":"https:\/\/www.quebakan.com\/v15\/#\/schema\/logo\/image\/","url":"https:\/\/www.quebakan.com\/v15\/wp-content\/uploads\/2023\/07\/logoquebakanenero2021.jpg","contentUrl":"https:\/\/www.quebakan.com\/v15\/wp-content\/uploads\/2023\/07\/logoquebakanenero2021.jpg","width":1920,"height":1080,"caption":"Quebakan.com"},"image":{"@id":"https:\/\/www.quebakan.com\/v15\/#\/schema\/logo\/image\/"},"sameAs":["http:\/\/www.facebook.com\/quebakan","https:\/\/x.com\/quebakanec","http:\/\/www.instagram.com\/quebakan","http:\/\/www.youtube.com\/quebakan1"]},{"@type":"Person","@id":"https:\/\/www.quebakan.com\/v15\/#\/schema\/person\/d90fa9f9cfa81eb8ace9811e5b7b9118","name":"Erick Villafuerte","image":{"@type":"ImageObject","inLanguage":"es","@id":"https:\/\/www.quebakan.com\/v15\/wp-content\/uploads\/avatars\/4\/1731297654-bpfull.png","url":"https:\/\/www.quebakan.com\/v15\/wp-content\/uploads\/avatars\/4\/1731297654-bpfull.png","contentUrl":"https:\/\/www.quebakan.com\/v15\/wp-content\/uploads\/avatars\/4\/1731297654-bpfull.png","caption":"Erick Villafuerte"}}]}},"_links":{"self":[{"href":"https:\/\/www.quebakan.com\/v15\/wp-json\/wp\/v2\/posts\/139470","targetHints":{"allow":["GET"]}}],"collection":[{"href":"https:\/\/www.quebakan.com\/v15\/wp-json\/wp\/v2\/posts"}],"about":[{"href":"https:\/\/www.quebakan.com\/v15\/wp-json\/wp\/v2\/types\/post"}],"author":[{"embeddable":true,"href":"https:\/\/www.quebakan.com\/v15\/wp-json\/wp\/v2\/users\/4"}],"replies":[{"embeddable":true,"href":"https:\/\/www.quebakan.com\/v15\/wp-json\/wp\/v2\/comments?post=139470"}],"version-history":[{"count":1,"href":"https:\/\/www.quebakan.com\/v15\/wp-json\/wp\/v2\/posts\/139470\/revisions"}],"predecessor-version":[{"id":139472,"href":"https:\/\/www.quebakan.com\/v15\/wp-json\/wp\/v2\/posts\/139470\/revisions\/139472"}],"wp:featuredmedia":[{"embeddable":true,"href":"https:\/\/www.quebakan.com\/v15\/wp-json\/wp\/v2\/media\/139471"}],"wp:attachment":[{"href":"https:\/\/www.quebakan.com\/v15\/wp-json\/wp\/v2\/media?parent=139470"}],"wp:term":[{"taxonomy":"category","embeddable":true,"href":"https:\/\/www.quebakan.com\/v15\/wp-json\/wp\/v2\/categories?post=139470"},{"taxonomy":"post_tag","embeddable":true,"href":"https:\/\/www.quebakan.com\/v15\/wp-json\/wp\/v2\/tags?post=139470"}],"curies":[{"name":"wp","href":"https:\/\/api.w.org\/{rel}","templated":true}]}}